{"id":3879,"date":"2019-06-06T08:00:26","date_gmt":"2019-06-06T07:00:26","guid":{"rendered":"https:\/\/www.welovecycling.com\/hu\/?p=3879"},"modified":"2019-06-05T10:28:50","modified_gmt":"2019-06-05T09:28:50","slug":"miert-ajanlatos-ellenorizni-a-bringad-mielott-elindulsz","status":"publish","type":"post","link":"https:\/\/www.welovecycling.com\/hu\/biztonsag\/miert-ajanlatos-ellenorizni-a-bringad-mielott-elindulsz\/","title":{"rendered":"Mi\u00e9rt aj\u00e1nlatos ellen\u0151rizni a bring\u00e1d miel\u0151tt elindulsz?"},"content":{"rendered":"<p><strong>Nem felt\u00e9tlen\u00fcl igaz, hogy ha nem ellen\u0151rz\u00f6d indul\u00e1s el\u0151tt a ker\u00e9kp\u00e1rt, akkor a k\u00f6vetkezm\u00e9ny egy borzalmas katasztr\u00f3fa lesz a k\u00f6vetkez\u0151 sarkon. Ugyanakkor fokozottan aj\u00e1nljuk, hogy r\u00f6viden n\u00e9zd \u00e1t az al\u00e1bbi n\u00e9h\u00e1ny dolgot. Melyek ezek a fontos r\u00e9szek, \u00e9s mi t\u00f6rt\u00e9nhet, ha elhanyagolod \u0151ket?<\/strong><\/p>\n<p><!--more--><\/p>\n<h2><strong>F\u00e9kek <\/strong><\/h2>\n<p>Nem kell, hogy szerel\u0151 l\u00e9gy a Vil\u00e1gkup\u00e1n ahhoz, hogy tudd, egy elromlott f\u00e9k nem olyasmi, amit f\u00e9lv\u00e1llr\u00f3l lehet venni. Hidraulikus f\u00e9kekkel megt\u00f6rt\u00e9nhet, hogy a f\u00e9kcs\u0151be l\u00e9gbubor\u00e9k ker\u00fcl, ami kilaz\u00edthatja a f\u00e9kcs\u00f6veket, ezzel g\u00e1tolja a m\u0171k\u00f6d\u00e9s\u00fcket. Egy ilyen hiba jelent\u0151sen n\u00f6velheti a f\u00e9kt\u00e1vot. A l\u00e9gbubor\u00e9k \u00e1ltal\u00e1ban akkor ker\u00fcl a f\u00e9kcs\u0151be, amikor a ker\u00e9kp\u00e1rt fejjel lefel\u00e9 ford\u00edtjuk, ez\u00e9rt ha teheted, ezt ker\u00fcld, m\u00e9g karbantart\u00e1s vagy sz\u00e1ll\u00edt\u00e1s idej\u00e9n is. Ne felejtsd minden indul\u00e1s el\u0151tt \u00e1tn\u00e9zni a f\u00e9keket!<\/p>\n<p><a href=\"https:\/\/d2p6e6u75xmxt8.cloudfront.net\/12\/2019\/06\/brakes.jpg\"><img loading=\"lazy\" decoding=\"async\" class=\"wp-image-3880 size-full\" src=\"https:\/\/d2p6e6u75xmxt8.cloudfront.net\/12\/2019\/06\/brakes.jpg\" alt=\"\" width=\"1377\" height=\"918\" srcset=\"https:\/\/d2p6e6u75xmxt8.cloudfront.net\/12\/2019\/06\/brakes.jpg 1377w, https:\/\/d2p6e6u75xmxt8.cloudfront.net\/12\/2019\/06\/brakes-300x200.jpg 300w, https:\/\/d2p6e6u75xmxt8.cloudfront.net\/12\/2019\/06\/brakes-768x512.jpg 768w, https:\/\/d2p6e6u75xmxt8.cloudfront.net\/12\/2019\/06\/brakes-1024x683.jpg 1024w, https:\/\/d2p6e6u75xmxt8.cloudfront.net\/12\/2019\/06\/brakes-272x182.jpg 272w\" sizes=\"auto, (max-width: 1377px) 100vw, 1377px\" \/><\/a><\/p>\n<h2><strong>L\u00e1mp\u00e1k <\/strong><\/h2>\n<p>Szerencs\u00e9re ma m\u00e1r nem kell minden alkalommal \u00faj elemet v\u00e1s\u00e1rolni, ha ki\u00e9g a ker\u00e9kp\u00e1runkon egy l\u00e1mpa. \u00c1ltal\u00e1ban csak csatlakoztatjuk az USB k\u00e1belt \u00e9s hagyjuk, hadd tegye a dolg\u00e1t a h\u00e1l\u00f3zat. Ugyanakkor az \u00fajrat\u00f6lthet\u0151 elemek kapacit\u00e1sa tov\u00e1bbra is v\u00e9ges, \u00edgy minden haszn\u00e1lat ut\u00e1n \u00fajra kell t\u00f6lteni a l\u00e1mp\u00e1kat. Ezt soha ne feledd, ugyanis leggyakrabban a megfelel\u0151 vil\u00e1g\u00edt\u00e1s hi\u00e1nya vezet a s\u00falyos balesetekhez.<\/p>\n<h2><strong>Gyors-z\u00e1ras bilincsek <\/strong><\/h2>\n<p>A gyors-z\u00e1ras bilincsek k\u00f6nnyen nyithat\u00f3k, lehet\u0151v\u00e9 t\u00e9ve a ker\u00e9kp\u00e1r egyszer\u0171 be\u00e1ll\u00edt\u00e1s\u00e1t. Am\u00edg a nyereg \u00e1ll\u00edt\u00e1s\u00e1\u00e9rt felel\u0151s bilincs kilazul\u00e1sa nem okoz gondot egy ker\u00e9kp\u00e1rt\u00far\u00e1n, addig a kilazult kerekek miatt k\u00f6nnyen ker\u00fclhetsz k\u00f3rh\u00e1zba. Fontos, hogy \u00e1tn\u00e9zd a bilincseket, f\u0151leg azut\u00e1n, hogy a ker\u00e9kp\u00e1rt leszerelt kerekekkel sz\u00e1ll\u00edtottad.<\/p>\n<p><a href=\"https:\/\/d2p6e6u75xmxt8.cloudfront.net\/12\/2019\/06\/quick_release.jpg\"><img loading=\"lazy\" decoding=\"async\" class=\"wp-image-3881 size-full\" src=\"https:\/\/d2p6e6u75xmxt8.cloudfront.net\/12\/2019\/06\/quick_release.jpg\" alt=\"\" width=\"1377\" height=\"918\" srcset=\"https:\/\/d2p6e6u75xmxt8.cloudfront.net\/12\/2019\/06\/quick_release.jpg 1377w, https:\/\/d2p6e6u75xmxt8.cloudfront.net\/12\/2019\/06\/quick_release-300x200.jpg 300w, https:\/\/d2p6e6u75xmxt8.cloudfront.net\/12\/2019\/06\/quick_release-768x512.jpg 768w, https:\/\/d2p6e6u75xmxt8.cloudfront.net\/12\/2019\/06\/quick_release-1024x683.jpg 1024w, https:\/\/d2p6e6u75xmxt8.cloudfront.net\/12\/2019\/06\/quick_release-272x182.jpg 272w\" sizes=\"auto, (max-width: 1377px) 100vw, 1377px\" \/><\/a><\/p>\n<h2><strong>Sisak <\/strong><\/h2>\n<p>Bizonyosodj meg arr\u00f3l, hogy nincsenek kor\u00e1bbi balesetek sor\u00e1n keletkezett reped\u00e9sek a sisakbor\u00edt\u00e1son, k\u00fcl\u00f6n\u00f6sen b\u00e9relt vagy k\u00f6lcs\u00f6nk\u00e9rt sisak eset\u00e9ben. Ha m\u00e1r egyszer k\u00e1rosodott, nem b\u00edr ki m\u00e9g egy \u00fctk\u00f6z\u00e9st, ez\u00e9rt nem ny\u00fajt megfelel\u0151 v\u00e9delmet egy \u00fajabb es\u00e9sn\u00e9l.<\/p>\n<h2><strong>Ker\u00e9knyom\u00e1s <\/strong><\/h2>\n<p>Az enyh\u00e9n leeresztett kerekek k\u00f6nnyebben lesznek defektesek, a t\u00falf\u00fajtak pedig jobban cs\u00fasznak vizes fel\u00fcleten. Annak \u00e9rdek\u00e9ben, hogy mindk\u00e9t probl\u00e9m\u00e1t elker\u00fcld, a kerekeket a sz\u00e9l\u00fck\u00f6n mutatott \u00e9rt\u00e9kek (vagy az \u00e1ltalad megszokott \u00e9rt\u00e9k) alapj\u00e1n pump\u00e1ld fel. Tipikusan a gyakran ker\u00e9kp\u00e1roz\u00f3k sz\u00e1m\u00e1ra elegend\u0151, ha megnyomogatj\u00e1k a kerekeket, m\u00edg egy kezd\u0151nek nincs m\u00e1s v\u00e1laszt\u00e1sa, mint, hogy a pumpa manom\u00e9ter\u00e9re t\u00e1maszkodjon.<\/p>\n<p><a href=\"https:\/\/d2p6e6u75xmxt8.cloudfront.net\/12\/2019\/06\/tire_pressure.jpg\"><img loading=\"lazy\" decoding=\"async\" class=\"wp-image-3882 size-full\" src=\"https:\/\/d2p6e6u75xmxt8.cloudfront.net\/12\/2019\/06\/tire_pressure.jpg\" alt=\"\" width=\"1377\" height=\"918\" srcset=\"https:\/\/d2p6e6u75xmxt8.cloudfront.net\/12\/2019\/06\/tire_pressure.jpg 1377w, https:\/\/d2p6e6u75xmxt8.cloudfront.net\/12\/2019\/06\/tire_pressure-300x200.jpg 300w, https:\/\/d2p6e6u75xmxt8.cloudfront.net\/12\/2019\/06\/tire_pressure-768x512.jpg 768w, https:\/\/d2p6e6u75xmxt8.cloudfront.net\/12\/2019\/06\/tire_pressure-1024x683.jpg 1024w, https:\/\/d2p6e6u75xmxt8.cloudfront.net\/12\/2019\/06\/tire_pressure-272x182.jpg 272w\" sizes=\"auto, (max-width: 1377px) 100vw, 1377px\" \/><\/a><\/p>\n<h2><strong>Korm\u00e1nycsap\u00e1gy <\/strong><\/h2>\n<p>Javasoljuk a korm\u00e1nycsap\u00e1gy tesztel\u00e9s\u00e9t is a korm\u00e1nyra gyakorolt nyom\u00e1ssal, mik\u00f6zben beh\u00fazzuk az els\u0151 f\u00e9ket, hogy az els\u0151 ker\u00e9k ne mozogjon. Egy kilazult korm\u00e1nycsap\u00e1gy nem vezet felt\u00e9tlen\u00fcl balesethez, de az alkatr\u00e9sz hamar elhaszn\u00e1l\u00f3dik, \u00e9s sz\u00fcks\u00e9gess\u00e9 v\u00e1lik a cser\u00e9je.<\/p>\n<h2><strong>K\u00f6z\u00e9pcsap\u00e1gy <\/strong><\/h2>\n<p>Ez az alkatr\u00e9sz gyakori forr\u00e1sa a furcsa hangoknak, amelyek \u0151r\u00fcletbe kergethetnek egy-egy hosszabb \u00fat sor\u00e1n. Ugyanakkor ez a legrosszabb r\u00e9sz egy defekt eset\u00e9n. Mivel egy k\u00fcl\u00f6nleges kulcsra van sz\u00fcks\u00e9g a k\u00f6z\u00e9pcsap\u00e1gy be\u00e1ll\u00edt\u00e1s\u00e1hoz, b\u00e1rmilyen csikorg\u00e1s-nyikorg\u00e1s eset\u00e9n a legk\u00f6zelebbi ker\u00e9kp\u00e1ros szervizhez kell, hogy fordulj.<\/p>\n<p><a href=\"https:\/\/d2p6e6u75xmxt8.cloudfront.net\/12\/2019\/06\/bottom_bracket.jpg\"><img loading=\"lazy\" decoding=\"async\" class=\"wp-image-3883 size-full\" src=\"https:\/\/d2p6e6u75xmxt8.cloudfront.net\/12\/2019\/06\/bottom_bracket.jpg\" alt=\"\" width=\"1377\" height=\"918\" srcset=\"https:\/\/d2p6e6u75xmxt8.cloudfront.net\/12\/2019\/06\/bottom_bracket.jpg 1377w, https:\/\/d2p6e6u75xmxt8.cloudfront.net\/12\/2019\/06\/bottom_bracket-300x200.jpg 300w, https:\/\/d2p6e6u75xmxt8.cloudfront.net\/12\/2019\/06\/bottom_bracket-768x512.jpg 768w, https:\/\/d2p6e6u75xmxt8.cloudfront.net\/12\/2019\/06\/bottom_bracket-1024x683.jpg 1024w, https:\/\/d2p6e6u75xmxt8.cloudfront.net\/12\/2019\/06\/bottom_bracket-272x182.jpg 272w\" sizes=\"auto, (max-width: 1377px) 100vw, 1377px\" \/><\/a><\/p>\n<h2><strong>L\u00e1nc <\/strong><\/h2>\n<p>A l\u00e1nc cser\u00e9j\u00e9re rendszeresen sz\u00fcks\u00e9g van, ez nem csup\u00e1n a megtett kilom\u00e9terek sz\u00e1m\u00e1t\u00f3l vagy a ker\u00e9kp\u00e1ros st\u00edlus\u00e1t\u00f3l f\u00fcgg. Az \u00e9lettartama egy\u00e9ni \u00e9s a min\u0151s\u00e9g szerint is v\u00e1ltozhat. A l\u00e1nc el is szakadhat, de ez\u00e9rt sem okolhat\u00f3 az \u00e9lettartam, vagy az elhanyagol\u00e1s &#8211; ink\u00e1bb egy rossz mozdulat er\u0151teljes ped\u00e1loz\u00e1skor.<\/p>\n<h2><strong>R\u00f6gz\u00edt\u0151 csavarok <\/strong><\/h2>\n<p>Alkalomadt\u00e1n a r\u00f6gz\u00edt\u0151 csavarok ellen\u0151rz\u00e9se is sz\u00fcks\u00e9ges, hogy megakad\u00e1lyozzuk a korm\u00e1ny kilazul\u00e1s\u00e1t. Vesz\u00e9lyes helyzet alakulhat ki, ha menet k\u00f6zben t\u00f6rik el a korm\u00e1ny. Egy ilyen hib\u00e1t \u00e1ltal\u00e1ban szabad szemmel l\u00e1thatatlan, mikroszkopikus reped\u00e9sek eredm\u00e9nyeznek. A legjobb megold\u00e1s, ha j\u00f3 min\u0151s\u00e9g\u0171 alkatr\u00e9szeket vesz\u00fcnk, \u00e9s elker\u00fclj\u00fck az olyan ker\u00e9kp\u00e1rok haszn\u00e1lat\u00e1t, amelyeket r\u00e1n\u00e9z\u00e9sre egy roncstelepr\u0151l szedtek \u00f6ssze.<\/p>\n","protected":false},"excerpt":{"rendered":"<p>Nem felt\u00e9tlen\u00fcl igaz, hogy ha nem ellen\u0151rz\u00f6d indul\u00e1s el\u0151tt a ker\u00e9kp\u00e1rt, akkor a k\u00f6vetkezm\u00e9ny egy borzalmas katasztr\u00f3fa lesz a k\u00f6vetkez\u0151 [&hellip;]<\/p>\n","protected":false},"author":71,"featured_media":3885,"comment_status":"open","ping_status":"open","sticky":false,"template":"","format":"standard","meta":{"footnotes":""},"categories":[10],"tags":[],"global-categories":[],"class_list":["post-3879","post","type-post","status-publish","format-standard","has-post-thumbnail","hentry","category-biztonsag"],"yoast_head":"<!-- This site is optimized with the Yoast SEO Premium plugin v25.3 (Yoast SEO v25.9) - https:\/\/yoast.com\/wordpress\/plugins\/seo\/ -->\n<title>Mi\u00e9rt aj\u00e1nlatos ellen\u0151rizni a bring\u00e1d miel\u0151tt elindulsz? - \u0160koda We Love Cycling - Magyarorsz\u00e1g<\/title>\n<meta name=\"robots\" content=\"index, follow, max-snippet:-1, max-image-preview:large, max-video-preview:-1\" \/>\n<link rel=\"canonical\" href=\"https:\/\/www.welovecycling.com\/hu\/biztonsag\/miert-ajanlatos-ellenorizni-a-bringad-mielott-elindulsz\/\" \/>\n<meta property=\"og:locale\" content=\"hu_HU\" \/>\n<meta property=\"og:type\" content=\"article\" \/>\n<meta property=\"og:title\" content=\"Mi\u00e9rt aj\u00e1nlatos ellen\u0151rizni a bring\u00e1d miel\u0151tt elindulsz?\" \/>\n<meta property=\"og:description\" content=\"Nem felt\u00e9tlen\u00fcl igaz, hogy ha nem ellen\u0151rz\u00f6d indul\u00e1s el\u0151tt a ker\u00e9kp\u00e1rt, akkor a k\u00f6vetkezm\u00e9ny egy borzalmas katasztr\u00f3fa lesz a k\u00f6vetkez\u0151 [&hellip;]\" \/>\n<meta property=\"og:url\" content=\"https:\/\/www.welovecycling.com\/hu\/biztonsag\/miert-ajanlatos-ellenorizni-a-bringad-mielott-elindulsz\/\" \/>\n<meta property=\"og:site_name\" content=\"\u0160koda We Love Cycling - Magyarorsz\u00e1g\" \/>\n<meta property=\"article:publisher\" content=\"https:\/\/www.facebook.com\/WeLoveCyclingHungary\/\" \/>\n<meta property=\"article:published_time\" content=\"2019-06-06T07:00:26+00:00\" \/>\n<meta property=\"og:image\" content=\"https:\/\/d2p6e6u75xmxt8.cloudfront.net\/12\/2019\/06\/Bike-Check-profimedia-0282405929-1.jpg\" \/>\n\t<meta property=\"og:image:width\" content=\"1366\" \/>\n\t<meta property=\"og:image:height\" content=\"600\" \/>\n\t<meta property=\"og:image:type\" content=\"image\/jpeg\" \/>\n<meta name=\"author\" content=\"hegyizs\" \/>\n<meta name=\"twitter:card\" content=\"summary_large_image\" \/>\n<meta name=\"twitter:label1\" content=\"Written by\" \/>\n\t<meta name=\"twitter:data1\" content=\"Adam Marsal\" \/>\n\t<meta name=\"twitter:label2\" content=\"Est. reading time\" \/>\n\t<meta name=\"twitter:data2\" content=\"5\" \/>\n<script type=\"application\/ld+json\" class=\"yoast-schema-graph\">{\"@context\":\"https:\/\/schema.org\",\"@graph\":[{\"@type\":\"WebPage\",\"@id\":\"https:\/\/www.welovecycling.com\/hu\/biztonsag\/miert-ajanlatos-ellenorizni-a-bringad-mielott-elindulsz\/\",\"url\":\"https:\/\/www.welovecycling.com\/hu\/biztonsag\/miert-ajanlatos-ellenorizni-a-bringad-mielott-elindulsz\/\",\"name\":\"Mi\u00e9rt aj\u00e1nlatos ellen\u0151rizni a bring\u00e1d miel\u0151tt elindulsz? - \u0160koda We Love Cycling - Magyarorsz\u00e1g\",\"isPartOf\":{\"@id\":\"https:\/\/www.welovecycling.com\/hu\/#website\"},\"primaryImageOfPage\":{\"@id\":\"https:\/\/www.welovecycling.com\/hu\/biztonsag\/miert-ajanlatos-ellenorizni-a-bringad-mielott-elindulsz\/#primaryimage\"},\"image\":{\"@id\":\"https:\/\/www.welovecycling.com\/hu\/biztonsag\/miert-ajanlatos-ellenorizni-a-bringad-mielott-elindulsz\/#primaryimage\"},\"thumbnailUrl\":\"https:\/\/d2p6e6u75xmxt8.cloudfront.net\/12\/2019\/06\/Bike-Check-profimedia-0282405929-1.jpg\",\"datePublished\":\"2019-06-06T07:00:26+00:00\",\"author\":{\"@id\":\"https:\/\/www.welovecycling.com\/hu\/#\/schema\/person\/414a2aebf1801691a5320edb6468e194\"},\"breadcrumb\":{\"@id\":\"https:\/\/www.welovecycling.com\/hu\/biztonsag\/miert-ajanlatos-ellenorizni-a-bringad-mielott-elindulsz\/#breadcrumb\"},\"inLanguage\":\"hu\",\"potentialAction\":[{\"@type\":\"ReadAction\",\"target\":[\"https:\/\/www.welovecycling.com\/hu\/biztonsag\/miert-ajanlatos-ellenorizni-a-bringad-mielott-elindulsz\/\"]}]},{\"@type\":\"ImageObject\",\"inLanguage\":\"hu\",\"@id\":\"https:\/\/www.welovecycling.com\/hu\/biztonsag\/miert-ajanlatos-ellenorizni-a-bringad-mielott-elindulsz\/#primaryimage\",\"url\":\"https:\/\/d2p6e6u75xmxt8.cloudfront.net\/12\/2019\/06\/Bike-Check-profimedia-0282405929-1.jpg\",\"contentUrl\":\"https:\/\/d2p6e6u75xmxt8.cloudfront.net\/12\/2019\/06\/Bike-Check-profimedia-0282405929-1.jpg\",\"width\":1366,\"height\":600},{\"@type\":\"BreadcrumbList\",\"@id\":\"https:\/\/www.welovecycling.com\/hu\/biztonsag\/miert-ajanlatos-ellenorizni-a-bringad-mielott-elindulsz\/#breadcrumb\",\"itemListElement\":[{\"@type\":\"ListItem\",\"position\":1,\"name\":\"Home\",\"item\":\"https:\/\/www.welovecycling.com\/hu\/\"},{\"@type\":\"ListItem\",\"position\":2,\"name\":\"Mi\u00e9rt aj\u00e1nlatos ellen\u0151rizni a bring\u00e1d miel\u0151tt elindulsz?\"}]},{\"@type\":\"WebSite\",\"@id\":\"https:\/\/www.welovecycling.com\/hu\/#website\",\"url\":\"https:\/\/www.welovecycling.com\/hu\/\",\"name\":\"\u0160koda We Love Cycling - Magyarorsz\u00e1g\",\"description\":\"\u0160koda WeLoveCycling\",\"potentialAction\":[{\"@type\":\"SearchAction\",\"target\":{\"@type\":\"EntryPoint\",\"urlTemplate\":\"https:\/\/www.welovecycling.com\/hu\/?s={search_term_string}\"},\"query-input\":{\"@type\":\"PropertyValueSpecification\",\"valueRequired\":true,\"valueName\":\"search_term_string\"}}],\"inLanguage\":\"hu\"},{\"@type\":\"Person\",\"@id\":\"https:\/\/www.welovecycling.com\/hu\/#\/schema\/person\/414a2aebf1801691a5320edb6468e194\",\"name\":\"hegyizs\",\"image\":{\"@type\":\"ImageObject\",\"inLanguage\":\"hu\",\"@id\":\"https:\/\/www.welovecycling.com\/hu\/#\/schema\/person\/image\/\",\"url\":\"https:\/\/secure.gravatar.com\/avatar\/02cf8a7906b8cf90cecb4679defac7cfd33a1c2e3b88e4903d947f3bb58eedd3?s=96&d=mm&r=g\",\"contentUrl\":\"https:\/\/secure.gravatar.com\/avatar\/02cf8a7906b8cf90cecb4679defac7cfd33a1c2e3b88e4903d947f3bb58eedd3?s=96&d=mm&r=g\",\"caption\":\"hegyizs\"},\"url\":\"https:\/\/www.welovecycling.com\/hu\/author\/hegyizs\/\"}]}<\/script>\n<!-- \/ Yoast SEO Premium plugin. -->","yoast_head_json":{"title":"Mi\u00e9rt aj\u00e1nlatos ellen\u0151rizni a bring\u00e1d miel\u0151tt elindulsz? - \u0160koda We Love Cycling - Magyarorsz\u00e1g","robots":{"index":"index","follow":"follow","max-snippet":"max-snippet:-1","max-image-preview":"max-image-preview:large","max-video-preview":"max-video-preview:-1"},"canonical":"https:\/\/www.welovecycling.com\/hu\/biztonsag\/miert-ajanlatos-ellenorizni-a-bringad-mielott-elindulsz\/","og_locale":"hu_HU","og_type":"article","og_title":"Mi\u00e9rt aj\u00e1nlatos ellen\u0151rizni a bring\u00e1d miel\u0151tt elindulsz?","og_description":"Nem felt\u00e9tlen\u00fcl igaz, hogy ha nem ellen\u0151rz\u00f6d indul\u00e1s el\u0151tt a ker\u00e9kp\u00e1rt, akkor a k\u00f6vetkezm\u00e9ny egy borzalmas katasztr\u00f3fa lesz a k\u00f6vetkez\u0151 [&hellip;]","og_url":"https:\/\/www.welovecycling.com\/hu\/biztonsag\/miert-ajanlatos-ellenorizni-a-bringad-mielott-elindulsz\/","og_site_name":"\u0160koda We Love Cycling - Magyarorsz\u00e1g","article_publisher":"https:\/\/www.facebook.com\/WeLoveCyclingHungary\/","article_published_time":"2019-06-06T07:00:26+00:00","og_image":[{"width":1366,"height":600,"url":"https:\/\/d2p6e6u75xmxt8.cloudfront.net\/12\/2019\/06\/Bike-Check-profimedia-0282405929-1.jpg","type":"image\/jpeg"}],"author":"hegyizs","twitter_card":"summary_large_image","twitter_misc":{"Written by":"Adam Marsal","Est. reading time":"5"},"schema":{"@context":"https:\/\/schema.org","@graph":[{"@type":"WebPage","@id":"https:\/\/www.welovecycling.com\/hu\/biztonsag\/miert-ajanlatos-ellenorizni-a-bringad-mielott-elindulsz\/","url":"https:\/\/www.welovecycling.com\/hu\/biztonsag\/miert-ajanlatos-ellenorizni-a-bringad-mielott-elindulsz\/","name":"Mi\u00e9rt aj\u00e1nlatos ellen\u0151rizni a bring\u00e1d miel\u0151tt elindulsz? - \u0160koda We Love Cycling - Magyarorsz\u00e1g","isPartOf":{"@id":"https:\/\/www.welovecycling.com\/hu\/#website"},"primaryImageOfPage":{"@id":"https:\/\/www.welovecycling.com\/hu\/biztonsag\/miert-ajanlatos-ellenorizni-a-bringad-mielott-elindulsz\/#primaryimage"},"image":{"@id":"https:\/\/www.welovecycling.com\/hu\/biztonsag\/miert-ajanlatos-ellenorizni-a-bringad-mielott-elindulsz\/#primaryimage"},"thumbnailUrl":"https:\/\/d2p6e6u75xmxt8.cloudfront.net\/12\/2019\/06\/Bike-Check-profimedia-0282405929-1.jpg","datePublished":"2019-06-06T07:00:26+00:00","author":{"@id":"https:\/\/www.welovecycling.com\/hu\/#\/schema\/person\/414a2aebf1801691a5320edb6468e194"},"breadcrumb":{"@id":"https:\/\/www.welovecycling.com\/hu\/biztonsag\/miert-ajanlatos-ellenorizni-a-bringad-mielott-elindulsz\/#breadcrumb"},"inLanguage":"hu","potentialAction":[{"@type":"ReadAction","target":["https:\/\/www.welovecycling.com\/hu\/biztonsag\/miert-ajanlatos-ellenorizni-a-bringad-mielott-elindulsz\/"]}]},{"@type":"ImageObject","inLanguage":"hu","@id":"https:\/\/www.welovecycling.com\/hu\/biztonsag\/miert-ajanlatos-ellenorizni-a-bringad-mielott-elindulsz\/#primaryimage","url":"https:\/\/d2p6e6u75xmxt8.cloudfront.net\/12\/2019\/06\/Bike-Check-profimedia-0282405929-1.jpg","contentUrl":"https:\/\/d2p6e6u75xmxt8.cloudfront.net\/12\/2019\/06\/Bike-Check-profimedia-0282405929-1.jpg","width":1366,"height":600},{"@type":"BreadcrumbList","@id":"https:\/\/www.welovecycling.com\/hu\/biztonsag\/miert-ajanlatos-ellenorizni-a-bringad-mielott-elindulsz\/#breadcrumb","itemListElement":[{"@type":"ListItem","position":1,"name":"Home","item":"https:\/\/www.welovecycling.com\/hu\/"},{"@type":"ListItem","position":2,"name":"Mi\u00e9rt aj\u00e1nlatos ellen\u0151rizni a bring\u00e1d miel\u0151tt elindulsz?"}]},{"@type":"WebSite","@id":"https:\/\/www.welovecycling.com\/hu\/#website","url":"https:\/\/www.welovecycling.com\/hu\/","name":"\u0160koda We Love Cycling - Magyarorsz\u00e1g","description":"\u0160koda WeLoveCycling","potentialAction":[{"@type":"SearchAction","target":{"@type":"EntryPoint","urlTemplate":"https:\/\/www.welovecycling.com\/hu\/?s={search_term_string}"},"query-input":{"@type":"PropertyValueSpecification","valueRequired":true,"valueName":"search_term_string"}}],"inLanguage":"hu"},{"@type":"Person","@id":"https:\/\/www.welovecycling.com\/hu\/#\/schema\/person\/414a2aebf1801691a5320edb6468e194","name":"hegyizs","image":{"@type":"ImageObject","inLanguage":"hu","@id":"https:\/\/www.welovecycling.com\/hu\/#\/schema\/person\/image\/","url":"https:\/\/secure.gravatar.com\/avatar\/02cf8a7906b8cf90cecb4679defac7cfd33a1c2e3b88e4903d947f3bb58eedd3?s=96&d=mm&r=g","contentUrl":"https:\/\/secure.gravatar.com\/avatar\/02cf8a7906b8cf90cecb4679defac7cfd33a1c2e3b88e4903d947f3bb58eedd3?s=96&d=mm&r=g","caption":"hegyizs"},"url":"https:\/\/www.welovecycling.com\/hu\/author\/hegyizs\/"}]}},"_links":{"self":[{"href":"https:\/\/www.welovecycling.com\/hu\/wp-json\/wp\/v2\/posts\/3879","targetHints":{"allow":["GET"]}}],"collection":[{"href":"https:\/\/www.welovecycling.com\/hu\/wp-json\/wp\/v2\/posts"}],"about":[{"href":"https:\/\/www.welovecycling.com\/hu\/wp-json\/wp\/v2\/types\/post"}],"author":[{"embeddable":true,"href":"https:\/\/www.welovecycling.com\/hu\/wp-json\/wp\/v2\/users\/71"}],"replies":[{"embeddable":true,"href":"https:\/\/www.welovecycling.com\/hu\/wp-json\/wp\/v2\/comments?post=3879"}],"version-history":[{"count":2,"href":"https:\/\/www.welovecycling.com\/hu\/wp-json\/wp\/v2\/posts\/3879\/revisions"}],"predecessor-version":[{"id":3893,"href":"https:\/\/www.welovecycling.com\/hu\/wp-json\/wp\/v2\/posts\/3879\/revisions\/3893"}],"wp:featuredmedia":[{"embeddable":true,"href":"https:\/\/www.welovecycling.com\/hu\/wp-json\/wp\/v2\/media\/3885"}],"wp:attachment":[{"href":"https:\/\/www.welovecycling.com\/hu\/wp-json\/wp\/v2\/media?parent=3879"}],"wp:term":[{"taxonomy":"category","embeddable":true,"href":"https:\/\/www.welovecycling.com\/hu\/wp-json\/wp\/v2\/categories?post=3879"},{"taxonomy":"post_tag","embeddable":true,"href":"https:\/\/www.welovecycling.com\/hu\/wp-json\/wp\/v2\/tags?post=3879"},{"taxonomy":"global-categories","embeddable":true,"href":"https:\/\/www.welovecycling.com\/hu\/wp-json\/wp\/v2\/global-categories?post=3879"}],"curies":[{"name":"wp","href":"https:\/\/api.w.org\/{rel}","templated":true}]}}