{"id":3871,"date":"2019-06-05T08:00:22","date_gmt":"2019-06-05T07:00:22","guid":{"rendered":"https:\/\/www.welovecycling.com\/hu\/?p=3871"},"modified":"2019-06-04T16:29:57","modified_gmt":"2019-06-04T15:29:57","slug":"a-futarversenyt-ismered","status":"publish","type":"post","link":"https:\/\/www.welovecycling.com\/hu\/adrenalin\/a-futarversenyt-ismered\/","title":{"rendered":"A fut\u00e1rversenyt ismered?"},"content":{"rendered":"<p><strong>Biztos mindenki tal\u00e1lkozott m\u00e1r azzal a k\u00ednosan elcs\u00e9pelt Oravecz Coelh\u00f3val, hogy <em>V\u00e1lassz olyan munk\u00e1t, amit szeretsz, \u00e9s egy napot sem kell dolgoznod \u00e9letedben. <\/em>Miel\u0151tt az \u00f6njel\u00f6lt motiv\u00e1ci\u00f3s tr\u00e9nerek maguk\u00e9v\u00e1 tett\u00e9k a gondolatot, Konfuciusznak tulajdon\u00edtott\u00e1k. A k\u00ednai filoz\u00f3fus tan\u00edt\u00f3k\u00e9nt dolgozott, \u00e9s amikor nem a sz\u00e1m\u0171zet\u00e9se miatt v\u00e1ndorolt, v\u00e9lhet\u0151en \u00e9lvezte. <\/strong><!--more--><\/p>\n<p>Az eg\u00e9sz j\u00f3l mutatja, hogy valaki szereti a munk\u00e1j\u00e1t, ha a m\u0171szak v\u00e9g\u00e9n ott marad, \u00e9s versenyezni kezd a munkat\u00e1rsakkal. Biztos mindenki l\u00e1tott m\u00e1r fav\u00e1g\u00f3 versenyt, \u00e9s Magyarorsz\u00e1gon is rendeztek m\u00e1r sz\u00e1nt\u00f3 versenyt traktorokkal. A bring\u00e1s fut\u00e1rverseny tulajdonk\u00e9ppen adja mag\u00e1t, hiszen a fut\u00e1rok k\u00f6z\u00f6tt a gyorsas\u00e1g \u00e9s pontoss\u00e1g els\u0151dleges szempont, ezek pedig el\u00e9g j\u00f3l m\u00e9rhet\u0151ek. R\u00e1ad\u00e1sul el\u00e9g sok fut\u00e1r hagyom\u00e1nyos bringaversenyeken is indul, \u00edgy a versenyszellem is adott.<\/p>\n<p><img loading=\"lazy\" decoding=\"async\" class=\"alignnone wp-image-3874 size-full\" src=\"https:\/\/d2p6e6u75xmxt8.cloudfront.net\/12\/2019\/06\/alley2.jpg\" alt=\"\" width=\"500\" height=\"331\" srcset=\"https:\/\/d2p6e6u75xmxt8.cloudfront.net\/12\/2019\/06\/alley2.jpg 500w, https:\/\/d2p6e6u75xmxt8.cloudfront.net\/12\/2019\/06\/alley2-300x199.jpg 300w\" sizes=\"auto, (max-width: 500px) 100vw, 500px\" \/><\/p>\n<p>Az els\u0151 futamot 1989-ben Toront\u00f3ban rendezt\u00e9k meg <em>alleycat<\/em> n\u00e9ven, \u00e9s az\u00f3ta a fut\u00e1rversenyek hagyom\u00e1nyosan ezen a n\u00e9ven futnak. Magjuk a k\u00f6z\u00f6ss\u00e9g, amelyet az adott v\u00e1ros fut\u00e1rai alkotnak, \u00e9s t\u00f6bbnyire egy\u00e1ltal\u00e1n nem szab\u00e1lyozott keretek k\u00f6z\u00f6tt zajlanak: nincsenek k\u00f6t\u00f6tt versenysz\u00e1mok, sem k\u0151bev\u00e9sett szab\u00e1lyok, ah\u00e1ny szervez\u0151, annyi elk\u00e9pzel\u00e9s. A buli-faktor igaz\u00e1n fontos, ahogy sokszor hangs\u00falyozz\u00e1k azt is, hogy itt ink\u00e1bb a r\u00e9szv\u00e9tel a l\u00e9nyeg, p\u00e9ld\u00e1ul gyakran osztanak d\u00edjat az utols\u00f3 befut\u00f3nak.<\/p>\n<p><img loading=\"lazy\" decoding=\"async\" class=\"alignleft size-full wp-image-3872\" src=\"https:\/\/d2p6e6u75xmxt8.cloudfront.net\/12\/2019\/06\/allley3.jpg\" alt=\"\" width=\"1200\" height=\"900\" srcset=\"https:\/\/d2p6e6u75xmxt8.cloudfront.net\/12\/2019\/06\/allley3.jpg 1200w, https:\/\/d2p6e6u75xmxt8.cloudfront.net\/12\/2019\/06\/allley3-300x225.jpg 300w, https:\/\/d2p6e6u75xmxt8.cloudfront.net\/12\/2019\/06\/allley3-768x576.jpg 768w, https:\/\/d2p6e6u75xmxt8.cloudfront.net\/12\/2019\/06\/allley3-1024x768.jpg 1024w\" sizes=\"auto, (max-width: 1200px) 100vw, 1200px\" \/><\/p>\n<p>&nbsp;<\/p>\n<p>&nbsp;<\/p>\n<p>K\u00f6rvonalak persze l\u00e9teznek, az ellen\u0151rz\u0151pontokon \u00e1thalad\u00f3 verseny p\u00e9ld\u00e1ul k\u00f6zel \u00e1ll ahhoz, amit a fut\u00e1r eg\u00e9sz nap csin\u00e1l: a rajtn\u00e1l megadj\u00e1k az els\u0151 ellen\u0151rz\u0151pont hely\u00e9t, \u00e9s a versenyz\u0151 csak akkor kapja meg a k\u00f6vetkez\u0151 c\u00e9lpontot, ha oda\u00e9rt. A kond\u00edci\u00f3n t\u00fal a v\u00e1ros ismerete a legfontosabb, hiszen a k\u00e9t pont k\u00f6zti leggyorsabb utat a bring\u00e1snak kell tudnia. Az ilyen futamokon el\u0151fordul az is, hogy a versenyz\u0151knek az ellen\u0151rz\u0151ponton valamilyen feladatot kell teljes\u00edtenie, ami valamilyen bring\u00e1s tr\u00fckkt\u0151l kezdve egy feles felhajt\u00e1s\u00e1ig b\u00e1rmi lehet.<\/p>\n<p>Olyan v\u00e1ltozat is ismert, ahol a megadj\u00e1k az ellen\u0151rz\u0151pontok hely\u00e9t, de csak n\u00e9h\u00e1ny perccel a futam el\u0151tt. \u00cdgy a versenyz\u0151knek van valamennyi ideje kigondolni a legjobb \u00fatvonalat. Gyakori m\u00e9g olyan v\u00e1ltozat is, ahol a pontokat kell gy\u0171jteni, adott \u00e1llom\u00e1s \u00e9rint\u00e9se el\u0151re megadott pontokat \u00e9r. Nyilv\u00e1n itt is a helyismeret d\u00f6nt, hiszen ez alapj\u00e1n lehet eld\u00f6nteni, melyik pontokat \u00e9rintve j\u00f6n \u00f6ssze a legt\u00f6bb pont.<\/p>\n<p><img loading=\"lazy\" decoding=\"async\" class=\"alignleft size-full wp-image-3875\" src=\"https:\/\/d2p6e6u75xmxt8.cloudfront.net\/12\/2019\/06\/alley4.jpg\" alt=\"\" width=\"1200\" height=\"801\" srcset=\"https:\/\/d2p6e6u75xmxt8.cloudfront.net\/12\/2019\/06\/alley4.jpg 1200w, https:\/\/d2p6e6u75xmxt8.cloudfront.net\/12\/2019\/06\/alley4-300x200.jpg 300w, https:\/\/d2p6e6u75xmxt8.cloudfront.net\/12\/2019\/06\/alley4-768x513.jpg 768w, https:\/\/d2p6e6u75xmxt8.cloudfront.net\/12\/2019\/06\/alley4-1024x684.jpg 1024w, https:\/\/d2p6e6u75xmxt8.cloudfront.net\/12\/2019\/06\/alley4-272x182.jpg 272w\" sizes=\"auto, (max-width: 1200px) 100vw, 1200px\" \/><\/p>\n<p>A k\u00fcls\u0151 szeml\u00e9l\u0151d\u0151 csak annyit l\u00e1t, hogy sok bring\u00e1s gy\u00fclekezik egy parkban vagy t\u00e9ren. S\u00f6r\u00f6znek, sztorizgatnak, nevetnek, nem sok k\u00fcl\u00f6nb\u00f6zteti meg a verseny elej\u00e9t egy j\u00f3 hangulat\u00fa klubd\u00e9lut\u00e1nt\u00f3l. Azt\u00e1n befut az els\u0151 \u00e1llom\u00e1s neve, \u00e9s megindul a hajt\u00e1s. A d\u00edj lehet a versenyz\u0151k \u00e1ltal \u00f6sszedobott p\u00e9nz, vagy a k\u00f6vetkez\u0151 futam szervez\u00e9si joga, alapvet\u0151en a dics\u0151s\u00e9g a t\u00e9t. A 2000-es \u00e9vek \u00f3ta a fut\u00e1rversenyek egyre n\u00e9pszer\u0171bbek, kev\u00e9s olyan nagyv\u00e1ros l\u00e9tezik, ahol ne szerveztek volna ilyet. Az internettel az <em>alleycat kin\u0151tt <\/em>az undergroundb\u00f3l, m\u00e1r nem csak a fut\u00e1rok kiv\u00e1lts\u00e1ga, egyes futamokba tulajdonk\u00e9ppen b\u00e1rki besz\u00e1llhat, aki b\u00edrja kondival \u00e9s ismeri a v\u00e1rost.<\/p>\n<lite-youtube videoid=sOYimpAgMlM params=\"enablejsapi=1\" style=\"background-image: url('https:\/\/i.ytimg.com\/vi_webp\/sOYimpAgMlM\/maxresdefault.webp');\"><\/lite-youtube>\n<p>2001-ben Budapesten is szerveztek fut\u00e1r vil\u00e1gbajnoks\u00e1got, t\u00f6bb sz\u00e1zan \u00e1lltak rajthoz, m\u00e9g tengerent\u00fali bring\u00e1sok is \u00e9rkeztek. Hazai vonatkoz\u00e1s m\u00e9g az Alleycat.hu, amely a hazai fut\u00e1rversenyek egyik f\u0151 szervez\u00e9si csatorn\u00e1ja volt. Az oldalt a Ninja n\u00e9ven fut\u00f3 fut\u00e1r m\u0171k\u00f6dtette, \u00e9s alapvet\u0151en mindennel foglalkozott, ami a fut\u00e1rl\u00e9thez k\u00f6t\u0151d\u00f6tt. Ninja kreat\u00edv feladatokkal \u00edrta ki a versenyeket: p\u00e9ld\u00e1ul felt\u00f6lt\u00f6tt egy fot\u00f3t, \u00e9s meg kellett tal\u00e1lni, melyik telefonf\u00fclk\u00e9b\u0151l k\u00e9sz\u00fclt, az nyert, aki leghamarabb megadta a f\u00fclke sz\u00e1m\u00e1t. Kellett rejtett sz\u00e1msort kutatni a L\u00e1nch\u00eddon, de el\u0151fordult m\u00e1r k\u00e1rtyavad\u00e1szat is egy toronyh\u00e1z sokadik emelet\u00e9n.<\/p>\n<p>Ez j\u00f3l mutatja, milyen szerte\u00e1gaz\u00f3 \u00e9s kreat\u00edv m\u0171fajr\u00f3l van sz\u00f3. Az viszont biztos, hogy nem csak a helyismeretnek \u00e9s a kondinak tesz j\u00f3t egy ilyen buli, de a k\u00f6z\u00f6ss\u00e9gi \u00e9let is komoly hajt\u00f3er\u0151.<\/p>\n","protected":false},"excerpt":{"rendered":"<p>Biztos mindenki tal\u00e1lkozott m\u00e1r azzal a k\u00ednosan elcs\u00e9pelt Oravecz Coelh\u00f3val, hogy V\u00e1lassz olyan munk\u00e1t, amit szeretsz, \u00e9s egy napot sem [&hellip;]<\/p>\n","protected":false},"author":71,"featured_media":3873,"comment_status":"open","ping_status":"open","sticky":false,"template":"","format":"standard","meta":{"footnotes":""},"categories":[5],"tags":[391,365],"global-categories":[],"class_list":["post-3871","post","type-post","status-publish","format-standard","has-post-thumbnail","hentry","category-adrenalin","tag-alleycat","tag-biciklis-futar"],"yoast_head":"<!-- This site is optimized with the Yoast SEO Premium plugin v25.3 (Yoast SEO v25.9) - https:\/\/yoast.com\/wordpress\/plugins\/seo\/ -->\n<title>A fut\u00e1rversenyt ismered? - \u0160koda We Love Cycling - Magyarorsz\u00e1g<\/title>\n<meta name=\"robots\" content=\"index, follow, max-snippet:-1, max-image-preview:large, max-video-preview:-1\" \/>\n<link rel=\"canonical\" href=\"https:\/\/www.welovecycling.com\/hu\/adrenalin\/a-futarversenyt-ismered\/\" \/>\n<meta property=\"og:locale\" content=\"hu_HU\" \/>\n<meta property=\"og:type\" content=\"article\" \/>\n<meta property=\"og:title\" content=\"A fut\u00e1rversenyt ismered?\" \/>\n<meta property=\"og:description\" content=\"Biztos mindenki tal\u00e1lkozott m\u00e1r azzal a k\u00ednosan elcs\u00e9pelt Oravecz Coelh\u00f3val, hogy V\u00e1lassz olyan munk\u00e1t, amit szeretsz, \u00e9s egy napot sem [&hellip;]\" \/>\n<meta property=\"og:url\" content=\"https:\/\/www.welovecycling.com\/hu\/adrenalin\/a-futarversenyt-ismered\/\" \/>\n<meta property=\"og:site_name\" content=\"\u0160koda We Love Cycling - Magyarorsz\u00e1g\" \/>\n<meta property=\"article:publisher\" content=\"https:\/\/www.facebook.com\/WeLoveCyclingHungary\/\" \/>\n<meta property=\"article:published_time\" content=\"2019-06-05T07:00:22+00:00\" \/>\n<meta property=\"og:image\" content=\"https:\/\/d2p6e6u75xmxt8.cloudfront.net\/12\/2019\/06\/alley1.jpg\" \/>\n\t<meta property=\"og:image:width\" content=\"1200\" \/>\n\t<meta property=\"og:image:height\" content=\"801\" \/>\n\t<meta property=\"og:image:type\" content=\"image\/jpeg\" \/>\n<meta name=\"author\" content=\"hegyizs\" \/>\n<meta name=\"twitter:card\" content=\"summary_large_image\" \/>\n<meta name=\"twitter:label1\" content=\"Written by\" \/>\n\t<meta name=\"twitter:data1\" content=\"WLC\" \/>\n\t<meta name=\"twitter:label2\" content=\"Est. reading time\" \/>\n\t<meta name=\"twitter:data2\" content=\"4 minutes\" \/>\n<script type=\"application\/ld+json\" class=\"yoast-schema-graph\">{\"@context\":\"https:\/\/schema.org\",\"@graph\":[{\"@type\":\"WebPage\",\"@id\":\"https:\/\/www.welovecycling.com\/hu\/adrenalin\/a-futarversenyt-ismered\/\",\"url\":\"https:\/\/www.welovecycling.com\/hu\/adrenalin\/a-futarversenyt-ismered\/\",\"name\":\"A fut\u00e1rversenyt ismered? - \u0160koda We Love Cycling - Magyarorsz\u00e1g\",\"isPartOf\":{\"@id\":\"https:\/\/www.welovecycling.com\/hu\/#website\"},\"primaryImageOfPage\":{\"@id\":\"https:\/\/www.welovecycling.com\/hu\/adrenalin\/a-futarversenyt-ismered\/#primaryimage\"},\"image\":{\"@id\":\"https:\/\/www.welovecycling.com\/hu\/adrenalin\/a-futarversenyt-ismered\/#primaryimage\"},\"thumbnailUrl\":\"https:\/\/d2p6e6u75xmxt8.cloudfront.net\/12\/2019\/06\/alley1.jpg\",\"datePublished\":\"2019-06-05T07:00:22+00:00\",\"author\":{\"@id\":\"https:\/\/www.welovecycling.com\/hu\/#\/schema\/person\/414a2aebf1801691a5320edb6468e194\"},\"breadcrumb\":{\"@id\":\"https:\/\/www.welovecycling.com\/hu\/adrenalin\/a-futarversenyt-ismered\/#breadcrumb\"},\"inLanguage\":\"hu\",\"potentialAction\":[{\"@type\":\"ReadAction\",\"target\":[\"https:\/\/www.welovecycling.com\/hu\/adrenalin\/a-futarversenyt-ismered\/\"]}]},{\"@type\":\"ImageObject\",\"inLanguage\":\"hu\",\"@id\":\"https:\/\/www.welovecycling.com\/hu\/adrenalin\/a-futarversenyt-ismered\/#primaryimage\",\"url\":\"https:\/\/d2p6e6u75xmxt8.cloudfront.net\/12\/2019\/06\/alley1.jpg\",\"contentUrl\":\"https:\/\/d2p6e6u75xmxt8.cloudfront.net\/12\/2019\/06\/alley1.jpg\",\"width\":1200,\"height\":801},{\"@type\":\"BreadcrumbList\",\"@id\":\"https:\/\/www.welovecycling.com\/hu\/adrenalin\/a-futarversenyt-ismered\/#breadcrumb\",\"itemListElement\":[{\"@type\":\"ListItem\",\"position\":1,\"name\":\"Home\",\"item\":\"https:\/\/www.welovecycling.com\/hu\/\"},{\"@type\":\"ListItem\",\"position\":2,\"name\":\"A fut\u00e1rversenyt ismered?\"}]},{\"@type\":\"WebSite\",\"@id\":\"https:\/\/www.welovecycling.com\/hu\/#website\",\"url\":\"https:\/\/www.welovecycling.com\/hu\/\",\"name\":\"\u0160koda We Love Cycling - Magyarorsz\u00e1g\",\"description\":\"\u0160koda WeLoveCycling\",\"potentialAction\":[{\"@type\":\"SearchAction\",\"target\":{\"@type\":\"EntryPoint\",\"urlTemplate\":\"https:\/\/www.welovecycling.com\/hu\/?s={search_term_string}\"},\"query-input\":{\"@type\":\"PropertyValueSpecification\",\"valueRequired\":true,\"valueName\":\"search_term_string\"}}],\"inLanguage\":\"hu\"},{\"@type\":\"Person\",\"@id\":\"https:\/\/www.welovecycling.com\/hu\/#\/schema\/person\/414a2aebf1801691a5320edb6468e194\",\"name\":\"hegyizs\",\"image\":{\"@type\":\"ImageObject\",\"inLanguage\":\"hu\",\"@id\":\"https:\/\/www.welovecycling.com\/hu\/#\/schema\/person\/image\/\",\"url\":\"https:\/\/secure.gravatar.com\/avatar\/02cf8a7906b8cf90cecb4679defac7cfd33a1c2e3b88e4903d947f3bb58eedd3?s=96&d=mm&r=g\",\"contentUrl\":\"https:\/\/secure.gravatar.com\/avatar\/02cf8a7906b8cf90cecb4679defac7cfd33a1c2e3b88e4903d947f3bb58eedd3?s=96&d=mm&r=g\",\"caption\":\"hegyizs\"},\"url\":\"https:\/\/www.welovecycling.com\/hu\/author\/hegyizs\/\"}]}<\/script>\n<!-- \/ Yoast SEO Premium plugin. -->","yoast_head_json":{"title":"A fut\u00e1rversenyt ismered? - \u0160koda We Love Cycling - Magyarorsz\u00e1g","robots":{"index":"index","follow":"follow","max-snippet":"max-snippet:-1","max-image-preview":"max-image-preview:large","max-video-preview":"max-video-preview:-1"},"canonical":"https:\/\/www.welovecycling.com\/hu\/adrenalin\/a-futarversenyt-ismered\/","og_locale":"hu_HU","og_type":"article","og_title":"A fut\u00e1rversenyt ismered?","og_description":"Biztos mindenki tal\u00e1lkozott m\u00e1r azzal a k\u00ednosan elcs\u00e9pelt Oravecz Coelh\u00f3val, hogy V\u00e1lassz olyan munk\u00e1t, amit szeretsz, \u00e9s egy napot sem [&hellip;]","og_url":"https:\/\/www.welovecycling.com\/hu\/adrenalin\/a-futarversenyt-ismered\/","og_site_name":"\u0160koda We Love Cycling - Magyarorsz\u00e1g","article_publisher":"https:\/\/www.facebook.com\/WeLoveCyclingHungary\/","article_published_time":"2019-06-05T07:00:22+00:00","og_image":[{"width":1200,"height":801,"url":"https:\/\/d2p6e6u75xmxt8.cloudfront.net\/12\/2019\/06\/alley1.jpg","type":"image\/jpeg"}],"author":"hegyizs","twitter_card":"summary_large_image","twitter_misc":{"Written by":"WLC","Est. reading time":"4 minutes"},"schema":{"@context":"https:\/\/schema.org","@graph":[{"@type":"WebPage","@id":"https:\/\/www.welovecycling.com\/hu\/adrenalin\/a-futarversenyt-ismered\/","url":"https:\/\/www.welovecycling.com\/hu\/adrenalin\/a-futarversenyt-ismered\/","name":"A fut\u00e1rversenyt ismered? - \u0160koda We Love Cycling - Magyarorsz\u00e1g","isPartOf":{"@id":"https:\/\/www.welovecycling.com\/hu\/#website"},"primaryImageOfPage":{"@id":"https:\/\/www.welovecycling.com\/hu\/adrenalin\/a-futarversenyt-ismered\/#primaryimage"},"image":{"@id":"https:\/\/www.welovecycling.com\/hu\/adrenalin\/a-futarversenyt-ismered\/#primaryimage"},"thumbnailUrl":"https:\/\/d2p6e6u75xmxt8.cloudfront.net\/12\/2019\/06\/alley1.jpg","datePublished":"2019-06-05T07:00:22+00:00","author":{"@id":"https:\/\/www.welovecycling.com\/hu\/#\/schema\/person\/414a2aebf1801691a5320edb6468e194"},"breadcrumb":{"@id":"https:\/\/www.welovecycling.com\/hu\/adrenalin\/a-futarversenyt-ismered\/#breadcrumb"},"inLanguage":"hu","potentialAction":[{"@type":"ReadAction","target":["https:\/\/www.welovecycling.com\/hu\/adrenalin\/a-futarversenyt-ismered\/"]}]},{"@type":"ImageObject","inLanguage":"hu","@id":"https:\/\/www.welovecycling.com\/hu\/adrenalin\/a-futarversenyt-ismered\/#primaryimage","url":"https:\/\/d2p6e6u75xmxt8.cloudfront.net\/12\/2019\/06\/alley1.jpg","contentUrl":"https:\/\/d2p6e6u75xmxt8.cloudfront.net\/12\/2019\/06\/alley1.jpg","width":1200,"height":801},{"@type":"BreadcrumbList","@id":"https:\/\/www.welovecycling.com\/hu\/adrenalin\/a-futarversenyt-ismered\/#breadcrumb","itemListElement":[{"@type":"ListItem","position":1,"name":"Home","item":"https:\/\/www.welovecycling.com\/hu\/"},{"@type":"ListItem","position":2,"name":"A fut\u00e1rversenyt ismered?"}]},{"@type":"WebSite","@id":"https:\/\/www.welovecycling.com\/hu\/#website","url":"https:\/\/www.welovecycling.com\/hu\/","name":"\u0160koda We Love Cycling - Magyarorsz\u00e1g","description":"\u0160koda WeLoveCycling","potentialAction":[{"@type":"SearchAction","target":{"@type":"EntryPoint","urlTemplate":"https:\/\/www.welovecycling.com\/hu\/?s={search_term_string}"},"query-input":{"@type":"PropertyValueSpecification","valueRequired":true,"valueName":"search_term_string"}}],"inLanguage":"hu"},{"@type":"Person","@id":"https:\/\/www.welovecycling.com\/hu\/#\/schema\/person\/414a2aebf1801691a5320edb6468e194","name":"hegyizs","image":{"@type":"ImageObject","inLanguage":"hu","@id":"https:\/\/www.welovecycling.com\/hu\/#\/schema\/person\/image\/","url":"https:\/\/secure.gravatar.com\/avatar\/02cf8a7906b8cf90cecb4679defac7cfd33a1c2e3b88e4903d947f3bb58eedd3?s=96&d=mm&r=g","contentUrl":"https:\/\/secure.gravatar.com\/avatar\/02cf8a7906b8cf90cecb4679defac7cfd33a1c2e3b88e4903d947f3bb58eedd3?s=96&d=mm&r=g","caption":"hegyizs"},"url":"https:\/\/www.welovecycling.com\/hu\/author\/hegyizs\/"}]}},"_links":{"self":[{"href":"https:\/\/www.welovecycling.com\/hu\/wp-json\/wp\/v2\/posts\/3871","targetHints":{"allow":["GET"]}}],"collection":[{"href":"https:\/\/www.welovecycling.com\/hu\/wp-json\/wp\/v2\/posts"}],"about":[{"href":"https:\/\/www.welovecycling.com\/hu\/wp-json\/wp\/v2\/types\/post"}],"author":[{"embeddable":true,"href":"https:\/\/www.welovecycling.com\/hu\/wp-json\/wp\/v2\/users\/71"}],"replies":[{"embeddable":true,"href":"https:\/\/www.welovecycling.com\/hu\/wp-json\/wp\/v2\/comments?post=3871"}],"version-history":[{"count":1,"href":"https:\/\/www.welovecycling.com\/hu\/wp-json\/wp\/v2\/posts\/3871\/revisions"}],"predecessor-version":[{"id":3877,"href":"https:\/\/www.welovecycling.com\/hu\/wp-json\/wp\/v2\/posts\/3871\/revisions\/3877"}],"wp:featuredmedia":[{"embeddable":true,"href":"https:\/\/www.welovecycling.com\/hu\/wp-json\/wp\/v2\/media\/3873"}],"wp:attachment":[{"href":"https:\/\/www.welovecycling.com\/hu\/wp-json\/wp\/v2\/media?parent=3871"}],"wp:term":[{"taxonomy":"category","embeddable":true,"href":"https:\/\/www.welovecycling.com\/hu\/wp-json\/wp\/v2\/categories?post=3871"},{"taxonomy":"post_tag","embeddable":true,"href":"https:\/\/www.welovecycling.com\/hu\/wp-json\/wp\/v2\/tags?post=3871"},{"taxonomy":"global-categories","embeddable":true,"href":"https:\/\/www.welovecycling.com\/hu\/wp-json\/wp\/v2\/global-categories?post=3871"}],"curies":[{"name":"wp","href":"https:\/\/api.w.org\/{rel}","templated":true}]}}