{"id":3844,"date":"2019-06-03T08:00:53","date_gmt":"2019-06-03T07:00:53","guid":{"rendered":"https:\/\/www.welovecycling.com\/hu\/?p=3844"},"modified":"2019-06-03T10:09:28","modified_gmt":"2019-06-03T09:09:28","slug":"izzadtsag-kimerules-es-orom-osszefoglalo-a-2017-es-letape-du-tour-on-szerzett-tapasztalatokrol","status":"publish","type":"post","link":"https:\/\/www.welovecycling.com\/hu\/tour-de-france\/izzadtsag-kimerules-es-orom-osszefoglalo-a-2017-es-letape-du-tour-on-szerzett-tapasztalatokrol\/","title":{"rendered":"Izzadts\u00e1g, kimer\u00fcl\u00e9s \u00e9s \u00f6r\u00f6m: \u00f6sszefoglal\u00f3 a 2017-es L\u2019\u00e9tape du Tour-on szerzett tapasztalatokr\u00f3l"},"content":{"rendered":"<p><strong>A l\u2019\u00c9tape du Tour d\u00e1tuma vastagon pirossal van bekarik\u00e1zva minden lelkes ker\u00e9kp\u00e1ros napt\u00e1r\u00e1ban. Nem ez az egyetlen alkalom, amikor val\u00f3ban meg\u00edzlelheted, milyen b\u00e1n\u00e1sm\u00f3d j\u00e1r a profiknak a nagy versenyeken, de vitathatatlanul ez a legmes\u00e9sebb. A 7 l\u2019\u00e9tape gy\u0151ztesb\u0151l \u00e1ll\u00f3 csapat nem csup\u00e1n meger\u0151s\u00edteni tudja, hogy a 2017-es verseny sor\u00e1n val\u00f3ban kir\u00e1lyi b\u00e1n\u00e1sm\u00f3dban r\u00e9szes\u00fcltek, amelynek minden pillanat\u00e1t \u00e9lvezt\u00e9k, hanem leny\u0171g\u00f6z\u0151 eredm\u00e9nyekkel is t\u00e9rtek haza; t\u00f6bbek k\u00f6z\u00f6tt egyik\u00fck megszerezte az eg\u00e9sz n\u0151i mez\u0151nyb\u0151l a 9. helyet.<\/strong><\/p>\n<p><!--more--><\/p>\n<p>Tal\u00e1n mindig is figyelted, hogyan szenvednek a profik felfel\u00e9 a legend\u00e1s francia lejt\u0151k\u00f6n \u00e9s izzadnak metaforikus v\u00e9rt az id\u0151m\u00e9r\u0151 szakaszokon, mik\u00f6zben azon gondolkodt\u00e1l, vajon te eljutn\u00e1l-e a c\u00e9lig egy\u00e1ltal\u00e1n. Vagy egyszer\u0171en csak minden szer\u00e9nys\u00e9get n\u00e9lk\u00fcl\u00f6zve, elkezdted \u00f6sszem\u00e9rni a saj\u00e1t id\u0151det az \u00f6v\u00e9ikkel. A tavalyel\u0151tti megm\u00e9rettet\u00e9s r\u00e9sztvev\u0151i seg\u00edts\u00e9g\u00e9vel most m\u00e1sodk\u00e9zb\u0151l \u00e1t\u00e9lheted az \u00e9lm\u00e9nyt.<\/p>\n<p><a href=\"https:\/\/d2p6e6u75xmxt8.cloudfront.net\/12\/2019\/05\/IMG_0238.jpg\"><img loading=\"lazy\" decoding=\"async\" class=\"alignnone size-full wp-image-3847\" src=\"https:\/\/d2p6e6u75xmxt8.cloudfront.net\/12\/2019\/05\/IMG_0238.jpg\" alt=\"\" width=\"1000\" height=\"667\" srcset=\"https:\/\/d2p6e6u75xmxt8.cloudfront.net\/12\/2019\/05\/IMG_0238.jpg 1000w, https:\/\/d2p6e6u75xmxt8.cloudfront.net\/12\/2019\/05\/IMG_0238-300x200.jpg 300w, https:\/\/d2p6e6u75xmxt8.cloudfront.net\/12\/2019\/05\/IMG_0238-768x512.jpg 768w, https:\/\/d2p6e6u75xmxt8.cloudfront.net\/12\/2019\/05\/IMG_0238-272x182.jpg 272w\" sizes=\"auto, (max-width: 1000px) 100vw, 1000px\" \/><\/a><\/p>\n<p>A cseh paralimpiai ker\u00e9kp\u00e1ros legenda, Ji\u0159\u00ed Je\u017eek is csatlakozott a csapathoz, hogy tan\u00e1csad\u00f3k\u00e9nt \u00e9s els\u0151sorban vezet\u0151k\u00e9nt t\u00e1mogassa \u0151ket, mindannyiuk nagy \u00f6r\u00f6m\u00e9re.<\/p>\n<p>https:\/\/www.instagram.com\/p\/BWj-4qil-7o\/?taken-by=jirijezek74<\/p>\n<p>A hatszoros paralimpia gy\u0151ztes, aki egy\u00e9bk\u00e9nt a versenyben a 69. helyet szerezte meg, hossz\u00fa egy\u00fcttm\u0171k\u00f6d\u00e9st tudhat mag\u00e1\u00e9nak a \u0160koda-val, ebb\u0151l kifoly\u00f3lag pedig k\u00fcl\u00f6nleges aj\u00e1nd\u00e9kkal lept\u00e9k meg \u2013 egy vadi\u00faj \u0160koda KODIAQ-ot kapott k\u00f6lcs\u00f6nbe, amellyel \u0151 \u00e9s a feles\u00e9ge \u00e9s egyben menedzsere, Sonja, st\u00edlusosan utazhattak eg\u00e9szen Pr\u00e1g\u00e1b\u00f3l (a csapat n\u00e9h\u00e1ny felszerel\u00e9s\u00e9vel egyetemben).<\/p>\n<lite-youtube videoid=EJ78UPfYbYA params=\"enablejsapi=1\" style=\"background-image: url('https:\/\/i.ytimg.com\/vi_webp\/EJ78UPfYbYA\/maxresdefault.webp');\"><\/lite-youtube>\n<p>Amint azt m\u00e1r lehet, hogy tudj\u00e1tok, a l\u2019\u00c9tape versenyt ugyanott rendezt\u00e9k, ahol a Tour de France 18. \u00e1llom\u00e1s\u00e1t, \u00e9s ahogy azt m\u00e1r eml\u00edtett\u00fck, biztos\u00edtva volt minden extra, amelyet a profi ker\u00e9kp\u00e1rosok k\u00edv\u00e1nhatnak \u2013 k\u00eds\u00e9r\u0151 aut\u00f3k, friss\u00edt\u0151 \u00e1llom\u00e1sok, rend\u0151rs\u00e9g \u00e1ltal lez\u00e1rt utak \u00e9s m\u00e9g a vegyes \u00e9rzelmeket kiv\u00e1lt\u00f3, \u00e1m teljesen sz\u00fcks\u00e9gszer\u0171 broom wagon is, amely \u00f6sszeszedi azokat a versenyz\u0151ket, akiknek nem siker\u00fclt id\u0151re be\u00e9rni\u00fck.<\/p>\n<p><a href=\"https:\/\/d2p6e6u75xmxt8.cloudfront.net\/12\/2019\/05\/IMG_0058.jpg\"><img loading=\"lazy\" decoding=\"async\" class=\"alignnone size-full wp-image-3848\" src=\"https:\/\/d2p6e6u75xmxt8.cloudfront.net\/12\/2019\/05\/IMG_0058.jpg\" alt=\"\" width=\"1000\" height=\"667\" srcset=\"https:\/\/d2p6e6u75xmxt8.cloudfront.net\/12\/2019\/05\/IMG_0058.jpg 1000w, https:\/\/d2p6e6u75xmxt8.cloudfront.net\/12\/2019\/05\/IMG_0058-300x200.jpg 300w, https:\/\/d2p6e6u75xmxt8.cloudfront.net\/12\/2019\/05\/IMG_0058-768x512.jpg 768w, https:\/\/d2p6e6u75xmxt8.cloudfront.net\/12\/2019\/05\/IMG_0058-272x182.jpg 272w\" sizes=\"auto, (max-width: 1000px) 100vw, 1000px\" \/><\/a><\/p>\n<p>Ez a sport trad\u00edci\u00f3 1993-ban kezd\u0151d\u00f6tt \u00e9s az alap\u00f6tlet a mai napig \u00e9rv\u00e9nyben van, amely szerint mindenki, aki el\u00e9g j\u00f3 fizikummal \u00e9s \u00f6nbizalommal rendelkezik, megtapasztalhatja egy igazi Le Tour hegyi szakasz gyilkos dombjait \u00e9s adrenalint\u00f3l f\u0171t\u00f6tt atmoszf\u00e9r\u00e1j\u00e1t.<\/p>\n<p><a href=\"https:\/\/d2p6e6u75xmxt8.cloudfront.net\/12\/2019\/05\/IMG_0170.jpg\"><img loading=\"lazy\" decoding=\"async\" class=\"alignnone size-full wp-image-3849\" src=\"https:\/\/d2p6e6u75xmxt8.cloudfront.net\/12\/2019\/05\/IMG_0170.jpg\" alt=\"\" width=\"1000\" height=\"667\" srcset=\"https:\/\/d2p6e6u75xmxt8.cloudfront.net\/12\/2019\/05\/IMG_0170.jpg 1000w, https:\/\/d2p6e6u75xmxt8.cloudfront.net\/12\/2019\/05\/IMG_0170-300x200.jpg 300w, https:\/\/d2p6e6u75xmxt8.cloudfront.net\/12\/2019\/05\/IMG_0170-768x512.jpg 768w, https:\/\/d2p6e6u75xmxt8.cloudfront.net\/12\/2019\/05\/IMG_0170-272x182.jpg 272w\" sizes=\"auto, (max-width: 1000px) 100vw, 1000px\" \/><\/a><\/p>\n<p>Ak\u00e1rcsak 2016-ban, a 2017-es sz\u00e9ri\u00e1n is t\u00f6bb mint 15 ezren vettek r\u00e9szt \u00e9s a We Love Cycling a \u0160koda-val kieg\u00e9sz\u00fclve t\u00e1mogatott h\u00e9t elsz\u00e1nt, vasakarattal teker\u0151 amat\u0151rt, hogy \u0151k is a r\u00e9sztvev\u0151k k\u00f6z\u00f6tt lehessenek.<\/p>\n<div id='gallery-1' class='gallery galleryid-3844 gallery-columns-2 gallery-size-large'><figure class='gallery-item'>\n\t\t\t<div class='gallery-icon landscape'>\n\t\t\t\t<a href='https:\/\/d2p6e6u75xmxt8.cloudfront.net\/12\/2019\/05\/IMG_0127.jpg'><img loading=\"lazy\" decoding=\"async\" width=\"1000\" height=\"667\" src=\"https:\/\/d2p6e6u75xmxt8.cloudfront.net\/12\/2019\/05\/IMG_0127.jpg\" class=\"attachment-large size-large\" alt=\"\" srcset=\"https:\/\/d2p6e6u75xmxt8.cloudfront.net\/12\/2019\/05\/IMG_0127.jpg 1000w, https:\/\/d2p6e6u75xmxt8.cloudfront.net\/12\/2019\/05\/IMG_0127-300x200.jpg 300w, https:\/\/d2p6e6u75xmxt8.cloudfront.net\/12\/2019\/05\/IMG_0127-768x512.jpg 768w, https:\/\/d2p6e6u75xmxt8.cloudfront.net\/12\/2019\/05\/IMG_0127-272x182.jpg 272w\" sizes=\"auto, (max-width: 1000px) 100vw, 1000px\" \/><\/a>\n\t\t\t<\/div><\/figure><figure class='gallery-item'>\n\t\t\t<div class='gallery-icon landscape'>\n\t\t\t\t<a href='https:\/\/d2p6e6u75xmxt8.cloudfront.net\/12\/2019\/05\/IMG_0078.jpg'><img loading=\"lazy\" decoding=\"async\" width=\"1000\" height=\"667\" src=\"https:\/\/d2p6e6u75xmxt8.cloudfront.net\/12\/2019\/05\/IMG_0078.jpg\" class=\"attachment-large size-large\" alt=\"\" srcset=\"https:\/\/d2p6e6u75xmxt8.cloudfront.net\/12\/2019\/05\/IMG_0078.jpg 1000w, https:\/\/d2p6e6u75xmxt8.cloudfront.net\/12\/2019\/05\/IMG_0078-300x200.jpg 300w, https:\/\/d2p6e6u75xmxt8.cloudfront.net\/12\/2019\/05\/IMG_0078-768x512.jpg 768w, https:\/\/d2p6e6u75xmxt8.cloudfront.net\/12\/2019\/05\/IMG_0078-272x182.jpg 272w\" sizes=\"auto, (max-width: 1000px) 100vw, 1000px\" \/><\/a>\n\t\t\t<\/div><\/figure>\n\t\t<\/div>\n\n<p>The l\u2019\u00c9tape race not only boasts the unmistakable Le Tour feeling but can also pride itself in being organized on point. Here\u2019s a perfect example of that \u2013 the bike of one our contestants got withheld at the airport, which we found out at about 10 PM the day before the race.<\/p>\n<p><a href=\"https:\/\/d2p6e6u75xmxt8.cloudfront.net\/12\/2019\/05\/IMG_0136.jpg\"><img loading=\"lazy\" decoding=\"async\" class=\"alignnone size-full wp-image-3850\" src=\"https:\/\/d2p6e6u75xmxt8.cloudfront.net\/12\/2019\/05\/IMG_0136.jpg\" alt=\"\" width=\"1000\" height=\"667\" srcset=\"https:\/\/d2p6e6u75xmxt8.cloudfront.net\/12\/2019\/05\/IMG_0136.jpg 1000w, https:\/\/d2p6e6u75xmxt8.cloudfront.net\/12\/2019\/05\/IMG_0136-300x200.jpg 300w, https:\/\/d2p6e6u75xmxt8.cloudfront.net\/12\/2019\/05\/IMG_0136-768x512.jpg 768w, https:\/\/d2p6e6u75xmxt8.cloudfront.net\/12\/2019\/05\/IMG_0136-272x182.jpg 272w\" sizes=\"auto, (max-width: 1000px) 100vw, 1000px\" \/><\/a><\/p>\n<p>A l\u2019\u00c9tape nem csup\u00e1n a hamis\u00edtatlan LeTour \u00e9rz\u00e9st k\u00e9pes ny\u00fajtani, hanem azzal is b\u00fcszk\u00e9lkedhet, hogy kiv\u00e1l\u00f3 a szervezetts\u00e9ge. Egy t\u00f6k\u00e9letes p\u00e9lda erre, hogy az egyik versenyz\u0151 ker\u00e9kp\u00e1rj\u00e1t a rept\u00e9ren fogt\u00e1k, amelyr\u0151l a verseny el\u0151tti este 10 \u00f3ra k\u00f6r\u00fcl \u00e9rtes\u00fclt. Mondhatni el\u00e9g kellemetlen helyzet. Ekkor j\u00f6tt k\u00e9pbe a rettenthetetlen MAVIC karbantart\u00f3i-, \u00e9s technikai csapata, akik \u00f6sszeraktak egy \u00faj bring\u00e1t, teljesen a versenyz\u0151 ig\u00e9nyeinek megfelel\u0151en, \u00e9s reggel 7 \u00f3r\u00e1ra ott volt a rajtvonaln\u00e1l, a v\u00e9szhelyzet pedig elh\u00e1r\u00edtva. Sz\u00e9p munka, MAVIC!<\/p>\n<p><a href=\"https:\/\/d2p6e6u75xmxt8.cloudfront.net\/12\/2019\/05\/IMG_0041.jpg\"><img loading=\"lazy\" decoding=\"async\" class=\"alignnone size-full wp-image-3851\" src=\"https:\/\/d2p6e6u75xmxt8.cloudfront.net\/12\/2019\/05\/IMG_0041.jpg\" alt=\"\" width=\"1000\" height=\"667\" srcset=\"https:\/\/d2p6e6u75xmxt8.cloudfront.net\/12\/2019\/05\/IMG_0041.jpg 1000w, https:\/\/d2p6e6u75xmxt8.cloudfront.net\/12\/2019\/05\/IMG_0041-300x200.jpg 300w, https:\/\/d2p6e6u75xmxt8.cloudfront.net\/12\/2019\/05\/IMG_0041-768x512.jpg 768w, https:\/\/d2p6e6u75xmxt8.cloudfront.net\/12\/2019\/05\/IMG_0041-272x182.jpg 272w\" sizes=\"auto, (max-width: 1000px) 100vw, 1000px\" \/><\/a><\/p>\n<p>Ahogy m\u00e1r eml\u00edtett\u00fck kor\u00e1bban, a csapat t\u00f6bb nagy sikernek is \u00f6r\u00fclhetett. Gratul\u00e1lunk mindenkinek a hihetetlen er\u0151fesz\u00edt\u00e9shez \u00e9s kitart\u00e1shoz, de egy valakit m\u00e9gis ki kell emeln\u00fcnk a t\u00f6bbiek k\u00f6z\u00fcl. Michelle Lee-nek siker\u00fclt megcs\u00edpnie a 9. helyet. Szerint\u00fcnk egy\u00e1ltal\u00e1n nem rossz eredm\u00e9ny ez 15 ezer indul\u00f3 k\u00f6z\u00fcl.<\/p>\n<p><a href=\"https:\/\/d2p6e6u75xmxt8.cloudfront.net\/12\/2019\/05\/IMG_0143.jpg\"><img loading=\"lazy\" decoding=\"async\" class=\"alignnone size-full wp-image-3852\" src=\"https:\/\/d2p6e6u75xmxt8.cloudfront.net\/12\/2019\/05\/IMG_0143.jpg\" alt=\"\" width=\"1000\" height=\"667\" srcset=\"https:\/\/d2p6e6u75xmxt8.cloudfront.net\/12\/2019\/05\/IMG_0143.jpg 1000w, https:\/\/d2p6e6u75xmxt8.cloudfront.net\/12\/2019\/05\/IMG_0143-300x200.jpg 300w, https:\/\/d2p6e6u75xmxt8.cloudfront.net\/12\/2019\/05\/IMG_0143-768x512.jpg 768w, https:\/\/d2p6e6u75xmxt8.cloudfront.net\/12\/2019\/05\/IMG_0143-272x182.jpg 272w\" sizes=\"auto, (max-width: 1000px) 100vw, 1000px\" \/><\/a><\/p>\n<h3>A csapat eredm\u00e9nyei<\/h3>\n<ul>\n<li>Elvind Olsen \u2013 503. hely, id\u0151eredm\u00e9ny: 06:27:57<\/li>\n<li>Alexis Enault \u2013 732. hely, id\u0151eredm\u00e9ny: 06:38:43<\/li>\n<li>Michelle Lee \u2013 737. hely, id\u0151eredm\u00e9ny: 06:38:58 (az \u00f6sszes n\u0151i indul\u00f3 k\u00f6z\u00fcl 9.)<\/li>\n<li>Lukasz Wyczesany \u2013 794. hely, id\u0151eredm\u00e9ny: 06:41:04<\/li>\n<li>Norberto S\u00e1nchez Palaz\u00f3n \u2013 4035. hely, id\u0151eredm\u00e9ny: 08:09:58<\/li>\n<li>Vladim\u00edr Socha \u2013 5060. hely, id\u0151eredm\u00e9ny: 08:32:20<\/li>\n<li>Sophie Sundstrom \u2013 sajnos eg\u00e9szs\u00e9g\u00fcgyi probl\u00e9m\u00e1k miatt nem siker\u00fclt befejeznie a versenyt<\/li>\n<\/ul>\n<p>Rem\u00e9lj\u00fck, \u00e9lvezted az exkluz\u00edv gal\u00e9ri\u00e1nkat \u00e9s els\u0151 k\u00e9zb\u0151l \u00e9lhetted \u00e1t, milyen \u00e9rz\u00e9s azokkal az \u0151r\u00fcletes lejt\u0151kkel megk\u00fczdeni \u00e9s azokon az utakon tekerni, ahol a ker\u00e9kp\u00e1rt\u00f6rt\u00e9nelem val\u00f3j\u00e1ban \u00edr\u00f3dik. A versenyhez kapcsol\u00f3d\u00f3 m\u00e9g t\u00f6bb szem\u00e9lyes t\u00f6rt\u00e9net\u00e9rt ne felejtsd el k\u00f6vetni a We Love Cycling-ot.<\/p>\n<p><strong>Id\u00e9n a WeLoveCycling \u00e9s a \u0160koda Magyarorsz\u00e1g nyerem\u00e9nyj\u00e1t\u00e9kot hirdet \u00e9s a k\u00f6lts\u00e9geket mag\u00e1ra v\u00e1llalva biztos\u00edtja a szerencs\u00e9s nyertes \u00fatj\u00e1t a felk\u00e9sz\u00fcl\u00e9sen \u00e1t eg\u00e9szen a Tour rajtvonal\u00e1ig!<\/strong><\/p>\n<p>Jelentkezz itt a nyerem\u00e9nyj\u00e1t\u00e9kra:<\/p>\n<p><a class=\"btn-wlc btn-primary\" href=\"https:\/\/www.welovecycling.com\/hu\/tekerj-a-touron\/\">JELENTKEZEM<\/a><\/p>\n","protected":false},"excerpt":{"rendered":"<p>A l\u2019\u00c9tape du Tour d\u00e1tuma vastagon pirossal van bekarik\u00e1zva minden lelkes ker\u00e9kp\u00e1ros napt\u00e1r\u00e1ban. Nem ez az egyetlen alkalom, amikor val\u00f3ban [&hellip;]<\/p>\n","protected":false},"author":71,"featured_media":3854,"comment_status":"open","ping_status":"open","sticky":false,"template":"","format":"standard","meta":{"footnotes":""},"categories":[96],"tags":[],"global-categories":[],"class_list":["post-3844","post","type-post","status-publish","format-standard","has-post-thumbnail","hentry","category-tour-de-france"],"yoast_head":"<!-- This site is optimized with the Yoast SEO Premium plugin v25.3 (Yoast SEO v25.9) - https:\/\/yoast.com\/wordpress\/plugins\/seo\/ -->\n<title>Izzadts\u00e1g, kimer\u00fcl\u00e9s \u00e9s \u00f6r\u00f6m: \u00f6sszefoglal\u00f3 a 2017-es L\u2019\u00e9tape du Tour-on szerzett tapasztalatokr\u00f3l - \u0160koda We Love Cycling - Magyarorsz\u00e1g<\/title>\n<meta name=\"robots\" content=\"index, follow, max-snippet:-1, max-image-preview:large, max-video-preview:-1\" \/>\n<link rel=\"canonical\" href=\"https:\/\/www.welovecycling.com\/hu\/tour-de-france\/izzadtsag-kimerules-es-orom-osszefoglalo-a-2017-es-letape-du-tour-on-szerzett-tapasztalatokrol\/\" \/>\n<meta property=\"og:locale\" content=\"hu_HU\" \/>\n<meta property=\"og:type\" content=\"article\" \/>\n<meta property=\"og:title\" content=\"Izzadts\u00e1g, kimer\u00fcl\u00e9s \u00e9s \u00f6r\u00f6m: \u00f6sszefoglal\u00f3 a 2017-es L\u2019\u00e9tape du Tour-on szerzett tapasztalatokr\u00f3l\" \/>\n<meta property=\"og:description\" content=\"A l\u2019\u00c9tape du Tour d\u00e1tuma vastagon pirossal van bekarik\u00e1zva minden lelkes ker\u00e9kp\u00e1ros napt\u00e1r\u00e1ban. Nem ez az egyetlen alkalom, amikor val\u00f3ban [&hellip;]\" \/>\n<meta property=\"og:url\" content=\"https:\/\/www.welovecycling.com\/hu\/tour-de-france\/izzadtsag-kimerules-es-orom-osszefoglalo-a-2017-es-letape-du-tour-on-szerzett-tapasztalatokrol\/\" \/>\n<meta property=\"og:site_name\" content=\"\u0160koda We Love Cycling - Magyarorsz\u00e1g\" \/>\n<meta property=\"article:publisher\" content=\"https:\/\/www.facebook.com\/WeLoveCyclingHungary\/\" \/>\n<meta property=\"article:published_time\" content=\"2019-06-03T07:00:53+00:00\" \/>\n<meta property=\"article:modified_time\" content=\"2019-06-03T09:09:28+00:00\" \/>\n<meta property=\"og:image\" content=\"https:\/\/d2p6e6u75xmxt8.cloudfront.net\/12\/2019\/05\/cover2.jpg\" \/>\n\t<meta property=\"og:image:width\" content=\"1375\" \/>\n\t<meta property=\"og:image:height\" content=\"600\" \/>\n\t<meta property=\"og:image:type\" content=\"image\/jpeg\" \/>\n<meta name=\"author\" content=\"hegyizs\" \/>\n<meta name=\"twitter:card\" content=\"summary_large_image\" \/>\n<meta name=\"twitter:label1\" content=\"Written by\" \/>\n\t<meta name=\"twitter:data1\" content=\"WeLoveCycling\" \/>\n\t<meta name=\"twitter:label2\" content=\"Est. reading time\" \/>\n\t<meta name=\"twitter:data2\" content=\"5 minutes\" \/>\n<script type=\"application\/ld+json\" class=\"yoast-schema-graph\">{\"@context\":\"https:\/\/schema.org\",\"@graph\":[{\"@type\":\"WebPage\",\"@id\":\"https:\/\/www.welovecycling.com\/hu\/tour-de-france\/izzadtsag-kimerules-es-orom-osszefoglalo-a-2017-es-letape-du-tour-on-szerzett-tapasztalatokrol\/\",\"url\":\"https:\/\/www.welovecycling.com\/hu\/tour-de-france\/izzadtsag-kimerules-es-orom-osszefoglalo-a-2017-es-letape-du-tour-on-szerzett-tapasztalatokrol\/\",\"name\":\"Izzadts\u00e1g, kimer\u00fcl\u00e9s \u00e9s \u00f6r\u00f6m: \u00f6sszefoglal\u00f3 a 2017-es L\u2019\u00e9tape du Tour-on szerzett tapasztalatokr\u00f3l - \u0160koda We Love Cycling - Magyarorsz\u00e1g\",\"isPartOf\":{\"@id\":\"https:\/\/www.welovecycling.com\/hu\/#website\"},\"primaryImageOfPage\":{\"@id\":\"https:\/\/www.welovecycling.com\/hu\/tour-de-france\/izzadtsag-kimerules-es-orom-osszefoglalo-a-2017-es-letape-du-tour-on-szerzett-tapasztalatokrol\/#primaryimage\"},\"image\":{\"@id\":\"https:\/\/www.welovecycling.com\/hu\/tour-de-france\/izzadtsag-kimerules-es-orom-osszefoglalo-a-2017-es-letape-du-tour-on-szerzett-tapasztalatokrol\/#primaryimage\"},\"thumbnailUrl\":\"https:\/\/d2p6e6u75xmxt8.cloudfront.net\/12\/2019\/05\/cover2.jpg\",\"datePublished\":\"2019-06-03T07:00:53+00:00\",\"dateModified\":\"2019-06-03T09:09:28+00:00\",\"author\":{\"@id\":\"https:\/\/www.welovecycling.com\/hu\/#\/schema\/person\/414a2aebf1801691a5320edb6468e194\"},\"breadcrumb\":{\"@id\":\"https:\/\/www.welovecycling.com\/hu\/tour-de-france\/izzadtsag-kimerules-es-orom-osszefoglalo-a-2017-es-letape-du-tour-on-szerzett-tapasztalatokrol\/#breadcrumb\"},\"inLanguage\":\"hu\",\"potentialAction\":[{\"@type\":\"ReadAction\",\"target\":[\"https:\/\/www.welovecycling.com\/hu\/tour-de-france\/izzadtsag-kimerules-es-orom-osszefoglalo-a-2017-es-letape-du-tour-on-szerzett-tapasztalatokrol\/\"]}]},{\"@type\":\"ImageObject\",\"inLanguage\":\"hu\",\"@id\":\"https:\/\/www.welovecycling.com\/hu\/tour-de-france\/izzadtsag-kimerules-es-orom-osszefoglalo-a-2017-es-letape-du-tour-on-szerzett-tapasztalatokrol\/#primaryimage\",\"url\":\"https:\/\/d2p6e6u75xmxt8.cloudfront.net\/12\/2019\/05\/cover2.jpg\",\"contentUrl\":\"https:\/\/d2p6e6u75xmxt8.cloudfront.net\/12\/2019\/05\/cover2.jpg\",\"width\":1375,\"height\":600},{\"@type\":\"BreadcrumbList\",\"@id\":\"https:\/\/www.welovecycling.com\/hu\/tour-de-france\/izzadtsag-kimerules-es-orom-osszefoglalo-a-2017-es-letape-du-tour-on-szerzett-tapasztalatokrol\/#breadcrumb\",\"itemListElement\":[{\"@type\":\"ListItem\",\"position\":1,\"name\":\"Home\",\"item\":\"https:\/\/www.welovecycling.com\/hu\/\"},{\"@type\":\"ListItem\",\"position\":2,\"name\":\"Izzadts\u00e1g, kimer\u00fcl\u00e9s \u00e9s \u00f6r\u00f6m: \u00f6sszefoglal\u00f3 a 2017-es L\u2019\u00e9tape du Tour-on szerzett tapasztalatokr\u00f3l\"}]},{\"@type\":\"WebSite\",\"@id\":\"https:\/\/www.welovecycling.com\/hu\/#website\",\"url\":\"https:\/\/www.welovecycling.com\/hu\/\",\"name\":\"\u0160koda We Love Cycling - Magyarorsz\u00e1g\",\"description\":\"\u0160koda WeLoveCycling\",\"potentialAction\":[{\"@type\":\"SearchAction\",\"target\":{\"@type\":\"EntryPoint\",\"urlTemplate\":\"https:\/\/www.welovecycling.com\/hu\/?s={search_term_string}\"},\"query-input\":{\"@type\":\"PropertyValueSpecification\",\"valueRequired\":true,\"valueName\":\"search_term_string\"}}],\"inLanguage\":\"hu\"},{\"@type\":\"Person\",\"@id\":\"https:\/\/www.welovecycling.com\/hu\/#\/schema\/person\/414a2aebf1801691a5320edb6468e194\",\"name\":\"hegyizs\",\"image\":{\"@type\":\"ImageObject\",\"inLanguage\":\"hu\",\"@id\":\"https:\/\/www.welovecycling.com\/hu\/#\/schema\/person\/image\/\",\"url\":\"https:\/\/secure.gravatar.com\/avatar\/02cf8a7906b8cf90cecb4679defac7cfd33a1c2e3b88e4903d947f3bb58eedd3?s=96&d=mm&r=g\",\"contentUrl\":\"https:\/\/secure.gravatar.com\/avatar\/02cf8a7906b8cf90cecb4679defac7cfd33a1c2e3b88e4903d947f3bb58eedd3?s=96&d=mm&r=g\",\"caption\":\"hegyizs\"},\"url\":\"https:\/\/www.welovecycling.com\/hu\/author\/hegyizs\/\"}]}<\/script>\n<!-- \/ Yoast SEO Premium plugin. -->","yoast_head_json":{"title":"Izzadts\u00e1g, kimer\u00fcl\u00e9s \u00e9s \u00f6r\u00f6m: \u00f6sszefoglal\u00f3 a 2017-es L\u2019\u00e9tape du Tour-on szerzett tapasztalatokr\u00f3l - \u0160koda We Love Cycling - Magyarorsz\u00e1g","robots":{"index":"index","follow":"follow","max-snippet":"max-snippet:-1","max-image-preview":"max-image-preview:large","max-video-preview":"max-video-preview:-1"},"canonical":"https:\/\/www.welovecycling.com\/hu\/tour-de-france\/izzadtsag-kimerules-es-orom-osszefoglalo-a-2017-es-letape-du-tour-on-szerzett-tapasztalatokrol\/","og_locale":"hu_HU","og_type":"article","og_title":"Izzadts\u00e1g, kimer\u00fcl\u00e9s \u00e9s \u00f6r\u00f6m: \u00f6sszefoglal\u00f3 a 2017-es L\u2019\u00e9tape du Tour-on szerzett tapasztalatokr\u00f3l","og_description":"A l\u2019\u00c9tape du Tour d\u00e1tuma vastagon pirossal van bekarik\u00e1zva minden lelkes ker\u00e9kp\u00e1ros napt\u00e1r\u00e1ban. Nem ez az egyetlen alkalom, amikor val\u00f3ban [&hellip;]","og_url":"https:\/\/www.welovecycling.com\/hu\/tour-de-france\/izzadtsag-kimerules-es-orom-osszefoglalo-a-2017-es-letape-du-tour-on-szerzett-tapasztalatokrol\/","og_site_name":"\u0160koda We Love Cycling - Magyarorsz\u00e1g","article_publisher":"https:\/\/www.facebook.com\/WeLoveCyclingHungary\/","article_published_time":"2019-06-03T07:00:53+00:00","article_modified_time":"2019-06-03T09:09:28+00:00","og_image":[{"width":1375,"height":600,"url":"https:\/\/d2p6e6u75xmxt8.cloudfront.net\/12\/2019\/05\/cover2.jpg","type":"image\/jpeg"}],"author":"hegyizs","twitter_card":"summary_large_image","twitter_misc":{"Written by":"WeLoveCycling","Est. reading time":"5 minutes"},"schema":{"@context":"https:\/\/schema.org","@graph":[{"@type":"WebPage","@id":"https:\/\/www.welovecycling.com\/hu\/tour-de-france\/izzadtsag-kimerules-es-orom-osszefoglalo-a-2017-es-letape-du-tour-on-szerzett-tapasztalatokrol\/","url":"https:\/\/www.welovecycling.com\/hu\/tour-de-france\/izzadtsag-kimerules-es-orom-osszefoglalo-a-2017-es-letape-du-tour-on-szerzett-tapasztalatokrol\/","name":"Izzadts\u00e1g, kimer\u00fcl\u00e9s \u00e9s \u00f6r\u00f6m: \u00f6sszefoglal\u00f3 a 2017-es L\u2019\u00e9tape du Tour-on szerzett tapasztalatokr\u00f3l - \u0160koda We Love Cycling - Magyarorsz\u00e1g","isPartOf":{"@id":"https:\/\/www.welovecycling.com\/hu\/#website"},"primaryImageOfPage":{"@id":"https:\/\/www.welovecycling.com\/hu\/tour-de-france\/izzadtsag-kimerules-es-orom-osszefoglalo-a-2017-es-letape-du-tour-on-szerzett-tapasztalatokrol\/#primaryimage"},"image":{"@id":"https:\/\/www.welovecycling.com\/hu\/tour-de-france\/izzadtsag-kimerules-es-orom-osszefoglalo-a-2017-es-letape-du-tour-on-szerzett-tapasztalatokrol\/#primaryimage"},"thumbnailUrl":"https:\/\/d2p6e6u75xmxt8.cloudfront.net\/12\/2019\/05\/cover2.jpg","datePublished":"2019-06-03T07:00:53+00:00","dateModified":"2019-06-03T09:09:28+00:00","author":{"@id":"https:\/\/www.welovecycling.com\/hu\/#\/schema\/person\/414a2aebf1801691a5320edb6468e194"},"breadcrumb":{"@id":"https:\/\/www.welovecycling.com\/hu\/tour-de-france\/izzadtsag-kimerules-es-orom-osszefoglalo-a-2017-es-letape-du-tour-on-szerzett-tapasztalatokrol\/#breadcrumb"},"inLanguage":"hu","potentialAction":[{"@type":"ReadAction","target":["https:\/\/www.welovecycling.com\/hu\/tour-de-france\/izzadtsag-kimerules-es-orom-osszefoglalo-a-2017-es-letape-du-tour-on-szerzett-tapasztalatokrol\/"]}]},{"@type":"ImageObject","inLanguage":"hu","@id":"https:\/\/www.welovecycling.com\/hu\/tour-de-france\/izzadtsag-kimerules-es-orom-osszefoglalo-a-2017-es-letape-du-tour-on-szerzett-tapasztalatokrol\/#primaryimage","url":"https:\/\/d2p6e6u75xmxt8.cloudfront.net\/12\/2019\/05\/cover2.jpg","contentUrl":"https:\/\/d2p6e6u75xmxt8.cloudfront.net\/12\/2019\/05\/cover2.jpg","width":1375,"height":600},{"@type":"BreadcrumbList","@id":"https:\/\/www.welovecycling.com\/hu\/tour-de-france\/izzadtsag-kimerules-es-orom-osszefoglalo-a-2017-es-letape-du-tour-on-szerzett-tapasztalatokrol\/#breadcrumb","itemListElement":[{"@type":"ListItem","position":1,"name":"Home","item":"https:\/\/www.welovecycling.com\/hu\/"},{"@type":"ListItem","position":2,"name":"Izzadts\u00e1g, kimer\u00fcl\u00e9s \u00e9s \u00f6r\u00f6m: \u00f6sszefoglal\u00f3 a 2017-es L\u2019\u00e9tape du Tour-on szerzett tapasztalatokr\u00f3l"}]},{"@type":"WebSite","@id":"https:\/\/www.welovecycling.com\/hu\/#website","url":"https:\/\/www.welovecycling.com\/hu\/","name":"\u0160koda We Love Cycling - Magyarorsz\u00e1g","description":"\u0160koda WeLoveCycling","potentialAction":[{"@type":"SearchAction","target":{"@type":"EntryPoint","urlTemplate":"https:\/\/www.welovecycling.com\/hu\/?s={search_term_string}"},"query-input":{"@type":"PropertyValueSpecification","valueRequired":true,"valueName":"search_term_string"}}],"inLanguage":"hu"},{"@type":"Person","@id":"https:\/\/www.welovecycling.com\/hu\/#\/schema\/person\/414a2aebf1801691a5320edb6468e194","name":"hegyizs","image":{"@type":"ImageObject","inLanguage":"hu","@id":"https:\/\/www.welovecycling.com\/hu\/#\/schema\/person\/image\/","url":"https:\/\/secure.gravatar.com\/avatar\/02cf8a7906b8cf90cecb4679defac7cfd33a1c2e3b88e4903d947f3bb58eedd3?s=96&d=mm&r=g","contentUrl":"https:\/\/secure.gravatar.com\/avatar\/02cf8a7906b8cf90cecb4679defac7cfd33a1c2e3b88e4903d947f3bb58eedd3?s=96&d=mm&r=g","caption":"hegyizs"},"url":"https:\/\/www.welovecycling.com\/hu\/author\/hegyizs\/"}]}},"_links":{"self":[{"href":"https:\/\/www.welovecycling.com\/hu\/wp-json\/wp\/v2\/posts\/3844","targetHints":{"allow":["GET"]}}],"collection":[{"href":"https:\/\/www.welovecycling.com\/hu\/wp-json\/wp\/v2\/posts"}],"about":[{"href":"https:\/\/www.welovecycling.com\/hu\/wp-json\/wp\/v2\/types\/post"}],"author":[{"embeddable":true,"href":"https:\/\/www.welovecycling.com\/hu\/wp-json\/wp\/v2\/users\/71"}],"replies":[{"embeddable":true,"href":"https:\/\/www.welovecycling.com\/hu\/wp-json\/wp\/v2\/comments?post=3844"}],"version-history":[{"count":2,"href":"https:\/\/www.welovecycling.com\/hu\/wp-json\/wp\/v2\/posts\/3844\/revisions"}],"predecessor-version":[{"id":3868,"href":"https:\/\/www.welovecycling.com\/hu\/wp-json\/wp\/v2\/posts\/3844\/revisions\/3868"}],"wp:featuredmedia":[{"embeddable":true,"href":"https:\/\/www.welovecycling.com\/hu\/wp-json\/wp\/v2\/media\/3854"}],"wp:attachment":[{"href":"https:\/\/www.welovecycling.com\/hu\/wp-json\/wp\/v2\/media?parent=3844"}],"wp:term":[{"taxonomy":"category","embeddable":true,"href":"https:\/\/www.welovecycling.com\/hu\/wp-json\/wp\/v2\/categories?post=3844"},{"taxonomy":"post_tag","embeddable":true,"href":"https:\/\/www.welovecycling.com\/hu\/wp-json\/wp\/v2\/tags?post=3844"},{"taxonomy":"global-categories","embeddable":true,"href":"https:\/\/www.welovecycling.com\/hu\/wp-json\/wp\/v2\/global-categories?post=3844"}],"curies":[{"name":"wp","href":"https:\/\/api.w.org\/{rel}","templated":true}]}}