{"id":3833,"date":"2019-06-06T08:00:41","date_gmt":"2019-06-06T07:00:41","guid":{"rendered":"https:\/\/www.welovecycling.com\/hu\/?p=3833"},"modified":"2019-05-31T14:18:50","modified_gmt":"2019-05-31T13:18:50","slug":"jiri-jezek-egy-megtorhetetlen-lelek-tortenete","status":"publish","type":"post","link":"https:\/\/www.welovecycling.com\/hu\/tour-de-france\/jiri-jezek-egy-megtorhetetlen-lelek-tortenete\/","title":{"rendered":"Ji\u0159\u00ed Je\u017eek: Egy megt\u00f6rhetetlen l\u00e9lek t\u00f6rt\u00e9nete"},"content":{"rendered":"<p><strong>Adott egy profi, aki saj\u00e1t mag\u00e1nak k\u00f6sz\u00f6nhet mindent, amit el\u00e9rt, szenved\u00e9lye a bring\u00e1z\u00e1s, \u00e9s nem tudja mit jelent feladni b\u00e1rmit. T\u00f6bb mint 30 000 kilom\u00e9tert teker minden \u00e9vben, \u0151 a Nemzetk\u00f6zi Ker\u00e9kp\u00e1ros Sz\u00f6vets\u00e9g paraker\u00e9kp\u00e1r vil\u00e1gbajnoka, \u00e9s 6 paralimpiai arany\u00e9rmet mondhat mag\u00e1\u00e9nak. A neve Ji\u0159\u00ed Je\u017eek, \u00e9s a t\u00e9ny, hogy egy l\u00e1bbal \u00e9l, nem nagy durran\u00e1s sz\u00e1m\u00e1ra. Hogyan csin\u00e1lja? Olvasd el a t\u00f6rt\u00e9net\u00e9t.<\/strong><br \/>\n<!--more--><\/p>\n<h2><strong>A baleset, ami az \u0151 szem\u00e9ben diadal<\/strong><\/h2>\n<p>M\u0171l\u00e1bbal \u00e9lni nem csak a mozg\u00e1sban jelent korl\u00e1tot, hanem a teherb\u00edr\u00e1sban is. A m\u0171l\u00e1bak k\u00f6nnyen elt\u00f6rhetnek, ebb\u0151l kifoly\u00f3lag pedig el is t\u00f6rnek. Mint p\u00e9ld\u00e1ul egy 2008-as dominikai versenyen, ahol Ji\u0159\u00ed m\u0171l\u00e1ba az egyik szakasz k\u00f6zep\u00e9n t\u00f6rt el. Visszatenni nem lehetett \u00e9s nem volt el\u00e9rhet\u0151 egyik gy\u00e1rt\u00f3 sem a k\u00f6zelben. Sz\u00f3val csup\u00e1n annyit tehetett, hogy ragaszt\u00f3szalaggal visszaragasztotta, majd ezzel egy\u00fctt is sikeresen teljes\u00edtette a marad\u00e9k szakaszokat.<\/p>\n<lite-youtube videoid=mNqx2f9Pgj0 params=\"enablejsapi=1\" style=\"background-image: url('https:\/\/i.ytimg.com\/vi_webp\/mNqx2f9Pgj0\/maxresdefault.webp');\"><\/lite-youtube>\n<p>Nem sok minden tudja elt\u00e1ntor\u00edtani Ji\u0159\u00edt, \u00e9s ezt a hozz\u00e1\u00e1ll\u00e1st eg\u00e9szen a gyerekkor\u00e1ig vissza lehet vezetni. Tizenegy \u00e9ves volt, amikor egy cementsz\u00e1ll\u00edt\u00f3 aut\u00f3 el\u00fct\u00f6tte az utc\u00e1n \u00e9s a jobb l\u00e1b\u00e1t t\u00e9rdt\u0151l lefel\u00e9 le kellett amput\u00e1lni. Ha ma megk\u00e9rdezik a balesetr\u0151l, a v\u00e1laszai igen meglep\u0151ek \u00e9s egy\u00e1ltal\u00e1n nem negat\u00edvak. \u201e\u00d6nkontrollt \u00e9s elsz\u00e1nts\u00e1got adott\u201d &#8211; mondja, mik\u00f6zben azt ecseteli, a l\u00e1ba elveszt\u00e9se val\u00f3j\u00e1ban seg\u00edtett rajta.<\/p>\n<h2><strong>A fel\u00e9p\u00fcl\u00e9se form\u00e1lta a szem\u00e9lyis\u00e9g\u00e9t<\/strong><\/h2>\n<p>A sz\u00fclei nem voltak t\u00fal k\u00edm\u00e9letesek vele, miut\u00e1n t\u00f6bb, k\u00f3rh\u00e1zban t\u00f6lt\u00f6tt h\u00f3napot k\u00f6vet\u0151en hazat\u00e9rt. Pont ugyan\u00fagy el kellett v\u00e9geznie a h\u00e1zimunk\u00e1kat, mint el\u0151tte. Ha pedig valamilyen engedm\u00e9nyt kapott, mint p\u00e9ld\u00e1ul, hogy nem kellett levennie a cip\u0151j\u00e9t az iskol\u00e1ban, mivel a m\u0171l\u00e1bbal k\u00f6r\u00fclm\u00e9nyes lett volna, \u0151 ezeket visszautas\u00edtotta. Ehelyett plusz er\u0151fesz\u00edt\u00e9seket tett, \u00e9s ugyanazokat a szab\u00e1lyokat k\u00f6vette, mint a t\u00f6bb gyerek, nem sajn\u00e1ltatta mag\u00e1t. Ez az \u00e9lm\u00e9ny alak\u00edtotta a szem\u00e9lyis\u00e9g\u00e9t, \u00e9s a k\u00e9s\u0151bbi \u00e9lete sor\u00e1n el\u0151nyt faragott bel\u0151le.<\/p>\n<p><a href=\"https:\/\/d2p6e6u75xmxt8.cloudfront.net\/12\/2019\/05\/IMG_2883.jpg\"><img loading=\"lazy\" decoding=\"async\" class=\"alignnone size-full wp-image-3837\" src=\"https:\/\/d2p6e6u75xmxt8.cloudfront.net\/12\/2019\/05\/IMG_2883.jpg\" alt=\"\" width=\"1920\" height=\"1440\" srcset=\"https:\/\/d2p6e6u75xmxt8.cloudfront.net\/12\/2019\/05\/IMG_2883.jpg 1920w, https:\/\/d2p6e6u75xmxt8.cloudfront.net\/12\/2019\/05\/IMG_2883-300x225.jpg 300w, https:\/\/d2p6e6u75xmxt8.cloudfront.net\/12\/2019\/05\/IMG_2883-768x576.jpg 768w, https:\/\/d2p6e6u75xmxt8.cloudfront.net\/12\/2019\/05\/IMG_2883-1024x768.jpg 1024w, https:\/\/d2p6e6u75xmxt8.cloudfront.net\/12\/2019\/05\/IMG_2883-1920x1440.jpg 1920w\" sizes=\"auto, (max-width: 1920px) 100vw, 1920px\" \/><\/a><\/p>\n<h2><strong>Hogyan kezdett el ker\u00e9kp\u00e1rozni?<\/strong><\/h2>\n<p>A bicikliz\u00e9s volt a legkev\u00e9sb\u00e9 f\u00e1jdalmas mozg\u00e1sforma sz\u00e1m\u00e1ra, \u00edgy hamar a hobbij\u00e1v\u00e1 v\u00e1lt. Ez volt az egyik azok k\u00f6z\u00fcl a szitu\u00e1ci\u00f3k k\u00f6z\u00fcl, amelyekben kezdte egyenl\u0151nek \u00e9rezni mag\u00e1t a t\u00f6bbiekkel fizik\u00e1lis \u00e9rtelemben. H\u00fasz \u00e9vesen \u00e1llt neki edzeni, kem\u00e9nyen dolgozott, fejl\u0151d\u00f6tt \u00e9s hamar a k\u00fcl\u00f6nb\u00f6z\u0151 versenyek dobog\u00f3ira \u00e1llhatott. Az els\u0151 nagy amat\u0151r sikere 6 \u00e9vre r\u00e1 k\u00f6vetkezett, amikor kvalifik\u00e1lta mag\u00e1t a Sydney-i Paralimpiai J\u00e1t\u00e9kokra \u00e9s k\u00e9t arany\u00e9rmet nyert.<\/p>\n<h2><strong>Edz\u00e9s egy l\u00e1bbal<\/strong><\/h2>\n<p>Abban az id\u0151ben Ji\u0159\u00ed egy olyan c\u00e9gn\u00e9l dolgozott, amely m\u0171l\u00e1bakat gy\u00e1rtott, \u00edgy t\u00f6bb is volt neki, k\u00fcl\u00f6n gyalogl\u00e1shoz, fut\u00e1shoz \u00e9s ker\u00e9kp\u00e1roz\u00e1shoz. K\u00e9s\u0151bb, profi ker\u00e9kp\u00e1rosk\u00e9nt s\u00falyokat akart emelni, mint a t\u00f6bbi profi, de semmilyen m\u0171l\u00e1bbal nem m\u0171k\u00f6d\u00f6tt az er\u0151nl\u00e9ti edz\u00e9s, t\u00fal f\u00e1jdalmas \u00e9s s\u00e9r\u00fcl\u00e9svesz\u00e9lyes volt sz\u00e1m\u00e1ra. \u00c1m ez sem tudta \u0151t meg\u00e1ll\u00edtani. M\u00e9g kem\u00e9nyebben dolgozott \u00e9s \u00fagy nyerte meg \u00f6sszes olimpiai arany\u00e9rm\u00e9t, hogy l\u00e1bra csak ker\u00e9kp\u00e1rral tudott edzeni.<\/p>\n<p>https:\/\/www.instagram.com\/p\/BUXa5DXFtox\/?taken-by=jirijezek74<\/p>\n<h2><strong>A bajnok gondolkod\u00e1sm\u00f3dja<\/strong><\/h2>\n<p>A n\u00e9met Heidelbergi Egyetem m\u00e9r\u00e9sei szerint, Ji\u0159\u00ed amput\u00e1lt l\u00e1ba a j\u00f3 er\u0151ben l\u00e9v\u0151 profik teljes\u00edtm\u00e9ny\u00e9nek 70 sz\u00e1zal\u00e9k\u00e1ra k\u00e9pes. Ennek ellen\u00e9re Ji\u0159\u00ed rendszeresen versenyez vel\u00fck, \u00e9s mindig a gy\u0151zelem a c\u00e9lja, f\u00fcggetlen\u00fcl att\u00f3l, honnan kell indulnia. A panaszkod\u00e1s helyett extr\u00e1n edz, hogy a l\u00e1ba k\u00e9pes legyen ugyanannyit teljes\u00edteni.<\/p>\n<p>A k\u00e9pess\u00e9ge bizony\u00edt\u00e1st nyert 2010-ben, amikor a legmagasabb szinten versenyzett, \u00e9s az eg\u00e9sz szezont egy profi csapatban t\u00f6lt\u00f6tte. Sikeresen sz\u00e1llt versenybe a Tour de France gy\u0151zteseivel, vil\u00e1gbajnokokkal \u00e9s a profi \u00e9lmez\u0151ny nagy szt\u00e1rjaival. 2013-ban a Tour de France San Michel-hegyi id\u0151m\u00e9r\u0151j\u00e9n az \u00e9lbolyban v\u00e9gzett, pedig a versenyen nem is indult, \u00e9s m\u00e9gis jobb id\u0151t tekert, mint 3 m\u00e1sik igazi profi.<\/p>\n<p><a href=\"https:\/\/d2p6e6u75xmxt8.cloudfront.net\/12\/2019\/05\/IMG_7580.jpg\"><img loading=\"lazy\" decoding=\"async\" class=\"alignnone size-full wp-image-3838\" src=\"https:\/\/d2p6e6u75xmxt8.cloudfront.net\/12\/2019\/05\/IMG_7580.jpg\" alt=\"\" width=\"1920\" height=\"1440\" srcset=\"https:\/\/d2p6e6u75xmxt8.cloudfront.net\/12\/2019\/05\/IMG_7580.jpg 1920w, https:\/\/d2p6e6u75xmxt8.cloudfront.net\/12\/2019\/05\/IMG_7580-300x225.jpg 300w, https:\/\/d2p6e6u75xmxt8.cloudfront.net\/12\/2019\/05\/IMG_7580-768x576.jpg 768w, https:\/\/d2p6e6u75xmxt8.cloudfront.net\/12\/2019\/05\/IMG_7580-1024x768.jpg 1024w, https:\/\/d2p6e6u75xmxt8.cloudfront.net\/12\/2019\/05\/IMG_7580-1920x1440.jpg 1920w\" sizes=\"auto, (max-width: 1920px) 100vw, 1920px\" \/><\/a><\/p>\n<p>M\u00e9g ha nem is megy j\u00f3l neki egy verseny a profik k\u00f6z\u00f6tt, akkor is addig teker, ameddig csak tud, az edz\u00e9s kedv\u00e9\u00e9rt. A feles\u00e9ge \u00e9s egyben menedzsere, Sonja szerint: \u201eJirka csak akkor ad fel egy versenyt, ha elesik, megsebes\u00fcl, t\u00f6nkremegy a biciklije vagy kiz\u00e1rj\u00e1k.\u201d<\/p>\n<h2><strong>Soha nem ad fel semmit<\/strong><\/h2>\n<p>Ji\u0159\u00ed elsz\u00e1nt, \u00e9s remek munkamor\u00e1llal rendelkezik, ez\u00e1ltal siker\u00fclt neki az els\u0151 profi mozg\u00e1skorl\u00e1tozott ker\u00e9kp\u00e1ross\u00e1 v\u00e1lnia Csehorsz\u00e1gban. Ami bajnokk\u00e1 tette az a hozz\u00e1\u00e1ll\u00e1sa, mert soha nem ad fel semmit.\u00a0 \u201eHa egyszer feladod, arra mindig eml\u00e9kezni fogsz, \u00e9s ut\u00e1na mindig feladod majd a versenyeket\u201d &#8211; mondja, mik\u00f6zben elmagyar\u00e1zza, ez mi\u00e9rt nem opci\u00f3 sz\u00e1m\u00e1ra. \u00c9s \u0151 nemcsak mondja, hanem val\u00f3ban e szerint is cselekszik.<\/p>\n<p>https:\/\/www.instagram.com\/p\/BTRnc40lvFS\/?taken-by=jirijezek74<\/p>\n","protected":false},"excerpt":{"rendered":"<p>Adott egy profi, aki saj\u00e1t mag\u00e1nak k\u00f6sz\u00f6nhet mindent, amit el\u00e9rt, szenved\u00e9lye a bring\u00e1z\u00e1s, \u00e9s nem tudja mit jelent feladni b\u00e1rmit. [&hellip;]<\/p>\n","protected":false},"author":71,"featured_media":3841,"comment_status":"open","ping_status":"open","sticky":false,"template":"","format":"standard","meta":{"footnotes":""},"categories":[96],"tags":[],"global-categories":[],"class_list":["post-3833","post","type-post","status-publish","format-standard","has-post-thumbnail","hentry","category-tour-de-france"],"yoast_head":"<!-- This site is optimized with the Yoast SEO Premium plugin v25.3 (Yoast SEO v25.9) - https:\/\/yoast.com\/wordpress\/plugins\/seo\/ -->\n<title>Ji\u0159\u00ed Je\u017eek: Egy megt\u00f6rhetetlen l\u00e9lek t\u00f6rt\u00e9nete - \u0160koda We Love Cycling - Magyarorsz\u00e1g<\/title>\n<meta name=\"robots\" content=\"index, follow, max-snippet:-1, max-image-preview:large, max-video-preview:-1\" \/>\n<link rel=\"canonical\" href=\"https:\/\/www.welovecycling.com\/hu\/tour-de-france\/jiri-jezek-egy-megtorhetetlen-lelek-tortenete\/\" \/>\n<meta property=\"og:locale\" content=\"hu_HU\" \/>\n<meta property=\"og:type\" content=\"article\" \/>\n<meta property=\"og:title\" content=\"Ji\u0159\u00ed Je\u017eek: Egy megt\u00f6rhetetlen l\u00e9lek t\u00f6rt\u00e9nete\" \/>\n<meta property=\"og:description\" content=\"Adott egy profi, aki saj\u00e1t mag\u00e1nak k\u00f6sz\u00f6nhet mindent, amit el\u00e9rt, szenved\u00e9lye a bring\u00e1z\u00e1s, \u00e9s nem tudja mit jelent feladni b\u00e1rmit. [&hellip;]\" \/>\n<meta property=\"og:url\" content=\"https:\/\/www.welovecycling.com\/hu\/tour-de-france\/jiri-jezek-egy-megtorhetetlen-lelek-tortenete\/\" \/>\n<meta property=\"og:site_name\" content=\"\u0160koda We Love Cycling - Magyarorsz\u00e1g\" \/>\n<meta property=\"article:publisher\" content=\"https:\/\/www.facebook.com\/WeLoveCyclingHungary\/\" \/>\n<meta property=\"article:published_time\" content=\"2019-06-06T07:00:41+00:00\" \/>\n<meta property=\"og:image\" content=\"https:\/\/d2p6e6u75xmxt8.cloudfront.net\/12\/2019\/05\/Untitled-collage-5.jpg\" \/>\n\t<meta property=\"og:image:width\" content=\"1800\" \/>\n\t<meta property=\"og:image:height\" content=\"785\" \/>\n\t<meta property=\"og:image:type\" content=\"image\/jpeg\" \/>\n<meta name=\"author\" content=\"hegyizs\" \/>\n<meta name=\"twitter:card\" content=\"summary_large_image\" \/>\n<meta name=\"twitter:label1\" content=\"Written by\" \/>\n\t<meta name=\"twitter:data1\" content=\"WeLoveCycling\" \/>\n\t<meta name=\"twitter:label2\" content=\"Est. reading time\" \/>\n\t<meta name=\"twitter:data2\" content=\"5 minutes\" \/>\n<script type=\"application\/ld+json\" class=\"yoast-schema-graph\">{\"@context\":\"https:\/\/schema.org\",\"@graph\":[{\"@type\":\"WebPage\",\"@id\":\"https:\/\/www.welovecycling.com\/hu\/tour-de-france\/jiri-jezek-egy-megtorhetetlen-lelek-tortenete\/\",\"url\":\"https:\/\/www.welovecycling.com\/hu\/tour-de-france\/jiri-jezek-egy-megtorhetetlen-lelek-tortenete\/\",\"name\":\"Ji\u0159\u00ed Je\u017eek: Egy megt\u00f6rhetetlen l\u00e9lek t\u00f6rt\u00e9nete - \u0160koda We Love Cycling - Magyarorsz\u00e1g\",\"isPartOf\":{\"@id\":\"https:\/\/www.welovecycling.com\/hu\/#website\"},\"primaryImageOfPage\":{\"@id\":\"https:\/\/www.welovecycling.com\/hu\/tour-de-france\/jiri-jezek-egy-megtorhetetlen-lelek-tortenete\/#primaryimage\"},\"image\":{\"@id\":\"https:\/\/www.welovecycling.com\/hu\/tour-de-france\/jiri-jezek-egy-megtorhetetlen-lelek-tortenete\/#primaryimage\"},\"thumbnailUrl\":\"https:\/\/d2p6e6u75xmxt8.cloudfront.net\/12\/2019\/05\/Untitled-collage-5.jpg\",\"datePublished\":\"2019-06-06T07:00:41+00:00\",\"author\":{\"@id\":\"https:\/\/www.welovecycling.com\/hu\/#\/schema\/person\/414a2aebf1801691a5320edb6468e194\"},\"breadcrumb\":{\"@id\":\"https:\/\/www.welovecycling.com\/hu\/tour-de-france\/jiri-jezek-egy-megtorhetetlen-lelek-tortenete\/#breadcrumb\"},\"inLanguage\":\"hu\",\"potentialAction\":[{\"@type\":\"ReadAction\",\"target\":[\"https:\/\/www.welovecycling.com\/hu\/tour-de-france\/jiri-jezek-egy-megtorhetetlen-lelek-tortenete\/\"]}]},{\"@type\":\"ImageObject\",\"inLanguage\":\"hu\",\"@id\":\"https:\/\/www.welovecycling.com\/hu\/tour-de-france\/jiri-jezek-egy-megtorhetetlen-lelek-tortenete\/#primaryimage\",\"url\":\"https:\/\/d2p6e6u75xmxt8.cloudfront.net\/12\/2019\/05\/Untitled-collage-5.jpg\",\"contentUrl\":\"https:\/\/d2p6e6u75xmxt8.cloudfront.net\/12\/2019\/05\/Untitled-collage-5.jpg\",\"width\":1800,\"height\":785},{\"@type\":\"BreadcrumbList\",\"@id\":\"https:\/\/www.welovecycling.com\/hu\/tour-de-france\/jiri-jezek-egy-megtorhetetlen-lelek-tortenete\/#breadcrumb\",\"itemListElement\":[{\"@type\":\"ListItem\",\"position\":1,\"name\":\"Home\",\"item\":\"https:\/\/www.welovecycling.com\/hu\/\"},{\"@type\":\"ListItem\",\"position\":2,\"name\":\"Ji\u0159\u00ed Je\u017eek: Egy megt\u00f6rhetetlen l\u00e9lek t\u00f6rt\u00e9nete\"}]},{\"@type\":\"WebSite\",\"@id\":\"https:\/\/www.welovecycling.com\/hu\/#website\",\"url\":\"https:\/\/www.welovecycling.com\/hu\/\",\"name\":\"\u0160koda We Love Cycling - Magyarorsz\u00e1g\",\"description\":\"\u0160koda WeLoveCycling\",\"potentialAction\":[{\"@type\":\"SearchAction\",\"target\":{\"@type\":\"EntryPoint\",\"urlTemplate\":\"https:\/\/www.welovecycling.com\/hu\/?s={search_term_string}\"},\"query-input\":{\"@type\":\"PropertyValueSpecification\",\"valueRequired\":true,\"valueName\":\"search_term_string\"}}],\"inLanguage\":\"hu\"},{\"@type\":\"Person\",\"@id\":\"https:\/\/www.welovecycling.com\/hu\/#\/schema\/person\/414a2aebf1801691a5320edb6468e194\",\"name\":\"hegyizs\",\"image\":{\"@type\":\"ImageObject\",\"inLanguage\":\"hu\",\"@id\":\"https:\/\/www.welovecycling.com\/hu\/#\/schema\/person\/image\/\",\"url\":\"https:\/\/secure.gravatar.com\/avatar\/02cf8a7906b8cf90cecb4679defac7cfd33a1c2e3b88e4903d947f3bb58eedd3?s=96&d=mm&r=g\",\"contentUrl\":\"https:\/\/secure.gravatar.com\/avatar\/02cf8a7906b8cf90cecb4679defac7cfd33a1c2e3b88e4903d947f3bb58eedd3?s=96&d=mm&r=g\",\"caption\":\"hegyizs\"},\"url\":\"https:\/\/www.welovecycling.com\/hu\/author\/hegyizs\/\"}]}<\/script>\n<!-- \/ Yoast SEO Premium plugin. -->","yoast_head_json":{"title":"Ji\u0159\u00ed Je\u017eek: Egy megt\u00f6rhetetlen l\u00e9lek t\u00f6rt\u00e9nete - \u0160koda We Love Cycling - Magyarorsz\u00e1g","robots":{"index":"index","follow":"follow","max-snippet":"max-snippet:-1","max-image-preview":"max-image-preview:large","max-video-preview":"max-video-preview:-1"},"canonical":"https:\/\/www.welovecycling.com\/hu\/tour-de-france\/jiri-jezek-egy-megtorhetetlen-lelek-tortenete\/","og_locale":"hu_HU","og_type":"article","og_title":"Ji\u0159\u00ed Je\u017eek: Egy megt\u00f6rhetetlen l\u00e9lek t\u00f6rt\u00e9nete","og_description":"Adott egy profi, aki saj\u00e1t mag\u00e1nak k\u00f6sz\u00f6nhet mindent, amit el\u00e9rt, szenved\u00e9lye a bring\u00e1z\u00e1s, \u00e9s nem tudja mit jelent feladni b\u00e1rmit. [&hellip;]","og_url":"https:\/\/www.welovecycling.com\/hu\/tour-de-france\/jiri-jezek-egy-megtorhetetlen-lelek-tortenete\/","og_site_name":"\u0160koda We Love Cycling - Magyarorsz\u00e1g","article_publisher":"https:\/\/www.facebook.com\/WeLoveCyclingHungary\/","article_published_time":"2019-06-06T07:00:41+00:00","og_image":[{"width":1800,"height":785,"url":"https:\/\/d2p6e6u75xmxt8.cloudfront.net\/12\/2019\/05\/Untitled-collage-5.jpg","type":"image\/jpeg"}],"author":"hegyizs","twitter_card":"summary_large_image","twitter_misc":{"Written by":"WeLoveCycling","Est. reading time":"5 minutes"},"schema":{"@context":"https:\/\/schema.org","@graph":[{"@type":"WebPage","@id":"https:\/\/www.welovecycling.com\/hu\/tour-de-france\/jiri-jezek-egy-megtorhetetlen-lelek-tortenete\/","url":"https:\/\/www.welovecycling.com\/hu\/tour-de-france\/jiri-jezek-egy-megtorhetetlen-lelek-tortenete\/","name":"Ji\u0159\u00ed Je\u017eek: Egy megt\u00f6rhetetlen l\u00e9lek t\u00f6rt\u00e9nete - \u0160koda We Love Cycling - Magyarorsz\u00e1g","isPartOf":{"@id":"https:\/\/www.welovecycling.com\/hu\/#website"},"primaryImageOfPage":{"@id":"https:\/\/www.welovecycling.com\/hu\/tour-de-france\/jiri-jezek-egy-megtorhetetlen-lelek-tortenete\/#primaryimage"},"image":{"@id":"https:\/\/www.welovecycling.com\/hu\/tour-de-france\/jiri-jezek-egy-megtorhetetlen-lelek-tortenete\/#primaryimage"},"thumbnailUrl":"https:\/\/d2p6e6u75xmxt8.cloudfront.net\/12\/2019\/05\/Untitled-collage-5.jpg","datePublished":"2019-06-06T07:00:41+00:00","author":{"@id":"https:\/\/www.welovecycling.com\/hu\/#\/schema\/person\/414a2aebf1801691a5320edb6468e194"},"breadcrumb":{"@id":"https:\/\/www.welovecycling.com\/hu\/tour-de-france\/jiri-jezek-egy-megtorhetetlen-lelek-tortenete\/#breadcrumb"},"inLanguage":"hu","potentialAction":[{"@type":"ReadAction","target":["https:\/\/www.welovecycling.com\/hu\/tour-de-france\/jiri-jezek-egy-megtorhetetlen-lelek-tortenete\/"]}]},{"@type":"ImageObject","inLanguage":"hu","@id":"https:\/\/www.welovecycling.com\/hu\/tour-de-france\/jiri-jezek-egy-megtorhetetlen-lelek-tortenete\/#primaryimage","url":"https:\/\/d2p6e6u75xmxt8.cloudfront.net\/12\/2019\/05\/Untitled-collage-5.jpg","contentUrl":"https:\/\/d2p6e6u75xmxt8.cloudfront.net\/12\/2019\/05\/Untitled-collage-5.jpg","width":1800,"height":785},{"@type":"BreadcrumbList","@id":"https:\/\/www.welovecycling.com\/hu\/tour-de-france\/jiri-jezek-egy-megtorhetetlen-lelek-tortenete\/#breadcrumb","itemListElement":[{"@type":"ListItem","position":1,"name":"Home","item":"https:\/\/www.welovecycling.com\/hu\/"},{"@type":"ListItem","position":2,"name":"Ji\u0159\u00ed Je\u017eek: Egy megt\u00f6rhetetlen l\u00e9lek t\u00f6rt\u00e9nete"}]},{"@type":"WebSite","@id":"https:\/\/www.welovecycling.com\/hu\/#website","url":"https:\/\/www.welovecycling.com\/hu\/","name":"\u0160koda We Love Cycling - Magyarorsz\u00e1g","description":"\u0160koda WeLoveCycling","potentialAction":[{"@type":"SearchAction","target":{"@type":"EntryPoint","urlTemplate":"https:\/\/www.welovecycling.com\/hu\/?s={search_term_string}"},"query-input":{"@type":"PropertyValueSpecification","valueRequired":true,"valueName":"search_term_string"}}],"inLanguage":"hu"},{"@type":"Person","@id":"https:\/\/www.welovecycling.com\/hu\/#\/schema\/person\/414a2aebf1801691a5320edb6468e194","name":"hegyizs","image":{"@type":"ImageObject","inLanguage":"hu","@id":"https:\/\/www.welovecycling.com\/hu\/#\/schema\/person\/image\/","url":"https:\/\/secure.gravatar.com\/avatar\/02cf8a7906b8cf90cecb4679defac7cfd33a1c2e3b88e4903d947f3bb58eedd3?s=96&d=mm&r=g","contentUrl":"https:\/\/secure.gravatar.com\/avatar\/02cf8a7906b8cf90cecb4679defac7cfd33a1c2e3b88e4903d947f3bb58eedd3?s=96&d=mm&r=g","caption":"hegyizs"},"url":"https:\/\/www.welovecycling.com\/hu\/author\/hegyizs\/"}]}},"_links":{"self":[{"href":"https:\/\/www.welovecycling.com\/hu\/wp-json\/wp\/v2\/posts\/3833","targetHints":{"allow":["GET"]}}],"collection":[{"href":"https:\/\/www.welovecycling.com\/hu\/wp-json\/wp\/v2\/posts"}],"about":[{"href":"https:\/\/www.welovecycling.com\/hu\/wp-json\/wp\/v2\/types\/post"}],"author":[{"embeddable":true,"href":"https:\/\/www.welovecycling.com\/hu\/wp-json\/wp\/v2\/users\/71"}],"replies":[{"embeddable":true,"href":"https:\/\/www.welovecycling.com\/hu\/wp-json\/wp\/v2\/comments?post=3833"}],"version-history":[{"count":2,"href":"https:\/\/www.welovecycling.com\/hu\/wp-json\/wp\/v2\/posts\/3833\/revisions"}],"predecessor-version":[{"id":3855,"href":"https:\/\/www.welovecycling.com\/hu\/wp-json\/wp\/v2\/posts\/3833\/revisions\/3855"}],"wp:featuredmedia":[{"embeddable":true,"href":"https:\/\/www.welovecycling.com\/hu\/wp-json\/wp\/v2\/media\/3841"}],"wp:attachment":[{"href":"https:\/\/www.welovecycling.com\/hu\/wp-json\/wp\/v2\/media?parent=3833"}],"wp:term":[{"taxonomy":"category","embeddable":true,"href":"https:\/\/www.welovecycling.com\/hu\/wp-json\/wp\/v2\/categories?post=3833"},{"taxonomy":"post_tag","embeddable":true,"href":"https:\/\/www.welovecycling.com\/hu\/wp-json\/wp\/v2\/tags?post=3833"},{"taxonomy":"global-categories","embeddable":true,"href":"https:\/\/www.welovecycling.com\/hu\/wp-json\/wp\/v2\/global-categories?post=3833"}],"curies":[{"name":"wp","href":"https:\/\/api.w.org\/{rel}","templated":true}]}}