{"id":3795,"date":"2019-05-30T15:27:03","date_gmt":"2019-05-30T14:27:03","guid":{"rendered":"https:\/\/www.welovecycling.com\/hu\/?p=3795"},"modified":"2019-05-31T15:01:52","modified_gmt":"2019-05-31T14:01:52","slug":"meg-mindig-elen-jar-magyarorszag-a-biciklis-halalesetek-szamaban","status":"publish","type":"post","link":"https:\/\/www.welovecycling.com\/hu\/safety\/meg-mindig-elen-jar-magyarorszag-a-biciklis-halalesetek-szamaban\/","title":{"rendered":"M\u00e9g mindig \u00e9len j\u00e1r Magyarorsz\u00e1g a biciklis hal\u00e1lesetek sz\u00e1m\u00e1ban"},"content":{"rendered":"<p><strong>Az aut\u00f3sokat \u00e9s a bicikliseket is kiakasztotta egy k\u00f6z\u00fati szab\u00e1lytalankod\u00e1sr\u00f3l, majd az azt k\u00f6vet\u0151 \u00f6sszet\u0171z\u00e9sr\u0151l k\u00e9sz\u00fclt felv\u00e9tel a napokban. A vide\u00f3ra \u00e9rkez\u0151 reakci\u00f3kb\u00f3l is l\u00e1tszik, hogy a bring\u00e1s-aut\u00f3s kapcsolat nem felh\u0151tlen, pedig mindk\u00e9t oldal hozz\u00e1\u00e1ll\u00e1s\u00e1n lenne mit jav\u00edtani. A legfrissebb adatok alapj\u00e1n Magyarorsz\u00e1g m\u00e9g mindig dobog\u00f3s helyen szerepel az EU-ban az egymilli\u00f3 f\u0151re jut\u00f3 ker\u00e9kp\u00e1ros hal\u00e1los \u00e1ldozatok sz\u00e1ma alapj\u00e1n, illetve a bicikliseket is \u00e9rint\u0151 balesetek sz\u00e1ma sem elhanyagolhat\u00f3 haz\u00e1nkban. Az odafigyel\u00e9s \u00e9s az egy\u00fcttm\u0171k\u00f6d\u00e9s seg\u00edtene, ez\u00e9rt ind\u00edt kamp\u00e1nyt a We Love Cycling.<\/strong><!--more--><\/p>\n<p>A napokban megjelent egy felv\u00e9tel, amin egy aut\u00f3s-biciklis konfliktust l\u00e1thatunk egy biciklis kamer\u00e1j\u00e1nak <a href=\"https:\/\/www.youtube.com\/watch?v=8a33cePH70o\" target=\"_blank\" rel=\"noopener\">szemsz\u00f6g\u00e9b\u0151l.<\/a> A jelenetben mindk\u00e9t f\u00e9l hib\u00e1zott \u00e9s &#8211; b\u00e1r nem keletkezett s\u00e9r\u00fcl\u00e9s \u2013 \u00f6sszet\u0171z\u00e9sbe torkollik az incidens. A vita pedig az online t\u00e9rben is <a href=\"https:\/\/www.facebook.com\/1257346914344375\/posts\/2256824394396617?s=1714402885&amp;sfns=mo\" target=\"_blank\" rel=\"noopener\">folytat\u00f3dott<\/a>, miut\u00e1n napvil\u00e1got l\u00e1tott a meglep\u0151 felv\u00e9tel. A biciklisek az aut\u00f3sokat okolj\u00e1k, az aut\u00f3sok a bicikliseket. T\u00f6bb fel\u00fcleten m\u00e9g szavaz\u00e1s is indult arr\u00f3l, hogy ki a hib\u00e1s, \u00e9s annak ellen\u00e9re, hogy mindketten azok voltak, m\u00e9gis sokan csak az egyik vagy m\u00e1sik f\u00e9lre szavaztak. Mi sem mutatja jobban, hogy az aut\u00f3sok \u00e9s biciklisek k\u00f6z\u00f6tt egy olyan ellent\u00e9t van, ami a mindennapi k\u00f6zleked\u00e9st is megnehez\u00edti.<\/p>\n<lite-youtube videoid=8a33cePH70o params=\"enablejsapi=1\" style=\"background-image: url('https:\/\/i.ytimg.com\/vi_webp\/8a33cePH70o\/maxresdefault.webp');\"><\/lite-youtube>\n<p><strong>\u00c9len j\u00e1runk a biciklis balesetekben<\/strong><br \/>\nA sajt\u00f3ban terjed\u0151 felv\u00e9telt val\u00f3j\u00e1ban mi, a We Love Cycling ker\u00e9kp\u00e1ros oldal k\u00e9sz\u00edtett\u00fck, a c\u00e9lunk pedig az volt, hogy tesztelj\u00fck, hogyan reag\u00e1lnak a mindennapi k\u00f6zleked\u00e9s r\u00e9sztvev\u0151i a l\u00e1tottakra, illetve felh\u00edvjuk a figyelmet arra, hogy a biciklis-aut\u00f3s kapcsolatokon m\u00e9g mindig van mit jav\u00edtani. A kommentek pedig bizony\u00edtott\u00e1k, hogy sz\u00fcks\u00e9g lenne az odafigyel\u00e9sre, a szab\u00e1lyok betart\u00e1s\u00e1ra \u00e9s az egy\u00fcttm\u0171k\u00f6d\u00e9sre, r\u00e1ad\u00e1sul ezt a statisztikai adatok is al\u00e1t\u00e1masztj\u00e1k. A legut\u00f3bbi Eur\u00f3pai Uni\u00f3s \u00f6sszehasonl\u00edt\u00e1s alapj\u00e1n a k\u00f6z\u00fati hal\u00e1leseteken bel\u00fcl a ker\u00e9kp\u00e1ros balesetek ar\u00e1ny\u00e1ban Magyarorsz\u00e1g sajnos \u00e9len j\u00e1r. M\u00edg az EU-\u00e1tlag azt mutatja, hogy a balesetek 8%-a biciklis baleset, addig haz\u00e1nkban ugyanez a sz\u00e1m 12% , amit csak h\u00e1rom orsz\u00e1g el\u0151z meg. R\u00e1ad\u00e1sul Magyarorsz\u00e1g a dobog\u00f3s helyen szerepel az egymilli\u00f3 f\u0151re jut\u00f3 ker\u00e9kp\u00e1ros hal\u00e1los \u00e1ldozatok sz\u00e1ma alapj\u00e1n is. Az \u00e9ves hal\u00e1los kimenetel\u0171 balesetek \u00e1ldozatai k\u00f6z\u00fcl t\u00edzb\u0151l egy biciklis.<\/p>\n<p><strong>Sz\u00fcks\u00e9g van az eduk\u00e1ci\u00f3ra, figyelmetlenek a felek<\/strong><br \/>\nSajnos a t\u00e9ma nagyon aktu\u00e1lis, hiszen az adatok azt mutatj\u00e1k, hogy a hal\u00e1los kimenetel\u0171 biciklis balesetek csaknem h\u00e1romnegyede m\u00e1jus \u00e9s november k\u00f6z\u00f6tt t\u00f6rt\u00e9nik haz\u00e1nkban. B\u00e1r a ker\u00e9kp\u00e1roz\u00e1s a n\u0151k \u00e9s a f\u00e9rfiak sz\u00e1m\u00e1ra is kedves, m\u00e9gis, t\u00edz \u00e1ldozatb\u00f3l nyolc f\u00e9rfi. Az el\u0151fordul\u00e1s helysz\u00edn\u00e9ben nincs figyelemre m\u00e9lt\u00f3 k\u00fcl\u00f6nbs\u00e9g: ahogyan Gy\u0151rfi P\u00e1l, az Orsz\u00e1gos Ment\u0151szolg\u00e1lat sz\u00f3viv\u0151je elmondta, a biciklis kapcsol\u00f3d\u00e1s\u00fa balesetekn\u00e9l k\u00f6r\u00fclbel\u00fcl egyenl\u0151 ar\u00e1nyban oszlanak meg a telep\u00fcl\u00e9sen bel\u00fcli \u00e9s azon k\u00edv\u00fcli esetek. M\u00edg v\u00e1roson k\u00edv\u00fcl legt\u00f6bbsz\u00f6r a h\u00e1tulr\u00f3l el\u00fct\u00e9s, az el\u0151z\u00e9s k\u00f6zben t\u00f6rt\u00e9n\u0151 elsodr\u00e1s az, ami bek\u00f6vetkezik, v\u00e1roson bel\u00fcl gyakoribb a figyelmetlen ajt\u00f3nyit\u00e1s \u00e9s a kanyarod\u00e1s k\u00f6zben bek\u00f6vetkez\u0151 baleset. Abban pedig, hogy az egyik, vagy a m\u00e1sik f\u00e9l lenne gyakrabban hib\u00e1s, nincs \u00e1ltal\u00e1nos igazs\u00e1g: \u00e9ppen ugyanannyi szab\u00e1lys\u00e9rt\u00e9s t\u00f6rt\u00e9nik egy-egy aut\u00f3s-biciklis baleset kapcs\u00e1n az aut\u00f3sok \u00e9s a biciklisek r\u00e9sz\u00e9r\u0151l is.<\/p>\n<p><strong>Megel\u0151zhet\u0151 lenne a trag\u00e9dia<\/strong><br \/>\n<em>\u201cKor\u00e1bban 25 \u00e9vig dolgoztam ment\u0151sk\u00e9nt, \u00e9s m\u00e9g mindig sz\u00f6rny\u0171 eml\u00e9k a hal\u00e1lra g\u00e1zolt ker\u00e9kp\u00e1ros fiatalember, vagy a biciklis gyerek esete, akit egy kanyarod\u00f3 kamion \u00fct\u00f6tt el. Szomor\u00fa, hogy az ehhez hasonl\u00f3 trag\u00e9di\u00e1k sora \u00e9vr\u0151l-\u00e9vre megism\u00e9tl\u0151dik. Az OMSZ adatai alapj\u00e1n is l\u00e1tjuk, hogy a bicikliz\u00e9snek &#8211; \u00e9s ezzel a balesetek bek\u00f6vetkez\u00e9s\u00e9nek is &#8211; szezonja van, hiszen a janu\u00e1ri sz\u00e1mokhoz k\u00e9pest \u00e1prilisban is m\u00e1r megdupl\u00e1z\u00f3dott a ker\u00e9kp\u00e1ros balesetek sz\u00e1ma. \u00c9ppen ez\u00e9rt \u00f6r\u00fcl\u00fcnk, hogy a We Love Cycling felv\u00e1llalta, hogy ir\u00e1nyt mutat mind az aut\u00f3soknak, mind a bicikliseknek, hogy elker\u00fclhet\u0151k legyenek az ilyen jelleg\u0171 incidensek\u201d<\/em> &#8211; mondta Gy\u0151rfi P\u00e1l.<\/p>\n<p>A We Love Cycling egy ismertet\u0151 vide\u00f3sorozattal szeretn\u00e9 felr\u00e1zni a biciklis \u00e9s aut\u00f3s t\u00e1rsadalmat, hogy l\u00e1ss\u00e1k, melyek azok a legalapvet\u0151bb hib\u00e1k, amelyeket sajnos nagyon sokszor elk\u00f6vetnek, legyen sz\u00f3 b\u00e1rmelyik f\u00e9lr\u0151l. Emellett pedig saj\u00e1t <a href=\"https:\/\/www.welovecycling.com\/hu\/safety\/\">oldalunkon<\/a> is tan\u00e1csokkal l\u00e1tjuk el az aut\u00f3sokat \u00e9s a bicikliseket arr\u00f3l, hogy hogyan \u00e9rdemes elker\u00fclni azokat a szab\u00e1lytalans\u00e1gokat, hib\u00e1kat, melyek a legt\u00f6bb baleset bek\u00f6vetkez\u00e9s\u00e9\u00e9rt felel\u0151sek.<\/p>\n<p><span style=\"font-size: 10pt;\"><em><strong>[1]<\/strong><\/em> <em>Forr\u00e1s: <\/em><em>Traffic Safety Basic Facts 2018<br \/>\n<\/em><a href=\"https:\/\/ec.europa.eu\/transport\/road_safety\/sites\/roadsafety\/files\/pdf\/statistics\/dacota\/bfs20xx_cyclists.pdf\"><em>https:\/\/ec.europa.eu\/transport\/road_safety\/sites\/roadsafety\/files\/pdf\/statistics\/dacota\/bfs20xx_cyclists.pdf<\/em><\/a><br \/>\n<\/span><span style=\"font-size: 10pt;\"><em><strong>[1]<\/strong><\/em><em> KSH \u2013 Szem\u00e9lyis\u00e9r\u00fcl\u00e9ses k\u00f6z\u00fati balesetek<br \/>\n<\/em><\/span><a href=\"http:\/\/www.ksh.hu\/docs\/hun\/xstadat\/xstadat_evkozi\/e_ods001.html\" target=\"_blank\" rel=\"noopener\"><em><span style=\"font-size: 10pt;\">http:\/\/www.ksh.hu\/docs\/hun\/xstadat\/xstadat_evkozi\/e_ods001.html<\/span><\/em><\/a><\/p>\n","protected":false},"excerpt":{"rendered":"<p>Az aut\u00f3sokat \u00e9s a bicikliseket is kiakasztotta egy k\u00f6z\u00fati szab\u00e1lytalankod\u00e1sr\u00f3l, majd az azt k\u00f6vet\u0151 \u00f6sszet\u0171z\u00e9sr\u0151l k\u00e9sz\u00fclt felv\u00e9tel a napokban. A [&hellip;]<\/p>\n","protected":false},"author":71,"featured_media":3831,"comment_status":"open","ping_status":"open","sticky":false,"template":"","format":"standard","meta":{"footnotes":""},"categories":[389],"tags":[],"global-categories":[],"class_list":["post-3795","post","type-post","status-publish","format-standard","has-post-thumbnail","hentry","category-safety"],"yoast_head":"<!-- This site is optimized with the Yoast SEO Premium plugin v25.3 (Yoast SEO v25.9) - https:\/\/yoast.com\/wordpress\/plugins\/seo\/ -->\n<title>M\u00e9g mindig \u00e9len j\u00e1r Magyarorsz\u00e1g a biciklis hal\u00e1lesetek sz\u00e1m\u00e1ban - \u0160koda We Love Cycling - Magyarorsz\u00e1g<\/title>\n<meta name=\"robots\" content=\"index, follow, max-snippet:-1, max-image-preview:large, max-video-preview:-1\" \/>\n<link rel=\"canonical\" href=\"https:\/\/www.welovecycling.com\/hu\/safety\/meg-mindig-elen-jar-magyarorszag-a-biciklis-halalesetek-szamaban\/\" \/>\n<meta property=\"og:locale\" content=\"hu_HU\" \/>\n<meta property=\"og:type\" content=\"article\" \/>\n<meta property=\"og:title\" content=\"M\u00e9g mindig \u00e9len j\u00e1r Magyarorsz\u00e1g a biciklis hal\u00e1lesetek sz\u00e1m\u00e1ban\" \/>\n<meta property=\"og:description\" content=\"Az aut\u00f3sokat \u00e9s a bicikliseket is kiakasztotta egy k\u00f6z\u00fati szab\u00e1lytalankod\u00e1sr\u00f3l, majd az azt k\u00f6vet\u0151 \u00f6sszet\u0171z\u00e9sr\u0151l k\u00e9sz\u00fclt felv\u00e9tel a napokban.\" \/>\n<meta property=\"og:url\" content=\"https:\/\/www.welovecycling.com\/hu\/safety\/meg-mindig-elen-jar-magyarorszag-a-biciklis-halalesetek-szamaban\/\" \/>\n<meta property=\"og:site_name\" content=\"\u0160koda We Love Cycling - Magyarorsz\u00e1g\" \/>\n<meta property=\"article:publisher\" content=\"https:\/\/www.facebook.com\/WeLoveCyclingHungary\/\" \/>\n<meta property=\"article:published_time\" content=\"2019-05-30T14:27:03+00:00\" \/>\n<meta property=\"article:modified_time\" content=\"2019-05-31T14:01:52+00:00\" \/>\n<meta name=\"author\" content=\"hegyizs\" \/>\n<meta name=\"twitter:card\" content=\"summary_large_image\" \/>\n<meta name=\"twitter:title\" content=\"M\u00e9g mindig \u00e9len j\u00e1r Magyarorsz\u00e1g a biciklis hal\u00e1lesetek sz\u00e1m\u00e1ban\" \/>\n<meta name=\"twitter:image\" content=\"https:\/\/d2p6e6u75xmxt8.cloudfront.net\/12\/2019\/05\/WL008_webbanner_1380x600_cikk.jpg\" \/>\n<meta name=\"twitter:label1\" content=\"Written by\" \/>\n\t<meta name=\"twitter:data1\" content=\"WLC\" \/>\n\t<meta name=\"twitter:label2\" content=\"Est. reading time\" \/>\n\t<meta name=\"twitter:data2\" content=\"5 minutes\" \/>\n<script type=\"application\/ld+json\" class=\"yoast-schema-graph\">{\"@context\":\"https:\/\/schema.org\",\"@graph\":[{\"@type\":\"WebPage\",\"@id\":\"https:\/\/www.welovecycling.com\/hu\/safety\/meg-mindig-elen-jar-magyarorszag-a-biciklis-halalesetek-szamaban\/\",\"url\":\"https:\/\/www.welovecycling.com\/hu\/safety\/meg-mindig-elen-jar-magyarorszag-a-biciklis-halalesetek-szamaban\/\",\"name\":\"M\u00e9g mindig \u00e9len j\u00e1r Magyarorsz\u00e1g a biciklis hal\u00e1lesetek sz\u00e1m\u00e1ban - \u0160koda We Love Cycling - Magyarorsz\u00e1g\",\"isPartOf\":{\"@id\":\"https:\/\/www.welovecycling.com\/hu\/#website\"},\"primaryImageOfPage\":{\"@id\":\"https:\/\/www.welovecycling.com\/hu\/safety\/meg-mindig-elen-jar-magyarorszag-a-biciklis-halalesetek-szamaban\/#primaryimage\"},\"image\":{\"@id\":\"https:\/\/www.welovecycling.com\/hu\/safety\/meg-mindig-elen-jar-magyarorszag-a-biciklis-halalesetek-szamaban\/#primaryimage\"},\"thumbnailUrl\":\"https:\/\/d2p6e6u75xmxt8.cloudfront.net\/12\/2019\/05\/WL008_webbanner_1380x600_cikk.jpg\",\"datePublished\":\"2019-05-30T14:27:03+00:00\",\"dateModified\":\"2019-05-31T14:01:52+00:00\",\"author\":{\"@id\":\"https:\/\/www.welovecycling.com\/hu\/#\/schema\/person\/414a2aebf1801691a5320edb6468e194\"},\"breadcrumb\":{\"@id\":\"https:\/\/www.welovecycling.com\/hu\/safety\/meg-mindig-elen-jar-magyarorszag-a-biciklis-halalesetek-szamaban\/#breadcrumb\"},\"inLanguage\":\"hu\",\"potentialAction\":[{\"@type\":\"ReadAction\",\"target\":[\"https:\/\/www.welovecycling.com\/hu\/safety\/meg-mindig-elen-jar-magyarorszag-a-biciklis-halalesetek-szamaban\/\"]}]},{\"@type\":\"ImageObject\",\"inLanguage\":\"hu\",\"@id\":\"https:\/\/www.welovecycling.com\/hu\/safety\/meg-mindig-elen-jar-magyarorszag-a-biciklis-halalesetek-szamaban\/#primaryimage\",\"url\":\"https:\/\/d2p6e6u75xmxt8.cloudfront.net\/12\/2019\/05\/WL008_webbanner_1380x600_cikk.jpg\",\"contentUrl\":\"https:\/\/d2p6e6u75xmxt8.cloudfront.net\/12\/2019\/05\/WL008_webbanner_1380x600_cikk.jpg\",\"width\":1380,\"height\":600},{\"@type\":\"BreadcrumbList\",\"@id\":\"https:\/\/www.welovecycling.com\/hu\/safety\/meg-mindig-elen-jar-magyarorszag-a-biciklis-halalesetek-szamaban\/#breadcrumb\",\"itemListElement\":[{\"@type\":\"ListItem\",\"position\":1,\"name\":\"Home\",\"item\":\"https:\/\/www.welovecycling.com\/hu\/\"},{\"@type\":\"ListItem\",\"position\":2,\"name\":\"M\u00e9g mindig \u00e9len j\u00e1r Magyarorsz\u00e1g a biciklis hal\u00e1lesetek sz\u00e1m\u00e1ban\"}]},{\"@type\":\"WebSite\",\"@id\":\"https:\/\/www.welovecycling.com\/hu\/#website\",\"url\":\"https:\/\/www.welovecycling.com\/hu\/\",\"name\":\"\u0160koda We Love Cycling - Magyarorsz\u00e1g\",\"description\":\"\u0160koda WeLoveCycling\",\"potentialAction\":[{\"@type\":\"SearchAction\",\"target\":{\"@type\":\"EntryPoint\",\"urlTemplate\":\"https:\/\/www.welovecycling.com\/hu\/?s={search_term_string}\"},\"query-input\":{\"@type\":\"PropertyValueSpecification\",\"valueRequired\":true,\"valueName\":\"search_term_string\"}}],\"inLanguage\":\"hu\"},{\"@type\":\"Person\",\"@id\":\"https:\/\/www.welovecycling.com\/hu\/#\/schema\/person\/414a2aebf1801691a5320edb6468e194\",\"name\":\"hegyizs\",\"image\":{\"@type\":\"ImageObject\",\"inLanguage\":\"hu\",\"@id\":\"https:\/\/www.welovecycling.com\/hu\/#\/schema\/person\/image\/\",\"url\":\"https:\/\/secure.gravatar.com\/avatar\/02cf8a7906b8cf90cecb4679defac7cfd33a1c2e3b88e4903d947f3bb58eedd3?s=96&d=mm&r=g\",\"contentUrl\":\"https:\/\/secure.gravatar.com\/avatar\/02cf8a7906b8cf90cecb4679defac7cfd33a1c2e3b88e4903d947f3bb58eedd3?s=96&d=mm&r=g\",\"caption\":\"hegyizs\"},\"url\":\"https:\/\/www.welovecycling.com\/hu\/author\/hegyizs\/\"}]}<\/script>\n<!-- \/ Yoast SEO Premium plugin. -->","yoast_head_json":{"title":"M\u00e9g mindig \u00e9len j\u00e1r Magyarorsz\u00e1g a biciklis hal\u00e1lesetek sz\u00e1m\u00e1ban - \u0160koda We Love Cycling - Magyarorsz\u00e1g","robots":{"index":"index","follow":"follow","max-snippet":"max-snippet:-1","max-image-preview":"max-image-preview:large","max-video-preview":"max-video-preview:-1"},"canonical":"https:\/\/www.welovecycling.com\/hu\/safety\/meg-mindig-elen-jar-magyarorszag-a-biciklis-halalesetek-szamaban\/","og_locale":"hu_HU","og_type":"article","og_title":"M\u00e9g mindig \u00e9len j\u00e1r Magyarorsz\u00e1g a biciklis hal\u00e1lesetek sz\u00e1m\u00e1ban","og_description":"Az aut\u00f3sokat \u00e9s a bicikliseket is kiakasztotta egy k\u00f6z\u00fati szab\u00e1lytalankod\u00e1sr\u00f3l, majd az azt k\u00f6vet\u0151 \u00f6sszet\u0171z\u00e9sr\u0151l k\u00e9sz\u00fclt felv\u00e9tel a napokban.","og_url":"https:\/\/www.welovecycling.com\/hu\/safety\/meg-mindig-elen-jar-magyarorszag-a-biciklis-halalesetek-szamaban\/","og_site_name":"\u0160koda We Love Cycling - Magyarorsz\u00e1g","article_publisher":"https:\/\/www.facebook.com\/WeLoveCyclingHungary\/","article_published_time":"2019-05-30T14:27:03+00:00","article_modified_time":"2019-05-31T14:01:52+00:00","author":"hegyizs","twitter_card":"summary_large_image","twitter_title":"M\u00e9g mindig \u00e9len j\u00e1r Magyarorsz\u00e1g a biciklis hal\u00e1lesetek sz\u00e1m\u00e1ban","twitter_image":"https:\/\/d2p6e6u75xmxt8.cloudfront.net\/12\/2019\/05\/WL008_webbanner_1380x600_cikk.jpg","twitter_misc":{"Written by":"WLC","Est. reading time":"5 minutes"},"schema":{"@context":"https:\/\/schema.org","@graph":[{"@type":"WebPage","@id":"https:\/\/www.welovecycling.com\/hu\/safety\/meg-mindig-elen-jar-magyarorszag-a-biciklis-halalesetek-szamaban\/","url":"https:\/\/www.welovecycling.com\/hu\/safety\/meg-mindig-elen-jar-magyarorszag-a-biciklis-halalesetek-szamaban\/","name":"M\u00e9g mindig \u00e9len j\u00e1r Magyarorsz\u00e1g a biciklis hal\u00e1lesetek sz\u00e1m\u00e1ban - \u0160koda We Love Cycling - Magyarorsz\u00e1g","isPartOf":{"@id":"https:\/\/www.welovecycling.com\/hu\/#website"},"primaryImageOfPage":{"@id":"https:\/\/www.welovecycling.com\/hu\/safety\/meg-mindig-elen-jar-magyarorszag-a-biciklis-halalesetek-szamaban\/#primaryimage"},"image":{"@id":"https:\/\/www.welovecycling.com\/hu\/safety\/meg-mindig-elen-jar-magyarorszag-a-biciklis-halalesetek-szamaban\/#primaryimage"},"thumbnailUrl":"https:\/\/d2p6e6u75xmxt8.cloudfront.net\/12\/2019\/05\/WL008_webbanner_1380x600_cikk.jpg","datePublished":"2019-05-30T14:27:03+00:00","dateModified":"2019-05-31T14:01:52+00:00","author":{"@id":"https:\/\/www.welovecycling.com\/hu\/#\/schema\/person\/414a2aebf1801691a5320edb6468e194"},"breadcrumb":{"@id":"https:\/\/www.welovecycling.com\/hu\/safety\/meg-mindig-elen-jar-magyarorszag-a-biciklis-halalesetek-szamaban\/#breadcrumb"},"inLanguage":"hu","potentialAction":[{"@type":"ReadAction","target":["https:\/\/www.welovecycling.com\/hu\/safety\/meg-mindig-elen-jar-magyarorszag-a-biciklis-halalesetek-szamaban\/"]}]},{"@type":"ImageObject","inLanguage":"hu","@id":"https:\/\/www.welovecycling.com\/hu\/safety\/meg-mindig-elen-jar-magyarorszag-a-biciklis-halalesetek-szamaban\/#primaryimage","url":"https:\/\/d2p6e6u75xmxt8.cloudfront.net\/12\/2019\/05\/WL008_webbanner_1380x600_cikk.jpg","contentUrl":"https:\/\/d2p6e6u75xmxt8.cloudfront.net\/12\/2019\/05\/WL008_webbanner_1380x600_cikk.jpg","width":1380,"height":600},{"@type":"BreadcrumbList","@id":"https:\/\/www.welovecycling.com\/hu\/safety\/meg-mindig-elen-jar-magyarorszag-a-biciklis-halalesetek-szamaban\/#breadcrumb","itemListElement":[{"@type":"ListItem","position":1,"name":"Home","item":"https:\/\/www.welovecycling.com\/hu\/"},{"@type":"ListItem","position":2,"name":"M\u00e9g mindig \u00e9len j\u00e1r Magyarorsz\u00e1g a biciklis hal\u00e1lesetek sz\u00e1m\u00e1ban"}]},{"@type":"WebSite","@id":"https:\/\/www.welovecycling.com\/hu\/#website","url":"https:\/\/www.welovecycling.com\/hu\/","name":"\u0160koda We Love Cycling - Magyarorsz\u00e1g","description":"\u0160koda WeLoveCycling","potentialAction":[{"@type":"SearchAction","target":{"@type":"EntryPoint","urlTemplate":"https:\/\/www.welovecycling.com\/hu\/?s={search_term_string}"},"query-input":{"@type":"PropertyValueSpecification","valueRequired":true,"valueName":"search_term_string"}}],"inLanguage":"hu"},{"@type":"Person","@id":"https:\/\/www.welovecycling.com\/hu\/#\/schema\/person\/414a2aebf1801691a5320edb6468e194","name":"hegyizs","image":{"@type":"ImageObject","inLanguage":"hu","@id":"https:\/\/www.welovecycling.com\/hu\/#\/schema\/person\/image\/","url":"https:\/\/secure.gravatar.com\/avatar\/02cf8a7906b8cf90cecb4679defac7cfd33a1c2e3b88e4903d947f3bb58eedd3?s=96&d=mm&r=g","contentUrl":"https:\/\/secure.gravatar.com\/avatar\/02cf8a7906b8cf90cecb4679defac7cfd33a1c2e3b88e4903d947f3bb58eedd3?s=96&d=mm&r=g","caption":"hegyizs"},"url":"https:\/\/www.welovecycling.com\/hu\/author\/hegyizs\/"}]}},"_links":{"self":[{"href":"https:\/\/www.welovecycling.com\/hu\/wp-json\/wp\/v2\/posts\/3795","targetHints":{"allow":["GET"]}}],"collection":[{"href":"https:\/\/www.welovecycling.com\/hu\/wp-json\/wp\/v2\/posts"}],"about":[{"href":"https:\/\/www.welovecycling.com\/hu\/wp-json\/wp\/v2\/types\/post"}],"author":[{"embeddable":true,"href":"https:\/\/www.welovecycling.com\/hu\/wp-json\/wp\/v2\/users\/71"}],"replies":[{"embeddable":true,"href":"https:\/\/www.welovecycling.com\/hu\/wp-json\/wp\/v2\/comments?post=3795"}],"version-history":[{"count":2,"href":"https:\/\/www.welovecycling.com\/hu\/wp-json\/wp\/v2\/posts\/3795\/revisions"}],"predecessor-version":[{"id":3863,"href":"https:\/\/www.welovecycling.com\/hu\/wp-json\/wp\/v2\/posts\/3795\/revisions\/3863"}],"wp:featuredmedia":[{"embeddable":true,"href":"https:\/\/www.welovecycling.com\/hu\/wp-json\/wp\/v2\/media\/3831"}],"wp:attachment":[{"href":"https:\/\/www.welovecycling.com\/hu\/wp-json\/wp\/v2\/media?parent=3795"}],"wp:term":[{"taxonomy":"category","embeddable":true,"href":"https:\/\/www.welovecycling.com\/hu\/wp-json\/wp\/v2\/categories?post=3795"},{"taxonomy":"post_tag","embeddable":true,"href":"https:\/\/www.welovecycling.com\/hu\/wp-json\/wp\/v2\/tags?post=3795"},{"taxonomy":"global-categories","embeddable":true,"href":"https:\/\/www.welovecycling.com\/hu\/wp-json\/wp\/v2\/global-categories?post=3795"}],"curies":[{"name":"wp","href":"https:\/\/api.w.org\/{rel}","templated":true}]}}