{"id":3778,"date":"2019-05-30T14:18:48","date_gmt":"2019-05-30T13:18:48","guid":{"rendered":"https:\/\/www.welovecycling.com\/hu\/?p=3778"},"modified":"2019-05-30T14:19:02","modified_gmt":"2019-05-30T13:19:02","slug":"mit-jelent-a-jobb-horog-a-kerekparozasban-es-hogyan-elozzuk-meg","status":"publish","type":"post","link":"https:\/\/www.welovecycling.com\/hu\/biztonsag\/mit-jelent-a-jobb-horog-a-kerekparozasban-es-hogyan-elozzuk-meg\/","title":{"rendered":"Mit jelent a jobb horog a ker\u00e9kp\u00e1roz\u00e1sban \u00e9s hogyan el\u0151zz\u00fck meg?"},"content":{"rendered":"<p><strong>Egy pillanatnyi figyelemveszt\u00e9s, egy jobb horog \u00e9s m\u00e1ris a f\u00f6ld\u00f6n tal\u00e1lod magad. Nem az \u00f6k\u00f6lv\u00edv\u00e1sr\u00f3l besz\u00e9l\u00fcnk most, hanem egy egyszer\u0171 h\u00e9tk\u00f6znapi munk\u00e1ba teker\u00e9sr\u0151l. Az \u00fagynevezett jobb horog egyike a legalattomosabb dolgoknak, amelyek a biciklisekkel megt\u00f6rt\u00e9nhetnek az utakon. Igen, ez m\u00e9g mindig egy \u00e1ltal\u00e1nos jelens\u00e9g. Mi az pontosan, ami a legnagyobb fenyeget\u00e9st jelenti, \u00e9s hogyan el\u0151zd meg? Felkerest\u00fck a \u0160koda AUTO biztons\u00e1gi kutat\u00f3csoportj\u00e1nak szak\u00e9rt\u0151j\u00e9t, Robert \u0160\u0165astn\u00fdt, hogy n\u00e9mi magyar\u00e1zatot kapjunk.<\/strong><\/p>\n<p><!--more--><\/p>\n<p>\u00dagy t\u0171nhet ugyan, hogy ez nem egy sz\u00e9les k\u00f6rben ismert dolog, de n\u00e9h\u00e1ny orsz\u00e1gban, ez az egyik leggyakoribb oka az aut\u00f3sok \u00e9s bring\u00e1sok \u00fctk\u00f6z\u00e9seinek. A szitu\u00e1ci\u00f3 pedig a k\u00f6vetkez\u0151k\u00e9pp n\u00e9z ki: a biciklis a ker\u00e9kp\u00e1rs\u00e1vban vagy az \u00fat sz\u00e9l\u00e9n teker, balr\u00f3l elkezdi el\u0151zni egy aut\u00f3, amely ut\u00e1na jobbra akar kanyarodni. \u00d3hatatlanul keresztezni fogja a biciklis \u00fatj\u00e1t. Ha a bring\u00e1snak van el\u00e9g ideje, hogy ber\u00e1ntsa a f\u00e9keket, az eredm\u00e9ny val\u00f3sz\u00edn\u0171leg csup\u00e1n egy-k\u00e9t m\u00e9rges gesztusv\u00e1lt\u00e1sban kimer\u00fcl. \u00c1m ha a sof\u0151r hirtelen kanyarodik jobbra, pont a ker\u00e9kp\u00e1ros els\u0151 kereke el\u0151tt \u2013 amivel gyakorlatilag beviszi azt a bizonyos jobb horgot \u2013 a biciklis minden bizonnyal az aut\u00f3 oldal\u00e1nak fog csap\u00f3dni. Sisakkal vagy n\u00e9lk\u00fcle, ilyesmit senki sem k\u00edv\u00e1n mag\u00e1nak.<\/p>\n<p><a href=\"https:\/\/d2p6e6u75xmxt8.cloudfront.net\/12\/2019\/05\/WLC_SS_Infographics_RightHook_v3.jpg\"><img loading=\"lazy\" decoding=\"async\" class=\"alignnone size-full wp-image-3780\" src=\"https:\/\/d2p6e6u75xmxt8.cloudfront.net\/12\/2019\/05\/WLC_SS_Infographics_RightHook_v3.jpg\" alt=\"\" width=\"1080\" height=\"1080\" srcset=\"https:\/\/d2p6e6u75xmxt8.cloudfront.net\/12\/2019\/05\/WLC_SS_Infographics_RightHook_v3.jpg 1080w, https:\/\/d2p6e6u75xmxt8.cloudfront.net\/12\/2019\/05\/WLC_SS_Infographics_RightHook_v3-150x150.jpg 150w, https:\/\/d2p6e6u75xmxt8.cloudfront.net\/12\/2019\/05\/WLC_SS_Infographics_RightHook_v3-300x300.jpg 300w, https:\/\/d2p6e6u75xmxt8.cloudfront.net\/12\/2019\/05\/WLC_SS_Infographics_RightHook_v3-768x768.jpg 768w, https:\/\/d2p6e6u75xmxt8.cloudfront.net\/12\/2019\/05\/WLC_SS_Infographics_RightHook_v3-1024x1024.jpg 1024w\" sizes=\"auto, (max-width: 1080px) 100vw, 1080px\" \/><\/a><\/p>\n<p>A ker\u00e9kp\u00e1ros szempontj\u00e1b\u00f3l ez egy teljesen egy\u00e9rtelm\u0171 h\u00e1tba d\u00f6f\u00e9s. Az aut\u00f3s vagy nem l\u00e1tja \u0151t egy\u00e1ltal\u00e1n, vagy rosszul m\u00e9ri fel a sebess\u00e9get, \u00e9s valami okn\u00e1l fogva azt gondolja, hogy siker\u00fcl bekanyarodnia miel\u0151tt keresztezn\u00e9 a bring\u00e1s \u00fatj\u00e1t. F\u00fcggetlen\u00fcl att\u00f3l, hogy a kiv\u00e1lt\u00f3 ok a t\u00e9ves helyzetfelm\u00e9r\u00e9s vagy az, hogy az aut\u00f3s nem l\u00e1tta, a bring\u00e1s vagy fejjel az aut\u00f3 ajtaj\u00e1ban, vagy a motorh\u00e1ztet\u0151n bukfencezve v\u00e9gzi. Val\u00f3sz\u00edn\u0171leg egyik kimenetel sem fog j\u00f3l v\u00e9gz\u0151dni sz\u00e1m\u00e1ra.<\/p>\n<p>Hogyan el\u0151zd ezt meg? Ugyan lehet, hogy van, aki szerint a teljes felel\u0151ss\u00e9g az aut\u00f3st terheli \u00e9s a biciklis csup\u00e1n a passz\u00edv \u00e1ldozat szerep\u00e9t t\u00f6lti be, val\u00f3j\u00e1ban mindk\u00e9t f\u00e9l tehet az\u00e9rt, hogy az ilyen baleseteket megel\u0151zze.<\/p>\n<h2><strong>A biciklis-aut\u00f3s egy\u00fcttm\u0171k\u00f6d\u00e9s<\/strong><\/h2>\n<p>Abban a pillanatban, amikor az aut\u00f3s el\u0151zi a biciklist \u00e9s kiteszi a jobb indexet, a biciklis elhagyhatja a bring\u00e1s s\u00e1vot \u00e9s besorolhat az aut\u00f3 m\u00f6g\u00e9. Amint az aut\u00f3 befordul, a bring\u00e1s megker\u00fclheti oldalr\u00f3l, vagy megv\u00e1rhatja, hogy az aut\u00f3 jobbr\u00f3l megel\u0151zze. Azt is lehetne mondani, hogy az aut\u00f3 \u00e9s a ker\u00e9kp\u00e1r s\u00e1vot cser\u00e9lnek egy pillanat erej\u00e9ig \u2013 az aut\u00f3s kih\u00faz\u00f3dik a biciklis s\u00e1vba vagy az \u00fat sz\u00e9l\u00e9re, a biciklis pedig befel\u00e9 az aut\u00f3s\u00e1vba. Term\u00e9szetesen a helyzet megk\u00edv\u00e1nja, hogy a bring\u00e1s h\u00e1trapillantson \u00e9s ellen\u0151rizze, hogy nincs-e a kanyarod\u00f3 aut\u00f3 m\u00f6g\u00f6tt m\u00e1sik aut\u00f3, amelyet akad\u00e1lyozna.<\/p>\n<p>Ez a csere akkor m\u0171k\u00f6dik a legjobban, ha a biciklis \u00e9s a sof\u0151r is tiszt\u00e1ban vannak a m\u00e1sik jelenl\u00e9t\u00e9vel, \u00e9s olyan form\u00e1ban kommunik\u00e1lnak egym\u00e1ssal, amely a k\u00f6zleked\u00e9s minden r\u00e9sztvev\u0151je sz\u00e1m\u00e1ra egy\u00e9rtelm\u0171. A bring\u00e1s a k\u00f6zeled\u0151 aut\u00f3s fel\u00e9 fordul, jelez a bal kez\u00e9vel, hogy el akarja hagyni a ker\u00e9kp\u00e1rs\u00e1vot \u00e9s befel\u00e9 akar h\u00faz\u00f3dni, az aut\u00f3s pedig az indexet kit\u00e9ve el\u0151z, hogy a biciklis el\u00e9 ker\u00fclj\u00f6n a ker\u00e9kp\u00e1rs\u00e1vban \u00e9s sikeresen jobbra tudjon kanyarodni a biciklis vesz\u00e9lyeztet\u00e9se n\u00e9lk\u00fcl.<\/p>\n<p>https:\/\/www.instagram.com\/p\/BBDAVUuillv\/?utm_source=ig_embed<\/p>\n<p>A m\u00e1sik lehet\u0151s\u00e9g m\u00e9g egyszer\u0171bb a bring\u00e1s sz\u00e1m\u00e1ra, de t\u00f6bb t\u00fcrelmet ig\u00e9nyel az aut\u00f3s r\u00e9sz\u00e9r\u0151l. A jobbra kanyarodni sz\u00e1nd\u00e9koz\u00f3 aut\u00f3 k\u00f6zelebb h\u00faz\u00f3dik a ker\u00e9kp\u00e1roshoz, lelass\u00edt ugyanarra a sebess\u00e9gre \u00e9s besorol m\u00f6g\u00e9, hogy akkor hajtsa v\u00e9gre a kanyarod\u00e1si man\u0151vert, amikor a bring\u00e1s m\u00e1r \u00e9pp biztons\u00e1gban \u00e1thalad a keresztez\u0151d\u00e9sen.<\/p>\n<p>Egy m\u00e1sik lehets\u00e9ges forr\u00e1sa a vesz\u00e9lyes szitu\u00e1ci\u00f3knak, amikor t\u00f6bb aut\u00f3 torl\u00f3dik fel egym\u00e1s m\u00f6g\u00f6tt a piros l\u00e1mp\u00e1n\u00e1l. Ek\u00f6zben a bring\u00e1s megker\u00fcli \u0151ket a ker\u00e9kp\u00e1rs\u00e1vban vagy az \u00fat sz\u00e9l\u00e9n tekerve. Abban a pillanatban, hogy a l\u00e1mpa z\u00f6ldre v\u00e1lt, az aut\u00f3sok a g\u00e1zra l\u00e9pnek \u2013 egy vagy kett\u0151 megy egyenesen tov\u00e1bb, nem vesz\u00e9lyeztetve a biciklist \u2013, \u00e1m a harmadik aut\u00f3 jobbra kanyarodik, pont akkor, amikor a bring\u00e1s is \u00e1t akarna kelni a keresztez\u0151d\u00e9sen.<\/p>\n<p>Egy egy\u00e9rtelm\u0171 jobb horog ism\u00e9t! Ha a bring\u00e1s ki akarja v\u00e9deni az \u00fctk\u00f6z\u00e9st, a legjobb amit tehet, hogy a sebess\u00e9g\u00e9t a z\u00f6ldre v\u00e1lt\u00e1s ut\u00e1n megindul\u00f3 aut\u00f3khoz igaz\u00edtja \u00e9s fesz\u00fclten figyeli, hogy nem indexel-e valamelyik jobbra. M\u00e1sfel\u0151l, az aut\u00f3soknak is id\u0151ben kell jelezni\u00fck a kanyarod\u00e1si sz\u00e1nd\u00e9kukat. Az index j\u00f3l id\u0151z\u00edtett haszn\u00e1lata az egyik legfontosabb dolog, amellyel megk\u00f6nny\u00edthetj\u00fck m\u00e1sok \u00e9let\u00e9t.<\/p>\n<figure id=\"attachment_3781\" aria-describedby=\"caption-attachment-3781\" style=\"width: 680px\" class=\"wp-caption alignnone\"><a href=\"https:\/\/d2p6e6u75xmxt8.cloudfront.net\/12\/2019\/05\/overtaking-Clearance.jpg\"><img loading=\"lazy\" decoding=\"async\" class=\"wp-image-3781 size-full\" src=\"https:\/\/d2p6e6u75xmxt8.cloudfront.net\/12\/2019\/05\/overtaking-Clearance.jpg\" alt=\"\" width=\"680\" height=\"382\" srcset=\"https:\/\/d2p6e6u75xmxt8.cloudfront.net\/12\/2019\/05\/overtaking-Clearance.jpg 680w, https:\/\/d2p6e6u75xmxt8.cloudfront.net\/12\/2019\/05\/overtaking-Clearance-300x169.jpg 300w\" sizes=\"auto, (max-width: 680px) 100vw, 680px\" \/><\/a><figcaption id=\"caption-attachment-3781\" class=\"wp-caption-text\"><em>A Birmingham Cycle Revolution nev\u0171 projekt \u00e1ltal finansz\u00edrozott \u00fatbor\u00edt\u00f3 jelz\u00e9s, amely megmutatja a biciklisek el\u0151z\u00e9s\u00e9nek biztons\u00e1gos t\u00e1vols\u00e1g\u00e1t (1,5 m\u00e9ter).<\/em><\/figcaption><\/figure>\n<h2><strong>Modern \u00e9rz\u00e9kel\u0151k<\/strong><\/h2>\n<p>Joggal k\u00e9rdezhetn\u00e9d, hogy l\u00e9tezik-e vajon olyan megold\u00e1s, a mai, navig\u00e1ci\u00f3val, \u00e9rz\u00e9kel\u0151kkel \u00e9s radarokkal teli, rendk\u00edv\u00fcl fejlett vil\u00e1gunkban, amely ki tudja k\u00fcsz\u00f6b\u00f6lni a jobb horog vesz\u00e9ly\u00e9t?<\/p>\n<p>\u00c9s a v\u00e1lasz, hogy igen, nagyon is l\u00e9tezik. Konkr\u00e9tan m\u00e1r vannak olyan aut\u00f3k, amelyek fel vannak szerelve ezzel a technik\u00e1val, amelyet holtt\u00e9r-figyel\u00e9snek h\u00edvnak.\u00a0 Az alapvet\u0151 funkci\u00f3ja, hogy jelzi az aut\u00f3s sz\u00e1m\u00e1ra, hogy ne v\u00e1ltson s\u00e1vot, ha \u00e9pp egy m\u00e1sik aut\u00f3 k\u00f6zeledik h\u00e1tulr\u00f3l. A fejlett szenzorok, mint p\u00e9ld\u00e1ul az \u00faj \u0160koda SCALA-n is megtal\u00e1lhat\u00f3 v\u00e1ltozat, m\u00e9g egy biciklist is k\u00e9pesek \u00e9szlelni, ha legal\u00e1bb 16 km\/\u00f3r\u00e1val teker.<\/p>\n<p>Amint felmer\u00fcl a vesz\u00e9lye, hogy egy aut\u00f3 keresztezi egy biciklis \u2013 vagy egy m\u00e1sik aut\u00f3 \u2013 \u00fatj\u00e1t, az \u00fagynevezett jelz\u0151di\u00f3da m\u0171k\u00f6d\u00e9sbe l\u00e9p a visszapillant\u00f3 t\u00fckr\u00f6n. Ha a bringa nehezen \u00e9szrevehet\u0151 \u2013 t\u00f6bbek k\u00f6z\u00f6tt az\u00e9rt is, mert a gazd\u00e1ja nem visel f\u00e9nyvisszaver\u0151 ruh\u00e1zatot \u2013, a vak\u00edt\u00f3 f\u00e9ny m\u00e9g rossz l\u00e1that\u00f3s\u00e1g eset\u00e9n is m\u0171k\u00f6dik. A j\u00f6v\u0151 teh\u00e1t f\u00e9nyesebbnek t\u0171nik. A sof\u0151r\u00f6knek persze ugyanolyan \u00e9bernek kell lenni\u00fck, de \u00fagy n\u00e9z ki, a mostani aut\u00f3k folyamatosan a nagyobb biztons\u00e1g ir\u00e1ny\u00e1ba mozd\u00edtanak minket. Mindazon\u00e1ltal, a legfontosabb biztons\u00e1gi t\u00e9nyez\u0151 szerepe nem v\u00e1ltozik, ezek tov\u00e1bbra is mi magunk vagyunk. Vigy\u00e1zz magadra, l\u00e9gy megfontolt, \u00e9s v\u00e1laszd a biztons\u00e1gosabb megold\u00e1st!<\/p>\n","protected":false},"excerpt":{"rendered":"<p>Egy pillanatnyi figyelemveszt\u00e9s, egy jobb horog \u00e9s m\u00e1ris a f\u00f6ld\u00f6n tal\u00e1lod magad. Nem az \u00f6k\u00f6lv\u00edv\u00e1sr\u00f3l besz\u00e9l\u00fcnk most, hanem egy egyszer\u0171 [&hellip;]<\/p>\n","protected":false},"author":71,"featured_media":3573,"comment_status":"open","ping_status":"open","sticky":false,"template":"","format":"video","meta":{"footnotes":""},"categories":[10],"tags":[],"global-categories":[],"class_list":["post-3778","post","type-post","status-publish","format-video","has-post-thumbnail","hentry","category-biztonsag","post_format-post-format-video"],"yoast_head":"<!-- This site is optimized with the Yoast SEO Premium plugin v25.3 (Yoast SEO v25.9) - https:\/\/yoast.com\/wordpress\/plugins\/seo\/ -->\n<title>Mit jelent a jobb horog a ker\u00e9kp\u00e1roz\u00e1sban \u00e9s hogyan el\u0151zz\u00fck meg? - \u0160koda We Love Cycling - Magyarorsz\u00e1g<\/title>\n<meta name=\"robots\" content=\"index, follow, max-snippet:-1, max-image-preview:large, max-video-preview:-1\" \/>\n<link rel=\"canonical\" href=\"https:\/\/www.welovecycling.com\/hu\/biztonsag\/mit-jelent-a-jobb-horog-a-kerekparozasban-es-hogyan-elozzuk-meg\/\" \/>\n<meta property=\"og:locale\" content=\"hu_HU\" \/>\n<meta property=\"og:type\" content=\"article\" \/>\n<meta property=\"og:title\" content=\"Mit jelent a jobb horog a ker\u00e9kp\u00e1roz\u00e1sban \u00e9s hogyan el\u0151zz\u00fck meg?\" \/>\n<meta property=\"og:description\" content=\"Egy pillanatnyi figyelemveszt\u00e9s, egy jobb horog \u00e9s m\u00e1ris a f\u00f6ld\u00f6n tal\u00e1lod magad. Nem az \u00f6k\u00f6lv\u00edv\u00e1sr\u00f3l besz\u00e9l\u00fcnk most, hanem egy egyszer\u0171 [&hellip;]\" \/>\n<meta property=\"og:url\" content=\"https:\/\/www.welovecycling.com\/hu\/biztonsag\/mit-jelent-a-jobb-horog-a-kerekparozasban-es-hogyan-elozzuk-meg\/\" \/>\n<meta property=\"og:site_name\" content=\"\u0160koda We Love Cycling - Magyarorsz\u00e1g\" \/>\n<meta property=\"article:publisher\" content=\"https:\/\/www.facebook.com\/WeLoveCyclingHungary\/\" \/>\n<meta property=\"article:published_time\" content=\"2019-05-30T13:18:48+00:00\" \/>\n<meta property=\"article:modified_time\" content=\"2019-05-30T13:19:02+00:00\" \/>\n<meta property=\"og:image\" content=\"https:\/\/d2p6e6u75xmxt8.cloudfront.net\/12\/2019\/05\/WL008_Web_Thumbnails_jobbhorog_v1.png\" \/>\n\t<meta property=\"og:image:width\" content=\"1280\" \/>\n\t<meta property=\"og:image:height\" content=\"720\" \/>\n\t<meta property=\"og:image:type\" content=\"image\/png\" \/>\n<meta name=\"author\" content=\"hegyizs\" \/>\n<meta name=\"twitter:card\" content=\"summary_large_image\" \/>\n<meta name=\"twitter:label1\" content=\"Written by\" \/>\n\t<meta name=\"twitter:data1\" content=\"Adam Marsal\" \/>\n\t<meta name=\"twitter:label2\" content=\"Est. watching time\" \/>\n\t<meta name=\"twitter:data2\" content=\"1\" \/>\n<script type=\"application\/ld+json\" class=\"yoast-schema-graph\">{\"@context\":\"https:\/\/schema.org\",\"@graph\":[{\"@type\":\"WebPage\",\"@id\":\"https:\/\/www.welovecycling.com\/hu\/biztonsag\/mit-jelent-a-jobb-horog-a-kerekparozasban-es-hogyan-elozzuk-meg\/\",\"url\":\"https:\/\/www.welovecycling.com\/hu\/biztonsag\/mit-jelent-a-jobb-horog-a-kerekparozasban-es-hogyan-elozzuk-meg\/\",\"name\":\"Mit jelent a jobb horog a ker\u00e9kp\u00e1roz\u00e1sban \u00e9s hogyan el\u0151zz\u00fck meg? - \u0160koda We Love Cycling - Magyarorsz\u00e1g\",\"isPartOf\":{\"@id\":\"https:\/\/www.welovecycling.com\/hu\/#website\"},\"primaryImageOfPage\":{\"@id\":\"https:\/\/www.welovecycling.com\/hu\/biztonsag\/mit-jelent-a-jobb-horog-a-kerekparozasban-es-hogyan-elozzuk-meg\/#primaryimage\"},\"image\":{\"@id\":\"https:\/\/www.welovecycling.com\/hu\/biztonsag\/mit-jelent-a-jobb-horog-a-kerekparozasban-es-hogyan-elozzuk-meg\/#primaryimage\"},\"thumbnailUrl\":\"https:\/\/d2p6e6u75xmxt8.cloudfront.net\/12\/2019\/05\/WL008_Web_Thumbnails_jobbhorog_v1.png\",\"datePublished\":\"2019-05-30T13:18:48+00:00\",\"dateModified\":\"2019-05-30T13:19:02+00:00\",\"author\":{\"@id\":\"https:\/\/www.welovecycling.com\/hu\/#\/schema\/person\/414a2aebf1801691a5320edb6468e194\"},\"breadcrumb\":{\"@id\":\"https:\/\/www.welovecycling.com\/hu\/biztonsag\/mit-jelent-a-jobb-horog-a-kerekparozasban-es-hogyan-elozzuk-meg\/#breadcrumb\"},\"inLanguage\":\"hu\",\"potentialAction\":[{\"@type\":\"ReadAction\",\"target\":[\"https:\/\/www.welovecycling.com\/hu\/biztonsag\/mit-jelent-a-jobb-horog-a-kerekparozasban-es-hogyan-elozzuk-meg\/\"]}]},{\"@type\":\"ImageObject\",\"inLanguage\":\"hu\",\"@id\":\"https:\/\/www.welovecycling.com\/hu\/biztonsag\/mit-jelent-a-jobb-horog-a-kerekparozasban-es-hogyan-elozzuk-meg\/#primaryimage\",\"url\":\"https:\/\/d2p6e6u75xmxt8.cloudfront.net\/12\/2019\/05\/WL008_Web_Thumbnails_jobbhorog_v1.png\",\"contentUrl\":\"https:\/\/d2p6e6u75xmxt8.cloudfront.net\/12\/2019\/05\/WL008_Web_Thumbnails_jobbhorog_v1.png\",\"width\":1280,\"height\":720},{\"@type\":\"BreadcrumbList\",\"@id\":\"https:\/\/www.welovecycling.com\/hu\/biztonsag\/mit-jelent-a-jobb-horog-a-kerekparozasban-es-hogyan-elozzuk-meg\/#breadcrumb\",\"itemListElement\":[{\"@type\":\"ListItem\",\"position\":1,\"name\":\"Home\",\"item\":\"https:\/\/www.welovecycling.com\/hu\/\"},{\"@type\":\"ListItem\",\"position\":2,\"name\":\"Mit jelent a jobb horog a ker\u00e9kp\u00e1roz\u00e1sban \u00e9s hogyan el\u0151zz\u00fck meg?\"}]},{\"@type\":\"WebSite\",\"@id\":\"https:\/\/www.welovecycling.com\/hu\/#website\",\"url\":\"https:\/\/www.welovecycling.com\/hu\/\",\"name\":\"\u0160koda We Love Cycling - Magyarorsz\u00e1g\",\"description\":\"\u0160koda WeLoveCycling\",\"potentialAction\":[{\"@type\":\"SearchAction\",\"target\":{\"@type\":\"EntryPoint\",\"urlTemplate\":\"https:\/\/www.welovecycling.com\/hu\/?s={search_term_string}\"},\"query-input\":{\"@type\":\"PropertyValueSpecification\",\"valueRequired\":true,\"valueName\":\"search_term_string\"}}],\"inLanguage\":\"hu\"},{\"@type\":\"Person\",\"@id\":\"https:\/\/www.welovecycling.com\/hu\/#\/schema\/person\/414a2aebf1801691a5320edb6468e194\",\"name\":\"hegyizs\",\"image\":{\"@type\":\"ImageObject\",\"inLanguage\":\"hu\",\"@id\":\"https:\/\/www.welovecycling.com\/hu\/#\/schema\/person\/image\/\",\"url\":\"https:\/\/secure.gravatar.com\/avatar\/02cf8a7906b8cf90cecb4679defac7cfd33a1c2e3b88e4903d947f3bb58eedd3?s=96&d=mm&r=g\",\"contentUrl\":\"https:\/\/secure.gravatar.com\/avatar\/02cf8a7906b8cf90cecb4679defac7cfd33a1c2e3b88e4903d947f3bb58eedd3?s=96&d=mm&r=g\",\"caption\":\"hegyizs\"},\"url\":\"https:\/\/www.welovecycling.com\/hu\/author\/hegyizs\/\"}]}<\/script>\n<!-- \/ Yoast SEO Premium plugin. -->","yoast_head_json":{"title":"Mit jelent a jobb horog a ker\u00e9kp\u00e1roz\u00e1sban \u00e9s hogyan el\u0151zz\u00fck meg? - \u0160koda We Love Cycling - Magyarorsz\u00e1g","robots":{"index":"index","follow":"follow","max-snippet":"max-snippet:-1","max-image-preview":"max-image-preview:large","max-video-preview":"max-video-preview:-1"},"canonical":"https:\/\/www.welovecycling.com\/hu\/biztonsag\/mit-jelent-a-jobb-horog-a-kerekparozasban-es-hogyan-elozzuk-meg\/","og_locale":"hu_HU","og_type":"article","og_title":"Mit jelent a jobb horog a ker\u00e9kp\u00e1roz\u00e1sban \u00e9s hogyan el\u0151zz\u00fck meg?","og_description":"Egy pillanatnyi figyelemveszt\u00e9s, egy jobb horog \u00e9s m\u00e1ris a f\u00f6ld\u00f6n tal\u00e1lod magad. Nem az \u00f6k\u00f6lv\u00edv\u00e1sr\u00f3l besz\u00e9l\u00fcnk most, hanem egy egyszer\u0171 [&hellip;]","og_url":"https:\/\/www.welovecycling.com\/hu\/biztonsag\/mit-jelent-a-jobb-horog-a-kerekparozasban-es-hogyan-elozzuk-meg\/","og_site_name":"\u0160koda We Love Cycling - Magyarorsz\u00e1g","article_publisher":"https:\/\/www.facebook.com\/WeLoveCyclingHungary\/","article_published_time":"2019-05-30T13:18:48+00:00","article_modified_time":"2019-05-30T13:19:02+00:00","og_image":[{"width":1280,"height":720,"url":"https:\/\/d2p6e6u75xmxt8.cloudfront.net\/12\/2019\/05\/WL008_Web_Thumbnails_jobbhorog_v1.png","type":"image\/png"}],"author":"hegyizs","twitter_card":"summary_large_image","twitter_misc":{"Written by":"Adam Marsal","Est. watching time":"1"},"schema":{"@context":"https:\/\/schema.org","@graph":[{"@type":"WebPage","@id":"https:\/\/www.welovecycling.com\/hu\/biztonsag\/mit-jelent-a-jobb-horog-a-kerekparozasban-es-hogyan-elozzuk-meg\/","url":"https:\/\/www.welovecycling.com\/hu\/biztonsag\/mit-jelent-a-jobb-horog-a-kerekparozasban-es-hogyan-elozzuk-meg\/","name":"Mit jelent a jobb horog a ker\u00e9kp\u00e1roz\u00e1sban \u00e9s hogyan el\u0151zz\u00fck meg? - \u0160koda We Love Cycling - Magyarorsz\u00e1g","isPartOf":{"@id":"https:\/\/www.welovecycling.com\/hu\/#website"},"primaryImageOfPage":{"@id":"https:\/\/www.welovecycling.com\/hu\/biztonsag\/mit-jelent-a-jobb-horog-a-kerekparozasban-es-hogyan-elozzuk-meg\/#primaryimage"},"image":{"@id":"https:\/\/www.welovecycling.com\/hu\/biztonsag\/mit-jelent-a-jobb-horog-a-kerekparozasban-es-hogyan-elozzuk-meg\/#primaryimage"},"thumbnailUrl":"https:\/\/d2p6e6u75xmxt8.cloudfront.net\/12\/2019\/05\/WL008_Web_Thumbnails_jobbhorog_v1.png","datePublished":"2019-05-30T13:18:48+00:00","dateModified":"2019-05-30T13:19:02+00:00","author":{"@id":"https:\/\/www.welovecycling.com\/hu\/#\/schema\/person\/414a2aebf1801691a5320edb6468e194"},"breadcrumb":{"@id":"https:\/\/www.welovecycling.com\/hu\/biztonsag\/mit-jelent-a-jobb-horog-a-kerekparozasban-es-hogyan-elozzuk-meg\/#breadcrumb"},"inLanguage":"hu","potentialAction":[{"@type":"ReadAction","target":["https:\/\/www.welovecycling.com\/hu\/biztonsag\/mit-jelent-a-jobb-horog-a-kerekparozasban-es-hogyan-elozzuk-meg\/"]}]},{"@type":"ImageObject","inLanguage":"hu","@id":"https:\/\/www.welovecycling.com\/hu\/biztonsag\/mit-jelent-a-jobb-horog-a-kerekparozasban-es-hogyan-elozzuk-meg\/#primaryimage","url":"https:\/\/d2p6e6u75xmxt8.cloudfront.net\/12\/2019\/05\/WL008_Web_Thumbnails_jobbhorog_v1.png","contentUrl":"https:\/\/d2p6e6u75xmxt8.cloudfront.net\/12\/2019\/05\/WL008_Web_Thumbnails_jobbhorog_v1.png","width":1280,"height":720},{"@type":"BreadcrumbList","@id":"https:\/\/www.welovecycling.com\/hu\/biztonsag\/mit-jelent-a-jobb-horog-a-kerekparozasban-es-hogyan-elozzuk-meg\/#breadcrumb","itemListElement":[{"@type":"ListItem","position":1,"name":"Home","item":"https:\/\/www.welovecycling.com\/hu\/"},{"@type":"ListItem","position":2,"name":"Mit jelent a jobb horog a ker\u00e9kp\u00e1roz\u00e1sban \u00e9s hogyan el\u0151zz\u00fck meg?"}]},{"@type":"WebSite","@id":"https:\/\/www.welovecycling.com\/hu\/#website","url":"https:\/\/www.welovecycling.com\/hu\/","name":"\u0160koda We Love Cycling - Magyarorsz\u00e1g","description":"\u0160koda WeLoveCycling","potentialAction":[{"@type":"SearchAction","target":{"@type":"EntryPoint","urlTemplate":"https:\/\/www.welovecycling.com\/hu\/?s={search_term_string}"},"query-input":{"@type":"PropertyValueSpecification","valueRequired":true,"valueName":"search_term_string"}}],"inLanguage":"hu"},{"@type":"Person","@id":"https:\/\/www.welovecycling.com\/hu\/#\/schema\/person\/414a2aebf1801691a5320edb6468e194","name":"hegyizs","image":{"@type":"ImageObject","inLanguage":"hu","@id":"https:\/\/www.welovecycling.com\/hu\/#\/schema\/person\/image\/","url":"https:\/\/secure.gravatar.com\/avatar\/02cf8a7906b8cf90cecb4679defac7cfd33a1c2e3b88e4903d947f3bb58eedd3?s=96&d=mm&r=g","contentUrl":"https:\/\/secure.gravatar.com\/avatar\/02cf8a7906b8cf90cecb4679defac7cfd33a1c2e3b88e4903d947f3bb58eedd3?s=96&d=mm&r=g","caption":"hegyizs"},"url":"https:\/\/www.welovecycling.com\/hu\/author\/hegyizs\/"}]}},"_links":{"self":[{"href":"https:\/\/www.welovecycling.com\/hu\/wp-json\/wp\/v2\/posts\/3778","targetHints":{"allow":["GET"]}}],"collection":[{"href":"https:\/\/www.welovecycling.com\/hu\/wp-json\/wp\/v2\/posts"}],"about":[{"href":"https:\/\/www.welovecycling.com\/hu\/wp-json\/wp\/v2\/types\/post"}],"author":[{"embeddable":true,"href":"https:\/\/www.welovecycling.com\/hu\/wp-json\/wp\/v2\/users\/71"}],"replies":[{"embeddable":true,"href":"https:\/\/www.welovecycling.com\/hu\/wp-json\/wp\/v2\/comments?post=3778"}],"version-history":[{"count":2,"href":"https:\/\/www.welovecycling.com\/hu\/wp-json\/wp\/v2\/posts\/3778\/revisions"}],"predecessor-version":[{"id":3784,"href":"https:\/\/www.welovecycling.com\/hu\/wp-json\/wp\/v2\/posts\/3778\/revisions\/3784"}],"wp:featuredmedia":[{"embeddable":true,"href":"https:\/\/www.welovecycling.com\/hu\/wp-json\/wp\/v2\/media\/3573"}],"wp:attachment":[{"href":"https:\/\/www.welovecycling.com\/hu\/wp-json\/wp\/v2\/media?parent=3778"}],"wp:term":[{"taxonomy":"category","embeddable":true,"href":"https:\/\/www.welovecycling.com\/hu\/wp-json\/wp\/v2\/categories?post=3778"},{"taxonomy":"post_tag","embeddable":true,"href":"https:\/\/www.welovecycling.com\/hu\/wp-json\/wp\/v2\/tags?post=3778"},{"taxonomy":"global-categories","embeddable":true,"href":"https:\/\/www.welovecycling.com\/hu\/wp-json\/wp\/v2\/global-categories?post=3778"}],"curies":[{"name":"wp","href":"https:\/\/api.w.org\/{rel}","templated":true}]}}