{"id":370,"date":"2018-03-07T14:25:53","date_gmt":"2018-03-07T14:25:53","guid":{"rendered":"https:\/\/www.welovecycling.com\/hu\/?p=370"},"modified":"2018-03-22T12:21:18","modified_gmt":"2018-03-22T12:21:18","slug":"gyermeked-elso-biciklije","status":"publish","type":"post","link":"https:\/\/www.welovecycling.com\/hu\/biztonsag\/gyermeked-elso-biciklije\/","title":{"rendered":"Gyermeked els\u0151 biciklije?<br>Nagyon is sz\u00e1m\u00edt."},"content":{"rendered":"<p><strong>Ezt minden sz\u00fcl\u0151 tudja. Gyermeked el\u0151sz\u00f6r a babakocsit\u00f3l eljut a m\u0171anyag gokartig. A gokartt\u00f3l a fut\u00f3bicikliig, majd \u2013 amint megtanult egyens\u00falyozni \u2013 ped\u00e1lozni akar. De milyet v\u00e1lassz? A megfelel\u0151 ker\u00e9kp\u00e1r kiv\u00e1laszt\u00e1sakor k\u00e9t dolgot kell ism\u00e9teln\u00fcnk magunkban: m\u00e9ret \u00e9s f\u00e9kek. \u00c9s gyermeked val\u00f3sz\u00edn\u0171leg hozz\u00e1teszi: sz\u00e9p sz\u00edne is legyen.<\/strong><!--more--><\/p>\n<h2>Sz\u00e1m\u00edt a m\u00e9ret<\/h2>\n<p>A gyermekbicikli kiv\u00e1laszt\u00e1s\u00e1nak legfontosabb szempontja a megfelel\u0151 m\u00e9ret. Gyakori hiba, hogy a sz\u00fcl\u0151k nagy v\u00e1z\u00fa ker\u00e9kp\u00e1rt vesznek, mondv\u00e1n a gyermek majd \u201efeln\u0151 hozz\u00e1\u201d. Ha nem tudja, hogyan kell korm\u00e1nyozni, mindenk\u00e9ppen jobb, ha a l\u00e1ba a f\u00f6ld\u00f6n marad. Vagy legal\u00e1bb le\u00e9r a f\u00f6ldre a biciklir\u0151l. Ha nem megfelel\u0151 m\u00e9ret\u0171 ker\u00e9kp\u00e1rt v\u00e1lasztunk, probl\u00e9m\u00e1t okoz a term\u00e9szetellenes \u00fcl\u00e9spoz\u00edci\u00f3. A gyermek teste t\u00falzottan ki van ny\u00fajtva vagy a korm\u00e1ny t\u00fal magasan van. Szemed f\u00e9ny\u00e9nek \u00edgy romlik a testtart\u00e1sa, r\u00e1ad\u00e1sul \u00fagy fog kin\u00e9zni a biciklin, mint egy eg\u00e9sz \u00e9jszaka v\u00edzben \u00e1ztatott gumimaci.<\/p>\n<p><a href=\"https:\/\/d2p6e6u75xmxt8.cloudfront.net\/2\/2014\/12\/111.jpg\"><img loading=\"lazy\" decoding=\"async\" class=\"alignnone size-medium wp-image-371\" src=\"https:\/\/d2p6e6u75xmxt8.cloudfront.net\/12\/2018\/03\/111-768x512.jpg\" alt=\"11\" width=\"620\" height=\"413\" srcset=\"https:\/\/d2p6e6u75xmxt8.cloudfront.net\/12\/2018\/03\/111-768x512.jpg 768w, https:\/\/d2p6e6u75xmxt8.cloudfront.net\/12\/2018\/03\/111-300x200.jpg 300w, https:\/\/d2p6e6u75xmxt8.cloudfront.net\/12\/2018\/03\/111-272x182.jpg 272w, https:\/\/d2p6e6u75xmxt8.cloudfront.net\/12\/2018\/03\/111.jpg 900w\" sizes=\"auto, (max-width: 620px) 100vw, 620px\" \/><\/a><br \/>\n<em> Photo: Profimedia.cz<\/em><\/p>\n<p>Ez\u00e9rt minden a k\u00e9t ker\u00e9k m\u00e9ret\u00e9n m\u00falik. A szabv\u00e1nyos gy\u00e1ri m\u00e9ret 12-t\u0151l 26 colig terjed, \u00edgy elvileg nem okoz probl\u00e9m\u00e1t a megfelel\u0151 m\u00e9ret kiv\u00e1laszt\u00e1sa. A ker\u00e9km\u00e9ret \u00e1ltal\u00e1ban kapcsol\u00f3dik a f\u00e9kekhez, amelyek megfelelnek az adott modellnek.<\/p>\n<h2>Gondolj a f\u00e9kekre<\/h2>\n<p>A legkisebb ker\u00e9kp\u00e1rok \u00f6r\u00f6khajt\u00f3sak vagy kontraf\u00e9kesek. Ezekkel lehet beletanulni az \u00faj mozg\u00e1sform\u00e1ba. A kontraf\u00e9k arra tan\u00edtja meg a gyermeket, hogy vesz\u00e9ly eset\u00e9n a ped\u00e1lra r\u00fagva reag\u00e1ljon. Egyesek \u00fagy tartj\u00e1k, nem \u00e1rt, ha megtan\u00edtjuk a fiatal biciklist\u00e1knak a szabadonfut\u00f3s technik\u00e1kat. A f\u0151 probl\u00e9ma ink\u00e1bb a f\u00e9kek haszn\u00e1lat\u00e1nak elsaj\u00edt\u00e1sa.<\/p>\n<p><a href=\"https:\/\/d2p6e6u75xmxt8.cloudfront.net\/2\/2014\/12\/311.jpg\"><img loading=\"lazy\" decoding=\"async\" class=\"alignnone size-medium wp-image-373\" src=\"https:\/\/d2p6e6u75xmxt8.cloudfront.net\/12\/2018\/03\/311-768x512.jpg\" alt=\"31\" width=\"620\" height=\"413\" srcset=\"https:\/\/d2p6e6u75xmxt8.cloudfront.net\/12\/2018\/03\/311-768x512.jpg 768w, https:\/\/d2p6e6u75xmxt8.cloudfront.net\/12\/2018\/03\/311-300x200.jpg 300w, https:\/\/d2p6e6u75xmxt8.cloudfront.net\/12\/2018\/03\/311-272x182.jpg 272w, https:\/\/d2p6e6u75xmxt8.cloudfront.net\/12\/2018\/03\/311.jpg 900w\" sizes=\"auto, (max-width: 620px) 100vw, 620px\" \/><\/a><br \/>\n<em>Photo: Profimedia.cz<\/em><\/p>\n<p>Ide kapcsol\u00f3dik az els\u0151 f\u00e9k \u00f3vatos haszn\u00e1lata (beh\u00faz\u00e1sa) \u00e9s k\u00f6nny\u0171 \u00e1ll\u00edthat\u00f3s\u00e1ga. A pszichol\u00f3gusok a megmond\u00f3i, hogy egy biciklizni tanul\u00e1s k\u00f6zben \u00e1t\u00e9lt trauma elriaszthatja a gyermeket a folytat\u00e1st\u00f3l. P\u00e9ld\u00e1ul ha \u00e1tesik a korm\u00e1nyon \u00e9s felnyalja az aszfaltot. Fel kell k\u00e9sz\u00fcln\u00f6d minden es\u00e9sre \u00e9s b\u00f6kken\u0151re, hogy minden esetre meglegyen a megfelel\u0151 strat\u00e9gi\u00e1d. Ez\u00e9rt javasoljuk, hogy a tanul\u00e1s alatt l\u00e9gy t\u00fcrelmes \u00e9s maxim\u00e1lisan vedd figyelembe gyermeked \u00e9retts\u00e9g\u00e9t, eg\u00e9szs\u00e9g\u00e9t \u00e9s k\u00e9pess\u00e9geit.<\/p>\n<p><a href=\"https:\/\/d2p6e6u75xmxt8.cloudfront.net\/2\/2014\/12\/21.jpg\"><img loading=\"lazy\" decoding=\"async\" class=\"alignnone size-medium wp-image-375\" src=\"https:\/\/d2p6e6u75xmxt8.cloudfront.net\/12\/2018\/03\/21-768x512.jpg\" alt=\"2\" width=\"620\" height=\"413\" srcset=\"https:\/\/d2p6e6u75xmxt8.cloudfront.net\/12\/2018\/03\/21-768x512.jpg 768w, https:\/\/d2p6e6u75xmxt8.cloudfront.net\/12\/2018\/03\/21-300x200.jpg 300w, https:\/\/d2p6e6u75xmxt8.cloudfront.net\/12\/2018\/03\/21-272x182.jpg 272w, https:\/\/d2p6e6u75xmxt8.cloudfront.net\/12\/2018\/03\/21.jpg 900w\" sizes=\"auto, (max-width: 620px) 100vw, 620px\" \/><\/a><br \/>\n<em>Photo: Profimedia.cz<\/em><\/p>\n<h2>Egy bicikli, t\u00f6bb m\u00e9ret<\/h2>\n<p>Lehet, hogy az eg\u00e9sz probl\u00e9m\u00e1t megoldotta nek\u00fcnk egy \u00edr szerel\u0151, Simon Evans. \u0150 is v\u00e9gigszenvedte a gyorsan n\u00f6v\u0151 gyermekeinek val\u00f3 folyamatos ker\u00e9kp\u00e1rv\u00e1laszt\u00e1st. Majd megel\u00e9gelte, \u00e9s feltal\u00e1lt egy olyan gyermekbiciklit, amelynek szabadon \u00e1ll\u00edthat\u00f3 \u00e9s v\u00e1ltoztathat\u00f3 a m\u00e9rete. A neve \u201eLittle Big Bike\u201d (\u201eKis nagy bicikli\u201d), \u00e9s 2-7 \u00e9v k\u00f6z\u00f6tti kor\u00fa gyermekek haszn\u00e1lhatj\u00e1k. A ker\u00e9kp\u00e1rv\u00e1z h\u00e1ts\u00f3 r\u00e9sze megford\u00edthat\u00f3, \u00edgy magasabb \u00fcl\u00e9shelyzet \u00e9rhet\u0151 el. A korm\u00e1ny pedig emelhet\u0151. Mihelyt a gyermeke meg\u00e9rett a teker\u00e9sre, ped\u00e1lm\u0171 csatlakoztathat\u00f3 k\u00f6nnyed\u00e9n a k\u00f6zponti elemhez.<\/p>\n<p>B\u00e1rmelyik biciklit is v\u00e1lasztod, gyermeked minden val\u00f3sz\u00edn\u0171s\u00e9ggel eg\u00e9sz \u00e9let\u00e9ben \u0151rizni fogja az eml\u00e9k\u00e9t \u2013 v\u00e1lassz teh\u00e1t okosan.<\/p>\n","protected":false},"excerpt":{"rendered":"<p>Ezt minden sz\u00fcl\u0151 tudja. Gyermeked el\u0151sz\u00f6r a babakocsit\u00f3l eljut a m\u0171anyag gokartig. A gokartt\u00f3l a fut\u00f3bicikliig, majd \u2013 amint megtanult [&hellip;]<\/p>\n","protected":false},"author":71,"featured_media":377,"comment_status":"open","ping_status":"open","sticky":false,"template":"","format":"standard","meta":{"footnotes":""},"categories":[10,11],"tags":[],"global-categories":[],"class_list":["post-370","post","type-post","status-publish","format-standard","has-post-thumbnail","hentry","category-biztonsag","category-csalad"],"yoast_head":"<!-- This site is optimized with the Yoast SEO Premium plugin v25.3 (Yoast SEO v25.9) - https:\/\/yoast.com\/wordpress\/plugins\/seo\/ -->\n<title>Gyermeked els\u0151 biciklije?Nagyon is sz\u00e1m\u00edt. - \u0160koda We Love Cycling - Magyarorsz\u00e1g<\/title>\n<meta name=\"description\" content=\"Your child goes from the stroller to a plastic go-cart. From the go-cart to a pushbike and as soon they&#039;ve barely learnt to balance, they want to pedal.\" \/>\n<meta name=\"robots\" content=\"index, follow, max-snippet:-1, max-image-preview:large, max-video-preview:-1\" \/>\n<link rel=\"canonical\" href=\"https:\/\/www.welovecycling.com\/hu\/biztonsag\/gyermeked-elso-biciklije\/\" \/>\n<meta property=\"og:locale\" content=\"hu_HU\" \/>\n<meta property=\"og:type\" content=\"article\" \/>\n<meta property=\"og:title\" content=\"Gyermeked els\u0151 biciklije?Nagyon is sz\u00e1m\u00edt.\" \/>\n<meta property=\"og:description\" content=\"Your child goes from the stroller to a plastic go-cart. From the go-cart to a pushbike and as soon they&#039;ve barely learnt to balance, they want to pedal.\" \/>\n<meta property=\"og:url\" content=\"https:\/\/www.welovecycling.com\/hu\/biztonsag\/gyermeked-elso-biciklije\/\" \/>\n<meta property=\"og:site_name\" content=\"\u0160koda We Love Cycling - Magyarorsz\u00e1g\" \/>\n<meta property=\"article:publisher\" content=\"https:\/\/www.facebook.com\/WeLoveCyclingHungary\/\" \/>\n<meta property=\"article:published_time\" content=\"2018-03-07T14:25:53+00:00\" \/>\n<meta property=\"article:modified_time\" content=\"2018-03-22T12:21:18+00:00\" \/>\n<meta property=\"og:image\" content=\"https:\/\/d2p6e6u75xmxt8.cloudfront.net\/12\/2018\/03\/header.jpg\" \/>\n\t<meta property=\"og:image:width\" content=\"950\" \/>\n\t<meta property=\"og:image:height\" content=\"350\" \/>\n\t<meta property=\"og:image:type\" content=\"image\/jpeg\" \/>\n<meta name=\"author\" content=\"hegyizs\" \/>\n<meta name=\"twitter:card\" content=\"summary_large_image\" \/>\n<meta name=\"twitter:label1\" content=\"Written by\" \/>\n\t<meta name=\"twitter:data1\" content=\"Honza Hanzl\u00edk\" \/>\n\t<meta name=\"twitter:label2\" content=\"Est. reading time\" \/>\n\t<meta name=\"twitter:data2\" content=\"3 minutes\" \/>\n<script type=\"application\/ld+json\" class=\"yoast-schema-graph\">{\"@context\":\"https:\/\/schema.org\",\"@graph\":[{\"@type\":\"WebPage\",\"@id\":\"https:\/\/www.welovecycling.com\/hu\/biztonsag\/gyermeked-elso-biciklije\/\",\"url\":\"https:\/\/www.welovecycling.com\/hu\/biztonsag\/gyermeked-elso-biciklije\/\",\"name\":\"Gyermeked els\u0151 biciklije? Nagyon is sz\u00e1m\u00edt. - \u0160koda We Love Cycling - Magyarorsz\u00e1g\",\"isPartOf\":{\"@id\":\"https:\/\/www.welovecycling.com\/hu\/#website\"},\"primaryImageOfPage\":{\"@id\":\"https:\/\/www.welovecycling.com\/hu\/biztonsag\/gyermeked-elso-biciklije\/#primaryimage\"},\"image\":{\"@id\":\"https:\/\/www.welovecycling.com\/hu\/biztonsag\/gyermeked-elso-biciklije\/#primaryimage\"},\"thumbnailUrl\":\"https:\/\/d2p6e6u75xmxt8.cloudfront.net\/12\/2018\/03\/header.jpg\",\"datePublished\":\"2018-03-07T14:25:53+00:00\",\"dateModified\":\"2018-03-22T12:21:18+00:00\",\"author\":{\"@id\":\"https:\/\/www.welovecycling.com\/hu\/#\/schema\/person\/414a2aebf1801691a5320edb6468e194\"},\"description\":\"Your child goes from the stroller to a plastic go-cart. From the go-cart to a pushbike and as soon they've barely learnt to balance, they want to pedal.\",\"breadcrumb\":{\"@id\":\"https:\/\/www.welovecycling.com\/hu\/biztonsag\/gyermeked-elso-biciklije\/#breadcrumb\"},\"inLanguage\":\"hu\",\"potentialAction\":[{\"@type\":\"ReadAction\",\"target\":[\"https:\/\/www.welovecycling.com\/hu\/biztonsag\/gyermeked-elso-biciklije\/\"]}]},{\"@type\":\"ImageObject\",\"inLanguage\":\"hu\",\"@id\":\"https:\/\/www.welovecycling.com\/hu\/biztonsag\/gyermeked-elso-biciklije\/#primaryimage\",\"url\":\"https:\/\/d2p6e6u75xmxt8.cloudfront.net\/12\/2018\/03\/header.jpg\",\"contentUrl\":\"https:\/\/d2p6e6u75xmxt8.cloudfront.net\/12\/2018\/03\/header.jpg\",\"width\":950,\"height\":350},{\"@type\":\"BreadcrumbList\",\"@id\":\"https:\/\/www.welovecycling.com\/hu\/biztonsag\/gyermeked-elso-biciklije\/#breadcrumb\",\"itemListElement\":[{\"@type\":\"ListItem\",\"position\":1,\"name\":\"Home\",\"item\":\"https:\/\/www.welovecycling.com\/hu\/\"},{\"@type\":\"ListItem\",\"position\":2,\"name\":\"Gyermeked els\u0151 biciklije?Nagyon is sz\u00e1m\u00edt.\"}]},{\"@type\":\"WebSite\",\"@id\":\"https:\/\/www.welovecycling.com\/hu\/#website\",\"url\":\"https:\/\/www.welovecycling.com\/hu\/\",\"name\":\"\u0160koda We Love Cycling - Magyarorsz\u00e1g\",\"description\":\"\u0160koda WeLoveCycling\",\"potentialAction\":[{\"@type\":\"SearchAction\",\"target\":{\"@type\":\"EntryPoint\",\"urlTemplate\":\"https:\/\/www.welovecycling.com\/hu\/?s={search_term_string}\"},\"query-input\":{\"@type\":\"PropertyValueSpecification\",\"valueRequired\":true,\"valueName\":\"search_term_string\"}}],\"inLanguage\":\"hu\"},{\"@type\":\"Person\",\"@id\":\"https:\/\/www.welovecycling.com\/hu\/#\/schema\/person\/414a2aebf1801691a5320edb6468e194\",\"name\":\"hegyizs\",\"image\":{\"@type\":\"ImageObject\",\"inLanguage\":\"hu\",\"@id\":\"https:\/\/www.welovecycling.com\/hu\/#\/schema\/person\/image\/\",\"url\":\"https:\/\/secure.gravatar.com\/avatar\/02cf8a7906b8cf90cecb4679defac7cfd33a1c2e3b88e4903d947f3bb58eedd3?s=96&d=mm&r=g\",\"contentUrl\":\"https:\/\/secure.gravatar.com\/avatar\/02cf8a7906b8cf90cecb4679defac7cfd33a1c2e3b88e4903d947f3bb58eedd3?s=96&d=mm&r=g\",\"caption\":\"hegyizs\"},\"url\":\"https:\/\/www.welovecycling.com\/hu\/author\/hegyizs\/\"}]}<\/script>\n<!-- \/ Yoast SEO Premium plugin. -->","yoast_head_json":{"title":"Gyermeked els\u0151 biciklije?Nagyon is sz\u00e1m\u00edt. - \u0160koda We Love Cycling - Magyarorsz\u00e1g","description":"Your child goes from the stroller to a plastic go-cart. From the go-cart to a pushbike and as soon they've barely learnt to balance, they want to pedal.","robots":{"index":"index","follow":"follow","max-snippet":"max-snippet:-1","max-image-preview":"max-image-preview:large","max-video-preview":"max-video-preview:-1"},"canonical":"https:\/\/www.welovecycling.com\/hu\/biztonsag\/gyermeked-elso-biciklije\/","og_locale":"hu_HU","og_type":"article","og_title":"Gyermeked els\u0151 biciklije?Nagyon is sz\u00e1m\u00edt.","og_description":"Your child goes from the stroller to a plastic go-cart. From the go-cart to a pushbike and as soon they've barely learnt to balance, they want to pedal.","og_url":"https:\/\/www.welovecycling.com\/hu\/biztonsag\/gyermeked-elso-biciklije\/","og_site_name":"\u0160koda We Love Cycling - Magyarorsz\u00e1g","article_publisher":"https:\/\/www.facebook.com\/WeLoveCyclingHungary\/","article_published_time":"2018-03-07T14:25:53+00:00","article_modified_time":"2018-03-22T12:21:18+00:00","og_image":[{"width":950,"height":350,"url":"https:\/\/d2p6e6u75xmxt8.cloudfront.net\/12\/2018\/03\/header.jpg","type":"image\/jpeg"}],"author":"hegyizs","twitter_card":"summary_large_image","twitter_misc":{"Written by":"Honza Hanzl\u00edk","Est. reading time":"3 minutes"},"schema":{"@context":"https:\/\/schema.org","@graph":[{"@type":"WebPage","@id":"https:\/\/www.welovecycling.com\/hu\/biztonsag\/gyermeked-elso-biciklije\/","url":"https:\/\/www.welovecycling.com\/hu\/biztonsag\/gyermeked-elso-biciklije\/","name":"Gyermeked els\u0151 biciklije? Nagyon is sz\u00e1m\u00edt. - \u0160koda We Love Cycling - Magyarorsz\u00e1g","isPartOf":{"@id":"https:\/\/www.welovecycling.com\/hu\/#website"},"primaryImageOfPage":{"@id":"https:\/\/www.welovecycling.com\/hu\/biztonsag\/gyermeked-elso-biciklije\/#primaryimage"},"image":{"@id":"https:\/\/www.welovecycling.com\/hu\/biztonsag\/gyermeked-elso-biciklije\/#primaryimage"},"thumbnailUrl":"https:\/\/d2p6e6u75xmxt8.cloudfront.net\/12\/2018\/03\/header.jpg","datePublished":"2018-03-07T14:25:53+00:00","dateModified":"2018-03-22T12:21:18+00:00","author":{"@id":"https:\/\/www.welovecycling.com\/hu\/#\/schema\/person\/414a2aebf1801691a5320edb6468e194"},"description":"Your child goes from the stroller to a plastic go-cart. From the go-cart to a pushbike and as soon they've barely learnt to balance, they want to pedal.","breadcrumb":{"@id":"https:\/\/www.welovecycling.com\/hu\/biztonsag\/gyermeked-elso-biciklije\/#breadcrumb"},"inLanguage":"hu","potentialAction":[{"@type":"ReadAction","target":["https:\/\/www.welovecycling.com\/hu\/biztonsag\/gyermeked-elso-biciklije\/"]}]},{"@type":"ImageObject","inLanguage":"hu","@id":"https:\/\/www.welovecycling.com\/hu\/biztonsag\/gyermeked-elso-biciklije\/#primaryimage","url":"https:\/\/d2p6e6u75xmxt8.cloudfront.net\/12\/2018\/03\/header.jpg","contentUrl":"https:\/\/d2p6e6u75xmxt8.cloudfront.net\/12\/2018\/03\/header.jpg","width":950,"height":350},{"@type":"BreadcrumbList","@id":"https:\/\/www.welovecycling.com\/hu\/biztonsag\/gyermeked-elso-biciklije\/#breadcrumb","itemListElement":[{"@type":"ListItem","position":1,"name":"Home","item":"https:\/\/www.welovecycling.com\/hu\/"},{"@type":"ListItem","position":2,"name":"Gyermeked els\u0151 biciklije?Nagyon is sz\u00e1m\u00edt."}]},{"@type":"WebSite","@id":"https:\/\/www.welovecycling.com\/hu\/#website","url":"https:\/\/www.welovecycling.com\/hu\/","name":"\u0160koda We Love Cycling - Magyarorsz\u00e1g","description":"\u0160koda WeLoveCycling","potentialAction":[{"@type":"SearchAction","target":{"@type":"EntryPoint","urlTemplate":"https:\/\/www.welovecycling.com\/hu\/?s={search_term_string}"},"query-input":{"@type":"PropertyValueSpecification","valueRequired":true,"valueName":"search_term_string"}}],"inLanguage":"hu"},{"@type":"Person","@id":"https:\/\/www.welovecycling.com\/hu\/#\/schema\/person\/414a2aebf1801691a5320edb6468e194","name":"hegyizs","image":{"@type":"ImageObject","inLanguage":"hu","@id":"https:\/\/www.welovecycling.com\/hu\/#\/schema\/person\/image\/","url":"https:\/\/secure.gravatar.com\/avatar\/02cf8a7906b8cf90cecb4679defac7cfd33a1c2e3b88e4903d947f3bb58eedd3?s=96&d=mm&r=g","contentUrl":"https:\/\/secure.gravatar.com\/avatar\/02cf8a7906b8cf90cecb4679defac7cfd33a1c2e3b88e4903d947f3bb58eedd3?s=96&d=mm&r=g","caption":"hegyizs"},"url":"https:\/\/www.welovecycling.com\/hu\/author\/hegyizs\/"}]}},"_links":{"self":[{"href":"https:\/\/www.welovecycling.com\/hu\/wp-json\/wp\/v2\/posts\/370","targetHints":{"allow":["GET"]}}],"collection":[{"href":"https:\/\/www.welovecycling.com\/hu\/wp-json\/wp\/v2\/posts"}],"about":[{"href":"https:\/\/www.welovecycling.com\/hu\/wp-json\/wp\/v2\/types\/post"}],"author":[{"embeddable":true,"href":"https:\/\/www.welovecycling.com\/hu\/wp-json\/wp\/v2\/users\/71"}],"replies":[{"embeddable":true,"href":"https:\/\/www.welovecycling.com\/hu\/wp-json\/wp\/v2\/comments?post=370"}],"version-history":[{"count":2,"href":"https:\/\/www.welovecycling.com\/hu\/wp-json\/wp\/v2\/posts\/370\/revisions"}],"predecessor-version":[{"id":378,"href":"https:\/\/www.welovecycling.com\/hu\/wp-json\/wp\/v2\/posts\/370\/revisions\/378"}],"wp:featuredmedia":[{"embeddable":true,"href":"https:\/\/www.welovecycling.com\/hu\/wp-json\/wp\/v2\/media\/377"}],"wp:attachment":[{"href":"https:\/\/www.welovecycling.com\/hu\/wp-json\/wp\/v2\/media?parent=370"}],"wp:term":[{"taxonomy":"category","embeddable":true,"href":"https:\/\/www.welovecycling.com\/hu\/wp-json\/wp\/v2\/categories?post=370"},{"taxonomy":"post_tag","embeddable":true,"href":"https:\/\/www.welovecycling.com\/hu\/wp-json\/wp\/v2\/tags?post=370"},{"taxonomy":"global-categories","embeddable":true,"href":"https:\/\/www.welovecycling.com\/hu\/wp-json\/wp\/v2\/global-categories?post=370"}],"curies":[{"name":"wp","href":"https:\/\/api.w.org\/{rel}","templated":true}]}}