{"id":3457,"date":"2019-05-31T08:00:10","date_gmt":"2019-05-31T07:00:10","guid":{"rendered":"https:\/\/www.welovecycling.com\/hu\/?p=3457"},"modified":"2019-05-24T12:05:16","modified_gmt":"2019-05-24T11:05:16","slug":"rekorddontes-szorakozasbol","status":"publish","type":"post","link":"https:\/\/www.welovecycling.com\/hu\/kozosseg-es-kultura\/rekorddontes-szorakozasbol\/","title":{"rendered":"Rekordd\u00f6nt\u00e9s sz\u00f3rakoz\u00e1sb\u00f3l"},"content":{"rendered":"<p><strong>London, 1938 decembere. Egy mosolyg\u00f3s fiatal h\u00f6lgy lesz\u00e1ll a ker\u00e9kp\u00e1rj\u00e1r\u00f3l \u00e9s elindul, hogy \u00fcdv\u00f6z\u00f6lje a tisztelet\u00e9re \u00f6sszegy\u0171lt fogad\u00f3bizotts\u00e1got. A szem\u00e9ben el\u00e9gedetts\u00e9g, \u00e9s mi\u00e9rt ne lenne az: a l\u00e1baiban 29 064 m\u00e9rf\u00f6lddel az elsz\u00e1nt ker\u00e9kp\u00e1ros \u00e9pp most \u00e1ll\u00edtotta fel az egy \u00e9v alatt megtett m\u00e9rf\u00f6ldek n\u0151i vil\u00e1grekordj\u00e1t. Ebben a pillanatban m\u00e9g nem tudja, hogy 76 \u00e9v telik el, mire valaki megd\u00f6nti majd a teljes\u00edtm\u00e9ny\u00e9t. <\/strong><\/p>\n<p><!--more--><\/p>\n<p>Ahogy sz\u00e1mos m\u00e1s legenda, Billie Fleming is a v\u00e9letlen folyt\u00e1n tal\u00e1lkozott a ker\u00e9kp\u00e1roz\u00e1ssal. 1914-ben sz\u00fcletett \u00e9s a kor elv\u00e1r\u00e1sainak megfelel\u0151en 16 \u00e9vesen, \u00e9retts\u00e9gi ut\u00e1n g\u00e9p\u00edr\u00f3-, \u00e9s titk\u00e1rn\u0151nek \u00e1llt. K\u00e9t \u00e9vvel k\u00e9s\u0151bb egy bar\u00e1tja r\u00e9v\u00e9n ismerte meg a ker\u00e9kp\u00e1roz\u00e1s el\u0151nyeit. Ez olyannyira elb\u0171v\u00f6lte, hogy a teker\u00e9s a mindennapjai r\u00e9sz\u00e9v\u00e9 v\u00e1lt. Akkoriban sok vita folyt a n\u0151k eg\u00e9szs\u00e9g\u00e9r\u0151l \u00e9s a mozg\u00e1s pozit\u00edv hat\u00e1sair\u00f3l, \u00edgy Billie elhat\u00e1rozta: k\u00e9tker\u00e9ken t\u00e1mogatja a mozg\u00e1s szeretet\u00e9t.<\/p>\n<figure id=\"attachment_3458\" aria-describedby=\"caption-attachment-3458\" style=\"width: 1024px\" class=\"wp-caption alignnone\"><a href=\"https:\/\/d2p6e6u75xmxt8.cloudfront.net\/2\/2019\/05\/Billie-Fleming-on-the-road-2.jpg\"><img loading=\"lazy\" decoding=\"async\" class=\"wp-image-3458 size-large\" src=\"https:\/\/d2p6e6u75xmxt8.cloudfront.net\/12\/2019\/05\/Billie-Fleming-on-the-road-2-1024x682.jpg\" alt=\"\" width=\"1024\" height=\"682\" srcset=\"https:\/\/d2p6e6u75xmxt8.cloudfront.net\/12\/2019\/05\/Billie-Fleming-on-the-road-2-1024x682.jpg 1024w, https:\/\/d2p6e6u75xmxt8.cloudfront.net\/12\/2019\/05\/Billie-Fleming-on-the-road-2-300x200.jpg 300w, https:\/\/d2p6e6u75xmxt8.cloudfront.net\/12\/2019\/05\/Billie-Fleming-on-the-road-2-768x512.jpg 768w, https:\/\/d2p6e6u75xmxt8.cloudfront.net\/12\/2019\/05\/Billie-Fleming-on-the-road-2-272x182.jpg 272w, https:\/\/d2p6e6u75xmxt8.cloudfront.net\/12\/2019\/05\/Billie-Fleming-on-the-road-2.jpg 1150w\" sizes=\"auto, (max-width: 1024px) 100vw, 1024px\" \/><\/a><figcaption id=\"caption-attachment-3458\" class=\"wp-caption-text\"><em>Billie 81 m\u00e9rf\u00f6ldet tett meg egy \u00e1tlagos napon.<\/em><\/figcaption><\/figure>\n<p>T\u00e1mogat\u00e1st rem\u00e9lve egy tucatnyi c\u00e9ggel kapcsolatba l\u00e9pett, \u00e9s v\u00e9g\u00fcl a Rudge-Whitworth biztos\u00edtott sz\u00e1m\u00e1ra egy \u00faj ker\u00e9kp\u00e1rt. A hagyom\u00e1nyos felszerel\u00e9s mellett a Cadbury c\u00e9g is volt annyira \u201e\u00e9des\u201d, hogy t\u00e1mogassa a felt\u00f6rekv\u0151 ker\u00e9kp\u00e1rost az \u00fatj\u00e1n. \u00d6t font min\u0151s\u00e9gi Cadbury csokol\u00e1d\u00e9t kapott havonta. Fleming 1938. janu\u00e1r 1-j\u00e9n azzal az elhat\u00e1roz\u00e1ssal indult \u00fatnak, hogy b\u00e1rmi t\u00f6rt\u00e9nj\u00e9k is, mindennap tekerni fog. \u00cdgy is tett.<\/p>\n<p>Felmer\u00fclhet a k\u00e9rd\u00e9s: hogyan k\u00f6vethett\u00e9k nyomon abban az id\u0151ben Billie teljes\u00edtm\u00e9ny\u00e9t? Nos, egy igen hat\u00e1sos rendszer kidolgoz\u00e1s\u00e1val. Billie naponta kit\u00f6lt\u00f6tt egy list\u00e1t, ezut\u00e1n egy tan\u00fa al\u00e1\u00edrta azt, v\u00e9g\u00fcl pedig elpost\u00e1zt\u00e1k a Cycling magazinnak. Ezen k\u00edv\u00fcl raktak a ker\u00e9kp\u00e1rj\u00e1ra egy fordulatsz\u00e1mm\u00e9r\u0151t is. Gyakran kellett ell\u00e1togatnia az \u00fagynevezett &#8220;cycling office&#8221;-okba is, ahol ellen\u0151rizt\u00e9k, hogy nem babr\u00e1lta-e meg valaki ezt a m\u00e9r\u0151t.<\/p>\n<p><a href=\"https:\/\/d2p6e6u75xmxt8.cloudfront.net\/12\/2019\/05\/Billie-Fleming-2.jpg\"><img loading=\"lazy\" decoding=\"async\" class=\"wp-image-3459 size-full\" src=\"https:\/\/d2p6e6u75xmxt8.cloudfront.net\/12\/2019\/05\/Billie-Fleming-2.jpg\" alt=\"\" width=\"1000\" height=\"666\" srcset=\"https:\/\/d2p6e6u75xmxt8.cloudfront.net\/12\/2019\/05\/Billie-Fleming-2.jpg 1000w, https:\/\/d2p6e6u75xmxt8.cloudfront.net\/12\/2019\/05\/Billie-Fleming-2-300x200.jpg 300w, https:\/\/d2p6e6u75xmxt8.cloudfront.net\/12\/2019\/05\/Billie-Fleming-2-768x511.jpg 768w, https:\/\/d2p6e6u75xmxt8.cloudfront.net\/12\/2019\/05\/Billie-Fleming-2-272x182.jpg 272w\" sizes=\"auto, (max-width: 1000px) 100vw, 1000px\" \/><\/a><\/p>\n<p>1938 tel\u00e9n hideg volt \u00e9s h\u00f3, m\u00edg a ny\u00e1r enyhe \u00e9s napos. A sz\u00e9p, meleg napokon Billie az \u00e1tlagos t\u00e1v dupl\u00e1j\u00e1t tekerte le. Nem vitt mag\u00e1val se vizet, se \u00e9telt: ha megszomjazott vagy meg\u00e9hezett, egyszer\u0171en csak meg\u00e1llt egy k\u00e1v\u00e9z\u00f3n\u00e1l vagy egy \u00e9tteremn\u00e9l.<\/p>\n<p>Naponta \u00e1tlagosan 81 m\u00e9rf\u00f6ldet tett meg, amely \u00f6sszeadva 29 604 m\u00e9rf\u00f6ldet jelent egy \u00e9v alatt. V\u00edz \u00e9s seg\u00edt\u0151 csapat n\u00e9lk\u00fcl, a k\u00f6nnyed, fiatal n\u0151 \u00edgy jellemezte a kalandjait: az eg\u00e9sz dolog a fiatals\u00e1g erej\u00e9n m\u00falik. A c\u00e9lja az eg\u00e9szs\u00e9g k\u00e9t ker\u00e9ken val\u00f3 n\u00e9pszer\u0171s\u00edt\u00e9se volt. K\u00e9s\u0151bb m\u00e1r csak \u201eRudge-Whitworth Keep Fit Girl\u201d-nek h\u00edvt\u00e1k.<\/p>\n<p><a href=\"https:\/\/d2p6e6u75xmxt8.cloudfront.net\/12\/2019\/05\/Billie-1938.jpg\"><img loading=\"lazy\" decoding=\"async\" class=\"wp-image-3460 size-full\" src=\"https:\/\/d2p6e6u75xmxt8.cloudfront.net\/12\/2019\/05\/Billie-1938.jpg\" alt=\"\" width=\"750\" height=\"553\" srcset=\"https:\/\/d2p6e6u75xmxt8.cloudfront.net\/12\/2019\/05\/Billie-1938.jpg 750w, https:\/\/d2p6e6u75xmxt8.cloudfront.net\/12\/2019\/05\/Billie-1938-300x221.jpg 300w\" sizes=\"auto, (max-width: 750px) 100vw, 750px\" \/><\/a><\/p>\n<p>Miut\u00e1n teljes\u00edtette a k\u00fcldet\u00e9s\u00e9t, Billie elhat\u00e1rozta, hogy kereszt\u00fcl biciklizik az Egyes\u00fclt \u00c1llamokon. Azonban a II. Vil\u00e1gh\u00e1bor\u00fa k\u00f6zbesz\u00f3lt, ez\u00e9rt egy \u00fajabb \u00f6tlettel \u00e1llt el\u0151: a triciklis versenyz\u00e9ssel. H\u00e1rom \u00faj vil\u00e1grekordot \u00e1ll\u00edtott fel 25, 50 \u00e9s 100 m\u00e9rf\u00f6ld\u00f6n.<\/p>\n<p>Billie a tov\u00e1bbiakban m\u00e1r nem szentelte az \u00e9let\u00e9t a ker\u00e9kp\u00e1rnak, de ez nem jelenti azt, hogy teljesen abba is hagyta. Egyszer\u0171en csak hobbik\u00e9nt folytatta tov\u00e1bb, nem pedig egy ar\u00e9n\u00e1ban versenyezve. &#8220;Keep Fit Girl&#8221; 100 \u00e9ves kor\u00e1ban, 2014-ben hunyt el vil\u00e1grekorderk\u00e9nt. Csak k\u00e9t \u00e9vvel a hal\u00e1la ut\u00e1n siker\u00fclt (Kajsa Tylennek) megd\u00f6nteni a rekordj\u00e1t.<\/p>\n","protected":false},"excerpt":{"rendered":"<p>London, 1938 decembere. Egy mosolyg\u00f3s fiatal h\u00f6lgy lesz\u00e1ll a ker\u00e9kp\u00e1rj\u00e1r\u00f3l \u00e9s elindul, hogy \u00fcdv\u00f6z\u00f6lje a tisztelet\u00e9re \u00f6sszegy\u0171lt fogad\u00f3bizotts\u00e1got. A szem\u00e9ben [&hellip;]<\/p>\n","protected":false},"author":71,"featured_media":3462,"comment_status":"open","ping_status":"open","sticky":false,"template":"","format":"standard","meta":{"footnotes":""},"categories":[12],"tags":[367,113,116],"global-categories":[],"class_list":["post-3457","post","type-post","status-publish","format-standard","has-post-thumbnail","hentry","category-kozosseg-es-kultura","tag-billie-fleming","tag-noi-biciklisek","tag-noi-kerekparozas"],"yoast_head":"<!-- This site is optimized with the Yoast SEO Premium plugin v25.3 (Yoast SEO v25.9) - https:\/\/yoast.com\/wordpress\/plugins\/seo\/ -->\n<title>Rekordd\u00f6nt\u00e9s sz\u00f3rakoz\u00e1sb\u00f3l - \u0160koda We Love Cycling - Magyarorsz\u00e1g<\/title>\n<meta name=\"robots\" content=\"index, follow, max-snippet:-1, max-image-preview:large, max-video-preview:-1\" \/>\n<link rel=\"canonical\" href=\"https:\/\/www.welovecycling.com\/hu\/kozosseg-es-kultura\/rekorddontes-szorakozasbol\/\" \/>\n<meta property=\"og:locale\" content=\"hu_HU\" \/>\n<meta property=\"og:type\" content=\"article\" \/>\n<meta property=\"og:title\" content=\"Rekordd\u00f6nt\u00e9s sz\u00f3rakoz\u00e1sb\u00f3l\" \/>\n<meta property=\"og:description\" content=\"London, 1938 decembere. Egy mosolyg\u00f3s fiatal h\u00f6lgy lesz\u00e1ll a ker\u00e9kp\u00e1rj\u00e1r\u00f3l \u00e9s elindul, hogy \u00fcdv\u00f6z\u00f6lje a tisztelet\u00e9re \u00f6sszegy\u0171lt fogad\u00f3bizotts\u00e1got. A szem\u00e9ben [&hellip;]\" \/>\n<meta property=\"og:url\" content=\"https:\/\/www.welovecycling.com\/hu\/kozosseg-es-kultura\/rekorddontes-szorakozasbol\/\" \/>\n<meta property=\"og:site_name\" content=\"\u0160koda We Love Cycling - Magyarorsz\u00e1g\" \/>\n<meta property=\"article:publisher\" content=\"https:\/\/www.facebook.com\/WeLoveCyclingHungary\/\" \/>\n<meta property=\"article:published_time\" content=\"2019-05-31T07:00:10+00:00\" \/>\n<meta property=\"og:image\" content=\"https:\/\/d2p6e6u75xmxt8.cloudfront.net\/12\/2019\/05\/Billie-Fleming-CVR.jpg\" \/>\n\t<meta property=\"og:image:width\" content=\"1366\" \/>\n\t<meta property=\"og:image:height\" content=\"600\" \/>\n\t<meta property=\"og:image:type\" content=\"image\/jpeg\" \/>\n<meta name=\"author\" content=\"hegyizs\" \/>\n<meta name=\"twitter:card\" content=\"summary_large_image\" \/>\n<meta name=\"twitter:label1\" content=\"Written by\" \/>\n\t<meta name=\"twitter:data1\" content=\"Tereza Antonov\u00e1\" \/>\n\t<meta name=\"twitter:label2\" content=\"Est. reading time\" \/>\n\t<meta name=\"twitter:data2\" content=\"5\" \/>\n<script type=\"application\/ld+json\" class=\"yoast-schema-graph\">{\"@context\":\"https:\/\/schema.org\",\"@graph\":[{\"@type\":\"WebPage\",\"@id\":\"https:\/\/www.welovecycling.com\/hu\/kozosseg-es-kultura\/rekorddontes-szorakozasbol\/\",\"url\":\"https:\/\/www.welovecycling.com\/hu\/kozosseg-es-kultura\/rekorddontes-szorakozasbol\/\",\"name\":\"Rekordd\u00f6nt\u00e9s sz\u00f3rakoz\u00e1sb\u00f3l - \u0160koda We Love Cycling - Magyarorsz\u00e1g\",\"isPartOf\":{\"@id\":\"https:\/\/www.welovecycling.com\/hu\/#website\"},\"primaryImageOfPage\":{\"@id\":\"https:\/\/www.welovecycling.com\/hu\/kozosseg-es-kultura\/rekorddontes-szorakozasbol\/#primaryimage\"},\"image\":{\"@id\":\"https:\/\/www.welovecycling.com\/hu\/kozosseg-es-kultura\/rekorddontes-szorakozasbol\/#primaryimage\"},\"thumbnailUrl\":\"https:\/\/d2p6e6u75xmxt8.cloudfront.net\/12\/2019\/05\/Billie-Fleming-CVR.jpg\",\"datePublished\":\"2019-05-31T07:00:10+00:00\",\"author\":{\"@id\":\"https:\/\/www.welovecycling.com\/hu\/#\/schema\/person\/414a2aebf1801691a5320edb6468e194\"},\"breadcrumb\":{\"@id\":\"https:\/\/www.welovecycling.com\/hu\/kozosseg-es-kultura\/rekorddontes-szorakozasbol\/#breadcrumb\"},\"inLanguage\":\"hu\",\"potentialAction\":[{\"@type\":\"ReadAction\",\"target\":[\"https:\/\/www.welovecycling.com\/hu\/kozosseg-es-kultura\/rekorddontes-szorakozasbol\/\"]}]},{\"@type\":\"ImageObject\",\"inLanguage\":\"hu\",\"@id\":\"https:\/\/www.welovecycling.com\/hu\/kozosseg-es-kultura\/rekorddontes-szorakozasbol\/#primaryimage\",\"url\":\"https:\/\/d2p6e6u75xmxt8.cloudfront.net\/12\/2019\/05\/Billie-Fleming-CVR.jpg\",\"contentUrl\":\"https:\/\/d2p6e6u75xmxt8.cloudfront.net\/12\/2019\/05\/Billie-Fleming-CVR.jpg\",\"width\":1366,\"height\":600},{\"@type\":\"BreadcrumbList\",\"@id\":\"https:\/\/www.welovecycling.com\/hu\/kozosseg-es-kultura\/rekorddontes-szorakozasbol\/#breadcrumb\",\"itemListElement\":[{\"@type\":\"ListItem\",\"position\":1,\"name\":\"Home\",\"item\":\"https:\/\/www.welovecycling.com\/hu\/\"},{\"@type\":\"ListItem\",\"position\":2,\"name\":\"Rekordd\u00f6nt\u00e9s sz\u00f3rakoz\u00e1sb\u00f3l\"}]},{\"@type\":\"WebSite\",\"@id\":\"https:\/\/www.welovecycling.com\/hu\/#website\",\"url\":\"https:\/\/www.welovecycling.com\/hu\/\",\"name\":\"\u0160koda We Love Cycling - Magyarorsz\u00e1g\",\"description\":\"\u0160koda WeLoveCycling\",\"potentialAction\":[{\"@type\":\"SearchAction\",\"target\":{\"@type\":\"EntryPoint\",\"urlTemplate\":\"https:\/\/www.welovecycling.com\/hu\/?s={search_term_string}\"},\"query-input\":{\"@type\":\"PropertyValueSpecification\",\"valueRequired\":true,\"valueName\":\"search_term_string\"}}],\"inLanguage\":\"hu\"},{\"@type\":\"Person\",\"@id\":\"https:\/\/www.welovecycling.com\/hu\/#\/schema\/person\/414a2aebf1801691a5320edb6468e194\",\"name\":\"hegyizs\",\"image\":{\"@type\":\"ImageObject\",\"inLanguage\":\"hu\",\"@id\":\"https:\/\/www.welovecycling.com\/hu\/#\/schema\/person\/image\/\",\"url\":\"https:\/\/secure.gravatar.com\/avatar\/02cf8a7906b8cf90cecb4679defac7cfd33a1c2e3b88e4903d947f3bb58eedd3?s=96&d=mm&r=g\",\"contentUrl\":\"https:\/\/secure.gravatar.com\/avatar\/02cf8a7906b8cf90cecb4679defac7cfd33a1c2e3b88e4903d947f3bb58eedd3?s=96&d=mm&r=g\",\"caption\":\"hegyizs\"},\"url\":\"https:\/\/www.welovecycling.com\/hu\/author\/hegyizs\/\"}]}<\/script>\n<!-- \/ Yoast SEO Premium plugin. -->","yoast_head_json":{"title":"Rekordd\u00f6nt\u00e9s sz\u00f3rakoz\u00e1sb\u00f3l - \u0160koda We Love Cycling - Magyarorsz\u00e1g","robots":{"index":"index","follow":"follow","max-snippet":"max-snippet:-1","max-image-preview":"max-image-preview:large","max-video-preview":"max-video-preview:-1"},"canonical":"https:\/\/www.welovecycling.com\/hu\/kozosseg-es-kultura\/rekorddontes-szorakozasbol\/","og_locale":"hu_HU","og_type":"article","og_title":"Rekordd\u00f6nt\u00e9s sz\u00f3rakoz\u00e1sb\u00f3l","og_description":"London, 1938 decembere. Egy mosolyg\u00f3s fiatal h\u00f6lgy lesz\u00e1ll a ker\u00e9kp\u00e1rj\u00e1r\u00f3l \u00e9s elindul, hogy \u00fcdv\u00f6z\u00f6lje a tisztelet\u00e9re \u00f6sszegy\u0171lt fogad\u00f3bizotts\u00e1got. A szem\u00e9ben [&hellip;]","og_url":"https:\/\/www.welovecycling.com\/hu\/kozosseg-es-kultura\/rekorddontes-szorakozasbol\/","og_site_name":"\u0160koda We Love Cycling - Magyarorsz\u00e1g","article_publisher":"https:\/\/www.facebook.com\/WeLoveCyclingHungary\/","article_published_time":"2019-05-31T07:00:10+00:00","og_image":[{"width":1366,"height":600,"url":"https:\/\/d2p6e6u75xmxt8.cloudfront.net\/12\/2019\/05\/Billie-Fleming-CVR.jpg","type":"image\/jpeg"}],"author":"hegyizs","twitter_card":"summary_large_image","twitter_misc":{"Written by":"Tereza Antonov\u00e1","Est. reading time":"5"},"schema":{"@context":"https:\/\/schema.org","@graph":[{"@type":"WebPage","@id":"https:\/\/www.welovecycling.com\/hu\/kozosseg-es-kultura\/rekorddontes-szorakozasbol\/","url":"https:\/\/www.welovecycling.com\/hu\/kozosseg-es-kultura\/rekorddontes-szorakozasbol\/","name":"Rekordd\u00f6nt\u00e9s sz\u00f3rakoz\u00e1sb\u00f3l - \u0160koda We Love Cycling - Magyarorsz\u00e1g","isPartOf":{"@id":"https:\/\/www.welovecycling.com\/hu\/#website"},"primaryImageOfPage":{"@id":"https:\/\/www.welovecycling.com\/hu\/kozosseg-es-kultura\/rekorddontes-szorakozasbol\/#primaryimage"},"image":{"@id":"https:\/\/www.welovecycling.com\/hu\/kozosseg-es-kultura\/rekorddontes-szorakozasbol\/#primaryimage"},"thumbnailUrl":"https:\/\/d2p6e6u75xmxt8.cloudfront.net\/12\/2019\/05\/Billie-Fleming-CVR.jpg","datePublished":"2019-05-31T07:00:10+00:00","author":{"@id":"https:\/\/www.welovecycling.com\/hu\/#\/schema\/person\/414a2aebf1801691a5320edb6468e194"},"breadcrumb":{"@id":"https:\/\/www.welovecycling.com\/hu\/kozosseg-es-kultura\/rekorddontes-szorakozasbol\/#breadcrumb"},"inLanguage":"hu","potentialAction":[{"@type":"ReadAction","target":["https:\/\/www.welovecycling.com\/hu\/kozosseg-es-kultura\/rekorddontes-szorakozasbol\/"]}]},{"@type":"ImageObject","inLanguage":"hu","@id":"https:\/\/www.welovecycling.com\/hu\/kozosseg-es-kultura\/rekorddontes-szorakozasbol\/#primaryimage","url":"https:\/\/d2p6e6u75xmxt8.cloudfront.net\/12\/2019\/05\/Billie-Fleming-CVR.jpg","contentUrl":"https:\/\/d2p6e6u75xmxt8.cloudfront.net\/12\/2019\/05\/Billie-Fleming-CVR.jpg","width":1366,"height":600},{"@type":"BreadcrumbList","@id":"https:\/\/www.welovecycling.com\/hu\/kozosseg-es-kultura\/rekorddontes-szorakozasbol\/#breadcrumb","itemListElement":[{"@type":"ListItem","position":1,"name":"Home","item":"https:\/\/www.welovecycling.com\/hu\/"},{"@type":"ListItem","position":2,"name":"Rekordd\u00f6nt\u00e9s sz\u00f3rakoz\u00e1sb\u00f3l"}]},{"@type":"WebSite","@id":"https:\/\/www.welovecycling.com\/hu\/#website","url":"https:\/\/www.welovecycling.com\/hu\/","name":"\u0160koda We Love Cycling - Magyarorsz\u00e1g","description":"\u0160koda WeLoveCycling","potentialAction":[{"@type":"SearchAction","target":{"@type":"EntryPoint","urlTemplate":"https:\/\/www.welovecycling.com\/hu\/?s={search_term_string}"},"query-input":{"@type":"PropertyValueSpecification","valueRequired":true,"valueName":"search_term_string"}}],"inLanguage":"hu"},{"@type":"Person","@id":"https:\/\/www.welovecycling.com\/hu\/#\/schema\/person\/414a2aebf1801691a5320edb6468e194","name":"hegyizs","image":{"@type":"ImageObject","inLanguage":"hu","@id":"https:\/\/www.welovecycling.com\/hu\/#\/schema\/person\/image\/","url":"https:\/\/secure.gravatar.com\/avatar\/02cf8a7906b8cf90cecb4679defac7cfd33a1c2e3b88e4903d947f3bb58eedd3?s=96&d=mm&r=g","contentUrl":"https:\/\/secure.gravatar.com\/avatar\/02cf8a7906b8cf90cecb4679defac7cfd33a1c2e3b88e4903d947f3bb58eedd3?s=96&d=mm&r=g","caption":"hegyizs"},"url":"https:\/\/www.welovecycling.com\/hu\/author\/hegyizs\/"}]}},"_links":{"self":[{"href":"https:\/\/www.welovecycling.com\/hu\/wp-json\/wp\/v2\/posts\/3457","targetHints":{"allow":["GET"]}}],"collection":[{"href":"https:\/\/www.welovecycling.com\/hu\/wp-json\/wp\/v2\/posts"}],"about":[{"href":"https:\/\/www.welovecycling.com\/hu\/wp-json\/wp\/v2\/types\/post"}],"author":[{"embeddable":true,"href":"https:\/\/www.welovecycling.com\/hu\/wp-json\/wp\/v2\/users\/71"}],"replies":[{"embeddable":true,"href":"https:\/\/www.welovecycling.com\/hu\/wp-json\/wp\/v2\/comments?post=3457"}],"version-history":[{"count":2,"href":"https:\/\/www.welovecycling.com\/hu\/wp-json\/wp\/v2\/posts\/3457\/revisions"}],"predecessor-version":[{"id":3466,"href":"https:\/\/www.welovecycling.com\/hu\/wp-json\/wp\/v2\/posts\/3457\/revisions\/3466"}],"wp:featuredmedia":[{"embeddable":true,"href":"https:\/\/www.welovecycling.com\/hu\/wp-json\/wp\/v2\/media\/3462"}],"wp:attachment":[{"href":"https:\/\/www.welovecycling.com\/hu\/wp-json\/wp\/v2\/media?parent=3457"}],"wp:term":[{"taxonomy":"category","embeddable":true,"href":"https:\/\/www.welovecycling.com\/hu\/wp-json\/wp\/v2\/categories?post=3457"},{"taxonomy":"post_tag","embeddable":true,"href":"https:\/\/www.welovecycling.com\/hu\/wp-json\/wp\/v2\/tags?post=3457"},{"taxonomy":"global-categories","embeddable":true,"href":"https:\/\/www.welovecycling.com\/hu\/wp-json\/wp\/v2\/global-categories?post=3457"}],"curies":[{"name":"wp","href":"https:\/\/api.w.org\/{rel}","templated":true}]}}