{"id":3451,"date":"2019-06-01T08:00:42","date_gmt":"2019-06-01T07:00:42","guid":{"rendered":"https:\/\/www.welovecycling.com\/hu\/?p=3451"},"modified":"2019-05-24T12:05:45","modified_gmt":"2019-05-24T11:05:45","slug":"az-elso-no-aki-ketkereken-korbeutazta-a-vilagot","status":"publish","type":"post","link":"https:\/\/www.welovecycling.com\/hu\/kozosseg-es-kultura\/az-elso-no-aki-ketkereken-korbeutazta-a-vilagot\/","title":{"rendered":"Az els\u0151 n\u0151, aki k\u00e9tker\u00e9ken k\u00f6rbeutazta a vil\u00e1got"},"content":{"rendered":"<p><strong>Sz\u00e1mtalan t\u00f6rt\u00e9net kering err\u0151l a bizonyos n\u0151r\u0151l, \u00e9s ahogy az a legend\u00e1k eset\u00e9ben lenni szokott, nem mindegyik igaz. \u00c1m egy biztos: Annie Londonderry volt az els\u0151 n\u0151, aki bej\u00e1rta ker\u00e9kp\u00e1ron az eg\u00e9sz vil\u00e1got. <\/strong><!--more--><\/p>\n<h2><strong>\u201eK\u00e9pesek vagyunk r\u00e1\u201d <\/strong><\/h2>\n<p>Ahogy minden izgalmas t\u00f6rt\u00e9net, ez is egy kocsm\u00e1ban kezd\u0151d\u00f6tt. Feltehet\u0151en egy \u00e9jjel Annie tal\u00e1lkozott k\u00e9t f\u00e9rfival, akik egy s\u00f6r f\u00f6l\u00f6tt vitatkoztak egy bostoni b\u00e1rban. A vita t\u00e1rgya: vajon k\u00e9pes lehet-e egy n\u0151 k\u00e9tker\u00e9ken k\u00f6rbeutazni a vil\u00e1got? A vakmer\u0151 h\u00f6lgy k\u00f6zbeavatkozott, hogy r\u00e1c\u00e1foljon a t\u00f6kfilk\u00f3k eszmefuttat\u00e1s\u00e1ra. V\u00e1llalta, hogy bebizony\u00edtja, hogy a n\u0151k ugyanolyan j\u00f3k, mint a f\u00e9rfiak. Megegyeztek, hogy abban az esetben, ha Annie megnyeri a fogad\u00e1st, nem kevesebb, mint 10 000 doll\u00e1r \u00fcti a mark\u00e1t. Az nem sz\u00e1m\u00edt, hogy ezel\u0151tt sosem \u00fclt m\u00e9g ker\u00e9kp\u00e1ron.<\/p>\n<lite-youtube videoid=CrlVeg9G_H0 params=\"enablejsapi=1\" style=\"background-image: url('https:\/\/i.ytimg.com\/vi_webp\/CrlVeg9G_H0\/maxresdefault.webp');\"><\/lite-youtube>\n<p>Hab\u00e1r nincs r\u00e1 bizony\u00edt\u00e9k, hogy \u00edgy t\u00f6rt\u00e9nt \u00e9s lehet, hogy ez is csak egy a sok t\u00fcnd\u00e9rmes\u00e9b\u0151l, amit Annie kital\u00e1lt, de egy biztos: 1894. j\u00fanius 25-\u00e9n egy 42 font s\u00faly\u00fa n\u0151i Columbia ker\u00e9kp\u00e1rral Londonderry \u00fatnak indult Chicag\u00f3b\u00f3l. Az 1890-es \u00e9vekben nem voltak m\u00e9g olyan c\u00e9gek, akik a n\u0151i ker\u00e9kp\u00e1rosokat t\u00e1mogatt\u00e1k volna az ilyen jelleg\u0171 t\u00f6rekv\u00e9sekben. \u00c1m a lelem\u00e9nyes h\u00f6lgyem\u00e9nyt ez nem \u00e1ll\u00edthatta meg: ak\u00e1rhogy is, de elint\u00e9zett mag\u00e1nak egy saj\u00e1t test\u00fcleti t\u00e1mogat\u00e1st. Egy Londonderry Lithia Spring Water Company transzparenst viselve Annie (sz\u00fcletett Cohen Kopchovsky) beleegyezett, hogy 100 doll\u00e1ros jutalom fej\u00e9ben Londonderry-re v\u00e1ltoztassa a vezet\u00e9knev\u00e9t.<\/p>\n<h2><strong>Hoci egy f\u00e9rfi ker\u00e9kp\u00e1rt \u00e9s egy hozz\u00e1val\u00f3 \u00f6lt\u00f6zetet! <\/strong><\/h2>\n<p>Ugyanez \u00e9v szeptember\u00e9ben Annie Chicag\u00f3ba \u00e9rkezett hossz\u00fa viktori\u00e1nus ruh\u00e1j\u00e1ban, lefogyva, 20 fonttal k\u00f6nnyebben \u00e9s 100%-ig elt\u00f6k\u00e9lten, hogy tov\u00e1bb folytatja \u00fatj\u00e1t. Ugyanakkor rettenetesen el is f\u00e1radt. Egy\u00e9rtelm\u0171 volt, hogy v\u00e1ltoz\u00e1sra van sz\u00fcks\u00e9g. Annie lecser\u00e9lte a neh\u00e9z ker\u00e9kp\u00e1rt egy f\u00e9rfiaknak val\u00f3ra, amir\u0151l kider\u00fclt, hogy feleannyira se s\u00falyos. A ruh\u00e1j\u00e1t ledobva, Londonderry nadr\u00e1gban folytatta \u00fatj\u00e1t Eur\u00f3pa fel\u00e9. A hiteless\u00e9g kedv\u00e9\u00e9rt el\u00e1ruljuk: nem tekert kereszt\u00fcl az \u00f3ce\u00e1non. Egy komp seg\u00edts\u00e9g\u00e9vel jutott Franciaorsz\u00e1gba, ahonnan vonattal haladt tov\u00e1bb.<\/p>\n<p><a href=\"https:\/\/d2p6e6u75xmxt8.cloudfront.net\/12\/2019\/05\/annie-londonderry.2.jpg\"><img loading=\"lazy\" decoding=\"async\" class=\"alignnone size-full wp-image-3453\" src=\"https:\/\/d2p6e6u75xmxt8.cloudfront.net\/12\/2019\/05\/annie-londonderry.2.jpg\" alt=\"\" width=\"680\" height=\"1006\" srcset=\"https:\/\/d2p6e6u75xmxt8.cloudfront.net\/12\/2019\/05\/annie-londonderry.2.jpg 680w, https:\/\/d2p6e6u75xmxt8.cloudfront.net\/12\/2019\/05\/annie-londonderry.2-203x300.jpg 203w\" sizes=\"auto, (max-width: 680px) 100vw, 680px\" \/><\/a><\/p>\n<h2><strong>Vitorl\u00e1z\u00e1s vagy ker\u00e9kp\u00e1roz\u00e1s? Egy \u00e9s ugyanaz! <\/strong><\/h2>\n<p>A kalandra \u00e9hes v\u00e1ndor Marseille-b\u0151l g\u0151zhaj\u00f3n jutott \u00c1zsi\u00e1ba. Az igazat megvallva, Annie sz\u00e1m\u00e1ra a vitorl\u00e1z\u00e1s lett egy meglehet\u0151sen gyakori m\u00f3dja annak, hogy egyik pontb\u00f3l a m\u00e1sikba eljusson. Nem volt semmilyen meg\u00e1llapod\u00e1s arra n\u00e9zve, hogy mekkora t\u00e1vols\u00e1got kell k\u00e9tker\u00e9ken megtennie, \u00edgy Annie sz\u00e1mtalan m\u00e1s helyre is eljutott, bele\u00e9rtve Colomb\u00f3t, Alexandri\u00e1t \u00e9s Szingap\u00fart. V\u00e9g\u00fcl 1895 m\u00e1rcius\u00e1ban felsz\u00e1llt egy Jap\u00e1nb\u00f3l San Francisc\u00f3ba tart\u00f3 haj\u00f3ra. Amerik\u00e1ban egy r\u00f6vid teker\u00e9s ut\u00e1n 1895 szeptember\u00e9ben, 15 h\u00f3nappal az indul\u00e1sa ut\u00e1n, Annie vissza\u00e9rkezett Chicag\u00f3ba.<\/p>\n<p><a href=\"https:\/\/d2p6e6u75xmxt8.cloudfront.net\/12\/2019\/05\/Annie_Londonderry.jpg\"><img loading=\"lazy\" decoding=\"async\" class=\"alignnone size-full wp-image-3454\" src=\"https:\/\/d2p6e6u75xmxt8.cloudfront.net\/12\/2019\/05\/Annie_Londonderry.jpg\" alt=\"\" width=\"1000\" height=\"667\" srcset=\"https:\/\/d2p6e6u75xmxt8.cloudfront.net\/12\/2019\/05\/Annie_Londonderry.jpg 1000w, https:\/\/d2p6e6u75xmxt8.cloudfront.net\/12\/2019\/05\/Annie_Londonderry-300x200.jpg 300w, https:\/\/d2p6e6u75xmxt8.cloudfront.net\/12\/2019\/05\/Annie_Londonderry-768x512.jpg 768w, https:\/\/d2p6e6u75xmxt8.cloudfront.net\/12\/2019\/05\/Annie_Londonderry-272x182.jpg 272w\" sizes=\"auto, (max-width: 1000px) 100vw, 1000px\" \/><\/a>Tal\u00e1n nem v\u00e9gig ker\u00e9kp\u00e1ron k\u00f6zlekedett. Tal\u00e1n nem l\u00e1togatott el az \u00f6sszes orsz\u00e1gba az \u00fat sor\u00e1n. Tal\u00e1n kisz\u00ednezte egy kicsit a kalandjai, a tal\u00e1lkoz\u00e1sai \u00e9s a s\u00e9r\u00fcl\u00e9sei t\u00f6rt\u00e9net\u00e9t. De k\u00e9ts\u00e9gk\u00edv\u00fcl megcsin\u00e1lta. A 19. sz\u00e1zad v\u00e9g\u00e9n, els\u0151 n\u0151i v\u00e1ndor ker\u00e9kp\u00e1rosk\u00e9nt Annie Londonderry k\u00f6rbetekerte a vil\u00e1got.<\/p>\n","protected":false},"excerpt":{"rendered":"<p>Sz\u00e1mtalan t\u00f6rt\u00e9net kering err\u0151l a bizonyos n\u0151r\u0151l, \u00e9s ahogy az a legend\u00e1k eset\u00e9ben lenni szokott, nem mindegyik igaz. \u00c1m egy [&hellip;]<\/p>\n","protected":false},"author":71,"featured_media":3456,"comment_status":"open","ping_status":"open","sticky":false,"template":"","format":"standard","meta":{"footnotes":""},"categories":[12],"tags":[366,113,116],"global-categories":[],"class_list":["post-3451","post","type-post","status-publish","format-standard","has-post-thumbnail","hentry","category-kozosseg-es-kultura","tag-annie-londonderry","tag-noi-biciklisek","tag-noi-kerekparozas"],"yoast_head":"<!-- This site is optimized with the Yoast SEO Premium plugin v25.3 (Yoast SEO v25.9) - https:\/\/yoast.com\/wordpress\/plugins\/seo\/ -->\n<title>Az els\u0151 n\u0151, aki k\u00e9tker\u00e9ken k\u00f6rbeutazta a vil\u00e1got - \u0160koda We Love Cycling - Magyarorsz\u00e1g<\/title>\n<meta name=\"robots\" content=\"index, follow, max-snippet:-1, max-image-preview:large, max-video-preview:-1\" \/>\n<link rel=\"canonical\" href=\"https:\/\/www.welovecycling.com\/hu\/kozosseg-es-kultura\/az-elso-no-aki-ketkereken-korbeutazta-a-vilagot\/\" \/>\n<meta property=\"og:locale\" content=\"hu_HU\" \/>\n<meta property=\"og:type\" content=\"article\" \/>\n<meta property=\"og:title\" content=\"Az els\u0151 n\u0151, aki k\u00e9tker\u00e9ken k\u00f6rbeutazta a vil\u00e1got\" \/>\n<meta property=\"og:description\" content=\"Sz\u00e1mtalan t\u00f6rt\u00e9net kering err\u0151l a bizonyos n\u0151r\u0151l, \u00e9s ahogy az a legend\u00e1k eset\u00e9ben lenni szokott, nem mindegyik igaz. \u00c1m egy [&hellip;]\" \/>\n<meta property=\"og:url\" content=\"https:\/\/www.welovecycling.com\/hu\/kozosseg-es-kultura\/az-elso-no-aki-ketkereken-korbeutazta-a-vilagot\/\" \/>\n<meta property=\"og:site_name\" content=\"\u0160koda We Love Cycling - Magyarorsz\u00e1g\" \/>\n<meta property=\"article:publisher\" content=\"https:\/\/www.facebook.com\/WeLoveCyclingHungary\/\" \/>\n<meta property=\"article:published_time\" content=\"2019-06-01T07:00:42+00:00\" \/>\n<meta property=\"og:image\" content=\"https:\/\/d2p6e6u75xmxt8.cloudfront.net\/12\/2019\/05\/londonderry-CVR.jpg\" \/>\n\t<meta property=\"og:image:width\" content=\"1366\" \/>\n\t<meta property=\"og:image:height\" content=\"600\" \/>\n\t<meta property=\"og:image:type\" content=\"image\/jpeg\" \/>\n<meta name=\"author\" content=\"hegyizs\" \/>\n<meta name=\"twitter:card\" content=\"summary_large_image\" \/>\n<meta name=\"twitter:label1\" content=\"Written by\" \/>\n\t<meta name=\"twitter:data1\" content=\"Tereza Antonova\" \/>\n\t<meta name=\"twitter:label2\" content=\"Est. reading time\" \/>\n\t<meta name=\"twitter:data2\" content=\"5\" \/>\n<script type=\"application\/ld+json\" class=\"yoast-schema-graph\">{\"@context\":\"https:\/\/schema.org\",\"@graph\":[{\"@type\":\"WebPage\",\"@id\":\"https:\/\/www.welovecycling.com\/hu\/kozosseg-es-kultura\/az-elso-no-aki-ketkereken-korbeutazta-a-vilagot\/\",\"url\":\"https:\/\/www.welovecycling.com\/hu\/kozosseg-es-kultura\/az-elso-no-aki-ketkereken-korbeutazta-a-vilagot\/\",\"name\":\"Az els\u0151 n\u0151, aki k\u00e9tker\u00e9ken k\u00f6rbeutazta a vil\u00e1got - \u0160koda We Love Cycling - Magyarorsz\u00e1g\",\"isPartOf\":{\"@id\":\"https:\/\/www.welovecycling.com\/hu\/#website\"},\"primaryImageOfPage\":{\"@id\":\"https:\/\/www.welovecycling.com\/hu\/kozosseg-es-kultura\/az-elso-no-aki-ketkereken-korbeutazta-a-vilagot\/#primaryimage\"},\"image\":{\"@id\":\"https:\/\/www.welovecycling.com\/hu\/kozosseg-es-kultura\/az-elso-no-aki-ketkereken-korbeutazta-a-vilagot\/#primaryimage\"},\"thumbnailUrl\":\"https:\/\/d2p6e6u75xmxt8.cloudfront.net\/12\/2019\/05\/londonderry-CVR.jpg\",\"datePublished\":\"2019-06-01T07:00:42+00:00\",\"author\":{\"@id\":\"https:\/\/www.welovecycling.com\/hu\/#\/schema\/person\/414a2aebf1801691a5320edb6468e194\"},\"breadcrumb\":{\"@id\":\"https:\/\/www.welovecycling.com\/hu\/kozosseg-es-kultura\/az-elso-no-aki-ketkereken-korbeutazta-a-vilagot\/#breadcrumb\"},\"inLanguage\":\"hu\",\"potentialAction\":[{\"@type\":\"ReadAction\",\"target\":[\"https:\/\/www.welovecycling.com\/hu\/kozosseg-es-kultura\/az-elso-no-aki-ketkereken-korbeutazta-a-vilagot\/\"]}]},{\"@type\":\"ImageObject\",\"inLanguage\":\"hu\",\"@id\":\"https:\/\/www.welovecycling.com\/hu\/kozosseg-es-kultura\/az-elso-no-aki-ketkereken-korbeutazta-a-vilagot\/#primaryimage\",\"url\":\"https:\/\/d2p6e6u75xmxt8.cloudfront.net\/12\/2019\/05\/londonderry-CVR.jpg\",\"contentUrl\":\"https:\/\/d2p6e6u75xmxt8.cloudfront.net\/12\/2019\/05\/londonderry-CVR.jpg\",\"width\":1366,\"height\":600},{\"@type\":\"BreadcrumbList\",\"@id\":\"https:\/\/www.welovecycling.com\/hu\/kozosseg-es-kultura\/az-elso-no-aki-ketkereken-korbeutazta-a-vilagot\/#breadcrumb\",\"itemListElement\":[{\"@type\":\"ListItem\",\"position\":1,\"name\":\"Home\",\"item\":\"https:\/\/www.welovecycling.com\/hu\/\"},{\"@type\":\"ListItem\",\"position\":2,\"name\":\"Az els\u0151 n\u0151, aki k\u00e9tker\u00e9ken k\u00f6rbeutazta a vil\u00e1got\"}]},{\"@type\":\"WebSite\",\"@id\":\"https:\/\/www.welovecycling.com\/hu\/#website\",\"url\":\"https:\/\/www.welovecycling.com\/hu\/\",\"name\":\"\u0160koda We Love Cycling - Magyarorsz\u00e1g\",\"description\":\"\u0160koda WeLoveCycling\",\"potentialAction\":[{\"@type\":\"SearchAction\",\"target\":{\"@type\":\"EntryPoint\",\"urlTemplate\":\"https:\/\/www.welovecycling.com\/hu\/?s={search_term_string}\"},\"query-input\":{\"@type\":\"PropertyValueSpecification\",\"valueRequired\":true,\"valueName\":\"search_term_string\"}}],\"inLanguage\":\"hu\"},{\"@type\":\"Person\",\"@id\":\"https:\/\/www.welovecycling.com\/hu\/#\/schema\/person\/414a2aebf1801691a5320edb6468e194\",\"name\":\"hegyizs\",\"image\":{\"@type\":\"ImageObject\",\"inLanguage\":\"hu\",\"@id\":\"https:\/\/www.welovecycling.com\/hu\/#\/schema\/person\/image\/\",\"url\":\"https:\/\/secure.gravatar.com\/avatar\/02cf8a7906b8cf90cecb4679defac7cfd33a1c2e3b88e4903d947f3bb58eedd3?s=96&d=mm&r=g\",\"contentUrl\":\"https:\/\/secure.gravatar.com\/avatar\/02cf8a7906b8cf90cecb4679defac7cfd33a1c2e3b88e4903d947f3bb58eedd3?s=96&d=mm&r=g\",\"caption\":\"hegyizs\"},\"url\":\"https:\/\/www.welovecycling.com\/hu\/author\/hegyizs\/\"}]}<\/script>\n<!-- \/ Yoast SEO Premium plugin. -->","yoast_head_json":{"title":"Az els\u0151 n\u0151, aki k\u00e9tker\u00e9ken k\u00f6rbeutazta a vil\u00e1got - \u0160koda We Love Cycling - Magyarorsz\u00e1g","robots":{"index":"index","follow":"follow","max-snippet":"max-snippet:-1","max-image-preview":"max-image-preview:large","max-video-preview":"max-video-preview:-1"},"canonical":"https:\/\/www.welovecycling.com\/hu\/kozosseg-es-kultura\/az-elso-no-aki-ketkereken-korbeutazta-a-vilagot\/","og_locale":"hu_HU","og_type":"article","og_title":"Az els\u0151 n\u0151, aki k\u00e9tker\u00e9ken k\u00f6rbeutazta a vil\u00e1got","og_description":"Sz\u00e1mtalan t\u00f6rt\u00e9net kering err\u0151l a bizonyos n\u0151r\u0151l, \u00e9s ahogy az a legend\u00e1k eset\u00e9ben lenni szokott, nem mindegyik igaz. \u00c1m egy [&hellip;]","og_url":"https:\/\/www.welovecycling.com\/hu\/kozosseg-es-kultura\/az-elso-no-aki-ketkereken-korbeutazta-a-vilagot\/","og_site_name":"\u0160koda We Love Cycling - Magyarorsz\u00e1g","article_publisher":"https:\/\/www.facebook.com\/WeLoveCyclingHungary\/","article_published_time":"2019-06-01T07:00:42+00:00","og_image":[{"width":1366,"height":600,"url":"https:\/\/d2p6e6u75xmxt8.cloudfront.net\/12\/2019\/05\/londonderry-CVR.jpg","type":"image\/jpeg"}],"author":"hegyizs","twitter_card":"summary_large_image","twitter_misc":{"Written by":"Tereza Antonova","Est. reading time":"5"},"schema":{"@context":"https:\/\/schema.org","@graph":[{"@type":"WebPage","@id":"https:\/\/www.welovecycling.com\/hu\/kozosseg-es-kultura\/az-elso-no-aki-ketkereken-korbeutazta-a-vilagot\/","url":"https:\/\/www.welovecycling.com\/hu\/kozosseg-es-kultura\/az-elso-no-aki-ketkereken-korbeutazta-a-vilagot\/","name":"Az els\u0151 n\u0151, aki k\u00e9tker\u00e9ken k\u00f6rbeutazta a vil\u00e1got - \u0160koda We Love Cycling - Magyarorsz\u00e1g","isPartOf":{"@id":"https:\/\/www.welovecycling.com\/hu\/#website"},"primaryImageOfPage":{"@id":"https:\/\/www.welovecycling.com\/hu\/kozosseg-es-kultura\/az-elso-no-aki-ketkereken-korbeutazta-a-vilagot\/#primaryimage"},"image":{"@id":"https:\/\/www.welovecycling.com\/hu\/kozosseg-es-kultura\/az-elso-no-aki-ketkereken-korbeutazta-a-vilagot\/#primaryimage"},"thumbnailUrl":"https:\/\/d2p6e6u75xmxt8.cloudfront.net\/12\/2019\/05\/londonderry-CVR.jpg","datePublished":"2019-06-01T07:00:42+00:00","author":{"@id":"https:\/\/www.welovecycling.com\/hu\/#\/schema\/person\/414a2aebf1801691a5320edb6468e194"},"breadcrumb":{"@id":"https:\/\/www.welovecycling.com\/hu\/kozosseg-es-kultura\/az-elso-no-aki-ketkereken-korbeutazta-a-vilagot\/#breadcrumb"},"inLanguage":"hu","potentialAction":[{"@type":"ReadAction","target":["https:\/\/www.welovecycling.com\/hu\/kozosseg-es-kultura\/az-elso-no-aki-ketkereken-korbeutazta-a-vilagot\/"]}]},{"@type":"ImageObject","inLanguage":"hu","@id":"https:\/\/www.welovecycling.com\/hu\/kozosseg-es-kultura\/az-elso-no-aki-ketkereken-korbeutazta-a-vilagot\/#primaryimage","url":"https:\/\/d2p6e6u75xmxt8.cloudfront.net\/12\/2019\/05\/londonderry-CVR.jpg","contentUrl":"https:\/\/d2p6e6u75xmxt8.cloudfront.net\/12\/2019\/05\/londonderry-CVR.jpg","width":1366,"height":600},{"@type":"BreadcrumbList","@id":"https:\/\/www.welovecycling.com\/hu\/kozosseg-es-kultura\/az-elso-no-aki-ketkereken-korbeutazta-a-vilagot\/#breadcrumb","itemListElement":[{"@type":"ListItem","position":1,"name":"Home","item":"https:\/\/www.welovecycling.com\/hu\/"},{"@type":"ListItem","position":2,"name":"Az els\u0151 n\u0151, aki k\u00e9tker\u00e9ken k\u00f6rbeutazta a vil\u00e1got"}]},{"@type":"WebSite","@id":"https:\/\/www.welovecycling.com\/hu\/#website","url":"https:\/\/www.welovecycling.com\/hu\/","name":"\u0160koda We Love Cycling - Magyarorsz\u00e1g","description":"\u0160koda WeLoveCycling","potentialAction":[{"@type":"SearchAction","target":{"@type":"EntryPoint","urlTemplate":"https:\/\/www.welovecycling.com\/hu\/?s={search_term_string}"},"query-input":{"@type":"PropertyValueSpecification","valueRequired":true,"valueName":"search_term_string"}}],"inLanguage":"hu"},{"@type":"Person","@id":"https:\/\/www.welovecycling.com\/hu\/#\/schema\/person\/414a2aebf1801691a5320edb6468e194","name":"hegyizs","image":{"@type":"ImageObject","inLanguage":"hu","@id":"https:\/\/www.welovecycling.com\/hu\/#\/schema\/person\/image\/","url":"https:\/\/secure.gravatar.com\/avatar\/02cf8a7906b8cf90cecb4679defac7cfd33a1c2e3b88e4903d947f3bb58eedd3?s=96&d=mm&r=g","contentUrl":"https:\/\/secure.gravatar.com\/avatar\/02cf8a7906b8cf90cecb4679defac7cfd33a1c2e3b88e4903d947f3bb58eedd3?s=96&d=mm&r=g","caption":"hegyizs"},"url":"https:\/\/www.welovecycling.com\/hu\/author\/hegyizs\/"}]}},"_links":{"self":[{"href":"https:\/\/www.welovecycling.com\/hu\/wp-json\/wp\/v2\/posts\/3451","targetHints":{"allow":["GET"]}}],"collection":[{"href":"https:\/\/www.welovecycling.com\/hu\/wp-json\/wp\/v2\/posts"}],"about":[{"href":"https:\/\/www.welovecycling.com\/hu\/wp-json\/wp\/v2\/types\/post"}],"author":[{"embeddable":true,"href":"https:\/\/www.welovecycling.com\/hu\/wp-json\/wp\/v2\/users\/71"}],"replies":[{"embeddable":true,"href":"https:\/\/www.welovecycling.com\/hu\/wp-json\/wp\/v2\/comments?post=3451"}],"version-history":[{"count":2,"href":"https:\/\/www.welovecycling.com\/hu\/wp-json\/wp\/v2\/posts\/3451\/revisions"}],"predecessor-version":[{"id":3463,"href":"https:\/\/www.welovecycling.com\/hu\/wp-json\/wp\/v2\/posts\/3451\/revisions\/3463"}],"wp:featuredmedia":[{"embeddable":true,"href":"https:\/\/www.welovecycling.com\/hu\/wp-json\/wp\/v2\/media\/3456"}],"wp:attachment":[{"href":"https:\/\/www.welovecycling.com\/hu\/wp-json\/wp\/v2\/media?parent=3451"}],"wp:term":[{"taxonomy":"category","embeddable":true,"href":"https:\/\/www.welovecycling.com\/hu\/wp-json\/wp\/v2\/categories?post=3451"},{"taxonomy":"post_tag","embeddable":true,"href":"https:\/\/www.welovecycling.com\/hu\/wp-json\/wp\/v2\/tags?post=3451"},{"taxonomy":"global-categories","embeddable":true,"href":"https:\/\/www.welovecycling.com\/hu\/wp-json\/wp\/v2\/global-categories?post=3451"}],"curies":[{"name":"wp","href":"https:\/\/api.w.org\/{rel}","templated":true}]}}