{"id":3440,"date":"2019-05-28T08:00:01","date_gmt":"2019-05-28T07:00:01","guid":{"rendered":"https:\/\/www.welovecycling.com\/hu\/?p=3440"},"modified":"2019-05-24T12:01:23","modified_gmt":"2019-05-24T11:01:23","slug":"biciklis-vakmeroseg-a-leghihetetlenebb-mutatvanyok","status":"publish","type":"post","link":"https:\/\/www.welovecycling.com\/hu\/adrenalin\/biciklis-vakmeroseg-a-leghihetetlenebb-mutatvanyok\/","title":{"rendered":"Biciklis vakmer\u0151s\u00e9g: A leghihetetlenebb mutatv\u00e1nyok"},"content":{"rendered":"<p><strong>K\u00f6nnyen \u00e9rezheted vakmer\u0151nek magad, amikor a legnagyobb forgalom kell\u0151s k\u00f6zep\u00e9n egy macskak\u00f6ves utc\u00e1n tekersz az es\u0151ben, egykerekezel a parkban, vagy leereszkedsz egy sz\u0171k \u00f6sv\u00e9nyen azon a bizonyos dombon, a v\u00e1roshat\u00e1ron k\u00edv\u00fcl. A bringa ide\u00e1lis eszk\u00f6z, ha feszegetni akarod a b\u00e1tors\u00e1god hat\u00e1rait vagy \u00e9pp csak felv\u00e1gni egy kicsit.<\/strong><\/p>\n<p><!--more--><\/p>\n<p>A bicikli m\u00e1r legal\u00e1bb a huszadik sz\u00e1zad eleje \u00f3ta a vakmer\u0151s\u00e9g eszk\u00f6z\u00e9nek sz\u00e1m\u00edtott. Volt egy m\u0171v\u00e9sz p\u00e9ld\u00e1ul, akit \u2013 nagyon tal\u00e1l\u00f3an \u2013 Diavol\u00f3nak h\u00edvtak \u00e9s egy hull\u00e1mvas\u00fathoz hasonl\u00f3, 360 fokos hurok alak\u00fa szerkezetben hajtott v\u00e9gre mutatv\u00e1nyokat a biciklij\u00e9vel, egy ismeretlen amerikai vid\u00e1mparkban 1905-ben.<\/p>\n<figure id=\"attachment_3448\" aria-describedby=\"caption-attachment-3448\" style=\"width: 1377px\" class=\"wp-caption alignnone\"><a href=\"https:\/\/d2p6e6u75xmxt8.cloudfront.net\/12\/2019\/05\/Diavolo.jpg\"><img loading=\"lazy\" decoding=\"async\" class=\"size-full wp-image-3448\" src=\"https:\/\/d2p6e6u75xmxt8.cloudfront.net\/12\/2019\/05\/Diavolo.jpg\" alt=\"\" width=\"1377\" height=\"987\" srcset=\"https:\/\/d2p6e6u75xmxt8.cloudfront.net\/12\/2019\/05\/Diavolo.jpg 1377w, https:\/\/d2p6e6u75xmxt8.cloudfront.net\/12\/2019\/05\/Diavolo-300x215.jpg 300w, https:\/\/d2p6e6u75xmxt8.cloudfront.net\/12\/2019\/05\/Diavolo-768x550.jpg 768w, https:\/\/d2p6e6u75xmxt8.cloudfront.net\/12\/2019\/05\/Diavolo-1024x734.jpg 1024w\" sizes=\"auto, (max-width: 1377px) 100vw, 1377px\" \/><\/a><figcaption id=\"caption-attachment-3448\" class=\"wp-caption-text\"><em>Diavolo vakmer\u0151 biciklis mutatv\u00e1nya a nagyk\u00f6z\u00f6ns\u00e9g el\u0151tt<\/em><\/figcaption><\/figure>\n<p>Azt\u00e1n ott van a norv\u00e9g Eskil Ronningsbakkenn, akit a youtuberek csak Eskil\u7985 n\u00e9ven ismernek. \u0150 el\u0151sz\u00f6r 2010-ben keltette fel annak a viszonylag sz\u0171k r\u00e9tegnek a figyelm\u00e9t, akik rajongtak az eff\u00e9le vakmer\u0151s\u00e9g\u00e9rt, m\u00e9ghozz\u00e1 azzal, hogy h\u00e9t \u00f3r\u00e1n kereszt\u00fcl tekert h\u00e1trafel\u00e9 a bring\u00e1j\u00e1n, amely id\u0151 alatt 42,4 kilom\u00e9tert tett meg meg\u00e1ll\u00e1s n\u00e9lk\u00fcl.<\/p>\n<p>H\u00e1rom \u00e9vvel k\u00e9s\u0151bb emelte a t\u00e9tet, \u00e9s letekert egy meredek \u00e9s tekerv\u00e9nyes hegyi \u00faton, el\u00e9rve a 80 km\/\u00f3r\u00e1s sebess\u00e9get is, ugyancsak h\u00e1trafel\u00e9. A lejt\u0151 10%-os volt, az \u00fat pedig nedves, szembej\u00f6v\u0151 forgalommal \u2013 j\u00f3, csak egy aut\u00f3, de akkor is \u2013 \u00e9s meredek szakad\u00e9kkal az \u00fat ment\u00e9n. Nem haszn\u00e1lt sem biztons\u00e1gi k\u00f6telet, sem h\u00e1mot, \u00e9s ezut\u00e1n felfel\u00e9 is megcsin\u00e1lta ugyanezt, term\u00e9szetesen menetir\u00e1nynak h\u00e1ttal.<\/p>\n<lite-youtube videoid=9QNdx2hs0n4 params=\"enablejsapi=1\" style=\"background-image: url('https:\/\/i.ytimg.com\/vi_webp\/9QNdx2hs0n4\/maxresdefault.webp');\"><\/lite-youtube>\n<p>\u00c9s ha m\u00e1r a figyelemfelkelt\u00e9sr\u0151l is sz\u00f3 esett, Eskil \u7985 2018-ban m\u00e9g mer\u00e9szebbet h\u00fazott, \u00e9s egy szakad\u00e9k felett kifesz\u00edtett k\u00f6t\u00e9len tekert v\u00e9gig, 1000 m\u00e9terrel a felsz\u00edn felett mik\u00f6zben \u2013 elmond\u00e1sa szerint &#8211; f\u00e9l\u00faton k\u00e9zen \u00e1llt a bring\u00e1n.<\/p>\n<lite-youtube videoid=EmEjkb3IdnA params=\"enablejsapi=1\" style=\"background-image: url('https:\/\/i.ytimg.com\/vi_webp\/EmEjkb3IdnA\/maxresdefault.webp');\"><\/lite-youtube>\n<p>Eskil \u7985 egyben cirkuszi m\u0171v\u00e9sz is \u00e9s az egyik mutatv\u00e1ny\u00e1t a Garden of Madness nev\u0171 t\u00e1rsulattal adja el\u0151, akiknek a neve el\u00e9g j\u00f3l passzol a vakmer\u0151 el\u0151ad\u00e1saikhoz. Ahogy a saj\u00e1t internetes oldal\u00e1n \u00edrja: \u201enek\u00fcnk embereknek van egy bels\u0151 k\u00e9sztet\u00e9s\u00fcnk r\u00e1, hogy \u00fajabb \u00e9s \u00fajabb c\u00e9lokat kit\u0171zve feszegess\u00fck a hat\u00e1rainkat\u201d.<\/p>\n<p>Tal\u00e1n van benne valami.<\/p>\n<p>\u00c1m Eskil\u7985-t lesz\u00e1m\u00edtva, manaps\u00e1g az ilyen vakmer\u0151 mutatv\u00e1nyok t\u00f6bbs\u00e9g\u00e9t montikkal hajtj\u00e1k v\u00e9gre a hegyeken, mint p\u00e9ld\u00e1ul a Casey Brown \u00e9s Cam McCaul \u00e1ltal bemutatott man\u0151ver, amikor a Corbet\u2019s Couloir t\u00e9li lejt\u0151in v\u00e1gtattak lefel\u00e9.<\/p>\n<p>A wyoming-i Jackson Hole Mountain Resort r\u00e9szek\u00e9nt a Corbet\u2019s egyike a legmeredekebb \u00e9s legnagyobb kih\u00edv\u00e1st jelent\u0151 s\u00edp\u00e1ly\u00e1knak a vil\u00e1gon, ahova a JacksonHole.com szerz\u0151je, Christopher Steiner szerint az\u00e9rt mennek a s\u00edel\u0151k, hogy bizony\u00edts\u00e1k a r\u00e1termetts\u00e9g\u00fcket vagy, ami gyakrabban megesik, hogy a r\u00e9m\u00fclett\u0151l megh\u00e1tr\u00e1ljanak.<\/p>\n<lite-youtube videoid=mOvMR9K4YNc params=\"enablejsapi=1\" style=\"background-image: url('https:\/\/i.ytimg.com\/vi_webp\/mOvMR9K4YNc\/maxresdefault.webp');\"><\/lite-youtube>\n<p>Kilencven fokos sz\u00f6gb\u0151l indulva szinte lerep\u00fclnek a p\u00e1ly\u00e1n, amely t\u00f6bb meredek m\u00e9lyed\u00e9st, csavart \u00e9s kanyarod\u00f3t is tartogat sz\u00e1mukra. A p\u00e1lya alj\u00e1n Casey belefutott egy cs\u00fanya es\u00e9sbe, amit\u0151l az arca csupa v\u00e9r lett.\u00a0 \u201eA f\u00e9keim nem akartak m\u0171k\u00f6dni \u00e9s nem volt meg\u00e1ll\u00e1s\u201d mondta. \u201eEnn\u00e9l gyorsabban m\u00e9g sosem mentem bring\u00e1val.\u201d<\/p>\n<p>V\u00e9g\u00fcl l\u00e9tezik egy n\u00e9met hegyiker\u00e9kp\u00e1ros, Harald Philipp, aki olyan utakon teker, amelyekre nem sokan mer\u00e9szkedn\u00e9nek. Felviszi a biciklij\u00e9t a hegyre majd leereszkedik vele a meredek \u00e9s csal\u00f3ka lejt\u0151k\u00f6n, gyakran olyan helyeken, ahol nincs is kitaposott \u00f6sv\u00e9ny. \u00c1m Harald vakmer\u0151nek nem mondhat\u00f3, hiszen mikor \u00fagy \u00e9rzi, olyan ponthoz \u00e9rkezett, amelyet nem tud megugrani, lesz\u00e1ll a bring\u00e1r\u00f3l \u00e9s ink\u00e1bb cipeli mag\u00e1val.<\/p>\n<lite-youtube videoid=QzCIWaQSGz0 params=\"enablejsapi=1\" style=\"background-image: url('https:\/\/i.ytimg.com\/vi_webp\/QzCIWaQSGz0\/maxresdefault.webp');\"><\/lite-youtube>\n<p>\u201eA kock\u00e1zatnak van egy bizonyos vonzereje\u201d &#8211; mondja. \u201eAmikor a komfortz\u00f3n\u00e1d v\u00e9gs\u0151 hat\u00e1rait feszegeted \u00e9s nem tudod, hogy k\u00e9pes vagy-e teljes\u00edteni a kih\u00edv\u00e1st, na akkor v\u00e1lik a dolog nagyon \u00e9rdekess\u00e9. Sz\u00e1momra az a k\u00e9t \u00e9s f\u00e9l m\u00e1sodperc az eg\u00e9sz univerzumot jelenti. Eggy\u00e9 v\u00e1lok a bring\u00e1mmal.\u201d<\/p>\n<p>Mivel annyira \u00e9lvezetes ezeket a fotelb\u0151l n\u00e9zni, itt van m\u00e9g h\u00e1rom vide\u00f3, ahogy Johaness Pistrol v\u00e1gt\u00e1zik lefel\u00e9 a Steinerne Rinne-n 2014 j\u00falius\u00e1ban \u2013 az igazi izgalom kb 2:30-n\u00e1l kezd\u0151dik- , egy ismeretlen bring\u00e1s, aki egy nagyon kem\u00e9ny tiroli heggyel birk\u00f3zik meg, \u00e9s Chris Akrigg aki bevesz egy spanyol dombot \u00e9s m\u00e1s akad\u00e1lyokat, amelyek \u00fatk\u00f6zben szembej\u00f6nnek.<\/p>\n<lite-youtube videoid=iafmPpNXgGM params=\"enablejsapi=1\" style=\"background-image: url('https:\/\/i.ytimg.com\/vi_webp\/iafmPpNXgGM\/maxresdefault.webp');\"><\/lite-youtube>\n<lite-youtube videoid=oGxe2oAupw4 params=\"enablejsapi=1\" style=\"background-image: url('https:\/\/i.ytimg.com\/vi_webp\/oGxe2oAupw4\/maxresdefault.webp');\"><\/lite-youtube>\n<p>https:\/\/www.youtube.com\/watch?v=xQ-8jVlaYb8<\/p>\n","protected":false},"excerpt":{"rendered":"<p>K\u00f6nnyen \u00e9rezheted vakmer\u0151nek magad, amikor a legnagyobb forgalom kell\u0151s k\u00f6zep\u00e9n egy macskak\u00f6ves utc\u00e1n tekersz az es\u0151ben, egykerekezel a parkban, vagy [&hellip;]<\/p>\n","protected":false},"author":71,"featured_media":3450,"comment_status":"open","ping_status":"open","sticky":false,"template":"","format":"standard","meta":{"footnotes":""},"categories":[5],"tags":[382,384,383,381,385],"global-categories":[],"class_list":["post-3440","post","type-post","status-publish","format-standard","has-post-thumbnail","hentry","category-adrenalin","tag-corbets-couloir","tag-diavolo","tag-eskil-ronningsbakkenn","tag-harald-philipp","tag-johaness-pistrol"],"yoast_head":"<!-- This site is optimized with the Yoast SEO Premium plugin v25.3 (Yoast SEO v25.9) - https:\/\/yoast.com\/wordpress\/plugins\/seo\/ -->\n<title>Biciklis vakmer\u0151s\u00e9g: A leghihetetlenebb mutatv\u00e1nyok - \u0160koda We Love Cycling - Magyarorsz\u00e1g<\/title>\n<meta name=\"robots\" content=\"index, follow, max-snippet:-1, max-image-preview:large, max-video-preview:-1\" \/>\n<link rel=\"canonical\" href=\"https:\/\/www.welovecycling.com\/hu\/adrenalin\/biciklis-vakmeroseg-a-leghihetetlenebb-mutatvanyok\/\" \/>\n<meta property=\"og:locale\" content=\"hu_HU\" \/>\n<meta property=\"og:type\" content=\"article\" \/>\n<meta property=\"og:title\" content=\"Biciklis vakmer\u0151s\u00e9g: A leghihetetlenebb mutatv\u00e1nyok\" \/>\n<meta property=\"og:description\" content=\"K\u00f6nnyen \u00e9rezheted vakmer\u0151nek magad, amikor a legnagyobb forgalom kell\u0151s k\u00f6zep\u00e9n egy macskak\u00f6ves utc\u00e1n tekersz az es\u0151ben, egykerekezel a parkban, vagy [&hellip;]\" \/>\n<meta property=\"og:url\" content=\"https:\/\/www.welovecycling.com\/hu\/adrenalin\/biciklis-vakmeroseg-a-leghihetetlenebb-mutatvanyok\/\" \/>\n<meta property=\"og:site_name\" content=\"\u0160koda We Love Cycling - Magyarorsz\u00e1g\" \/>\n<meta property=\"article:publisher\" content=\"https:\/\/www.facebook.com\/WeLoveCyclingHungary\/\" \/>\n<meta property=\"article:published_time\" content=\"2019-05-28T07:00:01+00:00\" \/>\n<meta property=\"og:image\" content=\"https:\/\/d2p6e6u75xmxt8.cloudfront.net\/12\/2019\/05\/Daredevils-CVR.jpg\" \/>\n\t<meta property=\"og:image:width\" content=\"1366\" \/>\n\t<meta property=\"og:image:height\" content=\"600\" \/>\n\t<meta property=\"og:image:type\" content=\"image\/jpeg\" \/>\n<meta name=\"author\" content=\"hegyizs\" \/>\n<meta name=\"twitter:card\" content=\"summary_large_image\" \/>\n<meta name=\"twitter:label1\" content=\"Written by\" \/>\n\t<meta name=\"twitter:data1\" content=\"Siegfried Mortkowitz\" \/>\n\t<meta name=\"twitter:label2\" content=\"Est. reading time\" \/>\n\t<meta name=\"twitter:data2\" content=\"7\" \/>\n<script type=\"application\/ld+json\" class=\"yoast-schema-graph\">{\"@context\":\"https:\/\/schema.org\",\"@graph\":[{\"@type\":\"WebPage\",\"@id\":\"https:\/\/www.welovecycling.com\/hu\/adrenalin\/biciklis-vakmeroseg-a-leghihetetlenebb-mutatvanyok\/\",\"url\":\"https:\/\/www.welovecycling.com\/hu\/adrenalin\/biciklis-vakmeroseg-a-leghihetetlenebb-mutatvanyok\/\",\"name\":\"Biciklis vakmer\u0151s\u00e9g: A leghihetetlenebb mutatv\u00e1nyok - \u0160koda We Love Cycling - Magyarorsz\u00e1g\",\"isPartOf\":{\"@id\":\"https:\/\/www.welovecycling.com\/hu\/#website\"},\"primaryImageOfPage\":{\"@id\":\"https:\/\/www.welovecycling.com\/hu\/adrenalin\/biciklis-vakmeroseg-a-leghihetetlenebb-mutatvanyok\/#primaryimage\"},\"image\":{\"@id\":\"https:\/\/www.welovecycling.com\/hu\/adrenalin\/biciklis-vakmeroseg-a-leghihetetlenebb-mutatvanyok\/#primaryimage\"},\"thumbnailUrl\":\"https:\/\/d2p6e6u75xmxt8.cloudfront.net\/12\/2019\/05\/Daredevils-CVR.jpg\",\"datePublished\":\"2019-05-28T07:00:01+00:00\",\"author\":{\"@id\":\"https:\/\/www.welovecycling.com\/hu\/#\/schema\/person\/414a2aebf1801691a5320edb6468e194\"},\"breadcrumb\":{\"@id\":\"https:\/\/www.welovecycling.com\/hu\/adrenalin\/biciklis-vakmeroseg-a-leghihetetlenebb-mutatvanyok\/#breadcrumb\"},\"inLanguage\":\"hu\",\"potentialAction\":[{\"@type\":\"ReadAction\",\"target\":[\"https:\/\/www.welovecycling.com\/hu\/adrenalin\/biciklis-vakmeroseg-a-leghihetetlenebb-mutatvanyok\/\"]}]},{\"@type\":\"ImageObject\",\"inLanguage\":\"hu\",\"@id\":\"https:\/\/www.welovecycling.com\/hu\/adrenalin\/biciklis-vakmeroseg-a-leghihetetlenebb-mutatvanyok\/#primaryimage\",\"url\":\"https:\/\/d2p6e6u75xmxt8.cloudfront.net\/12\/2019\/05\/Daredevils-CVR.jpg\",\"contentUrl\":\"https:\/\/d2p6e6u75xmxt8.cloudfront.net\/12\/2019\/05\/Daredevils-CVR.jpg\",\"width\":1366,\"height\":600},{\"@type\":\"BreadcrumbList\",\"@id\":\"https:\/\/www.welovecycling.com\/hu\/adrenalin\/biciklis-vakmeroseg-a-leghihetetlenebb-mutatvanyok\/#breadcrumb\",\"itemListElement\":[{\"@type\":\"ListItem\",\"position\":1,\"name\":\"Home\",\"item\":\"https:\/\/www.welovecycling.com\/hu\/\"},{\"@type\":\"ListItem\",\"position\":2,\"name\":\"Biciklis vakmer\u0151s\u00e9g: A leghihetetlenebb mutatv\u00e1nyok\"}]},{\"@type\":\"WebSite\",\"@id\":\"https:\/\/www.welovecycling.com\/hu\/#website\",\"url\":\"https:\/\/www.welovecycling.com\/hu\/\",\"name\":\"\u0160koda We Love Cycling - Magyarorsz\u00e1g\",\"description\":\"\u0160koda WeLoveCycling\",\"potentialAction\":[{\"@type\":\"SearchAction\",\"target\":{\"@type\":\"EntryPoint\",\"urlTemplate\":\"https:\/\/www.welovecycling.com\/hu\/?s={search_term_string}\"},\"query-input\":{\"@type\":\"PropertyValueSpecification\",\"valueRequired\":true,\"valueName\":\"search_term_string\"}}],\"inLanguage\":\"hu\"},{\"@type\":\"Person\",\"@id\":\"https:\/\/www.welovecycling.com\/hu\/#\/schema\/person\/414a2aebf1801691a5320edb6468e194\",\"name\":\"hegyizs\",\"image\":{\"@type\":\"ImageObject\",\"inLanguage\":\"hu\",\"@id\":\"https:\/\/www.welovecycling.com\/hu\/#\/schema\/person\/image\/\",\"url\":\"https:\/\/secure.gravatar.com\/avatar\/02cf8a7906b8cf90cecb4679defac7cfd33a1c2e3b88e4903d947f3bb58eedd3?s=96&d=mm&r=g\",\"contentUrl\":\"https:\/\/secure.gravatar.com\/avatar\/02cf8a7906b8cf90cecb4679defac7cfd33a1c2e3b88e4903d947f3bb58eedd3?s=96&d=mm&r=g\",\"caption\":\"hegyizs\"},\"url\":\"https:\/\/www.welovecycling.com\/hu\/author\/hegyizs\/\"}]}<\/script>\n<!-- \/ Yoast SEO Premium plugin. -->","yoast_head_json":{"title":"Biciklis vakmer\u0151s\u00e9g: A leghihetetlenebb mutatv\u00e1nyok - \u0160koda We Love Cycling - Magyarorsz\u00e1g","robots":{"index":"index","follow":"follow","max-snippet":"max-snippet:-1","max-image-preview":"max-image-preview:large","max-video-preview":"max-video-preview:-1"},"canonical":"https:\/\/www.welovecycling.com\/hu\/adrenalin\/biciklis-vakmeroseg-a-leghihetetlenebb-mutatvanyok\/","og_locale":"hu_HU","og_type":"article","og_title":"Biciklis vakmer\u0151s\u00e9g: A leghihetetlenebb mutatv\u00e1nyok","og_description":"K\u00f6nnyen \u00e9rezheted vakmer\u0151nek magad, amikor a legnagyobb forgalom kell\u0151s k\u00f6zep\u00e9n egy macskak\u00f6ves utc\u00e1n tekersz az es\u0151ben, egykerekezel a parkban, vagy [&hellip;]","og_url":"https:\/\/www.welovecycling.com\/hu\/adrenalin\/biciklis-vakmeroseg-a-leghihetetlenebb-mutatvanyok\/","og_site_name":"\u0160koda We Love Cycling - Magyarorsz\u00e1g","article_publisher":"https:\/\/www.facebook.com\/WeLoveCyclingHungary\/","article_published_time":"2019-05-28T07:00:01+00:00","og_image":[{"width":1366,"height":600,"url":"https:\/\/d2p6e6u75xmxt8.cloudfront.net\/12\/2019\/05\/Daredevils-CVR.jpg","type":"image\/jpeg"}],"author":"hegyizs","twitter_card":"summary_large_image","twitter_misc":{"Written by":"Siegfried Mortkowitz","Est. reading time":"7"},"schema":{"@context":"https:\/\/schema.org","@graph":[{"@type":"WebPage","@id":"https:\/\/www.welovecycling.com\/hu\/adrenalin\/biciklis-vakmeroseg-a-leghihetetlenebb-mutatvanyok\/","url":"https:\/\/www.welovecycling.com\/hu\/adrenalin\/biciklis-vakmeroseg-a-leghihetetlenebb-mutatvanyok\/","name":"Biciklis vakmer\u0151s\u00e9g: A leghihetetlenebb mutatv\u00e1nyok - \u0160koda We Love Cycling - Magyarorsz\u00e1g","isPartOf":{"@id":"https:\/\/www.welovecycling.com\/hu\/#website"},"primaryImageOfPage":{"@id":"https:\/\/www.welovecycling.com\/hu\/adrenalin\/biciklis-vakmeroseg-a-leghihetetlenebb-mutatvanyok\/#primaryimage"},"image":{"@id":"https:\/\/www.welovecycling.com\/hu\/adrenalin\/biciklis-vakmeroseg-a-leghihetetlenebb-mutatvanyok\/#primaryimage"},"thumbnailUrl":"https:\/\/d2p6e6u75xmxt8.cloudfront.net\/12\/2019\/05\/Daredevils-CVR.jpg","datePublished":"2019-05-28T07:00:01+00:00","author":{"@id":"https:\/\/www.welovecycling.com\/hu\/#\/schema\/person\/414a2aebf1801691a5320edb6468e194"},"breadcrumb":{"@id":"https:\/\/www.welovecycling.com\/hu\/adrenalin\/biciklis-vakmeroseg-a-leghihetetlenebb-mutatvanyok\/#breadcrumb"},"inLanguage":"hu","potentialAction":[{"@type":"ReadAction","target":["https:\/\/www.welovecycling.com\/hu\/adrenalin\/biciklis-vakmeroseg-a-leghihetetlenebb-mutatvanyok\/"]}]},{"@type":"ImageObject","inLanguage":"hu","@id":"https:\/\/www.welovecycling.com\/hu\/adrenalin\/biciklis-vakmeroseg-a-leghihetetlenebb-mutatvanyok\/#primaryimage","url":"https:\/\/d2p6e6u75xmxt8.cloudfront.net\/12\/2019\/05\/Daredevils-CVR.jpg","contentUrl":"https:\/\/d2p6e6u75xmxt8.cloudfront.net\/12\/2019\/05\/Daredevils-CVR.jpg","width":1366,"height":600},{"@type":"BreadcrumbList","@id":"https:\/\/www.welovecycling.com\/hu\/adrenalin\/biciklis-vakmeroseg-a-leghihetetlenebb-mutatvanyok\/#breadcrumb","itemListElement":[{"@type":"ListItem","position":1,"name":"Home","item":"https:\/\/www.welovecycling.com\/hu\/"},{"@type":"ListItem","position":2,"name":"Biciklis vakmer\u0151s\u00e9g: A leghihetetlenebb mutatv\u00e1nyok"}]},{"@type":"WebSite","@id":"https:\/\/www.welovecycling.com\/hu\/#website","url":"https:\/\/www.welovecycling.com\/hu\/","name":"\u0160koda We Love Cycling - Magyarorsz\u00e1g","description":"\u0160koda WeLoveCycling","potentialAction":[{"@type":"SearchAction","target":{"@type":"EntryPoint","urlTemplate":"https:\/\/www.welovecycling.com\/hu\/?s={search_term_string}"},"query-input":{"@type":"PropertyValueSpecification","valueRequired":true,"valueName":"search_term_string"}}],"inLanguage":"hu"},{"@type":"Person","@id":"https:\/\/www.welovecycling.com\/hu\/#\/schema\/person\/414a2aebf1801691a5320edb6468e194","name":"hegyizs","image":{"@type":"ImageObject","inLanguage":"hu","@id":"https:\/\/www.welovecycling.com\/hu\/#\/schema\/person\/image\/","url":"https:\/\/secure.gravatar.com\/avatar\/02cf8a7906b8cf90cecb4679defac7cfd33a1c2e3b88e4903d947f3bb58eedd3?s=96&d=mm&r=g","contentUrl":"https:\/\/secure.gravatar.com\/avatar\/02cf8a7906b8cf90cecb4679defac7cfd33a1c2e3b88e4903d947f3bb58eedd3?s=96&d=mm&r=g","caption":"hegyizs"},"url":"https:\/\/www.welovecycling.com\/hu\/author\/hegyizs\/"}]}},"_links":{"self":[{"href":"https:\/\/www.welovecycling.com\/hu\/wp-json\/wp\/v2\/posts\/3440","targetHints":{"allow":["GET"]}}],"collection":[{"href":"https:\/\/www.welovecycling.com\/hu\/wp-json\/wp\/v2\/posts"}],"about":[{"href":"https:\/\/www.welovecycling.com\/hu\/wp-json\/wp\/v2\/types\/post"}],"author":[{"embeddable":true,"href":"https:\/\/www.welovecycling.com\/hu\/wp-json\/wp\/v2\/users\/71"}],"replies":[{"embeddable":true,"href":"https:\/\/www.welovecycling.com\/hu\/wp-json\/wp\/v2\/comments?post=3440"}],"version-history":[{"count":2,"href":"https:\/\/www.welovecycling.com\/hu\/wp-json\/wp\/v2\/posts\/3440\/revisions"}],"predecessor-version":[{"id":3477,"href":"https:\/\/www.welovecycling.com\/hu\/wp-json\/wp\/v2\/posts\/3440\/revisions\/3477"}],"wp:featuredmedia":[{"embeddable":true,"href":"https:\/\/www.welovecycling.com\/hu\/wp-json\/wp\/v2\/media\/3450"}],"wp:attachment":[{"href":"https:\/\/www.welovecycling.com\/hu\/wp-json\/wp\/v2\/media?parent=3440"}],"wp:term":[{"taxonomy":"category","embeddable":true,"href":"https:\/\/www.welovecycling.com\/hu\/wp-json\/wp\/v2\/categories?post=3440"},{"taxonomy":"post_tag","embeddable":true,"href":"https:\/\/www.welovecycling.com\/hu\/wp-json\/wp\/v2\/tags?post=3440"},{"taxonomy":"global-categories","embeddable":true,"href":"https:\/\/www.welovecycling.com\/hu\/wp-json\/wp\/v2\/global-categories?post=3440"}],"curies":[{"name":"wp","href":"https:\/\/api.w.org\/{rel}","templated":true}]}}