{"id":3418,"date":"2019-05-29T08:00:16","date_gmt":"2019-05-29T07:00:16","guid":{"rendered":"https:\/\/www.welovecycling.com\/hu\/?p=3418"},"modified":"2019-05-24T12:03:36","modified_gmt":"2019-05-24T11:03:36","slug":"a-kerekes-lotol-a-pneumatikus-kerekparig","status":"publish","type":"post","link":"https:\/\/www.welovecycling.com\/hu\/kozosseg-es-kultura\/a-kerekes-lotol-a-pneumatikus-kerekparig\/","title":{"rendered":"A kerekes l\u00f3t\u00f3l a pneumatikus ker\u00e9kp\u00e1rig"},"content":{"rendered":"<p><strong>B\u00e1r a kereket m\u00e1r mintegy 6000 \u00e9ve haszn\u00e1lja az emberis\u00e9g, a k\u00e9tkerek\u0171 j\u00e1rm\u0171 els\u0151 modern v\u00e1ltozata csak az 1790-es \u00e9vekben h\u00f3d\u00edtott teret. A ker\u00e9kp\u00e1rgy\u00e1rt\u00e1s r\u00f6g\u00f6s \u00fatja v\u00e9g\u00fcl elvezetett a mai biztons\u00e1gos, korszer\u0171 csodaj\u00e1rg\u00e1nyokhoz.<\/strong><!--more--><\/p>\n<p>A kerekes l\u00f3 kifejez\u00e9ssel esz\u00fcnk \u00e1g\u00e1ban sem volt viccelni: val\u00f3ban \u00edgy ford\u00edthatjuk le a francia <em>c\u00e9l\u00e9rif\u00e9re <\/em>nev\u0171 k\u00e9t kerekes, fav\u00e1zas szerkezetet, melyet de Sivrac gr\u00f3f tal\u00e1lt fel ezel\u0151tt 230 \u00e9ve. 1817-ben a n\u00e9met b\u00e1r\u00f3, Karl von Drais ism\u00e9t felfedezte a bicikli el\u0151djek\u00e9nt sz\u00e1mon tartott j\u00e1rm\u0171vet, a neve \u00edgy draisienne-re v\u00e1ltozott, azonban m\u00e9g mindig jobban hasonl\u00edtott egy, gyerekkorunkb\u00f3l j\u00f3l ismert kismotorra, mint egy feln\u0151tt ker\u00e9kp\u00e1rra: haszn\u00e1l\u00f3ja ugyanis l\u00e1bbal hajtotta a j\u00e1rm\u0171vet.<\/p>\n<p>Kiindul\u00e1si alapnak m\u00e9gis j\u00f3 volt ez a faszerkezet. Mintegy 40 \u00e9vvel k\u00e9s\u0151bb, 1861-ben Pierre Michaux, francia bogn\u00e1r \u00e9pp egy ilyet jav\u00edtott, amikor t\u00e1madt egy \u00f6tlete: mi\u00e9rt is ne lehetne ped\u00e1llal hajtani a j\u00e1rm\u0171vet? Fia, Ernest meg is val\u00f3s\u00edtotta apja elk\u00e9pzel\u00e9s\u00e9t, \u00edgy v\u00e1ltak a vil\u00e1g els\u0151 sz\u00e1m\u00fa ker\u00e9kp\u00e1rgy\u00e1rt\u00f3j\u00e1v\u00e1 a velocip\u00e9d modellel. Be\u00e1rny\u00e9kolta azonban a Michaux csal\u00e1d siker\u00e9t, hogy tal\u00e1lm\u00e1nyukra hamarosan s\u00f6t\u00e9t \u00e1rny\u00e9kk\u00e9nt vet\u00fclt a \u201ecsontt\u00f6r\u0151\u201d n\u00e9v.<\/p>\n<p>Az els\u0151 velocip\u00e9d ker\u00e9kp\u00e1rokn\u00e1l a ker\u00e9k m\u00e9g nem volt olyan hatalmas, mint amilyenre ma gondolunk, ha meghalljuk ezt a sz\u00f3t. Mivel a ped\u00e1lt k\u00f6zvetlen\u00fcl az els\u0151 ker\u00e9khez r\u00f6gz\u00edtett\u00e9k, borzaszt\u00f3an gyorsan kellett tekernie a biciklist\u00e1nak, ha a gyalogos sebess\u00e9gn\u00e9l gyorsabban k\u00edv\u00e1nt haladni. Az els\u0151 ker\u00e9k m\u00e9ret\u00e9nek megn\u00f6vel\u00e9se, mint a probl\u00e9ma megold\u00e1sa, James Starley, varr\u00f3g\u00e9pk\u00e9sz\u00edt\u0151 fej\u00e9b\u0151l pattant ki. James arra j\u00f6tt r\u00e1, hogy min\u00e9l nagyobb az els\u0151 ker\u00e9k, ann\u00e1l nagyobb t\u00e1vols\u00e1got tesz meg egy-egy teker\u00e9s alkalm\u00e1val. \u00cdgy j\u00f6tt l\u00e9tre a m\u00e1r sz\u00e1munkra is ismer\u0151s, klasszikus \u00e9rtelemben vett, felem\u00e1s velocip\u00e9d bringa, Ariel.<\/p>\n<figure id=\"attachment_3419\" aria-describedby=\"caption-attachment-3419\" style=\"width: 640px\" class=\"wp-caption aligncenter\"><a href=\"https:\/\/d2p6e6u75xmxt8.cloudfront.net\/12\/2019\/05\/wlc__kerekes_lotol.jpg\"><img loading=\"lazy\" decoding=\"async\" class=\"size-full wp-image-3419\" src=\"https:\/\/d2p6e6u75xmxt8.cloudfront.net\/12\/2019\/05\/wlc__kerekes_lotol.jpg\" alt=\"\" width=\"640\" height=\"477\" srcset=\"https:\/\/d2p6e6u75xmxt8.cloudfront.net\/12\/2019\/05\/wlc__kerekes_lotol.jpg 640w, https:\/\/d2p6e6u75xmxt8.cloudfront.net\/12\/2019\/05\/wlc__kerekes_lotol-300x224.jpg 300w\" sizes=\"auto, (max-width: 640px) 100vw, 640px\" \/><\/a><figcaption id=\"caption-attachment-3419\" class=\"wp-caption-text\">Londoni velocip\u00e9d verseny, 1932-ben.<\/figcaption><\/figure>\n<p>Err\u0151l azonban igen magasr\u00f3l lehetett leesni \u2013 a nyereg majdnem m\u00e1sf\u00e9l m\u00e9ter magasan volt \u2013 \u00edgy el\u0151dje, a csontt\u00f6r\u0151 biztons\u00e1gi probl\u00e9m\u00e1j\u00e1t nem oldotta meg az \u00faj koncepci\u00f3. Nem \u00fagy az angol H. J Lawson \u00f6tlete, aki 1873-ban feltal\u00e1lta a biciklil\u00e1ncot! A h\u00e1ts\u00f3 ker\u00e9kre kifejtett er\u0151 megn\u0151tt, \u00edgy m\u00e1r nem volt sz\u00fcks\u00e9g a m\u00e9retes els\u0151 kerekekre. B\u00e1r Lawsonnak k\u00f6sz\u00f6nhetj\u00fck a biztons\u00e1gos ker\u00e9kp\u00e1roz\u00e1s lehet\u0151s\u00e9g\u00e9t, a bab\u00e9rokat unoka\u00f6ccse, John aratta le 1885-ben bemutatott Rover modellj\u00e9vel, mely a ma is haszn\u00e1lt modern ker\u00e9kp\u00e1rok h\u00edrn\u00f6ke volt, puszt\u00e1n a gumi k\u00e9sz\u00fclt tov\u00e1bbra is t\u00f6m\u00f6r gumib\u00f3l.<\/p>\n<p>K\u00e9t \u00e9vvel k\u00e9s\u0151bb a szint\u00e9n angol John Boyd jutott nagy felfedez\u00e9sre, amikor, ki tudja milyen \u00f6tlett\u0151l vez\u00e9relve, v\u00edzzel t\u00f6lt\u00f6tt kerti slagot szerelt gumi gyan\u00e1nt egy triciklire. A csal\u00e1d orvos\u00e1nak frapp\u00e1ns javaslat\u00e1ra a vizet hamar leveg\u0151re cser\u00e9lt\u00e9k, \u00edgy j\u00f6tt l\u00e9tre az els\u0151 pneumatikus gumi. Azonban a felfedez\u00e9s nem lett korszakalkot\u00f3: Dunlop szabadalm\u00e1t \u00e9rv\u00e9nytelen\u00edtett\u00e9k, amikor kider\u00fclt, hogy a sk\u00f3t Robert Thompson m\u00e1r negyven \u00e9vvel a slagos incidens el\u0151tt feltal\u00e1lta a leveg\u0151vel t\u00f6lt\u00f6tt gumit, igaz ekkor ezt m\u00e9g lovaskocsikra szerelt\u00e9k.<\/p>\n<p>B\u00e1rhogy is t\u00f6rt\u00e9nt, h\u00e1l\u00e1sak lehet\u00fcnk minden eml\u00edtettnek, \u00e9s azoknak is, akik neve a feled\u00e9s hom\u00e1ly\u00e1ba mer\u00fclt az id\u0151k sor\u00e1n, hogy ma biztons\u00e1gos, praktikus \u00e9s k\u00e9nyelmes bring\u00e1kon tekerhet\u00fcnk!<\/p>\n<p>Bor\u00edt\u00f3k\u00e9p: <em>R\u00e9szlet\u00a0A gyalogos szok\u00e1sok, avagy mi a k\u00fcl\u00f6nbs\u00e9g a felmen\u00e9s \u00e9s a lemen\u00e9s k\u00f6z\u00f6tt\u00a0c\u00edm\u0171 kiadv\u00e1nyb\u00f3l. Kiadta J. Tegg 1819-ben.<\/em><\/p>\n<p>Forr\u00e1s: <a href=\"http:\/\/www.tudtad.com\/\" target=\"_blank\" rel=\"noopener\"><em>tudtad.com<\/em><\/a><\/p>\n","protected":false},"excerpt":{"rendered":"<p>B\u00e1r a kereket m\u00e1r mintegy 6000 \u00e9ve haszn\u00e1lja az emberis\u00e9g, a k\u00e9tkerek\u0171 j\u00e1rm\u0171 els\u0151 modern v\u00e1ltozata csak az 1790-es \u00e9vekben [&hellip;]<\/p>\n","protected":false},"author":71,"featured_media":3421,"comment_status":"open","ping_status":"open","sticky":false,"template":"","format":"standard","meta":{"footnotes":""},"categories":[12],"tags":[375,374,370,373,369,368,371,372,183],"global-categories":[],"class_list":["post-3418","post","type-post","status-publish","format-standard","has-post-thumbnail","hentry","category-kozosseg-es-kultura","tag-draisienne","tag-h-j-lawson","tag-james-starley","tag-john-boyd","tag-karl-von-drais","tag-kerekpargyartas","tag-pierre-michaux","tag-robert-thompson","tag-velociped"],"yoast_head":"<!-- This site is optimized with the Yoast SEO Premium plugin v25.3 (Yoast SEO v25.9) - https:\/\/yoast.com\/wordpress\/plugins\/seo\/ -->\n<title>A kerekes l\u00f3t\u00f3l a pneumatikus ker\u00e9kp\u00e1rig - \u0160koda We Love Cycling - Magyarorsz\u00e1g<\/title>\n<meta name=\"robots\" content=\"index, follow, max-snippet:-1, max-image-preview:large, max-video-preview:-1\" \/>\n<link rel=\"canonical\" href=\"https:\/\/www.welovecycling.com\/hu\/kozosseg-es-kultura\/a-kerekes-lotol-a-pneumatikus-kerekparig\/\" \/>\n<meta property=\"og:locale\" content=\"hu_HU\" \/>\n<meta property=\"og:type\" content=\"article\" \/>\n<meta property=\"og:title\" content=\"A kerekes l\u00f3t\u00f3l a pneumatikus ker\u00e9kp\u00e1rig\" \/>\n<meta property=\"og:description\" content=\"B\u00e1r a kereket m\u00e1r mintegy 6000 \u00e9ve haszn\u00e1lja az emberis\u00e9g, a k\u00e9tkerek\u0171 j\u00e1rm\u0171 els\u0151 modern v\u00e1ltozata csak az 1790-es \u00e9vekben [&hellip;]\" \/>\n<meta property=\"og:url\" content=\"https:\/\/www.welovecycling.com\/hu\/kozosseg-es-kultura\/a-kerekes-lotol-a-pneumatikus-kerekparig\/\" \/>\n<meta property=\"og:site_name\" content=\"\u0160koda We Love Cycling - Magyarorsz\u00e1g\" \/>\n<meta property=\"article:publisher\" content=\"https:\/\/www.facebook.com\/WeLoveCyclingHungary\/\" \/>\n<meta property=\"article:published_time\" content=\"2019-05-29T07:00:16+00:00\" \/>\n<meta property=\"og:image\" content=\"https:\/\/d2p6e6u75xmxt8.cloudfront.net\/12\/2019\/05\/tudtad_e_wlc.jpg\" \/>\n\t<meta property=\"og:image:width\" content=\"692\" \/>\n\t<meta property=\"og:image:height\" content=\"442\" \/>\n\t<meta property=\"og:image:type\" content=\"image\/jpeg\" \/>\n<meta name=\"author\" content=\"hegyizs\" \/>\n<meta name=\"twitter:card\" content=\"summary_large_image\" \/>\n<meta name=\"twitter:label1\" content=\"Written by\" \/>\n\t<meta name=\"twitter:data1\" content=\"hegyizs\" \/>\n\t<meta name=\"twitter:label2\" content=\"Est. reading time\" \/>\n\t<meta name=\"twitter:data2\" content=\"4 minutes\" \/>\n<script type=\"application\/ld+json\" class=\"yoast-schema-graph\">{\"@context\":\"https:\/\/schema.org\",\"@graph\":[{\"@type\":\"WebPage\",\"@id\":\"https:\/\/www.welovecycling.com\/hu\/kozosseg-es-kultura\/a-kerekes-lotol-a-pneumatikus-kerekparig\/\",\"url\":\"https:\/\/www.welovecycling.com\/hu\/kozosseg-es-kultura\/a-kerekes-lotol-a-pneumatikus-kerekparig\/\",\"name\":\"A kerekes l\u00f3t\u00f3l a pneumatikus ker\u00e9kp\u00e1rig - \u0160koda We Love Cycling - Magyarorsz\u00e1g\",\"isPartOf\":{\"@id\":\"https:\/\/www.welovecycling.com\/hu\/#website\"},\"primaryImageOfPage\":{\"@id\":\"https:\/\/www.welovecycling.com\/hu\/kozosseg-es-kultura\/a-kerekes-lotol-a-pneumatikus-kerekparig\/#primaryimage\"},\"image\":{\"@id\":\"https:\/\/www.welovecycling.com\/hu\/kozosseg-es-kultura\/a-kerekes-lotol-a-pneumatikus-kerekparig\/#primaryimage\"},\"thumbnailUrl\":\"https:\/\/d2p6e6u75xmxt8.cloudfront.net\/12\/2019\/05\/tudtad_e_wlc.jpg\",\"datePublished\":\"2019-05-29T07:00:16+00:00\",\"author\":{\"@id\":\"https:\/\/www.welovecycling.com\/hu\/#\/schema\/person\/414a2aebf1801691a5320edb6468e194\"},\"breadcrumb\":{\"@id\":\"https:\/\/www.welovecycling.com\/hu\/kozosseg-es-kultura\/a-kerekes-lotol-a-pneumatikus-kerekparig\/#breadcrumb\"},\"inLanguage\":\"hu\",\"potentialAction\":[{\"@type\":\"ReadAction\",\"target\":[\"https:\/\/www.welovecycling.com\/hu\/kozosseg-es-kultura\/a-kerekes-lotol-a-pneumatikus-kerekparig\/\"]}]},{\"@type\":\"ImageObject\",\"inLanguage\":\"hu\",\"@id\":\"https:\/\/www.welovecycling.com\/hu\/kozosseg-es-kultura\/a-kerekes-lotol-a-pneumatikus-kerekparig\/#primaryimage\",\"url\":\"https:\/\/d2p6e6u75xmxt8.cloudfront.net\/12\/2019\/05\/tudtad_e_wlc.jpg\",\"contentUrl\":\"https:\/\/d2p6e6u75xmxt8.cloudfront.net\/12\/2019\/05\/tudtad_e_wlc.jpg\",\"width\":692,\"height\":442},{\"@type\":\"BreadcrumbList\",\"@id\":\"https:\/\/www.welovecycling.com\/hu\/kozosseg-es-kultura\/a-kerekes-lotol-a-pneumatikus-kerekparig\/#breadcrumb\",\"itemListElement\":[{\"@type\":\"ListItem\",\"position\":1,\"name\":\"Home\",\"item\":\"https:\/\/www.welovecycling.com\/hu\/\"},{\"@type\":\"ListItem\",\"position\":2,\"name\":\"A kerekes l\u00f3t\u00f3l a pneumatikus ker\u00e9kp\u00e1rig\"}]},{\"@type\":\"WebSite\",\"@id\":\"https:\/\/www.welovecycling.com\/hu\/#website\",\"url\":\"https:\/\/www.welovecycling.com\/hu\/\",\"name\":\"\u0160koda We Love Cycling - Magyarorsz\u00e1g\",\"description\":\"\u0160koda WeLoveCycling\",\"potentialAction\":[{\"@type\":\"SearchAction\",\"target\":{\"@type\":\"EntryPoint\",\"urlTemplate\":\"https:\/\/www.welovecycling.com\/hu\/?s={search_term_string}\"},\"query-input\":{\"@type\":\"PropertyValueSpecification\",\"valueRequired\":true,\"valueName\":\"search_term_string\"}}],\"inLanguage\":\"hu\"},{\"@type\":\"Person\",\"@id\":\"https:\/\/www.welovecycling.com\/hu\/#\/schema\/person\/414a2aebf1801691a5320edb6468e194\",\"name\":\"hegyizs\",\"image\":{\"@type\":\"ImageObject\",\"inLanguage\":\"hu\",\"@id\":\"https:\/\/www.welovecycling.com\/hu\/#\/schema\/person\/image\/\",\"url\":\"https:\/\/secure.gravatar.com\/avatar\/02cf8a7906b8cf90cecb4679defac7cfd33a1c2e3b88e4903d947f3bb58eedd3?s=96&d=mm&r=g\",\"contentUrl\":\"https:\/\/secure.gravatar.com\/avatar\/02cf8a7906b8cf90cecb4679defac7cfd33a1c2e3b88e4903d947f3bb58eedd3?s=96&d=mm&r=g\",\"caption\":\"hegyizs\"},\"url\":\"https:\/\/www.welovecycling.com\/hu\/author\/hegyizs\/\"}]}<\/script>\n<!-- \/ Yoast SEO Premium plugin. -->","yoast_head_json":{"title":"A kerekes l\u00f3t\u00f3l a pneumatikus ker\u00e9kp\u00e1rig - \u0160koda We Love Cycling - Magyarorsz\u00e1g","robots":{"index":"index","follow":"follow","max-snippet":"max-snippet:-1","max-image-preview":"max-image-preview:large","max-video-preview":"max-video-preview:-1"},"canonical":"https:\/\/www.welovecycling.com\/hu\/kozosseg-es-kultura\/a-kerekes-lotol-a-pneumatikus-kerekparig\/","og_locale":"hu_HU","og_type":"article","og_title":"A kerekes l\u00f3t\u00f3l a pneumatikus ker\u00e9kp\u00e1rig","og_description":"B\u00e1r a kereket m\u00e1r mintegy 6000 \u00e9ve haszn\u00e1lja az emberis\u00e9g, a k\u00e9tkerek\u0171 j\u00e1rm\u0171 els\u0151 modern v\u00e1ltozata csak az 1790-es \u00e9vekben [&hellip;]","og_url":"https:\/\/www.welovecycling.com\/hu\/kozosseg-es-kultura\/a-kerekes-lotol-a-pneumatikus-kerekparig\/","og_site_name":"\u0160koda We Love Cycling - Magyarorsz\u00e1g","article_publisher":"https:\/\/www.facebook.com\/WeLoveCyclingHungary\/","article_published_time":"2019-05-29T07:00:16+00:00","og_image":[{"width":692,"height":442,"url":"https:\/\/d2p6e6u75xmxt8.cloudfront.net\/12\/2019\/05\/tudtad_e_wlc.jpg","type":"image\/jpeg"}],"author":"hegyizs","twitter_card":"summary_large_image","twitter_misc":{"Written by":"hegyizs","Est. reading time":"4 minutes"},"schema":{"@context":"https:\/\/schema.org","@graph":[{"@type":"WebPage","@id":"https:\/\/www.welovecycling.com\/hu\/kozosseg-es-kultura\/a-kerekes-lotol-a-pneumatikus-kerekparig\/","url":"https:\/\/www.welovecycling.com\/hu\/kozosseg-es-kultura\/a-kerekes-lotol-a-pneumatikus-kerekparig\/","name":"A kerekes l\u00f3t\u00f3l a pneumatikus ker\u00e9kp\u00e1rig - \u0160koda We Love Cycling - Magyarorsz\u00e1g","isPartOf":{"@id":"https:\/\/www.welovecycling.com\/hu\/#website"},"primaryImageOfPage":{"@id":"https:\/\/www.welovecycling.com\/hu\/kozosseg-es-kultura\/a-kerekes-lotol-a-pneumatikus-kerekparig\/#primaryimage"},"image":{"@id":"https:\/\/www.welovecycling.com\/hu\/kozosseg-es-kultura\/a-kerekes-lotol-a-pneumatikus-kerekparig\/#primaryimage"},"thumbnailUrl":"https:\/\/d2p6e6u75xmxt8.cloudfront.net\/12\/2019\/05\/tudtad_e_wlc.jpg","datePublished":"2019-05-29T07:00:16+00:00","author":{"@id":"https:\/\/www.welovecycling.com\/hu\/#\/schema\/person\/414a2aebf1801691a5320edb6468e194"},"breadcrumb":{"@id":"https:\/\/www.welovecycling.com\/hu\/kozosseg-es-kultura\/a-kerekes-lotol-a-pneumatikus-kerekparig\/#breadcrumb"},"inLanguage":"hu","potentialAction":[{"@type":"ReadAction","target":["https:\/\/www.welovecycling.com\/hu\/kozosseg-es-kultura\/a-kerekes-lotol-a-pneumatikus-kerekparig\/"]}]},{"@type":"ImageObject","inLanguage":"hu","@id":"https:\/\/www.welovecycling.com\/hu\/kozosseg-es-kultura\/a-kerekes-lotol-a-pneumatikus-kerekparig\/#primaryimage","url":"https:\/\/d2p6e6u75xmxt8.cloudfront.net\/12\/2019\/05\/tudtad_e_wlc.jpg","contentUrl":"https:\/\/d2p6e6u75xmxt8.cloudfront.net\/12\/2019\/05\/tudtad_e_wlc.jpg","width":692,"height":442},{"@type":"BreadcrumbList","@id":"https:\/\/www.welovecycling.com\/hu\/kozosseg-es-kultura\/a-kerekes-lotol-a-pneumatikus-kerekparig\/#breadcrumb","itemListElement":[{"@type":"ListItem","position":1,"name":"Home","item":"https:\/\/www.welovecycling.com\/hu\/"},{"@type":"ListItem","position":2,"name":"A kerekes l\u00f3t\u00f3l a pneumatikus ker\u00e9kp\u00e1rig"}]},{"@type":"WebSite","@id":"https:\/\/www.welovecycling.com\/hu\/#website","url":"https:\/\/www.welovecycling.com\/hu\/","name":"\u0160koda We Love Cycling - Magyarorsz\u00e1g","description":"\u0160koda WeLoveCycling","potentialAction":[{"@type":"SearchAction","target":{"@type":"EntryPoint","urlTemplate":"https:\/\/www.welovecycling.com\/hu\/?s={search_term_string}"},"query-input":{"@type":"PropertyValueSpecification","valueRequired":true,"valueName":"search_term_string"}}],"inLanguage":"hu"},{"@type":"Person","@id":"https:\/\/www.welovecycling.com\/hu\/#\/schema\/person\/414a2aebf1801691a5320edb6468e194","name":"hegyizs","image":{"@type":"ImageObject","inLanguage":"hu","@id":"https:\/\/www.welovecycling.com\/hu\/#\/schema\/person\/image\/","url":"https:\/\/secure.gravatar.com\/avatar\/02cf8a7906b8cf90cecb4679defac7cfd33a1c2e3b88e4903d947f3bb58eedd3?s=96&d=mm&r=g","contentUrl":"https:\/\/secure.gravatar.com\/avatar\/02cf8a7906b8cf90cecb4679defac7cfd33a1c2e3b88e4903d947f3bb58eedd3?s=96&d=mm&r=g","caption":"hegyizs"},"url":"https:\/\/www.welovecycling.com\/hu\/author\/hegyizs\/"}]}},"_links":{"self":[{"href":"https:\/\/www.welovecycling.com\/hu\/wp-json\/wp\/v2\/posts\/3418","targetHints":{"allow":["GET"]}}],"collection":[{"href":"https:\/\/www.welovecycling.com\/hu\/wp-json\/wp\/v2\/posts"}],"about":[{"href":"https:\/\/www.welovecycling.com\/hu\/wp-json\/wp\/v2\/types\/post"}],"author":[{"embeddable":true,"href":"https:\/\/www.welovecycling.com\/hu\/wp-json\/wp\/v2\/users\/71"}],"replies":[{"embeddable":true,"href":"https:\/\/www.welovecycling.com\/hu\/wp-json\/wp\/v2\/comments?post=3418"}],"version-history":[{"count":2,"href":"https:\/\/www.welovecycling.com\/hu\/wp-json\/wp\/v2\/posts\/3418\/revisions"}],"predecessor-version":[{"id":3425,"href":"https:\/\/www.welovecycling.com\/hu\/wp-json\/wp\/v2\/posts\/3418\/revisions\/3425"}],"wp:featuredmedia":[{"embeddable":true,"href":"https:\/\/www.welovecycling.com\/hu\/wp-json\/wp\/v2\/media\/3421"}],"wp:attachment":[{"href":"https:\/\/www.welovecycling.com\/hu\/wp-json\/wp\/v2\/media?parent=3418"}],"wp:term":[{"taxonomy":"category","embeddable":true,"href":"https:\/\/www.welovecycling.com\/hu\/wp-json\/wp\/v2\/categories?post=3418"},{"taxonomy":"post_tag","embeddable":true,"href":"https:\/\/www.welovecycling.com\/hu\/wp-json\/wp\/v2\/tags?post=3418"},{"taxonomy":"global-categories","embeddable":true,"href":"https:\/\/www.welovecycling.com\/hu\/wp-json\/wp\/v2\/global-categories?post=3418"}],"curies":[{"name":"wp","href":"https:\/\/api.w.org\/{rel}","templated":true}]}}