{"id":3404,"date":"2019-05-26T08:00:37","date_gmt":"2019-05-26T07:00:37","guid":{"rendered":"https:\/\/www.welovecycling.com\/hu\/?p=3404"},"modified":"2019-05-20T13:27:52","modified_gmt":"2019-05-20T12:27:52","slug":"ez-sonkas-szendviccsel-mukodik-ilyen-budapesten-futarkodni","status":"publish","type":"post","link":"https:\/\/www.welovecycling.com\/hu\/varosi-kerekparozas\/ez-sonkas-szendviccsel-mukodik-ilyen-budapesten-futarkodni\/","title":{"rendered":"Ez sonk\u00e1s szendviccsel m\u0171k\u00f6dik \u2013 ilyen Budapesten fut\u00e1rkodni"},"content":{"rendered":"<p><strong>V\u00e1rosban biciklizni tal\u00e1n vesz\u00e9lyesebb, mint erd\u0151ben, hiszen nem csak mi hib\u00e1zhatunk, hanem a forgalom sok ezer m\u00e1sik r\u00e9sztvev\u0151je is. Egy fut\u00e1r m\u00e9gis meg\u00e9lhet\u00e9sek\u00e9nt v\u00e1lasztja a v\u00e1rosi teker\u00e9st, holott vesz\u00e9lyes, eg\u00e9szs\u00e9gtelen, \u00e9s k\u00fcl\u00f6n\u00f6sebben j\u00f3l sem fizet. Akkor m\u00e9gis mi\u00e9rt?<\/strong><\/p>\n<p><!--more--><\/p>\n<p>\u00c1lmos p\u00e9ld\u00e1ul szeret biciklizni, itt meg m\u00e9g r\u00e1ad\u00e1sul fizetnek is \u00e9rte. \u0150 h\u00e1rom \u00e9ve dolgozik a Hajt\u00e1s Pajt\u00e1sn\u00e1l, a 26 \u00e9ve m\u0171k\u00f6d\u0151 c\u00e9g a legr\u00e9gebbi szerepl\u0151 a hazai piacon, jelenleg nagyj\u00e1b\u00f3l harminc teljes \u00e1ll\u00e1s\u00fa fut\u00e1rral dolgoznak. A t\u00f6bbs\u00e9g huszon\u00e9ves, sokan dolgoznak egyetem mellett, de \u00c1lmos m\u00e1r l\u00e1tott olyat is, aki ki akart szakadni az irodai munk\u00e1b\u00f3l, felmondott, majd p\u00e1r \u00e9vre be\u00e1llt fut\u00e1rnak.<\/p>\n<p><a href=\"https:\/\/d2p6e6u75xmxt8.cloudfront.net\/12\/2019\/05\/wlc21s2.jpg\"><img loading=\"lazy\" decoding=\"async\" class=\"alignnone size-full wp-image-3406\" src=\"https:\/\/d2p6e6u75xmxt8.cloudfront.net\/12\/2019\/05\/wlc21s2.jpg\" alt=\"\" width=\"960\" height=\"591\" srcset=\"https:\/\/d2p6e6u75xmxt8.cloudfront.net\/12\/2019\/05\/wlc21s2.jpg 960w, https:\/\/d2p6e6u75xmxt8.cloudfront.net\/12\/2019\/05\/wlc21s2-300x185.jpg 300w, https:\/\/d2p6e6u75xmxt8.cloudfront.net\/12\/2019\/05\/wlc21s2-768x473.jpg 768w\" sizes=\"auto, (max-width: 960px) 100vw, 960px\" \/><\/a><\/p>\n<p>Lehet valami a kalandv\u00e1gy dologban, hiszen van, aki a munkahely\u00e9n az\u00e9rt vesz ki szabads\u00e1got, hogy tekerhessen p\u00e1r napot beugr\u00f3sk\u00e9nt, \u00e9s persze sokaknak a p\u00e9nz kell. A munka pedig kem\u00e9ny, egy olyan nap, amikor csak 60 kilom\u00e9ter j\u00f6n \u00f6ssze, gyeng\u00e9nek sz\u00e1m\u00edt, az \u00e1tlag ink\u00e1bb 90-95 kilom\u00e9ter, \u00e9s gyakori a 100 kilom\u00e9ter feletti t\u00e1v nap v\u00e9g\u00e9n. Heti \u00f6t napon \u00e1t, nyolc \u00f3r\u00e1ban, id\u0151j\u00e1r\u00e1st\u00f3l f\u00fcggetlen\u00fcl. A legt\u00f6bben 2-3 \u00e9vig csin\u00e1lj\u00e1k, de a szakma m\u00e1r l\u00e1tott olyan fut\u00e1rt is, aki 20 \u00e9v ut\u00e1n tette le a bring\u00e1t.<\/p>\n<p><a href=\"https:\/\/d2p6e6u75xmxt8.cloudfront.net\/12\/2019\/05\/wlc21s3.jpg\"><img loading=\"lazy\" decoding=\"async\" class=\"alignnone size-full wp-image-3407\" src=\"https:\/\/d2p6e6u75xmxt8.cloudfront.net\/12\/2019\/05\/wlc21s3.jpg\" alt=\"\" width=\"1200\" height=\"900\" srcset=\"https:\/\/d2p6e6u75xmxt8.cloudfront.net\/12\/2019\/05\/wlc21s3.jpg 1200w, https:\/\/d2p6e6u75xmxt8.cloudfront.net\/12\/2019\/05\/wlc21s3-300x225.jpg 300w, https:\/\/d2p6e6u75xmxt8.cloudfront.net\/12\/2019\/05\/wlc21s3-768x576.jpg 768w, https:\/\/d2p6e6u75xmxt8.cloudfront.net\/12\/2019\/05\/wlc21s3-1024x768.jpg 1024w\" sizes=\"auto, (max-width: 1200px) 100vw, 1200px\" \/><\/a>Sok\u00e1ig nem \u00e9rtettem, hogy p\u00e9ld\u00e1ul a motoros fut\u00e1rok mellett hogy tud megmaradni a bring\u00e1s sz\u00e1ll\u00edt\u00e1s, hiszen a motor is f\u00fcrge, r\u00e1ad\u00e1sul nem f\u00e1rad. \u00c1lmos szerint a motor az\u00e9rt nem f\u00e9r el olyan k\u00f6nnyen, mint a bringa, \u0151 is szokott olyan helyzetbe futni, ahol m\u00e1r nem f\u00e9r el a sorok k\u00f6z\u00f6tt a beragadt motoros miatt. A bringa korm\u00e1nya t\u00f6bbnyire nem sz\u00e9lesebb a bring\u00e1s v\u00e1ll\u00e1n\u00e1l, \u00edgy a kocsisorok k\u00f6zti \u00e1tf\u0171z\u00e9s sokkal k\u00f6nnyebb.<\/p>\n<p>Meg persze olcs\u00f3bb, ahogy \u0151 fogalmaz, a bring\u00e1s <em>nem benzinnel, hanem sonk\u00e1s szendviccsel m\u0171k\u00f6dik, <\/em>ami komoly szempont. A bringa megv\u00e9tele, karbantart\u00e1sa l\u00e9nyegesen kevesebbe ker\u00fcl, mint egy motor\u00e9, r\u00e1ad\u00e1sul jogos\u00edtv\u00e1ny sem kell hozz\u00e1. \u00c1lmos egy Bianchi orsz\u00e1g\u00fatit alak\u00edtott \u00e1t, agyv\u00e1lt\u00f3t \u00e9s dobf\u00e9ket haszn\u00e1l. Ezek el\u0151nye, hogy alig ig\u00e9nyelnek karbantart\u00e1st, hiszen z\u00e1rtak, \u00edgy az id\u0151j\u00e1r\u00e1s sem befoly\u00e1solja a m\u0171k\u00f6d\u00e9s\u00fcket. Van, aki a hagyom\u00e1nyos v\u00e1lt\u00f3- \u00e9s f\u00e9krendszerekben hisz, \u00e9s \u00f6r\u00f6khajt\u00f3s (fixi) felhaszn\u00e1l\u00f3k is akadnak. A l\u00e9nyeg persze nem az, hogy a legmodernebb technika legyen a fut\u00e1r alatt, sokkal ink\u00e1bb a megb\u00edzhat\u00f3s\u00e1g \u00e9s az olcs\u00f3 fenntarthat\u00f3s\u00e1g sz\u00e1m\u00edt.<\/p>\n<p><a href=\"https:\/\/d2p6e6u75xmxt8.cloudfront.net\/12\/2019\/05\/wlc21s1.jpg\"><img loading=\"lazy\" decoding=\"async\" class=\"aligncenter size-full wp-image-3410\" src=\"https:\/\/d2p6e6u75xmxt8.cloudfront.net\/12\/2019\/05\/wlc21s1.jpg\" alt=\"\" width=\"800\" height=\"370\" srcset=\"https:\/\/d2p6e6u75xmxt8.cloudfront.net\/12\/2019\/05\/wlc21s1.jpg 800w, https:\/\/d2p6e6u75xmxt8.cloudfront.net\/12\/2019\/05\/wlc21s1-300x139.jpg 300w, https:\/\/d2p6e6u75xmxt8.cloudfront.net\/12\/2019\/05\/wlc21s1-768x355.jpg 768w\" sizes=\"auto, (max-width: 800px) 100vw, 800px\" \/><\/a><\/p>\n<p>\u00c1lmos egyetlen b\u00e1nata, hogy a mostani bring\u00e1ja neh\u00e9z, 13 kil\u00f3, mik\u00f6zben a versenyz\u00e9sre haszn\u00e1lt bring\u00e1ja alig 9 kil\u00f3. Sokan a sport fel\u0151l \u00e9rkeznek a fut\u00e1r vil\u00e1gba, \u0151 pont ford\u00edtva volt: a munka miatt kapott kedvet a versenyz\u00e9shez. Munka sor\u00e1n is azokat a k\u00f6r\u00f6ket szereti, ahol hosszabb t\u00e1von tekerhet: a v\u00e1rost z\u00f3n\u00e1kra osztja a c\u00e9g, a b\u00e9rez\u00e9s teljes\u00edtm\u00e9ny-alap\u00fa, \u00edgy v\u00e1llalt fuvarokt\u00f3l f\u00fcgg a fizet\u00e9s. Havi nett\u00f3 150 ezer forintt\u00f3l indulnak a fizet\u00e9sek, de c\u00e9genk\u00e9nt v\u00e1ltoznak a viszonyok. \u00c1lmos p\u00e9ld\u00e1ul egy\u00e9b juttat\u00e1sokat is kap a c\u00e9gt\u0151l, mint szerviz, sisak, vagy t\u00e9li ruh\u00e1zat.<\/p>\n<p>Ut\u00f3bbi t\u00e9nyleg fontos, hiszen az \u00edz\u00fcletek v\u00e9delm\u00e9n rengeteg m\u00falik a hideg id\u0151 be\u00e1llt\u00e1val. A k\u00e9zfej \u00e9s a t\u00e9rd \u00f3v\u00e1sa a legl\u00e9nyegesebb, megfelel\u0151 ruh\u00e1zattal sok f\u00e1jdalom \u00faszhat\u00f3 meg. A folyamatos fizikai terhel\u00e9s miatt az ev\u00e9sre is figyelni kell, ez f\u0151leg a hajt\u00f3sabb napokon neh\u00e9zkes, hiszen menet k\u00f6zben kell valahogy bevinni az energi\u00e1t. A h\u00e1tizs\u00e1k Ortlieb gy\u00e1rtm\u00e1ny\u00fa, nagyj\u00e1b\u00f3l 10 kil\u00f3ig terhelik, hol bor\u00edt\u00e9k van benne, hol cip\u0151s doboz, gyakran pap\u00edrok. Rengetegen ragaszkodnak a pap\u00edron al\u00e1\u00edrt szerz\u0151d\u00e9sekhez, ezt e-mailben egyszer\u0171en nem lehet megoldani. Ami nem f\u00e9r fel a bring\u00e1s h\u00e1t\u00e1ra, arra ott a <em>cargo bike <\/em>er\u0151s\u00edtett, tehersz\u00e1ll\u00edt\u00e1sra tervezett v\u00e1zzal.<\/p>\n<p>&nbsp;<\/p>\n<p><a href=\"https:\/\/d2p6e6u75xmxt8.cloudfront.net\/12\/2019\/05\/wlc21s4.jpg\"><img loading=\"lazy\" decoding=\"async\" class=\"aligncenter size-full wp-image-3408\" src=\"https:\/\/d2p6e6u75xmxt8.cloudfront.net\/12\/2019\/05\/wlc21s4.jpg\" alt=\"\" width=\"425\" height=\"548\" srcset=\"https:\/\/d2p6e6u75xmxt8.cloudfront.net\/12\/2019\/05\/wlc21s4.jpg 425w, https:\/\/d2p6e6u75xmxt8.cloudfront.net\/12\/2019\/05\/wlc21s4-233x300.jpg 233w\" sizes=\"auto, (max-width: 425px) 100vw, 425px\" \/><\/a><\/p>\n<p>\u00c9s a baleset nagyj\u00e1b\u00f3l elker\u00fclhetetlen, hiszen azzal, aki ekkora t\u00e1vokat, ilyen s\u0171r\u0171n teker, m\u00e1r csak a nagy sz\u00e1mok t\u00f6rv\u00e9nye miatt is megt\u00f6rt\u00e9nik a baj. Ez sajnos benne van, ha nem is m\u00e1s k\u00f6zleked\u0151 hib\u00e1j\u00e1b\u00f3l, egy elcs\u00fasz\u00e1s b\u00e1rmikor el\u0151fordulhat.<\/p>\n<p>Ki kalandv\u00e1gyb\u00f3l, ki sz\u00fcks\u00e9gb\u0151l, de a kem\u00e9ny munka ellen\u00e9re sokan \u00e1llnak fut\u00e1rnak, \u00e9s a munk\u00e1nak m\u00e9g j\u00f3 darabig lesz felvev\u0151piaca. \u00c1lmost szerint addig sz\u00fcks\u00e9g lesz a sz\u00e1ll\u00edt\u00e1s egyszer\u0171, gyors, \u00e9s olcs\u00f3 m\u00f3dj\u00e1ra, am\u00edg a dr\u00f3nok \u00e1t nem veszik munk\u00e1t. \u00c9s az m\u00e9g nem most lesz.<\/p>\n","protected":false},"excerpt":{"rendered":"<p>V\u00e1rosban biciklizni tal\u00e1n vesz\u00e9lyesebb, mint erd\u0151ben, hiszen nem csak mi hib\u00e1zhatunk, hanem a forgalom sok ezer m\u00e1sik r\u00e9sztvev\u0151je is. Egy [&hellip;]<\/p>\n","protected":false},"author":71,"featured_media":3405,"comment_status":"open","ping_status":"open","sticky":false,"template":"","format":"standard","meta":{"footnotes":""},"categories":[9],"tags":[365],"global-categories":[],"class_list":["post-3404","post","type-post","status-publish","format-standard","has-post-thumbnail","hentry","category-varosi-kerekparozas","tag-biciklis-futar"],"yoast_head":"<!-- This site is optimized with the Yoast SEO Premium plugin v25.3 (Yoast SEO v25.9) - https:\/\/yoast.com\/wordpress\/plugins\/seo\/ -->\n<title>Ez sonk\u00e1s szendviccsel m\u0171k\u00f6dik \u2013 ilyen Budapesten fut\u00e1rkodni - \u0160koda We Love Cycling - Magyarorsz\u00e1g<\/title>\n<meta name=\"robots\" content=\"index, follow, max-snippet:-1, max-image-preview:large, max-video-preview:-1\" \/>\n<link rel=\"canonical\" href=\"https:\/\/www.welovecycling.com\/hu\/varosi-kerekparozas\/ez-sonkas-szendviccsel-mukodik-ilyen-budapesten-futarkodni\/\" \/>\n<meta property=\"og:locale\" content=\"hu_HU\" \/>\n<meta property=\"og:type\" content=\"article\" \/>\n<meta property=\"og:title\" content=\"Ez sonk\u00e1s szendviccsel m\u0171k\u00f6dik \u2013 ilyen Budapesten fut\u00e1rkodni\" \/>\n<meta property=\"og:description\" content=\"V\u00e1rosban biciklizni tal\u00e1n vesz\u00e9lyesebb, mint erd\u0151ben, hiszen nem csak mi hib\u00e1zhatunk, hanem a forgalom sok ezer m\u00e1sik r\u00e9sztvev\u0151je is. Egy [&hellip;]\" \/>\n<meta property=\"og:url\" content=\"https:\/\/www.welovecycling.com\/hu\/varosi-kerekparozas\/ez-sonkas-szendviccsel-mukodik-ilyen-budapesten-futarkodni\/\" \/>\n<meta property=\"og:site_name\" content=\"\u0160koda We Love Cycling - Magyarorsz\u00e1g\" \/>\n<meta property=\"article:publisher\" content=\"https:\/\/www.facebook.com\/WeLoveCyclingHungary\/\" \/>\n<meta property=\"article:published_time\" content=\"2019-05-26T07:00:37+00:00\" \/>\n<meta property=\"og:image\" content=\"https:\/\/d2p6e6u75xmxt8.cloudfront.net\/12\/2019\/05\/bike-1836934_1920.jpg\" \/>\n\t<meta property=\"og:image:width\" content=\"1920\" \/>\n\t<meta property=\"og:image:height\" content=\"1080\" \/>\n\t<meta property=\"og:image:type\" content=\"image\/jpeg\" \/>\n<meta name=\"author\" content=\"hegyizs\" \/>\n<meta name=\"twitter:card\" content=\"summary_large_image\" \/>\n<meta name=\"twitter:label1\" content=\"Written by\" \/>\n\t<meta name=\"twitter:data1\" content=\"WLC\" \/>\n\t<meta name=\"twitter:label2\" content=\"Est. reading time\" \/>\n\t<meta name=\"twitter:data2\" content=\"5 minutes\" \/>\n<script type=\"application\/ld+json\" class=\"yoast-schema-graph\">{\"@context\":\"https:\/\/schema.org\",\"@graph\":[{\"@type\":\"WebPage\",\"@id\":\"https:\/\/www.welovecycling.com\/hu\/varosi-kerekparozas\/ez-sonkas-szendviccsel-mukodik-ilyen-budapesten-futarkodni\/\",\"url\":\"https:\/\/www.welovecycling.com\/hu\/varosi-kerekparozas\/ez-sonkas-szendviccsel-mukodik-ilyen-budapesten-futarkodni\/\",\"name\":\"Ez sonk\u00e1s szendviccsel m\u0171k\u00f6dik \u2013 ilyen Budapesten fut\u00e1rkodni - \u0160koda We Love Cycling - Magyarorsz\u00e1g\",\"isPartOf\":{\"@id\":\"https:\/\/www.welovecycling.com\/hu\/#website\"},\"primaryImageOfPage\":{\"@id\":\"https:\/\/www.welovecycling.com\/hu\/varosi-kerekparozas\/ez-sonkas-szendviccsel-mukodik-ilyen-budapesten-futarkodni\/#primaryimage\"},\"image\":{\"@id\":\"https:\/\/www.welovecycling.com\/hu\/varosi-kerekparozas\/ez-sonkas-szendviccsel-mukodik-ilyen-budapesten-futarkodni\/#primaryimage\"},\"thumbnailUrl\":\"https:\/\/d2p6e6u75xmxt8.cloudfront.net\/12\/2019\/05\/bike-1836934_1920.jpg\",\"datePublished\":\"2019-05-26T07:00:37+00:00\",\"author\":{\"@id\":\"https:\/\/www.welovecycling.com\/hu\/#\/schema\/person\/414a2aebf1801691a5320edb6468e194\"},\"breadcrumb\":{\"@id\":\"https:\/\/www.welovecycling.com\/hu\/varosi-kerekparozas\/ez-sonkas-szendviccsel-mukodik-ilyen-budapesten-futarkodni\/#breadcrumb\"},\"inLanguage\":\"hu\",\"potentialAction\":[{\"@type\":\"ReadAction\",\"target\":[\"https:\/\/www.welovecycling.com\/hu\/varosi-kerekparozas\/ez-sonkas-szendviccsel-mukodik-ilyen-budapesten-futarkodni\/\"]}]},{\"@type\":\"ImageObject\",\"inLanguage\":\"hu\",\"@id\":\"https:\/\/www.welovecycling.com\/hu\/varosi-kerekparozas\/ez-sonkas-szendviccsel-mukodik-ilyen-budapesten-futarkodni\/#primaryimage\",\"url\":\"https:\/\/d2p6e6u75xmxt8.cloudfront.net\/12\/2019\/05\/bike-1836934_1920.jpg\",\"contentUrl\":\"https:\/\/d2p6e6u75xmxt8.cloudfront.net\/12\/2019\/05\/bike-1836934_1920.jpg\",\"width\":1920,\"height\":1080},{\"@type\":\"BreadcrumbList\",\"@id\":\"https:\/\/www.welovecycling.com\/hu\/varosi-kerekparozas\/ez-sonkas-szendviccsel-mukodik-ilyen-budapesten-futarkodni\/#breadcrumb\",\"itemListElement\":[{\"@type\":\"ListItem\",\"position\":1,\"name\":\"Home\",\"item\":\"https:\/\/www.welovecycling.com\/hu\/\"},{\"@type\":\"ListItem\",\"position\":2,\"name\":\"Ez sonk\u00e1s szendviccsel m\u0171k\u00f6dik \u2013 ilyen Budapesten fut\u00e1rkodni\"}]},{\"@type\":\"WebSite\",\"@id\":\"https:\/\/www.welovecycling.com\/hu\/#website\",\"url\":\"https:\/\/www.welovecycling.com\/hu\/\",\"name\":\"\u0160koda We Love Cycling - Magyarorsz\u00e1g\",\"description\":\"\u0160koda WeLoveCycling\",\"potentialAction\":[{\"@type\":\"SearchAction\",\"target\":{\"@type\":\"EntryPoint\",\"urlTemplate\":\"https:\/\/www.welovecycling.com\/hu\/?s={search_term_string}\"},\"query-input\":{\"@type\":\"PropertyValueSpecification\",\"valueRequired\":true,\"valueName\":\"search_term_string\"}}],\"inLanguage\":\"hu\"},{\"@type\":\"Person\",\"@id\":\"https:\/\/www.welovecycling.com\/hu\/#\/schema\/person\/414a2aebf1801691a5320edb6468e194\",\"name\":\"hegyizs\",\"image\":{\"@type\":\"ImageObject\",\"inLanguage\":\"hu\",\"@id\":\"https:\/\/www.welovecycling.com\/hu\/#\/schema\/person\/image\/\",\"url\":\"https:\/\/secure.gravatar.com\/avatar\/02cf8a7906b8cf90cecb4679defac7cfd33a1c2e3b88e4903d947f3bb58eedd3?s=96&d=mm&r=g\",\"contentUrl\":\"https:\/\/secure.gravatar.com\/avatar\/02cf8a7906b8cf90cecb4679defac7cfd33a1c2e3b88e4903d947f3bb58eedd3?s=96&d=mm&r=g\",\"caption\":\"hegyizs\"},\"url\":\"https:\/\/www.welovecycling.com\/hu\/author\/hegyizs\/\"}]}<\/script>\n<!-- \/ Yoast SEO Premium plugin. -->","yoast_head_json":{"title":"Ez sonk\u00e1s szendviccsel m\u0171k\u00f6dik \u2013 ilyen Budapesten fut\u00e1rkodni - \u0160koda We Love Cycling - Magyarorsz\u00e1g","robots":{"index":"index","follow":"follow","max-snippet":"max-snippet:-1","max-image-preview":"max-image-preview:large","max-video-preview":"max-video-preview:-1"},"canonical":"https:\/\/www.welovecycling.com\/hu\/varosi-kerekparozas\/ez-sonkas-szendviccsel-mukodik-ilyen-budapesten-futarkodni\/","og_locale":"hu_HU","og_type":"article","og_title":"Ez sonk\u00e1s szendviccsel m\u0171k\u00f6dik \u2013 ilyen Budapesten fut\u00e1rkodni","og_description":"V\u00e1rosban biciklizni tal\u00e1n vesz\u00e9lyesebb, mint erd\u0151ben, hiszen nem csak mi hib\u00e1zhatunk, hanem a forgalom sok ezer m\u00e1sik r\u00e9sztvev\u0151je is. Egy [&hellip;]","og_url":"https:\/\/www.welovecycling.com\/hu\/varosi-kerekparozas\/ez-sonkas-szendviccsel-mukodik-ilyen-budapesten-futarkodni\/","og_site_name":"\u0160koda We Love Cycling - Magyarorsz\u00e1g","article_publisher":"https:\/\/www.facebook.com\/WeLoveCyclingHungary\/","article_published_time":"2019-05-26T07:00:37+00:00","og_image":[{"width":1920,"height":1080,"url":"https:\/\/d2p6e6u75xmxt8.cloudfront.net\/12\/2019\/05\/bike-1836934_1920.jpg","type":"image\/jpeg"}],"author":"hegyizs","twitter_card":"summary_large_image","twitter_misc":{"Written by":"WLC","Est. reading time":"5 minutes"},"schema":{"@context":"https:\/\/schema.org","@graph":[{"@type":"WebPage","@id":"https:\/\/www.welovecycling.com\/hu\/varosi-kerekparozas\/ez-sonkas-szendviccsel-mukodik-ilyen-budapesten-futarkodni\/","url":"https:\/\/www.welovecycling.com\/hu\/varosi-kerekparozas\/ez-sonkas-szendviccsel-mukodik-ilyen-budapesten-futarkodni\/","name":"Ez sonk\u00e1s szendviccsel m\u0171k\u00f6dik \u2013 ilyen Budapesten fut\u00e1rkodni - \u0160koda We Love Cycling - Magyarorsz\u00e1g","isPartOf":{"@id":"https:\/\/www.welovecycling.com\/hu\/#website"},"primaryImageOfPage":{"@id":"https:\/\/www.welovecycling.com\/hu\/varosi-kerekparozas\/ez-sonkas-szendviccsel-mukodik-ilyen-budapesten-futarkodni\/#primaryimage"},"image":{"@id":"https:\/\/www.welovecycling.com\/hu\/varosi-kerekparozas\/ez-sonkas-szendviccsel-mukodik-ilyen-budapesten-futarkodni\/#primaryimage"},"thumbnailUrl":"https:\/\/d2p6e6u75xmxt8.cloudfront.net\/12\/2019\/05\/bike-1836934_1920.jpg","datePublished":"2019-05-26T07:00:37+00:00","author":{"@id":"https:\/\/www.welovecycling.com\/hu\/#\/schema\/person\/414a2aebf1801691a5320edb6468e194"},"breadcrumb":{"@id":"https:\/\/www.welovecycling.com\/hu\/varosi-kerekparozas\/ez-sonkas-szendviccsel-mukodik-ilyen-budapesten-futarkodni\/#breadcrumb"},"inLanguage":"hu","potentialAction":[{"@type":"ReadAction","target":["https:\/\/www.welovecycling.com\/hu\/varosi-kerekparozas\/ez-sonkas-szendviccsel-mukodik-ilyen-budapesten-futarkodni\/"]}]},{"@type":"ImageObject","inLanguage":"hu","@id":"https:\/\/www.welovecycling.com\/hu\/varosi-kerekparozas\/ez-sonkas-szendviccsel-mukodik-ilyen-budapesten-futarkodni\/#primaryimage","url":"https:\/\/d2p6e6u75xmxt8.cloudfront.net\/12\/2019\/05\/bike-1836934_1920.jpg","contentUrl":"https:\/\/d2p6e6u75xmxt8.cloudfront.net\/12\/2019\/05\/bike-1836934_1920.jpg","width":1920,"height":1080},{"@type":"BreadcrumbList","@id":"https:\/\/www.welovecycling.com\/hu\/varosi-kerekparozas\/ez-sonkas-szendviccsel-mukodik-ilyen-budapesten-futarkodni\/#breadcrumb","itemListElement":[{"@type":"ListItem","position":1,"name":"Home","item":"https:\/\/www.welovecycling.com\/hu\/"},{"@type":"ListItem","position":2,"name":"Ez sonk\u00e1s szendviccsel m\u0171k\u00f6dik \u2013 ilyen Budapesten fut\u00e1rkodni"}]},{"@type":"WebSite","@id":"https:\/\/www.welovecycling.com\/hu\/#website","url":"https:\/\/www.welovecycling.com\/hu\/","name":"\u0160koda We Love Cycling - Magyarorsz\u00e1g","description":"\u0160koda WeLoveCycling","potentialAction":[{"@type":"SearchAction","target":{"@type":"EntryPoint","urlTemplate":"https:\/\/www.welovecycling.com\/hu\/?s={search_term_string}"},"query-input":{"@type":"PropertyValueSpecification","valueRequired":true,"valueName":"search_term_string"}}],"inLanguage":"hu"},{"@type":"Person","@id":"https:\/\/www.welovecycling.com\/hu\/#\/schema\/person\/414a2aebf1801691a5320edb6468e194","name":"hegyizs","image":{"@type":"ImageObject","inLanguage":"hu","@id":"https:\/\/www.welovecycling.com\/hu\/#\/schema\/person\/image\/","url":"https:\/\/secure.gravatar.com\/avatar\/02cf8a7906b8cf90cecb4679defac7cfd33a1c2e3b88e4903d947f3bb58eedd3?s=96&d=mm&r=g","contentUrl":"https:\/\/secure.gravatar.com\/avatar\/02cf8a7906b8cf90cecb4679defac7cfd33a1c2e3b88e4903d947f3bb58eedd3?s=96&d=mm&r=g","caption":"hegyizs"},"url":"https:\/\/www.welovecycling.com\/hu\/author\/hegyizs\/"}]}},"_links":{"self":[{"href":"https:\/\/www.welovecycling.com\/hu\/wp-json\/wp\/v2\/posts\/3404","targetHints":{"allow":["GET"]}}],"collection":[{"href":"https:\/\/www.welovecycling.com\/hu\/wp-json\/wp\/v2\/posts"}],"about":[{"href":"https:\/\/www.welovecycling.com\/hu\/wp-json\/wp\/v2\/types\/post"}],"author":[{"embeddable":true,"href":"https:\/\/www.welovecycling.com\/hu\/wp-json\/wp\/v2\/users\/71"}],"replies":[{"embeddable":true,"href":"https:\/\/www.welovecycling.com\/hu\/wp-json\/wp\/v2\/comments?post=3404"}],"version-history":[{"count":2,"href":"https:\/\/www.welovecycling.com\/hu\/wp-json\/wp\/v2\/posts\/3404\/revisions"}],"predecessor-version":[{"id":3413,"href":"https:\/\/www.welovecycling.com\/hu\/wp-json\/wp\/v2\/posts\/3404\/revisions\/3413"}],"wp:featuredmedia":[{"embeddable":true,"href":"https:\/\/www.welovecycling.com\/hu\/wp-json\/wp\/v2\/media\/3405"}],"wp:attachment":[{"href":"https:\/\/www.welovecycling.com\/hu\/wp-json\/wp\/v2\/media?parent=3404"}],"wp:term":[{"taxonomy":"category","embeddable":true,"href":"https:\/\/www.welovecycling.com\/hu\/wp-json\/wp\/v2\/categories?post=3404"},{"taxonomy":"post_tag","embeddable":true,"href":"https:\/\/www.welovecycling.com\/hu\/wp-json\/wp\/v2\/tags?post=3404"},{"taxonomy":"global-categories","embeddable":true,"href":"https:\/\/www.welovecycling.com\/hu\/wp-json\/wp\/v2\/global-categories?post=3404"}],"curies":[{"name":"wp","href":"https:\/\/api.w.org\/{rel}","templated":true}]}}