{"id":3379,"date":"2019-05-24T09:00:41","date_gmt":"2019-05-24T08:00:41","guid":{"rendered":"https:\/\/www.welovecycling.com\/hu\/?p=3379"},"modified":"2019-05-17T13:15:53","modified_gmt":"2019-05-17T12:15:53","slug":"repules-bringaval-vagy-inkabb-berles-a-helyszinen","status":"publish","type":"post","link":"https:\/\/www.welovecycling.com\/hu\/kozosseg-es-kultura\/repules-bringaval-vagy-inkabb-berles-a-helyszinen\/","title":{"rendered":"Rep\u00fcl\u00e9s bring\u00e1val vagy ink\u00e1bb b\u00e9rl\u00e9s a helysz\u00ednen?"},"content":{"rendered":"<p><strong>Megvannak a maga el\u0151nyei, ha dobozokba csomagolva magaddal viszed a bring\u00e1d a rep\u00fcl\u0151n, \u00e1m nagyon k\u00f6lts\u00e9ges \u00e9s kisz\u00e1m\u00edthatatlan is lehet az \u00e9lm\u00e9ny. Milyen el\u0151ny\u00f6kkel j\u00e1rhat megreptetni a ker\u00e9kp\u00e1rod, \u00e9s mi\u00e9rt lehet jobb megold\u00e1s ink\u00e1bb a c\u00e9l\u00e1llom\u00e1son b\u00e9relni? Nem l\u00e9tezik egyetlen tuti bev\u00e1lt m\u00f3dszer, de v\u00e1laszthatsz k\u00e9t \u00e1ltal\u00e1nosan elfogadott kimenetel k\u00f6z\u00fcl. Foglaljuk \u00f6ssze, mir\u0151l is van sz\u00f3.<\/strong><\/p>\n<p><!--more--><\/p>\n<h2><strong>Mi sz\u00f3l a rep\u00fcl\u00e9s mellett?<\/strong><\/h2>\n<p>Ismered a bicajt. Pontosan a te m\u00e9reteidre van szabva, \u00e9s azt is tudod, hogyan nyargalj vele. Nem \u00e9rhetnek kellemetlen meglepet\u00e9sek vagy \u00e9szrev\u00e9tlen hib\u00e1k. Csak \u00f6sszeszereled, \u00e9s \u00e9lvezheted a teker\u00e9s legjav\u00e1t.<\/p>\n<p>Nem fogsz plusz id\u0151t t\u00f6lteni azzal, hogy kiv\u00e1laszd a megfelel\u0151 bic\u00f3t a k\u00f6lcs\u00f6nz\u0151ben. Ugyan ki tudod n\u00e9zni el\u0151re a netr\u0151l a megfelel\u0151 m\u00e9retet miel\u0151tt elindulsz otthonr\u00f3l, de mindig ad\u00f3dhatnak v\u00e1ratlan f\u00e9lre\u00e9rt\u00e9sek \u00e9s neh\u00e9zs\u00e9gek. P\u00e9ld\u00e1ul, hogy pont azt bring\u00e1t vitte el valaki \u00f6t perccel az \u00e9rkez\u00e9sed el\u0151tt, amit kin\u00e9zt\u00e9l magadnak.<\/p>\n<figure id=\"attachment_3381\" aria-describedby=\"caption-attachment-3381\" style=\"width: 1250px\" class=\"wp-caption alignnone\"><a href=\"https:\/\/d2p6e6u75xmxt8.cloudfront.net\/12\/2019\/05\/profimedia-0254556310.jpg\"><img loading=\"lazy\" decoding=\"async\" class=\"size-full wp-image-3381\" src=\"https:\/\/d2p6e6u75xmxt8.cloudfront.net\/12\/2019\/05\/profimedia-0254556310.jpg\" alt=\"\" width=\"1250\" height=\"703\" srcset=\"https:\/\/d2p6e6u75xmxt8.cloudfront.net\/12\/2019\/05\/profimedia-0254556310.jpg 1250w, https:\/\/d2p6e6u75xmxt8.cloudfront.net\/12\/2019\/05\/profimedia-0254556310-300x169.jpg 300w, https:\/\/d2p6e6u75xmxt8.cloudfront.net\/12\/2019\/05\/profimedia-0254556310-768x432.jpg 768w, https:\/\/d2p6e6u75xmxt8.cloudfront.net\/12\/2019\/05\/profimedia-0254556310-1024x576.jpg 1024w\" sizes=\"auto, (max-width: 1250px) 100vw, 1250px\" \/><\/a><figcaption id=\"caption-attachment-3381\" class=\"wp-caption-text\"><em>A rep\u00fcl\u0151s ker\u00e9kp\u00e1rsz\u00e1ll\u00edt\u00e1s szab\u00e1lyai elt\u00e9rhetnek, att\u00f3l f\u00fcgg\u0151en, melyik l\u00e9git\u00e1rsas\u00e1got v\u00e1lasztod.<\/em> \u00a9 Profimedia<\/figcaption><\/figure>\n<p>Ha speci\u00e1lis m\u00e9retekkel rendelkezik a bring\u00e1d, vagy magas szint\u0171 technikai elv\u00e1r\u00e1said vannak, akkor igen bonyolult vagy k\u00f6lts\u00e9ges lehet sz\u00e1modra a megfelel\u0151 k\u00f6lcs\u00f6nz\u0151s bringa megtal\u00e1l\u00e1sa. A csal\u00f3d\u00e1sok megel\u0151z\u00e9se \u00e9rdek\u00e9ben ragaszkodj a saj\u00e1t bring\u00e1dhoz, m\u00e9g akkor is, ha nyaralni m\u00e9sz.<\/p>\n<p>A sz\u00e9tszed\u00e9si \u00e9s \u00fajra \u00f6sszeszerel\u00e9si folyamatt\u00f3l k\u00e9sz MacGyver 2-nek \u00e9rzed majd magad. Ez\u00e1ltal megtanulod, hogyan jav\u00edtsd a legalapvet\u0151bb szersz\u00e1mok seg\u00edts\u00e9g\u00e9vel az esetleges hib\u00e1kat, vagy ha elromlik valami.<\/p>\n<p>N\u00e9ha a b\u00e9relt ker\u00e9kp\u00e1rok el\u00e9g strapab\u00edr\u00f3 parip\u00e1k, amelyek elviselik a sz\u00e1mtalan k\u00fcl\u00f6nb\u00f6z\u0151 b\u00e9rl\u0151t\u0151l elszenvedett kev\u00e9sb\u00e9 finom b\u00e1n\u00e1sm\u00f3dot \u00e9s ez\u00e1ltal gyakran massz\u00edvabbak \u00e9s nehezebbek is, mint amilyennel sz\u00edvesen kiegyezn\u00e9l.<\/p>\n<h2><strong>Mi\u00e9rt b\u00e9relj ink\u00e1bb?<\/strong><\/h2>\n<p>F\u00e9l napot azzal fogsz t\u00f6lteni, hogy sz\u00e9tszeded a bring\u00e1t, majd becsomagolod a t\u00f6r\u00e9keny darabokat valami puha csomagol\u00e1sba, rem\u00e9nykedve, hogy az megv\u00e9di majd karbonsz\u00e1las kedvenced a trag\u00e9di\u00e1t\u00f3l. \u00c1m ezut\u00e1n ak\u00e1r egyb\u0151l fogad\u00e1st is k\u00f6thetn\u00e9l a v\u00e9geredm\u00e9nyre a helyi fogad\u00f3irod\u00e1ban.<\/p>\n<p>N\u00e9h\u00e1ny l\u00e9git\u00e1rsas\u00e1g egy vagyont sz\u00e1mol fel a ker\u00e9kp\u00e1rsz\u00e1ll\u00edt\u00e1s\u00e9rt. Ennyi er\u0151vel k\u00f6nnyed\u00e9n b\u00e9relhetn\u00e9l egy ugyanolyan min\u0151s\u00e9g\u0171, vagy ak\u00e1r m\u00e9g jobb bring\u00e1t is.<\/p>\n<p>A rep\u00fcl\u00e9s \u00f6nmag\u00e1ban is el\u00e9g macera, m\u00e9g nagy feladott poggy\u00e1sz n\u00e9lk\u00fcl is. Egy bedobozolt biciklivel kijutni majd bejutni a rept\u00e9rre extra k\u00f6lts\u00e9gekkel j\u00e1r \u00e9s a megszervez\u00e9se is ink\u00e1bb egy csomagsz\u00e1ll\u00edt\u00f3 c\u00e9g feladata. Sokkal egyszer\u0171bb eljutni a c\u00e9l\u00e1llom\u00e1sra, ha csak a sisakodat, a ped\u00e1lokat \u00e9s a bring\u00e1s cip\u0151ket kell bepakolnod.<\/p>\n<div class=\"embed-controller-wrapper\">\n<div class=\"embed-wrapper\"><iframe title=\"We LOVE Majorca!\" width=\"500\" height=\"281\" data-src=\"https:\/\/www.youtube.com\/embed\/TW1D99lEd4g?feature=oembed\" frameborder=\"0\" allow=\"accelerometer; autoplay; clipboard-write; encrypted-media; gyroscope; picture-in-picture; web-share\" referrerpolicy=\"strict-origin-when-cross-origin\" allowfullscreen><\/iframe><\/div>\n<\/div>\n<p>Eg\u00e9sz \u00faton oda-, \u00e9s visszafel\u00e9 is azon fogsz idegeskedni, hogy aznap \u00e9pp milyen hangulatban lehetnek a poggy\u00e1szkezel\u0151k. Egy bizonyos fokig minden csomagn\u00e1l megvan az es\u00e9lye, hogy l\u00e1ba k\u00e9l \u00fatk\u00f6zben. Ha pedig egy ker\u00e9kp\u00e1ros nyaral\u00e1son bringa n\u00e9lk\u00fcl maradsz, akkor el\u0151bb-ut\u00f3bb \u00fagyis a k\u00f6lcs\u00f6nz\u0151ben tal\u00e1lod magad.<\/p>\n<p>Az is megt\u00f6rt\u00e9nhet, hogy t\u00fall\u00e9ped a megengedett s\u00falyt, ami k\u00f6nnyen vezethet ahhoz, hogy sz\u00e9t kell szedni a csomagod a rept\u00e9ren, hogy megszabadulj a tartal\u00e9k gumikt\u00f3l \u00e9s a pump\u00e1t\u00f3l.<\/p>\n<p>A csoportos kedvezm\u00e9nyekkel sokat sp\u00f3rolhatsz, k\u00fcl\u00f6n\u00f6sen, ha t\u00f6bben utaztok, vagy csal\u00e1ddal m\u00e9sz.<\/p>\n<p>Miut\u00e1n meg\u00e9rkezel az \u00e1lom bringat\u00fara helysz\u00ednre, az \u00f6r\u00f6m\u00f6det pillanatok alatt elronthatja egy s\u00e9r\u00fclt ker\u00e9kp\u00e1ros csomag. Felk\u00e9sz\u00fclve a legrosszabbra, kelletlen\u00fcl kibontod \u00e9s szembes\u00fclsz a helyrehozhatatlan k\u00e1rokkal, amely a vak\u00e1ci\u00f3 v\u00e9g\u00e9t is jelenti. A k\u00e1rt\u00e9r\u00edt\u00e9s rem\u00e9nye n\u00e9lk\u00fcl, minden v\u00e1rakoz\u00e1sod szanasz\u00e9t hullik. A k\u00e9ts\u00e9gbees\u00e9st\u0151l felb\u0151sz\u00fclve meggyilkolod a l\u00e9git\u00e1rsas\u00e1g k\u00e9pvisel\u0151j\u00e9t \u00e9s \u00e9leted h\u00e1tral\u00e9v\u0151 r\u00e9sz\u00e9t egy fejl\u0151d\u0151 orsz\u00e1g b\u00f6rt\u00f6n\u00e9ben t\u00f6lt\u00f6d, cs\u00f3t\u00e1nyok t\u00e1rsas\u00e1g\u00e1ban.<\/p>\n","protected":false},"excerpt":{"rendered":"<p>Megvannak a maga el\u0151nyei, ha dobozokba csomagolva magaddal viszed a bring\u00e1d a rep\u00fcl\u0151n, \u00e1m nagyon k\u00f6lts\u00e9ges \u00e9s kisz\u00e1m\u00edthatatlan is lehet [&hellip;]<\/p>\n","protected":false},"author":71,"featured_media":3383,"comment_status":"open","ping_status":"open","sticky":false,"template":"","format":"standard","meta":{"footnotes":""},"categories":[12],"tags":[],"global-categories":[],"class_list":["post-3379","post","type-post","status-publish","format-standard","has-post-thumbnail","hentry","category-kozosseg-es-kultura"],"yoast_head":"<!-- This site is optimized with the Yoast SEO Premium plugin v25.3 (Yoast SEO v25.9) - https:\/\/yoast.com\/wordpress\/plugins\/seo\/ -->\n<title>Rep\u00fcl\u00e9s bring\u00e1val vagy ink\u00e1bb b\u00e9rl\u00e9s a helysz\u00ednen? - \u0160koda We Love Cycling - Magyarorsz\u00e1g<\/title>\n<meta name=\"robots\" content=\"index, follow, max-snippet:-1, max-image-preview:large, max-video-preview:-1\" \/>\n<link rel=\"canonical\" href=\"https:\/\/www.welovecycling.com\/hu\/kozosseg-es-kultura\/repules-bringaval-vagy-inkabb-berles-a-helyszinen\/\" \/>\n<meta property=\"og:locale\" content=\"hu_HU\" \/>\n<meta property=\"og:type\" content=\"article\" \/>\n<meta property=\"og:title\" content=\"Rep\u00fcl\u00e9s bring\u00e1val vagy ink\u00e1bb b\u00e9rl\u00e9s a helysz\u00ednen?\" \/>\n<meta property=\"og:description\" content=\"Megvannak a maga el\u0151nyei, ha dobozokba csomagolva magaddal viszed a bring\u00e1d a rep\u00fcl\u0151n, \u00e1m nagyon k\u00f6lts\u00e9ges \u00e9s kisz\u00e1m\u00edthatatlan is lehet [&hellip;]\" \/>\n<meta property=\"og:url\" content=\"https:\/\/www.welovecycling.com\/hu\/kozosseg-es-kultura\/repules-bringaval-vagy-inkabb-berles-a-helyszinen\/\" \/>\n<meta property=\"og:site_name\" content=\"\u0160koda We Love Cycling - Magyarorsz\u00e1g\" \/>\n<meta property=\"article:publisher\" content=\"https:\/\/www.facebook.com\/WeLoveCyclingHungary\/\" \/>\n<meta property=\"article:published_time\" content=\"2019-05-24T08:00:41+00:00\" \/>\n<meta property=\"og:image\" content=\"https:\/\/d2p6e6u75xmxt8.cloudfront.net\/12\/2019\/05\/Mallorca-profimedia-0335485724.jpg\" \/>\n\t<meta property=\"og:image:width\" content=\"1366\" \/>\n\t<meta property=\"og:image:height\" content=\"600\" \/>\n\t<meta property=\"og:image:type\" content=\"image\/jpeg\" \/>\n<meta name=\"author\" content=\"hegyizs\" \/>\n<meta name=\"twitter:card\" content=\"summary_large_image\" \/>\n<meta name=\"twitter:label1\" content=\"Written by\" \/>\n\t<meta name=\"twitter:data1\" content=\"Adam Marsal\" \/>\n\t<meta name=\"twitter:label2\" content=\"Est. reading time\" \/>\n\t<meta name=\"twitter:data2\" content=\"5\" \/>\n<script type=\"application\/ld+json\" class=\"yoast-schema-graph\">{\"@context\":\"https:\/\/schema.org\",\"@graph\":[{\"@type\":\"WebPage\",\"@id\":\"https:\/\/www.welovecycling.com\/hu\/kozosseg-es-kultura\/repules-bringaval-vagy-inkabb-berles-a-helyszinen\/\",\"url\":\"https:\/\/www.welovecycling.com\/hu\/kozosseg-es-kultura\/repules-bringaval-vagy-inkabb-berles-a-helyszinen\/\",\"name\":\"Rep\u00fcl\u00e9s bring\u00e1val vagy ink\u00e1bb b\u00e9rl\u00e9s a helysz\u00ednen? - \u0160koda We Love Cycling - Magyarorsz\u00e1g\",\"isPartOf\":{\"@id\":\"https:\/\/www.welovecycling.com\/hu\/#website\"},\"primaryImageOfPage\":{\"@id\":\"https:\/\/www.welovecycling.com\/hu\/kozosseg-es-kultura\/repules-bringaval-vagy-inkabb-berles-a-helyszinen\/#primaryimage\"},\"image\":{\"@id\":\"https:\/\/www.welovecycling.com\/hu\/kozosseg-es-kultura\/repules-bringaval-vagy-inkabb-berles-a-helyszinen\/#primaryimage\"},\"thumbnailUrl\":\"https:\/\/d2p6e6u75xmxt8.cloudfront.net\/12\/2019\/05\/Mallorca-profimedia-0335485724.jpg\",\"datePublished\":\"2019-05-24T08:00:41+00:00\",\"author\":{\"@id\":\"https:\/\/www.welovecycling.com\/hu\/#\/schema\/person\/414a2aebf1801691a5320edb6468e194\"},\"breadcrumb\":{\"@id\":\"https:\/\/www.welovecycling.com\/hu\/kozosseg-es-kultura\/repules-bringaval-vagy-inkabb-berles-a-helyszinen\/#breadcrumb\"},\"inLanguage\":\"hu\",\"potentialAction\":[{\"@type\":\"ReadAction\",\"target\":[\"https:\/\/www.welovecycling.com\/hu\/kozosseg-es-kultura\/repules-bringaval-vagy-inkabb-berles-a-helyszinen\/\"]}]},{\"@type\":\"ImageObject\",\"inLanguage\":\"hu\",\"@id\":\"https:\/\/www.welovecycling.com\/hu\/kozosseg-es-kultura\/repules-bringaval-vagy-inkabb-berles-a-helyszinen\/#primaryimage\",\"url\":\"https:\/\/d2p6e6u75xmxt8.cloudfront.net\/12\/2019\/05\/Mallorca-profimedia-0335485724.jpg\",\"contentUrl\":\"https:\/\/d2p6e6u75xmxt8.cloudfront.net\/12\/2019\/05\/Mallorca-profimedia-0335485724.jpg\",\"width\":1366,\"height\":600},{\"@type\":\"BreadcrumbList\",\"@id\":\"https:\/\/www.welovecycling.com\/hu\/kozosseg-es-kultura\/repules-bringaval-vagy-inkabb-berles-a-helyszinen\/#breadcrumb\",\"itemListElement\":[{\"@type\":\"ListItem\",\"position\":1,\"name\":\"Home\",\"item\":\"https:\/\/www.welovecycling.com\/hu\/\"},{\"@type\":\"ListItem\",\"position\":2,\"name\":\"Rep\u00fcl\u00e9s bring\u00e1val vagy ink\u00e1bb b\u00e9rl\u00e9s a helysz\u00ednen?\"}]},{\"@type\":\"WebSite\",\"@id\":\"https:\/\/www.welovecycling.com\/hu\/#website\",\"url\":\"https:\/\/www.welovecycling.com\/hu\/\",\"name\":\"\u0160koda We Love Cycling - Magyarorsz\u00e1g\",\"description\":\"\u0160koda WeLoveCycling\",\"potentialAction\":[{\"@type\":\"SearchAction\",\"target\":{\"@type\":\"EntryPoint\",\"urlTemplate\":\"https:\/\/www.welovecycling.com\/hu\/?s={search_term_string}\"},\"query-input\":{\"@type\":\"PropertyValueSpecification\",\"valueRequired\":true,\"valueName\":\"search_term_string\"}}],\"inLanguage\":\"hu\"},{\"@type\":\"Person\",\"@id\":\"https:\/\/www.welovecycling.com\/hu\/#\/schema\/person\/414a2aebf1801691a5320edb6468e194\",\"name\":\"hegyizs\",\"image\":{\"@type\":\"ImageObject\",\"inLanguage\":\"hu\",\"@id\":\"https:\/\/www.welovecycling.com\/hu\/#\/schema\/person\/image\/\",\"url\":\"https:\/\/secure.gravatar.com\/avatar\/02cf8a7906b8cf90cecb4679defac7cfd33a1c2e3b88e4903d947f3bb58eedd3?s=96&d=mm&r=g\",\"contentUrl\":\"https:\/\/secure.gravatar.com\/avatar\/02cf8a7906b8cf90cecb4679defac7cfd33a1c2e3b88e4903d947f3bb58eedd3?s=96&d=mm&r=g\",\"caption\":\"hegyizs\"},\"url\":\"https:\/\/www.welovecycling.com\/hu\/author\/hegyizs\/\"}]}<\/script>\n<!-- \/ Yoast SEO Premium plugin. -->","yoast_head_json":{"title":"Rep\u00fcl\u00e9s bring\u00e1val vagy ink\u00e1bb b\u00e9rl\u00e9s a helysz\u00ednen? - \u0160koda We Love Cycling - Magyarorsz\u00e1g","robots":{"index":"index","follow":"follow","max-snippet":"max-snippet:-1","max-image-preview":"max-image-preview:large","max-video-preview":"max-video-preview:-1"},"canonical":"https:\/\/www.welovecycling.com\/hu\/kozosseg-es-kultura\/repules-bringaval-vagy-inkabb-berles-a-helyszinen\/","og_locale":"hu_HU","og_type":"article","og_title":"Rep\u00fcl\u00e9s bring\u00e1val vagy ink\u00e1bb b\u00e9rl\u00e9s a helysz\u00ednen?","og_description":"Megvannak a maga el\u0151nyei, ha dobozokba csomagolva magaddal viszed a bring\u00e1d a rep\u00fcl\u0151n, \u00e1m nagyon k\u00f6lts\u00e9ges \u00e9s kisz\u00e1m\u00edthatatlan is lehet [&hellip;]","og_url":"https:\/\/www.welovecycling.com\/hu\/kozosseg-es-kultura\/repules-bringaval-vagy-inkabb-berles-a-helyszinen\/","og_site_name":"\u0160koda We Love Cycling - Magyarorsz\u00e1g","article_publisher":"https:\/\/www.facebook.com\/WeLoveCyclingHungary\/","article_published_time":"2019-05-24T08:00:41+00:00","og_image":[{"width":1366,"height":600,"url":"https:\/\/d2p6e6u75xmxt8.cloudfront.net\/12\/2019\/05\/Mallorca-profimedia-0335485724.jpg","type":"image\/jpeg"}],"author":"hegyizs","twitter_card":"summary_large_image","twitter_misc":{"Written by":"Adam Marsal","Est. reading time":"5"},"schema":{"@context":"https:\/\/schema.org","@graph":[{"@type":"WebPage","@id":"https:\/\/www.welovecycling.com\/hu\/kozosseg-es-kultura\/repules-bringaval-vagy-inkabb-berles-a-helyszinen\/","url":"https:\/\/www.welovecycling.com\/hu\/kozosseg-es-kultura\/repules-bringaval-vagy-inkabb-berles-a-helyszinen\/","name":"Rep\u00fcl\u00e9s bring\u00e1val vagy ink\u00e1bb b\u00e9rl\u00e9s a helysz\u00ednen? - \u0160koda We Love Cycling - Magyarorsz\u00e1g","isPartOf":{"@id":"https:\/\/www.welovecycling.com\/hu\/#website"},"primaryImageOfPage":{"@id":"https:\/\/www.welovecycling.com\/hu\/kozosseg-es-kultura\/repules-bringaval-vagy-inkabb-berles-a-helyszinen\/#primaryimage"},"image":{"@id":"https:\/\/www.welovecycling.com\/hu\/kozosseg-es-kultura\/repules-bringaval-vagy-inkabb-berles-a-helyszinen\/#primaryimage"},"thumbnailUrl":"https:\/\/d2p6e6u75xmxt8.cloudfront.net\/12\/2019\/05\/Mallorca-profimedia-0335485724.jpg","datePublished":"2019-05-24T08:00:41+00:00","author":{"@id":"https:\/\/www.welovecycling.com\/hu\/#\/schema\/person\/414a2aebf1801691a5320edb6468e194"},"breadcrumb":{"@id":"https:\/\/www.welovecycling.com\/hu\/kozosseg-es-kultura\/repules-bringaval-vagy-inkabb-berles-a-helyszinen\/#breadcrumb"},"inLanguage":"hu","potentialAction":[{"@type":"ReadAction","target":["https:\/\/www.welovecycling.com\/hu\/kozosseg-es-kultura\/repules-bringaval-vagy-inkabb-berles-a-helyszinen\/"]}]},{"@type":"ImageObject","inLanguage":"hu","@id":"https:\/\/www.welovecycling.com\/hu\/kozosseg-es-kultura\/repules-bringaval-vagy-inkabb-berles-a-helyszinen\/#primaryimage","url":"https:\/\/d2p6e6u75xmxt8.cloudfront.net\/12\/2019\/05\/Mallorca-profimedia-0335485724.jpg","contentUrl":"https:\/\/d2p6e6u75xmxt8.cloudfront.net\/12\/2019\/05\/Mallorca-profimedia-0335485724.jpg","width":1366,"height":600},{"@type":"BreadcrumbList","@id":"https:\/\/www.welovecycling.com\/hu\/kozosseg-es-kultura\/repules-bringaval-vagy-inkabb-berles-a-helyszinen\/#breadcrumb","itemListElement":[{"@type":"ListItem","position":1,"name":"Home","item":"https:\/\/www.welovecycling.com\/hu\/"},{"@type":"ListItem","position":2,"name":"Rep\u00fcl\u00e9s bring\u00e1val vagy ink\u00e1bb b\u00e9rl\u00e9s a helysz\u00ednen?"}]},{"@type":"WebSite","@id":"https:\/\/www.welovecycling.com\/hu\/#website","url":"https:\/\/www.welovecycling.com\/hu\/","name":"\u0160koda We Love Cycling - Magyarorsz\u00e1g","description":"\u0160koda WeLoveCycling","potentialAction":[{"@type":"SearchAction","target":{"@type":"EntryPoint","urlTemplate":"https:\/\/www.welovecycling.com\/hu\/?s={search_term_string}"},"query-input":{"@type":"PropertyValueSpecification","valueRequired":true,"valueName":"search_term_string"}}],"inLanguage":"hu"},{"@type":"Person","@id":"https:\/\/www.welovecycling.com\/hu\/#\/schema\/person\/414a2aebf1801691a5320edb6468e194","name":"hegyizs","image":{"@type":"ImageObject","inLanguage":"hu","@id":"https:\/\/www.welovecycling.com\/hu\/#\/schema\/person\/image\/","url":"https:\/\/secure.gravatar.com\/avatar\/02cf8a7906b8cf90cecb4679defac7cfd33a1c2e3b88e4903d947f3bb58eedd3?s=96&d=mm&r=g","contentUrl":"https:\/\/secure.gravatar.com\/avatar\/02cf8a7906b8cf90cecb4679defac7cfd33a1c2e3b88e4903d947f3bb58eedd3?s=96&d=mm&r=g","caption":"hegyizs"},"url":"https:\/\/www.welovecycling.com\/hu\/author\/hegyizs\/"}]}},"_links":{"self":[{"href":"https:\/\/www.welovecycling.com\/hu\/wp-json\/wp\/v2\/posts\/3379","targetHints":{"allow":["GET"]}}],"collection":[{"href":"https:\/\/www.welovecycling.com\/hu\/wp-json\/wp\/v2\/posts"}],"about":[{"href":"https:\/\/www.welovecycling.com\/hu\/wp-json\/wp\/v2\/types\/post"}],"author":[{"embeddable":true,"href":"https:\/\/www.welovecycling.com\/hu\/wp-json\/wp\/v2\/users\/71"}],"replies":[{"embeddable":true,"href":"https:\/\/www.welovecycling.com\/hu\/wp-json\/wp\/v2\/comments?post=3379"}],"version-history":[{"count":2,"href":"https:\/\/www.welovecycling.com\/hu\/wp-json\/wp\/v2\/posts\/3379\/revisions"}],"predecessor-version":[{"id":3399,"href":"https:\/\/www.welovecycling.com\/hu\/wp-json\/wp\/v2\/posts\/3379\/revisions\/3399"}],"wp:featuredmedia":[{"embeddable":true,"href":"https:\/\/www.welovecycling.com\/hu\/wp-json\/wp\/v2\/media\/3383"}],"wp:attachment":[{"href":"https:\/\/www.welovecycling.com\/hu\/wp-json\/wp\/v2\/media?parent=3379"}],"wp:term":[{"taxonomy":"category","embeddable":true,"href":"https:\/\/www.welovecycling.com\/hu\/wp-json\/wp\/v2\/categories?post=3379"},{"taxonomy":"post_tag","embeddable":true,"href":"https:\/\/www.welovecycling.com\/hu\/wp-json\/wp\/v2\/tags?post=3379"},{"taxonomy":"global-categories","embeddable":true,"href":"https:\/\/www.welovecycling.com\/hu\/wp-json\/wp\/v2\/global-categories?post=3379"}],"curies":[{"name":"wp","href":"https:\/\/api.w.org\/{rel}","templated":true}]}}