{"id":3369,"date":"2019-05-20T08:00:55","date_gmt":"2019-05-20T07:00:55","guid":{"rendered":"https:\/\/www.welovecycling.com\/hu\/?p=3369"},"modified":"2019-05-17T13:13:15","modified_gmt":"2019-05-17T12:13:15","slug":"kerekparok-amiket-nem-engedhetsz-meg-magadnak","status":"publish","type":"post","link":"https:\/\/www.welovecycling.com\/hu\/orszaguti-kerekpar\/kerekparok-amiket-nem-engedhetsz-meg-magadnak\/","title":{"rendered":"Ker\u00e9kp\u00e1rok, amiket nem engedhetsz meg magadnak"},"content":{"rendered":"<p><strong>Tegy\u00fck fel, hogy egy igazi ker\u00e9kp\u00e1r rajong\u00f3 vagy, \u00e9s tal\u00e1lkozol egy dzsinnel, aki teljes\u00edten\u00e9 a legh\u0151bb k\u00edv\u00e1ns\u00e1god, mire azt mondod neki, valamilyen megmagyar\u00e1zhatatlan okb\u00f3l, hogy mindig is azt a Damien Hirst kort\u00e1rs brit m\u0171v\u00e9sz \u00e1ltal meg\u00e1lmodott, val\u00f3di lepkesz\u00e1rnyakkal d\u00edsz\u00edtett ker\u00e9kp\u00e1rt szeretted volna, amelyikkel Lance Armstrong tekert a Tour de France-on.<\/strong><!--more--><\/p>\n<p>Egy ilyen helyzetben, majdnem biztos, hogy a dzsinn \u00edgy v\u00e1laszolna: &#8220;Sok szerencs\u00e9t hozz\u00e1 haver. Nem teljes\u00edthetem. Nem engedhetem meg magamnak.&#8221;<\/p>\n<p>Az ok, ami\u00e9rt a dzsinn elutas\u00edtott az az, hogy az im\u00e9nt a vil\u00e1g legdr\u00e1g\u00e1bb ker\u00e9kp\u00e1rj\u00e1t, a Trek Butterfly Madone-t k\u00edv\u00e1ntad. Egy Sotheby&#8217;s j\u00f3t\u00e9konys\u00e1gi aukci\u00f3n a r\u00e1kos betegek\u00e9rt ez az egyed\u00fcl\u00e1ll\u00f3 k\u00e9tkerek\u0171 hihetetlen m\u00f3don 500.000 doll\u00e1r\u00e9rt kelt el.<\/p>\n<figure id=\"attachment_3370\" aria-describedby=\"caption-attachment-3370\" style=\"width: 1200px\" class=\"wp-caption alignnone\"><a href=\"https:\/\/d2p6e6u75xmxt8.cloudfront.net\/12\/2019\/05\/trek-butterfly-madone-1200x1200.jpg\"><img loading=\"lazy\" decoding=\"async\" class=\"wp-image-3370 size-full\" src=\"https:\/\/d2p6e6u75xmxt8.cloudfront.net\/12\/2019\/05\/trek-butterfly-madone-1200x1200.jpg\" alt=\"\" width=\"1200\" height=\"1200\" srcset=\"https:\/\/d2p6e6u75xmxt8.cloudfront.net\/12\/2019\/05\/trek-butterfly-madone-1200x1200.jpg 1200w, https:\/\/d2p6e6u75xmxt8.cloudfront.net\/12\/2019\/05\/trek-butterfly-madone-1200x1200-150x150.jpg 150w, https:\/\/d2p6e6u75xmxt8.cloudfront.net\/12\/2019\/05\/trek-butterfly-madone-1200x1200-300x300.jpg 300w, https:\/\/d2p6e6u75xmxt8.cloudfront.net\/12\/2019\/05\/trek-butterfly-madone-1200x1200-768x768.jpg 768w, https:\/\/d2p6e6u75xmxt8.cloudfront.net\/12\/2019\/05\/trek-butterfly-madone-1200x1200-1024x1024.jpg 1024w\" sizes=\"auto, (max-width: 1200px) 100vw, 1200px\" \/><\/a><figcaption id=\"caption-attachment-3370\" class=\"wp-caption-text\">Trek Butterfly Madone<\/figcaption><\/figure>\n<p>Arr\u00f3l nincs adat, hogy a ker\u00e9kp\u00e1r \u00e9rt\u00e9k\u00e9t befoly\u00e1solta-e Armstrong beismer\u00e9se, miszerint illeg\u00e1lis teljes\u00edtm\u00e9nyfokoz\u00f3 szereket haszn\u00e1lt a Touron, valamint az, hogy ennek k\u00f6vetkezt\u00e9ben mind a h\u00e9t Tour gy\u0151zelem\u00e9t \u00e9rv\u00e9nytelen\u00edtett\u00e9k. Mindenestre a Butterfly Madone nyerg\u00e9ben a 2009-es Touron a 3. helyen v\u00e9gzett.<\/p>\n<p>Azonban, ha m\u00e9gis megengedheted magadnak (vagy a dzsinn, akivel tal\u00e1lkozt\u00e1l teheti meg), hogy a tulajdonosa legy\u00e9l a vil\u00e1g legdr\u00e1g\u00e1bb ker\u00e9kp\u00e1rj\u00e1nak, szembe kell n\u00e9zned n\u00e9h\u00e1ny kellemetlens\u00e9ggel is. K\u00f6nnyen d\u00fch\u00f6s \u00e1llatv\u00e9d\u0151k c\u00e9lpontj\u00e1v\u00e1 v\u00e1lhatsz a lepkesz\u00e1rnyak miatt, amelyeket Hirst arra haszn\u00e1lt, hogy meg\u00fcnnepelje Armstrong 1998-as visszat\u00e9r\u00e9s\u00e9t a r\u00e1k legy\u0151z\u00e9se ut\u00e1n. Mindazon\u00e1ltal ez feld\u00fch\u00edtette a People for the Ethical Treatment of Animals (PETA) \u00e1llatv\u00e9d\u0151 egyes\u00fclet tagjait, akik ezt &#8220;rettenetes kegyetlens\u00e9gnek&#8221; nevezt\u00e9k.<\/p>\n<p>Armstrong \u00e9s a m\u0171v\u00e9szet okolhat\u00f3 a vil\u00e1g m\u00e1sodik legdr\u00e1g\u00e1bb ker\u00e9kp\u00e1rj\u00e1nak \u00e1r\u00e1\u00e9rt is, amelyen a m\u0171v\u00e9sz nev\u00e9t is felt\u00fcntett\u00e9k. A Trek Yoshimoto Nara szint\u00e9n egy Shelby&#8217;s j\u00f3t\u00e9konys\u00e1gi aukci\u00f3n kelt el 200.000 doll\u00e1r\u00e9rt. Szerepelnek rajta a jap\u00e1n m\u0171v\u00e9sz ikonikus alkot\u00e1sai bokszkeszty\u0171s, rajzfilmszer\u0171 gyerekekr\u0151l, UFOkr\u00f3l \u00e9s a leszerepelt versenyz\u0151 Livestrong Foundation nonprofit szervezet\u00e9nek log\u00f3j\u00e1r\u00f3l, melyet a r\u00e1kos betegek t\u00e1mogat\u00e1s\u00e1ra alap\u00edtottak.<\/p>\n<figure id=\"attachment_3371\" aria-describedby=\"caption-attachment-3371\" style=\"width: 506px\" class=\"wp-caption alignnone\"><a href=\"https:\/\/d2p6e6u75xmxt8.cloudfront.net\/12\/2019\/05\/Trek-Yoshitomo-Nara-Speed-Concept-1.png\"><img loading=\"lazy\" decoding=\"async\" class=\"wp-image-3371 size-full\" src=\"https:\/\/d2p6e6u75xmxt8.cloudfront.net\/12\/2019\/05\/Trek-Yoshitomo-Nara-Speed-Concept-1.png\" alt=\"\" width=\"506\" height=\"330\" srcset=\"https:\/\/d2p6e6u75xmxt8.cloudfront.net\/12\/2019\/05\/Trek-Yoshitomo-Nara-Speed-Concept-1.png 506w, https:\/\/d2p6e6u75xmxt8.cloudfront.net\/12\/2019\/05\/Trek-Yoshitomo-Nara-Speed-Concept-1-300x196.png 300w\" sizes=\"auto, (max-width: 506px) 100vw, 506px\" \/><\/a><figcaption id=\"caption-attachment-3371\" class=\"wp-caption-text\">The Trek Yoshimoto Nara<\/figcaption><\/figure>\n<p>Armstrong ezt egy Tour de France \u00e1llom\u00e1sa sor\u00e1n haszn\u00e1lta. Ugyanezen a Shoteby&#8217;s j\u00f3t\u00e9konys\u00e1gi aukci\u00f3n a Trek, sz\u00e1mos m\u00e1s m\u0171v\u00e9szek \u00e1ltal, Armstrong ker\u00e9kp\u00e1rjai alapj\u00e1n tervezett ker\u00e9kp\u00e1rt is eladott \u00f6sszesen 800.000 doll\u00e1r\u00e9rt.<\/p>\n<p>A felh\u00e1bor\u00edt\u00f3an dr\u00e1ga ker\u00e9kp\u00e1rok list\u00e1j\u00e1nak harmadik helyezettje is \u00f6sszef\u00fcgg Armstronggal, a m\u0171v\u00e9szettel \u00e9s a Shoteby&#8217;s-zel. A Kaws-Trek Madone 160.000 doll\u00e1r\u00e9rt kelt el egy \u00fajabb j\u00f3t\u00e9konys\u00e1gi \u00f6sszej\u00f6vetel keret\u00e9ben. Armstrong napi ker\u00e9kp\u00e1ros rutinj\u00e1hoz k\u00e9sz\u00edtett\u00e9k, \u00edgy kiv\u00e1l\u00f3 aerodinamik\u00e1val, cs\u00facstechnol\u00f3gi\u00e1s kieg\u00e9sz\u00edt\u0151kkel \u00e9s magas terhelhet\u0151s\u00e9ggel b\u00fcszk\u00e9lkedhet. Kaws egy elismert amerikai m\u0171v\u00e9sz \u00e9s tervez\u0151, aki a ker\u00e9kp\u00e1r v\u00e1z\u00e1t \u00e9s a ker\u00e9kabroncsokat az \u00e1ltala elh\u00edres\u00fclt &#8220;chomper&#8221; fogakkal d\u00edsz\u00edtette.<\/p>\n<figure id=\"attachment_3372\" aria-describedby=\"caption-attachment-3372\" style=\"width: 620px\" class=\"wp-caption alignnone\"><a href=\"https:\/\/d2p6e6u75xmxt8.cloudfront.net\/12\/2019\/05\/lance-armstrong-kaws-trek-road-bike.jpg\"><img loading=\"lazy\" decoding=\"async\" class=\"wp-image-3372 size-full\" src=\"https:\/\/d2p6e6u75xmxt8.cloudfront.net\/12\/2019\/05\/lance-armstrong-kaws-trek-road-bike.jpg\" alt=\"\" width=\"620\" height=\"375\" srcset=\"https:\/\/d2p6e6u75xmxt8.cloudfront.net\/12\/2019\/05\/lance-armstrong-kaws-trek-road-bike.jpg 620w, https:\/\/d2p6e6u75xmxt8.cloudfront.net\/12\/2019\/05\/lance-armstrong-kaws-trek-road-bike-300x181.jpg 300w\" sizes=\"auto, (max-width: 620px) 100vw, 620px\" \/><\/a><figcaption id=\"caption-attachment-3372\" class=\"wp-caption-text\">The Kaws \u2013 Trek Madone<\/figcaption><\/figure>\n<p>A negyedik legdr\u00e1g\u00e1bb ker\u00e9kp\u00e1rnak nincs k\u00f6ze Lancehez, a m\u0171v\u00e9szethez vagy az aukci\u00f3khoz, ugyanakkor van valami, amivel ki\u00e9rdemli a 114.000 doll\u00e1ros \u00e1rc\u00e9dul\u00e1t. A v\u00e1za, ker\u00e9kabroncsai \u00e9s k\u00fcll\u0151i 24 kar\u00e1tos arannyal vannak bevonva. Az Aurumania francia c\u00e9g gy\u00e1rtm\u00e1nyak\u00e9nt Swarowski krist\u00e1lyok is d\u00edsz\u00edtik, a korm\u00e1nymarkolata \u00e9s nyerge kiv\u00e1l\u00f3 min\u0151s\u00e9g\u0171 b\u0151rb\u0151l k\u00e9sz\u00fclt, \u00e9s az elej\u00e9n egy b\u0151r jelv\u00e9ny hirdeti a limit\u00e1lt kiad\u00e1s sz\u00e1m\u00e1t.<\/p>\n<p>Csup\u00e1n h\u00e9t Aurumania Chrystal Edition Gold ker\u00e9kp\u00e1r l\u00e9tezik a vil\u00e1gon, \u00e9s ha a tulajdonosa vagy, vagy esetleg gondolkozol, hogy venn\u00e9l egyet, biztosan szeretn\u00e9l egy megfelel\u0151 helyet is a t\u00e1rol\u00e1s\u00e1ra. Szerencs\u00e9re az Aurumania \u00e1rul krist\u00e1ly \u00e9s arany ker\u00e9kp\u00e1rtart\u00f3kat is, mind\u00f6ssze 6.000 doll\u00e1r\u00e9rt.<\/p>\n<figure id=\"attachment_3373\" aria-describedby=\"caption-attachment-3373\" style=\"width: 1140px\" class=\"wp-caption alignnone\"><a href=\"https:\/\/d2p6e6u75xmxt8.cloudfront.net\/12\/2019\/05\/aurumania-bike-1.jpg\"><img loading=\"lazy\" decoding=\"async\" class=\"wp-image-3373 size-full\" src=\"https:\/\/d2p6e6u75xmxt8.cloudfront.net\/12\/2019\/05\/aurumania-bike-1.jpg\" alt=\"\" width=\"1140\" height=\"713\" srcset=\"https:\/\/d2p6e6u75xmxt8.cloudfront.net\/12\/2019\/05\/aurumania-bike-1.jpg 1140w, https:\/\/d2p6e6u75xmxt8.cloudfront.net\/12\/2019\/05\/aurumania-bike-1-300x188.jpg 300w, https:\/\/d2p6e6u75xmxt8.cloudfront.net\/12\/2019\/05\/aurumania-bike-1-768x480.jpg 768w, https:\/\/d2p6e6u75xmxt8.cloudfront.net\/12\/2019\/05\/aurumania-bike-1-1024x640.jpg 1024w\" sizes=\"auto, (max-width: 1140px) 100vw, 1140px\" \/><\/a><figcaption id=\"caption-attachment-3373\" class=\"wp-caption-text\">Aurumania Crystal Edition Gold<\/figcaption><\/figure>\n<p>V\u00e9g\u00fcl pedig, a lista \u00f6t\u00f6dik helyezettj\u00e9vel \u00fajra el\u0151ker\u00fcl Lance Armstrong neve \u00e9s az aukci\u00f3k. Az amerikai ker\u00e9kp\u00e1ros a 2005-\u00f6s Tour de France-on haszn\u00e1lta, amelyen egyben az utols\u00f3 gy\u0151zelm\u00e9t aratta a h\u00e9tb\u0151l, amelyek sor\u00e1n bevallottan tiltott szerekkel \u00e9lt.<\/p>\n<p>Ugyanebben az \u00e9vben ker\u00fclt sor a Trek Madone 7-Diamond elad\u00e1s\u00e1ra is az \u00e9ves Lance Armstrong Foundation aukci\u00f3n, 75.000 doll\u00e1r\u00e9rt. Ahogy a neve is utal r\u00e1, gy\u00e9m\u00e1ntokkal d\u00edsz\u00edtett: 14 kar\u00e1tos s\u00e1rga \u00e9s feh\u00e9r arany foglalatban h\u00e9t darab 1 kar\u00e1tos Gemesis gy\u00e9m\u00e1nt foglal helyet.<\/p>\n<figure id=\"attachment_3374\" aria-describedby=\"caption-attachment-3374\" style=\"width: 600px\" class=\"wp-caption alignnone\"><a href=\"https:\/\/d2p6e6u75xmxt8.cloudfront.net\/12\/2019\/05\/madone.jpg\"><img loading=\"lazy\" decoding=\"async\" class=\"wp-image-3374 size-full\" src=\"https:\/\/d2p6e6u75xmxt8.cloudfront.net\/12\/2019\/05\/madone.jpg\" alt=\"\" width=\"600\" height=\"428\" srcset=\"https:\/\/d2p6e6u75xmxt8.cloudfront.net\/12\/2019\/05\/madone.jpg 600w, https:\/\/d2p6e6u75xmxt8.cloudfront.net\/12\/2019\/05\/madone-300x214.jpg 300w\" sizes=\"auto, (max-width: 600px) 100vw, 600px\" \/><\/a><figcaption id=\"caption-attachment-3374\" class=\"wp-caption-text\">Trek Madone 7 &#8211; Diamond<\/figcaption><\/figure>\n<p>K\u00e9pzeld el, hogy a tulajdonosa vagy az egyik ilyen csillag\u00e1szati-\u00e1r\u00fa gy\u00f6ny\u00f6r\u0171s\u00e9gnek. Hol haszn\u00e1ln\u00e1d? A gar\u00e1zsodban? A nappalidban? Ha megengedheted magadnak, hogy megv\u00e1s\u00e1rold, val\u00f3sz\u00edn\u0171, hogy egy olyan birtokot is vehetsz, ahol selyem simas\u00e1g\u00fa \u00e9s pormentes, mag\u00e1n bicikliutak \u00e1llnak rendelkez\u00e9sedre.<\/p>\n","protected":false},"excerpt":{"rendered":"<p>Tegy\u00fck fel, hogy egy igazi ker\u00e9kp\u00e1r rajong\u00f3 vagy, \u00e9s tal\u00e1lkozol egy dzsinnel, aki teljes\u00edten\u00e9 a legh\u0151bb k\u00edv\u00e1ns\u00e1god, mire azt mondod [&hellip;]<\/p>\n","protected":false},"author":71,"featured_media":3376,"comment_status":"open","ping_status":"open","sticky":false,"template":"","format":"standard","meta":{"footnotes":""},"categories":[8],"tags":[364,363,362],"global-categories":[],"class_list":["post-3369","post","type-post","status-publish","format-standard","has-post-thumbnail","hentry","category-orszaguti-kerekpar","tag-butterfly-madone","tag-damien-hirst","tag-lance-armstrong"],"yoast_head":"<!-- This site is optimized with the Yoast SEO Premium plugin v25.3 (Yoast SEO v25.9) - https:\/\/yoast.com\/wordpress\/plugins\/seo\/ -->\n<title>Ker\u00e9kp\u00e1rok, amiket nem engedhetsz meg magadnak - \u0160koda We Love Cycling - Magyarorsz\u00e1g<\/title>\n<meta name=\"robots\" content=\"index, follow, max-snippet:-1, max-image-preview:large, max-video-preview:-1\" \/>\n<link rel=\"canonical\" href=\"https:\/\/www.welovecycling.com\/hu\/orszaguti-kerekpar\/kerekparok-amiket-nem-engedhetsz-meg-magadnak\/\" \/>\n<meta property=\"og:locale\" content=\"hu_HU\" \/>\n<meta property=\"og:type\" content=\"article\" \/>\n<meta property=\"og:title\" content=\"Ker\u00e9kp\u00e1rok, amiket nem engedhetsz meg magadnak\" \/>\n<meta property=\"og:description\" content=\"Tegy\u00fck fel, hogy egy igazi ker\u00e9kp\u00e1r rajong\u00f3 vagy, \u00e9s tal\u00e1lkozol egy dzsinnel, aki teljes\u00edten\u00e9 a legh\u0151bb k\u00edv\u00e1ns\u00e1god, mire azt mondod [&hellip;]\" \/>\n<meta property=\"og:url\" content=\"https:\/\/www.welovecycling.com\/hu\/orszaguti-kerekpar\/kerekparok-amiket-nem-engedhetsz-meg-magadnak\/\" \/>\n<meta property=\"og:site_name\" content=\"\u0160koda We Love Cycling - Magyarorsz\u00e1g\" \/>\n<meta property=\"article:publisher\" content=\"https:\/\/www.facebook.com\/WeLoveCyclingHungary\/\" \/>\n<meta property=\"article:published_time\" content=\"2019-05-20T07:00:55+00:00\" \/>\n<meta property=\"og:image\" content=\"https:\/\/d2p6e6u75xmxt8.cloudfront.net\/12\/2019\/05\/Trek-madone-CVR-profimedia-0039951696.jpg\" \/>\n\t<meta property=\"og:image:width\" content=\"1366\" \/>\n\t<meta property=\"og:image:height\" content=\"600\" \/>\n\t<meta property=\"og:image:type\" content=\"image\/jpeg\" \/>\n<meta name=\"author\" content=\"hegyizs\" \/>\n<meta name=\"twitter:card\" content=\"summary_large_image\" \/>\n<meta name=\"twitter:label1\" content=\"Written by\" \/>\n\t<meta name=\"twitter:data1\" content=\"Siegfried Mortkowitz\" \/>\n\t<meta name=\"twitter:label2\" content=\"Est. reading time\" \/>\n\t<meta name=\"twitter:data2\" content=\"5\" \/>\n<script type=\"application\/ld+json\" class=\"yoast-schema-graph\">{\"@context\":\"https:\/\/schema.org\",\"@graph\":[{\"@type\":\"WebPage\",\"@id\":\"https:\/\/www.welovecycling.com\/hu\/orszaguti-kerekpar\/kerekparok-amiket-nem-engedhetsz-meg-magadnak\/\",\"url\":\"https:\/\/www.welovecycling.com\/hu\/orszaguti-kerekpar\/kerekparok-amiket-nem-engedhetsz-meg-magadnak\/\",\"name\":\"Ker\u00e9kp\u00e1rok, amiket nem engedhetsz meg magadnak - \u0160koda We Love Cycling - Magyarorsz\u00e1g\",\"isPartOf\":{\"@id\":\"https:\/\/www.welovecycling.com\/hu\/#website\"},\"primaryImageOfPage\":{\"@id\":\"https:\/\/www.welovecycling.com\/hu\/orszaguti-kerekpar\/kerekparok-amiket-nem-engedhetsz-meg-magadnak\/#primaryimage\"},\"image\":{\"@id\":\"https:\/\/www.welovecycling.com\/hu\/orszaguti-kerekpar\/kerekparok-amiket-nem-engedhetsz-meg-magadnak\/#primaryimage\"},\"thumbnailUrl\":\"https:\/\/d2p6e6u75xmxt8.cloudfront.net\/12\/2019\/05\/Trek-madone-CVR-profimedia-0039951696.jpg\",\"datePublished\":\"2019-05-20T07:00:55+00:00\",\"author\":{\"@id\":\"https:\/\/www.welovecycling.com\/hu\/#\/schema\/person\/414a2aebf1801691a5320edb6468e194\"},\"breadcrumb\":{\"@id\":\"https:\/\/www.welovecycling.com\/hu\/orszaguti-kerekpar\/kerekparok-amiket-nem-engedhetsz-meg-magadnak\/#breadcrumb\"},\"inLanguage\":\"hu\",\"potentialAction\":[{\"@type\":\"ReadAction\",\"target\":[\"https:\/\/www.welovecycling.com\/hu\/orszaguti-kerekpar\/kerekparok-amiket-nem-engedhetsz-meg-magadnak\/\"]}]},{\"@type\":\"ImageObject\",\"inLanguage\":\"hu\",\"@id\":\"https:\/\/www.welovecycling.com\/hu\/orszaguti-kerekpar\/kerekparok-amiket-nem-engedhetsz-meg-magadnak\/#primaryimage\",\"url\":\"https:\/\/d2p6e6u75xmxt8.cloudfront.net\/12\/2019\/05\/Trek-madone-CVR-profimedia-0039951696.jpg\",\"contentUrl\":\"https:\/\/d2p6e6u75xmxt8.cloudfront.net\/12\/2019\/05\/Trek-madone-CVR-profimedia-0039951696.jpg\",\"width\":1366,\"height\":600},{\"@type\":\"BreadcrumbList\",\"@id\":\"https:\/\/www.welovecycling.com\/hu\/orszaguti-kerekpar\/kerekparok-amiket-nem-engedhetsz-meg-magadnak\/#breadcrumb\",\"itemListElement\":[{\"@type\":\"ListItem\",\"position\":1,\"name\":\"Home\",\"item\":\"https:\/\/www.welovecycling.com\/hu\/\"},{\"@type\":\"ListItem\",\"position\":2,\"name\":\"Ker\u00e9kp\u00e1rok, amiket nem engedhetsz meg magadnak\"}]},{\"@type\":\"WebSite\",\"@id\":\"https:\/\/www.welovecycling.com\/hu\/#website\",\"url\":\"https:\/\/www.welovecycling.com\/hu\/\",\"name\":\"\u0160koda We Love Cycling - Magyarorsz\u00e1g\",\"description\":\"\u0160koda WeLoveCycling\",\"potentialAction\":[{\"@type\":\"SearchAction\",\"target\":{\"@type\":\"EntryPoint\",\"urlTemplate\":\"https:\/\/www.welovecycling.com\/hu\/?s={search_term_string}\"},\"query-input\":{\"@type\":\"PropertyValueSpecification\",\"valueRequired\":true,\"valueName\":\"search_term_string\"}}],\"inLanguage\":\"hu\"},{\"@type\":\"Person\",\"@id\":\"https:\/\/www.welovecycling.com\/hu\/#\/schema\/person\/414a2aebf1801691a5320edb6468e194\",\"name\":\"hegyizs\",\"image\":{\"@type\":\"ImageObject\",\"inLanguage\":\"hu\",\"@id\":\"https:\/\/www.welovecycling.com\/hu\/#\/schema\/person\/image\/\",\"url\":\"https:\/\/secure.gravatar.com\/avatar\/02cf8a7906b8cf90cecb4679defac7cfd33a1c2e3b88e4903d947f3bb58eedd3?s=96&d=mm&r=g\",\"contentUrl\":\"https:\/\/secure.gravatar.com\/avatar\/02cf8a7906b8cf90cecb4679defac7cfd33a1c2e3b88e4903d947f3bb58eedd3?s=96&d=mm&r=g\",\"caption\":\"hegyizs\"},\"url\":\"https:\/\/www.welovecycling.com\/hu\/author\/hegyizs\/\"}]}<\/script>\n<!-- \/ Yoast SEO Premium plugin. -->","yoast_head_json":{"title":"Ker\u00e9kp\u00e1rok, amiket nem engedhetsz meg magadnak - \u0160koda We Love Cycling - Magyarorsz\u00e1g","robots":{"index":"index","follow":"follow","max-snippet":"max-snippet:-1","max-image-preview":"max-image-preview:large","max-video-preview":"max-video-preview:-1"},"canonical":"https:\/\/www.welovecycling.com\/hu\/orszaguti-kerekpar\/kerekparok-amiket-nem-engedhetsz-meg-magadnak\/","og_locale":"hu_HU","og_type":"article","og_title":"Ker\u00e9kp\u00e1rok, amiket nem engedhetsz meg magadnak","og_description":"Tegy\u00fck fel, hogy egy igazi ker\u00e9kp\u00e1r rajong\u00f3 vagy, \u00e9s tal\u00e1lkozol egy dzsinnel, aki teljes\u00edten\u00e9 a legh\u0151bb k\u00edv\u00e1ns\u00e1god, mire azt mondod [&hellip;]","og_url":"https:\/\/www.welovecycling.com\/hu\/orszaguti-kerekpar\/kerekparok-amiket-nem-engedhetsz-meg-magadnak\/","og_site_name":"\u0160koda We Love Cycling - Magyarorsz\u00e1g","article_publisher":"https:\/\/www.facebook.com\/WeLoveCyclingHungary\/","article_published_time":"2019-05-20T07:00:55+00:00","og_image":[{"width":1366,"height":600,"url":"https:\/\/d2p6e6u75xmxt8.cloudfront.net\/12\/2019\/05\/Trek-madone-CVR-profimedia-0039951696.jpg","type":"image\/jpeg"}],"author":"hegyizs","twitter_card":"summary_large_image","twitter_misc":{"Written by":"Siegfried Mortkowitz","Est. reading time":"5"},"schema":{"@context":"https:\/\/schema.org","@graph":[{"@type":"WebPage","@id":"https:\/\/www.welovecycling.com\/hu\/orszaguti-kerekpar\/kerekparok-amiket-nem-engedhetsz-meg-magadnak\/","url":"https:\/\/www.welovecycling.com\/hu\/orszaguti-kerekpar\/kerekparok-amiket-nem-engedhetsz-meg-magadnak\/","name":"Ker\u00e9kp\u00e1rok, amiket nem engedhetsz meg magadnak - \u0160koda We Love Cycling - Magyarorsz\u00e1g","isPartOf":{"@id":"https:\/\/www.welovecycling.com\/hu\/#website"},"primaryImageOfPage":{"@id":"https:\/\/www.welovecycling.com\/hu\/orszaguti-kerekpar\/kerekparok-amiket-nem-engedhetsz-meg-magadnak\/#primaryimage"},"image":{"@id":"https:\/\/www.welovecycling.com\/hu\/orszaguti-kerekpar\/kerekparok-amiket-nem-engedhetsz-meg-magadnak\/#primaryimage"},"thumbnailUrl":"https:\/\/d2p6e6u75xmxt8.cloudfront.net\/12\/2019\/05\/Trek-madone-CVR-profimedia-0039951696.jpg","datePublished":"2019-05-20T07:00:55+00:00","author":{"@id":"https:\/\/www.welovecycling.com\/hu\/#\/schema\/person\/414a2aebf1801691a5320edb6468e194"},"breadcrumb":{"@id":"https:\/\/www.welovecycling.com\/hu\/orszaguti-kerekpar\/kerekparok-amiket-nem-engedhetsz-meg-magadnak\/#breadcrumb"},"inLanguage":"hu","potentialAction":[{"@type":"ReadAction","target":["https:\/\/www.welovecycling.com\/hu\/orszaguti-kerekpar\/kerekparok-amiket-nem-engedhetsz-meg-magadnak\/"]}]},{"@type":"ImageObject","inLanguage":"hu","@id":"https:\/\/www.welovecycling.com\/hu\/orszaguti-kerekpar\/kerekparok-amiket-nem-engedhetsz-meg-magadnak\/#primaryimage","url":"https:\/\/d2p6e6u75xmxt8.cloudfront.net\/12\/2019\/05\/Trek-madone-CVR-profimedia-0039951696.jpg","contentUrl":"https:\/\/d2p6e6u75xmxt8.cloudfront.net\/12\/2019\/05\/Trek-madone-CVR-profimedia-0039951696.jpg","width":1366,"height":600},{"@type":"BreadcrumbList","@id":"https:\/\/www.welovecycling.com\/hu\/orszaguti-kerekpar\/kerekparok-amiket-nem-engedhetsz-meg-magadnak\/#breadcrumb","itemListElement":[{"@type":"ListItem","position":1,"name":"Home","item":"https:\/\/www.welovecycling.com\/hu\/"},{"@type":"ListItem","position":2,"name":"Ker\u00e9kp\u00e1rok, amiket nem engedhetsz meg magadnak"}]},{"@type":"WebSite","@id":"https:\/\/www.welovecycling.com\/hu\/#website","url":"https:\/\/www.welovecycling.com\/hu\/","name":"\u0160koda We Love Cycling - Magyarorsz\u00e1g","description":"\u0160koda WeLoveCycling","potentialAction":[{"@type":"SearchAction","target":{"@type":"EntryPoint","urlTemplate":"https:\/\/www.welovecycling.com\/hu\/?s={search_term_string}"},"query-input":{"@type":"PropertyValueSpecification","valueRequired":true,"valueName":"search_term_string"}}],"inLanguage":"hu"},{"@type":"Person","@id":"https:\/\/www.welovecycling.com\/hu\/#\/schema\/person\/414a2aebf1801691a5320edb6468e194","name":"hegyizs","image":{"@type":"ImageObject","inLanguage":"hu","@id":"https:\/\/www.welovecycling.com\/hu\/#\/schema\/person\/image\/","url":"https:\/\/secure.gravatar.com\/avatar\/02cf8a7906b8cf90cecb4679defac7cfd33a1c2e3b88e4903d947f3bb58eedd3?s=96&d=mm&r=g","contentUrl":"https:\/\/secure.gravatar.com\/avatar\/02cf8a7906b8cf90cecb4679defac7cfd33a1c2e3b88e4903d947f3bb58eedd3?s=96&d=mm&r=g","caption":"hegyizs"},"url":"https:\/\/www.welovecycling.com\/hu\/author\/hegyizs\/"}]}},"_links":{"self":[{"href":"https:\/\/www.welovecycling.com\/hu\/wp-json\/wp\/v2\/posts\/3369","targetHints":{"allow":["GET"]}}],"collection":[{"href":"https:\/\/www.welovecycling.com\/hu\/wp-json\/wp\/v2\/posts"}],"about":[{"href":"https:\/\/www.welovecycling.com\/hu\/wp-json\/wp\/v2\/types\/post"}],"author":[{"embeddable":true,"href":"https:\/\/www.welovecycling.com\/hu\/wp-json\/wp\/v2\/users\/71"}],"replies":[{"embeddable":true,"href":"https:\/\/www.welovecycling.com\/hu\/wp-json\/wp\/v2\/comments?post=3369"}],"version-history":[{"count":2,"href":"https:\/\/www.welovecycling.com\/hu\/wp-json\/wp\/v2\/posts\/3369\/revisions"}],"predecessor-version":[{"id":3378,"href":"https:\/\/www.welovecycling.com\/hu\/wp-json\/wp\/v2\/posts\/3369\/revisions\/3378"}],"wp:featuredmedia":[{"embeddable":true,"href":"https:\/\/www.welovecycling.com\/hu\/wp-json\/wp\/v2\/media\/3376"}],"wp:attachment":[{"href":"https:\/\/www.welovecycling.com\/hu\/wp-json\/wp\/v2\/media?parent=3369"}],"wp:term":[{"taxonomy":"category","embeddable":true,"href":"https:\/\/www.welovecycling.com\/hu\/wp-json\/wp\/v2\/categories?post=3369"},{"taxonomy":"post_tag","embeddable":true,"href":"https:\/\/www.welovecycling.com\/hu\/wp-json\/wp\/v2\/tags?post=3369"},{"taxonomy":"global-categories","embeddable":true,"href":"https:\/\/www.welovecycling.com\/hu\/wp-json\/wp\/v2\/global-categories?post=3369"}],"curies":[{"name":"wp","href":"https:\/\/api.w.org\/{rel}","templated":true}]}}