{"id":3365,"date":"2019-05-24T08:00:37","date_gmt":"2019-05-24T07:00:37","guid":{"rendered":"https:\/\/www.welovecycling.com\/hu\/?p=3365"},"modified":"2019-05-17T13:15:21","modified_gmt":"2019-05-17T12:15:21","slug":"az-uj-bike-connect-app-zoldre-valtja-a-kozlekedesi-lampakat-a-kerekparosok-szamara","status":"publish","type":"post","link":"https:\/\/www.welovecycling.com\/hu\/varosi-kerekparozas\/az-uj-bike-connect-app-zoldre-valtja-a-kozlekedesi-lampakat-a-kerekparosok-szamara\/","title":{"rendered":"Az \u00faj &#8220;Bike Connect&#8221; app z\u00f6ldre v\u00e1ltja a k\u00f6zleked\u00e9si l\u00e1mp\u00e1kat a ker\u00e9kp\u00e1rosok sz\u00e1m\u00e1ra"},"content":{"rendered":"<p><strong>200 amerikai doll\u00e1r. Ennyibe ker\u00fcl egy potenci\u00e1lis v\u00e1ltoz\u00e1sokat \u00edg\u00e9r\u0151 alkalmaz\u00e1s l\u00e9trehoz\u00e1sa, amely &#8220;z\u00f6ld hull\u00e1mot&#8221; eredm\u00e9nyezne a v\u00e1rosban ker\u00e9kp\u00e1roz\u00f3k sz\u00e1m\u00e1ra. <\/strong><!--more--><\/p>\n<p>A University of Oregon k\u00e9t professzora, a programoz\u00f3 Stephen Fickas \u00e9s Marc Schlossberg v\u00e1ros-\u00e9s vid\u00e9kfejleszt\u00e9si szak\u00e9rt\u0151 megtal\u00e1lta a m\u00f3dj\u00e1t, hogyan k\u00f6zlekedhetnek a ker\u00e9kp\u00e1rosok gyorsan \u00e9s hat\u00e9konyan a zs\u00fafolt utakon. A m\u00e1r haszn\u00e1latban l\u00e9v\u0151 alkalmaz\u00e1s, amelyet Fickas &#8220;Internet of Things&#8221; \u00f3r\u00e1ja ihletett, kommunik\u00e1l a k\u00f6zleked\u00e9si l\u00e1mp\u00e1kkal.<\/p>\n<p>A k\u00e9t akad\u00e9mikus 67.000 doll\u00e1r t\u00e1mogat\u00e1st kapott, hogy az alkalmaz\u00e1st az egyetemi v\u00e1ros, Eugene utc\u00e1in tesztelhess\u00e9k. T\u00edz ker\u00e9kp\u00e1ros kilenc h\u00f3napig haszn\u00e1lta a kampuszra menet \u00e9s j\u00f6vet. Amint egy k\u00f6zleked\u00e9si l\u00e1mp\u00e1hoz \u00e9rtek az egyetem k\u00f6zel\u00e9ben, az app kijelz\u0151je sz\u00fcrk\u00e9r\u0151l s\u00e1rg\u00e1ra v\u00e1ltott, jelezve, hogy \u00e9rtes\u00edtette a jelz\u0151l\u00e1mp\u00e1t a ker\u00e9kp\u00e1rosok megjelen\u00e9s\u00e9r\u0151l \u00e9s sebess\u00e9g\u00e9r\u0151l. Amint a l\u00e1mpa z\u00f6ldre v\u00e1ltott, a kijelz\u0151 f\u00e9nye is ugyanilyen lett.<\/p>\n<p><a href=\"https:\/\/d2p6e6u75xmxt8.cloudfront.net\/12\/2019\/05\/profimedia-0008798484.jpg\"><img loading=\"lazy\" decoding=\"async\" class=\"wp-image-3366 size-full\" src=\"https:\/\/d2p6e6u75xmxt8.cloudfront.net\/12\/2019\/05\/profimedia-0008798484.jpg\" alt=\"\" width=\"1250\" height=\"833\" srcset=\"https:\/\/d2p6e6u75xmxt8.cloudfront.net\/12\/2019\/05\/profimedia-0008798484.jpg 1250w, https:\/\/d2p6e6u75xmxt8.cloudfront.net\/12\/2019\/05\/profimedia-0008798484-300x200.jpg 300w, https:\/\/d2p6e6u75xmxt8.cloudfront.net\/12\/2019\/05\/profimedia-0008798484-768x512.jpg 768w, https:\/\/d2p6e6u75xmxt8.cloudfront.net\/12\/2019\/05\/profimedia-0008798484-1024x682.jpg 1024w, https:\/\/d2p6e6u75xmxt8.cloudfront.net\/12\/2019\/05\/profimedia-0008798484-272x182.jpg 272w\" sizes=\"auto, (max-width: 1250px) 100vw, 1250px\" \/><\/a><\/p>\n<p>A kutat\u00f3k a tesztet sikerk\u00e9nt k\u00f6nyvelt\u00e9k el, kijelentve, hogy 80%-ban m\u0171k\u00f6d\u00f6tt az alkalmaz\u00e1s. Jelenleg tov\u00e1bbi t\u00e1mogat\u00f3kat keresnek, hogy ide\u00e1lis esetben kifejleszthessenek egy korm\u00e1nymarkolatra helyezhet\u0151 apr\u00f3 eszk\u00f6zt, amely jelezn\u00e9, ha a ker\u00e9kp\u00e1rosnak gyors\u00edtania, illetve lass\u00edtania kell egy-egy jelz\u0151l\u00e1mp\u00e1hoz k\u00f6zeledve. A v\u00e9gs\u0151 c\u00e9ljuk a t\u00f6k\u00e9letes &#8220;z\u00f6ld hull\u00e1m&#8221; el\u00e9r\u00e9se.<\/p>\n<p>Az olyan alkalmaz\u00e1sok, mint a Bike Connect jelenthetn\u00e9k a megold\u00e1st a j\u00f6v\u0151 automata vez\u00e9rl\u00e9s\u0171 g\u00e9pj\u00e1rm\u0171vei sz\u00e1m\u00e1ra, amelyeknek k\u00e9pesnek kellene lenni\u00fck kommunik\u00e1lni a k\u00f6zleked\u00e9si jelz\u00e9s\u00e9kkel a l\u00e9trehozatalukt\u00f3l kezdve.<\/p>\n<p>Te is szeretn\u00e9l egy Bike Connecthez hasonl\u00f3 eszk\u00f6zt a korm\u00e1nymarkolatodon? <a href=\"https:\/\/www.welovecycling.com\/hu\/rolunk\/#contact-form\">Tudasd vel\u00fcnk!<\/a><\/p>\n","protected":false},"excerpt":{"rendered":"<p>200 amerikai doll\u00e1r. Ennyibe ker\u00fcl egy potenci\u00e1lis v\u00e1ltoz\u00e1sokat \u00edg\u00e9r\u0151 alkalmaz\u00e1s l\u00e9trehoz\u00e1sa, amely &#8220;z\u00f6ld hull\u00e1mot&#8221; eredm\u00e9nyezne a v\u00e1rosban ker\u00e9kp\u00e1roz\u00f3k sz\u00e1m\u00e1ra.<\/p>\n","protected":false},"author":71,"featured_media":3368,"comment_status":"open","ping_status":"open","sticky":false,"template":"","format":"standard","meta":{"footnotes":""},"categories":[9],"tags":[361],"global-categories":[],"class_list":["post-3365","post","type-post","status-publish","format-standard","has-post-thumbnail","hentry","category-varosi-kerekparozas","tag-bike-connect"],"yoast_head":"<!-- This site is optimized with the Yoast SEO Premium plugin v25.3 (Yoast SEO v25.9) - https:\/\/yoast.com\/wordpress\/plugins\/seo\/ -->\n<title>Az \u00faj &quot;Bike Connect&quot; app z\u00f6ldre v\u00e1ltja a k\u00f6zleked\u00e9si l\u00e1mp\u00e1kat a ker\u00e9kp\u00e1rosok sz\u00e1m\u00e1ra - \u0160koda We Love Cycling - Magyarorsz\u00e1g<\/title>\n<meta name=\"robots\" content=\"index, follow, max-snippet:-1, max-image-preview:large, max-video-preview:-1\" \/>\n<link rel=\"canonical\" href=\"https:\/\/www.welovecycling.com\/hu\/varosi-kerekparozas\/az-uj-bike-connect-app-zoldre-valtja-a-kozlekedesi-lampakat-a-kerekparosok-szamara\/\" \/>\n<meta property=\"og:locale\" content=\"hu_HU\" \/>\n<meta property=\"og:type\" content=\"article\" \/>\n<meta property=\"og:title\" content=\"Az \u00faj &quot;Bike Connect&quot; app z\u00f6ldre v\u00e1ltja a k\u00f6zleked\u00e9si l\u00e1mp\u00e1kat a ker\u00e9kp\u00e1rosok sz\u00e1m\u00e1ra\" \/>\n<meta property=\"og:description\" content=\"200 amerikai doll\u00e1r. Ennyibe ker\u00fcl egy potenci\u00e1lis v\u00e1ltoz\u00e1sokat \u00edg\u00e9r\u0151 alkalmaz\u00e1s l\u00e9trehoz\u00e1sa, amely &#8220;z\u00f6ld hull\u00e1mot&#8221; eredm\u00e9nyezne a v\u00e1rosban ker\u00e9kp\u00e1roz\u00f3k sz\u00e1m\u00e1ra.\" \/>\n<meta property=\"og:url\" content=\"https:\/\/www.welovecycling.com\/hu\/varosi-kerekparozas\/az-uj-bike-connect-app-zoldre-valtja-a-kozlekedesi-lampakat-a-kerekparosok-szamara\/\" \/>\n<meta property=\"og:site_name\" content=\"\u0160koda We Love Cycling - Magyarorsz\u00e1g\" \/>\n<meta property=\"article:publisher\" content=\"https:\/\/www.facebook.com\/WeLoveCyclingHungary\/\" \/>\n<meta property=\"article:published_time\" content=\"2019-05-24T07:00:37+00:00\" \/>\n<meta property=\"og:image\" content=\"https:\/\/d2p6e6u75xmxt8.cloudfront.net\/12\/2019\/05\/Traffic-Lights-CVR-profimedia-0405192691.jpg\" \/>\n\t<meta property=\"og:image:width\" content=\"1366\" \/>\n\t<meta property=\"og:image:height\" content=\"600\" \/>\n\t<meta property=\"og:image:type\" content=\"image\/jpeg\" \/>\n<meta name=\"author\" content=\"hegyizs\" \/>\n<meta name=\"twitter:card\" content=\"summary_large_image\" \/>\n<meta name=\"twitter:label1\" content=\"Written by\" \/>\n\t<meta name=\"twitter:data1\" content=\"Monica Buck\" \/>\n\t<meta name=\"twitter:label2\" content=\"Est. reading time\" \/>\n\t<meta name=\"twitter:data2\" content=\"4\" \/>\n<script type=\"application\/ld+json\" class=\"yoast-schema-graph\">{\"@context\":\"https:\/\/schema.org\",\"@graph\":[{\"@type\":\"WebPage\",\"@id\":\"https:\/\/www.welovecycling.com\/hu\/varosi-kerekparozas\/az-uj-bike-connect-app-zoldre-valtja-a-kozlekedesi-lampakat-a-kerekparosok-szamara\/\",\"url\":\"https:\/\/www.welovecycling.com\/hu\/varosi-kerekparozas\/az-uj-bike-connect-app-zoldre-valtja-a-kozlekedesi-lampakat-a-kerekparosok-szamara\/\",\"name\":\"Az \u00faj \\\"Bike Connect\\\" app z\u00f6ldre v\u00e1ltja a k\u00f6zleked\u00e9si l\u00e1mp\u00e1kat a ker\u00e9kp\u00e1rosok sz\u00e1m\u00e1ra - \u0160koda We Love Cycling - Magyarorsz\u00e1g\",\"isPartOf\":{\"@id\":\"https:\/\/www.welovecycling.com\/hu\/#website\"},\"primaryImageOfPage\":{\"@id\":\"https:\/\/www.welovecycling.com\/hu\/varosi-kerekparozas\/az-uj-bike-connect-app-zoldre-valtja-a-kozlekedesi-lampakat-a-kerekparosok-szamara\/#primaryimage\"},\"image\":{\"@id\":\"https:\/\/www.welovecycling.com\/hu\/varosi-kerekparozas\/az-uj-bike-connect-app-zoldre-valtja-a-kozlekedesi-lampakat-a-kerekparosok-szamara\/#primaryimage\"},\"thumbnailUrl\":\"https:\/\/d2p6e6u75xmxt8.cloudfront.net\/12\/2019\/05\/Traffic-Lights-CVR-profimedia-0405192691.jpg\",\"datePublished\":\"2019-05-24T07:00:37+00:00\",\"author\":{\"@id\":\"https:\/\/www.welovecycling.com\/hu\/#\/schema\/person\/414a2aebf1801691a5320edb6468e194\"},\"breadcrumb\":{\"@id\":\"https:\/\/www.welovecycling.com\/hu\/varosi-kerekparozas\/az-uj-bike-connect-app-zoldre-valtja-a-kozlekedesi-lampakat-a-kerekparosok-szamara\/#breadcrumb\"},\"inLanguage\":\"hu\",\"potentialAction\":[{\"@type\":\"ReadAction\",\"target\":[\"https:\/\/www.welovecycling.com\/hu\/varosi-kerekparozas\/az-uj-bike-connect-app-zoldre-valtja-a-kozlekedesi-lampakat-a-kerekparosok-szamara\/\"]}]},{\"@type\":\"ImageObject\",\"inLanguage\":\"hu\",\"@id\":\"https:\/\/www.welovecycling.com\/hu\/varosi-kerekparozas\/az-uj-bike-connect-app-zoldre-valtja-a-kozlekedesi-lampakat-a-kerekparosok-szamara\/#primaryimage\",\"url\":\"https:\/\/d2p6e6u75xmxt8.cloudfront.net\/12\/2019\/05\/Traffic-Lights-CVR-profimedia-0405192691.jpg\",\"contentUrl\":\"https:\/\/d2p6e6u75xmxt8.cloudfront.net\/12\/2019\/05\/Traffic-Lights-CVR-profimedia-0405192691.jpg\",\"width\":1366,\"height\":600},{\"@type\":\"BreadcrumbList\",\"@id\":\"https:\/\/www.welovecycling.com\/hu\/varosi-kerekparozas\/az-uj-bike-connect-app-zoldre-valtja-a-kozlekedesi-lampakat-a-kerekparosok-szamara\/#breadcrumb\",\"itemListElement\":[{\"@type\":\"ListItem\",\"position\":1,\"name\":\"Home\",\"item\":\"https:\/\/www.welovecycling.com\/hu\/\"},{\"@type\":\"ListItem\",\"position\":2,\"name\":\"Az \u00faj &#8220;Bike Connect&#8221; app z\u00f6ldre v\u00e1ltja a k\u00f6zleked\u00e9si l\u00e1mp\u00e1kat a ker\u00e9kp\u00e1rosok sz\u00e1m\u00e1ra\"}]},{\"@type\":\"WebSite\",\"@id\":\"https:\/\/www.welovecycling.com\/hu\/#website\",\"url\":\"https:\/\/www.welovecycling.com\/hu\/\",\"name\":\"\u0160koda We Love Cycling - Magyarorsz\u00e1g\",\"description\":\"\u0160koda WeLoveCycling\",\"potentialAction\":[{\"@type\":\"SearchAction\",\"target\":{\"@type\":\"EntryPoint\",\"urlTemplate\":\"https:\/\/www.welovecycling.com\/hu\/?s={search_term_string}\"},\"query-input\":{\"@type\":\"PropertyValueSpecification\",\"valueRequired\":true,\"valueName\":\"search_term_string\"}}],\"inLanguage\":\"hu\"},{\"@type\":\"Person\",\"@id\":\"https:\/\/www.welovecycling.com\/hu\/#\/schema\/person\/414a2aebf1801691a5320edb6468e194\",\"name\":\"hegyizs\",\"image\":{\"@type\":\"ImageObject\",\"inLanguage\":\"hu\",\"@id\":\"https:\/\/www.welovecycling.com\/hu\/#\/schema\/person\/image\/\",\"url\":\"https:\/\/secure.gravatar.com\/avatar\/02cf8a7906b8cf90cecb4679defac7cfd33a1c2e3b88e4903d947f3bb58eedd3?s=96&d=mm&r=g\",\"contentUrl\":\"https:\/\/secure.gravatar.com\/avatar\/02cf8a7906b8cf90cecb4679defac7cfd33a1c2e3b88e4903d947f3bb58eedd3?s=96&d=mm&r=g\",\"caption\":\"hegyizs\"},\"url\":\"https:\/\/www.welovecycling.com\/hu\/author\/hegyizs\/\"}]}<\/script>\n<!-- \/ Yoast SEO Premium plugin. -->","yoast_head_json":{"title":"Az \u00faj \"Bike Connect\" app z\u00f6ldre v\u00e1ltja a k\u00f6zleked\u00e9si l\u00e1mp\u00e1kat a ker\u00e9kp\u00e1rosok sz\u00e1m\u00e1ra - \u0160koda We Love Cycling - Magyarorsz\u00e1g","robots":{"index":"index","follow":"follow","max-snippet":"max-snippet:-1","max-image-preview":"max-image-preview:large","max-video-preview":"max-video-preview:-1"},"canonical":"https:\/\/www.welovecycling.com\/hu\/varosi-kerekparozas\/az-uj-bike-connect-app-zoldre-valtja-a-kozlekedesi-lampakat-a-kerekparosok-szamara\/","og_locale":"hu_HU","og_type":"article","og_title":"Az \u00faj \"Bike Connect\" app z\u00f6ldre v\u00e1ltja a k\u00f6zleked\u00e9si l\u00e1mp\u00e1kat a ker\u00e9kp\u00e1rosok sz\u00e1m\u00e1ra","og_description":"200 amerikai doll\u00e1r. Ennyibe ker\u00fcl egy potenci\u00e1lis v\u00e1ltoz\u00e1sokat \u00edg\u00e9r\u0151 alkalmaz\u00e1s l\u00e9trehoz\u00e1sa, amely &#8220;z\u00f6ld hull\u00e1mot&#8221; eredm\u00e9nyezne a v\u00e1rosban ker\u00e9kp\u00e1roz\u00f3k sz\u00e1m\u00e1ra.","og_url":"https:\/\/www.welovecycling.com\/hu\/varosi-kerekparozas\/az-uj-bike-connect-app-zoldre-valtja-a-kozlekedesi-lampakat-a-kerekparosok-szamara\/","og_site_name":"\u0160koda We Love Cycling - Magyarorsz\u00e1g","article_publisher":"https:\/\/www.facebook.com\/WeLoveCyclingHungary\/","article_published_time":"2019-05-24T07:00:37+00:00","og_image":[{"width":1366,"height":600,"url":"https:\/\/d2p6e6u75xmxt8.cloudfront.net\/12\/2019\/05\/Traffic-Lights-CVR-profimedia-0405192691.jpg","type":"image\/jpeg"}],"author":"hegyizs","twitter_card":"summary_large_image","twitter_misc":{"Written by":"Monica Buck","Est. reading time":"4"},"schema":{"@context":"https:\/\/schema.org","@graph":[{"@type":"WebPage","@id":"https:\/\/www.welovecycling.com\/hu\/varosi-kerekparozas\/az-uj-bike-connect-app-zoldre-valtja-a-kozlekedesi-lampakat-a-kerekparosok-szamara\/","url":"https:\/\/www.welovecycling.com\/hu\/varosi-kerekparozas\/az-uj-bike-connect-app-zoldre-valtja-a-kozlekedesi-lampakat-a-kerekparosok-szamara\/","name":"Az \u00faj \"Bike Connect\" app z\u00f6ldre v\u00e1ltja a k\u00f6zleked\u00e9si l\u00e1mp\u00e1kat a ker\u00e9kp\u00e1rosok sz\u00e1m\u00e1ra - \u0160koda We Love Cycling - Magyarorsz\u00e1g","isPartOf":{"@id":"https:\/\/www.welovecycling.com\/hu\/#website"},"primaryImageOfPage":{"@id":"https:\/\/www.welovecycling.com\/hu\/varosi-kerekparozas\/az-uj-bike-connect-app-zoldre-valtja-a-kozlekedesi-lampakat-a-kerekparosok-szamara\/#primaryimage"},"image":{"@id":"https:\/\/www.welovecycling.com\/hu\/varosi-kerekparozas\/az-uj-bike-connect-app-zoldre-valtja-a-kozlekedesi-lampakat-a-kerekparosok-szamara\/#primaryimage"},"thumbnailUrl":"https:\/\/d2p6e6u75xmxt8.cloudfront.net\/12\/2019\/05\/Traffic-Lights-CVR-profimedia-0405192691.jpg","datePublished":"2019-05-24T07:00:37+00:00","author":{"@id":"https:\/\/www.welovecycling.com\/hu\/#\/schema\/person\/414a2aebf1801691a5320edb6468e194"},"breadcrumb":{"@id":"https:\/\/www.welovecycling.com\/hu\/varosi-kerekparozas\/az-uj-bike-connect-app-zoldre-valtja-a-kozlekedesi-lampakat-a-kerekparosok-szamara\/#breadcrumb"},"inLanguage":"hu","potentialAction":[{"@type":"ReadAction","target":["https:\/\/www.welovecycling.com\/hu\/varosi-kerekparozas\/az-uj-bike-connect-app-zoldre-valtja-a-kozlekedesi-lampakat-a-kerekparosok-szamara\/"]}]},{"@type":"ImageObject","inLanguage":"hu","@id":"https:\/\/www.welovecycling.com\/hu\/varosi-kerekparozas\/az-uj-bike-connect-app-zoldre-valtja-a-kozlekedesi-lampakat-a-kerekparosok-szamara\/#primaryimage","url":"https:\/\/d2p6e6u75xmxt8.cloudfront.net\/12\/2019\/05\/Traffic-Lights-CVR-profimedia-0405192691.jpg","contentUrl":"https:\/\/d2p6e6u75xmxt8.cloudfront.net\/12\/2019\/05\/Traffic-Lights-CVR-profimedia-0405192691.jpg","width":1366,"height":600},{"@type":"BreadcrumbList","@id":"https:\/\/www.welovecycling.com\/hu\/varosi-kerekparozas\/az-uj-bike-connect-app-zoldre-valtja-a-kozlekedesi-lampakat-a-kerekparosok-szamara\/#breadcrumb","itemListElement":[{"@type":"ListItem","position":1,"name":"Home","item":"https:\/\/www.welovecycling.com\/hu\/"},{"@type":"ListItem","position":2,"name":"Az \u00faj &#8220;Bike Connect&#8221; app z\u00f6ldre v\u00e1ltja a k\u00f6zleked\u00e9si l\u00e1mp\u00e1kat a ker\u00e9kp\u00e1rosok sz\u00e1m\u00e1ra"}]},{"@type":"WebSite","@id":"https:\/\/www.welovecycling.com\/hu\/#website","url":"https:\/\/www.welovecycling.com\/hu\/","name":"\u0160koda We Love Cycling - Magyarorsz\u00e1g","description":"\u0160koda WeLoveCycling","potentialAction":[{"@type":"SearchAction","target":{"@type":"EntryPoint","urlTemplate":"https:\/\/www.welovecycling.com\/hu\/?s={search_term_string}"},"query-input":{"@type":"PropertyValueSpecification","valueRequired":true,"valueName":"search_term_string"}}],"inLanguage":"hu"},{"@type":"Person","@id":"https:\/\/www.welovecycling.com\/hu\/#\/schema\/person\/414a2aebf1801691a5320edb6468e194","name":"hegyizs","image":{"@type":"ImageObject","inLanguage":"hu","@id":"https:\/\/www.welovecycling.com\/hu\/#\/schema\/person\/image\/","url":"https:\/\/secure.gravatar.com\/avatar\/02cf8a7906b8cf90cecb4679defac7cfd33a1c2e3b88e4903d947f3bb58eedd3?s=96&d=mm&r=g","contentUrl":"https:\/\/secure.gravatar.com\/avatar\/02cf8a7906b8cf90cecb4679defac7cfd33a1c2e3b88e4903d947f3bb58eedd3?s=96&d=mm&r=g","caption":"hegyizs"},"url":"https:\/\/www.welovecycling.com\/hu\/author\/hegyizs\/"}]}},"_links":{"self":[{"href":"https:\/\/www.welovecycling.com\/hu\/wp-json\/wp\/v2\/posts\/3365","targetHints":{"allow":["GET"]}}],"collection":[{"href":"https:\/\/www.welovecycling.com\/hu\/wp-json\/wp\/v2\/posts"}],"about":[{"href":"https:\/\/www.welovecycling.com\/hu\/wp-json\/wp\/v2\/types\/post"}],"author":[{"embeddable":true,"href":"https:\/\/www.welovecycling.com\/hu\/wp-json\/wp\/v2\/users\/71"}],"replies":[{"embeddable":true,"href":"https:\/\/www.welovecycling.com\/hu\/wp-json\/wp\/v2\/comments?post=3365"}],"version-history":[{"count":2,"href":"https:\/\/www.welovecycling.com\/hu\/wp-json\/wp\/v2\/posts\/3365\/revisions"}],"predecessor-version":[{"id":3377,"href":"https:\/\/www.welovecycling.com\/hu\/wp-json\/wp\/v2\/posts\/3365\/revisions\/3377"}],"wp:featuredmedia":[{"embeddable":true,"href":"https:\/\/www.welovecycling.com\/hu\/wp-json\/wp\/v2\/media\/3368"}],"wp:attachment":[{"href":"https:\/\/www.welovecycling.com\/hu\/wp-json\/wp\/v2\/media?parent=3365"}],"wp:term":[{"taxonomy":"category","embeddable":true,"href":"https:\/\/www.welovecycling.com\/hu\/wp-json\/wp\/v2\/categories?post=3365"},{"taxonomy":"post_tag","embeddable":true,"href":"https:\/\/www.welovecycling.com\/hu\/wp-json\/wp\/v2\/tags?post=3365"},{"taxonomy":"global-categories","embeddable":true,"href":"https:\/\/www.welovecycling.com\/hu\/wp-json\/wp\/v2\/global-categories?post=3365"}],"curies":[{"name":"wp","href":"https:\/\/api.w.org\/{rel}","templated":true}]}}