{"id":3349,"date":"2019-05-17T08:00:19","date_gmt":"2019-05-17T07:00:19","guid":{"rendered":"https:\/\/www.welovecycling.com\/hu\/?p=3349"},"modified":"2019-05-10T15:00:06","modified_gmt":"2019-05-10T14:00:06","slug":"stefan-schlie-uj-horizontok-az-elektromos-montizasban","status":"publish","type":"post","link":"https:\/\/www.welovecycling.com\/hu\/trekking-mtb\/stefan-schlie-uj-horizontok-az-elektromos-montizasban\/","title":{"rendered":"Stefan Schlie: \u00daj horizontok az elektromos montiz\u00e1sban"},"content":{"rendered":"<p><strong>Egy hossz\u00fa \u00e9s sikeres tri\u00e1l ker\u00e9kp\u00e1ros karriert k\u00f6vet\u0151en, Stefan Schlie lett az egyik els\u0151 a profik k\u00f6z\u00f6tt, aki napi szinten haszn\u00e1lt e-bring\u00e1t. Bosch-nagyk\u00f6vetk\u00e9nt manaps\u00e1g az elektromos monti vil\u00e1g egyik legelismertebb \u00fatt\u00f6r\u0151jek\u00e9nt tartj\u00e1k sz\u00e1mon. Vajon az e-bring\u00e1soknak ugyanazokon az utakon kell j\u00e1rniuk, mint a hagyom\u00e1nyos bicikliseknek?\u00a0 \u00c9s mi az el\u0151ny\u00fck az e-bring\u00e1knak a Nemzetk\u00f6zi Ker\u00e9kp\u00e1ros Sz\u00f6vets\u00e9g Vil\u00e1gkupa sorozat\u00e1n?<\/strong><\/p>\n<p><!--more--><\/p>\n<p><em><strong>Stefan, hogyan ismerkedt\u00e9l meg az e-bring\u00e1z\u00e1ssal?<\/strong><\/em><\/p>\n<p>Ennek j\u00f3 kis t\u00f6rt\u00e9nete van. Tal\u00e1lkoztam Claus Fleischerrel, aki int\u00e9zett egy egyhetes freeride t\u00far\u00e1t az Atlantic Cycling La Palm\u00e1val a Kan\u00e1ri-szigeteken. Miut\u00e1n megtudtam, hogy nem csak lelkes MTB bring\u00e1s, de a Bosch eBike Systems vez\u00e9rigazgat\u00f3ja is, mindenk\u00e9pp ki akartam pr\u00f3b\u00e1lni magam is az e-bring\u00e1t. Visszat\u00e9rve N\u00e9metorsz\u00e1gba, szervezt\u00fcnk egy t\u00far\u00e1t, amit hatalmas el\u00e9gedetts\u00e9ggel fejezt\u00fcnk be. \u00cdgy sz\u00fcletett meg az Uphill Flow kamp\u00e1ny \u00e9s k\u00f6vetkez\u0151 l\u00e9p\u00e9sk\u00e9nt lettem \u00e9n a Bosch \u201earca\u201d.<\/p>\n<figure id=\"attachment_3350\" aria-describedby=\"caption-attachment-3350\" style=\"width: 1377px\" class=\"wp-caption alignnone\"><a href=\"https:\/\/d2p6e6u75xmxt8.cloudfront.net\/12\/2019\/05\/Stefan-Schlie.jpg\"><img loading=\"lazy\" decoding=\"async\" class=\"wp-image-3350 size-full\" src=\"https:\/\/d2p6e6u75xmxt8.cloudfront.net\/12\/2019\/05\/Stefan-Schlie.jpg\" alt=\"\" width=\"1377\" height=\"918\" srcset=\"https:\/\/d2p6e6u75xmxt8.cloudfront.net\/12\/2019\/05\/Stefan-Schlie.jpg 1377w, https:\/\/d2p6e6u75xmxt8.cloudfront.net\/12\/2019\/05\/Stefan-Schlie-300x200.jpg 300w, https:\/\/d2p6e6u75xmxt8.cloudfront.net\/12\/2019\/05\/Stefan-Schlie-768x512.jpg 768w, https:\/\/d2p6e6u75xmxt8.cloudfront.net\/12\/2019\/05\/Stefan-Schlie-1024x683.jpg 1024w, https:\/\/d2p6e6u75xmxt8.cloudfront.net\/12\/2019\/05\/Stefan-Schlie-272x182.jpg 272w\" sizes=\"auto, (max-width: 1377px) 100vw, 1377px\" \/><\/a><figcaption id=\"caption-attachment-3350\" class=\"wp-caption-text\">\u00a9 Ivan Acosta Perez<\/figcaption><\/figure>\n<p><em><strong>Mi volt az els\u0151 benyom\u00e1sod miut\u00e1n kipr\u00f3b\u00e1ltad az e-bring\u00e1t?<\/strong><\/em><\/p>\n<p>Az elektromos MTB \u00e1ltal rengeteg \u00faj lehet\u0151s\u00e9g ny\u00edlik hegynek felfel\u00e9 \u00e9s szinte a lejt\u0151k\u00f6n sem vesz\u00edtesz semmit. Az elektromos MTB siker\u00e9nek nagyj\u00e1b\u00f3l ez az egyik kulcsa. Az\u00e9rt is nagyszer\u0171, mert teljesen \u00faj horizontokat nyit meg. A motor j\u00f3volt\u00e1b\u00f3l \u00faj ter\u00fcleteket fedezhetsz fel libeg\u0151k n\u00e9lk\u00fcl is.\u00a0 A felsoroltak mellett pedig az \u00e1ll\u00f3k\u00e9pess\u00e9ged fejleszt\u00e9s\u00e9nek egy \u00faj m\u00f3dja is lehet.<\/p>\n<p><em><strong>Eml\u00e9kszel m\u00e9g, mit hi\u00e1nyolt\u00e1l a legels\u0151 e-bring\u00e1kon?<\/strong><\/em><\/p>\n<p>Be kell vallanom, hogy minden probl\u00e9ma megold\u00f3dott \u00e9s mostanra az e-bringa m\u00e1r hi\u00e1nytalannak t\u0171nik. M\u00e9g mindig van hova fejl\u0151dni a kieg\u00e9sz\u00edt\u0151 elemek ter\u00e9n, de erre tal\u00e1ltuk ki az elektromos MTB Mode-ot a Boschn\u00e1l, amelyre \u00e9n egy val\u00f3di m\u00e9rf\u00f6ldk\u0151k\u00e9nt tekintek az elektromos montikat illet\u0151en. Ugyan a v\u00e1laszt\u00e9k lehetne sz\u00e9lesebb, de v\u00e1rjuk meg, mit hoz a k\u00f6vetkez\u0151 t\u00edz \u00e9v.<\/p>\n<figure id=\"attachment_3351\" aria-describedby=\"caption-attachment-3351\" style=\"width: 1377px\" class=\"wp-caption alignnone\"><a href=\"https:\/\/d2p6e6u75xmxt8.cloudfront.net\/12\/2019\/05\/Stefan-Schlie-1.jpg\"><img loading=\"lazy\" decoding=\"async\" class=\"wp-image-3351 size-full\" src=\"https:\/\/d2p6e6u75xmxt8.cloudfront.net\/12\/2019\/05\/Stefan-Schlie-1.jpg\" alt=\"\" width=\"1377\" height=\"918\" srcset=\"https:\/\/d2p6e6u75xmxt8.cloudfront.net\/12\/2019\/05\/Stefan-Schlie-1.jpg 1377w, https:\/\/d2p6e6u75xmxt8.cloudfront.net\/12\/2019\/05\/Stefan-Schlie-1-300x200.jpg 300w, https:\/\/d2p6e6u75xmxt8.cloudfront.net\/12\/2019\/05\/Stefan-Schlie-1-768x512.jpg 768w, https:\/\/d2p6e6u75xmxt8.cloudfront.net\/12\/2019\/05\/Stefan-Schlie-1-1024x683.jpg 1024w, https:\/\/d2p6e6u75xmxt8.cloudfront.net\/12\/2019\/05\/Stefan-Schlie-1-272x182.jpg 272w\" sizes=\"auto, (max-width: 1377px) 100vw, 1377px\" \/><\/a><figcaption id=\"caption-attachment-3351\" class=\"wp-caption-text\">\u00a9 Ivan Acosta Perez<\/figcaption><\/figure>\n<p><em><strong>Mit szeretsz az e-bring\u00e1z\u00e1sban?<\/strong><\/em><\/p>\n<p>Mindent. Az elektromos montiz\u00e1s az MTB k\u00f6vetkez\u0151 szintje. Egyszerre sport, fitnesz, f\u00fcggetlens\u00e9g, szabads\u00e1g. Rengeteg \u00e9rv sz\u00f3l mellette.<\/p>\n<p><em><strong>Hogy n\u00e9z ki egy ilyen edz\u00e9sed?<\/strong><\/em><\/p>\n<p>Nincs konkr\u00e9t edz\u00e9stervem. Csak elindulok \u00e9s tekerek. Ha t\u00fal neh\u00e9znek \u00e9rz\u00e9kelem, akkor fokozatot v\u00e1ltok. Els\u0151sorban j\u00f3l akarom \u00e9rezni magam, felfedezek, felder\u00edtek, vizsg\u00e1l\u00f3dok \u00e9s \u00faj hegymenet technik\u00e1kat tal\u00e1lok ki. Ez mind szerepelni fog a k\u00f6nyvemben, ami a Delius Klasing gondoz\u00e1s\u00e1ban jelenik majd meg j\u00falius v\u00e9g\u00e9n.<\/p>\n<p><em><strong>A Nemzetk\u00f6zi Ker\u00e9kp\u00e1ros Sz\u00f6vets\u00e9g (UCI) felvette az e-Enduro Nemzetk\u00f6zi Kupasorozat n\u00e9gy verseny\u00e9t a 2019-es napt\u00e1r\u00e1ba. Mit gondolsz a motoros versenyker\u00e9kp\u00e1rokr\u00f3l?<\/strong><\/em><\/p>\n<p>V\u00e9lem\u00e9nyem szerint, az elektromos montiz\u00e1s lehet, hogy \u00faj szintre emeli az enduro versenyz\u00e9st, amennyiben fontol\u00f3ra veszik a hegymeneti szakaszok bevon\u00e1s\u00e1t. A legfontosabb, hogy az elektromos montiz\u00e1st t\u00e1vol tartsuk a tuningol\u00e1st\u00f3l. A leg\u0151szint\u00e9bben azt gondolom, hogy nem kellene olyan versenyeket rendezn\u00fcnk, amelyek b\u00e1rmif\u00e9le tuningol\u00e1st lehet\u0151v\u00e9 tesznek. Abban a szerencs\u00e9s helyzetben vagyunk, hogy a maximum 25 km\/\u00f3r\u00e1s teljes\u00edtm\u00e9nnyel rendelkez\u0151, g\u00e1zkar n\u00e9lk\u00fcli elektromos montik \u00e9s a pedelec j\u00e1rg\u00e1nyok a ker\u00e9kp\u00e1r kateg\u00f3ri\u00e1ba tartoznak. A versenyek, amelyek csak a gyorsas\u00e1gra vannak ki\u00e9lezve, vesz\u00e9lyesnek t\u0171nnek \u00e9s ak\u00e1r az eg\u00e9sz e-bring\u00e1z\u00e1s meg\u00edt\u00e9l\u00e9s\u00e9t is ronthatj\u00e1k.\u00a0 Rem\u00e9lem, hogy az UCI korl\u00e1tozni fogja a tuningol\u00e1st \u00e9s nem engedi meg, hogy az emberek t\u00f6nkrev\u00e1gj\u00e1k vele ezt a sportot.<\/p>\n<figure id=\"attachment_3352\" aria-describedby=\"caption-attachment-3352\" style=\"width: 1377px\" class=\"wp-caption alignnone\"><a href=\"https:\/\/d2p6e6u75xmxt8.cloudfront.net\/12\/2019\/05\/Stefan-Schlie-2.jpg\"><img loading=\"lazy\" decoding=\"async\" class=\"wp-image-3352 size-full\" src=\"https:\/\/d2p6e6u75xmxt8.cloudfront.net\/12\/2019\/05\/Stefan-Schlie-2.jpg\" alt=\"\" width=\"1377\" height=\"918\" srcset=\"https:\/\/d2p6e6u75xmxt8.cloudfront.net\/12\/2019\/05\/Stefan-Schlie-2.jpg 1377w, https:\/\/d2p6e6u75xmxt8.cloudfront.net\/12\/2019\/05\/Stefan-Schlie-2-300x200.jpg 300w, https:\/\/d2p6e6u75xmxt8.cloudfront.net\/12\/2019\/05\/Stefan-Schlie-2-768x512.jpg 768w, https:\/\/d2p6e6u75xmxt8.cloudfront.net\/12\/2019\/05\/Stefan-Schlie-2-1024x683.jpg 1024w, https:\/\/d2p6e6u75xmxt8.cloudfront.net\/12\/2019\/05\/Stefan-Schlie-2-272x182.jpg 272w\" sizes=\"auto, (max-width: 1377px) 100vw, 1377px\" \/><\/a><figcaption id=\"caption-attachment-3352\" class=\"wp-caption-text\">\u00a9 Ivan Acosta Perez<\/figcaption><\/figure>\n<p><em><strong>Haszn\u00e1lhatj\u00e1k az e-bring\u00e1k \u00e9s a hagyom\u00e1nyos biciklik ugyanazokat az utakat? Nem vesz\u00e9lyes ez b\u00e1rmelyik\u00fck sz\u00e1m\u00e1ra?<\/strong><\/em><\/p>\n<p>Alapvet\u0151en nem lehets\u00e9ges az e-bring\u00e1k kitilt\u00e1sa b\u00e1rmilyen \u00fatr\u00f3l. Az utak haszn\u00e1lat\u00e1t mindenki sz\u00e1m\u00e1ra biztos\u00edtani kell. Az e-bring\u00e1kkal hihetetlen terepen tekerhetsz felfel\u00e9, sz\u00f3val lehetn\u00e9nek p\u00e9ld\u00e1ul egyir\u00e1ny\u00fa utak is a bringa parkokban. Term\u00e9szetesen a downhill p\u00e1ly\u00e1kon nem szabad e-bring\u00e1val felmenni, de ugyanez vonatkozik a t\u00far\u00e1z\u00f3kra \u00e9s a terepfut\u00f3kra is. Jogi szempontb\u00f3l nem tudsz k\u00fcl\u00f6nbs\u00e9get tenni az elektromos \u00e9s a sima MTB k\u00f6z\u00f6tt. Az utak k\u00f6z\u00f6s haszn\u00e1lata is r\u00e9sze a terep etikettnek. Ha megvan a k\u00f6lcs\u00f6n\u00f6s tisztelet minden \u00fathaszn\u00e1l\u00f3 k\u00f6z\u00f6tt, akkor az osztozkod\u00e1s nem szabad, hogy probl\u00e9m\u00e1t okozzon. Sajnos a val\u00f3s\u00e1g azonban el\u00e9g elt\u00e9r\u0151 ett\u0151l, de hiszek benne, hogy a probl\u00e9m\u00e1kra siker\u00fcl megold\u00e1st tal\u00e1lni.<\/p>\n","protected":false},"excerpt":{"rendered":"<p>Egy hossz\u00fa \u00e9s sikeres tri\u00e1l ker\u00e9kp\u00e1ros karriert k\u00f6vet\u0151en, Stefan Schlie lett az egyik els\u0151 a profik k\u00f6z\u00f6tt, aki napi szinten [&hellip;]<\/p>\n","protected":false},"author":71,"featured_media":3354,"comment_status":"open","ping_status":"open","sticky":false,"template":"","format":"standard","meta":{"footnotes":""},"categories":[7],"tags":[],"global-categories":[],"class_list":["post-3349","post","type-post","status-publish","format-standard","has-post-thumbnail","hentry","category-trekking-mtb"],"yoast_head":"<!-- This site is optimized with the Yoast SEO Premium plugin v25.3 (Yoast SEO v25.9) - https:\/\/yoast.com\/wordpress\/plugins\/seo\/ -->\n<title>Stefan Schlie: \u00daj horizontok az elektromos montiz\u00e1sban - \u0160koda We Love Cycling - Magyarorsz\u00e1g<\/title>\n<meta name=\"robots\" content=\"index, follow, max-snippet:-1, max-image-preview:large, max-video-preview:-1\" \/>\n<link rel=\"canonical\" href=\"https:\/\/www.welovecycling.com\/hu\/trekking-mtb\/stefan-schlie-uj-horizontok-az-elektromos-montizasban\/\" \/>\n<meta property=\"og:locale\" content=\"hu_HU\" \/>\n<meta property=\"og:type\" content=\"article\" \/>\n<meta property=\"og:title\" content=\"Stefan Schlie: \u00daj horizontok az elektromos montiz\u00e1sban\" \/>\n<meta property=\"og:description\" content=\"Egy hossz\u00fa \u00e9s sikeres tri\u00e1l ker\u00e9kp\u00e1ros karriert k\u00f6vet\u0151en, Stefan Schlie lett az egyik els\u0151 a profik k\u00f6z\u00f6tt, aki napi szinten [&hellip;]\" \/>\n<meta property=\"og:url\" content=\"https:\/\/www.welovecycling.com\/hu\/trekking-mtb\/stefan-schlie-uj-horizontok-az-elektromos-montizasban\/\" \/>\n<meta property=\"og:site_name\" content=\"\u0160koda We Love Cycling - Magyarorsz\u00e1g\" \/>\n<meta property=\"article:publisher\" content=\"https:\/\/www.facebook.com\/WeLoveCyclingHungary\/\" \/>\n<meta property=\"article:published_time\" content=\"2019-05-17T07:00:19+00:00\" \/>\n<meta property=\"og:image\" content=\"https:\/\/d2p6e6u75xmxt8.cloudfront.net\/12\/2019\/05\/Stefan-Schlie-CVR.jpg\" \/>\n\t<meta property=\"og:image:width\" content=\"1366\" \/>\n\t<meta property=\"og:image:height\" content=\"600\" \/>\n\t<meta property=\"og:image:type\" content=\"image\/jpeg\" \/>\n<meta name=\"author\" content=\"hegyizs\" \/>\n<meta name=\"twitter:card\" content=\"summary_large_image\" \/>\n<meta name=\"twitter:label1\" content=\"Written by\" \/>\n\t<meta name=\"twitter:data1\" content=\"Adam Marsal\" \/>\n\t<meta name=\"twitter:label2\" content=\"Est. reading time\" \/>\n\t<meta name=\"twitter:data2\" content=\"5\" \/>\n<script type=\"application\/ld+json\" class=\"yoast-schema-graph\">{\"@context\":\"https:\/\/schema.org\",\"@graph\":[{\"@type\":\"WebPage\",\"@id\":\"https:\/\/www.welovecycling.com\/hu\/trekking-mtb\/stefan-schlie-uj-horizontok-az-elektromos-montizasban\/\",\"url\":\"https:\/\/www.welovecycling.com\/hu\/trekking-mtb\/stefan-schlie-uj-horizontok-az-elektromos-montizasban\/\",\"name\":\"Stefan Schlie: \u00daj horizontok az elektromos montiz\u00e1sban - \u0160koda We Love Cycling - Magyarorsz\u00e1g\",\"isPartOf\":{\"@id\":\"https:\/\/www.welovecycling.com\/hu\/#website\"},\"primaryImageOfPage\":{\"@id\":\"https:\/\/www.welovecycling.com\/hu\/trekking-mtb\/stefan-schlie-uj-horizontok-az-elektromos-montizasban\/#primaryimage\"},\"image\":{\"@id\":\"https:\/\/www.welovecycling.com\/hu\/trekking-mtb\/stefan-schlie-uj-horizontok-az-elektromos-montizasban\/#primaryimage\"},\"thumbnailUrl\":\"https:\/\/d2p6e6u75xmxt8.cloudfront.net\/12\/2019\/05\/Stefan-Schlie-CVR.jpg\",\"datePublished\":\"2019-05-17T07:00:19+00:00\",\"author\":{\"@id\":\"https:\/\/www.welovecycling.com\/hu\/#\/schema\/person\/414a2aebf1801691a5320edb6468e194\"},\"breadcrumb\":{\"@id\":\"https:\/\/www.welovecycling.com\/hu\/trekking-mtb\/stefan-schlie-uj-horizontok-az-elektromos-montizasban\/#breadcrumb\"},\"inLanguage\":\"hu\",\"potentialAction\":[{\"@type\":\"ReadAction\",\"target\":[\"https:\/\/www.welovecycling.com\/hu\/trekking-mtb\/stefan-schlie-uj-horizontok-az-elektromos-montizasban\/\"]}]},{\"@type\":\"ImageObject\",\"inLanguage\":\"hu\",\"@id\":\"https:\/\/www.welovecycling.com\/hu\/trekking-mtb\/stefan-schlie-uj-horizontok-az-elektromos-montizasban\/#primaryimage\",\"url\":\"https:\/\/d2p6e6u75xmxt8.cloudfront.net\/12\/2019\/05\/Stefan-Schlie-CVR.jpg\",\"contentUrl\":\"https:\/\/d2p6e6u75xmxt8.cloudfront.net\/12\/2019\/05\/Stefan-Schlie-CVR.jpg\",\"width\":1366,\"height\":600},{\"@type\":\"BreadcrumbList\",\"@id\":\"https:\/\/www.welovecycling.com\/hu\/trekking-mtb\/stefan-schlie-uj-horizontok-az-elektromos-montizasban\/#breadcrumb\",\"itemListElement\":[{\"@type\":\"ListItem\",\"position\":1,\"name\":\"Home\",\"item\":\"https:\/\/www.welovecycling.com\/hu\/\"},{\"@type\":\"ListItem\",\"position\":2,\"name\":\"Stefan Schlie: \u00daj horizontok az elektromos montiz\u00e1sban\"}]},{\"@type\":\"WebSite\",\"@id\":\"https:\/\/www.welovecycling.com\/hu\/#website\",\"url\":\"https:\/\/www.welovecycling.com\/hu\/\",\"name\":\"\u0160koda We Love Cycling - Magyarorsz\u00e1g\",\"description\":\"\u0160koda WeLoveCycling\",\"potentialAction\":[{\"@type\":\"SearchAction\",\"target\":{\"@type\":\"EntryPoint\",\"urlTemplate\":\"https:\/\/www.welovecycling.com\/hu\/?s={search_term_string}\"},\"query-input\":{\"@type\":\"PropertyValueSpecification\",\"valueRequired\":true,\"valueName\":\"search_term_string\"}}],\"inLanguage\":\"hu\"},{\"@type\":\"Person\",\"@id\":\"https:\/\/www.welovecycling.com\/hu\/#\/schema\/person\/414a2aebf1801691a5320edb6468e194\",\"name\":\"hegyizs\",\"image\":{\"@type\":\"ImageObject\",\"inLanguage\":\"hu\",\"@id\":\"https:\/\/www.welovecycling.com\/hu\/#\/schema\/person\/image\/\",\"url\":\"https:\/\/secure.gravatar.com\/avatar\/02cf8a7906b8cf90cecb4679defac7cfd33a1c2e3b88e4903d947f3bb58eedd3?s=96&d=mm&r=g\",\"contentUrl\":\"https:\/\/secure.gravatar.com\/avatar\/02cf8a7906b8cf90cecb4679defac7cfd33a1c2e3b88e4903d947f3bb58eedd3?s=96&d=mm&r=g\",\"caption\":\"hegyizs\"},\"url\":\"https:\/\/www.welovecycling.com\/hu\/author\/hegyizs\/\"}]}<\/script>\n<!-- \/ Yoast SEO Premium plugin. -->","yoast_head_json":{"title":"Stefan Schlie: \u00daj horizontok az elektromos montiz\u00e1sban - \u0160koda We Love Cycling - Magyarorsz\u00e1g","robots":{"index":"index","follow":"follow","max-snippet":"max-snippet:-1","max-image-preview":"max-image-preview:large","max-video-preview":"max-video-preview:-1"},"canonical":"https:\/\/www.welovecycling.com\/hu\/trekking-mtb\/stefan-schlie-uj-horizontok-az-elektromos-montizasban\/","og_locale":"hu_HU","og_type":"article","og_title":"Stefan Schlie: \u00daj horizontok az elektromos montiz\u00e1sban","og_description":"Egy hossz\u00fa \u00e9s sikeres tri\u00e1l ker\u00e9kp\u00e1ros karriert k\u00f6vet\u0151en, Stefan Schlie lett az egyik els\u0151 a profik k\u00f6z\u00f6tt, aki napi szinten [&hellip;]","og_url":"https:\/\/www.welovecycling.com\/hu\/trekking-mtb\/stefan-schlie-uj-horizontok-az-elektromos-montizasban\/","og_site_name":"\u0160koda We Love Cycling - Magyarorsz\u00e1g","article_publisher":"https:\/\/www.facebook.com\/WeLoveCyclingHungary\/","article_published_time":"2019-05-17T07:00:19+00:00","og_image":[{"width":1366,"height":600,"url":"https:\/\/d2p6e6u75xmxt8.cloudfront.net\/12\/2019\/05\/Stefan-Schlie-CVR.jpg","type":"image\/jpeg"}],"author":"hegyizs","twitter_card":"summary_large_image","twitter_misc":{"Written by":"Adam Marsal","Est. reading time":"5"},"schema":{"@context":"https:\/\/schema.org","@graph":[{"@type":"WebPage","@id":"https:\/\/www.welovecycling.com\/hu\/trekking-mtb\/stefan-schlie-uj-horizontok-az-elektromos-montizasban\/","url":"https:\/\/www.welovecycling.com\/hu\/trekking-mtb\/stefan-schlie-uj-horizontok-az-elektromos-montizasban\/","name":"Stefan Schlie: \u00daj horizontok az elektromos montiz\u00e1sban - \u0160koda We Love Cycling - Magyarorsz\u00e1g","isPartOf":{"@id":"https:\/\/www.welovecycling.com\/hu\/#website"},"primaryImageOfPage":{"@id":"https:\/\/www.welovecycling.com\/hu\/trekking-mtb\/stefan-schlie-uj-horizontok-az-elektromos-montizasban\/#primaryimage"},"image":{"@id":"https:\/\/www.welovecycling.com\/hu\/trekking-mtb\/stefan-schlie-uj-horizontok-az-elektromos-montizasban\/#primaryimage"},"thumbnailUrl":"https:\/\/d2p6e6u75xmxt8.cloudfront.net\/12\/2019\/05\/Stefan-Schlie-CVR.jpg","datePublished":"2019-05-17T07:00:19+00:00","author":{"@id":"https:\/\/www.welovecycling.com\/hu\/#\/schema\/person\/414a2aebf1801691a5320edb6468e194"},"breadcrumb":{"@id":"https:\/\/www.welovecycling.com\/hu\/trekking-mtb\/stefan-schlie-uj-horizontok-az-elektromos-montizasban\/#breadcrumb"},"inLanguage":"hu","potentialAction":[{"@type":"ReadAction","target":["https:\/\/www.welovecycling.com\/hu\/trekking-mtb\/stefan-schlie-uj-horizontok-az-elektromos-montizasban\/"]}]},{"@type":"ImageObject","inLanguage":"hu","@id":"https:\/\/www.welovecycling.com\/hu\/trekking-mtb\/stefan-schlie-uj-horizontok-az-elektromos-montizasban\/#primaryimage","url":"https:\/\/d2p6e6u75xmxt8.cloudfront.net\/12\/2019\/05\/Stefan-Schlie-CVR.jpg","contentUrl":"https:\/\/d2p6e6u75xmxt8.cloudfront.net\/12\/2019\/05\/Stefan-Schlie-CVR.jpg","width":1366,"height":600},{"@type":"BreadcrumbList","@id":"https:\/\/www.welovecycling.com\/hu\/trekking-mtb\/stefan-schlie-uj-horizontok-az-elektromos-montizasban\/#breadcrumb","itemListElement":[{"@type":"ListItem","position":1,"name":"Home","item":"https:\/\/www.welovecycling.com\/hu\/"},{"@type":"ListItem","position":2,"name":"Stefan Schlie: \u00daj horizontok az elektromos montiz\u00e1sban"}]},{"@type":"WebSite","@id":"https:\/\/www.welovecycling.com\/hu\/#website","url":"https:\/\/www.welovecycling.com\/hu\/","name":"\u0160koda We Love Cycling - Magyarorsz\u00e1g","description":"\u0160koda WeLoveCycling","potentialAction":[{"@type":"SearchAction","target":{"@type":"EntryPoint","urlTemplate":"https:\/\/www.welovecycling.com\/hu\/?s={search_term_string}"},"query-input":{"@type":"PropertyValueSpecification","valueRequired":true,"valueName":"search_term_string"}}],"inLanguage":"hu"},{"@type":"Person","@id":"https:\/\/www.welovecycling.com\/hu\/#\/schema\/person\/414a2aebf1801691a5320edb6468e194","name":"hegyizs","image":{"@type":"ImageObject","inLanguage":"hu","@id":"https:\/\/www.welovecycling.com\/hu\/#\/schema\/person\/image\/","url":"https:\/\/secure.gravatar.com\/avatar\/02cf8a7906b8cf90cecb4679defac7cfd33a1c2e3b88e4903d947f3bb58eedd3?s=96&d=mm&r=g","contentUrl":"https:\/\/secure.gravatar.com\/avatar\/02cf8a7906b8cf90cecb4679defac7cfd33a1c2e3b88e4903d947f3bb58eedd3?s=96&d=mm&r=g","caption":"hegyizs"},"url":"https:\/\/www.welovecycling.com\/hu\/author\/hegyizs\/"}]}},"_links":{"self":[{"href":"https:\/\/www.welovecycling.com\/hu\/wp-json\/wp\/v2\/posts\/3349","targetHints":{"allow":["GET"]}}],"collection":[{"href":"https:\/\/www.welovecycling.com\/hu\/wp-json\/wp\/v2\/posts"}],"about":[{"href":"https:\/\/www.welovecycling.com\/hu\/wp-json\/wp\/v2\/types\/post"}],"author":[{"embeddable":true,"href":"https:\/\/www.welovecycling.com\/hu\/wp-json\/wp\/v2\/users\/71"}],"replies":[{"embeddable":true,"href":"https:\/\/www.welovecycling.com\/hu\/wp-json\/wp\/v2\/comments?post=3349"}],"version-history":[{"count":2,"href":"https:\/\/www.welovecycling.com\/hu\/wp-json\/wp\/v2\/posts\/3349\/revisions"}],"predecessor-version":[{"id":3357,"href":"https:\/\/www.welovecycling.com\/hu\/wp-json\/wp\/v2\/posts\/3349\/revisions\/3357"}],"wp:featuredmedia":[{"embeddable":true,"href":"https:\/\/www.welovecycling.com\/hu\/wp-json\/wp\/v2\/media\/3354"}],"wp:attachment":[{"href":"https:\/\/www.welovecycling.com\/hu\/wp-json\/wp\/v2\/media?parent=3349"}],"wp:term":[{"taxonomy":"category","embeddable":true,"href":"https:\/\/www.welovecycling.com\/hu\/wp-json\/wp\/v2\/categories?post=3349"},{"taxonomy":"post_tag","embeddable":true,"href":"https:\/\/www.welovecycling.com\/hu\/wp-json\/wp\/v2\/tags?post=3349"},{"taxonomy":"global-categories","embeddable":true,"href":"https:\/\/www.welovecycling.com\/hu\/wp-json\/wp\/v2\/global-categories?post=3349"}],"curies":[{"name":"wp","href":"https:\/\/api.w.org\/{rel}","templated":true}]}}