{"id":3344,"date":"2019-05-19T08:00:11","date_gmt":"2019-05-19T07:00:11","guid":{"rendered":"https:\/\/www.welovecycling.com\/hu\/?p=3344"},"modified":"2019-05-10T15:01:03","modified_gmt":"2019-05-10T14:01:03","slug":"a-hideghaboru-idejen-diadalmaskodo-megis-elfeledett-amerikai","status":"publish","type":"post","link":"https:\/\/www.welovecycling.com\/hu\/kozosseg-es-kultura\/a-hideghaboru-idejen-diadalmaskodo-megis-elfeledett-amerikai\/","title":{"rendered":"A hidegh\u00e1bor\u00fa idej\u00e9n diadalmaskod\u00f3, m\u00e9gis elfeledett amerikai"},"content":{"rendered":"<p><strong>Audrey McElmury volt az els\u0151 amerikai, aki orsz\u00e1g\u00fati ker\u00e9kp\u00e1roz\u00e1sban vil\u00e1gbajnok lett. A haz\u00e1j\u00e1ban nem igaz\u00e1n figyelt fel r\u00e1 senki, pedig a gy\u0151zelm\u00e9nek komoly szimbolikus jelent\u0151s\u00e9ge volt a k\u00f6z\u00f6ns\u00e9g sz\u00e1m\u00e1ra is.<\/strong><\/p>\n<p><!--more--><\/p>\n<p>A t\u00f6rt\u00e9net eg\u00e9szen a hidegh\u00e1bor\u00faig ny\u00falik vissza. Eg\u00e9szen pontosan 1969-ig. Ez volt az az \u00e9v, amikor a n\u0151i ker\u00e9kp\u00e1ros vil\u00e1gbajnoks\u00e1got az akkori Csehszlov\u00e1ki\u00e1ban rendezt\u00e9k. Abban a Csehszlov\u00e1ki\u00e1ban, amelyet \u00e9pp egy \u00e9vvel el\u0151tte, bar\u00e1ti seg\u00edts\u00e9g c\u00edmsz\u00f3 alatt elfoglaltak az szovjet tankok, majd l\u00e9trehoztak egy b\u00e1bkorm\u00e1nyt. A fesz\u00fclts\u00e9g tapinthat\u00f3 volt mindenhol az orsz\u00e1gban.<\/p>\n<p><a href=\"https:\/\/d2p6e6u75xmxt8.cloudfront.net\/12\/2019\/05\/Audrey-McElmury-Brno-1.jpg\"><img loading=\"lazy\" decoding=\"async\" class=\"alignnone size-full wp-image-3345\" src=\"https:\/\/d2p6e6u75xmxt8.cloudfront.net\/12\/2019\/05\/Audrey-McElmury-Brno-1.jpg\" alt=\"\" width=\"668\" height=\"456\" srcset=\"https:\/\/d2p6e6u75xmxt8.cloudfront.net\/12\/2019\/05\/Audrey-McElmury-Brno-1.jpg 668w, https:\/\/d2p6e6u75xmxt8.cloudfront.net\/12\/2019\/05\/Audrey-McElmury-Brno-1-300x205.jpg 300w\" sizes=\"auto, (max-width: 668px) 100vw, 668px\" \/><\/a><\/p>\n<p>Ez m\u00e1r b\u0151ven el\u00e9g lett volna hozz\u00e1, hogy b\u00e1rkit elrettentsen, de ezt az elsz\u00e1nt \u00e9desany\u00e1t, aki \u00e9letet adott m\u00e1r egy kisfi\u00fanak, nem volt olyan egyszer\u0171 megf\u00e9leml\u00edteni. Nem sokkal Csehszlov\u00e1ki\u00e1ba \u00e9rkez\u00e9se el\u0151tt fel\u00e1ll\u00edtotta az egy\u00f3r\u00e1s ker\u00e9kp\u00e1roz\u00e1s orsz\u00e1gos rekordj\u00e1t, amit\u0151l \u00e9rezte, hogy k\u00e9szen \u00e1ll a k\u00f6vetkez\u0151 kih\u00edv\u00e1sra \u00e9s nem hagyja, hogy b\u00e1rmi elt\u00e9r\u00edtse ett\u0151l. McElmury, a dombok nagy ismer\u0151je, elszakadt a t\u00f6bbi versenyz\u0151t\u0151l felfel\u00e9 menet, de azt\u00e1n k\u00f6vetkezett a lejt\u0151. El\u00e9g cs\u00fany\u00e1t esett, de azonnal felkelt \u00e9s visszapattant a nyeregbe. A szakad\u00f3 es\u0151 aznap szerepet j\u00e1tszhatott az es\u00e9s\u00e9ben, de ugyanakkor a sebekre is h\u0171s\u00edt\u0151 hat\u00e1ssal volt. Audrey megszerezte az arany\u00e9rmet \u00e9s beteljes\u00edtette az \u00e1lm\u00e1t.<\/p>\n<p>Nem \u0151 volt az egyetlen boldog ember aznap. A gy\u0151zelme a csehszlov\u00e1kok sz\u00e1m\u00e1ra kicsivel t\u00f6bbet jelentett, mint csup\u00e1n egy \u00e9rem; az USA gy\u0151zelme a Szovjetuni\u00f3 felett olyasmit szimboliz\u00e1lt, amit sokan a politikai \u00e9letben is sz\u00edvesen l\u00e1ttak volna. McElmury diadala lehet\u0151s\u00e9get ny\u00fajtott meg\u00edzlelni, hogy milyen \u00e9rz\u00e9s fel\u00fclkerekedni az elvt\u00e1rsakon.<\/p>\n<figure id=\"attachment_3346\" aria-describedby=\"caption-attachment-3346\" style=\"width: 1024px\" class=\"wp-caption alignnone\"><a href=\"https:\/\/d2p6e6u75xmxt8.cloudfront.net\/2\/2019\/03\/audrey-mcelmury-2.jpg\"><img loading=\"lazy\" decoding=\"async\" class=\"size-large wp-image-3346\" src=\"https:\/\/d2p6e6u75xmxt8.cloudfront.net\/12\/2019\/05\/audrey-mcelmury-2-1024x748.jpg\" alt=\"\" width=\"1024\" height=\"748\" srcset=\"https:\/\/d2p6e6u75xmxt8.cloudfront.net\/12\/2019\/05\/audrey-mcelmury-2.jpg 1024w, https:\/\/d2p6e6u75xmxt8.cloudfront.net\/12\/2019\/05\/audrey-mcelmury-2-300x219.jpg 300w, https:\/\/d2p6e6u75xmxt8.cloudfront.net\/12\/2019\/05\/audrey-mcelmury-2-768x561.jpg 768w\" sizes=\"auto, (max-width: 1024px) 100vw, 1024px\" \/><\/a><figcaption id=\"caption-attachment-3346\" class=\"wp-caption-text\"><em>Audrey a k\u00e9p bal oldal\u00e1n.<\/em><\/figcaption><\/figure>\n<p>Sok m\u00e1s t\u00f6rt\u00e9net tov\u00e1bbi h\u0151sies sikerek r\u00e9szletez\u00e9s\u00e9vel folytat\u00f3dna innen. Ez a t\u00f6rt\u00e9net viszont sokkal emberibb fordulatot vett. Audrey depresszi\u00f3s lett \u00e9s elkezdte kihagyni a versenyeket. Nem hagyta nyugodni egy nagy dilemma; haza k\u00e9ne-e mennie a f\u00e9rj\u00e9hez \u00e9s a fi\u00e1hoz vagy folytassa ink\u00e1bb a profi ker\u00e9kp\u00e1ros p\u00e1lyafut\u00e1s\u00e1t? A v\u00e9ge v\u00e1l\u00e1s \u00e9s az egyed\u00fcl\u00e1ll\u00f3 anya szerepe lett. \u00c1m mint tudjuk, minden rosszban van valami j\u00f3. McElmury aj\u00e1nlatot kapott, hogy csatlakozzon egy olasz n\u0151i csapathoz. Audrey a fi\u00e1val egy\u00fctt Eur\u00f3p\u00e1ban telepedett le \u00e9s vid\u00e1m olaszokkal kar\u00f6ltve f\u0151\u00e1ll\u00e1s\u00fa ker\u00e9kp\u00e1rosnak \u00e1llt.<\/p>\n<p>Miel\u0151tt visszavonult, egy m\u00e1sik orsz\u00e1gos rekordot is fel\u00e1ll\u00edtott, nevezetesen a 40 kilom\u00e9teres t\u00e1vot az Encino Velodrome-ban, Kaliforni\u00e1ban. Ezt pedig senkinek sem siker\u00fclt megd\u00f6ntenie eg\u00e9szen 1990-ig.\u00a0 Sajnos otthon, Amerik\u00e1ban, a sikerei k\u00f6zel sem v\u00edvtak ki nagy elismer\u00e9st, hiszen Audrey idej\u00e9ben a n\u0151i versenyz\u00e9s m\u00e9g mindig gyerekcip\u0151ben j\u00e1rt. Mire n\u00e9pszer\u0171v\u00e9 v\u00e1lhatott volna, \u0151 m\u00e1r visszavonult.<\/p>\n","protected":false},"excerpt":{"rendered":"<p>Audrey McElmury volt az els\u0151 amerikai, aki orsz\u00e1g\u00fati ker\u00e9kp\u00e1roz\u00e1sban vil\u00e1gbajnok lett. A haz\u00e1j\u00e1ban nem igaz\u00e1n figyelt fel r\u00e1 senki, pedig [&hellip;]<\/p>\n","protected":false},"author":71,"featured_media":3348,"comment_status":"open","ping_status":"open","sticky":false,"template":"","format":"standard","meta":{"footnotes":""},"categories":[12],"tags":[],"global-categories":[],"class_list":["post-3344","post","type-post","status-publish","format-standard","has-post-thumbnail","hentry","category-kozosseg-es-kultura"],"yoast_head":"<!-- This site is optimized with the Yoast SEO Premium plugin v25.3 (Yoast SEO v25.9) - https:\/\/yoast.com\/wordpress\/plugins\/seo\/ -->\n<title>A hidegh\u00e1bor\u00fa idej\u00e9n diadalmaskod\u00f3, m\u00e9gis elfeledett amerikai - \u0160koda We Love Cycling - Magyarorsz\u00e1g<\/title>\n<meta name=\"robots\" content=\"index, follow, max-snippet:-1, max-image-preview:large, max-video-preview:-1\" \/>\n<link rel=\"canonical\" href=\"https:\/\/www.welovecycling.com\/hu\/kozosseg-es-kultura\/a-hideghaboru-idejen-diadalmaskodo-megis-elfeledett-amerikai\/\" \/>\n<meta property=\"og:locale\" content=\"hu_HU\" \/>\n<meta property=\"og:type\" content=\"article\" \/>\n<meta property=\"og:title\" content=\"A hidegh\u00e1bor\u00fa idej\u00e9n diadalmaskod\u00f3, m\u00e9gis elfeledett amerikai\" \/>\n<meta property=\"og:description\" content=\"Audrey McElmury volt az els\u0151 amerikai, aki orsz\u00e1g\u00fati ker\u00e9kp\u00e1roz\u00e1sban vil\u00e1gbajnok lett. A haz\u00e1j\u00e1ban nem igaz\u00e1n figyelt fel r\u00e1 senki, pedig [&hellip;]\" \/>\n<meta property=\"og:url\" content=\"https:\/\/www.welovecycling.com\/hu\/kozosseg-es-kultura\/a-hideghaboru-idejen-diadalmaskodo-megis-elfeledett-amerikai\/\" \/>\n<meta property=\"og:site_name\" content=\"\u0160koda We Love Cycling - Magyarorsz\u00e1g\" \/>\n<meta property=\"article:publisher\" content=\"https:\/\/www.facebook.com\/WeLoveCyclingHungary\/\" \/>\n<meta property=\"article:published_time\" content=\"2019-05-19T07:00:11+00:00\" \/>\n<meta property=\"og:image\" content=\"https:\/\/d2p6e6u75xmxt8.cloudfront.net\/12\/2019\/05\/Audrey-McElmury-Championship-CVR.jpg\" \/>\n\t<meta property=\"og:image:width\" content=\"1366\" \/>\n\t<meta property=\"og:image:height\" content=\"600\" \/>\n\t<meta property=\"og:image:type\" content=\"image\/jpeg\" \/>\n<meta name=\"author\" content=\"hegyizs\" \/>\n<meta name=\"twitter:card\" content=\"summary_large_image\" \/>\n<meta name=\"twitter:label1\" content=\"Written by\" \/>\n\t<meta name=\"twitter:data1\" content=\"Tereza Antonov\u00e1\" \/>\n\t<meta name=\"twitter:label2\" content=\"Est. reading time\" \/>\n\t<meta name=\"twitter:data2\" content=\"4\" \/>\n<script type=\"application\/ld+json\" class=\"yoast-schema-graph\">{\"@context\":\"https:\/\/schema.org\",\"@graph\":[{\"@type\":\"WebPage\",\"@id\":\"https:\/\/www.welovecycling.com\/hu\/kozosseg-es-kultura\/a-hideghaboru-idejen-diadalmaskodo-megis-elfeledett-amerikai\/\",\"url\":\"https:\/\/www.welovecycling.com\/hu\/kozosseg-es-kultura\/a-hideghaboru-idejen-diadalmaskodo-megis-elfeledett-amerikai\/\",\"name\":\"A hidegh\u00e1bor\u00fa idej\u00e9n diadalmaskod\u00f3, m\u00e9gis elfeledett amerikai - \u0160koda We Love Cycling - Magyarorsz\u00e1g\",\"isPartOf\":{\"@id\":\"https:\/\/www.welovecycling.com\/hu\/#website\"},\"primaryImageOfPage\":{\"@id\":\"https:\/\/www.welovecycling.com\/hu\/kozosseg-es-kultura\/a-hideghaboru-idejen-diadalmaskodo-megis-elfeledett-amerikai\/#primaryimage\"},\"image\":{\"@id\":\"https:\/\/www.welovecycling.com\/hu\/kozosseg-es-kultura\/a-hideghaboru-idejen-diadalmaskodo-megis-elfeledett-amerikai\/#primaryimage\"},\"thumbnailUrl\":\"https:\/\/d2p6e6u75xmxt8.cloudfront.net\/12\/2019\/05\/Audrey-McElmury-Championship-CVR.jpg\",\"datePublished\":\"2019-05-19T07:00:11+00:00\",\"author\":{\"@id\":\"https:\/\/www.welovecycling.com\/hu\/#\/schema\/person\/414a2aebf1801691a5320edb6468e194\"},\"breadcrumb\":{\"@id\":\"https:\/\/www.welovecycling.com\/hu\/kozosseg-es-kultura\/a-hideghaboru-idejen-diadalmaskodo-megis-elfeledett-amerikai\/#breadcrumb\"},\"inLanguage\":\"hu\",\"potentialAction\":[{\"@type\":\"ReadAction\",\"target\":[\"https:\/\/www.welovecycling.com\/hu\/kozosseg-es-kultura\/a-hideghaboru-idejen-diadalmaskodo-megis-elfeledett-amerikai\/\"]}]},{\"@type\":\"ImageObject\",\"inLanguage\":\"hu\",\"@id\":\"https:\/\/www.welovecycling.com\/hu\/kozosseg-es-kultura\/a-hideghaboru-idejen-diadalmaskodo-megis-elfeledett-amerikai\/#primaryimage\",\"url\":\"https:\/\/d2p6e6u75xmxt8.cloudfront.net\/12\/2019\/05\/Audrey-McElmury-Championship-CVR.jpg\",\"contentUrl\":\"https:\/\/d2p6e6u75xmxt8.cloudfront.net\/12\/2019\/05\/Audrey-McElmury-Championship-CVR.jpg\",\"width\":1366,\"height\":600},{\"@type\":\"BreadcrumbList\",\"@id\":\"https:\/\/www.welovecycling.com\/hu\/kozosseg-es-kultura\/a-hideghaboru-idejen-diadalmaskodo-megis-elfeledett-amerikai\/#breadcrumb\",\"itemListElement\":[{\"@type\":\"ListItem\",\"position\":1,\"name\":\"Home\",\"item\":\"https:\/\/www.welovecycling.com\/hu\/\"},{\"@type\":\"ListItem\",\"position\":2,\"name\":\"A hidegh\u00e1bor\u00fa idej\u00e9n diadalmaskod\u00f3, m\u00e9gis elfeledett amerikai\"}]},{\"@type\":\"WebSite\",\"@id\":\"https:\/\/www.welovecycling.com\/hu\/#website\",\"url\":\"https:\/\/www.welovecycling.com\/hu\/\",\"name\":\"\u0160koda We Love Cycling - Magyarorsz\u00e1g\",\"description\":\"\u0160koda WeLoveCycling\",\"potentialAction\":[{\"@type\":\"SearchAction\",\"target\":{\"@type\":\"EntryPoint\",\"urlTemplate\":\"https:\/\/www.welovecycling.com\/hu\/?s={search_term_string}\"},\"query-input\":{\"@type\":\"PropertyValueSpecification\",\"valueRequired\":true,\"valueName\":\"search_term_string\"}}],\"inLanguage\":\"hu\"},{\"@type\":\"Person\",\"@id\":\"https:\/\/www.welovecycling.com\/hu\/#\/schema\/person\/414a2aebf1801691a5320edb6468e194\",\"name\":\"hegyizs\",\"image\":{\"@type\":\"ImageObject\",\"inLanguage\":\"hu\",\"@id\":\"https:\/\/www.welovecycling.com\/hu\/#\/schema\/person\/image\/\",\"url\":\"https:\/\/secure.gravatar.com\/avatar\/02cf8a7906b8cf90cecb4679defac7cfd33a1c2e3b88e4903d947f3bb58eedd3?s=96&d=mm&r=g\",\"contentUrl\":\"https:\/\/secure.gravatar.com\/avatar\/02cf8a7906b8cf90cecb4679defac7cfd33a1c2e3b88e4903d947f3bb58eedd3?s=96&d=mm&r=g\",\"caption\":\"hegyizs\"},\"url\":\"https:\/\/www.welovecycling.com\/hu\/author\/hegyizs\/\"}]}<\/script>\n<!-- \/ Yoast SEO Premium plugin. -->","yoast_head_json":{"title":"A hidegh\u00e1bor\u00fa idej\u00e9n diadalmaskod\u00f3, m\u00e9gis elfeledett amerikai - \u0160koda We Love Cycling - Magyarorsz\u00e1g","robots":{"index":"index","follow":"follow","max-snippet":"max-snippet:-1","max-image-preview":"max-image-preview:large","max-video-preview":"max-video-preview:-1"},"canonical":"https:\/\/www.welovecycling.com\/hu\/kozosseg-es-kultura\/a-hideghaboru-idejen-diadalmaskodo-megis-elfeledett-amerikai\/","og_locale":"hu_HU","og_type":"article","og_title":"A hidegh\u00e1bor\u00fa idej\u00e9n diadalmaskod\u00f3, m\u00e9gis elfeledett amerikai","og_description":"Audrey McElmury volt az els\u0151 amerikai, aki orsz\u00e1g\u00fati ker\u00e9kp\u00e1roz\u00e1sban vil\u00e1gbajnok lett. A haz\u00e1j\u00e1ban nem igaz\u00e1n figyelt fel r\u00e1 senki, pedig [&hellip;]","og_url":"https:\/\/www.welovecycling.com\/hu\/kozosseg-es-kultura\/a-hideghaboru-idejen-diadalmaskodo-megis-elfeledett-amerikai\/","og_site_name":"\u0160koda We Love Cycling - Magyarorsz\u00e1g","article_publisher":"https:\/\/www.facebook.com\/WeLoveCyclingHungary\/","article_published_time":"2019-05-19T07:00:11+00:00","og_image":[{"width":1366,"height":600,"url":"https:\/\/d2p6e6u75xmxt8.cloudfront.net\/12\/2019\/05\/Audrey-McElmury-Championship-CVR.jpg","type":"image\/jpeg"}],"author":"hegyizs","twitter_card":"summary_large_image","twitter_misc":{"Written by":"Tereza Antonov\u00e1","Est. reading time":"4"},"schema":{"@context":"https:\/\/schema.org","@graph":[{"@type":"WebPage","@id":"https:\/\/www.welovecycling.com\/hu\/kozosseg-es-kultura\/a-hideghaboru-idejen-diadalmaskodo-megis-elfeledett-amerikai\/","url":"https:\/\/www.welovecycling.com\/hu\/kozosseg-es-kultura\/a-hideghaboru-idejen-diadalmaskodo-megis-elfeledett-amerikai\/","name":"A hidegh\u00e1bor\u00fa idej\u00e9n diadalmaskod\u00f3, m\u00e9gis elfeledett amerikai - \u0160koda We Love Cycling - Magyarorsz\u00e1g","isPartOf":{"@id":"https:\/\/www.welovecycling.com\/hu\/#website"},"primaryImageOfPage":{"@id":"https:\/\/www.welovecycling.com\/hu\/kozosseg-es-kultura\/a-hideghaboru-idejen-diadalmaskodo-megis-elfeledett-amerikai\/#primaryimage"},"image":{"@id":"https:\/\/www.welovecycling.com\/hu\/kozosseg-es-kultura\/a-hideghaboru-idejen-diadalmaskodo-megis-elfeledett-amerikai\/#primaryimage"},"thumbnailUrl":"https:\/\/d2p6e6u75xmxt8.cloudfront.net\/12\/2019\/05\/Audrey-McElmury-Championship-CVR.jpg","datePublished":"2019-05-19T07:00:11+00:00","author":{"@id":"https:\/\/www.welovecycling.com\/hu\/#\/schema\/person\/414a2aebf1801691a5320edb6468e194"},"breadcrumb":{"@id":"https:\/\/www.welovecycling.com\/hu\/kozosseg-es-kultura\/a-hideghaboru-idejen-diadalmaskodo-megis-elfeledett-amerikai\/#breadcrumb"},"inLanguage":"hu","potentialAction":[{"@type":"ReadAction","target":["https:\/\/www.welovecycling.com\/hu\/kozosseg-es-kultura\/a-hideghaboru-idejen-diadalmaskodo-megis-elfeledett-amerikai\/"]}]},{"@type":"ImageObject","inLanguage":"hu","@id":"https:\/\/www.welovecycling.com\/hu\/kozosseg-es-kultura\/a-hideghaboru-idejen-diadalmaskodo-megis-elfeledett-amerikai\/#primaryimage","url":"https:\/\/d2p6e6u75xmxt8.cloudfront.net\/12\/2019\/05\/Audrey-McElmury-Championship-CVR.jpg","contentUrl":"https:\/\/d2p6e6u75xmxt8.cloudfront.net\/12\/2019\/05\/Audrey-McElmury-Championship-CVR.jpg","width":1366,"height":600},{"@type":"BreadcrumbList","@id":"https:\/\/www.welovecycling.com\/hu\/kozosseg-es-kultura\/a-hideghaboru-idejen-diadalmaskodo-megis-elfeledett-amerikai\/#breadcrumb","itemListElement":[{"@type":"ListItem","position":1,"name":"Home","item":"https:\/\/www.welovecycling.com\/hu\/"},{"@type":"ListItem","position":2,"name":"A hidegh\u00e1bor\u00fa idej\u00e9n diadalmaskod\u00f3, m\u00e9gis elfeledett amerikai"}]},{"@type":"WebSite","@id":"https:\/\/www.welovecycling.com\/hu\/#website","url":"https:\/\/www.welovecycling.com\/hu\/","name":"\u0160koda We Love Cycling - Magyarorsz\u00e1g","description":"\u0160koda WeLoveCycling","potentialAction":[{"@type":"SearchAction","target":{"@type":"EntryPoint","urlTemplate":"https:\/\/www.welovecycling.com\/hu\/?s={search_term_string}"},"query-input":{"@type":"PropertyValueSpecification","valueRequired":true,"valueName":"search_term_string"}}],"inLanguage":"hu"},{"@type":"Person","@id":"https:\/\/www.welovecycling.com\/hu\/#\/schema\/person\/414a2aebf1801691a5320edb6468e194","name":"hegyizs","image":{"@type":"ImageObject","inLanguage":"hu","@id":"https:\/\/www.welovecycling.com\/hu\/#\/schema\/person\/image\/","url":"https:\/\/secure.gravatar.com\/avatar\/02cf8a7906b8cf90cecb4679defac7cfd33a1c2e3b88e4903d947f3bb58eedd3?s=96&d=mm&r=g","contentUrl":"https:\/\/secure.gravatar.com\/avatar\/02cf8a7906b8cf90cecb4679defac7cfd33a1c2e3b88e4903d947f3bb58eedd3?s=96&d=mm&r=g","caption":"hegyizs"},"url":"https:\/\/www.welovecycling.com\/hu\/author\/hegyizs\/"}]}},"_links":{"self":[{"href":"https:\/\/www.welovecycling.com\/hu\/wp-json\/wp\/v2\/posts\/3344","targetHints":{"allow":["GET"]}}],"collection":[{"href":"https:\/\/www.welovecycling.com\/hu\/wp-json\/wp\/v2\/posts"}],"about":[{"href":"https:\/\/www.welovecycling.com\/hu\/wp-json\/wp\/v2\/types\/post"}],"author":[{"embeddable":true,"href":"https:\/\/www.welovecycling.com\/hu\/wp-json\/wp\/v2\/users\/71"}],"replies":[{"embeddable":true,"href":"https:\/\/www.welovecycling.com\/hu\/wp-json\/wp\/v2\/comments?post=3344"}],"version-history":[{"count":2,"href":"https:\/\/www.welovecycling.com\/hu\/wp-json\/wp\/v2\/posts\/3344\/revisions"}],"predecessor-version":[{"id":3356,"href":"https:\/\/www.welovecycling.com\/hu\/wp-json\/wp\/v2\/posts\/3344\/revisions\/3356"}],"wp:featuredmedia":[{"embeddable":true,"href":"https:\/\/www.welovecycling.com\/hu\/wp-json\/wp\/v2\/media\/3348"}],"wp:attachment":[{"href":"https:\/\/www.welovecycling.com\/hu\/wp-json\/wp\/v2\/media?parent=3344"}],"wp:term":[{"taxonomy":"category","embeddable":true,"href":"https:\/\/www.welovecycling.com\/hu\/wp-json\/wp\/v2\/categories?post=3344"},{"taxonomy":"post_tag","embeddable":true,"href":"https:\/\/www.welovecycling.com\/hu\/wp-json\/wp\/v2\/tags?post=3344"},{"taxonomy":"global-categories","embeddable":true,"href":"https:\/\/www.welovecycling.com\/hu\/wp-json\/wp\/v2\/global-categories?post=3344"}],"curies":[{"name":"wp","href":"https:\/\/api.w.org\/{rel}","templated":true}]}}