{"id":3330,"date":"2019-05-13T08:00:55","date_gmt":"2019-05-13T07:00:55","guid":{"rendered":"https:\/\/www.welovecycling.com\/hu\/?p=3330"},"modified":"2019-05-10T14:55:43","modified_gmt":"2019-05-10T13:55:43","slug":"barcsak-szoltak-volna-errol-mielott-kerekparozni-kezdtem","status":"publish","type":"post","link":"https:\/\/www.welovecycling.com\/hu\/kozosseg-es-kultura\/barcsak-szoltak-volna-errol-mielott-kerekparozni-kezdtem\/","title":{"rendered":"B\u00e1rcsak sz\u00f3ltak volna err\u0151l, miel\u0151tt ker\u00e9kp\u00e1rozni kezdtem"},"content":{"rendered":"<p><strong>Ha m\u00e1r belej\u00f6tt\u00fcnk a ker\u00e9kp\u00e1roz\u00e1sba neh\u00e9z belek\u00e9pzelni magunkat egy k\u00fcszk\u00f6d\u0151 \u00fajonc hely\u00e9be, aki az els\u0151 kereket \u00e9s vill\u00e1t ford\u00edtott \u00e1ll\u00e1sban tartva pr\u00f3b\u00e1l elindulni. Amint a p\u00e1rn\u00e1zott Lycra szinte a m\u00e1sodik b\u0151r\u00fcnkk\u00e9 v\u00e1lik, a kezdeti izgalom, amit a k\u00f6ny\u00f6rtelen anyaggal val\u00f3 els\u0151 tal\u00e1lkoz\u00e1s miatt \u00e9rz\u00fcnk, m\u00e1r csak egy t\u00e1voli eml\u00e9k. Mindenesetre fontos, hogy \u00e9szben tartsuk, hogy valamikor mindenki kezd\u0151 volt. Az \u00faj szezon meg\u00fcnnepl\u00e9s\u00e9re \u00f6sszegy\u0171jt\u00f6tt\u00fcnk n\u00e9h\u00e1ny k\u00ednos eml\u00e9ket ker\u00e9kp\u00e1rosokt\u00f3l, a kezd\u0151 id\u0151szak neh\u00e9zs\u00e9geir\u0151l.<\/strong><\/p>\n<h2><!--more--><\/h2>\n<h2><strong>10 ker\u00e9kp\u00e1ros pro-tipp<\/strong><\/h2>\n<p>Ak\u00e1r kezd\u0151 vagy \u00e9s tanuln\u00e1l a tapasztalataikb\u00f3l, vagy csak szenvedn\u00e9l egy j\u00f3t biciklis sorst\u00e1rsakkal k\u00f6z\u00f6sen a ker\u00e9kp\u00e1rozni tanul\u00e1s szerencs\u00e9tlenked\u00e9seir\u0151l, \u00edme egy v\u00e1logat\u00e1s: n\u00e9h\u00e1ny dolog, amelyekr\u0151l b\u00e1r tudtunk volna miel\u0151tt belev\u00e1gtunk!<\/p>\n<h4><strong>A feh\u00e9rnem\u0171 (hi\u00e1ny\u00e1nak) rejt\u00e9lye<\/strong><\/h4>\n<p>Sokatokt\u00f3l hallottunk m\u00e1r err\u0151l, hiszen egy ilyen k\u00e9rd\u00e9s k\u00ednos lehet, f\u0151leg egy ker\u00e9kp\u00e1r\u00fczlet n\u00e9ha megf\u00e9leml\u00edt\u0151 k\u00f6rnyezet\u00e9ben felt\u00e9ve. A. Lansley felid\u00e9zte: \u201eEml\u00e9kszem ezer \u00e9vig fontolgattam, hogy vegyek-e bugyit a biciklis shortom al\u00e1, de t\u00fals\u00e1gosan zavarban voltam ahhoz, hogy megk\u00e9rdezzem err\u0151l a f\u00e9rfiakat az \u00fczletben. Ma m\u00e1r ez az els\u0151, amit a n\u0151i ker\u00e9kp\u00e1roz\u00f3knak elmondok. Nem kell bugyi!\u201d<\/p>\n<p><a href=\"https:\/\/d2p6e6u75xmxt8.cloudfront.net\/12\/2019\/05\/rapha-women-shorts.jpeg\"><img loading=\"lazy\" decoding=\"async\" class=\"size-full wp-image-3331\" src=\"https:\/\/d2p6e6u75xmxt8.cloudfront.net\/12\/2019\/05\/rapha-women-shorts.jpeg\" alt=\"\" width=\"1500\" height=\"844\" srcset=\"https:\/\/d2p6e6u75xmxt8.cloudfront.net\/12\/2019\/05\/rapha-women-shorts.jpeg 1500w, https:\/\/d2p6e6u75xmxt8.cloudfront.net\/12\/2019\/05\/rapha-women-shorts-300x169.jpeg 300w, https:\/\/d2p6e6u75xmxt8.cloudfront.net\/12\/2019\/05\/rapha-women-shorts-768x432.jpeg 768w, https:\/\/d2p6e6u75xmxt8.cloudfront.net\/12\/2019\/05\/rapha-women-shorts-1024x576.jpeg 1024w\" sizes=\"auto, (max-width: 1500px) 100vw, 1500px\" \/><\/a><\/p>\n<h4><strong>Nem kell indok ahhoz, hogy ne viselj feh\u00e9rnem\u0171t<\/strong><\/h4>\n<p>Ha m\u00e1r a biciklis shortokr\u00f3l van sz\u00f3, hab\u00e1r mindenkinek saj\u00e1t mag\u00e1nak kell megtal\u00e1lnia, hogy miben a legk\u00e9nyelmesebb tekerni, F. Radomska szerint a p\u00e1rn\u00e1zott lycra shortok n\u00e9pszer\u0171s\u00e9g\u00e9nek megvan az oka: marha k\u00e9nyelmesek. Ugyanakkor a Lycra fels\u0151r\u00e9sz m\u00e1r nem olyan l\u00e9nyeges. Ha fesz\u00e9lyezve \u00e9rzed magad t\u0151le, szabadon elhagyhatod. T\u00e9gy \u00fagy, ahogy j\u00f3l esik, de ne \u00edt\u00e9ld el a p\u00e1rn\u00e1zott shortot, am\u00edg ki nem pr\u00f3b\u00e1ltad!<\/p>\n<h4><strong>Nem csak ker\u00e9kp\u00e1roz\u00e1s k\u00f6zben lehet meg\u00e1llni egy k\u00e1v\u00e9ra<\/strong><\/h4>\n<p>Sok v\u00e1lasz \u00e9rkezett a cukr\u00e1szd\u00e1k \u00e9s k\u00e1v\u00e9z\u00f3k felfedez\u00e9s\u00e9vel kapcsolatban, \u00e9s ahogy C. Paterson fogalmaz a legjobb alibi egy kis tort\u00e1z\u00e1sra a \u201ebiciklivel j\u00f6ttem id\u00e1ig\u201d. A s\u00f6r szint\u00e9n \u00e9len j\u00e1r a hossz\u00fa ker\u00e9kp\u00e1roz\u00e1s ut\u00e1ni j\u00f3l meg\u00e9rdemelt jutalmak list\u00e1j\u00e1n. \u00c1m j\u00f3 \u00f6tlet, ha taktikusan jutalmazunk. C. Drake tippje: \u201eA s\u00fcti \u00e9s k\u00e1v\u00e9 szuper, de borzalmasak az emelked\u0151k egy kors\u00f3 cider ut\u00e1n.\u201d Megnyugtat\u00e1sul hozz\u00e1f\u0171zte, hogy \u0151 csak tov\u00e1bb\u00edtja az inform\u00e1ci\u00f3t egy bar\u00e1tnak.<\/p>\n<h4><strong>Ne hagyd figyelmen k\u00edv\u00fcl, ha f\u00e1j <\/strong><\/h4>\n<p>Amikor sz\u00f3ba ker\u00fcl, hogy mi az elfogadhat\u00f3 f\u00e1jdalomk\u00fcsz\u00f6b a ker\u00e9kp\u00e1roz\u00e1sban, E. Haigh \u00edgy fogalmaz: \u201eB\u00e1rcsak sz\u00f3lt volna valaki, hogy nem norm\u00e1lis, ha f\u00e1j a nyeregben \u00fclni. Azt gondoltam, ez a ker\u00e9kp\u00e1roz\u00e1ssal j\u00e1r, majd k\u00e9s\u0151bb meggy\u0151z\u0151d\u00e9sem volt, hogy vesebeteg vagyok, annyira f\u00e1jt, ha pisiltem. Kider\u00fclt, hogy csak sim\u00e1n nem volt megfelel\u0151 a nyergem. Ha g\u00f6rnyedsz, vagy t\u00fals\u00e1gosan kih\u00fazod magad, tal\u00e1n csak az\u00e9rt van, mert v\u00e9ded az \u00e1gy\u00e9kod el\u00fcls\u0151 r\u00e9sz\u00e9t. Egy nyeregv\u00e1lt\u00e1s sok mindent helyrehozhat.\u201d A t\u00f6rt\u00e9net tanuls\u00e1ga: az \u00fcl\u0151gum\u00f3id tal\u00e1n sajoghatnak kicsit, de id\u0151vel megszokod majd, \u00e1m el\u0151l nem szabad f\u00e1jnia. S\u00falyos k\u00e1rokat okozhat ezzel. Sz\u00f3val ink\u00e1bb l\u00e1togass meg egy bicikliszervizt vagy nyereg specialist\u00e1t!<\/p>\n<figure id=\"attachment_3332\" aria-describedby=\"caption-attachment-3332\" style=\"width: 1250px\" class=\"wp-caption alignnone\"><a href=\"https:\/\/d2p6e6u75xmxt8.cloudfront.net\/12\/2019\/05\/Bike-repair-profimedia-0417302724.jpg\"><img loading=\"lazy\" decoding=\"async\" class=\"size-full wp-image-3332\" src=\"https:\/\/d2p6e6u75xmxt8.cloudfront.net\/12\/2019\/05\/Bike-repair-profimedia-0417302724.jpg\" alt=\"\" width=\"1250\" height=\"833\" srcset=\"https:\/\/d2p6e6u75xmxt8.cloudfront.net\/12\/2019\/05\/Bike-repair-profimedia-0417302724.jpg 1250w, https:\/\/d2p6e6u75xmxt8.cloudfront.net\/12\/2019\/05\/Bike-repair-profimedia-0417302724-300x200.jpg 300w, https:\/\/d2p6e6u75xmxt8.cloudfront.net\/12\/2019\/05\/Bike-repair-profimedia-0417302724-768x512.jpg 768w, https:\/\/d2p6e6u75xmxt8.cloudfront.net\/12\/2019\/05\/Bike-repair-profimedia-0417302724-1024x682.jpg 1024w, https:\/\/d2p6e6u75xmxt8.cloudfront.net\/12\/2019\/05\/Bike-repair-profimedia-0417302724-272x182.jpg 272w\" sizes=\"auto, (max-width: 1250px) 100vw, 1250px\" \/><\/a><figcaption id=\"caption-attachment-3332\" class=\"wp-caption-text\">\u00a9\u00a0Profimedia, Stock Budget<\/figcaption><\/figure>\n<h4><strong>Bar\u00e1tkozz \u00f6ssze a ker\u00e9kp\u00e1r-gumijaiddal<\/strong><\/h4>\n<p>Wilson azt tan\u00e1csolja, szentelj\u00fcnk k\u00fcl\u00f6n\u00f6s figyelmet a ker\u00e9kp\u00e1rgumiknak. \u201eB\u00e1rcsak sz\u00f3lt volna valaki a ker\u00e9knyom\u00e1sr\u00f3l! F\u00e9l\u00e9vente egyszer pump\u00e1ltam fel a kerekeimet, de akkor a maximum hat\u00e1rig, ez\u00e9rt gyakran t\u00fals\u00e1gosan k\u00e9nyelmetlenek vagy pedig szinte laposak voltak, \u00e9s rengetegszer kaptam defektet.\u201d Mit tanulhatunk ebb\u0151l? A ker\u00e9knyom\u00e1s fontos, de ritk\u00e1n szabad a maximumig pump\u00e1lni, \u00e9s j\u00f3l j\u00f6het, ha minden elindul\u00e1s el\u0151tt ellen\u0151rz\u00f6d, \u00e9s ahhoz a fel\u00fclethez igaz\u00edtod, ahol tekerni fogsz.<\/p>\n<h4><strong>Gyakorold otthon a jav\u00edt\u00e1st <\/strong><\/h4>\n<p>Ha hossz\u00fa \u00fatra m\u00e9sz, elengedhetetlen, hogy legyen n\u00e1lad egy szersz\u00e1mk\u00e9szlet, amit haszn\u00e1lni is tudsz, ez\u00e9rt jobb, ha azel\u0151tt friss\u00edted fel a tud\u00e1sod, hogy elakadsz az \u00faton. J. Richards hasznos tan\u00e1csa: \u201eOtthon gyakorold, hogyan kell fel- \u00e9s leszerelni a kerekeket \u00e9s ker\u00e9kbels\u0151ket m\u00e9g az els\u0151 defekt el\u0151tt, \u00e9s mindig legyen n\u00e1lad egy kis k\u00e9szp\u00e9nz, mert j\u00f3l j\u00f6het, ha meg\u00e1lltok egy k\u00e1v\u00e9ra vagy ak\u00e1r egy kiszakadt ker\u00e9kgumi megjav\u00edt\u00e1s\u00e1n\u00e1l (haszn\u00e1lhatod a ker\u00e9kbels\u0151 kit\u00fcremked\u00e9s\u00e9nek leszor\u00edt\u00e1s\u00e1ra).\u201d Saj\u00e1t\u00edtsd el a karbantart\u00e1s alapjait \u00e9s b\u00e1rhov\u00e1 tekersz is, k\u00e9pes leszel gondoskodni magadr\u00f3l.<\/p>\n<h4><strong>Ne aggaszon a l\u00e1bf\u00e1j\u00e1s, vagy ha gyalogolnod kell felfel\u00e9<\/strong><\/h4>\n<p>Sok hozz\u00e1sz\u00f3l\u00e1s \u00e9rkezett arr\u00f3l is, hogy milyen meger\u0151ltet\u0151 a ker\u00e9kp\u00e1roz\u00e1s a val\u00f3s\u00e1gban. L. Wambui-nak meg kellett tanulni elfogadnia a l\u00e1bf\u00e1j\u00e1st: \u201eNe \u00e1llj meg, amikor f\u00e1j, ez a dolog nyitja. Amikor kezd\u0151 voltam, amint elkezdett f\u00e1jni a l\u00e1bam, lesz\u00e1lltam a ker\u00e9kp\u00e1rr\u00f3l.\u201d Ezzel a m\u00f3dszerrel nem fejl\u0151dsz t\u00fal sokat, de l\u00e9gy t\u00fcrelmes a testeddel, ahogy F. Riddle mondja: \u201eNe felejtsd, hogy b\u00e1rhov\u00e1 feljuthatsz \u00e9s nem ciki, ha s\u00e9t\u00e1lsz.\u201d<\/p>\n<figure id=\"attachment_3333\" aria-describedby=\"caption-attachment-3333\" style=\"width: 1250px\" class=\"wp-caption alignnone\"><a href=\"https:\/\/d2p6e6u75xmxt8.cloudfront.net\/12\/2019\/05\/Cycling-Club-profimedia-0385869619.jpg\"><img loading=\"lazy\" decoding=\"async\" class=\"size-full wp-image-3333\" src=\"https:\/\/d2p6e6u75xmxt8.cloudfront.net\/12\/2019\/05\/Cycling-Club-profimedia-0385869619.jpg\" alt=\"\" width=\"1250\" height=\"833\" srcset=\"https:\/\/d2p6e6u75xmxt8.cloudfront.net\/12\/2019\/05\/Cycling-Club-profimedia-0385869619.jpg 1250w, https:\/\/d2p6e6u75xmxt8.cloudfront.net\/12\/2019\/05\/Cycling-Club-profimedia-0385869619-300x200.jpg 300w, https:\/\/d2p6e6u75xmxt8.cloudfront.net\/12\/2019\/05\/Cycling-Club-profimedia-0385869619-768x512.jpg 768w, https:\/\/d2p6e6u75xmxt8.cloudfront.net\/12\/2019\/05\/Cycling-Club-profimedia-0385869619-1024x682.jpg 1024w, https:\/\/d2p6e6u75xmxt8.cloudfront.net\/12\/2019\/05\/Cycling-Club-profimedia-0385869619-272x182.jpg 272w\" sizes=\"auto, (max-width: 1250px) 100vw, 1250px\" \/><\/a><figcaption id=\"caption-attachment-3333\" class=\"wp-caption-text\">Ribble Valley Cycling Club &#8211; Lancaster, UK.\u00a0\u00a9 Profimedia, Alamy<\/figcaption><\/figure>\n<h4><strong>Ha kitart\u00f3 vagy fejl\u0151dni fogsz<\/strong><\/h4>\n<p>Ezt lesz\u00f6gezve, K. Granger eml\u00e9keztet minket: \u201eT\u00e9nyleg k\u00f6nnyebb lesz. Az els\u0151 teker\u00e9sembe a klubbal majdnem belehaltam, most pedig ugyanazt a t\u00e1vot heti k\u00e9tszer v\u00e9gigcsin\u00e1lom sz\u00f3rakoz\u00e1sb\u00f3l.\u201d<\/p>\n<h4><strong>Tal\u00e1ld meg a saj\u00e1t st\u00edlusod <\/strong><\/h4>\n<p>Nem csak egy j\u00f3 m\u00f3dja van, hogy javuljon a ker\u00e9kp\u00e1rr\u00f3l alkotott v\u00e9lem\u00e9nyed. Mi az, amir\u0151l A. Bird b\u00e1rcsak kor\u00e1bban tudott volna? \u201eNem kell, hogy dr\u00e1ga biciklid \u00e9s felszerel\u00e9sed legyen, nincs olyan, hogy ide\u00e1lis kin\u00e9zet vagy minimum megtett kilom\u00e9tersz\u00e1m, \u00e9s az sem fontos, hogy egy csoporthoz csatlakozz, vagy let\u00f6ltsd a Strav\u00e1t. Tavaly t\u00fals\u00e1gosan a r\u00e9szletekre koncentr\u00e1ltam \u00e9s emiatt nem tudtam \u00e9lvezni. Visszat\u00e9rtem az alapokhoz, \u00e9s v\u00e9gre \u00fajra j\u00f3l \u00e9rzem magam k\u00e9t ker\u00e9ken.\u201d<\/p>\n<h4><strong>Nem fogod tudni, ha nem k\u00e9rdezed meg <\/strong><\/h4>\n<p>Term\u00e9szetesen ez csak n\u00e9h\u00e1ny a sokf\u00e9le k\u00e9rd\u00e9s k\u00f6z\u00fcl, amik felmer\u00fclhetnek, mik\u00f6zben hozz\u00e1szoksz a ker\u00e9kp\u00e1ros \u00e9lethez. Ne felejtsd, nincs olyan, hogy buta k\u00e9rd\u00e9s! Ezt L. Hurley is meger\u0151s\u00edti: \u201eha egy olyan dolgot k\u00e9ne mondanom, amir\u0151l a ker\u00e9kp\u00e1roz\u00f3k szeretnek besz\u00e9lni, az a ker\u00e9kp\u00e1r \u00e9s b\u00e1rmi, ami hozz\u00e1 k\u00f6thet\u0151\u201d. Ne habozz megk\u00e9rdezni, ha valamiben nem vagy biztos!<\/p>\n<p>Mindent egybev\u00e9ve gondolj arra, hogy a ker\u00e9kp\u00e1roz\u00e1s egyik legjobb r\u00e9sze a k\u00f6z\u00f6ss\u00e9g, ami k\u00f6r\u00fclvesz. Besz\u00e9lgess m\u00e1s ker\u00e9kp\u00e1roz\u00f3kkal, fejleszd az \u00f6nbizalmadat, ismerd meg a bring\u00e1d \u00e9s legf\u0151k\u00e9ppen: sz\u00f3rakozz j\u00f3l!<\/p>\n","protected":false},"excerpt":{"rendered":"<p>Ha m\u00e1r belej\u00f6tt\u00fcnk a ker\u00e9kp\u00e1roz\u00e1sba neh\u00e9z belek\u00e9pzelni magunkat egy k\u00fcszk\u00f6d\u0151 \u00fajonc hely\u00e9be, aki az els\u0151 kereket \u00e9s vill\u00e1t ford\u00edtott \u00e1ll\u00e1sban [&hellip;]<\/p>\n","protected":false},"author":71,"featured_media":3335,"comment_status":"open","ping_status":"open","sticky":false,"template":"","format":"standard","meta":{"footnotes":""},"categories":[12],"tags":[],"global-categories":[],"class_list":["post-3330","post","type-post","status-publish","format-standard","has-post-thumbnail","hentry","category-kozosseg-es-kultura"],"yoast_head":"<!-- This site is optimized with the Yoast SEO Premium plugin v25.3 (Yoast SEO v25.9) - https:\/\/yoast.com\/wordpress\/plugins\/seo\/ -->\n<title>B\u00e1rcsak sz\u00f3ltak volna err\u0151l, miel\u0151tt ker\u00e9kp\u00e1rozni kezdtem - \u0160koda We Love Cycling - Magyarorsz\u00e1g<\/title>\n<meta name=\"robots\" content=\"index, follow, max-snippet:-1, max-image-preview:large, max-video-preview:-1\" \/>\n<link rel=\"canonical\" href=\"https:\/\/www.welovecycling.com\/hu\/kozosseg-es-kultura\/barcsak-szoltak-volna-errol-mielott-kerekparozni-kezdtem\/\" \/>\n<meta property=\"og:locale\" content=\"hu_HU\" \/>\n<meta property=\"og:type\" content=\"article\" \/>\n<meta property=\"og:title\" content=\"B\u00e1rcsak sz\u00f3ltak volna err\u0151l, miel\u0151tt ker\u00e9kp\u00e1rozni kezdtem\" \/>\n<meta property=\"og:description\" content=\"Ha m\u00e1r belej\u00f6tt\u00fcnk a ker\u00e9kp\u00e1roz\u00e1sba neh\u00e9z belek\u00e9pzelni magunkat egy k\u00fcszk\u00f6d\u0151 \u00fajonc hely\u00e9be, aki az els\u0151 kereket \u00e9s vill\u00e1t ford\u00edtott \u00e1ll\u00e1sban [&hellip;]\" \/>\n<meta property=\"og:url\" content=\"https:\/\/www.welovecycling.com\/hu\/kozosseg-es-kultura\/barcsak-szoltak-volna-errol-mielott-kerekparozni-kezdtem\/\" \/>\n<meta property=\"og:site_name\" content=\"\u0160koda We Love Cycling - Magyarorsz\u00e1g\" \/>\n<meta property=\"article:publisher\" content=\"https:\/\/www.facebook.com\/WeLoveCyclingHungary\/\" \/>\n<meta property=\"article:published_time\" content=\"2019-05-13T07:00:55+00:00\" \/>\n<meta property=\"og:image\" content=\"https:\/\/d2p6e6u75xmxt8.cloudfront.net\/12\/2019\/05\/Women-peloton-CVR-profimedia-0389299649-1.jpg\" \/>\n\t<meta property=\"og:image:width\" content=\"1366\" \/>\n\t<meta property=\"og:image:height\" content=\"600\" \/>\n\t<meta property=\"og:image:type\" content=\"image\/jpeg\" \/>\n<meta name=\"author\" content=\"hegyizs\" \/>\n<meta name=\"twitter:card\" content=\"summary_large_image\" \/>\n<meta name=\"twitter:label1\" content=\"Written by\" \/>\n\t<meta name=\"twitter:data1\" content=\"Megan Flottorp\" \/>\n\t<meta name=\"twitter:label2\" content=\"Est. reading time\" \/>\n\t<meta name=\"twitter:data2\" content=\"7\" \/>\n<script type=\"application\/ld+json\" class=\"yoast-schema-graph\">{\"@context\":\"https:\/\/schema.org\",\"@graph\":[{\"@type\":\"WebPage\",\"@id\":\"https:\/\/www.welovecycling.com\/hu\/kozosseg-es-kultura\/barcsak-szoltak-volna-errol-mielott-kerekparozni-kezdtem\/\",\"url\":\"https:\/\/www.welovecycling.com\/hu\/kozosseg-es-kultura\/barcsak-szoltak-volna-errol-mielott-kerekparozni-kezdtem\/\",\"name\":\"B\u00e1rcsak sz\u00f3ltak volna err\u0151l, miel\u0151tt ker\u00e9kp\u00e1rozni kezdtem - \u0160koda We Love Cycling - Magyarorsz\u00e1g\",\"isPartOf\":{\"@id\":\"https:\/\/www.welovecycling.com\/hu\/#website\"},\"primaryImageOfPage\":{\"@id\":\"https:\/\/www.welovecycling.com\/hu\/kozosseg-es-kultura\/barcsak-szoltak-volna-errol-mielott-kerekparozni-kezdtem\/#primaryimage\"},\"image\":{\"@id\":\"https:\/\/www.welovecycling.com\/hu\/kozosseg-es-kultura\/barcsak-szoltak-volna-errol-mielott-kerekparozni-kezdtem\/#primaryimage\"},\"thumbnailUrl\":\"https:\/\/d2p6e6u75xmxt8.cloudfront.net\/12\/2019\/05\/Women-peloton-CVR-profimedia-0389299649-1.jpg\",\"datePublished\":\"2019-05-13T07:00:55+00:00\",\"author\":{\"@id\":\"https:\/\/www.welovecycling.com\/hu\/#\/schema\/person\/414a2aebf1801691a5320edb6468e194\"},\"breadcrumb\":{\"@id\":\"https:\/\/www.welovecycling.com\/hu\/kozosseg-es-kultura\/barcsak-szoltak-volna-errol-mielott-kerekparozni-kezdtem\/#breadcrumb\"},\"inLanguage\":\"hu\",\"potentialAction\":[{\"@type\":\"ReadAction\",\"target\":[\"https:\/\/www.welovecycling.com\/hu\/kozosseg-es-kultura\/barcsak-szoltak-volna-errol-mielott-kerekparozni-kezdtem\/\"]}]},{\"@type\":\"ImageObject\",\"inLanguage\":\"hu\",\"@id\":\"https:\/\/www.welovecycling.com\/hu\/kozosseg-es-kultura\/barcsak-szoltak-volna-errol-mielott-kerekparozni-kezdtem\/#primaryimage\",\"url\":\"https:\/\/d2p6e6u75xmxt8.cloudfront.net\/12\/2019\/05\/Women-peloton-CVR-profimedia-0389299649-1.jpg\",\"contentUrl\":\"https:\/\/d2p6e6u75xmxt8.cloudfront.net\/12\/2019\/05\/Women-peloton-CVR-profimedia-0389299649-1.jpg\",\"width\":1366,\"height\":600},{\"@type\":\"BreadcrumbList\",\"@id\":\"https:\/\/www.welovecycling.com\/hu\/kozosseg-es-kultura\/barcsak-szoltak-volna-errol-mielott-kerekparozni-kezdtem\/#breadcrumb\",\"itemListElement\":[{\"@type\":\"ListItem\",\"position\":1,\"name\":\"Home\",\"item\":\"https:\/\/www.welovecycling.com\/hu\/\"},{\"@type\":\"ListItem\",\"position\":2,\"name\":\"B\u00e1rcsak sz\u00f3ltak volna err\u0151l, miel\u0151tt ker\u00e9kp\u00e1rozni kezdtem\"}]},{\"@type\":\"WebSite\",\"@id\":\"https:\/\/www.welovecycling.com\/hu\/#website\",\"url\":\"https:\/\/www.welovecycling.com\/hu\/\",\"name\":\"\u0160koda We Love Cycling - Magyarorsz\u00e1g\",\"description\":\"\u0160koda WeLoveCycling\",\"potentialAction\":[{\"@type\":\"SearchAction\",\"target\":{\"@type\":\"EntryPoint\",\"urlTemplate\":\"https:\/\/www.welovecycling.com\/hu\/?s={search_term_string}\"},\"query-input\":{\"@type\":\"PropertyValueSpecification\",\"valueRequired\":true,\"valueName\":\"search_term_string\"}}],\"inLanguage\":\"hu\"},{\"@type\":\"Person\",\"@id\":\"https:\/\/www.welovecycling.com\/hu\/#\/schema\/person\/414a2aebf1801691a5320edb6468e194\",\"name\":\"hegyizs\",\"image\":{\"@type\":\"ImageObject\",\"inLanguage\":\"hu\",\"@id\":\"https:\/\/www.welovecycling.com\/hu\/#\/schema\/person\/image\/\",\"url\":\"https:\/\/secure.gravatar.com\/avatar\/02cf8a7906b8cf90cecb4679defac7cfd33a1c2e3b88e4903d947f3bb58eedd3?s=96&d=mm&r=g\",\"contentUrl\":\"https:\/\/secure.gravatar.com\/avatar\/02cf8a7906b8cf90cecb4679defac7cfd33a1c2e3b88e4903d947f3bb58eedd3?s=96&d=mm&r=g\",\"caption\":\"hegyizs\"},\"url\":\"https:\/\/www.welovecycling.com\/hu\/author\/hegyizs\/\"}]}<\/script>\n<!-- \/ Yoast SEO Premium plugin. -->","yoast_head_json":{"title":"B\u00e1rcsak sz\u00f3ltak volna err\u0151l, miel\u0151tt ker\u00e9kp\u00e1rozni kezdtem - \u0160koda We Love Cycling - Magyarorsz\u00e1g","robots":{"index":"index","follow":"follow","max-snippet":"max-snippet:-1","max-image-preview":"max-image-preview:large","max-video-preview":"max-video-preview:-1"},"canonical":"https:\/\/www.welovecycling.com\/hu\/kozosseg-es-kultura\/barcsak-szoltak-volna-errol-mielott-kerekparozni-kezdtem\/","og_locale":"hu_HU","og_type":"article","og_title":"B\u00e1rcsak sz\u00f3ltak volna err\u0151l, miel\u0151tt ker\u00e9kp\u00e1rozni kezdtem","og_description":"Ha m\u00e1r belej\u00f6tt\u00fcnk a ker\u00e9kp\u00e1roz\u00e1sba neh\u00e9z belek\u00e9pzelni magunkat egy k\u00fcszk\u00f6d\u0151 \u00fajonc hely\u00e9be, aki az els\u0151 kereket \u00e9s vill\u00e1t ford\u00edtott \u00e1ll\u00e1sban [&hellip;]","og_url":"https:\/\/www.welovecycling.com\/hu\/kozosseg-es-kultura\/barcsak-szoltak-volna-errol-mielott-kerekparozni-kezdtem\/","og_site_name":"\u0160koda We Love Cycling - Magyarorsz\u00e1g","article_publisher":"https:\/\/www.facebook.com\/WeLoveCyclingHungary\/","article_published_time":"2019-05-13T07:00:55+00:00","og_image":[{"width":1366,"height":600,"url":"https:\/\/d2p6e6u75xmxt8.cloudfront.net\/12\/2019\/05\/Women-peloton-CVR-profimedia-0389299649-1.jpg","type":"image\/jpeg"}],"author":"hegyizs","twitter_card":"summary_large_image","twitter_misc":{"Written by":"Megan Flottorp","Est. reading time":"7"},"schema":{"@context":"https:\/\/schema.org","@graph":[{"@type":"WebPage","@id":"https:\/\/www.welovecycling.com\/hu\/kozosseg-es-kultura\/barcsak-szoltak-volna-errol-mielott-kerekparozni-kezdtem\/","url":"https:\/\/www.welovecycling.com\/hu\/kozosseg-es-kultura\/barcsak-szoltak-volna-errol-mielott-kerekparozni-kezdtem\/","name":"B\u00e1rcsak sz\u00f3ltak volna err\u0151l, miel\u0151tt ker\u00e9kp\u00e1rozni kezdtem - \u0160koda We Love Cycling - Magyarorsz\u00e1g","isPartOf":{"@id":"https:\/\/www.welovecycling.com\/hu\/#website"},"primaryImageOfPage":{"@id":"https:\/\/www.welovecycling.com\/hu\/kozosseg-es-kultura\/barcsak-szoltak-volna-errol-mielott-kerekparozni-kezdtem\/#primaryimage"},"image":{"@id":"https:\/\/www.welovecycling.com\/hu\/kozosseg-es-kultura\/barcsak-szoltak-volna-errol-mielott-kerekparozni-kezdtem\/#primaryimage"},"thumbnailUrl":"https:\/\/d2p6e6u75xmxt8.cloudfront.net\/12\/2019\/05\/Women-peloton-CVR-profimedia-0389299649-1.jpg","datePublished":"2019-05-13T07:00:55+00:00","author":{"@id":"https:\/\/www.welovecycling.com\/hu\/#\/schema\/person\/414a2aebf1801691a5320edb6468e194"},"breadcrumb":{"@id":"https:\/\/www.welovecycling.com\/hu\/kozosseg-es-kultura\/barcsak-szoltak-volna-errol-mielott-kerekparozni-kezdtem\/#breadcrumb"},"inLanguage":"hu","potentialAction":[{"@type":"ReadAction","target":["https:\/\/www.welovecycling.com\/hu\/kozosseg-es-kultura\/barcsak-szoltak-volna-errol-mielott-kerekparozni-kezdtem\/"]}]},{"@type":"ImageObject","inLanguage":"hu","@id":"https:\/\/www.welovecycling.com\/hu\/kozosseg-es-kultura\/barcsak-szoltak-volna-errol-mielott-kerekparozni-kezdtem\/#primaryimage","url":"https:\/\/d2p6e6u75xmxt8.cloudfront.net\/12\/2019\/05\/Women-peloton-CVR-profimedia-0389299649-1.jpg","contentUrl":"https:\/\/d2p6e6u75xmxt8.cloudfront.net\/12\/2019\/05\/Women-peloton-CVR-profimedia-0389299649-1.jpg","width":1366,"height":600},{"@type":"BreadcrumbList","@id":"https:\/\/www.welovecycling.com\/hu\/kozosseg-es-kultura\/barcsak-szoltak-volna-errol-mielott-kerekparozni-kezdtem\/#breadcrumb","itemListElement":[{"@type":"ListItem","position":1,"name":"Home","item":"https:\/\/www.welovecycling.com\/hu\/"},{"@type":"ListItem","position":2,"name":"B\u00e1rcsak sz\u00f3ltak volna err\u0151l, miel\u0151tt ker\u00e9kp\u00e1rozni kezdtem"}]},{"@type":"WebSite","@id":"https:\/\/www.welovecycling.com\/hu\/#website","url":"https:\/\/www.welovecycling.com\/hu\/","name":"\u0160koda We Love Cycling - Magyarorsz\u00e1g","description":"\u0160koda WeLoveCycling","potentialAction":[{"@type":"SearchAction","target":{"@type":"EntryPoint","urlTemplate":"https:\/\/www.welovecycling.com\/hu\/?s={search_term_string}"},"query-input":{"@type":"PropertyValueSpecification","valueRequired":true,"valueName":"search_term_string"}}],"inLanguage":"hu"},{"@type":"Person","@id":"https:\/\/www.welovecycling.com\/hu\/#\/schema\/person\/414a2aebf1801691a5320edb6468e194","name":"hegyizs","image":{"@type":"ImageObject","inLanguage":"hu","@id":"https:\/\/www.welovecycling.com\/hu\/#\/schema\/person\/image\/","url":"https:\/\/secure.gravatar.com\/avatar\/02cf8a7906b8cf90cecb4679defac7cfd33a1c2e3b88e4903d947f3bb58eedd3?s=96&d=mm&r=g","contentUrl":"https:\/\/secure.gravatar.com\/avatar\/02cf8a7906b8cf90cecb4679defac7cfd33a1c2e3b88e4903d947f3bb58eedd3?s=96&d=mm&r=g","caption":"hegyizs"},"url":"https:\/\/www.welovecycling.com\/hu\/author\/hegyizs\/"}]}},"_links":{"self":[{"href":"https:\/\/www.welovecycling.com\/hu\/wp-json\/wp\/v2\/posts\/3330","targetHints":{"allow":["GET"]}}],"collection":[{"href":"https:\/\/www.welovecycling.com\/hu\/wp-json\/wp\/v2\/posts"}],"about":[{"href":"https:\/\/www.welovecycling.com\/hu\/wp-json\/wp\/v2\/types\/post"}],"author":[{"embeddable":true,"href":"https:\/\/www.welovecycling.com\/hu\/wp-json\/wp\/v2\/users\/71"}],"replies":[{"embeddable":true,"href":"https:\/\/www.welovecycling.com\/hu\/wp-json\/wp\/v2\/comments?post=3330"}],"version-history":[{"count":2,"href":"https:\/\/www.welovecycling.com\/hu\/wp-json\/wp\/v2\/posts\/3330\/revisions"}],"predecessor-version":[{"id":3337,"href":"https:\/\/www.welovecycling.com\/hu\/wp-json\/wp\/v2\/posts\/3330\/revisions\/3337"}],"wp:featuredmedia":[{"embeddable":true,"href":"https:\/\/www.welovecycling.com\/hu\/wp-json\/wp\/v2\/media\/3335"}],"wp:attachment":[{"href":"https:\/\/www.welovecycling.com\/hu\/wp-json\/wp\/v2\/media?parent=3330"}],"wp:term":[{"taxonomy":"category","embeddable":true,"href":"https:\/\/www.welovecycling.com\/hu\/wp-json\/wp\/v2\/categories?post=3330"},{"taxonomy":"post_tag","embeddable":true,"href":"https:\/\/www.welovecycling.com\/hu\/wp-json\/wp\/v2\/tags?post=3330"},{"taxonomy":"global-categories","embeddable":true,"href":"https:\/\/www.welovecycling.com\/hu\/wp-json\/wp\/v2\/global-categories?post=3330"}],"curies":[{"name":"wp","href":"https:\/\/api.w.org\/{rel}","templated":true}]}}