{"id":3324,"date":"2019-05-15T08:00:22","date_gmt":"2019-05-15T07:00:22","guid":{"rendered":"https:\/\/www.welovecycling.com\/hu\/?p=3324"},"modified":"2019-05-10T14:57:56","modified_gmt":"2019-05-10T13:57:56","slug":"megserted-a-torvenyt","status":"publish","type":"post","link":"https:\/\/www.welovecycling.com\/hu\/kozosseg-es-kultura\/megserted-a-torvenyt\/","title":{"rendered":"Megs\u00e9rted a t\u00f6rv\u00e9nyt?"},"content":{"rendered":"<p><strong>Olyan sok szab\u00e1ly hat\u00e1rozza meg, hogyan viselkedhet\u00fcnk az utakon, hogy szinte lehetetlen mindet \u00e9szben tartani, ez\u00e9rt t\u00f6bbnyire csak a mag\u00e1t\u00f3l \u00e9rtet\u0151d\u0151kre koncentr\u00e1lunk, amelyek a biztons\u00e1gunkat \u00f3vj\u00e1k. Ilyen p\u00e9ld\u00e1ul az, hogy meg\u00e1llunk a piros l\u00e1mp\u00e1n\u00e1l. \u00c1m, ha k\u00fclf\u00f6ldre utazol, el\u0151fordulhat, hogy esetleg megszegsz n\u00e9h\u00e1ny kev\u00e9sb\u00e9 ismert szab\u00e1lyt.<\/strong><\/p>\n<p><!--more--><\/p>\n<h2><strong>Illinois, USA: Tr\u00fckk\u00f6k kiz\u00e1rva<\/strong><\/h2>\n<p>Nemr\u00e9g, a Peoples\u2019 Votes t\u00fcntet\u00e9s idej\u00e9n, Londonba l\u00e1togattam, ahol <a href=\"https:\/\/www.instagram.com\/p\/BvZJ3jwAh2w\/?utm_source=ig_web_button_share_sheet\">ezt a k\u00e9pet<\/a> l\u0151ttem egy tini biciklis band\u00e1r\u00f3l, ahogy \u00e9pp kihaszn\u00e1lj\u00e1k a m\u00e1r lez\u00e1rt \u00fatszakaszt, m\u00e9g a t\u00fcntet\u0151k megjelen\u00e9se el\u0151tt. Ha azonban az illinoisi Galesburg-ben emelgetn\u00e9k \u00edgy a kerekeiket, k\u00f6nnyen a t\u00f6rv\u00e9ny rossz oldal\u00e1n tal\u00e1ln\u00e1k magukat.<\/p>\n<lite-youtube videoid=nYey3PI3gqM params=\"enablejsapi=1\" style=\"background-image: url('https:\/\/i.ytimg.com\/vi_webp\/nYey3PI3gqM\/maxresdefault.webp');\"><\/lite-youtube>\n<p>A fenti vide\u00f3ban a Tinkoff Team \u00fcgyeletes rosszfi\u00faja, Vittorio Brumotti mutat be sz\u00e1mos olyan technik\u00e1t, amelyek megs\u00e9rten\u00e9k Galesburg azon t\u00f6rv\u00e9ny\u00e9t, amely kimondja, hogy: \u201eegy ker\u00e9kp\u00e1roz\u00f3 sem veheti el egyszerre mindk\u00e9t kez\u00e9t a korm\u00e1nyr\u00f3l, vagy a l\u00e1bait a ped\u00e1lr\u00f3l, valamint nem v\u00e9gezhet akrobatikus gyakorlatokat az utc\u00e1n.\u201d<\/p>\n<h2><strong>Egyes\u00fclt Kir\u00e1lys\u00e1g: Indulatos ker\u00e9kp\u00e1roz\u00e1s<\/strong><\/h2>\n<p>Az \u00e9lsportol\u00f3kn\u00e1l nagy es\u00e9ly van arra, hogy nyom\u00e1s alatt elvesz\u00edtik az \u00f6nuralmukat, \u00e9s ez al\u00f3l a ker\u00e9kp\u00e1roz\u00f3k sem kiv\u00e9telek. Persze nem n\u00e9z\u00fcnk j\u00f3 szemmel semmilyen rossz magaviseletet, de indulatos ker\u00e9kp\u00e1roz\u00e1s alatt nem ezt \u00e9rtj\u00fck. Gondoljunk az angol t\u00f6rv\u00e9nykez\u00e9s r\u00e9gies nyelvezet\u00e9re.<\/p>\n<lite-youtube videoid=bSa5ySgLsSg params=\"enablejsapi=1\" style=\"background-image: url('https:\/\/i.ytimg.com\/vi_webp\/bSa5ySgLsSg\/maxresdefault.webp');\"><\/lite-youtube>\n<p>A fenti vide\u00f3 azt a k\u00e9t j\u00e1rm\u0171vet mutatja, amelyek hat\u00e1s\u00e1ra a \u201ef\u00e9ktelen \u00e9s indulatos\u201d ker\u00e9kp\u00e1roz\u00e1s t\u00f6rv\u00e9nys\u00e9rt\u00e9s lett, 150 \u00e9vvel ezel\u0151tt. Nem vit\u00e1s, hogy a ker\u00e9kp\u00e1ros, aki a l\u00f3 el\u00e9 v\u00e1g, nem besz\u00e9lve az \u0151t k\u00f6r\u00fclvev\u0151 mez\u0151nyr\u0151l, nem ford\u00edt t\u00fal nagy figyelmet a biztons\u00e1gra, vagy m\u00e1s \u00fathaszn\u00e1l\u00f3kra. Ritk\u00e1n, de az angol ker\u00e9kp\u00e1rosokat m\u00e1ig el\u00edt\u00e9lhetik, ha megszegik ezt a t\u00f6rv\u00e9nyt. Legyen ez egy j\u00f3zan\u00edt\u00f3 eml\u00e9keztet\u0151 a k\u00f6telezetts\u00e9geinkre.<\/p>\n<h2><strong>Connecticut, USA: Lefel\u00e9 lassan<br \/>\n<\/strong><\/h2>\n<p>Ha Connecticutban tervezed finom\u00edtani sz\u00e1guld\u00f3 k\u00e9pess\u00e9geidet, akkor j\u00f3l gondold meg! Megfontolt t\u00f6rv\u00e9nyhoz\u00f3k azt k\u00e9rik t\u0151led tisztelettel, hogy ker\u00e9kp\u00e1rod sebess\u00e9g\u00e9t korl\u00e1tozd alig t\u00f6bb, mint 100 km\/h-ra (65mph). Tudom, hogy sokan tekintik ezt a sz\u00e1mot bel\u00e9p\u0151 szintnek, de az amerikai k\u00f6zleked\u00e9si szab\u00e1lyok k\u00f6zismerten k\u00e9nyesek.<\/p>\n<p>https:\/\/www.youtube.com\/watch?v=rZcxikw6wFo<\/p>\n<p>Nem \u00e1rt \u00e9szben tartani, hogy m\u00e9g lez\u00e1rt \u00fatszakaszokon, t\u00f6k\u00e9letes id\u0151j\u00e1r\u00e1si k\u00f6r\u00fclm\u00e9nyek k\u00f6z\u00f6tt okozott baleset is ak\u00e1r egy karrier der\u00e9kba t\u00f6r\u00e9s\u00e9vel j\u00e1rhat. Egy ilyen vide\u00f3t nincs is sz\u00edvem most belinkelni ide. El\u00e9g azt mondani, hogy az a t\u00e9ny, hogy Connecticut sz\u00fcks\u00e9gesnek l\u00e1tta egy ilyen t\u00f6rv\u00e9ny bevezet\u00e9s\u00e9t, sokat el\u00e1rul a connecticuti ker\u00e9kp\u00e1rosokr\u00f3l. A b\u00e1trak f\u00f6ldje, val\u00f3ban. Ker\u00e9kp\u00e1rozzunk biztons\u00e1gosan \u00e9s vigy\u00e1zzunk magunkra!<\/p>\n<p>&nbsp;<\/p>\n<h2><strong>Thaif\u00f6ld: F\u00e9lmeztelen ker\u00e9kp\u00e1roz\u00e1s<\/strong><\/h2>\n<p>Kev\u00e9s olyan forr\u00f3 \u00e9s p\u00e1r\u00e1s leveg\u0151j\u0171 orsz\u00e1g l\u00e9tezik, mint Thaif\u00f6ld. Nem is kell k\u00fcl\u00f6n\u00f6sebb indok ahhoz, hogy elgondolkodj, hogy fels\u0151 n\u00e9lk\u00fcl ugorj le a boltba, vagy \u00edgy menj l\u00e1togat\u00f3ba egy ker\u00e9kp\u00e1rt\u00fara keret\u00e9ben. Csak ne olyan siet\u0151sen \u2013 egy ilyen illetlen h\u00faz\u00e1ssal ak\u00e1r komoly bajba is ker\u00fclhetsz. Val\u00f3sz\u00edn\u0171leg a thai hat\u00f3s\u00e1gok szigor\u00faan megb\u00fcntetn\u00e9nek minden arra ir\u00e1nyul\u00f3 pr\u00f3b\u00e1lkoz\u00e1st, hogy megrendezzenek egy Meztelen Ker\u00e9kp\u00e1ros Vil\u00e1gtal\u00e1lkoz\u00f3t az orsz\u00e1g ter\u00fclet\u00e9n.<\/p>\n<p>https:\/\/www.instagram.com\/p\/Bj01WlLFcyA\/?utm_source=ig_web_copy_link<\/p>\n<p>J\u00f3llehet a szigor\u00fa szab\u00e1lyok ellen\u00e9re, a v\u00e9geredm\u00e9ny csak egy 200 Baht-os b\u00edrs\u00e1g \u2013 nagyj\u00e1b\u00f3l 5 eur\u00f3 &#8211; mindenesetre, \u00e9n ink\u00e1bb tiszteletben tartan\u00e1m. Legal\u00e1bbis ez legyen a ments\u00e9gem arra, hogy megvettem magamnak azt a ker\u00e9kp\u00e1ros fels\u0151t.<\/p>\n","protected":false},"excerpt":{"rendered":"<p>Olyan sok szab\u00e1ly hat\u00e1rozza meg, hogyan viselkedhet\u00fcnk az utakon, hogy szinte lehetetlen mindet \u00e9szben tartani, ez\u00e9rt t\u00f6bbnyire csak a mag\u00e1t\u00f3l [&hellip;]<\/p>\n","protected":false},"author":71,"featured_media":3329,"comment_status":"open","ping_status":"open","sticky":false,"template":"","format":"standard","meta":{"footnotes":""},"categories":[12],"tags":[],"global-categories":[],"class_list":["post-3324","post","type-post","status-publish","format-standard","has-post-thumbnail","hentry","category-kozosseg-es-kultura"],"yoast_head":"<!-- This site is optimized with the Yoast SEO Premium plugin v25.3 (Yoast SEO v25.9) - https:\/\/yoast.com\/wordpress\/plugins\/seo\/ -->\n<title>Megs\u00e9rted a t\u00f6rv\u00e9nyt? - \u0160koda We Love Cycling - Magyarorsz\u00e1g<\/title>\n<meta name=\"robots\" content=\"index, follow, max-snippet:-1, max-image-preview:large, max-video-preview:-1\" \/>\n<link rel=\"canonical\" href=\"https:\/\/www.welovecycling.com\/hu\/kozosseg-es-kultura\/megserted-a-torvenyt\/\" \/>\n<meta property=\"og:locale\" content=\"hu_HU\" \/>\n<meta property=\"og:type\" content=\"article\" \/>\n<meta property=\"og:title\" content=\"Megs\u00e9rted a t\u00f6rv\u00e9nyt?\" \/>\n<meta property=\"og:description\" content=\"Olyan sok szab\u00e1ly hat\u00e1rozza meg, hogyan viselkedhet\u00fcnk az utakon, hogy szinte lehetetlen mindet \u00e9szben tartani, ez\u00e9rt t\u00f6bbnyire csak a mag\u00e1t\u00f3l [&hellip;]\" \/>\n<meta property=\"og:url\" content=\"https:\/\/www.welovecycling.com\/hu\/kozosseg-es-kultura\/megserted-a-torvenyt\/\" \/>\n<meta property=\"og:site_name\" content=\"\u0160koda We Love Cycling - Magyarorsz\u00e1g\" \/>\n<meta property=\"article:publisher\" content=\"https:\/\/www.facebook.com\/WeLoveCyclingHungary\/\" \/>\n<meta property=\"article:published_time\" content=\"2019-05-15T07:00:22+00:00\" \/>\n<meta property=\"og:image\" content=\"https:\/\/d2p6e6u75xmxt8.cloudfront.net\/12\/2019\/05\/no-cycling-profimedia-0034894613-CVR.jpg\" \/>\n\t<meta property=\"og:image:width\" content=\"1366\" \/>\n\t<meta property=\"og:image:height\" content=\"600\" \/>\n\t<meta property=\"og:image:type\" content=\"image\/jpeg\" \/>\n<meta name=\"author\" content=\"hegyizs\" \/>\n<meta name=\"twitter:card\" content=\"summary_large_image\" \/>\n<meta name=\"twitter:label1\" content=\"Written by\" \/>\n\t<meta name=\"twitter:data1\" content=\"Christopher Ashley\" \/>\n\t<meta name=\"twitter:label2\" content=\"Est. reading time\" \/>\n\t<meta name=\"twitter:data2\" content=\"5\" \/>\n<script type=\"application\/ld+json\" class=\"yoast-schema-graph\">{\"@context\":\"https:\/\/schema.org\",\"@graph\":[{\"@type\":\"WebPage\",\"@id\":\"https:\/\/www.welovecycling.com\/hu\/kozosseg-es-kultura\/megserted-a-torvenyt\/\",\"url\":\"https:\/\/www.welovecycling.com\/hu\/kozosseg-es-kultura\/megserted-a-torvenyt\/\",\"name\":\"Megs\u00e9rted a t\u00f6rv\u00e9nyt? - \u0160koda We Love Cycling - Magyarorsz\u00e1g\",\"isPartOf\":{\"@id\":\"https:\/\/www.welovecycling.com\/hu\/#website\"},\"primaryImageOfPage\":{\"@id\":\"https:\/\/www.welovecycling.com\/hu\/kozosseg-es-kultura\/megserted-a-torvenyt\/#primaryimage\"},\"image\":{\"@id\":\"https:\/\/www.welovecycling.com\/hu\/kozosseg-es-kultura\/megserted-a-torvenyt\/#primaryimage\"},\"thumbnailUrl\":\"https:\/\/d2p6e6u75xmxt8.cloudfront.net\/12\/2019\/05\/no-cycling-profimedia-0034894613-CVR.jpg\",\"datePublished\":\"2019-05-15T07:00:22+00:00\",\"author\":{\"@id\":\"https:\/\/www.welovecycling.com\/hu\/#\/schema\/person\/414a2aebf1801691a5320edb6468e194\"},\"breadcrumb\":{\"@id\":\"https:\/\/www.welovecycling.com\/hu\/kozosseg-es-kultura\/megserted-a-torvenyt\/#breadcrumb\"},\"inLanguage\":\"hu\",\"potentialAction\":[{\"@type\":\"ReadAction\",\"target\":[\"https:\/\/www.welovecycling.com\/hu\/kozosseg-es-kultura\/megserted-a-torvenyt\/\"]}]},{\"@type\":\"ImageObject\",\"inLanguage\":\"hu\",\"@id\":\"https:\/\/www.welovecycling.com\/hu\/kozosseg-es-kultura\/megserted-a-torvenyt\/#primaryimage\",\"url\":\"https:\/\/d2p6e6u75xmxt8.cloudfront.net\/12\/2019\/05\/no-cycling-profimedia-0034894613-CVR.jpg\",\"contentUrl\":\"https:\/\/d2p6e6u75xmxt8.cloudfront.net\/12\/2019\/05\/no-cycling-profimedia-0034894613-CVR.jpg\",\"width\":1366,\"height\":600,\"caption\":\"\u00a9 Profimedia\"},{\"@type\":\"BreadcrumbList\",\"@id\":\"https:\/\/www.welovecycling.com\/hu\/kozosseg-es-kultura\/megserted-a-torvenyt\/#breadcrumb\",\"itemListElement\":[{\"@type\":\"ListItem\",\"position\":1,\"name\":\"Home\",\"item\":\"https:\/\/www.welovecycling.com\/hu\/\"},{\"@type\":\"ListItem\",\"position\":2,\"name\":\"Megs\u00e9rted a t\u00f6rv\u00e9nyt?\"}]},{\"@type\":\"WebSite\",\"@id\":\"https:\/\/www.welovecycling.com\/hu\/#website\",\"url\":\"https:\/\/www.welovecycling.com\/hu\/\",\"name\":\"\u0160koda We Love Cycling - Magyarorsz\u00e1g\",\"description\":\"\u0160koda WeLoveCycling\",\"potentialAction\":[{\"@type\":\"SearchAction\",\"target\":{\"@type\":\"EntryPoint\",\"urlTemplate\":\"https:\/\/www.welovecycling.com\/hu\/?s={search_term_string}\"},\"query-input\":{\"@type\":\"PropertyValueSpecification\",\"valueRequired\":true,\"valueName\":\"search_term_string\"}}],\"inLanguage\":\"hu\"},{\"@type\":\"Person\",\"@id\":\"https:\/\/www.welovecycling.com\/hu\/#\/schema\/person\/414a2aebf1801691a5320edb6468e194\",\"name\":\"hegyizs\",\"image\":{\"@type\":\"ImageObject\",\"inLanguage\":\"hu\",\"@id\":\"https:\/\/www.welovecycling.com\/hu\/#\/schema\/person\/image\/\",\"url\":\"https:\/\/secure.gravatar.com\/avatar\/02cf8a7906b8cf90cecb4679defac7cfd33a1c2e3b88e4903d947f3bb58eedd3?s=96&d=mm&r=g\",\"contentUrl\":\"https:\/\/secure.gravatar.com\/avatar\/02cf8a7906b8cf90cecb4679defac7cfd33a1c2e3b88e4903d947f3bb58eedd3?s=96&d=mm&r=g\",\"caption\":\"hegyizs\"},\"url\":\"https:\/\/www.welovecycling.com\/hu\/author\/hegyizs\/\"}]}<\/script>\n<!-- \/ Yoast SEO Premium plugin. -->","yoast_head_json":{"title":"Megs\u00e9rted a t\u00f6rv\u00e9nyt? - \u0160koda We Love Cycling - Magyarorsz\u00e1g","robots":{"index":"index","follow":"follow","max-snippet":"max-snippet:-1","max-image-preview":"max-image-preview:large","max-video-preview":"max-video-preview:-1"},"canonical":"https:\/\/www.welovecycling.com\/hu\/kozosseg-es-kultura\/megserted-a-torvenyt\/","og_locale":"hu_HU","og_type":"article","og_title":"Megs\u00e9rted a t\u00f6rv\u00e9nyt?","og_description":"Olyan sok szab\u00e1ly hat\u00e1rozza meg, hogyan viselkedhet\u00fcnk az utakon, hogy szinte lehetetlen mindet \u00e9szben tartani, ez\u00e9rt t\u00f6bbnyire csak a mag\u00e1t\u00f3l [&hellip;]","og_url":"https:\/\/www.welovecycling.com\/hu\/kozosseg-es-kultura\/megserted-a-torvenyt\/","og_site_name":"\u0160koda We Love Cycling - Magyarorsz\u00e1g","article_publisher":"https:\/\/www.facebook.com\/WeLoveCyclingHungary\/","article_published_time":"2019-05-15T07:00:22+00:00","og_image":[{"width":1366,"height":600,"url":"https:\/\/d2p6e6u75xmxt8.cloudfront.net\/12\/2019\/05\/no-cycling-profimedia-0034894613-CVR.jpg","type":"image\/jpeg"}],"author":"hegyizs","twitter_card":"summary_large_image","twitter_misc":{"Written by":"Christopher Ashley","Est. reading time":"5"},"schema":{"@context":"https:\/\/schema.org","@graph":[{"@type":"WebPage","@id":"https:\/\/www.welovecycling.com\/hu\/kozosseg-es-kultura\/megserted-a-torvenyt\/","url":"https:\/\/www.welovecycling.com\/hu\/kozosseg-es-kultura\/megserted-a-torvenyt\/","name":"Megs\u00e9rted a t\u00f6rv\u00e9nyt? - \u0160koda We Love Cycling - Magyarorsz\u00e1g","isPartOf":{"@id":"https:\/\/www.welovecycling.com\/hu\/#website"},"primaryImageOfPage":{"@id":"https:\/\/www.welovecycling.com\/hu\/kozosseg-es-kultura\/megserted-a-torvenyt\/#primaryimage"},"image":{"@id":"https:\/\/www.welovecycling.com\/hu\/kozosseg-es-kultura\/megserted-a-torvenyt\/#primaryimage"},"thumbnailUrl":"https:\/\/d2p6e6u75xmxt8.cloudfront.net\/12\/2019\/05\/no-cycling-profimedia-0034894613-CVR.jpg","datePublished":"2019-05-15T07:00:22+00:00","author":{"@id":"https:\/\/www.welovecycling.com\/hu\/#\/schema\/person\/414a2aebf1801691a5320edb6468e194"},"breadcrumb":{"@id":"https:\/\/www.welovecycling.com\/hu\/kozosseg-es-kultura\/megserted-a-torvenyt\/#breadcrumb"},"inLanguage":"hu","potentialAction":[{"@type":"ReadAction","target":["https:\/\/www.welovecycling.com\/hu\/kozosseg-es-kultura\/megserted-a-torvenyt\/"]}]},{"@type":"ImageObject","inLanguage":"hu","@id":"https:\/\/www.welovecycling.com\/hu\/kozosseg-es-kultura\/megserted-a-torvenyt\/#primaryimage","url":"https:\/\/d2p6e6u75xmxt8.cloudfront.net\/12\/2019\/05\/no-cycling-profimedia-0034894613-CVR.jpg","contentUrl":"https:\/\/d2p6e6u75xmxt8.cloudfront.net\/12\/2019\/05\/no-cycling-profimedia-0034894613-CVR.jpg","width":1366,"height":600,"caption":"\u00a9 Profimedia"},{"@type":"BreadcrumbList","@id":"https:\/\/www.welovecycling.com\/hu\/kozosseg-es-kultura\/megserted-a-torvenyt\/#breadcrumb","itemListElement":[{"@type":"ListItem","position":1,"name":"Home","item":"https:\/\/www.welovecycling.com\/hu\/"},{"@type":"ListItem","position":2,"name":"Megs\u00e9rted a t\u00f6rv\u00e9nyt?"}]},{"@type":"WebSite","@id":"https:\/\/www.welovecycling.com\/hu\/#website","url":"https:\/\/www.welovecycling.com\/hu\/","name":"\u0160koda We Love Cycling - Magyarorsz\u00e1g","description":"\u0160koda WeLoveCycling","potentialAction":[{"@type":"SearchAction","target":{"@type":"EntryPoint","urlTemplate":"https:\/\/www.welovecycling.com\/hu\/?s={search_term_string}"},"query-input":{"@type":"PropertyValueSpecification","valueRequired":true,"valueName":"search_term_string"}}],"inLanguage":"hu"},{"@type":"Person","@id":"https:\/\/www.welovecycling.com\/hu\/#\/schema\/person\/414a2aebf1801691a5320edb6468e194","name":"hegyizs","image":{"@type":"ImageObject","inLanguage":"hu","@id":"https:\/\/www.welovecycling.com\/hu\/#\/schema\/person\/image\/","url":"https:\/\/secure.gravatar.com\/avatar\/02cf8a7906b8cf90cecb4679defac7cfd33a1c2e3b88e4903d947f3bb58eedd3?s=96&d=mm&r=g","contentUrl":"https:\/\/secure.gravatar.com\/avatar\/02cf8a7906b8cf90cecb4679defac7cfd33a1c2e3b88e4903d947f3bb58eedd3?s=96&d=mm&r=g","caption":"hegyizs"},"url":"https:\/\/www.welovecycling.com\/hu\/author\/hegyizs\/"}]}},"_links":{"self":[{"href":"https:\/\/www.welovecycling.com\/hu\/wp-json\/wp\/v2\/posts\/3324","targetHints":{"allow":["GET"]}}],"collection":[{"href":"https:\/\/www.welovecycling.com\/hu\/wp-json\/wp\/v2\/posts"}],"about":[{"href":"https:\/\/www.welovecycling.com\/hu\/wp-json\/wp\/v2\/types\/post"}],"author":[{"embeddable":true,"href":"https:\/\/www.welovecycling.com\/hu\/wp-json\/wp\/v2\/users\/71"}],"replies":[{"embeddable":true,"href":"https:\/\/www.welovecycling.com\/hu\/wp-json\/wp\/v2\/comments?post=3324"}],"version-history":[{"count":1,"href":"https:\/\/www.welovecycling.com\/hu\/wp-json\/wp\/v2\/posts\/3324\/revisions"}],"predecessor-version":[{"id":3336,"href":"https:\/\/www.welovecycling.com\/hu\/wp-json\/wp\/v2\/posts\/3324\/revisions\/3336"}],"wp:featuredmedia":[{"embeddable":true,"href":"https:\/\/www.welovecycling.com\/hu\/wp-json\/wp\/v2\/media\/3329"}],"wp:attachment":[{"href":"https:\/\/www.welovecycling.com\/hu\/wp-json\/wp\/v2\/media?parent=3324"}],"wp:term":[{"taxonomy":"category","embeddable":true,"href":"https:\/\/www.welovecycling.com\/hu\/wp-json\/wp\/v2\/categories?post=3324"},{"taxonomy":"post_tag","embeddable":true,"href":"https:\/\/www.welovecycling.com\/hu\/wp-json\/wp\/v2\/tags?post=3324"},{"taxonomy":"global-categories","embeddable":true,"href":"https:\/\/www.welovecycling.com\/hu\/wp-json\/wp\/v2\/global-categories?post=3324"}],"curies":[{"name":"wp","href":"https:\/\/api.w.org\/{rel}","templated":true}]}}