{"id":3312,"date":"2019-05-25T08:00:16","date_gmt":"2019-05-25T07:00:16","guid":{"rendered":"https:\/\/www.welovecycling.com\/hu\/?p=3312"},"modified":"2019-05-17T13:24:56","modified_gmt":"2019-05-17T12:24:56","slug":"verseny-a-szaharaban-nem-csak-a-tulelesert","status":"publish","type":"post","link":"https:\/\/www.welovecycling.com\/hu\/adrenalin\/verseny-a-szaharaban-nem-csak-a-tulelesert\/","title":{"rendered":"Verseny a Szahar\u00e1ban \u2013 nem csak a t\u00fal\u00e9l\u00e9s\u00e9rt"},"content":{"rendered":"<p><strong>A Titan Desert egy hat napos sivatagi \u00e9let-hal\u00e1l harc, amit valami\u00e9rt bicikliversenynek h\u00edvnak. Csak er\u0151s idegzet\u0171eknek, izomzat\u00faaknak, lelki er\u0151vel rendelkez\u0151knek aj\u00e1nlott. Vagy m\u00e9g nekik sem.<\/strong><!--more--><\/p>\n<p><em>\u201e\u00a0Olyan, mintha bedobn\u00e1nak egy bomb\u00e1t a peloton k\u00f6zep\u00e9be, azt\u00e1n mindenki megy amerre l\u00e1t. Sohasem tudhatod, hogy egy csap\u00e1st, egy versenyz\u0151t vagy \u00e9ppen egy m\u00e1sikat \u00e9rdemes k\u00f6vetned.\u201d<\/em><\/p>\n<p><em>\u00cdgy jellemezte a t\u00f6bbsz\u00f6r\u00f6s Grand Tour dobog\u00f3s <\/em>Joaquim Rodriguez a verseny esszenci\u00e1j\u00e1t. A 640 km-es \u00fatvonal \u00e1t\u00edvel a Szahar\u00e1n \u00e9s az Atlasz-hegys\u00e9gen \u2013 ez \u00f6sszesen 5911 m\u00e9teres szintk\u00fcl\u00f6nbs\u00e9get jelent &#8211; mintegy hat napi szenved\u00e9sre \u00edt\u00e9lve a r\u00e9sztvev\u0151ket. R\u00e9sztvev\u0151k pedig m\u00e1r 2006 \u00f3ta akadnak: ekkor hozta l\u00e9tre a versenyt Jaime Alguersuari.<\/p>\n<p><a href=\"https:\/\/d2p6e6u75xmxt8.cloudfront.net\/12\/2019\/05\/wlc_deseert_t1.jpg\"><img loading=\"lazy\" decoding=\"async\" class=\"alignnone size-extra-large wp-image-3316\" src=\"https:\/\/d2p6e6u75xmxt8.cloudfront.net\/12\/2019\/05\/wlc_deseert_t1-1920x1280.jpg\" alt=\"\" width=\"1920\" height=\"1280\" srcset=\"https:\/\/d2p6e6u75xmxt8.cloudfront.net\/12\/2019\/05\/wlc_deseert_t1.jpg 1920w, https:\/\/d2p6e6u75xmxt8.cloudfront.net\/12\/2019\/05\/wlc_deseert_t1-300x200.jpg 300w, https:\/\/d2p6e6u75xmxt8.cloudfront.net\/12\/2019\/05\/wlc_deseert_t1-768x512.jpg 768w, https:\/\/d2p6e6u75xmxt8.cloudfront.net\/12\/2019\/05\/wlc_deseert_t1-1024x683.jpg 1024w, https:\/\/d2p6e6u75xmxt8.cloudfront.net\/12\/2019\/05\/wlc_deseert_t1-272x182.jpg 272w, https:\/\/d2p6e6u75xmxt8.cloudfront.net\/12\/2019\/05\/wlc_deseert_t1-1920x1280.jpg 1920w\" sizes=\"auto, (max-width: 1920px) 100vw, 1920px\" \/><\/a><\/p>\n<p>Foglaljuk csak \u00f6ssze a kellemetlens\u00e9geket, amikkel meg kell k\u00fczdeni\u00fck az indul\u00f3knak:<\/p>\n<ol>\n<li>Perzsel\u0151 sz\u00e1razs\u00e1g: takar\u00e9koskodni kell a v\u00edzzel!<\/li>\n<li>K\u00f6ny\u00f6rtelen homok- \u00e9s sz\u00e9lviharok<\/li>\n<li>Szesz\u00e9lyes homokd\u0171n\u00e9k<\/li>\n<li>Ellen\u0151rz\u0151 pontok k\u00f6z\u00f6tt nincs kijel\u00f6lt \u00fatvonal<\/li>\n<li>Legr\u00f6videbb \u00fat az egyenes? Nem Marokk\u00f3ban!<\/li>\n<li>Hegynek fel, hegynek le<\/li>\n<\/ol>\n<p>&nbsp;<\/p>\n<p><a href=\"https:\/\/d2p6e6u75xmxt8.cloudfront.net\/12\/2019\/05\/wlc_deseert_t2.jpg\"><img loading=\"lazy\" decoding=\"async\" class=\"alignnone size-extra-large wp-image-3317\" src=\"https:\/\/d2p6e6u75xmxt8.cloudfront.net\/12\/2019\/05\/wlc_deseert_t2-1920x1190.jpg\" alt=\"\" width=\"1920\" height=\"1190\" srcset=\"https:\/\/d2p6e6u75xmxt8.cloudfront.net\/12\/2019\/05\/wlc_deseert_t2.jpg 1920w, https:\/\/d2p6e6u75xmxt8.cloudfront.net\/12\/2019\/05\/wlc_deseert_t2-300x186.jpg 300w, https:\/\/d2p6e6u75xmxt8.cloudfront.net\/12\/2019\/05\/wlc_deseert_t2-768x476.jpg 768w, https:\/\/d2p6e6u75xmxt8.cloudfront.net\/12\/2019\/05\/wlc_deseert_t2-1024x635.jpg 1024w, https:\/\/d2p6e6u75xmxt8.cloudfront.net\/12\/2019\/05\/wlc_deseert_t2-1920x1190.jpg 1920w\" sizes=\"auto, (max-width: 1920px) 100vw, 1920px\" \/><\/a><\/p>\n<p>Persze mindezt \u00fagy, hogy ha nem t\u00e9vedt\u00e9l el, nem sz\u00e1radt\u00e1l ki, siker\u00fclt kik\u00f6nnyezni a homokot a szemedb\u0151l \u00e9s kik\u00f6pni a sz\u00e1db\u00f3l, teh\u00e1t t\u00fal\u00e9lted a szakaszokat: te \u00e9rj be els\u0151k\u00e9nt!<\/p>\n<p><em>Forr\u00e1s: <\/em><a href=\"https:\/\/flowcycle.hu\/itt-az-igazi-bringas-dakar-a-titan-desert\/\" target=\"_blank\" rel=\"noopener\"><em>https:\/\/flowcycle.hu\/itt-az-igazi-bringas-dakar-a-titan-desert\/<\/em><\/a><\/p>\n","protected":false},"excerpt":{"rendered":"<p>A Titan Desert egy hat napos sivatagi \u00e9let-hal\u00e1l harc, amit valami\u00e9rt bicikliversenynek h\u00edvnak. Csak er\u0151s idegzet\u0171eknek, izomzat\u00faaknak, lelki er\u0151vel rendelkez\u0151knek [&hellip;]<\/p>\n","protected":false},"author":71,"featured_media":3403,"comment_status":"open","ping_status":"open","sticky":false,"template":"","format":"standard","meta":{"footnotes":""},"categories":[5],"tags":[360,359],"global-categories":[],"class_list":["post-3312","post","type-post","status-publish","format-standard","has-post-thumbnail","hentry","category-adrenalin","tag-jaime-alguersuari","tag-titan-desert"],"yoast_head":"<!-- This site is optimized with the Yoast SEO Premium plugin v25.3 (Yoast SEO v25.9) - https:\/\/yoast.com\/wordpress\/plugins\/seo\/ -->\n<title>Verseny a Szahar\u00e1ban \u2013 nem csak a t\u00fal\u00e9l\u00e9s\u00e9rt - \u0160koda We Love Cycling - Magyarorsz\u00e1g<\/title>\n<meta name=\"robots\" content=\"index, follow, max-snippet:-1, max-image-preview:large, max-video-preview:-1\" \/>\n<link rel=\"canonical\" href=\"https:\/\/www.welovecycling.com\/hu\/adrenalin\/verseny-a-szaharaban-nem-csak-a-tulelesert\/\" \/>\n<meta property=\"og:locale\" content=\"hu_HU\" \/>\n<meta property=\"og:type\" content=\"article\" \/>\n<meta property=\"og:title\" content=\"Verseny a Szahar\u00e1ban \u2013 nem csak a t\u00fal\u00e9l\u00e9s\u00e9rt\" \/>\n<meta property=\"og:description\" content=\"A Titan Desert egy hat napos sivatagi \u00e9let-hal\u00e1l harc, amit valami\u00e9rt bicikliversenynek h\u00edvnak. Csak er\u0151s idegzet\u0171eknek, izomzat\u00faaknak, lelki er\u0151vel rendelkez\u0151knek [&hellip;]\" \/>\n<meta property=\"og:url\" content=\"https:\/\/www.welovecycling.com\/hu\/adrenalin\/verseny-a-szaharaban-nem-csak-a-tulelesert\/\" \/>\n<meta property=\"og:site_name\" content=\"\u0160koda We Love Cycling - Magyarorsz\u00e1g\" \/>\n<meta property=\"article:publisher\" content=\"https:\/\/www.facebook.com\/WeLoveCyclingHungary\/\" \/>\n<meta property=\"article:published_time\" content=\"2019-05-25T07:00:16+00:00\" \/>\n<meta property=\"og:image\" content=\"https:\/\/d2p6e6u75xmxt8.cloudfront.net\/12\/2019\/05\/desert-2435404_19201.jpg\" \/>\n\t<meta property=\"og:image:width\" content=\"1943\" \/>\n\t<meta property=\"og:image:height\" content=\"1000\" \/>\n\t<meta property=\"og:image:type\" content=\"image\/jpeg\" \/>\n<meta name=\"author\" content=\"hegyizs\" \/>\n<meta name=\"twitter:card\" content=\"summary_large_image\" \/>\n<meta name=\"twitter:label1\" content=\"Written by\" \/>\n\t<meta name=\"twitter:data1\" content=\"WLC\" \/>\n\t<meta name=\"twitter:label2\" content=\"Est. reading time\" \/>\n\t<meta name=\"twitter:data2\" content=\"1 minute\" \/>\n<script type=\"application\/ld+json\" class=\"yoast-schema-graph\">{\"@context\":\"https:\/\/schema.org\",\"@graph\":[{\"@type\":\"WebPage\",\"@id\":\"https:\/\/www.welovecycling.com\/hu\/adrenalin\/verseny-a-szaharaban-nem-csak-a-tulelesert\/\",\"url\":\"https:\/\/www.welovecycling.com\/hu\/adrenalin\/verseny-a-szaharaban-nem-csak-a-tulelesert\/\",\"name\":\"Verseny a Szahar\u00e1ban \u2013 nem csak a t\u00fal\u00e9l\u00e9s\u00e9rt - \u0160koda We Love Cycling - Magyarorsz\u00e1g\",\"isPartOf\":{\"@id\":\"https:\/\/www.welovecycling.com\/hu\/#website\"},\"primaryImageOfPage\":{\"@id\":\"https:\/\/www.welovecycling.com\/hu\/adrenalin\/verseny-a-szaharaban-nem-csak-a-tulelesert\/#primaryimage\"},\"image\":{\"@id\":\"https:\/\/www.welovecycling.com\/hu\/adrenalin\/verseny-a-szaharaban-nem-csak-a-tulelesert\/#primaryimage\"},\"thumbnailUrl\":\"https:\/\/d2p6e6u75xmxt8.cloudfront.net\/12\/2019\/05\/desert-2435404_19201.jpg\",\"datePublished\":\"2019-05-25T07:00:16+00:00\",\"author\":{\"@id\":\"https:\/\/www.welovecycling.com\/hu\/#\/schema\/person\/414a2aebf1801691a5320edb6468e194\"},\"breadcrumb\":{\"@id\":\"https:\/\/www.welovecycling.com\/hu\/adrenalin\/verseny-a-szaharaban-nem-csak-a-tulelesert\/#breadcrumb\"},\"inLanguage\":\"hu\",\"potentialAction\":[{\"@type\":\"ReadAction\",\"target\":[\"https:\/\/www.welovecycling.com\/hu\/adrenalin\/verseny-a-szaharaban-nem-csak-a-tulelesert\/\"]}]},{\"@type\":\"ImageObject\",\"inLanguage\":\"hu\",\"@id\":\"https:\/\/www.welovecycling.com\/hu\/adrenalin\/verseny-a-szaharaban-nem-csak-a-tulelesert\/#primaryimage\",\"url\":\"https:\/\/d2p6e6u75xmxt8.cloudfront.net\/12\/2019\/05\/desert-2435404_19201.jpg\",\"contentUrl\":\"https:\/\/d2p6e6u75xmxt8.cloudfront.net\/12\/2019\/05\/desert-2435404_19201.jpg\",\"width\":1943,\"height\":1000},{\"@type\":\"BreadcrumbList\",\"@id\":\"https:\/\/www.welovecycling.com\/hu\/adrenalin\/verseny-a-szaharaban-nem-csak-a-tulelesert\/#breadcrumb\",\"itemListElement\":[{\"@type\":\"ListItem\",\"position\":1,\"name\":\"Home\",\"item\":\"https:\/\/www.welovecycling.com\/hu\/\"},{\"@type\":\"ListItem\",\"position\":2,\"name\":\"Verseny a Szahar\u00e1ban \u2013 nem csak a t\u00fal\u00e9l\u00e9s\u00e9rt\"}]},{\"@type\":\"WebSite\",\"@id\":\"https:\/\/www.welovecycling.com\/hu\/#website\",\"url\":\"https:\/\/www.welovecycling.com\/hu\/\",\"name\":\"\u0160koda We Love Cycling - Magyarorsz\u00e1g\",\"description\":\"\u0160koda WeLoveCycling\",\"potentialAction\":[{\"@type\":\"SearchAction\",\"target\":{\"@type\":\"EntryPoint\",\"urlTemplate\":\"https:\/\/www.welovecycling.com\/hu\/?s={search_term_string}\"},\"query-input\":{\"@type\":\"PropertyValueSpecification\",\"valueRequired\":true,\"valueName\":\"search_term_string\"}}],\"inLanguage\":\"hu\"},{\"@type\":\"Person\",\"@id\":\"https:\/\/www.welovecycling.com\/hu\/#\/schema\/person\/414a2aebf1801691a5320edb6468e194\",\"name\":\"hegyizs\",\"image\":{\"@type\":\"ImageObject\",\"inLanguage\":\"hu\",\"@id\":\"https:\/\/www.welovecycling.com\/hu\/#\/schema\/person\/image\/\",\"url\":\"https:\/\/secure.gravatar.com\/avatar\/02cf8a7906b8cf90cecb4679defac7cfd33a1c2e3b88e4903d947f3bb58eedd3?s=96&d=mm&r=g\",\"contentUrl\":\"https:\/\/secure.gravatar.com\/avatar\/02cf8a7906b8cf90cecb4679defac7cfd33a1c2e3b88e4903d947f3bb58eedd3?s=96&d=mm&r=g\",\"caption\":\"hegyizs\"},\"url\":\"https:\/\/www.welovecycling.com\/hu\/author\/hegyizs\/\"}]}<\/script>\n<!-- \/ Yoast SEO Premium plugin. -->","yoast_head_json":{"title":"Verseny a Szahar\u00e1ban \u2013 nem csak a t\u00fal\u00e9l\u00e9s\u00e9rt - \u0160koda We Love Cycling - Magyarorsz\u00e1g","robots":{"index":"index","follow":"follow","max-snippet":"max-snippet:-1","max-image-preview":"max-image-preview:large","max-video-preview":"max-video-preview:-1"},"canonical":"https:\/\/www.welovecycling.com\/hu\/adrenalin\/verseny-a-szaharaban-nem-csak-a-tulelesert\/","og_locale":"hu_HU","og_type":"article","og_title":"Verseny a Szahar\u00e1ban \u2013 nem csak a t\u00fal\u00e9l\u00e9s\u00e9rt","og_description":"A Titan Desert egy hat napos sivatagi \u00e9let-hal\u00e1l harc, amit valami\u00e9rt bicikliversenynek h\u00edvnak. Csak er\u0151s idegzet\u0171eknek, izomzat\u00faaknak, lelki er\u0151vel rendelkez\u0151knek [&hellip;]","og_url":"https:\/\/www.welovecycling.com\/hu\/adrenalin\/verseny-a-szaharaban-nem-csak-a-tulelesert\/","og_site_name":"\u0160koda We Love Cycling - Magyarorsz\u00e1g","article_publisher":"https:\/\/www.facebook.com\/WeLoveCyclingHungary\/","article_published_time":"2019-05-25T07:00:16+00:00","og_image":[{"width":1943,"height":1000,"url":"https:\/\/d2p6e6u75xmxt8.cloudfront.net\/12\/2019\/05\/desert-2435404_19201.jpg","type":"image\/jpeg"}],"author":"hegyizs","twitter_card":"summary_large_image","twitter_misc":{"Written by":"WLC","Est. reading time":"1 minute"},"schema":{"@context":"https:\/\/schema.org","@graph":[{"@type":"WebPage","@id":"https:\/\/www.welovecycling.com\/hu\/adrenalin\/verseny-a-szaharaban-nem-csak-a-tulelesert\/","url":"https:\/\/www.welovecycling.com\/hu\/adrenalin\/verseny-a-szaharaban-nem-csak-a-tulelesert\/","name":"Verseny a Szahar\u00e1ban \u2013 nem csak a t\u00fal\u00e9l\u00e9s\u00e9rt - \u0160koda We Love Cycling - Magyarorsz\u00e1g","isPartOf":{"@id":"https:\/\/www.welovecycling.com\/hu\/#website"},"primaryImageOfPage":{"@id":"https:\/\/www.welovecycling.com\/hu\/adrenalin\/verseny-a-szaharaban-nem-csak-a-tulelesert\/#primaryimage"},"image":{"@id":"https:\/\/www.welovecycling.com\/hu\/adrenalin\/verseny-a-szaharaban-nem-csak-a-tulelesert\/#primaryimage"},"thumbnailUrl":"https:\/\/d2p6e6u75xmxt8.cloudfront.net\/12\/2019\/05\/desert-2435404_19201.jpg","datePublished":"2019-05-25T07:00:16+00:00","author":{"@id":"https:\/\/www.welovecycling.com\/hu\/#\/schema\/person\/414a2aebf1801691a5320edb6468e194"},"breadcrumb":{"@id":"https:\/\/www.welovecycling.com\/hu\/adrenalin\/verseny-a-szaharaban-nem-csak-a-tulelesert\/#breadcrumb"},"inLanguage":"hu","potentialAction":[{"@type":"ReadAction","target":["https:\/\/www.welovecycling.com\/hu\/adrenalin\/verseny-a-szaharaban-nem-csak-a-tulelesert\/"]}]},{"@type":"ImageObject","inLanguage":"hu","@id":"https:\/\/www.welovecycling.com\/hu\/adrenalin\/verseny-a-szaharaban-nem-csak-a-tulelesert\/#primaryimage","url":"https:\/\/d2p6e6u75xmxt8.cloudfront.net\/12\/2019\/05\/desert-2435404_19201.jpg","contentUrl":"https:\/\/d2p6e6u75xmxt8.cloudfront.net\/12\/2019\/05\/desert-2435404_19201.jpg","width":1943,"height":1000},{"@type":"BreadcrumbList","@id":"https:\/\/www.welovecycling.com\/hu\/adrenalin\/verseny-a-szaharaban-nem-csak-a-tulelesert\/#breadcrumb","itemListElement":[{"@type":"ListItem","position":1,"name":"Home","item":"https:\/\/www.welovecycling.com\/hu\/"},{"@type":"ListItem","position":2,"name":"Verseny a Szahar\u00e1ban \u2013 nem csak a t\u00fal\u00e9l\u00e9s\u00e9rt"}]},{"@type":"WebSite","@id":"https:\/\/www.welovecycling.com\/hu\/#website","url":"https:\/\/www.welovecycling.com\/hu\/","name":"\u0160koda We Love Cycling - Magyarorsz\u00e1g","description":"\u0160koda WeLoveCycling","potentialAction":[{"@type":"SearchAction","target":{"@type":"EntryPoint","urlTemplate":"https:\/\/www.welovecycling.com\/hu\/?s={search_term_string}"},"query-input":{"@type":"PropertyValueSpecification","valueRequired":true,"valueName":"search_term_string"}}],"inLanguage":"hu"},{"@type":"Person","@id":"https:\/\/www.welovecycling.com\/hu\/#\/schema\/person\/414a2aebf1801691a5320edb6468e194","name":"hegyizs","image":{"@type":"ImageObject","inLanguage":"hu","@id":"https:\/\/www.welovecycling.com\/hu\/#\/schema\/person\/image\/","url":"https:\/\/secure.gravatar.com\/avatar\/02cf8a7906b8cf90cecb4679defac7cfd33a1c2e3b88e4903d947f3bb58eedd3?s=96&d=mm&r=g","contentUrl":"https:\/\/secure.gravatar.com\/avatar\/02cf8a7906b8cf90cecb4679defac7cfd33a1c2e3b88e4903d947f3bb58eedd3?s=96&d=mm&r=g","caption":"hegyizs"},"url":"https:\/\/www.welovecycling.com\/hu\/author\/hegyizs\/"}]}},"_links":{"self":[{"href":"https:\/\/www.welovecycling.com\/hu\/wp-json\/wp\/v2\/posts\/3312","targetHints":{"allow":["GET"]}}],"collection":[{"href":"https:\/\/www.welovecycling.com\/hu\/wp-json\/wp\/v2\/posts"}],"about":[{"href":"https:\/\/www.welovecycling.com\/hu\/wp-json\/wp\/v2\/types\/post"}],"author":[{"embeddable":true,"href":"https:\/\/www.welovecycling.com\/hu\/wp-json\/wp\/v2\/users\/71"}],"replies":[{"embeddable":true,"href":"https:\/\/www.welovecycling.com\/hu\/wp-json\/wp\/v2\/comments?post=3312"}],"version-history":[{"count":2,"href":"https:\/\/www.welovecycling.com\/hu\/wp-json\/wp\/v2\/posts\/3312\/revisions"}],"predecessor-version":[{"id":3318,"href":"https:\/\/www.welovecycling.com\/hu\/wp-json\/wp\/v2\/posts\/3312\/revisions\/3318"}],"wp:featuredmedia":[{"embeddable":true,"href":"https:\/\/www.welovecycling.com\/hu\/wp-json\/wp\/v2\/media\/3403"}],"wp:attachment":[{"href":"https:\/\/www.welovecycling.com\/hu\/wp-json\/wp\/v2\/media?parent=3312"}],"wp:term":[{"taxonomy":"category","embeddable":true,"href":"https:\/\/www.welovecycling.com\/hu\/wp-json\/wp\/v2\/categories?post=3312"},{"taxonomy":"post_tag","embeddable":true,"href":"https:\/\/www.welovecycling.com\/hu\/wp-json\/wp\/v2\/tags?post=3312"},{"taxonomy":"global-categories","embeddable":true,"href":"https:\/\/www.welovecycling.com\/hu\/wp-json\/wp\/v2\/global-categories?post=3312"}],"curies":[{"name":"wp","href":"https:\/\/api.w.org\/{rel}","templated":true}]}}