{"id":326,"date":"2018-03-08T10:00:10","date_gmt":"2018-03-08T10:00:10","guid":{"rendered":"https:\/\/www.welovecycling.com\/hu\/?p=326"},"modified":"2018-03-08T10:00:10","modified_gmt":"2018-03-08T10:00:10","slug":"blog-vilagutazas-hera-van-willickkel-1-resz","status":"publish","type":"post","link":"https:\/\/www.welovecycling.com\/hu\/blog\/blog-vilagutazas-hera-van-willickkel-1-resz\/","title":{"rendered":"Blog: Vil\u00e1gutaz\u00e1s Hera van Willickkel \u2013 1. r\u00e9sz"},"content":{"rendered":"<p><strong>16 napja indultam el a \u201enagy utamra\u201d. Jelenleg 988 km-t mutat a biciklim sebess\u00e9gm\u00e9r\u0151je. Nem egy vil\u00e1got renget\u0151 sz\u00e1m, de nem is semmi. Hafnarfjordurban \u00fagy d\u00f6nt\u00f6ttem, a ritk\u00e1n lakott, \u0151si nyugati fjordok fel\u00e9 veszem az utam (ami Izland f\u00f6ldtanilag legr\u00e9gebbi r\u00e9gi\u00f3ja).<\/strong><!--more--><\/p>\n<p>Els\u0151 nap egy Jens nev\u0171 belga sr\u00e1ccal tekertem egy\u00fctt, akit a kempingben ismertem meg. R\u00f6gt\u00f6n \u00e1test\u00fcnk a t\u0171zkereszts\u00e9gen Izland er\u0151s szeleiben. Amikor az els\u0151 fjordban biciklizt\u00fcnk, teljes erej\u0171 oldalszel\u00fcnk volt. Onnan, hogy \u201ehadakozva pr\u00f3b\u00e1lok tekerni\u201d, eljutottam oda, hogy \u201ehadakozva pr\u00f3b\u00e1lok teljes s\u00falyommal beled\u0151lni a sz\u00e9lbe, hogy magamat \u00e9s a ker\u00e9kp\u00e1rt egyenesen tudjam tartani\u201d. A f\u00e1tlan vid\u00e9ken nem volt egyetlen olyan pont sem, ahol egy s\u00e1trat norm\u00e1lisan fel lehetett volna verni.<\/p>\n<p><img loading=\"lazy\" decoding=\"async\" class=\"alignnone wp-image-327\" src=\"https:\/\/d2p6e6u75xmxt8.cloudfront.net\/12\/2018\/03\/image2.jpeg\" alt=\"Els\u0151 nap egy Jens nev\u0171 belga sr\u00e1ccal tekertem egy\u00fctt, akit a kempingben ismertem meg. R\u00f6gt\u00f6n \u00e1test\u00fcnk a t\u0171zkereszts\u00e9gen Izland er\u0151s szeleiben. Amikor az els\u0151 fjordban biciklizt\u00fcnk, teljes erej\u0171 oldalszel\u00fcnk volt. Onnan, hogy \u201ehadakozva pr\u00f3b\u00e1lok tekerni\u201d, eljutottam oda, hogy \u201ehadakozva pr\u00f3b\u00e1lok teljes s\u00falyommal beled\u0151lni a sz\u00e9lbe, hogy magamat \u00e9s a ker\u00e9kp\u00e1rt egyenesen tudjam tartani\u201d. A f\u00e1tlan vid\u00e9ken nem volt egyetlen olyan pont sem, ahol egy s\u00e1trat norm\u00e1lisan fel lehetett volna verni.\" width=\"800\" height=\"534\" srcset=\"https:\/\/d2p6e6u75xmxt8.cloudfront.net\/12\/2018\/03\/image2.jpeg 2643w, https:\/\/d2p6e6u75xmxt8.cloudfront.net\/12\/2018\/03\/image2-300x200.jpeg 300w, https:\/\/d2p6e6u75xmxt8.cloudfront.net\/12\/2018\/03\/image2-768x513.jpeg 768w, https:\/\/d2p6e6u75xmxt8.cloudfront.net\/12\/2018\/03\/image2-1024x683.jpeg 1024w, https:\/\/d2p6e6u75xmxt8.cloudfront.net\/12\/2018\/03\/image2-1920x1281.jpeg 1920w, https:\/\/d2p6e6u75xmxt8.cloudfront.net\/12\/2018\/03\/image2-272x182.jpeg 272w, https:\/\/d2p6e6u75xmxt8.cloudfront.net\/12\/2018\/03\/image2-1920x1281.jpeg 1920w\" sizes=\"auto, (max-width: 800px) 100vw, 800px\" \/><\/p>\n<p>A harmadik h\u00e1zn\u00e1l, ahol mened\u00e9ket k\u00e9rt\u00fcnk a s\u00e1trunknak, a h\u00f6lgy beh\u00edvott minket, hogy aludjunk bent, otthonos kis ny\u00e1ri lakj\u00e1nak manz\u00e1rdj\u00e1ban. Megk\u00edn\u00e1lt benn\u00fcnket marad\u00e9k lasagn\u00e1val \u00e9s sal\u00e1t\u00e1val, valamint egy szelet isteni ban\u00e1nos s\u00fctivel. K\u00e9peket mutatott a gyermekeir\u0151l, a sr\u00e1ccal megvitattuk az \u00fatvonalat, a b\u00e1lnavad\u00e1szatot \u00e9s \u2013belez\u00e9st, valamint az es\u00e9lyeinket arra, hogy az orsz\u00e1g belsej\u00e9ben vezet\u0151 utak j\u00e1rhat\u00f3k lesznek.<\/p>\n<p>Ez volt az els\u0151 \u00e9s eleddig utols\u00f3 igazi szem\u00e9lyes tal\u00e1lkoz\u00e1som izlandiakkal.<\/p>\n<p>Az els\u0151 biciklis napjaim nagyon kem\u00e9nyek voltak. Hirtelen felfogtam, hogy az a test, amelyben 2015 m\u00e1jus\u00e1ban egy \u00e9v teker\u00e9s ut\u00e1n hazaj\u00f6ttem, nem ugyanaz m\u00e1r, mint amelyikkel elkezdtem ezt a t\u00far\u00e1t. Teljesen \u00fajra kell kezdenem mindent. Izmok \u00e9p\u00edt\u00e9se \u00e9s form\u00e1l\u00e1sa, az els\u0151 napallergi\u00e1k, h\u00e1tf\u00e1j\u00e1s \u00e9s nyereghorzsol\u00e1sok \u00e1tv\u00e9szel\u00e9se. Az idei hollandiai t\u00far\u00e1im ennek nagyon sov\u00e1ny alapot adtak.<\/p>\n<p>Neh\u00e9z volt. Az eg\u00e9sz testem sajgott \u00e9s unos-untalan le akart sz\u00e1ll\u00edtani a biciklir\u0151l.<br \/>\nA m\u00e1sodik nap fel\u00e9n\u00e9l, l\u00e1tva a nagy sebess\u00e9gk\u00fcl\u00f6nbs\u00e9get Jens \u00e9s k\u00f6ztem, \u00fagy d\u00f6nt\u00f6ttem, egyed\u00fcl folytatom.<\/p>\n<p>Azonnal r\u00e1\u00e9reztem a saj\u00e1t temp\u00f3mra \u2013 arra, amit \u00e9veken kereszt\u00fcl kerestem, de csak most, a legut\u00f3bbi utamon tal\u00e1ltam meg. Mindig \u00e1lland\u00f3 \u00fctemben ped\u00e1lozok, \u00e9s fel-le v\u00e1ltok sebess\u00e9get a sz\u00e9l \u00e9s az emelked\u0151\/lejt\u0151 f\u00fcggv\u00e9ny\u00e9ben. Nem rohanok, sehov\u00e1 nem kell id\u0151re meg\u00e9rkeznem. Hegynek felfel\u00e9 csigatemp\u00f3ban kaptatok, lefel\u00e9 pedig sz\u00e9lsebesen v\u00e1gtatok. Ha pihen\u0151t akarok tartani, pihen\u0151t tartok. Ha egy \u00f3r\u00e1ig, vagy kett\u0151ig, h\u00e1romig k\u00f6nyvet akarok olvasni, h\u00e1t azt teszem. D\u00e9lut\u00e1n 2-kor fel\u00e1ll\u00edtom a s\u00e1tram, ha \u00fagy \u00e9rzem, ennyi el\u00e9g volt m\u00e1ra, vagy ak\u00e1r \u00fajra nyeregbe pattanok egy hossz\u00fa sz\u00fcnet ut\u00e1n 5-kor \u00e9s k\u00e9s\u0151 estig tekerek.<\/p>\n<p><img loading=\"lazy\" decoding=\"async\" class=\"alignnone wp-image-329\" src=\"https:\/\/d2p6e6u75xmxt8.cloudfront.net\/12\/2018\/03\/image3.jpeg\" alt=\"The first bikedays stroke me heavily! All of a sudden I realized that the body that I brought home in May 2015 after a year of cycling, isn\u2019t the same body as the one that I started this trip with. I have to start all over again. Building muscles and shape, going through the first sun allergies, back pain and saddle rash. The rides I did in Holland during this year on my roadbike are only a poor soil for that.\" width=\"800\" height=\"534\" srcset=\"https:\/\/d2p6e6u75xmxt8.cloudfront.net\/12\/2018\/03\/image3.jpeg 2643w, https:\/\/d2p6e6u75xmxt8.cloudfront.net\/12\/2018\/03\/image3-300x200.jpeg 300w, https:\/\/d2p6e6u75xmxt8.cloudfront.net\/12\/2018\/03\/image3-768x513.jpeg 768w, https:\/\/d2p6e6u75xmxt8.cloudfront.net\/12\/2018\/03\/image3-1024x683.jpeg 1024w, https:\/\/d2p6e6u75xmxt8.cloudfront.net\/12\/2018\/03\/image3-1920x1281.jpeg 1920w, https:\/\/d2p6e6u75xmxt8.cloudfront.net\/12\/2018\/03\/image3-272x182.jpeg 272w, https:\/\/d2p6e6u75xmxt8.cloudfront.net\/12\/2018\/03\/image3-1920x1281.jpeg 1920w\" sizes=\"auto, (max-width: 800px) 100vw, 800px\" \/><\/p>\n<p>Kempingez\u00e9s szempontj\u00e1b\u00f3l Izland maga a paradicsom! B\u00e1rhol leverheted a s\u00e1trad, \u00e9s az iv\u00f3- \u00e9s f\u0151z\u0151vizet k\u00f6zvetlen\u00fcl a v\u00edzes\u00e9sekb\u0151l \u00e9s patakokb\u00f3l merheted. Senkinek esz\u00e9be sem jut megzavarni a t\u00e1borhelyed.<\/p>\n<p><img loading=\"lazy\" decoding=\"async\" class=\"alignnone wp-image-331\" src=\"https:\/\/d2p6e6u75xmxt8.cloudfront.net\/12\/2018\/03\/image4.jpeg\" alt=\"Kempingez\u00e9s szempontj\u00e1b\u00f3l Izland maga a paradicsom! B\u00e1rhol leverheted a s\u00e1trad, \u00e9s az iv\u00f3- \u00e9s f\u0151z\u0151vizet k\u00f6zvetlen\u00fcl a v\u00edzes\u00e9sekb\u0151l \u00e9s patakokb\u00f3l merheted. Senkinek esz\u00e9be sem jut megzavarni a t\u00e1borhelyed.\" width=\"800\" height=\"401\" srcset=\"https:\/\/d2p6e6u75xmxt8.cloudfront.net\/12\/2018\/03\/image4.jpeg 2639w, https:\/\/d2p6e6u75xmxt8.cloudfront.net\/12\/2018\/03\/image4-300x151.jpeg 300w, https:\/\/d2p6e6u75xmxt8.cloudfront.net\/12\/2018\/03\/image4-768x385.jpeg 768w, https:\/\/d2p6e6u75xmxt8.cloudfront.net\/12\/2018\/03\/image4-1024x514.jpeg 1024w, https:\/\/d2p6e6u75xmxt8.cloudfront.net\/12\/2018\/03\/image4-1920x963.jpeg 1920w, https:\/\/d2p6e6u75xmxt8.cloudfront.net\/12\/2018\/03\/image4-1920x963.jpeg 1920w\" sizes=\"auto, (max-width: 800px) 100vw, 800px\" \/><\/p>\n<p>Az az Izland, amit k\u00e9pekr\u0151l ismertem, az els\u0151 napokban rejt\u0151zk\u00f6d\u00f6tt el\u0151lem.<\/p>\n<p>De a harmadik napon, a nyugati fjordokban egy rossz, meredek kavicsos \u00fat meseszer\u0171 t\u00e1jhoz vezetett, kil\u00e1t\u00e1ssal a fjordokra, a v\u00edzes\u00e9sekre, a behavazott vid\u00e9kre \u00e9s a moha \u00e9s egy\u00e9b aljn\u00f6v\u00e9nyzet alkotta z\u00f6ldre. M\u00edg id\u0151nk\u00e9nt turist\u00e1kkal megrakott aut\u00f3 h\u00fazott el mellettem, nem tudtam, hogy merre n\u00e9zzek, \u00e9s n\u00e9h\u00e1ny percenk\u00e9nt meg\u00e1lltam \u00e9lvezni a kil\u00e1t\u00e1st. Ha ekkor egy man\u00f3 vagy kobold el\u0151bukkant volna egy szikla m\u00f6g\u00fcl, ink\u00e1bb meger\u0151s\u00edt\u00e9st \u00e9reztem volna, mint meglepetts\u00e9get.<\/p>\n<p><img loading=\"lazy\" decoding=\"async\" class=\"alignnone wp-image-333\" src=\"https:\/\/d2p6e6u75xmxt8.cloudfront.net\/12\/2018\/03\/image5.jpeg\" alt=\"Egy Isafjordurban tartott pihen\u0151nap ut\u00e1n igazi fjord-\u00fczemm\u00f3dba kapcsoltam. M\u00e9g nem is v\u00e9geztem az egyik fjorddal, de m\u00e1r a k\u00f6vetkez\u0151 h\u00edvogatott. Az egyik fjord \u201ecs\u00facs\u00e1n\u00e1l\u201d s\u00e1toroztam, amikor egyik \u00e9jjel a t\u00e1volban v\u00e9gign\u00e9ztem a v\u00edz felett, eg\u00e9szen el Izland  leg\u00e9szakibb, h\u00f3 bor\u00edtotta hegyeiig. Amikor az \u00e9jszaka k\u00f6zep\u00e9n (0:55) kim\u00e1sztam a s\u00e1tramb\u00f3l pisilni, az \u00e9gbolt vil\u00e1gos narancss\u00e1rga sz\u00edn\u0171 volt. Elford\u00edtottam a fejem \u00e9s egy csod\u00e1latos naplement\u00e9t l\u00e1ttam. Egy r\u00f6vid pillanatra a nap a horizont m\u00f6g\u00e9 bukott \u00e9s alkonyatba bor\u00edtotta a t\u00e1jat egy teljes \u00f3r\u00e1ra.\" width=\"800\" height=\"534\" srcset=\"https:\/\/d2p6e6u75xmxt8.cloudfront.net\/12\/2018\/03\/image5.jpeg 2639w, https:\/\/d2p6e6u75xmxt8.cloudfront.net\/12\/2018\/03\/image5-300x200.jpeg 300w, https:\/\/d2p6e6u75xmxt8.cloudfront.net\/12\/2018\/03\/image5-768x513.jpeg 768w, https:\/\/d2p6e6u75xmxt8.cloudfront.net\/12\/2018\/03\/image5-1024x684.jpeg 1024w, https:\/\/d2p6e6u75xmxt8.cloudfront.net\/12\/2018\/03\/image5-1920x1283.jpeg 1920w, https:\/\/d2p6e6u75xmxt8.cloudfront.net\/12\/2018\/03\/image5-272x182.jpeg 272w, https:\/\/d2p6e6u75xmxt8.cloudfront.net\/12\/2018\/03\/image5-1920x1283.jpeg 1920w\" sizes=\"auto, (max-width: 800px) 100vw, 800px\" \/><\/p>\n<p>Egy Isafjordurban tartott pihen\u0151nap ut\u00e1n igazi fjord-\u00fczemm\u00f3dba kapcsoltam. M\u00e9g nem is v\u00e9geztem az egyik fjorddal, de m\u00e1r a k\u00f6vetkez\u0151 h\u00edvogatott. Az egyik fjord \u201ecs\u00facs\u00e1n\u00e1l\u201d s\u00e1toroztam, amikor egyik \u00e9jjel a t\u00e1volban v\u00e9gign\u00e9ztem a v\u00edz felett, eg\u00e9szen el Izland  leg\u00e9szakibb, h\u00f3 bor\u00edtotta hegyeiig. Amikor az \u00e9jszaka k\u00f6zep\u00e9n (0:55) kim\u00e1sztam a s\u00e1tramb\u00f3l pisilni, az \u00e9gbolt vil\u00e1gos narancss\u00e1rga sz\u00edn\u0171 volt. Elford\u00edtottam a fejem \u00e9s egy csod\u00e1latos naplement\u00e9t l\u00e1ttam. Egy r\u00f6vid pillanatra a nap a horizont m\u00f6g\u00e9 bukott \u00e9s alkonyatba bor\u00edtotta a t\u00e1jat egy teljes \u00f3r\u00e1ra.<\/p>\n<p>Amikor aznap reggel \u00fajra nyeregbe \u00fcltem, jobbra tekintettem \u00e9s megl\u00e1ttam a k\u00f6vetkez\u0151 \u201efjordcs\u00facsot\u201d. 38 km, a t\u00e9rk\u00e9p szerint. B\u00e1rcsak hidat \u00e9p\u00edtett volna ide egy kobold, akkor csak 1,5km lenne. 38 km! Ha h\u00e1tsz\u00e9l f\u00faj a fjordokba menet, szembesz\u00e9l lesz kifel\u00e9 bel\u0151le, \u00e9s ford\u00edtva. A fjordokban ha k\u00f6r\u00fcln\u00e9zel, l\u00e1thatod, mi v\u00e1r m\u00e9g r\u00e1d. A fjordok: sz\u00e9pek \u00e9s frusztr\u00e1l\u00f3k egyben.<\/p>\n<p><img loading=\"lazy\" decoding=\"async\" class=\"alignnone wp-image-335\" src=\"https:\/\/d2p6e6u75xmxt8.cloudfront.net\/12\/2018\/03\/image7.jpeg\" alt=\"image7\" width=\"800\" height=\"534\" srcset=\"https:\/\/d2p6e6u75xmxt8.cloudfront.net\/12\/2018\/03\/image7.jpeg 2638w, https:\/\/d2p6e6u75xmxt8.cloudfront.net\/12\/2018\/03\/image7-300x200.jpeg 300w, https:\/\/d2p6e6u75xmxt8.cloudfront.net\/12\/2018\/03\/image7-768x513.jpeg 768w, https:\/\/d2p6e6u75xmxt8.cloudfront.net\/12\/2018\/03\/image7-1024x684.jpeg 1024w, https:\/\/d2p6e6u75xmxt8.cloudfront.net\/12\/2018\/03\/image7-1920x1282.jpeg 1920w, https:\/\/d2p6e6u75xmxt8.cloudfront.net\/12\/2018\/03\/image7-272x182.jpeg 272w, https:\/\/d2p6e6u75xmxt8.cloudfront.net\/12\/2018\/03\/image7-1920x1282.jpeg 1920w\" sizes=\"auto, (max-width: 800px) 100vw, 800px\" \/> <img loading=\"lazy\" decoding=\"async\" class=\"alignnone wp-image-337\" src=\"https:\/\/d2p6e6u75xmxt8.cloudfront.net\/12\/2018\/03\/image8.jpeg\" alt=\"Amikor az \u00e9jszaka k\u00f6zep\u00e9n (0:55) kim\u00e1sztam a s\u00e1tramb\u00f3l pisilni, az \u00e9gbolt vil\u00e1gos narancss\u00e1rga sz\u00edn\u0171 volt.\" width=\"800\" height=\"535\" srcset=\"https:\/\/d2p6e6u75xmxt8.cloudfront.net\/12\/2018\/03\/image8.jpeg 2637w, https:\/\/d2p6e6u75xmxt8.cloudfront.net\/12\/2018\/03\/image8-300x201.jpeg 300w, https:\/\/d2p6e6u75xmxt8.cloudfront.net\/12\/2018\/03\/image8-768x513.jpeg 768w, https:\/\/d2p6e6u75xmxt8.cloudfront.net\/12\/2018\/03\/image8-1024x685.jpeg 1024w, https:\/\/d2p6e6u75xmxt8.cloudfront.net\/12\/2018\/03\/image8-1920x1284.jpeg 1920w, https:\/\/d2p6e6u75xmxt8.cloudfront.net\/12\/2018\/03\/image8-272x182.jpeg 272w, https:\/\/d2p6e6u75xmxt8.cloudfront.net\/12\/2018\/03\/image8-1920x1284.jpeg 1920w\" sizes=\"auto, (max-width: 800px) 100vw, 800px\" \/> <img loading=\"lazy\" decoding=\"async\" class=\"alignnone wp-image-339\" src=\"https:\/\/d2p6e6u75xmxt8.cloudfront.net\/12\/2018\/03\/image9.jpeg\" alt=\" Elford\u00edtottam a fejem \u00e9s egy csod\u00e1latos naplement\u00e9t l\u00e1ttam. Egy r\u00f6vid pillanatra a nap a horizont m\u00f6g\u00e9 bukott \u00e9s alkonyatba bor\u00edtotta a t\u00e1jat egy teljes \u00f3r\u00e1ra.\" width=\"800\" height=\"534\" srcset=\"https:\/\/d2p6e6u75xmxt8.cloudfront.net\/12\/2018\/03\/image9.jpeg 2642w, https:\/\/d2p6e6u75xmxt8.cloudfront.net\/12\/2018\/03\/image9-300x200.jpeg 300w, https:\/\/d2p6e6u75xmxt8.cloudfront.net\/12\/2018\/03\/image9-768x512.jpeg 768w, https:\/\/d2p6e6u75xmxt8.cloudfront.net\/12\/2018\/03\/image9-1024x683.jpeg 1024w, https:\/\/d2p6e6u75xmxt8.cloudfront.net\/12\/2018\/03\/image9-1920x1281.jpeg 1920w, https:\/\/d2p6e6u75xmxt8.cloudfront.net\/12\/2018\/03\/image9-272x182.jpeg 272w, https:\/\/d2p6e6u75xmxt8.cloudfront.net\/12\/2018\/03\/image9-1920x1281.jpeg 1920w\" sizes=\"auto, (max-width: 800px) 100vw, 800px\" \/> <img loading=\"lazy\" decoding=\"async\" class=\"alignnone wp-image-341\" src=\"https:\/\/d2p6e6u75xmxt8.cloudfront.net\/12\/2018\/03\/image10.jpeg\" alt=\"Egy Isafjordurban tartott pihen\u0151nap ut\u00e1n igazi fjord-\u00fczemm\u00f3dba kapcsoltam. M\u00e9g nem is v\u00e9geztem az egyik fjorddal, de m\u00e1r a k\u00f6vetkez\u0151 h\u00edvogatott.\" width=\"800\" height=\"391\" srcset=\"https:\/\/d2p6e6u75xmxt8.cloudfront.net\/12\/2018\/03\/image10.jpeg 2641w, https:\/\/d2p6e6u75xmxt8.cloudfront.net\/12\/2018\/03\/image10-300x147.jpeg 300w, https:\/\/d2p6e6u75xmxt8.cloudfront.net\/12\/2018\/03\/image10-768x375.jpeg 768w, https:\/\/d2p6e6u75xmxt8.cloudfront.net\/12\/2018\/03\/image10-1024x501.jpeg 1024w, https:\/\/d2p6e6u75xmxt8.cloudfront.net\/12\/2018\/03\/image10-1920x939.jpeg 1920w, https:\/\/d2p6e6u75xmxt8.cloudfront.net\/12\/2018\/03\/image10-1920x939.jpeg 1920w\" sizes=\"auto, (max-width: 800px) 100vw, 800px\" \/><\/p>\n<p>7 (hosszabb \u00e9s r\u00f6videbb) fjord ut\u00e1n elhagytam a nyugati fjordokat.<\/p>\n<p>Tegnap volt az els\u0151 bring\u00e1s napom a k\u00f6rgy\u0171r\u0171n (1-es sz\u00e1m\u00fa \u00fat). Hogy elker\u00fcljem a reggeli forgalmat \u00e9s az er\u0151s szeleket, 4 \u00f3r\u00e1ra \u00e1ll\u00edtottam be az \u00e9breszt\u0151met. 4:15-kor megettem a zabk\u00e1s\u00e1mat (zabpehely, m\u00e9z, datolya, magvak \u00e9s esetleg ban\u00e1n), majd 5:15-kor legmelegebb ruh\u00e1imba burkol\u00f3zva r\u00e1hajtottam a csendes k\u00f6rgy\u0171r\u0171re. Teljes\u00edtve! D\u00e9lre m\u00e1r 80 km-t letekertem \u00e9s meg\u00e9rkeztem a kempingbe, miel\u0151tt a sz\u00e9l fel\u00e9ledt \u00e9s a legnagyobb forgalom megindult volna.<\/p>\n<p><img loading=\"lazy\" decoding=\"async\" class=\"alignnone wp-image-343\" src=\"https:\/\/d2p6e6u75xmxt8.cloudfront.net\/12\/2018\/03\/image13.jpeg\" alt=\"Tegnap volt az els\u0151 bring\u00e1s napom a k\u00f6rgy\u0171r\u0171n (1-es sz\u00e1m\u00fa \u00fat). Hogy elker\u00fcljem a reggeli forgalmat \u00e9s az er\u0151s szeleket, 4 \u00f3r\u00e1ra \u00e1ll\u00edtottam be az \u00e9breszt\u0151met. 4:15-kor megettem a zabk\u00e1s\u00e1mat (zabpehely, m\u00e9z, datolya, magvak \u00e9s esetleg ban\u00e1n), majd 5:15-kor legmelegebb ruh\u00e1imba burkol\u00f3zva r\u00e1hajtottam a csendes k\u00f6rgy\u0171r\u0171re. Teljes\u00edtve! D\u00e9lre m\u00e1r 80 km-t letekertem \u00e9s meg\u00e9rkeztem a kempingbe, miel\u0151tt a sz\u00e9l fel\u00e9ledt \u00e9s a legnagyobb forgalom megindult volna.\" width=\"800\" height=\"535\" srcset=\"https:\/\/d2p6e6u75xmxt8.cloudfront.net\/12\/2018\/03\/image13.jpeg 2637w, https:\/\/d2p6e6u75xmxt8.cloudfront.net\/12\/2018\/03\/image13-300x201.jpeg 300w, https:\/\/d2p6e6u75xmxt8.cloudfront.net\/12\/2018\/03\/image13-768x513.jpeg 768w, https:\/\/d2p6e6u75xmxt8.cloudfront.net\/12\/2018\/03\/image13-1024x685.jpeg 1024w, https:\/\/d2p6e6u75xmxt8.cloudfront.net\/12\/2018\/03\/image13-1920x1284.jpeg 1920w, https:\/\/d2p6e6u75xmxt8.cloudfront.net\/12\/2018\/03\/image13-272x182.jpeg 272w, https:\/\/d2p6e6u75xmxt8.cloudfront.net\/12\/2018\/03\/image13-1920x1284.jpeg 1920w\" sizes=\"auto, (max-width: 800px) 100vw, 800px\" \/> <img loading=\"lazy\" decoding=\"async\" class=\"alignnone wp-image-345\" src=\"https:\/\/d2p6e6u75xmxt8.cloudfront.net\/12\/2018\/03\/image12.jpeg\" alt=\"Shiny blue icelake\" width=\"800\" height=\"535\" srcset=\"https:\/\/d2p6e6u75xmxt8.cloudfront.net\/12\/2018\/03\/image12.jpeg 2637w, https:\/\/d2p6e6u75xmxt8.cloudfront.net\/12\/2018\/03\/image12-300x201.jpeg 300w, https:\/\/d2p6e6u75xmxt8.cloudfront.net\/12\/2018\/03\/image12-768x513.jpeg 768w, https:\/\/d2p6e6u75xmxt8.cloudfront.net\/12\/2018\/03\/image12-1024x685.jpeg 1024w, https:\/\/d2p6e6u75xmxt8.cloudfront.net\/12\/2018\/03\/image12-1920x1284.jpeg 1920w, https:\/\/d2p6e6u75xmxt8.cloudfront.net\/12\/2018\/03\/image12-272x182.jpeg 272w, https:\/\/d2p6e6u75xmxt8.cloudfront.net\/12\/2018\/03\/image12-1920x1284.jpeg 1920w\" sizes=\"auto, (max-width: 800px) 100vw, 800px\" \/> <img loading=\"lazy\" decoding=\"async\" class=\"alignnone wp-image-347\" src=\"https:\/\/d2p6e6u75xmxt8.cloudfront.net\/12\/2018\/03\/image14.jpeg\" alt=\"image14\" width=\"800\" height=\"152\" srcset=\"https:\/\/d2p6e6u75xmxt8.cloudfront.net\/12\/2018\/03\/image14.jpeg 2360w, https:\/\/d2p6e6u75xmxt8.cloudfront.net\/12\/2018\/03\/image14-300x57.jpeg 300w, https:\/\/d2p6e6u75xmxt8.cloudfront.net\/12\/2018\/03\/image14-768x146.jpeg 768w, https:\/\/d2p6e6u75xmxt8.cloudfront.net\/12\/2018\/03\/image14-1024x194.jpeg 1024w, https:\/\/d2p6e6u75xmxt8.cloudfront.net\/12\/2018\/03\/image14-1920x364.jpeg 1920w, https:\/\/d2p6e6u75xmxt8.cloudfront.net\/12\/2018\/03\/image14-1920x364.jpeg 1920w\" sizes=\"auto, (max-width: 800px) 100vw, 800px\" \/><\/p>\n<p>Elkezd\u0151d\u00f6tt. Hossz\u00fa t\u00far\u00e1m els\u0151 k\u00e9t het\u00e9n t\u00fal vagyok.<\/p>\n<p><a href=\"https:\/\/www.youtube.com\/watch?v=1Hdivuk0mm8\">https:\/\/www.youtube.com\/watch?v=1Hdivuk0mm8<\/a><\/p>\n<p>Itt-ott tal\u00e1lkoztam m\u00e1s biciklist\u00e1kkal, akik 2-3 hetes ker\u00e9kp\u00e1ros nyaral\u00e1s keret\u00e9ben j\u00e1rj\u00e1k be Izlandot. Az egyetlen kiv\u00e9tel az ausztr\u00e1l t\u00far\u00e1z\u00f3 Luke volt, aki 6 h\u00f3napja biciklizett \u00e9s ezen nem is akart a k\u00f6zelj\u00f6v\u0151ben v\u00e1ltoztatni. Azut\u00e1n, hogy n\u00e9h\u00e1ny \u00e9vet irod\u00e1ban t\u00f6lt\u00f6tt \u00e9s (saj\u00e1t szavaival) \u201ev\u00e1rta, hogy elkezd\u0151dj\u00f6n az \u00e9lete\u201d, \u00fagy d\u00f6nt\u00f6tt, kil\u00e9p a munkahely\u00e9r\u0151l \u00e9s felfedezi a vil\u00e1got. El\u0151sz\u00f6r csak h\u00e1tizs\u00e1kos utaz\u00f3k\u00e9nt, most pedig k\u00e9t ker\u00e9ken. Ott \u00fcltem vele egy h\u00e1g\u00f3 tetej\u00e9n legal\u00e1bb egy \u00f3r\u00e1n \u00e1t a mened\u00e9khelyen, ahol tal\u00e1lkoztunk. <strong>\u201eTe olyan vagy, mint \u00e9n!\u201d<\/strong> mondta t\u00f6bbsz\u00f6r is. \u00c9s t\u00e9nyleg, mindkett\u0151nknek j\u00f3 \u00e9rz\u00e9s volt tal\u00e1lkozni olyannal, aki hasonl\u00f3 d\u00f6nt\u00e9st hozott \u00e9s maga m\u00f6g\u00f6tt hagyta a csal\u00e1di \u00e9letet, hogy v\u00e9gigtekerje a vil\u00e1got, am\u00edg r\u00e1 nem lel arra, amit sz\u00edvesebben csin\u00e1lna.<\/p>\n<p><img loading=\"lazy\" decoding=\"async\" class=\"alignnone wp-image-349\" src=\"https:\/\/d2p6e6u75xmxt8.cloudfront.net\/12\/2018\/03\/image15.jpeg\" alt=\"Luke, ausztr\u00e1l t\u00far\u00e1z\u00f3\" width=\"800\" height=\"535\" srcset=\"https:\/\/d2p6e6u75xmxt8.cloudfront.net\/12\/2018\/03\/image15.jpeg 2637w, https:\/\/d2p6e6u75xmxt8.cloudfront.net\/12\/2018\/03\/image15-300x201.jpeg 300w, https:\/\/d2p6e6u75xmxt8.cloudfront.net\/12\/2018\/03\/image15-768x513.jpeg 768w, https:\/\/d2p6e6u75xmxt8.cloudfront.net\/12\/2018\/03\/image15-1024x685.jpeg 1024w, https:\/\/d2p6e6u75xmxt8.cloudfront.net\/12\/2018\/03\/image15-1920x1284.jpeg 1920w, https:\/\/d2p6e6u75xmxt8.cloudfront.net\/12\/2018\/03\/image15-272x182.jpeg 272w, https:\/\/d2p6e6u75xmxt8.cloudfront.net\/12\/2018\/03\/image15-1920x1284.jpeg 1920w\" sizes=\"auto, (max-width: 800px) 100vw, 800px\" \/><\/p>\n<p><img loading=\"lazy\" decoding=\"async\" class=\"alignnone wp-image-351\" src=\"https:\/\/d2p6e6u75xmxt8.cloudfront.net\/12\/2018\/03\/image16.jpeg\" alt=\"\u00c9n, a mened\u00e9khelyen\" width=\"800\" height=\"516\" srcset=\"https:\/\/d2p6e6u75xmxt8.cloudfront.net\/12\/2018\/03\/image16.jpeg 2637w, https:\/\/d2p6e6u75xmxt8.cloudfront.net\/12\/2018\/03\/image16-300x194.jpeg 300w, https:\/\/d2p6e6u75xmxt8.cloudfront.net\/12\/2018\/03\/image16-768x496.jpeg 768w, https:\/\/d2p6e6u75xmxt8.cloudfront.net\/12\/2018\/03\/image16-1024x661.jpeg 1024w, https:\/\/d2p6e6u75xmxt8.cloudfront.net\/12\/2018\/03\/image16-1920x1239.jpeg 1920w, https:\/\/d2p6e6u75xmxt8.cloudfront.net\/12\/2018\/03\/image16-1920x1239.jpeg 1920w\" sizes=\"auto, (max-width: 800px) 100vw, 800px\" \/><\/p>\n<p><strong>\u00c9s, hogy vagy?<\/strong> K\u00e9rdezik t\u0151lem rendszeresen.<\/p>\n<p><strong>\u2018J\u00f3l!\u2019<\/strong> Csak ennyit tudok mondani.<\/p>\n<p>Az els\u0151 h\u00e9ten el\u00e9g sokat gondoltam az otthoniakra. \u00c1lland\u00f3an beugrottak azok a dolgok, amiket egy darabig nem fogok csin\u00e1lni vagy \u00e1t\u00e9lni, valamint azok az emberek, akiket sok\u00e1ig nem fogok l\u00e1tni. A sz\u00fcleim, a testv\u00e9reim, a saj\u00e1t h\u00e1zam, a v\u00e1rosi csatangol\u00e1s egy bar\u00e1tommal, ismerni a lak\u00f3helyem, a megszokott k\u00f6rnyezetem. Mik\u00f6zben \u00e9lveztem a teker\u00e9st \u00e9s a s\u00e1traz\u00e1st, egyfajta gy\u00e1szt \u00fcltem, \u00e9s m\u00e9gis&#8230; Nincs igaz\u00e1n ig\u00e9nyem \u201e\u00faj\u201d embereket megismerni, kiv\u00e9ve n\u00e9h\u00e1ny \u201ehossz\u00fa t\u00e1v\u00fa utaz\u00f3t\u201d. Egy amerikai p\u00e1r m\u00e1r vil\u00e1gk\u00f6r\u00fcli vitorl\u00e1z\u00e1suk kezdet\u00e9n megh\u00edvott a fed\u00e9lzet\u00fckre j\u00f6v\u0151re. Pillanatnyilag nagyon \u00e9lvezem a mag\u00e1nyt, \u00e9s \u00fagy \u00e9rzem, hogy azok a csod\u00e1s \u00e9s leny\u0171g\u00f6z\u0151 dolgok, amelyek az ut\u00f3bbi h\u00f3napokban otthon t\u00f6rt\u00e9ntek velem, a fejemb\u0151l a sz\u00edvembe k\u00f6lt\u00f6ztek. Mintha helyet csin\u00e1ln\u00e1nak azoknak a kalandoknak, amelyek el\u0151ttem \u00e1llnak \u00e9s amelyekre oly r\u00e9g\u00f3ta v\u00e1gyom.<\/p>\n<p><em>Egy este\/\u00e9jszaka\/reggel egy ker\u00e9kp\u00e1ros utaz\u00f3 \u00e9let\u00e9ben:<\/em><\/p>\n<p><img loading=\"lazy\" decoding=\"async\" class=\"alignnone wp-image-353\" src=\"https:\/\/d2p6e6u75xmxt8.cloudfront.net\/12\/2018\/03\/image17.jpeg\" alt=\"image17\" width=\"800\" height=\"450\" srcset=\"https:\/\/d2p6e6u75xmxt8.cloudfront.net\/12\/2018\/03\/image17.jpeg 2638w, https:\/\/d2p6e6u75xmxt8.cloudfront.net\/12\/2018\/03\/image17-300x169.jpeg 300w, https:\/\/d2p6e6u75xmxt8.cloudfront.net\/12\/2018\/03\/image17-768x432.jpeg 768w, https:\/\/d2p6e6u75xmxt8.cloudfront.net\/12\/2018\/03\/image17-1024x576.jpeg 1024w, https:\/\/d2p6e6u75xmxt8.cloudfront.net\/12\/2018\/03\/image17-1920x1080.jpeg 1920w, https:\/\/d2p6e6u75xmxt8.cloudfront.net\/12\/2018\/03\/image17-1920x1080.jpeg 1920w\" sizes=\"auto, (max-width: 800px) 100vw, 800px\" \/><\/p>\n<p>A l\u00e1tv\u00e1ny<\/p>\n<p><img loading=\"lazy\" decoding=\"async\" class=\"alignnone wp-image-355\" src=\"https:\/\/d2p6e6u75xmxt8.cloudfront.net\/12\/2018\/03\/image18.jpeg\" alt=\"Vacsora. Feh\u00e9r bab paradicsomsz\u00f3szban tortillacsipsszel.\" width=\"800\" height=\"450\" srcset=\"https:\/\/d2p6e6u75xmxt8.cloudfront.net\/12\/2018\/03\/image18.jpeg 1280w, https:\/\/d2p6e6u75xmxt8.cloudfront.net\/12\/2018\/03\/image18-300x169.jpeg 300w, https:\/\/d2p6e6u75xmxt8.cloudfront.net\/12\/2018\/03\/image18-768x432.jpeg 768w, https:\/\/d2p6e6u75xmxt8.cloudfront.net\/12\/2018\/03\/image18-1024x576.jpeg 1024w\" sizes=\"auto, (max-width: 800px) 100vw, 800px\" \/><\/p>\n<p>Vacsora. Feh\u00e9r bab paradicsomsz\u00f3szban tortillacsipsszel.<\/p>\n<p><img loading=\"lazy\" decoding=\"async\" class=\"alignnone wp-image-357\" src=\"https:\/\/d2p6e6u75xmxt8.cloudfront.net\/12\/2018\/03\/image19.jpeg\" alt=\"Olvas\u00e1s kil\u00e1t\u00e1ssal, forr\u00f3 tea \u00e9s csokol\u00e1d\u00e9\" width=\"800\" height=\"450\" srcset=\"https:\/\/d2p6e6u75xmxt8.cloudfront.net\/12\/2018\/03\/image19.jpeg 1280w, https:\/\/d2p6e6u75xmxt8.cloudfront.net\/12\/2018\/03\/image19-300x169.jpeg 300w, https:\/\/d2p6e6u75xmxt8.cloudfront.net\/12\/2018\/03\/image19-768x432.jpeg 768w, https:\/\/d2p6e6u75xmxt8.cloudfront.net\/12\/2018\/03\/image19-1024x576.jpeg 1024w\" sizes=\"auto, (max-width: 800px) 100vw, 800px\" \/><\/p>\n<p>Olvas\u00e1s kil\u00e1t\u00e1ssal, forr\u00f3 tea \u00e9s csokol\u00e1d\u00e9<\/p>\n<p><img loading=\"lazy\" decoding=\"async\" class=\"alignnone wp-image-359\" src=\"https:\/\/d2p6e6u75xmxt8.cloudfront.net\/12\/2018\/03\/image20.jpeg\" alt=\"image20\" width=\"800\" height=\"450\" srcset=\"https:\/\/d2p6e6u75xmxt8.cloudfront.net\/12\/2018\/03\/image20.jpeg 1280w, https:\/\/d2p6e6u75xmxt8.cloudfront.net\/12\/2018\/03\/image20-300x169.jpeg 300w, https:\/\/d2p6e6u75xmxt8.cloudfront.net\/12\/2018\/03\/image20-768x432.jpeg 768w, https:\/\/d2p6e6u75xmxt8.cloudfront.net\/12\/2018\/03\/image20-1024x576.jpeg 1024w\" sizes=\"auto, (max-width: 800px) 100vw, 800px\" \/><\/p>\n<p>0:55, naplemente<\/p>\n<p><img loading=\"lazy\" decoding=\"async\" class=\"alignnone wp-image-361\" src=\"https:\/\/d2p6e6u75xmxt8.cloudfront.net\/12\/2018\/03\/image21.jpeg\" alt=\"image21\" width=\"800\" height=\"450\" srcset=\"https:\/\/d2p6e6u75xmxt8.cloudfront.net\/12\/2018\/03\/image21.jpeg 1280w, https:\/\/d2p6e6u75xmxt8.cloudfront.net\/12\/2018\/03\/image21-300x169.jpeg 300w, https:\/\/d2p6e6u75xmxt8.cloudfront.net\/12\/2018\/03\/image21-768x432.jpeg 768w, https:\/\/d2p6e6u75xmxt8.cloudfront.net\/12\/2018\/03\/image21-1024x576.jpeg 1024w\" sizes=\"auto, (max-width: 800px) 100vw, 800px\" \/><\/p>\n<p>Alv\u00e1s maszkban<\/p>\n<p><img loading=\"lazy\" decoding=\"async\" class=\"alignnone wp-image-363\" src=\"https:\/\/d2p6e6u75xmxt8.cloudfront.net\/12\/2018\/03\/image22.jpeg\" alt=\"image22\" width=\"800\" height=\"450\" srcset=\"https:\/\/d2p6e6u75xmxt8.cloudfront.net\/12\/2018\/03\/image22.jpeg 1280w, https:\/\/d2p6e6u75xmxt8.cloudfront.net\/12\/2018\/03\/image22-300x169.jpeg 300w, https:\/\/d2p6e6u75xmxt8.cloudfront.net\/12\/2018\/03\/image22-768x432.jpeg 768w, https:\/\/d2p6e6u75xmxt8.cloudfront.net\/12\/2018\/03\/image22-1024x576.jpeg 1024w\" sizes=\"auto, (max-width: 800px) 100vw, 800px\" \/><\/p>\n<p>Reggelire zabk\u00e1sa a naps\u00fct\u00e9sben<\/p>\n<p><img loading=\"lazy\" decoding=\"async\" class=\"alignnone wp-image-365\" src=\"https:\/\/d2p6e6u75xmxt8.cloudfront.net\/12\/2018\/03\/image23.jpeg\" alt=\"image23\" width=\"800\" height=\"450\" srcset=\"https:\/\/d2p6e6u75xmxt8.cloudfront.net\/12\/2018\/03\/image23.jpeg 1280w, https:\/\/d2p6e6u75xmxt8.cloudfront.net\/12\/2018\/03\/image23-300x169.jpeg 300w, https:\/\/d2p6e6u75xmxt8.cloudfront.net\/12\/2018\/03\/image23-768x432.jpeg 768w, https:\/\/d2p6e6u75xmxt8.cloudfront.net\/12\/2018\/03\/image23-1024x576.jpeg 1024w\" sizes=\"auto, (max-width: 800px) 100vw, 800px\" \/><\/p>\n<p>K\u00e9szen egy \u00fajabb napra<\/p>\n<p><strong>Van \u00e9rtelme!<\/strong> Van \u00e9rtelmem.<\/p>\n<p>Kiss\u00e9 agg\u00f3dtam, hogy \u00fajra ezt fogom \u00e9rezni, de aggodalmaim megalapozatlanok voltak.<\/p>\n<p>Sz\u00e1mos nagy pillanat, bicikliz\u00e9s vagy kempingez\u00e9s \u2013 \u00fagy \u00e9rzem, erre sz\u00fclettem!<br \/>\n\u00c9s \u00fagy t\u0171nik, nem vagyok egyed\u00fcl ezzel az \u00e9rz\u00e9ssel, l\u00e1tva az el\u0151ttem \u00e1ll\u00f3 lehet\u0151s\u00e9geket: \u00faj szponzor vagy az els\u0151, \u201e\u00faton\u201d v\u00e9gzett szabad\u00fasz\u00f3 munk\u00e1m. \u00cdrni a welovecycling.com-ra!<\/p>\n<p>Holnap \u00fajra nyeregbe sz\u00e1llok, hogy Akureyribe tekerjek, ebbe az \u00e9szak-izlandi egyetemi v\u00e1rosba, \u00e9s csak rem\u00e9lni tudom, hogy hamarosan megnyitj\u00e1k az orsz\u00e1g belsej\u00e9be vezet\u0151 utakat.<\/p>\n<p>A kavicsos \u00fatra gondolok, a vulk\u00e1nokra, gleccserekre, gejz\u00edrekre \u00e9s a gy\u00f6ny\u00f6r\u0171 kempinghelyekre!<\/p>\n","protected":false},"excerpt":{"rendered":"<p>16 napja indultam el a \u201enagy utamra\u201d. Jelenleg 988 km-t mutat a biciklim sebess\u00e9gm\u00e9r\u0151je. Nem egy vil\u00e1got renget\u0151 sz\u00e1m, de [&hellip;]<\/p>\n","protected":false},"author":71,"featured_media":367,"comment_status":"open","ping_status":"open","sticky":false,"template":"","format":"standard","meta":{"footnotes":""},"categories":[13],"tags":[],"global-categories":[],"class_list":["post-326","post","type-post","status-publish","format-standard","has-post-thumbnail","hentry","category-blog"],"yoast_head":"<!-- This site is optimized with the Yoast SEO Premium plugin v25.3 (Yoast SEO v25.9) - https:\/\/yoast.com\/wordpress\/plugins\/seo\/ -->\n<title>Blog: Vil\u00e1gutaz\u00e1s Hera van Willickkel \u2013 1. r\u00e9sz - \u0160koda We Love Cycling - Magyarorsz\u00e1g<\/title>\n<meta name=\"robots\" content=\"index, follow, max-snippet:-1, max-image-preview:large, max-video-preview:-1\" \/>\n<link rel=\"canonical\" href=\"https:\/\/www.welovecycling.com\/hu\/blog\/blog-vilagutazas-hera-van-willickkel-1-resz\/\" \/>\n<meta property=\"og:locale\" content=\"hu_HU\" \/>\n<meta property=\"og:type\" content=\"article\" \/>\n<meta property=\"og:title\" content=\"Blog: Vil\u00e1gutaz\u00e1s Hera van Willickkel \u2013 1. r\u00e9sz\" \/>\n<meta property=\"og:description\" content=\"16 napja indultam el a \u201enagy utamra\u201d. Jelenleg 988 km-t mutat a biciklim sebess\u00e9gm\u00e9r\u0151je. Nem egy vil\u00e1got renget\u0151 sz\u00e1m, de [&hellip;]\" \/>\n<meta property=\"og:url\" content=\"https:\/\/www.welovecycling.com\/hu\/blog\/blog-vilagutazas-hera-van-willickkel-1-resz\/\" \/>\n<meta property=\"og:site_name\" content=\"\u0160koda We Love Cycling - Magyarorsz\u00e1g\" \/>\n<meta property=\"article:publisher\" content=\"https:\/\/www.facebook.com\/WeLoveCyclingHungary\/\" \/>\n<meta property=\"article:published_time\" content=\"2018-03-08T10:00:10+00:00\" \/>\n<meta property=\"og:image\" content=\"https:\/\/d2p6e6u75xmxt8.cloudfront.net\/12\/2018\/03\/4242_4224.jpg\" \/>\n\t<meta property=\"og:image:width\" content=\"1375\" \/>\n\t<meta property=\"og:image:height\" content=\"600\" \/>\n\t<meta property=\"og:image:type\" content=\"image\/jpeg\" \/>\n<meta name=\"author\" content=\"hegyizs\" \/>\n<meta name=\"twitter:card\" content=\"summary_large_image\" \/>\n<meta name=\"twitter:label1\" content=\"Written by\" \/>\n\t<meta name=\"twitter:data1\" content=\"Hera van Willick\" \/>\n\t<meta name=\"twitter:label2\" content=\"Est. reading time\" \/>\n\t<meta name=\"twitter:data2\" content=\"8 minutes\" \/>\n<script type=\"application\/ld+json\" class=\"yoast-schema-graph\">{\"@context\":\"https:\/\/schema.org\",\"@graph\":[{\"@type\":\"WebPage\",\"@id\":\"https:\/\/www.welovecycling.com\/hu\/blog\/blog-vilagutazas-hera-van-willickkel-1-resz\/\",\"url\":\"https:\/\/www.welovecycling.com\/hu\/blog\/blog-vilagutazas-hera-van-willickkel-1-resz\/\",\"name\":\"Blog: Vil\u00e1gutaz\u00e1s Hera van Willickkel \u2013 1. r\u00e9sz - \u0160koda We Love Cycling - Magyarorsz\u00e1g\",\"isPartOf\":{\"@id\":\"https:\/\/www.welovecycling.com\/hu\/#website\"},\"primaryImageOfPage\":{\"@id\":\"https:\/\/www.welovecycling.com\/hu\/blog\/blog-vilagutazas-hera-van-willickkel-1-resz\/#primaryimage\"},\"image\":{\"@id\":\"https:\/\/www.welovecycling.com\/hu\/blog\/blog-vilagutazas-hera-van-willickkel-1-resz\/#primaryimage\"},\"thumbnailUrl\":\"https:\/\/d2p6e6u75xmxt8.cloudfront.net\/12\/2018\/03\/4242_4224.jpg\",\"datePublished\":\"2018-03-08T10:00:10+00:00\",\"author\":{\"@id\":\"https:\/\/www.welovecycling.com\/hu\/#\/schema\/person\/414a2aebf1801691a5320edb6468e194\"},\"breadcrumb\":{\"@id\":\"https:\/\/www.welovecycling.com\/hu\/blog\/blog-vilagutazas-hera-van-willickkel-1-resz\/#breadcrumb\"},\"inLanguage\":\"hu\",\"potentialAction\":[{\"@type\":\"ReadAction\",\"target\":[\"https:\/\/www.welovecycling.com\/hu\/blog\/blog-vilagutazas-hera-van-willickkel-1-resz\/\"]}]},{\"@type\":\"ImageObject\",\"inLanguage\":\"hu\",\"@id\":\"https:\/\/www.welovecycling.com\/hu\/blog\/blog-vilagutazas-hera-van-willickkel-1-resz\/#primaryimage\",\"url\":\"https:\/\/d2p6e6u75xmxt8.cloudfront.net\/12\/2018\/03\/4242_4224.jpg\",\"contentUrl\":\"https:\/\/d2p6e6u75xmxt8.cloudfront.net\/12\/2018\/03\/4242_4224.jpg\",\"width\":1375,\"height\":600},{\"@type\":\"BreadcrumbList\",\"@id\":\"https:\/\/www.welovecycling.com\/hu\/blog\/blog-vilagutazas-hera-van-willickkel-1-resz\/#breadcrumb\",\"itemListElement\":[{\"@type\":\"ListItem\",\"position\":1,\"name\":\"Home\",\"item\":\"https:\/\/www.welovecycling.com\/hu\/\"},{\"@type\":\"ListItem\",\"position\":2,\"name\":\"Blog: Vil\u00e1gutaz\u00e1s Hera van Willickkel \u2013 1. r\u00e9sz\"}]},{\"@type\":\"WebSite\",\"@id\":\"https:\/\/www.welovecycling.com\/hu\/#website\",\"url\":\"https:\/\/www.welovecycling.com\/hu\/\",\"name\":\"\u0160koda We Love Cycling - Magyarorsz\u00e1g\",\"description\":\"\u0160koda WeLoveCycling\",\"potentialAction\":[{\"@type\":\"SearchAction\",\"target\":{\"@type\":\"EntryPoint\",\"urlTemplate\":\"https:\/\/www.welovecycling.com\/hu\/?s={search_term_string}\"},\"query-input\":{\"@type\":\"PropertyValueSpecification\",\"valueRequired\":true,\"valueName\":\"search_term_string\"}}],\"inLanguage\":\"hu\"},{\"@type\":\"Person\",\"@id\":\"https:\/\/www.welovecycling.com\/hu\/#\/schema\/person\/414a2aebf1801691a5320edb6468e194\",\"name\":\"hegyizs\",\"image\":{\"@type\":\"ImageObject\",\"inLanguage\":\"hu\",\"@id\":\"https:\/\/www.welovecycling.com\/hu\/#\/schema\/person\/image\/\",\"url\":\"https:\/\/secure.gravatar.com\/avatar\/02cf8a7906b8cf90cecb4679defac7cfd33a1c2e3b88e4903d947f3bb58eedd3?s=96&d=mm&r=g\",\"contentUrl\":\"https:\/\/secure.gravatar.com\/avatar\/02cf8a7906b8cf90cecb4679defac7cfd33a1c2e3b88e4903d947f3bb58eedd3?s=96&d=mm&r=g\",\"caption\":\"hegyizs\"},\"url\":\"https:\/\/www.welovecycling.com\/hu\/author\/hegyizs\/\"}]}<\/script>\n<!-- \/ Yoast SEO Premium plugin. -->","yoast_head_json":{"title":"Blog: Vil\u00e1gutaz\u00e1s Hera van Willickkel \u2013 1. r\u00e9sz - \u0160koda We Love Cycling - Magyarorsz\u00e1g","robots":{"index":"index","follow":"follow","max-snippet":"max-snippet:-1","max-image-preview":"max-image-preview:large","max-video-preview":"max-video-preview:-1"},"canonical":"https:\/\/www.welovecycling.com\/hu\/blog\/blog-vilagutazas-hera-van-willickkel-1-resz\/","og_locale":"hu_HU","og_type":"article","og_title":"Blog: Vil\u00e1gutaz\u00e1s Hera van Willickkel \u2013 1. r\u00e9sz","og_description":"16 napja indultam el a \u201enagy utamra\u201d. Jelenleg 988 km-t mutat a biciklim sebess\u00e9gm\u00e9r\u0151je. Nem egy vil\u00e1got renget\u0151 sz\u00e1m, de [&hellip;]","og_url":"https:\/\/www.welovecycling.com\/hu\/blog\/blog-vilagutazas-hera-van-willickkel-1-resz\/","og_site_name":"\u0160koda We Love Cycling - Magyarorsz\u00e1g","article_publisher":"https:\/\/www.facebook.com\/WeLoveCyclingHungary\/","article_published_time":"2018-03-08T10:00:10+00:00","og_image":[{"width":1375,"height":600,"url":"https:\/\/d2p6e6u75xmxt8.cloudfront.net\/12\/2018\/03\/4242_4224.jpg","type":"image\/jpeg"}],"author":"hegyizs","twitter_card":"summary_large_image","twitter_misc":{"Written by":"Hera van Willick","Est. reading time":"8 minutes"},"schema":{"@context":"https:\/\/schema.org","@graph":[{"@type":"WebPage","@id":"https:\/\/www.welovecycling.com\/hu\/blog\/blog-vilagutazas-hera-van-willickkel-1-resz\/","url":"https:\/\/www.welovecycling.com\/hu\/blog\/blog-vilagutazas-hera-van-willickkel-1-resz\/","name":"Blog: Vil\u00e1gutaz\u00e1s Hera van Willickkel \u2013 1. r\u00e9sz - \u0160koda We Love Cycling - Magyarorsz\u00e1g","isPartOf":{"@id":"https:\/\/www.welovecycling.com\/hu\/#website"},"primaryImageOfPage":{"@id":"https:\/\/www.welovecycling.com\/hu\/blog\/blog-vilagutazas-hera-van-willickkel-1-resz\/#primaryimage"},"image":{"@id":"https:\/\/www.welovecycling.com\/hu\/blog\/blog-vilagutazas-hera-van-willickkel-1-resz\/#primaryimage"},"thumbnailUrl":"https:\/\/d2p6e6u75xmxt8.cloudfront.net\/12\/2018\/03\/4242_4224.jpg","datePublished":"2018-03-08T10:00:10+00:00","author":{"@id":"https:\/\/www.welovecycling.com\/hu\/#\/schema\/person\/414a2aebf1801691a5320edb6468e194"},"breadcrumb":{"@id":"https:\/\/www.welovecycling.com\/hu\/blog\/blog-vilagutazas-hera-van-willickkel-1-resz\/#breadcrumb"},"inLanguage":"hu","potentialAction":[{"@type":"ReadAction","target":["https:\/\/www.welovecycling.com\/hu\/blog\/blog-vilagutazas-hera-van-willickkel-1-resz\/"]}]},{"@type":"ImageObject","inLanguage":"hu","@id":"https:\/\/www.welovecycling.com\/hu\/blog\/blog-vilagutazas-hera-van-willickkel-1-resz\/#primaryimage","url":"https:\/\/d2p6e6u75xmxt8.cloudfront.net\/12\/2018\/03\/4242_4224.jpg","contentUrl":"https:\/\/d2p6e6u75xmxt8.cloudfront.net\/12\/2018\/03\/4242_4224.jpg","width":1375,"height":600},{"@type":"BreadcrumbList","@id":"https:\/\/www.welovecycling.com\/hu\/blog\/blog-vilagutazas-hera-van-willickkel-1-resz\/#breadcrumb","itemListElement":[{"@type":"ListItem","position":1,"name":"Home","item":"https:\/\/www.welovecycling.com\/hu\/"},{"@type":"ListItem","position":2,"name":"Blog: Vil\u00e1gutaz\u00e1s Hera van Willickkel \u2013 1. r\u00e9sz"}]},{"@type":"WebSite","@id":"https:\/\/www.welovecycling.com\/hu\/#website","url":"https:\/\/www.welovecycling.com\/hu\/","name":"\u0160koda We Love Cycling - Magyarorsz\u00e1g","description":"\u0160koda WeLoveCycling","potentialAction":[{"@type":"SearchAction","target":{"@type":"EntryPoint","urlTemplate":"https:\/\/www.welovecycling.com\/hu\/?s={search_term_string}"},"query-input":{"@type":"PropertyValueSpecification","valueRequired":true,"valueName":"search_term_string"}}],"inLanguage":"hu"},{"@type":"Person","@id":"https:\/\/www.welovecycling.com\/hu\/#\/schema\/person\/414a2aebf1801691a5320edb6468e194","name":"hegyizs","image":{"@type":"ImageObject","inLanguage":"hu","@id":"https:\/\/www.welovecycling.com\/hu\/#\/schema\/person\/image\/","url":"https:\/\/secure.gravatar.com\/avatar\/02cf8a7906b8cf90cecb4679defac7cfd33a1c2e3b88e4903d947f3bb58eedd3?s=96&d=mm&r=g","contentUrl":"https:\/\/secure.gravatar.com\/avatar\/02cf8a7906b8cf90cecb4679defac7cfd33a1c2e3b88e4903d947f3bb58eedd3?s=96&d=mm&r=g","caption":"hegyizs"},"url":"https:\/\/www.welovecycling.com\/hu\/author\/hegyizs\/"}]}},"_links":{"self":[{"href":"https:\/\/www.welovecycling.com\/hu\/wp-json\/wp\/v2\/posts\/326","targetHints":{"allow":["GET"]}}],"collection":[{"href":"https:\/\/www.welovecycling.com\/hu\/wp-json\/wp\/v2\/posts"}],"about":[{"href":"https:\/\/www.welovecycling.com\/hu\/wp-json\/wp\/v2\/types\/post"}],"author":[{"embeddable":true,"href":"https:\/\/www.welovecycling.com\/hu\/wp-json\/wp\/v2\/users\/71"}],"replies":[{"embeddable":true,"href":"https:\/\/www.welovecycling.com\/hu\/wp-json\/wp\/v2\/comments?post=326"}],"version-history":[{"count":2,"href":"https:\/\/www.welovecycling.com\/hu\/wp-json\/wp\/v2\/posts\/326\/revisions"}],"predecessor-version":[{"id":391,"href":"https:\/\/www.welovecycling.com\/hu\/wp-json\/wp\/v2\/posts\/326\/revisions\/391"}],"wp:featuredmedia":[{"embeddable":true,"href":"https:\/\/www.welovecycling.com\/hu\/wp-json\/wp\/v2\/media\/367"}],"wp:attachment":[{"href":"https:\/\/www.welovecycling.com\/hu\/wp-json\/wp\/v2\/media?parent=326"}],"wp:term":[{"taxonomy":"category","embeddable":true,"href":"https:\/\/www.welovecycling.com\/hu\/wp-json\/wp\/v2\/categories?post=326"},{"taxonomy":"post_tag","embeddable":true,"href":"https:\/\/www.welovecycling.com\/hu\/wp-json\/wp\/v2\/tags?post=326"},{"taxonomy":"global-categories","embeddable":true,"href":"https:\/\/www.welovecycling.com\/hu\/wp-json\/wp\/v2\/global-categories?post=326"}],"curies":[{"name":"wp","href":"https:\/\/api.w.org\/{rel}","templated":true}]}}