{"id":3235,"date":"2019-05-01T08:57:10","date_gmt":"2019-05-01T07:57:10","guid":{"rendered":"https:\/\/www.welovecycling.com\/hu\/?p=3235"},"modified":"2019-05-02T09:24:03","modified_gmt":"2019-05-02T08:24:03","slug":"a-freeride-ot-sosem-engednem-el-lenthar-gabor-interju","status":"publish","type":"post","link":"https:\/\/www.welovecycling.com\/hu\/blog\/a-freeride-ot-sosem-engednem-el-lenthar-gabor-interju\/","title":{"rendered":"A freeride-ot sosem engedn\u00e9m el \u2013 Lenth\u00e1r G\u00e1bor interj\u00fa"},"content":{"rendered":"<p><strong>Lenth\u00e1r G\u00e1bor 2017-ben versenyezte el\u0151sz\u00f6r v\u00e9gig az \u00e9vet downhill szak\u00e1gban, \u00e9s meg is nyerte az Epl\u00e9nyben rendezett orsz\u00e1gos bajnoki futamot. Persze nem akkor \u00fclt el\u0151sz\u00f6r bring\u00e1n, de az eredm\u00e9ny \u00edgy is sz\u00e9p, az\u00f3ta az egyik legsikeresebb hazai downhilles. Bring\u00e1kr\u00f3l, es\u00e9lyekr\u0151l, versenyz\u00e9sr\u0151l besz\u00e9lgett\u00fcnk.<\/strong><!--more--><\/p>\n<h3><strong>Hogy siker\u00fclt a h\u00e9tv\u00e9ge? \u00c9pp csak haza\u00e9rt\u00e9l a maribori iXS Eur\u00f3pa Kupa futam\u00e1r\u00f3l.<\/strong><\/h3>\n<p>Csal\u00f3dott nem vagyok, de enn\u00e9l t\u00f6bbet v\u00e1rtam. 129. helyen j\u00f6ttem be (a t\u00f6bb mint 200 elit kateg\u00f3ri\u00e1j\u00fa versenyz\u0151b\u0151l &#8211; a szerk.), ez a harmadik legjobb magyar eredm\u00e9ny. A p\u00e1lya is \u00faj volt, nem szoktam m\u00e9g hozz\u00e1 az ilyen technik\u00e1sabb nyomokhoz, eddig legink\u00e1bb az SPDH (szlov\u00e1k kupasorozat) futamain mentem. Ez volt a m\u00e1sodik Eur\u00f3pa Kupa futamom, szokni kell m\u00e9g a k\u00f6r\u00fclm\u00e9nyeket. R\u00e1ad\u00e1sul a bring\u00e1m is csak p\u00e9nteken k\u00e9sz\u00fclt el, kellett volna m\u00e9g egy kicsit szokni. Ehhez k\u00e9pest nem siker\u00fclt rosszul, csak mindig t\u00f6bbet v\u00e1rok magamt\u00f3l.<\/p>\n<h3><strong>Milyen bring\u00e1val is m\u00e9sz most?<\/strong><\/h3>\n<p>Egy CTM Mons Pro &#8211; val, ami t\u00f6bbnyire gy\u00e1ri, de tavaly \u00e9v k\u00f6zben Fox fut\u00f3m\u0171re v\u00e1ltottam. A tag egy rug\u00f3s DHX 2, a villa pedig egy Fox 40. A gy\u00e1ri Rock Shox elemek sem rosszak, de versenyz\u00e9shez egyszer\u0171en jobb a Fox.<\/p>\n<h3><strong>\u00c9ppen a downhill szak\u00e1gban is alakulnak a trendek: te mit gondolsz, 27,5, vagy 29 colos ker\u00e9kkel jobb lejt\u0151zni?<\/strong><\/h3>\n<p>Az a baj, hogy annyira nem vagyok m\u00e9g benne ebben a sportban, ez a harmadik akt\u00edv \u00e9vem, de most m\u00e1r \u00fagy \u00e9rzem, kipr\u00f3b\u00e1ln\u00e9k egy 29-est. Lehet, ha most kellett volna kital\u00e1lni a bring\u00e1t, \u00e9s a CTM-nek lett volna ilyenje, m\u00e1r arra esett volna a v\u00e1laszt\u00e1som. Izgatja a fant\u00e1zi\u00e1mat, l\u00e1tom az el\u0151nyeit, kicsit \u00fagy is \u00e9rzem, hogy a bring\u00e1z\u00e1si st\u00edlusomhoz m\u00e9g j\u00f3l is j\u00f6het. Ki tudja, lehet, hogy j\u00f6v\u0151re kipr\u00f3b\u00e1lom.<\/p>\n<p><a href=\"https:\/\/d2p6e6u75xmxt8.cloudfront.net\/12\/2019\/05\/DSC_9934.jpg\"><img loading=\"lazy\" decoding=\"async\" class=\"alignnone size-full wp-image-3239\" src=\"https:\/\/d2p6e6u75xmxt8.cloudfront.net\/12\/2019\/05\/DSC_9934.jpg\" alt=\"\" width=\"1000\" height=\"668\" srcset=\"https:\/\/d2p6e6u75xmxt8.cloudfront.net\/12\/2019\/05\/DSC_9934.jpg 1000w, https:\/\/d2p6e6u75xmxt8.cloudfront.net\/12\/2019\/05\/DSC_9934-300x200.jpg 300w, https:\/\/d2p6e6u75xmxt8.cloudfront.net\/12\/2019\/05\/DSC_9934-768x513.jpg 768w, https:\/\/d2p6e6u75xmxt8.cloudfront.net\/12\/2019\/05\/DSC_9934-272x182.jpg 272w\" sizes=\"auto, (max-width: 1000px) 100vw, 1000px\" \/><\/a><\/p>\n<h3><strong>Honnan \u00e9rkezt\u00e9l a downhillbe? A motoroz\u00e1s fel\u0151l, vagy valamilyen m\u00e1s bring\u00e1s szak\u00e1gr\u00f3l v\u00e1ltott\u00e1l?<\/strong><\/h3>\n<p>A dirt jumpb\u00f3l \u00e9rkeztem (f\u00f6ldb\u0151l \u00e9p\u00edtett, meredek \u00edv\u0171 ugrat\u00f3k, a hangs\u00faly a tr\u00fckk\u00f6k\u00f6n van &#8211; a szerk.), 2003-4-ben m\u00e1r a Red Bull Dirt Ride verseny\u00e9n indultam, vagyis olyan 13 \u00e9v dirtversenyz\u00e9s ut\u00e1n kezdtem bele a downhillbe.<\/p>\n<h3><strong>Az\u00e9rt a k\u00e9t sport nagyon messze van egym\u00e1st\u00f3l, mi\u00e9rt v\u00e1ltott\u00e1l?<\/strong><\/h3>\n<p>A dirt jump nagyon j\u00f3 volt, csak sosem volt egy egy\u00e9rtelm\u0171 eredm\u00e9ny, hiszen egy zs\u0171ri pontozza a tr\u00fckk st\u00edlus\u00e1t, kivitelez\u00e9s\u00e9t. Nem \u00e9reztem, hogy igazs\u00e1gtalan lett volna, de elkezdtem v\u00e1gyni arra a fajta megm\u00e9rettet\u00e9sre, ahol egy \u00f3ra van. Az nem hazudik, azt nem lehet m\u00e1shogy \u00e9rt\u00e9kelni, de f\u0151leg az\u00e9rt v\u00e1ltottam, mert kezdtem ki\u00f6regedni a dirtb\u0151l. Nem tanultam m\u00e1r olyan k\u00f6nnyen \u00faj tr\u00fckk\u00f6ket, j\u00f6ttek a fiatalok, akiknek ez nem volt gond. Szeretek eredm\u00e9nyes maradni, \u00e9s a dirtben erre m\u00e1r nem volt lehet\u0151s\u00e9gem, most viszont tudok fejl\u0151dni, tanulni, \u00e9s ez t\u00f6k j\u00f3 \u00e9rz\u00e9s.<\/p>\n<h3><strong>Melyik ad t\u00f6bbet? Amikor kim\u00e9sz \u00e9s \u00f6r\u00f6mb\u0151l biciklizel, c\u00e9lok n\u00e9lk\u00fcl, vagy amikor sz\u00e1mol az \u00f3ra \u00e9s verseny van?<\/strong><\/h3>\n<p>Az el\u0151bbit szerintem nem tudn\u00e1m ki\u00f6lni magamb\u00f3l, m\u00e9giscsak az \u00f6r\u00f6mbring\u00e1z\u00e1s teszi ki a nagyobbik r\u00e9szt a versenyz\u00e9s mellett. Csak \u00fagy menni, l\u00e1tv\u00e1nybiciklizni, tr\u00fckk\u00f6zni, szalt\u00f3zni, ezek m\u00e9g mindig t\u00f6bbet adnak. Viszont kell az az \u00e9rz\u00e9s is, amikor egy versenyh\u00e9tv\u00e9ge lez\u00e1rul, most ez a c\u00e9lom.<\/p>\n<p><a href=\"https:\/\/d2p6e6u75xmxt8.cloudfront.net\/12\/2019\/05\/DSC_0073.jpg\"><img loading=\"lazy\" decoding=\"async\" class=\"alignnone size-full wp-image-3237\" src=\"https:\/\/d2p6e6u75xmxt8.cloudfront.net\/12\/2019\/05\/DSC_0073.jpg\" alt=\"\" width=\"513\" height=\"768\" srcset=\"https:\/\/d2p6e6u75xmxt8.cloudfront.net\/12\/2019\/05\/DSC_0073.jpg 513w, https:\/\/d2p6e6u75xmxt8.cloudfront.net\/12\/2019\/05\/DSC_0073-200x300.jpg 200w\" sizes=\"auto, (max-width: 513px) 100vw, 513px\" \/><\/a><\/p>\n<h3><strong>Mondtad, hogy endur\u00f3zol is. Sok downhill vil\u00e1gkupa men\u0151 mozdult tov\u00e1bb az endur\u00f3 fel\u00e9, te gondolkodt\u00e1l m\u00e1r ezen?<\/strong><\/h3>\n<p>El tudn\u00e1m k\u00e9pzelni magam endur\u00f3sk\u00e9nt, de most egyszer\u0171en nem \u00e9rzem a motiv\u00e1ci\u00f3t, hogy kipr\u00f3b\u00e1ljam versenyszinten, b\u00e1r ezt l\u00e1tom a legval\u00f3sz\u00edn\u0171bb tov\u00e1bbl\u00e9p\u00e9si lehet\u0151s\u00e9gnek majd a downhill ut\u00e1n. Szeretn\u00e9m azt hinni, hogy m\u00e9g nem \u00e9rtem el mindent a szak\u00e1gamban, m\u00e9g hajtan\u00e1m a c\u00e9lokat.<\/p>\n<h3><strong>Kev\u00e9s hazai sportol\u00f3 teheti meg, hogy kiz\u00e1r\u00f3lag a sportj\u00e1b\u00f3l, a sportj\u00e1nak \u00e9l. Hogy szor\u00edtasz helyet a downhillnek? Mivel foglalkozol civilben?<\/strong><\/h3>\n<p>Civilben katona \u2013 szokt\u00e1k mondani. Egy multin\u00e1l dolgozom, m\u00e1r hatodik \u00e9ve, mint szoftverfejleszt\u0151. Rugalmas a munkaid\u0151m, tudom olyan szinten csin\u00e1lni a downhillt, ahogy szeretn\u00e9m. Amikor van id\u0151m, h\u00e9t k\u00f6zben er\u0151nl\u00e9ti edz\u00e9seket csin\u00e1lok, hogy b\u00edrjam a temp\u00f3t a fiatalabbakkal. Nem mondom, hogy minden h\u00e9tv\u00e9g\u00e9n downhillezek, de minden m\u00e1sodik, harmadik h\u00e9tv\u00e9g\u00e9n igyekszem a technikai edz\u00e9seket csin\u00e1lni. Szezon k\u00f6zben meg persze versenyzek.<\/p>\n<h3><strong>Hova j\u00e1rsz edzeni? Nem \u00e1llunk t\u00fal j\u00f3l heggyel, ink\u00e1bb k\u00fclf\u00f6ldre m\u00e9sz, vagy vannak itthon is j\u00f3 nyomvonalak?<\/strong><\/h3>\n<p>Amikor nincs id\u0151m, vagy a p\u00e9nzt\u00e1rc\u00e1m nem engedi, hogy egy h\u00e9tv\u00e9g\u00e9n 3-400 kilom\u00e9tert aut\u00f3zzak, akkor er\u0151nl\u00e9ti edz\u00e9s gyan\u00e1nt elmegyek endur\u00f3zni, \u00e9s akkor a lefel\u00e9ket is tudom gyakorolni. Ez egy el\u00e9g j\u00f3 p\u00e1ros\u00edt\u00e1s, de ha a lehet\u0151s\u00e9gek engedik, akkor a k\u00f6rnyez\u0151 hegyekbe, Semmeringbe, Mariborba, Szlov\u00e1ki\u00e1ba j\u00e1runk ki, a felvon\u00f3s p\u00e1ly\u00e1kon edz\u00fcnk.<\/p>\n<h3><strong>Hogy l\u00e1tod a hazai versenyz\u0151k helyzet\u00e9t a r\u00e9gi\u00f3ban? Nagy a k\u00fcl\u00f6nbs\u00e9g a futamokon?<\/strong><\/h3>\n<p>Sajnos le vagyunk maradva, ak\u00e1r a szlov\u00e1k, szlov\u00e9n, vagy osztr\u00e1k bring\u00e1sokhoz k\u00e9pest. P\u00e9ld\u00e1ul most Mariborban, az Eur\u00f3pa Kup\u00e1n a szlov\u00e1k \u00e9lmen\u0151je, Adam Rojcek hat m\u00e1sodperccel maradt el az els\u0151 helyt\u0151l, m\u00e9g a kisd\u00f6nt\u0151t is megnyerte. Igaz, a legjobb harmincba nem jutott be, de ment egy olyan id\u0151t, hogy le a kalappal. A szlov\u00e9nek m\u00e9g egy fokkal a szlov\u00e1kokn\u00e1l is jobbak, t\u00f6bb vil\u00e1gkupa versenyz\u0151j\u00fck van, \u00e9s az osztr\u00e1kok is el\u00e9g er\u0151sek. Nagyon le vagyunk maradva, m\u00edg mi a sz\u00e1zadik hely k\u00f6rny\u00e9k\u00e9n evick\u00e9l\u00fcnk, \u0151k ott tudnak lenni a legjobb 20-30-ban.<\/p>\n<p><a href=\"https:\/\/d2p6e6u75xmxt8.cloudfront.net\/12\/2019\/05\/DSC_0078.jpg\"><img loading=\"lazy\" decoding=\"async\" class=\"alignnone size-full wp-image-3238\" src=\"https:\/\/d2p6e6u75xmxt8.cloudfront.net\/12\/2019\/05\/DSC_0078.jpg\" alt=\"\" width=\"1000\" height=\"668\" srcset=\"https:\/\/d2p6e6u75xmxt8.cloudfront.net\/12\/2019\/05\/DSC_0078.jpg 1000w, https:\/\/d2p6e6u75xmxt8.cloudfront.net\/12\/2019\/05\/DSC_0078-300x200.jpg 300w, https:\/\/d2p6e6u75xmxt8.cloudfront.net\/12\/2019\/05\/DSC_0078-768x513.jpg 768w, https:\/\/d2p6e6u75xmxt8.cloudfront.net\/12\/2019\/05\/DSC_0078-272x182.jpg 272w\" sizes=\"auto, (max-width: 1000px) 100vw, 1000px\" \/><\/a><\/p>\n<h3><strong>Szerinted a f\u00f6ldrajzi adotts\u00e1gok, vagy a sporthoz val\u00f3 hozz\u00e1\u00e1ll\u00e1s az oka a lemarad\u00e1snak?<\/strong><\/h3>\n<p>Biztos vannak f\u00f6ldrajzi okai is, kev\u00e9s a felvon\u00f3s hegy, de nagyon sokat lehetne v\u00e1ltoztatni a sporthoz val\u00f3 hozz\u00e1\u00e1ll\u00e1son is. Nem nagyon l\u00e1tni itthon azt a downhill-kult\u00far\u00e1t, ami kitermelne egy teljes \u00e9rt\u00e9k\u0171 sportol\u00f3t az ut\u00e1np\u00f3tl\u00e1snak. Nincsenek downhillre szakosodott technikai vagy er\u0151nl\u00e9ti edz\u0151k, downhill csapatok sem nagyon, aki tudja, \u00f6n\u00e1ll\u00f3an oldja meg a felk\u00e9sz\u00fcl\u00e9st. Tal\u00e1n csak a Limit Racing k\u00e9pes konzekvensen csin\u00e1lni a csapatagokkal val\u00f3 k\u00f6z\u00f6s, tudatos felk\u00e9sz\u00fcl\u00e9st, de az is er\u0151sen gyerekcip\u0151ben j\u00e1r.<\/p>\n<h3><strong>Mi volt az az \u00e9lm\u00e9nyed, ami a legmaradand\u00f3bb az ut\u00f3bbi p\u00e1r \u00e9vb\u0151l? Nem is felt\u00e9tlen sikerre gondolok.<\/strong><\/h3>\n<p>Nagyon sok volt, de a plusz egy az, amikor Lenzerheid\u00e9ban, a vil\u00e1gbajnoks\u00e1g helysz\u00edn\u00e9n a whip-off versenyen indultam po\u00e9nb\u00f3l. Akkora ugrat\u00f3n m\u00e9g \u00e9letemben nem ugrottam \u00e9s mindig v\u00e1gytam erre, hatalmas \u00e9lm\u00e9ny volt, nagyon \u00f6r\u00fcl\u00f6k, hogy siker\u00fclt. Azt\u00e1n azt sem gondoltam volna, hogy a m\u00e1sodik versenyszezonomban kijutok a vil\u00e1gbajnoks\u00e1gra, \u00e9s az eredm\u00e9ny szempontj\u00e1b\u00f3l az volt m\u00e9g nagyon kellemes eml\u00e9k, amikor a Szlov\u00e1k Kupa egyik nagyon hossz\u00fa, technik\u00e1s p\u00e1ly\u00e1j\u00e1n, es\u0151ben siker\u00fclt els\u0151k\u00e9nt bej\u00f6nni a helyiek el\u0151tt.<\/p>\n<p>https:\/\/www.facebook.com\/gabor.lenthar\/videos\/vb.1235205601\/10217570430632684\/?type=2&#038;video_source=user_video_tab<\/p>\n<p>&nbsp;<\/p>\n<h3><strong>Mit szeretn\u00e9l id\u00e9n el\u00e9rni? El\u00e9gg\u00e9 a szezon elej\u00e9n vagyunk.<\/strong><\/h3>\n<p>Szeretn\u00e9m megnyerni az orsz\u00e1gos bajnoki c\u00edmet. Eddig csak master bajnoki c\u00edmem van itthonr\u00f3l, de most eggyel feljebb l\u00e9ptem az elit kateg\u00f3ri\u00e1ba, j\u00f3 lenne azt is megnyerni. Ez az els\u0151dleges c\u00e9l, \u00e9s persze bejutni a hazai v\u00e1logatottba pontverseny alapj\u00e1n.<\/p>\n","protected":false},"excerpt":{"rendered":"<p>Lenth\u00e1r G\u00e1bor 2017-ben versenyezte el\u0151sz\u00f6r v\u00e9gig az \u00e9vet downhill szak\u00e1gban, \u00e9s meg is nyerte az Epl\u00e9nyben rendezett orsz\u00e1gos bajnoki futamot. [&hellip;]<\/p>\n","protected":false},"author":71,"featured_media":3242,"comment_status":"open","ping_status":"open","sticky":false,"template":"","format":"standard","meta":{"footnotes":""},"categories":[13],"tags":[198,15,358],"global-categories":[],"class_list":["post-3235","post","type-post","status-publish","format-standard","has-post-thumbnail","hentry","category-blog","tag-aranyvilla","tag-downhill","tag-lenthar-gabor"],"yoast_head":"<!-- This site is optimized with the Yoast SEO Premium plugin v25.3 (Yoast SEO v25.9) - https:\/\/yoast.com\/wordpress\/plugins\/seo\/ -->\n<title>A freeride-ot sosem engedn\u00e9m el \u2013 Lenth\u00e1r G\u00e1bor interj\u00fa - \u0160koda We Love Cycling - Magyarorsz\u00e1g<\/title>\n<meta name=\"robots\" content=\"index, follow, max-snippet:-1, max-image-preview:large, max-video-preview:-1\" \/>\n<link rel=\"canonical\" href=\"https:\/\/www.welovecycling.com\/hu\/blog\/a-freeride-ot-sosem-engednem-el-lenthar-gabor-interju\/\" \/>\n<meta property=\"og:locale\" content=\"hu_HU\" \/>\n<meta property=\"og:type\" content=\"article\" \/>\n<meta property=\"og:title\" content=\"A freeride-ot sosem engedn\u00e9m el \u2013 Lenth\u00e1r G\u00e1bor interj\u00fa\" \/>\n<meta property=\"og:description\" content=\"Lenth\u00e1r G\u00e1bor 2017-ben versenyezte el\u0151sz\u00f6r v\u00e9gig az \u00e9vet downhill szak\u00e1gban, \u00e9s meg is nyerte az Epl\u00e9nyben rendezett orsz\u00e1gos bajnoki futamot. [&hellip;]\" \/>\n<meta property=\"og:url\" content=\"https:\/\/www.welovecycling.com\/hu\/blog\/a-freeride-ot-sosem-engednem-el-lenthar-gabor-interju\/\" \/>\n<meta property=\"og:site_name\" content=\"\u0160koda We Love Cycling - Magyarorsz\u00e1g\" \/>\n<meta property=\"article:publisher\" content=\"https:\/\/www.facebook.com\/WeLoveCyclingHungary\/\" \/>\n<meta property=\"article:published_time\" content=\"2019-05-01T07:57:10+00:00\" \/>\n<meta property=\"article:modified_time\" content=\"2019-05-02T08:24:03+00:00\" \/>\n<meta property=\"og:image\" content=\"https:\/\/d2p6e6u75xmxt8.cloudfront.net\/12\/2019\/05\/freeride_lgaabor.jpg\" \/>\n\t<meta property=\"og:image:width\" content=\"1440\" \/>\n\t<meta property=\"og:image:height\" content=\"961\" \/>\n\t<meta property=\"og:image:type\" content=\"image\/jpeg\" \/>\n<meta name=\"author\" content=\"hegyizs\" \/>\n<meta name=\"twitter:card\" content=\"summary_large_image\" \/>\n<meta name=\"twitter:label1\" content=\"Written by\" \/>\n\t<meta name=\"twitter:data1\" content=\"WLC\" \/>\n\t<meta name=\"twitter:label2\" content=\"Est. reading time\" \/>\n\t<meta name=\"twitter:data2\" content=\"7 minutes\" \/>\n<script type=\"application\/ld+json\" class=\"yoast-schema-graph\">{\"@context\":\"https:\/\/schema.org\",\"@graph\":[{\"@type\":\"WebPage\",\"@id\":\"https:\/\/www.welovecycling.com\/hu\/blog\/a-freeride-ot-sosem-engednem-el-lenthar-gabor-interju\/\",\"url\":\"https:\/\/www.welovecycling.com\/hu\/blog\/a-freeride-ot-sosem-engednem-el-lenthar-gabor-interju\/\",\"name\":\"A freeride-ot sosem engedn\u00e9m el \u2013 Lenth\u00e1r G\u00e1bor interj\u00fa - \u0160koda We Love Cycling - Magyarorsz\u00e1g\",\"isPartOf\":{\"@id\":\"https:\/\/www.welovecycling.com\/hu\/#website\"},\"primaryImageOfPage\":{\"@id\":\"https:\/\/www.welovecycling.com\/hu\/blog\/a-freeride-ot-sosem-engednem-el-lenthar-gabor-interju\/#primaryimage\"},\"image\":{\"@id\":\"https:\/\/www.welovecycling.com\/hu\/blog\/a-freeride-ot-sosem-engednem-el-lenthar-gabor-interju\/#primaryimage\"},\"thumbnailUrl\":\"https:\/\/d2p6e6u75xmxt8.cloudfront.net\/12\/2019\/05\/freeride_lgaabor.jpg\",\"datePublished\":\"2019-05-01T07:57:10+00:00\",\"dateModified\":\"2019-05-02T08:24:03+00:00\",\"author\":{\"@id\":\"https:\/\/www.welovecycling.com\/hu\/#\/schema\/person\/414a2aebf1801691a5320edb6468e194\"},\"breadcrumb\":{\"@id\":\"https:\/\/www.welovecycling.com\/hu\/blog\/a-freeride-ot-sosem-engednem-el-lenthar-gabor-interju\/#breadcrumb\"},\"inLanguage\":\"hu\",\"potentialAction\":[{\"@type\":\"ReadAction\",\"target\":[\"https:\/\/www.welovecycling.com\/hu\/blog\/a-freeride-ot-sosem-engednem-el-lenthar-gabor-interju\/\"]}]},{\"@type\":\"ImageObject\",\"inLanguage\":\"hu\",\"@id\":\"https:\/\/www.welovecycling.com\/hu\/blog\/a-freeride-ot-sosem-engednem-el-lenthar-gabor-interju\/#primaryimage\",\"url\":\"https:\/\/d2p6e6u75xmxt8.cloudfront.net\/12\/2019\/05\/freeride_lgaabor.jpg\",\"contentUrl\":\"https:\/\/d2p6e6u75xmxt8.cloudfront.net\/12\/2019\/05\/freeride_lgaabor.jpg\",\"width\":1440,\"height\":961},{\"@type\":\"BreadcrumbList\",\"@id\":\"https:\/\/www.welovecycling.com\/hu\/blog\/a-freeride-ot-sosem-engednem-el-lenthar-gabor-interju\/#breadcrumb\",\"itemListElement\":[{\"@type\":\"ListItem\",\"position\":1,\"name\":\"Home\",\"item\":\"https:\/\/www.welovecycling.com\/hu\/\"},{\"@type\":\"ListItem\",\"position\":2,\"name\":\"A freeride-ot sosem engedn\u00e9m el \u2013 Lenth\u00e1r G\u00e1bor interj\u00fa\"}]},{\"@type\":\"WebSite\",\"@id\":\"https:\/\/www.welovecycling.com\/hu\/#website\",\"url\":\"https:\/\/www.welovecycling.com\/hu\/\",\"name\":\"\u0160koda We Love Cycling - Magyarorsz\u00e1g\",\"description\":\"\u0160koda WeLoveCycling\",\"potentialAction\":[{\"@type\":\"SearchAction\",\"target\":{\"@type\":\"EntryPoint\",\"urlTemplate\":\"https:\/\/www.welovecycling.com\/hu\/?s={search_term_string}\"},\"query-input\":{\"@type\":\"PropertyValueSpecification\",\"valueRequired\":true,\"valueName\":\"search_term_string\"}}],\"inLanguage\":\"hu\"},{\"@type\":\"Person\",\"@id\":\"https:\/\/www.welovecycling.com\/hu\/#\/schema\/person\/414a2aebf1801691a5320edb6468e194\",\"name\":\"hegyizs\",\"image\":{\"@type\":\"ImageObject\",\"inLanguage\":\"hu\",\"@id\":\"https:\/\/www.welovecycling.com\/hu\/#\/schema\/person\/image\/\",\"url\":\"https:\/\/secure.gravatar.com\/avatar\/02cf8a7906b8cf90cecb4679defac7cfd33a1c2e3b88e4903d947f3bb58eedd3?s=96&d=mm&r=g\",\"contentUrl\":\"https:\/\/secure.gravatar.com\/avatar\/02cf8a7906b8cf90cecb4679defac7cfd33a1c2e3b88e4903d947f3bb58eedd3?s=96&d=mm&r=g\",\"caption\":\"hegyizs\"},\"url\":\"https:\/\/www.welovecycling.com\/hu\/author\/hegyizs\/\"}]}<\/script>\n<!-- \/ Yoast SEO Premium plugin. -->","yoast_head_json":{"title":"A freeride-ot sosem engedn\u00e9m el \u2013 Lenth\u00e1r G\u00e1bor interj\u00fa - \u0160koda We Love Cycling - Magyarorsz\u00e1g","robots":{"index":"index","follow":"follow","max-snippet":"max-snippet:-1","max-image-preview":"max-image-preview:large","max-video-preview":"max-video-preview:-1"},"canonical":"https:\/\/www.welovecycling.com\/hu\/blog\/a-freeride-ot-sosem-engednem-el-lenthar-gabor-interju\/","og_locale":"hu_HU","og_type":"article","og_title":"A freeride-ot sosem engedn\u00e9m el \u2013 Lenth\u00e1r G\u00e1bor interj\u00fa","og_description":"Lenth\u00e1r G\u00e1bor 2017-ben versenyezte el\u0151sz\u00f6r v\u00e9gig az \u00e9vet downhill szak\u00e1gban, \u00e9s meg is nyerte az Epl\u00e9nyben rendezett orsz\u00e1gos bajnoki futamot. [&hellip;]","og_url":"https:\/\/www.welovecycling.com\/hu\/blog\/a-freeride-ot-sosem-engednem-el-lenthar-gabor-interju\/","og_site_name":"\u0160koda We Love Cycling - Magyarorsz\u00e1g","article_publisher":"https:\/\/www.facebook.com\/WeLoveCyclingHungary\/","article_published_time":"2019-05-01T07:57:10+00:00","article_modified_time":"2019-05-02T08:24:03+00:00","og_image":[{"width":1440,"height":961,"url":"https:\/\/d2p6e6u75xmxt8.cloudfront.net\/12\/2019\/05\/freeride_lgaabor.jpg","type":"image\/jpeg"}],"author":"hegyizs","twitter_card":"summary_large_image","twitter_misc":{"Written by":"WLC","Est. reading time":"7 minutes"},"schema":{"@context":"https:\/\/schema.org","@graph":[{"@type":"WebPage","@id":"https:\/\/www.welovecycling.com\/hu\/blog\/a-freeride-ot-sosem-engednem-el-lenthar-gabor-interju\/","url":"https:\/\/www.welovecycling.com\/hu\/blog\/a-freeride-ot-sosem-engednem-el-lenthar-gabor-interju\/","name":"A freeride-ot sosem engedn\u00e9m el \u2013 Lenth\u00e1r G\u00e1bor interj\u00fa - \u0160koda We Love Cycling - Magyarorsz\u00e1g","isPartOf":{"@id":"https:\/\/www.welovecycling.com\/hu\/#website"},"primaryImageOfPage":{"@id":"https:\/\/www.welovecycling.com\/hu\/blog\/a-freeride-ot-sosem-engednem-el-lenthar-gabor-interju\/#primaryimage"},"image":{"@id":"https:\/\/www.welovecycling.com\/hu\/blog\/a-freeride-ot-sosem-engednem-el-lenthar-gabor-interju\/#primaryimage"},"thumbnailUrl":"https:\/\/d2p6e6u75xmxt8.cloudfront.net\/12\/2019\/05\/freeride_lgaabor.jpg","datePublished":"2019-05-01T07:57:10+00:00","dateModified":"2019-05-02T08:24:03+00:00","author":{"@id":"https:\/\/www.welovecycling.com\/hu\/#\/schema\/person\/414a2aebf1801691a5320edb6468e194"},"breadcrumb":{"@id":"https:\/\/www.welovecycling.com\/hu\/blog\/a-freeride-ot-sosem-engednem-el-lenthar-gabor-interju\/#breadcrumb"},"inLanguage":"hu","potentialAction":[{"@type":"ReadAction","target":["https:\/\/www.welovecycling.com\/hu\/blog\/a-freeride-ot-sosem-engednem-el-lenthar-gabor-interju\/"]}]},{"@type":"ImageObject","inLanguage":"hu","@id":"https:\/\/www.welovecycling.com\/hu\/blog\/a-freeride-ot-sosem-engednem-el-lenthar-gabor-interju\/#primaryimage","url":"https:\/\/d2p6e6u75xmxt8.cloudfront.net\/12\/2019\/05\/freeride_lgaabor.jpg","contentUrl":"https:\/\/d2p6e6u75xmxt8.cloudfront.net\/12\/2019\/05\/freeride_lgaabor.jpg","width":1440,"height":961},{"@type":"BreadcrumbList","@id":"https:\/\/www.welovecycling.com\/hu\/blog\/a-freeride-ot-sosem-engednem-el-lenthar-gabor-interju\/#breadcrumb","itemListElement":[{"@type":"ListItem","position":1,"name":"Home","item":"https:\/\/www.welovecycling.com\/hu\/"},{"@type":"ListItem","position":2,"name":"A freeride-ot sosem engedn\u00e9m el \u2013 Lenth\u00e1r G\u00e1bor interj\u00fa"}]},{"@type":"WebSite","@id":"https:\/\/www.welovecycling.com\/hu\/#website","url":"https:\/\/www.welovecycling.com\/hu\/","name":"\u0160koda We Love Cycling - Magyarorsz\u00e1g","description":"\u0160koda WeLoveCycling","potentialAction":[{"@type":"SearchAction","target":{"@type":"EntryPoint","urlTemplate":"https:\/\/www.welovecycling.com\/hu\/?s={search_term_string}"},"query-input":{"@type":"PropertyValueSpecification","valueRequired":true,"valueName":"search_term_string"}}],"inLanguage":"hu"},{"@type":"Person","@id":"https:\/\/www.welovecycling.com\/hu\/#\/schema\/person\/414a2aebf1801691a5320edb6468e194","name":"hegyizs","image":{"@type":"ImageObject","inLanguage":"hu","@id":"https:\/\/www.welovecycling.com\/hu\/#\/schema\/person\/image\/","url":"https:\/\/secure.gravatar.com\/avatar\/02cf8a7906b8cf90cecb4679defac7cfd33a1c2e3b88e4903d947f3bb58eedd3?s=96&d=mm&r=g","contentUrl":"https:\/\/secure.gravatar.com\/avatar\/02cf8a7906b8cf90cecb4679defac7cfd33a1c2e3b88e4903d947f3bb58eedd3?s=96&d=mm&r=g","caption":"hegyizs"},"url":"https:\/\/www.welovecycling.com\/hu\/author\/hegyizs\/"}]}},"_links":{"self":[{"href":"https:\/\/www.welovecycling.com\/hu\/wp-json\/wp\/v2\/posts\/3235","targetHints":{"allow":["GET"]}}],"collection":[{"href":"https:\/\/www.welovecycling.com\/hu\/wp-json\/wp\/v2\/posts"}],"about":[{"href":"https:\/\/www.welovecycling.com\/hu\/wp-json\/wp\/v2\/types\/post"}],"author":[{"embeddable":true,"href":"https:\/\/www.welovecycling.com\/hu\/wp-json\/wp\/v2\/users\/71"}],"replies":[{"embeddable":true,"href":"https:\/\/www.welovecycling.com\/hu\/wp-json\/wp\/v2\/comments?post=3235"}],"version-history":[{"count":2,"href":"https:\/\/www.welovecycling.com\/hu\/wp-json\/wp\/v2\/posts\/3235\/revisions"}],"predecessor-version":[{"id":3243,"href":"https:\/\/www.welovecycling.com\/hu\/wp-json\/wp\/v2\/posts\/3235\/revisions\/3243"}],"wp:featuredmedia":[{"embeddable":true,"href":"https:\/\/www.welovecycling.com\/hu\/wp-json\/wp\/v2\/media\/3242"}],"wp:attachment":[{"href":"https:\/\/www.welovecycling.com\/hu\/wp-json\/wp\/v2\/media?parent=3235"}],"wp:term":[{"taxonomy":"category","embeddable":true,"href":"https:\/\/www.welovecycling.com\/hu\/wp-json\/wp\/v2\/categories?post=3235"},{"taxonomy":"post_tag","embeddable":true,"href":"https:\/\/www.welovecycling.com\/hu\/wp-json\/wp\/v2\/tags?post=3235"},{"taxonomy":"global-categories","embeddable":true,"href":"https:\/\/www.welovecycling.com\/hu\/wp-json\/wp\/v2\/global-categories?post=3235"}],"curies":[{"name":"wp","href":"https:\/\/api.w.org\/{rel}","templated":true}]}}