{"id":318,"date":"2018-03-08T10:32:56","date_gmt":"2018-03-08T10:32:56","guid":{"rendered":"https:\/\/www.welovecycling.com\/hu\/?p=318"},"modified":"2018-03-22T12:13:07","modified_gmt":"2018-03-22T12:13:07","slug":"ezek-ferfiakigazi-hosok-voltak","status":"publish","type":"post","link":"https:\/\/www.welovecycling.com\/hu\/orszaguti-kerekpar\/ezek-ferfiakigazi-hosok-voltak\/","title":{"rendered":"Ezek a f\u00e9rfiak<br>igazi h\u0151s\u00f6k voltak"},"content":{"rendered":"<p>467 kilom\u00e9ter 18 \u00f3ra alatt. Ennyi id\u0151 alatt nyerte meg Maurice Garin az els\u0151 Tour de France els\u0151 szakasz\u00e1t, amely P\u00e1rizst\u00f3l Lyon-ig tartott. Ezt olvasva tal\u00e1n felmer\u00fcl benned: mennyit v\u00e1ltozott az\u00f3ta a verseny neh\u00e9zs\u00e9ge?<\/p>\n<p><a href=\"https:\/\/d2p6e6u75xmxt8.cloudfront.net\/2\/2014\/05\/Eerste_Tour_de_France_wikimedia.org_.jpg\"><img loading=\"lazy\" decoding=\"async\" class=\"alignnone size-medium wp-image-319\" src=\"https:\/\/d2p6e6u75xmxt8.cloudfront.net\/12\/2018\/03\/Eerste_Tour_de_France_wikimedia.org_-225x300.jpg\" alt=\"Eerste_Tour_de_France_wikimedia.org\" width=\"360\" height=\"480\" srcset=\"https:\/\/d2p6e6u75xmxt8.cloudfront.net\/12\/2018\/03\/Eerste_Tour_de_France_wikimedia.org_-225x300.jpg 225w, https:\/\/d2p6e6u75xmxt8.cloudfront.net\/12\/2018\/03\/Eerste_Tour_de_France_wikimedia.org_.jpg 544w\" sizes=\"auto, (max-width: 360px) 100vw, 360px\" \/><\/a><\/p>\n<p><em>(A legels\u0151 Tour de France. Forr\u00e1s: wikimedia.org)<\/em><\/p>\n<p><!--more-->A k\u00f6r\u00fclm\u00e9nyeket figyelembe v\u00e9ve tal\u00e1n meg is bocs\u00e1jthat\u00f3 Maurice Garin-nek, hogy (felt\u00e9telezhet\u0151en) csalt a k\u00f6vetkez\u0151 \u00e9vben. Annak ellen\u00e9re, hogy \u00f6sszes\u00edtettben \u0151 nyerte a m\u00e1sodik Tourt, a k\u00f6vetkez\u0151 \u00e9vben a Francia Ker\u00e9kp\u00e1runi\u00f3 diszkvalifik\u00e1lta, mert \u2013 b\u00e1r sosem vallotta be \u2013 \u00e1ll\u00edt\u00f3lag lev\u00e1gta a Tour els\u0151 szakasz\u00e1t \u2013 vonattal!<\/p>\n<p>A verseny a fejl\u0151d\u00e9ssel egyre ink\u00e1bb embert pr\u00f3b\u00e1l\u00f3 lett, vagy \u00e9pp ellenkez\u0151leg, a mai ker\u00e9kp\u00e1rosok eredm\u00e9nyei m\u00e1r nem olyan k\u00fcl\u00f6nlegesek, mint a kezdeti id\u0151szak els\u0151 (\u00e9s m\u00e1r sajn\u00e1latos m\u00f3don javar\u00e9szt elfelejtett) gy\u0151ztesei \u00e1ltal tekert id\u0151k?<\/p>\n<p><a href=\"https:\/\/d2p6e6u75xmxt8.cloudfront.net\/2\/2014\/05\/hlavni_Tour_de_France_1906_01-wikimedia.org-kopie-kopie.jpg\"><img loading=\"lazy\" decoding=\"async\" class=\"alignnone size-medium wp-image-321\" src=\"https:\/\/d2p6e6u75xmxt8.cloudfront.net\/12\/2018\/03\/hlavni_Tour_de_France_1906_01-wikimedia.org-kopie-kopie-300x199.jpg\" alt=\"hlavni_Tour_de_France_1906_(01)-wikimedia.org - kopie - kopie\" width=\"480\" height=\"317\" srcset=\"https:\/\/d2p6e6u75xmxt8.cloudfront.net\/12\/2018\/03\/hlavni_Tour_de_France_1906_01-wikimedia.org-kopie-kopie-300x199.jpg 300w, https:\/\/d2p6e6u75xmxt8.cloudfront.net\/12\/2018\/03\/hlavni_Tour_de_France_1906_01-wikimedia.org-kopie-kopie-768x508.jpg 768w, https:\/\/d2p6e6u75xmxt8.cloudfront.net\/12\/2018\/03\/hlavni_Tour_de_France_1906_01-wikimedia.org-kopie-kopie-1024x678.jpg 1024w, https:\/\/d2p6e6u75xmxt8.cloudfront.net\/12\/2018\/03\/hlavni_Tour_de_France_1906_01-wikimedia.org-kopie-kopie-1920x1271.jpg 1920w, https:\/\/d2p6e6u75xmxt8.cloudfront.net\/12\/2018\/03\/hlavni_Tour_de_France_1906_01-wikimedia.org-kopie-kopie-1920x1271.jpg 1920w\" sizes=\"auto, (max-width: 480px) 100vw, 480px\" \/><\/a><\/p>\n<p><em>(Tour de France 1906-ban. Forr\u00e1s: wikimedia.org)<\/em><\/p>\n<p>A Tour kezdeti idej\u00e9ben maga a futam meger\u0151ltet\u0151bb \u00e9s kimer\u00edt\u0151bb volt, mint a jelenlegi. Sok k\u00fcl\u00f6nbs\u00e9g els\u0151re szemet sz\u00far, ha a korai \u00e9vek r\u00e9gi fot\u00f3ira pillantunk. A mai ker\u00e9kp\u00e1rok alkatr\u00e9szeit \u00e9s anyagait \u00f6ssze sem lehet hasonl\u00edtani a hajdaniakkal. A modern, profi ker\u00e9kp\u00e1rosok edzett fizikum\u00e1t nem lehet egy lapon eml\u00edteni azon lelkes amat\u0151r\u00f6k\u00e9kkel, akiknek az edz\u00e9se annyib\u00f3l \u00e1llt, hogy biciklivel j\u00e1rtak munk\u00e1ba vagy szabadidej\u00fckben tekertek.<\/p>\n<p>A kezdetek h\u0151sei nem k\u00f6vettek semmilyen speci\u00e1lis \u00e9trendet, \u00e9s nem volt pihen\u0151idej\u00fck a szakaszok v\u00e9g\u00e9n, pedig azok sokkal hosszabbak voltak, mint ma. Tilos volt technikai probl\u00e9m\u00e1k eset\u00e9n seg\u00edts\u00e9get ny\u00fajtani, \u00edgy szerv\u00edzcsapatr\u00f3l sz\u00f3 sem lehetett. Nem maradt m\u00e1s nekik, mint kem\u00e9ny munka, hektoliternyi izzads\u00e1g \u00e9s a meg-tudom-csin\u00e1lni hozz\u00e1\u00e1ll\u00e1s. Nagy er\u0151fesz\u00edt\u00e9s a siker garanci\u00e1ja n\u00e9lk\u00fcl \u2013 csup\u00e1n igazi, tiszta sport.<\/p>\n<p>Ma m\u00e1r nem a P\u00e1rizsig val\u00f3 eljut\u00e1sr\u00f3l sz\u00f3l, hanem strat\u00e9gi\u00e1kr\u00f3l \u00e9s az \u00f6sszk\u00e9pr\u0151l, hiszen pontokat kell nyerni az UCI World Tourhoz. N\u00e9h\u00e1ny ker\u00e9kp\u00e1ros sz\u00e1m\u00e1ra eg\u00e9sz egyszer\u0171en az\u00e9rt fontosabb megnyerni bizonyos szakaszokat, mint viselni s\u00e1rga trik\u00f3t, mert hegyi men\u0151k\u00e9nt vagy sprinterk\u00e9nt specializ\u00e1l\u00f3dtak.<\/p>\n<p><a href=\"https:\/\/d2p6e6u75xmxt8.cloudfront.net\/12\/2018\/03\/Garin03winner-wikimedia.org_.jpg\"><img loading=\"lazy\" decoding=\"async\" class=\"alignnone size-full wp-image-323\" src=\"https:\/\/d2p6e6u75xmxt8.cloudfront.net\/12\/2018\/03\/Garin03winner-wikimedia.org_.jpg\" alt=\"Garin03winner-wikimedia.org\" width=\"350\" height=\"286\" srcset=\"https:\/\/d2p6e6u75xmxt8.cloudfront.net\/12\/2018\/03\/Garin03winner-wikimedia.org_.jpg 350w, https:\/\/d2p6e6u75xmxt8.cloudfront.net\/12\/2018\/03\/Garin03winner-wikimedia.org_-300x245.jpg 300w\" sizes=\"auto, (max-width: 350px) 100vw, 350px\" \/><\/a><\/p>\n<p><em>(Maurice Garin, az els\u0151 Tour de France bajnoka. Forr\u00e1s: wikimedia.org)<\/em><\/p>\n<p>Neh\u00e9z lenne teh\u00e1t kiki\u00e1ltani, hogy ki e legend\u00e1s rendezv\u00e9ny legnagyobb h\u0151se \u2013 m\u00e9g akkor is, ha n\u00e9h\u00e1ny gladi\u00e1tor t\u00f6bb alkalommal is diadalmaskodott az el\u0151z\u0151 kilencvenkilenc Touron. Maurice Garin k\u00e9m\u00e9nysepr\u0151 volt, nem versenyker\u00e9kp\u00e1ros. Louis Trousselier, a harmadik Tour gy\u0151ztese, dezert\u0151r katona volt, aki az egynapos kimen\u0151 v\u00e9g\u00e9n nem t\u00e9rt vissza a kasz\u00e1rny\u00e1ba; ink\u00e1bb kivett egy h\u00f3nap szabads\u00e1got, hogy v\u00e9gigtekerje a Tourt. Vannak, akik a r\u00e9gm\u00falt \u00fatt\u00f6r\u0151ire tekintenek a Tour t\u00f6rt\u00e9net\u00e9nek igazi h\u0151sek\u00e9nt, mert \u0151k tiszt\u00e1n \u00e9s teljesen egyed\u00fcl versenyeztek.<\/p>\n<p>Alapvet\u0151en minden egyes ker\u00e9kp\u00e1ros igazi h\u0151s, aki megm\u00e1ssza a francia hegyek meredek, l\u00e1tsz\u00f3lag v\u00e9gtelen hajt\u0171it az \u00e9get\u0151 naps\u00fct\u00e9sben vagy szakad\u00f3 es\u0151ben, hogy v\u00e9gre el\u00e9rje a kiemelked\u0151 cs\u00facsokat, majd \u00fajra al\u00e1sz\u00e1lljon \u00e9s h\u00e1rom h\u00e9t szenved\u00e9s \u00e9s gy\u00f6tr\u0151 kimer\u00fclts\u00e9g ut\u00e1n megpillantsa az Eiffel-tornyot.<\/p>\n","protected":false},"excerpt":{"rendered":"<p>467 kilom\u00e9ter 18 \u00f3ra alatt. Ennyi id\u0151 alatt nyerte meg Maurice Garin az els\u0151 Tour de France els\u0151 szakasz\u00e1t, amely [&hellip;]<\/p>\n","protected":false},"author":71,"featured_media":325,"comment_status":"open","ping_status":"open","sticky":false,"template":"","format":"standard","meta":{"footnotes":""},"categories":[12,8],"tags":[],"global-categories":[],"class_list":["post-318","post","type-post","status-publish","format-standard","has-post-thumbnail","hentry","category-kozosseg-es-kultura","category-orszaguti-kerekpar"],"yoast_head":"<!-- This site is optimized with the Yoast SEO Premium plugin v25.3 (Yoast SEO v25.9) - https:\/\/yoast.com\/wordpress\/plugins\/seo\/ -->\n<title>Ezek a f\u00e9rfiakigazi h\u0151s\u00f6k voltak - \u0160koda We Love Cycling - Magyarorsz\u00e1g<\/title>\n<meta name=\"robots\" content=\"index, follow, max-snippet:-1, max-image-preview:large, max-video-preview:-1\" \/>\n<link rel=\"canonical\" href=\"https:\/\/www.welovecycling.com\/hu\/orszaguti-kerekpar\/ezek-ferfiakigazi-hosok-voltak\/\" \/>\n<meta property=\"og:locale\" content=\"hu_HU\" \/>\n<meta property=\"og:type\" content=\"article\" \/>\n<meta property=\"og:title\" content=\"Ezek a f\u00e9rfiakigazi h\u0151s\u00f6k voltak\" \/>\n<meta property=\"og:description\" content=\"467 kilom\u00e9ter 18 \u00f3ra alatt. Ennyi id\u0151 alatt nyerte meg Maurice Garin az els\u0151 Tour de France els\u0151 szakasz\u00e1t, amely [&hellip;]\" \/>\n<meta property=\"og:url\" content=\"https:\/\/www.welovecycling.com\/hu\/orszaguti-kerekpar\/ezek-ferfiakigazi-hosok-voltak\/\" \/>\n<meta property=\"og:site_name\" content=\"\u0160koda We Love Cycling - Magyarorsz\u00e1g\" \/>\n<meta property=\"article:publisher\" content=\"https:\/\/www.facebook.com\/WeLoveCyclingHungary\/\" \/>\n<meta property=\"article:published_time\" content=\"2018-03-08T10:32:56+00:00\" \/>\n<meta property=\"article:modified_time\" content=\"2018-03-22T12:13:07+00:00\" \/>\n<meta property=\"og:image\" content=\"https:\/\/d2p6e6u75xmxt8.cloudfront.net\/12\/2018\/03\/featured_Tour_de_France_1906_01-wikimedia.org-kopie.jpg\" \/>\n\t<meta property=\"og:image:width\" content=\"950\" \/>\n\t<meta property=\"og:image:height\" content=\"350\" \/>\n\t<meta property=\"og:image:type\" content=\"image\/jpeg\" \/>\n<meta name=\"author\" content=\"hegyizs\" \/>\n<meta name=\"twitter:card\" content=\"summary_large_image\" \/>\n<meta name=\"twitter:label1\" content=\"Written by\" \/>\n\t<meta name=\"twitter:data1\" content=\"hegyizs\" \/>\n\t<meta name=\"twitter:label2\" content=\"Est. reading time\" \/>\n\t<meta name=\"twitter:data2\" content=\"3 minutes\" \/>\n<script type=\"application\/ld+json\" class=\"yoast-schema-graph\">{\"@context\":\"https:\/\/schema.org\",\"@graph\":[{\"@type\":\"WebPage\",\"@id\":\"https:\/\/www.welovecycling.com\/hu\/orszaguti-kerekpar\/ezek-ferfiakigazi-hosok-voltak\/\",\"url\":\"https:\/\/www.welovecycling.com\/hu\/orszaguti-kerekpar\/ezek-ferfiakigazi-hosok-voltak\/\",\"name\":\"Ezek a f\u00e9rfiak igazi h\u0151s\u00f6k voltak - \u0160koda We Love Cycling - Magyarorsz\u00e1g\",\"isPartOf\":{\"@id\":\"https:\/\/www.welovecycling.com\/hu\/#website\"},\"primaryImageOfPage\":{\"@id\":\"https:\/\/www.welovecycling.com\/hu\/orszaguti-kerekpar\/ezek-ferfiakigazi-hosok-voltak\/#primaryimage\"},\"image\":{\"@id\":\"https:\/\/www.welovecycling.com\/hu\/orszaguti-kerekpar\/ezek-ferfiakigazi-hosok-voltak\/#primaryimage\"},\"thumbnailUrl\":\"https:\/\/d2p6e6u75xmxt8.cloudfront.net\/12\/2018\/03\/featured_Tour_de_France_1906_01-wikimedia.org-kopie.jpg\",\"datePublished\":\"2018-03-08T10:32:56+00:00\",\"dateModified\":\"2018-03-22T12:13:07+00:00\",\"author\":{\"@id\":\"https:\/\/www.welovecycling.com\/hu\/#\/schema\/person\/414a2aebf1801691a5320edb6468e194\"},\"breadcrumb\":{\"@id\":\"https:\/\/www.welovecycling.com\/hu\/orszaguti-kerekpar\/ezek-ferfiakigazi-hosok-voltak\/#breadcrumb\"},\"inLanguage\":\"hu\",\"potentialAction\":[{\"@type\":\"ReadAction\",\"target\":[\"https:\/\/www.welovecycling.com\/hu\/orszaguti-kerekpar\/ezek-ferfiakigazi-hosok-voltak\/\"]}]},{\"@type\":\"ImageObject\",\"inLanguage\":\"hu\",\"@id\":\"https:\/\/www.welovecycling.com\/hu\/orszaguti-kerekpar\/ezek-ferfiakigazi-hosok-voltak\/#primaryimage\",\"url\":\"https:\/\/d2p6e6u75xmxt8.cloudfront.net\/12\/2018\/03\/featured_Tour_de_France_1906_01-wikimedia.org-kopie.jpg\",\"contentUrl\":\"https:\/\/d2p6e6u75xmxt8.cloudfront.net\/12\/2018\/03\/featured_Tour_de_France_1906_01-wikimedia.org-kopie.jpg\",\"width\":950,\"height\":350},{\"@type\":\"BreadcrumbList\",\"@id\":\"https:\/\/www.welovecycling.com\/hu\/orszaguti-kerekpar\/ezek-ferfiakigazi-hosok-voltak\/#breadcrumb\",\"itemListElement\":[{\"@type\":\"ListItem\",\"position\":1,\"name\":\"Home\",\"item\":\"https:\/\/www.welovecycling.com\/hu\/\"},{\"@type\":\"ListItem\",\"position\":2,\"name\":\"Ezek a f\u00e9rfiakigazi h\u0151s\u00f6k voltak\"}]},{\"@type\":\"WebSite\",\"@id\":\"https:\/\/www.welovecycling.com\/hu\/#website\",\"url\":\"https:\/\/www.welovecycling.com\/hu\/\",\"name\":\"\u0160koda We Love Cycling - Magyarorsz\u00e1g\",\"description\":\"\u0160koda WeLoveCycling\",\"potentialAction\":[{\"@type\":\"SearchAction\",\"target\":{\"@type\":\"EntryPoint\",\"urlTemplate\":\"https:\/\/www.welovecycling.com\/hu\/?s={search_term_string}\"},\"query-input\":{\"@type\":\"PropertyValueSpecification\",\"valueRequired\":true,\"valueName\":\"search_term_string\"}}],\"inLanguage\":\"hu\"},{\"@type\":\"Person\",\"@id\":\"https:\/\/www.welovecycling.com\/hu\/#\/schema\/person\/414a2aebf1801691a5320edb6468e194\",\"name\":\"hegyizs\",\"image\":{\"@type\":\"ImageObject\",\"inLanguage\":\"hu\",\"@id\":\"https:\/\/www.welovecycling.com\/hu\/#\/schema\/person\/image\/\",\"url\":\"https:\/\/secure.gravatar.com\/avatar\/02cf8a7906b8cf90cecb4679defac7cfd33a1c2e3b88e4903d947f3bb58eedd3?s=96&d=mm&r=g\",\"contentUrl\":\"https:\/\/secure.gravatar.com\/avatar\/02cf8a7906b8cf90cecb4679defac7cfd33a1c2e3b88e4903d947f3bb58eedd3?s=96&d=mm&r=g\",\"caption\":\"hegyizs\"},\"url\":\"https:\/\/www.welovecycling.com\/hu\/author\/hegyizs\/\"}]}<\/script>\n<!-- \/ Yoast SEO Premium plugin. -->","yoast_head_json":{"title":"Ezek a f\u00e9rfiakigazi h\u0151s\u00f6k voltak - \u0160koda We Love Cycling - Magyarorsz\u00e1g","robots":{"index":"index","follow":"follow","max-snippet":"max-snippet:-1","max-image-preview":"max-image-preview:large","max-video-preview":"max-video-preview:-1"},"canonical":"https:\/\/www.welovecycling.com\/hu\/orszaguti-kerekpar\/ezek-ferfiakigazi-hosok-voltak\/","og_locale":"hu_HU","og_type":"article","og_title":"Ezek a f\u00e9rfiakigazi h\u0151s\u00f6k voltak","og_description":"467 kilom\u00e9ter 18 \u00f3ra alatt. Ennyi id\u0151 alatt nyerte meg Maurice Garin az els\u0151 Tour de France els\u0151 szakasz\u00e1t, amely [&hellip;]","og_url":"https:\/\/www.welovecycling.com\/hu\/orszaguti-kerekpar\/ezek-ferfiakigazi-hosok-voltak\/","og_site_name":"\u0160koda We Love Cycling - Magyarorsz\u00e1g","article_publisher":"https:\/\/www.facebook.com\/WeLoveCyclingHungary\/","article_published_time":"2018-03-08T10:32:56+00:00","article_modified_time":"2018-03-22T12:13:07+00:00","og_image":[{"width":950,"height":350,"url":"https:\/\/d2p6e6u75xmxt8.cloudfront.net\/12\/2018\/03\/featured_Tour_de_France_1906_01-wikimedia.org-kopie.jpg","type":"image\/jpeg"}],"author":"hegyizs","twitter_card":"summary_large_image","twitter_misc":{"Written by":"hegyizs","Est. reading time":"3 minutes"},"schema":{"@context":"https:\/\/schema.org","@graph":[{"@type":"WebPage","@id":"https:\/\/www.welovecycling.com\/hu\/orszaguti-kerekpar\/ezek-ferfiakigazi-hosok-voltak\/","url":"https:\/\/www.welovecycling.com\/hu\/orszaguti-kerekpar\/ezek-ferfiakigazi-hosok-voltak\/","name":"Ezek a f\u00e9rfiak igazi h\u0151s\u00f6k voltak - \u0160koda We Love Cycling - Magyarorsz\u00e1g","isPartOf":{"@id":"https:\/\/www.welovecycling.com\/hu\/#website"},"primaryImageOfPage":{"@id":"https:\/\/www.welovecycling.com\/hu\/orszaguti-kerekpar\/ezek-ferfiakigazi-hosok-voltak\/#primaryimage"},"image":{"@id":"https:\/\/www.welovecycling.com\/hu\/orszaguti-kerekpar\/ezek-ferfiakigazi-hosok-voltak\/#primaryimage"},"thumbnailUrl":"https:\/\/d2p6e6u75xmxt8.cloudfront.net\/12\/2018\/03\/featured_Tour_de_France_1906_01-wikimedia.org-kopie.jpg","datePublished":"2018-03-08T10:32:56+00:00","dateModified":"2018-03-22T12:13:07+00:00","author":{"@id":"https:\/\/www.welovecycling.com\/hu\/#\/schema\/person\/414a2aebf1801691a5320edb6468e194"},"breadcrumb":{"@id":"https:\/\/www.welovecycling.com\/hu\/orszaguti-kerekpar\/ezek-ferfiakigazi-hosok-voltak\/#breadcrumb"},"inLanguage":"hu","potentialAction":[{"@type":"ReadAction","target":["https:\/\/www.welovecycling.com\/hu\/orszaguti-kerekpar\/ezek-ferfiakigazi-hosok-voltak\/"]}]},{"@type":"ImageObject","inLanguage":"hu","@id":"https:\/\/www.welovecycling.com\/hu\/orszaguti-kerekpar\/ezek-ferfiakigazi-hosok-voltak\/#primaryimage","url":"https:\/\/d2p6e6u75xmxt8.cloudfront.net\/12\/2018\/03\/featured_Tour_de_France_1906_01-wikimedia.org-kopie.jpg","contentUrl":"https:\/\/d2p6e6u75xmxt8.cloudfront.net\/12\/2018\/03\/featured_Tour_de_France_1906_01-wikimedia.org-kopie.jpg","width":950,"height":350},{"@type":"BreadcrumbList","@id":"https:\/\/www.welovecycling.com\/hu\/orszaguti-kerekpar\/ezek-ferfiakigazi-hosok-voltak\/#breadcrumb","itemListElement":[{"@type":"ListItem","position":1,"name":"Home","item":"https:\/\/www.welovecycling.com\/hu\/"},{"@type":"ListItem","position":2,"name":"Ezek a f\u00e9rfiakigazi h\u0151s\u00f6k voltak"}]},{"@type":"WebSite","@id":"https:\/\/www.welovecycling.com\/hu\/#website","url":"https:\/\/www.welovecycling.com\/hu\/","name":"\u0160koda We Love Cycling - Magyarorsz\u00e1g","description":"\u0160koda WeLoveCycling","potentialAction":[{"@type":"SearchAction","target":{"@type":"EntryPoint","urlTemplate":"https:\/\/www.welovecycling.com\/hu\/?s={search_term_string}"},"query-input":{"@type":"PropertyValueSpecification","valueRequired":true,"valueName":"search_term_string"}}],"inLanguage":"hu"},{"@type":"Person","@id":"https:\/\/www.welovecycling.com\/hu\/#\/schema\/person\/414a2aebf1801691a5320edb6468e194","name":"hegyizs","image":{"@type":"ImageObject","inLanguage":"hu","@id":"https:\/\/www.welovecycling.com\/hu\/#\/schema\/person\/image\/","url":"https:\/\/secure.gravatar.com\/avatar\/02cf8a7906b8cf90cecb4679defac7cfd33a1c2e3b88e4903d947f3bb58eedd3?s=96&d=mm&r=g","contentUrl":"https:\/\/secure.gravatar.com\/avatar\/02cf8a7906b8cf90cecb4679defac7cfd33a1c2e3b88e4903d947f3bb58eedd3?s=96&d=mm&r=g","caption":"hegyizs"},"url":"https:\/\/www.welovecycling.com\/hu\/author\/hegyizs\/"}]}},"_links":{"self":[{"href":"https:\/\/www.welovecycling.com\/hu\/wp-json\/wp\/v2\/posts\/318","targetHints":{"allow":["GET"]}}],"collection":[{"href":"https:\/\/www.welovecycling.com\/hu\/wp-json\/wp\/v2\/posts"}],"about":[{"href":"https:\/\/www.welovecycling.com\/hu\/wp-json\/wp\/v2\/types\/post"}],"author":[{"embeddable":true,"href":"https:\/\/www.welovecycling.com\/hu\/wp-json\/wp\/v2\/users\/71"}],"replies":[{"embeddable":true,"href":"https:\/\/www.welovecycling.com\/hu\/wp-json\/wp\/v2\/comments?post=318"}],"version-history":[{"count":2,"href":"https:\/\/www.welovecycling.com\/hu\/wp-json\/wp\/v2\/posts\/318\/revisions"}],"predecessor-version":[{"id":395,"href":"https:\/\/www.welovecycling.com\/hu\/wp-json\/wp\/v2\/posts\/318\/revisions\/395"}],"wp:featuredmedia":[{"embeddable":true,"href":"https:\/\/www.welovecycling.com\/hu\/wp-json\/wp\/v2\/media\/325"}],"wp:attachment":[{"href":"https:\/\/www.welovecycling.com\/hu\/wp-json\/wp\/v2\/media?parent=318"}],"wp:term":[{"taxonomy":"category","embeddable":true,"href":"https:\/\/www.welovecycling.com\/hu\/wp-json\/wp\/v2\/categories?post=318"},{"taxonomy":"post_tag","embeddable":true,"href":"https:\/\/www.welovecycling.com\/hu\/wp-json\/wp\/v2\/tags?post=318"},{"taxonomy":"global-categories","embeddable":true,"href":"https:\/\/www.welovecycling.com\/hu\/wp-json\/wp\/v2\/global-categories?post=318"}],"curies":[{"name":"wp","href":"https:\/\/api.w.org\/{rel}","templated":true}]}}