{"id":3169,"date":"2019-05-05T08:00:43","date_gmt":"2019-05-05T07:00:43","guid":{"rendered":"https:\/\/www.welovecycling.com\/hu\/?p=3169"},"modified":"2019-04-25T16:07:18","modified_gmt":"2019-04-25T15:07:18","slug":"nok-vezette-nok-miert-fontos-ez-a-profi-kerekparban","status":"publish","type":"post","link":"https:\/\/www.welovecycling.com\/hu\/kozosseg-es-kultura\/nok-vezette-nok-miert-fontos-ez-a-profi-kerekparban\/","title":{"rendered":"N\u0151k vezette n\u0151k: Mi\u00e9rt fontos ez a profi ker\u00e9kp\u00e1rban?"},"content":{"rendered":"<p><strong>A versenyszezon kezdet\u00e9vel a Trek Segafredo \u00faj, n\u0151i csapata nagy \u00e9rdekl\u0151d\u00e9snek \u00f6rvend, ugyanis a csapatot vezet\u0151 k\u00e9t ker\u00e9kp\u00e1ros nagy\u00e1gy\u00fa szint\u00e9n n\u0151: Ina Teutenberg \u00e9s Giorgia Bronzini. Mi\u00e9rt olyan jelent\u0151s dolog ez? M\u00e9g mindig nagyon ritka, hogy n\u0151k vezet\u0151 szerepbe ker\u00fcljenek, legyen sz\u00f3 ker\u00e9kp\u00e1rr\u00f3l, vagy b\u00e1rmi m\u00e1sr\u00f3l. Annak ellen\u00e9re, hogy a n\u0151i ker\u00e9kp\u00e1r egyre ink\u00e1bb \u00f6n\u00e1ll\u00f3sul, a vezet\u0151s\u00e9g nagyr\u00e9sz\u00e9t m\u00e9g mindig f\u00e9rfiak alkotj\u00e1k.<\/strong><\/p>\n<p><!--more--><\/p>\n<p>V\u00e1ltoz\u00e1sra van sz\u00fcks\u00e9g. A n\u0151k vezette n\u0151k eset\u00e9ben megjelen\u0151 dinamizmus egyedi, er\u0151s \u00e9s nagyon hat\u00e1sos. Sz\u00e1mos t\u00f6rt\u00e9nelmi el\u0151zm\u00e9ny t\u00e1masztja ezt al\u00e1, a ker\u00e9kp\u00e1rban is.<\/p>\n<figure id=\"attachment_3170\" aria-describedby=\"caption-attachment-3170\" style=\"width: 1250px\" class=\"wp-caption alignnone\"><a href=\"https:\/\/d2p6e6u75xmxt8.cloudfront.net\/12\/2019\/04\/Ina-Teutenberg-profimedia-0133698460.jpg\"><img loading=\"lazy\" decoding=\"async\" class=\"size-full wp-image-3170\" src=\"https:\/\/d2p6e6u75xmxt8.cloudfront.net\/12\/2019\/04\/Ina-Teutenberg-profimedia-0133698460.jpg\" alt=\"\" width=\"1250\" height=\"827\" srcset=\"https:\/\/d2p6e6u75xmxt8.cloudfront.net\/12\/2019\/04\/Ina-Teutenberg-profimedia-0133698460.jpg 1250w, https:\/\/d2p6e6u75xmxt8.cloudfront.net\/12\/2019\/04\/Ina-Teutenberg-profimedia-0133698460-300x198.jpg 300w, https:\/\/d2p6e6u75xmxt8.cloudfront.net\/12\/2019\/04\/Ina-Teutenberg-profimedia-0133698460-768x508.jpg 768w, https:\/\/d2p6e6u75xmxt8.cloudfront.net\/12\/2019\/04\/Ina-Teutenberg-profimedia-0133698460-1024x677.jpg 1024w\" sizes=\"auto, (max-width: 1250px) 100vw, 1250px\" \/><\/a><figcaption id=\"caption-attachment-3170\" class=\"wp-caption-text\">\u00a9 Profimedia, AFP<\/figcaption><\/figure>\n<p>Vegy\u00fck p\u00e9ld\u00e1ul Millie Robinson \u00e9s Eileen Gray eset\u00e9t. Millie Robinson, egyike az el nem ismert h\u0151s\u00f6knek a n\u0151i ker\u00e9kp\u00e1rversenyz\u00e9sben, megnyerte az 1955-\u00f6s n\u0151i Tour de France-t. N\u00e9h\u00e1ny \u00e9vvel k\u00e9s\u0151bb \u00faj orsz\u00e1g\u00fati rekordot \u00e1ll\u00edtott fel, \u00e9s az egyik legjobb orsz\u00e1g\u00fati ker\u00e9kp\u00e1rosk\u00e9nt tartj\u00e1k sz\u00e1mon. Manaps\u00e1g a n\u0151i versenyz\u00e9s nagyk\u00f6vetek\u00e9nt eml\u00e9keznek r\u00e1, akit a kem\u00e9ny elk\u00f6telezetts\u00e9g mellett, bar\u00e1ts\u00e1gos \u00e9s vid\u00e1m versenyz\u0151k\u00e9nt emlegettek versenyt\u00e1rsai.<\/p>\n<p>Term\u00e9szetesen senki sem v\u00e1lhat ilyen sikeress\u00e9, ha nincs egy szil\u00e1rd t\u00e1mogat\u00f3 h\u00e1l\u00f3zata, amely Millie Robinson eset\u00e9ben szorosan \u00f6sszef\u00fcgg Eileen Gray t\u00f6rt\u00e9net\u00e9vel. Gray vezette Robinson csapat\u00e1t, amikor megnyerte a Tour de France-t, \u00e9s nagy szerepet j\u00e1tszott a karrierje alakul\u00e1s\u00e1ban, valamint t\u00e1gabb kontextusban a ker\u00e9kp\u00e1roz\u00e1s t\u00f6rt\u00e9nelm\u00e9ben is. Graynek k\u00f6sz\u00f6nhet\u0151, hogy az UCI bevezette a n\u0151i vil\u00e1gbajnoks\u00e1got, valamint k\u00e9s\u0151bb a n\u0151i orsz\u00e1g\u00fati ker\u00e9kp\u00e1r versenysz\u00e1mot az Olimpi\u00e1n. A n\u0151i ker\u00e9kp\u00e1rosok odaad\u00f3, m\u0171velt \u00e9s elsz\u00e1nt t\u00e1mogat\u00f3jak\u00e9nt, Grayt \u00edgy jellemezt\u00e9k: \u201eOlyan volt, mint egy csatahaj\u00f3, ha vele haj\u00f3zt\u00e1l biztosra vehetted, hogy gondoskodik r\u00f3lad, \u00e9s a v\u00e9gs\u0151kig ki\u00e1ll melletted.\u201d<\/p>\n<figure id=\"attachment_3171\" aria-describedby=\"caption-attachment-3171\" style=\"width: 708px\" class=\"wp-caption alignnone\"><a href=\"https:\/\/d2p6e6u75xmxt8.cloudfront.net\/12\/2019\/04\/565846.JPG.jpg\"><img loading=\"lazy\" decoding=\"async\" class=\"size-full wp-image-3171\" src=\"https:\/\/d2p6e6u75xmxt8.cloudfront.net\/12\/2019\/04\/565846.JPG.jpg\" alt=\"\" width=\"708\" height=\"898\" srcset=\"https:\/\/d2p6e6u75xmxt8.cloudfront.net\/12\/2019\/04\/565846.JPG.jpg 708w, https:\/\/d2p6e6u75xmxt8.cloudfront.net\/12\/2019\/04\/565846.JPG-237x300.jpg 237w\" sizes=\"auto, (max-width: 708px) 100vw, 708px\" \/><\/a><figcaption id=\"caption-attachment-3171\" class=\"wp-caption-text\">Millie Robinson<\/figcaption><\/figure>\n<p>Ilyen egy olyan ember, akit biztosan magad mellett szeretn\u00e9l tudni. Az ilyen kapcsolatok ereje \u00e9s \u00e9rt\u00e9ke sug\u00e1rzik a Trek Segafredo idei szezonban el\u00e9rt sikerein kereszt\u00fcl is, valamint m\u00e1s, er\u0151s n\u0151i mentorok teljes\u00edtm\u00e9nyeib\u0151l a ker\u00e9kp\u00e1r vil\u00e1g\u00e1ban. Amikor n\u0151k vezetnek n\u0151ket, k\u00fcl\u00f6nleges dolgok t\u00f6rt\u00e9nnek.<\/p>\n<p>A magasabb szint\u0171 emp\u00e1ti\u00e1s k\u00e9pess\u00e9gekb\u0151l \u00e9s az emberi kapcsolatok fel\u00e9rt\u00e9kel\u00e9s\u00e9b\u0151l kifoly\u00f3lag a n\u0151k fog\u00e9konyabbak arra, hogy meg\u00e9rts\u00e9k, mi vezeti, motiv\u00e1lja az embereket. K\u00f6nnyebben \u00e1t\u00e9rzik azt is, hogy az egyes emberek m\u00e1s-m\u00e1s elismer\u00e9st \u00e9s visszajelz\u00e9st ig\u00e9nyelnek a teljes\u00edtm\u00e9ny\u00fckre n\u00e9zve, ez pedig egy kulcsfontoss\u00e1g\u00fa k\u00e9szs\u00e9g a profi sport vil\u00e1g\u00e1ban.<\/p>\n<p>Fontos, hogy a szervezetek l\u00e9p\u00e9seket tegyenek az ilyen mentorkapcsolatok fejleszt\u00e9s\u00e9\u00e9rt. Kutat\u00e1sok kimutatt\u00e1k, hogy a n\u0151k nehezebben tal\u00e1lnak mentort, mint a f\u00e9rfiak, \u00e9s sz\u00e1mos extra akad\u00e1lyt kell lek\u00fczdeni\u00fck, mire kialak\u00edtj\u00e1k a sz\u00e1mukra ide\u00e1lis t\u00e1mogat\u00f3i rendszert. Ez amiatt l\u00e9nyeges, mert, ahogy kor\u00e1bban eml\u00edtett\u00fck, a mentors\u00e1g nem csak a siker el\u00e9r\u00e9s\u00e9ben j\u00e1tszik kiemelked\u0151en fontos szerepet, hanem abban is, hogy eg\u00e9szs\u00e9ges \u00e9s kiel\u00e9g\u00edt\u0151 kapcsolat maradjon fenn az adott szem\u00e9ly szenved\u00e9ly\u00e9t illet\u0151en.<\/p>\n<figure id=\"attachment_3172\" aria-describedby=\"caption-attachment-3172\" style=\"width: 1250px\" class=\"wp-caption alignnone\"><a href=\"https:\/\/d2p6e6u75xmxt8.cloudfront.net\/12\/2019\/04\/profimedia-0332303874.jpg\"><img loading=\"lazy\" decoding=\"async\" class=\"size-full wp-image-3172\" src=\"https:\/\/d2p6e6u75xmxt8.cloudfront.net\/12\/2019\/04\/profimedia-0332303874.jpg\" alt=\"\" width=\"1250\" height=\"833\" srcset=\"https:\/\/d2p6e6u75xmxt8.cloudfront.net\/12\/2019\/04\/profimedia-0332303874.jpg 1250w, https:\/\/d2p6e6u75xmxt8.cloudfront.net\/12\/2019\/04\/profimedia-0332303874-300x200.jpg 300w, https:\/\/d2p6e6u75xmxt8.cloudfront.net\/12\/2019\/04\/profimedia-0332303874-768x512.jpg 768w, https:\/\/d2p6e6u75xmxt8.cloudfront.net\/12\/2019\/04\/profimedia-0332303874-1024x682.jpg 1024w, https:\/\/d2p6e6u75xmxt8.cloudfront.net\/12\/2019\/04\/profimedia-0332303874-272x182.jpg 272w\" sizes=\"auto, (max-width: 1250px) 100vw, 1250px\" \/><\/a><figcaption id=\"caption-attachment-3172\" class=\"wp-caption-text\">Giorgia Bronzini \u00a9 Profimedia, Getty images<\/figcaption><\/figure>\n<p>Ezek, \u00e9s m\u00e9g sok m\u00e1s miatt is szeretn\u00e9nk t\u00f6bb n\u0151t l\u00e1tni vezet\u0151i szerepekben a profi ker\u00e9kp\u00e1ros \u00f6kosziszt\u00e9m\u00e1ban. A n\u0151k \u00fajra \u00e9s \u00fajra bebizony\u00edtott\u00e1k: annak ellen\u00e9re, hogy h\u00e1tr\u00e1nyb\u00f3l indulnak, k\u00e9pesek r\u00e1, hogy fel\u00fclm\u00falj\u00e1k a v\u00e1rakoz\u00e1sokat. Magas \u00e9rzelmi intelligenci\u00e1val rendelkeznek, j\u00f3l kommunik\u00e1lnak, \u00e9s ha kell, k\u00e9pesek maguk m\u00f6g\u00f6tt hagyni az eg\u00f3jukat. Eml\u00e9kezv\u00e9n Millie Robinson \u00e9s Eileen Grey hagyat\u00e9k\u00e1ra, a j\u00f6v\u0151beli n\u0151i ker\u00e9kp\u00e1r fel\u00e9 fordulva rem\u00e9lj\u00fck, hogy sokkal t\u00f6bb n\u0151t l\u00e1tunk majd olyan szerepekben, ahol lehet\u0151s\u00e9g\u00fck ny\u00edlik a p\u00e9ldamutat\u00f3 vezet\u00e9sre.<\/p>\n","protected":false},"excerpt":{"rendered":"<p>A versenyszezon kezdet\u00e9vel a Trek Segafredo \u00faj, n\u0151i csapata nagy \u00e9rdekl\u0151d\u00e9snek \u00f6rvend, ugyanis a csapatot vezet\u0151 k\u00e9t ker\u00e9kp\u00e1ros nagy\u00e1gy\u00fa szint\u00e9n [&hellip;]<\/p>\n","protected":false},"author":71,"featured_media":3174,"comment_status":"open","ping_status":"open","sticky":false,"template":"","format":"standard","meta":{"footnotes":""},"categories":[12],"tags":[],"global-categories":[],"class_list":["post-3169","post","type-post","status-publish","format-standard","has-post-thumbnail","hentry","category-kozosseg-es-kultura"],"yoast_head":"<!-- This site is optimized with the Yoast SEO Premium plugin v25.3 (Yoast SEO v25.9) - https:\/\/yoast.com\/wordpress\/plugins\/seo\/ -->\n<title>N\u0151k vezette n\u0151k: Mi\u00e9rt fontos ez a profi ker\u00e9kp\u00e1rban? - \u0160koda We Love Cycling - Magyarorsz\u00e1g<\/title>\n<meta name=\"robots\" content=\"index, follow, max-snippet:-1, max-image-preview:large, max-video-preview:-1\" \/>\n<link rel=\"canonical\" href=\"https:\/\/www.welovecycling.com\/hu\/kozosseg-es-kultura\/nok-vezette-nok-miert-fontos-ez-a-profi-kerekparban\/\" \/>\n<meta property=\"og:locale\" content=\"hu_HU\" \/>\n<meta property=\"og:type\" content=\"article\" \/>\n<meta property=\"og:title\" content=\"N\u0151k vezette n\u0151k: Mi\u00e9rt fontos ez a profi ker\u00e9kp\u00e1rban?\" \/>\n<meta property=\"og:description\" content=\"A versenyszezon kezdet\u00e9vel a Trek Segafredo \u00faj, n\u0151i csapata nagy \u00e9rdekl\u0151d\u00e9snek \u00f6rvend, ugyanis a csapatot vezet\u0151 k\u00e9t ker\u00e9kp\u00e1ros nagy\u00e1gy\u00fa szint\u00e9n [&hellip;]\" \/>\n<meta property=\"og:url\" content=\"https:\/\/www.welovecycling.com\/hu\/kozosseg-es-kultura\/nok-vezette-nok-miert-fontos-ez-a-profi-kerekparban\/\" \/>\n<meta property=\"og:site_name\" content=\"\u0160koda We Love Cycling - Magyarorsz\u00e1g\" \/>\n<meta property=\"article:publisher\" content=\"https:\/\/www.facebook.com\/WeLoveCyclingHungary\/\" \/>\n<meta property=\"article:published_time\" content=\"2019-05-05T07:00:43+00:00\" \/>\n<meta property=\"og:image\" content=\"https:\/\/d2p6e6u75xmxt8.cloudfront.net\/12\/2019\/04\/Trek-Segafredo-CVR-profimedia-0411234988.jpg\" \/>\n\t<meta property=\"og:image:width\" content=\"1366\" \/>\n\t<meta property=\"og:image:height\" content=\"600\" \/>\n\t<meta property=\"og:image:type\" content=\"image\/jpeg\" \/>\n<meta name=\"author\" content=\"hegyizs\" \/>\n<meta name=\"twitter:card\" content=\"summary_large_image\" \/>\n<meta name=\"twitter:label1\" content=\"Written by\" \/>\n\t<meta name=\"twitter:data1\" content=\"Megan Flottorp\" \/>\n\t<meta name=\"twitter:label2\" content=\"Est. reading time\" \/>\n\t<meta name=\"twitter:data2\" content=\"6\" \/>\n<script type=\"application\/ld+json\" class=\"yoast-schema-graph\">{\"@context\":\"https:\/\/schema.org\",\"@graph\":[{\"@type\":\"WebPage\",\"@id\":\"https:\/\/www.welovecycling.com\/hu\/kozosseg-es-kultura\/nok-vezette-nok-miert-fontos-ez-a-profi-kerekparban\/\",\"url\":\"https:\/\/www.welovecycling.com\/hu\/kozosseg-es-kultura\/nok-vezette-nok-miert-fontos-ez-a-profi-kerekparban\/\",\"name\":\"N\u0151k vezette n\u0151k: Mi\u00e9rt fontos ez a profi ker\u00e9kp\u00e1rban? - \u0160koda We Love Cycling - Magyarorsz\u00e1g\",\"isPartOf\":{\"@id\":\"https:\/\/www.welovecycling.com\/hu\/#website\"},\"primaryImageOfPage\":{\"@id\":\"https:\/\/www.welovecycling.com\/hu\/kozosseg-es-kultura\/nok-vezette-nok-miert-fontos-ez-a-profi-kerekparban\/#primaryimage\"},\"image\":{\"@id\":\"https:\/\/www.welovecycling.com\/hu\/kozosseg-es-kultura\/nok-vezette-nok-miert-fontos-ez-a-profi-kerekparban\/#primaryimage\"},\"thumbnailUrl\":\"https:\/\/d2p6e6u75xmxt8.cloudfront.net\/12\/2019\/04\/Trek-Segafredo-CVR-profimedia-0411234988.jpg\",\"datePublished\":\"2019-05-05T07:00:43+00:00\",\"author\":{\"@id\":\"https:\/\/www.welovecycling.com\/hu\/#\/schema\/person\/414a2aebf1801691a5320edb6468e194\"},\"breadcrumb\":{\"@id\":\"https:\/\/www.welovecycling.com\/hu\/kozosseg-es-kultura\/nok-vezette-nok-miert-fontos-ez-a-profi-kerekparban\/#breadcrumb\"},\"inLanguage\":\"hu\",\"potentialAction\":[{\"@type\":\"ReadAction\",\"target\":[\"https:\/\/www.welovecycling.com\/hu\/kozosseg-es-kultura\/nok-vezette-nok-miert-fontos-ez-a-profi-kerekparban\/\"]}]},{\"@type\":\"ImageObject\",\"inLanguage\":\"hu\",\"@id\":\"https:\/\/www.welovecycling.com\/hu\/kozosseg-es-kultura\/nok-vezette-nok-miert-fontos-ez-a-profi-kerekparban\/#primaryimage\",\"url\":\"https:\/\/d2p6e6u75xmxt8.cloudfront.net\/12\/2019\/04\/Trek-Segafredo-CVR-profimedia-0411234988.jpg\",\"contentUrl\":\"https:\/\/d2p6e6u75xmxt8.cloudfront.net\/12\/2019\/04\/Trek-Segafredo-CVR-profimedia-0411234988.jpg\",\"width\":1366,\"height\":600},{\"@type\":\"BreadcrumbList\",\"@id\":\"https:\/\/www.welovecycling.com\/hu\/kozosseg-es-kultura\/nok-vezette-nok-miert-fontos-ez-a-profi-kerekparban\/#breadcrumb\",\"itemListElement\":[{\"@type\":\"ListItem\",\"position\":1,\"name\":\"Home\",\"item\":\"https:\/\/www.welovecycling.com\/hu\/\"},{\"@type\":\"ListItem\",\"position\":2,\"name\":\"N\u0151k vezette n\u0151k: Mi\u00e9rt fontos ez a profi ker\u00e9kp\u00e1rban?\"}]},{\"@type\":\"WebSite\",\"@id\":\"https:\/\/www.welovecycling.com\/hu\/#website\",\"url\":\"https:\/\/www.welovecycling.com\/hu\/\",\"name\":\"\u0160koda We Love Cycling - Magyarorsz\u00e1g\",\"description\":\"\u0160koda WeLoveCycling\",\"potentialAction\":[{\"@type\":\"SearchAction\",\"target\":{\"@type\":\"EntryPoint\",\"urlTemplate\":\"https:\/\/www.welovecycling.com\/hu\/?s={search_term_string}\"},\"query-input\":{\"@type\":\"PropertyValueSpecification\",\"valueRequired\":true,\"valueName\":\"search_term_string\"}}],\"inLanguage\":\"hu\"},{\"@type\":\"Person\",\"@id\":\"https:\/\/www.welovecycling.com\/hu\/#\/schema\/person\/414a2aebf1801691a5320edb6468e194\",\"name\":\"hegyizs\",\"image\":{\"@type\":\"ImageObject\",\"inLanguage\":\"hu\",\"@id\":\"https:\/\/www.welovecycling.com\/hu\/#\/schema\/person\/image\/\",\"url\":\"https:\/\/secure.gravatar.com\/avatar\/02cf8a7906b8cf90cecb4679defac7cfd33a1c2e3b88e4903d947f3bb58eedd3?s=96&d=mm&r=g\",\"contentUrl\":\"https:\/\/secure.gravatar.com\/avatar\/02cf8a7906b8cf90cecb4679defac7cfd33a1c2e3b88e4903d947f3bb58eedd3?s=96&d=mm&r=g\",\"caption\":\"hegyizs\"},\"url\":\"https:\/\/www.welovecycling.com\/hu\/author\/hegyizs\/\"}]}<\/script>\n<!-- \/ Yoast SEO Premium plugin. -->","yoast_head_json":{"title":"N\u0151k vezette n\u0151k: Mi\u00e9rt fontos ez a profi ker\u00e9kp\u00e1rban? - \u0160koda We Love Cycling - Magyarorsz\u00e1g","robots":{"index":"index","follow":"follow","max-snippet":"max-snippet:-1","max-image-preview":"max-image-preview:large","max-video-preview":"max-video-preview:-1"},"canonical":"https:\/\/www.welovecycling.com\/hu\/kozosseg-es-kultura\/nok-vezette-nok-miert-fontos-ez-a-profi-kerekparban\/","og_locale":"hu_HU","og_type":"article","og_title":"N\u0151k vezette n\u0151k: Mi\u00e9rt fontos ez a profi ker\u00e9kp\u00e1rban?","og_description":"A versenyszezon kezdet\u00e9vel a Trek Segafredo \u00faj, n\u0151i csapata nagy \u00e9rdekl\u0151d\u00e9snek \u00f6rvend, ugyanis a csapatot vezet\u0151 k\u00e9t ker\u00e9kp\u00e1ros nagy\u00e1gy\u00fa szint\u00e9n [&hellip;]","og_url":"https:\/\/www.welovecycling.com\/hu\/kozosseg-es-kultura\/nok-vezette-nok-miert-fontos-ez-a-profi-kerekparban\/","og_site_name":"\u0160koda We Love Cycling - Magyarorsz\u00e1g","article_publisher":"https:\/\/www.facebook.com\/WeLoveCyclingHungary\/","article_published_time":"2019-05-05T07:00:43+00:00","og_image":[{"width":1366,"height":600,"url":"https:\/\/d2p6e6u75xmxt8.cloudfront.net\/12\/2019\/04\/Trek-Segafredo-CVR-profimedia-0411234988.jpg","type":"image\/jpeg"}],"author":"hegyizs","twitter_card":"summary_large_image","twitter_misc":{"Written by":"Megan Flottorp","Est. reading time":"6"},"schema":{"@context":"https:\/\/schema.org","@graph":[{"@type":"WebPage","@id":"https:\/\/www.welovecycling.com\/hu\/kozosseg-es-kultura\/nok-vezette-nok-miert-fontos-ez-a-profi-kerekparban\/","url":"https:\/\/www.welovecycling.com\/hu\/kozosseg-es-kultura\/nok-vezette-nok-miert-fontos-ez-a-profi-kerekparban\/","name":"N\u0151k vezette n\u0151k: Mi\u00e9rt fontos ez a profi ker\u00e9kp\u00e1rban? - \u0160koda We Love Cycling - Magyarorsz\u00e1g","isPartOf":{"@id":"https:\/\/www.welovecycling.com\/hu\/#website"},"primaryImageOfPage":{"@id":"https:\/\/www.welovecycling.com\/hu\/kozosseg-es-kultura\/nok-vezette-nok-miert-fontos-ez-a-profi-kerekparban\/#primaryimage"},"image":{"@id":"https:\/\/www.welovecycling.com\/hu\/kozosseg-es-kultura\/nok-vezette-nok-miert-fontos-ez-a-profi-kerekparban\/#primaryimage"},"thumbnailUrl":"https:\/\/d2p6e6u75xmxt8.cloudfront.net\/12\/2019\/04\/Trek-Segafredo-CVR-profimedia-0411234988.jpg","datePublished":"2019-05-05T07:00:43+00:00","author":{"@id":"https:\/\/www.welovecycling.com\/hu\/#\/schema\/person\/414a2aebf1801691a5320edb6468e194"},"breadcrumb":{"@id":"https:\/\/www.welovecycling.com\/hu\/kozosseg-es-kultura\/nok-vezette-nok-miert-fontos-ez-a-profi-kerekparban\/#breadcrumb"},"inLanguage":"hu","potentialAction":[{"@type":"ReadAction","target":["https:\/\/www.welovecycling.com\/hu\/kozosseg-es-kultura\/nok-vezette-nok-miert-fontos-ez-a-profi-kerekparban\/"]}]},{"@type":"ImageObject","inLanguage":"hu","@id":"https:\/\/www.welovecycling.com\/hu\/kozosseg-es-kultura\/nok-vezette-nok-miert-fontos-ez-a-profi-kerekparban\/#primaryimage","url":"https:\/\/d2p6e6u75xmxt8.cloudfront.net\/12\/2019\/04\/Trek-Segafredo-CVR-profimedia-0411234988.jpg","contentUrl":"https:\/\/d2p6e6u75xmxt8.cloudfront.net\/12\/2019\/04\/Trek-Segafredo-CVR-profimedia-0411234988.jpg","width":1366,"height":600},{"@type":"BreadcrumbList","@id":"https:\/\/www.welovecycling.com\/hu\/kozosseg-es-kultura\/nok-vezette-nok-miert-fontos-ez-a-profi-kerekparban\/#breadcrumb","itemListElement":[{"@type":"ListItem","position":1,"name":"Home","item":"https:\/\/www.welovecycling.com\/hu\/"},{"@type":"ListItem","position":2,"name":"N\u0151k vezette n\u0151k: Mi\u00e9rt fontos ez a profi ker\u00e9kp\u00e1rban?"}]},{"@type":"WebSite","@id":"https:\/\/www.welovecycling.com\/hu\/#website","url":"https:\/\/www.welovecycling.com\/hu\/","name":"\u0160koda We Love Cycling - Magyarorsz\u00e1g","description":"\u0160koda WeLoveCycling","potentialAction":[{"@type":"SearchAction","target":{"@type":"EntryPoint","urlTemplate":"https:\/\/www.welovecycling.com\/hu\/?s={search_term_string}"},"query-input":{"@type":"PropertyValueSpecification","valueRequired":true,"valueName":"search_term_string"}}],"inLanguage":"hu"},{"@type":"Person","@id":"https:\/\/www.welovecycling.com\/hu\/#\/schema\/person\/414a2aebf1801691a5320edb6468e194","name":"hegyizs","image":{"@type":"ImageObject","inLanguage":"hu","@id":"https:\/\/www.welovecycling.com\/hu\/#\/schema\/person\/image\/","url":"https:\/\/secure.gravatar.com\/avatar\/02cf8a7906b8cf90cecb4679defac7cfd33a1c2e3b88e4903d947f3bb58eedd3?s=96&d=mm&r=g","contentUrl":"https:\/\/secure.gravatar.com\/avatar\/02cf8a7906b8cf90cecb4679defac7cfd33a1c2e3b88e4903d947f3bb58eedd3?s=96&d=mm&r=g","caption":"hegyizs"},"url":"https:\/\/www.welovecycling.com\/hu\/author\/hegyizs\/"}]}},"_links":{"self":[{"href":"https:\/\/www.welovecycling.com\/hu\/wp-json\/wp\/v2\/posts\/3169","targetHints":{"allow":["GET"]}}],"collection":[{"href":"https:\/\/www.welovecycling.com\/hu\/wp-json\/wp\/v2\/posts"}],"about":[{"href":"https:\/\/www.welovecycling.com\/hu\/wp-json\/wp\/v2\/types\/post"}],"author":[{"embeddable":true,"href":"https:\/\/www.welovecycling.com\/hu\/wp-json\/wp\/v2\/users\/71"}],"replies":[{"embeddable":true,"href":"https:\/\/www.welovecycling.com\/hu\/wp-json\/wp\/v2\/comments?post=3169"}],"version-history":[{"count":2,"href":"https:\/\/www.welovecycling.com\/hu\/wp-json\/wp\/v2\/posts\/3169\/revisions"}],"predecessor-version":[{"id":3182,"href":"https:\/\/www.welovecycling.com\/hu\/wp-json\/wp\/v2\/posts\/3169\/revisions\/3182"}],"wp:featuredmedia":[{"embeddable":true,"href":"https:\/\/www.welovecycling.com\/hu\/wp-json\/wp\/v2\/media\/3174"}],"wp:attachment":[{"href":"https:\/\/www.welovecycling.com\/hu\/wp-json\/wp\/v2\/media?parent=3169"}],"wp:term":[{"taxonomy":"category","embeddable":true,"href":"https:\/\/www.welovecycling.com\/hu\/wp-json\/wp\/v2\/categories?post=3169"},{"taxonomy":"post_tag","embeddable":true,"href":"https:\/\/www.welovecycling.com\/hu\/wp-json\/wp\/v2\/tags?post=3169"},{"taxonomy":"global-categories","embeddable":true,"href":"https:\/\/www.welovecycling.com\/hu\/wp-json\/wp\/v2\/global-categories?post=3169"}],"curies":[{"name":"wp","href":"https:\/\/api.w.org\/{rel}","templated":true}]}}