{"id":3161,"date":"2019-05-03T08:00:19","date_gmt":"2019-05-03T07:00:19","guid":{"rendered":"https:\/\/www.welovecycling.com\/hu\/?p=3161"},"modified":"2019-04-25T16:08:14","modified_gmt":"2019-04-25T15:08:14","slug":"ahol-dijazzak-a-dizajnt","status":"publish","type":"post","link":"https:\/\/www.welovecycling.com\/hu\/kozosseg-es-kultura\/ahol-dijazzak-a-dizajnt\/","title":{"rendered":"Ahol d\u00edjazz\u00e1k a diz\u00e1jnt"},"content":{"rendered":"<p><strong>Hatezer \u00f3r\u00e1s term\u00e9kelemz\u00e9s ut\u00e1n id\u00e9n \u00fajra megsz\u00fclettek az \u00e9v d\u00edjazottjai. A Desing &amp; Innovation Award az egyik legrangosabb elismer\u00e9s, nem is kaphatja meg ak\u00e1rki: a szak\u00e9rt\u0151kb\u0151l, \u00fajs\u00e1g\u00edr\u00f3kb\u00f3l \u00e9s professzion\u00e1lis ker\u00e9kp\u00e1rosokb\u00f3l \u00e1ll\u00f3 zs\u0171ri alapos vizsg\u00e1lat ut\u00e1n hirdeti ki a nyerteseket.<\/strong><!--more--><\/p>\n<p>A teljes list\u00e1t, gy\u00f6ny\u00f6r\u0171 fot\u00f3kon l\u00e1thatj\u00e1tok, <a href=\"https:\/\/design-innovation-award.com\/winner-2019\/?fbclid=IwAR3Q5xIHfEBrraF_wsj5x1WMeprBxh1wep8t796XD_Mr-wSlaKAHdRFI7R0&amp;my-product_category_194=171\">ide kattintva.<\/a> Kiemelt\u00fcnk egy-egy d\u00edjazottat a n\u00e9pszer\u0171bb kateg\u00f3ri\u00e1kb\u00f3l, \u00edme:<\/p>\n<h2>1.\u00a0 Mountainbike<\/h2>\n<p><a href=\"https:\/\/d2p6e6u75xmxt8.cloudfront.net\/12\/2019\/04\/image2-1.jpeg\"><img loading=\"lazy\" decoding=\"async\" class=\"alignnone size-full wp-image-3163\" src=\"https:\/\/d2p6e6u75xmxt8.cloudfront.net\/12\/2019\/04\/image2-1.jpeg\" alt=\"\" width=\"1140\" height=\"760\" srcset=\"https:\/\/d2p6e6u75xmxt8.cloudfront.net\/12\/2019\/04\/image2-1.jpeg 1140w, https:\/\/d2p6e6u75xmxt8.cloudfront.net\/12\/2019\/04\/image2-1-300x200.jpeg 300w, https:\/\/d2p6e6u75xmxt8.cloudfront.net\/12\/2019\/04\/image2-1-768x512.jpeg 768w, https:\/\/d2p6e6u75xmxt8.cloudfront.net\/12\/2019\/04\/image2-1-1024x683.jpeg 1024w, https:\/\/d2p6e6u75xmxt8.cloudfront.net\/12\/2019\/04\/image2-1-272x182.jpeg 272w\" sizes=\"auto, (max-width: 1140px) 100vw, 1140px\" \/><\/a>Mountainbike kateg\u00f3ri\u00e1ban d\u00edjat kapott a CENTURION Backfire Carbon 4000. A Nimbus 2000 bicikli-manifeszt\u00e1ci\u00f3ja, k\u00e9t ker\u00e9kkel. Tollpihek\u00f6nny\u0171, igazi versenyg\u00e9p. Kecses egyedis\u00e9g\u00e9t a modern geometrikus diz\u00e1jn adja. Formabont\u00f3 v\u00e1zrendszere szak\u00edt a megszokott megold\u00e1sokkal, hogy n\u00f6velhesse a stabilit\u00e1st. Kiegyens\u00falyozott \u00e9s k\u00f6nnyen kezelhet\u0151, k\u00e9pes hegyeket is m\u00e1szni \u00e9s hossz\u00fa t\u00far\u00e1kra is t\u00f6k\u00e9letes. Mag\u00e1ban foglalja a hat\u00e9konys\u00e1g \u00e9s a stabilit\u00e1s minden erej\u00e9t, \u00e9s nem hagyja elveszni a bring\u00e1z\u00e1s \u00f6r\u00f6m\u00e9t sem. \u00c9s hogy \u00fagy tudunk-e rep\u00fclni vele, mint a Nimbus-szal? Valami azt s\u00fagja, hogy igen.<\/p>\n<h2>2. Orsz\u00e1g\u00fati ker\u00e9kp\u00e1r<\/h2>\n<p><a href=\"https:\/\/d2p6e6u75xmxt8.cloudfront.net\/12\/2019\/04\/image3-1.jpeg\"><img loading=\"lazy\" decoding=\"async\" class=\"alignnone size-full wp-image-3164\" src=\"https:\/\/d2p6e6u75xmxt8.cloudfront.net\/12\/2019\/04\/image3-1.jpeg\" alt=\"\" width=\"1140\" height=\"760\" srcset=\"https:\/\/d2p6e6u75xmxt8.cloudfront.net\/12\/2019\/04\/image3-1.jpeg 1140w, https:\/\/d2p6e6u75xmxt8.cloudfront.net\/12\/2019\/04\/image3-1-300x200.jpeg 300w, https:\/\/d2p6e6u75xmxt8.cloudfront.net\/12\/2019\/04\/image3-1-768x512.jpeg 768w, https:\/\/d2p6e6u75xmxt8.cloudfront.net\/12\/2019\/04\/image3-1-1024x683.jpeg 1024w, https:\/\/d2p6e6u75xmxt8.cloudfront.net\/12\/2019\/04\/image3-1-272x182.jpeg 272w\" sizes=\"auto, (max-width: 1140px) 100vw, 1140px\" \/><\/a>A Madone SLR9 Disc modell az aero ker\u00e9kp\u00e1rok \u00fajra\u00e9rtelmez\u00e9s\u00e9t testes\u00edti meg. A Trek m\u00e9rn\u00f6kei \u00e1ltal megalkotott, hatalmas, aerodinamikailag form\u00e1zott cs\u00f6vek mellett rendelkezik m\u00e9g egy fontos \u00f6sszetev\u0151vel: Az IsoSpeed csillap\u00edt\u00e1si rendszer biztos\u00edtja a k\u00e9nyelmet, a m\u00e9rn\u00f6ki munka pedig a stabilit\u00e1st \u00e9s a hat\u00e9konys\u00e1got. A kateg\u00f3ria t\u00f6bbi nyertes\u00e9hez hasonl\u00f3an a Madone is t\u00e1rcsaf\u00e9kkel szerelt.<\/p>\n<h2>3. E- MTB<\/h2>\n<p><a href=\"https:\/\/d2p6e6u75xmxt8.cloudfront.net\/12\/2019\/04\/image4-1.jpeg\"><img loading=\"lazy\" decoding=\"async\" class=\"alignnone size-full wp-image-3165\" src=\"https:\/\/d2p6e6u75xmxt8.cloudfront.net\/12\/2019\/04\/image4-1.jpeg\" alt=\"\" width=\"1140\" height=\"760\" srcset=\"https:\/\/d2p6e6u75xmxt8.cloudfront.net\/12\/2019\/04\/image4-1.jpeg 1140w, https:\/\/d2p6e6u75xmxt8.cloudfront.net\/12\/2019\/04\/image4-1-300x200.jpeg 300w, https:\/\/d2p6e6u75xmxt8.cloudfront.net\/12\/2019\/04\/image4-1-768x512.jpeg 768w, https:\/\/d2p6e6u75xmxt8.cloudfront.net\/12\/2019\/04\/image4-1-1024x683.jpeg 1024w, https:\/\/d2p6e6u75xmxt8.cloudfront.net\/12\/2019\/04\/image4-1-272x182.jpeg 272w\" sizes=\"auto, (max-width: 1140px) 100vw, 1140px\" \/><\/a>A Husqvarna nev\u00e9t minden biciklis j\u00f3l ismeri. A m\u00e1rka gondolt egy nagyot \u00e9s egy olyan e-biciklivel t\u00f6rt be a piacra, amely r\u00f6gt\u00f6n d\u00edjat is nyert. Az akkumul\u00e1tort teljesen elrejti a v\u00e1z, \u00edgy nem t\u00f6rik meg a klasszikus letisztults\u00e1g. A 180 mm-es rug\u00f3\u00fat t\u00f6k\u00e9letesen el\u00e9g ahhoz, hogy b\u00edrja a strap\u00e1t nehezebb terepen is.\u00a0 A nagy t\u00e1vokon pedig seg\u00edts\u00e9g\u00fcnkre van a 600 Wh-s akkumul\u00e1tor.<\/p>\n<h2>4. Alkatr\u00e9szek<\/h2>\n<p><a href=\"https:\/\/d2p6e6u75xmxt8.cloudfront.net\/12\/2019\/04\/image5-1.jpeg\"><img loading=\"lazy\" decoding=\"async\" class=\"alignnone size-full wp-image-3166\" src=\"https:\/\/d2p6e6u75xmxt8.cloudfront.net\/12\/2019\/04\/image5-1.jpeg\" alt=\"\" width=\"1140\" height=\"760\" srcset=\"https:\/\/d2p6e6u75xmxt8.cloudfront.net\/12\/2019\/04\/image5-1.jpeg 1140w, https:\/\/d2p6e6u75xmxt8.cloudfront.net\/12\/2019\/04\/image5-1-300x200.jpeg 300w, https:\/\/d2p6e6u75xmxt8.cloudfront.net\/12\/2019\/04\/image5-1-768x512.jpeg 768w, https:\/\/d2p6e6u75xmxt8.cloudfront.net\/12\/2019\/04\/image5-1-1024x683.jpeg 1024w, https:\/\/d2p6e6u75xmxt8.cloudfront.net\/12\/2019\/04\/image5-1-272x182.jpeg 272w\" sizes=\"auto, (max-width: 1140px) 100vw, 1140px\" \/><\/a>A k\u00e9zzel gy\u00e1rtott Beast RR4 ker\u00e9kszett mind\u00f6ssze 1429 grammj\u00e1val \u00e9rdemelt ki elismer\u00e9st. Az alkot\u00f3k DT Swiss 240s Disc CenterLock agyakkal \u00e9s 24 darab Sapim CX-Ray oper\u00e1ltak. Kecses k\u00f6nny\u0171s\u00e9ge ellen\u00e9re s\u00falylimit n\u00e9lk\u00fcl haszn\u00e1lhat\u00f3.<\/p>\n<h2>5. Kieg\u00e9sz\u00edt\u0151k<\/h2>\n<p><a href=\"https:\/\/d2p6e6u75xmxt8.cloudfront.net\/12\/2019\/04\/image6-1.jpeg\"><img loading=\"lazy\" decoding=\"async\" class=\"alignnone size-full wp-image-3167\" src=\"https:\/\/d2p6e6u75xmxt8.cloudfront.net\/12\/2019\/04\/image6-1.jpeg\" alt=\"\" width=\"1140\" height=\"760\" srcset=\"https:\/\/d2p6e6u75xmxt8.cloudfront.net\/12\/2019\/04\/image6-1.jpeg 1140w, https:\/\/d2p6e6u75xmxt8.cloudfront.net\/12\/2019\/04\/image6-1-300x200.jpeg 300w, https:\/\/d2p6e6u75xmxt8.cloudfront.net\/12\/2019\/04\/image6-1-768x512.jpeg 768w, https:\/\/d2p6e6u75xmxt8.cloudfront.net\/12\/2019\/04\/image6-1-1024x683.jpeg 1024w, https:\/\/d2p6e6u75xmxt8.cloudfront.net\/12\/2019\/04\/image6-1-272x182.jpeg 272w\" sizes=\"auto, (max-width: 1140px) 100vw, 1140px\" \/><\/a>Hogy mit tudhat egy t\u00e9rdv\u00e9d\u0151? Rugalmas sz\u00e1lakb\u00f3l \u00e1ll\u00f3 3D sz\u00f6v\u00e9s\u00e9be integr\u00e1lt m\u00e9hsejtszerkezet\u0171 \u00fct\u00e9selnyel\u0151 r\u00e9sze nemcsak v\u00e9d, de konformit\u00e1st is ny\u00fajt: a szerkezetnek k\u00f6sz\u00f6nhet\u0151en nincs rajta sem varr\u00e1s, sem t\u00e9p\u0151z\u00e1r, sem ragaszt\u00e1s. Tart\u00f3s, \u00e9s k\u00e9nyelmes biztons\u00e1g, modern diz\u00e1jnba \u00f6lt\u00f6ztetve.<\/p>\n<p>Mit gondolsz, ki\u00e9rdemelt\u00e9k ezek a m\u0171v\u00e9szi alkot\u00e1sok a d\u00edjakat?<\/p>\n<p><strong>Forr\u00e1s:<\/strong><br \/>\n<a href=\"https:\/\/www.mozgasvilag.hu\/kerekpar\/hirek\/amikor-az-ertek-a-mertek-design-innovation-award-2019\">https:\/\/www.mozgasvilag.hu\/kerekpar\/hirek\/amikor-az-ertek-a-mertek-design-innovation-award-2019<\/a><\/p>\n<p><a href=\"https:\/\/design-innovation-award.com\/winner\/centurion-backfire-carbon-4000\/\">https:\/\/design-innovation-award.com\/winner\/centurion-backfire-carbon-4000\/<\/a><\/p>\n<p>&nbsp;<\/p>\n","protected":false},"excerpt":{"rendered":"<p>Hatezer \u00f3r\u00e1s term\u00e9kelemz\u00e9s ut\u00e1n id\u00e9n \u00fajra megsz\u00fclettek az \u00e9v d\u00edjazottjai. A Desing &amp; Innovation Award az egyik legrangosabb elismer\u00e9s, nem [&hellip;]<\/p>\n","protected":false},"author":71,"featured_media":3162,"comment_status":"open","ping_status":"open","sticky":false,"template":"","format":"standard","meta":{"footnotes":""},"categories":[12],"tags":[],"global-categories":[],"class_list":["post-3161","post","type-post","status-publish","format-standard","has-post-thumbnail","hentry","category-kozosseg-es-kultura"],"yoast_head":"<!-- This site is optimized with the Yoast SEO Premium plugin v25.3 (Yoast SEO v25.9) - https:\/\/yoast.com\/wordpress\/plugins\/seo\/ -->\n<title>Ahol d\u00edjazz\u00e1k a diz\u00e1jnt - \u0160koda We Love Cycling - Magyarorsz\u00e1g<\/title>\n<meta name=\"robots\" content=\"index, follow, max-snippet:-1, max-image-preview:large, max-video-preview:-1\" \/>\n<link rel=\"canonical\" href=\"https:\/\/www.welovecycling.com\/hu\/kozosseg-es-kultura\/ahol-dijazzak-a-dizajnt\/\" \/>\n<meta property=\"og:locale\" content=\"hu_HU\" \/>\n<meta property=\"og:type\" content=\"article\" \/>\n<meta property=\"og:title\" content=\"Ahol d\u00edjazz\u00e1k a diz\u00e1jnt\" \/>\n<meta property=\"og:description\" content=\"Hatezer \u00f3r\u00e1s term\u00e9kelemz\u00e9s ut\u00e1n id\u00e9n \u00fajra megsz\u00fclettek az \u00e9v d\u00edjazottjai. A Desing &amp; Innovation Award az egyik legrangosabb elismer\u00e9s, nem [&hellip;]\" \/>\n<meta property=\"og:url\" content=\"https:\/\/www.welovecycling.com\/hu\/kozosseg-es-kultura\/ahol-dijazzak-a-dizajnt\/\" \/>\n<meta property=\"og:site_name\" content=\"\u0160koda We Love Cycling - Magyarorsz\u00e1g\" \/>\n<meta property=\"article:publisher\" content=\"https:\/\/www.facebook.com\/WeLoveCyclingHungary\/\" \/>\n<meta property=\"article:published_time\" content=\"2019-05-03T07:00:19+00:00\" \/>\n<meta property=\"og:image\" content=\"https:\/\/d2p6e6u75xmxt8.cloudfront.net\/12\/2019\/04\/image1-1.jpeg\" \/>\n\t<meta property=\"og:image:width\" content=\"1140\" \/>\n\t<meta property=\"og:image:height\" content=\"760\" \/>\n\t<meta property=\"og:image:type\" content=\"image\/jpeg\" \/>\n<meta name=\"author\" content=\"hegyizs\" \/>\n<meta name=\"twitter:card\" content=\"summary_large_image\" \/>\n<meta name=\"twitter:label1\" content=\"Written by\" \/>\n\t<meta name=\"twitter:data1\" content=\"WLC\" \/>\n\t<meta name=\"twitter:label2\" content=\"Est. reading time\" \/>\n\t<meta name=\"twitter:data2\" content=\"3 minutes\" \/>\n<script type=\"application\/ld+json\" class=\"yoast-schema-graph\">{\"@context\":\"https:\/\/schema.org\",\"@graph\":[{\"@type\":\"WebPage\",\"@id\":\"https:\/\/www.welovecycling.com\/hu\/kozosseg-es-kultura\/ahol-dijazzak-a-dizajnt\/\",\"url\":\"https:\/\/www.welovecycling.com\/hu\/kozosseg-es-kultura\/ahol-dijazzak-a-dizajnt\/\",\"name\":\"Ahol d\u00edjazz\u00e1k a diz\u00e1jnt - \u0160koda We Love Cycling - Magyarorsz\u00e1g\",\"isPartOf\":{\"@id\":\"https:\/\/www.welovecycling.com\/hu\/#website\"},\"primaryImageOfPage\":{\"@id\":\"https:\/\/www.welovecycling.com\/hu\/kozosseg-es-kultura\/ahol-dijazzak-a-dizajnt\/#primaryimage\"},\"image\":{\"@id\":\"https:\/\/www.welovecycling.com\/hu\/kozosseg-es-kultura\/ahol-dijazzak-a-dizajnt\/#primaryimage\"},\"thumbnailUrl\":\"https:\/\/d2p6e6u75xmxt8.cloudfront.net\/12\/2019\/04\/image1-1.jpeg\",\"datePublished\":\"2019-05-03T07:00:19+00:00\",\"author\":{\"@id\":\"https:\/\/www.welovecycling.com\/hu\/#\/schema\/person\/414a2aebf1801691a5320edb6468e194\"},\"breadcrumb\":{\"@id\":\"https:\/\/www.welovecycling.com\/hu\/kozosseg-es-kultura\/ahol-dijazzak-a-dizajnt\/#breadcrumb\"},\"inLanguage\":\"hu\",\"potentialAction\":[{\"@type\":\"ReadAction\",\"target\":[\"https:\/\/www.welovecycling.com\/hu\/kozosseg-es-kultura\/ahol-dijazzak-a-dizajnt\/\"]}]},{\"@type\":\"ImageObject\",\"inLanguage\":\"hu\",\"@id\":\"https:\/\/www.welovecycling.com\/hu\/kozosseg-es-kultura\/ahol-dijazzak-a-dizajnt\/#primaryimage\",\"url\":\"https:\/\/d2p6e6u75xmxt8.cloudfront.net\/12\/2019\/04\/image1-1.jpeg\",\"contentUrl\":\"https:\/\/d2p6e6u75xmxt8.cloudfront.net\/12\/2019\/04\/image1-1.jpeg\",\"width\":1140,\"height\":760},{\"@type\":\"BreadcrumbList\",\"@id\":\"https:\/\/www.welovecycling.com\/hu\/kozosseg-es-kultura\/ahol-dijazzak-a-dizajnt\/#breadcrumb\",\"itemListElement\":[{\"@type\":\"ListItem\",\"position\":1,\"name\":\"Home\",\"item\":\"https:\/\/www.welovecycling.com\/hu\/\"},{\"@type\":\"ListItem\",\"position\":2,\"name\":\"Ahol d\u00edjazz\u00e1k a diz\u00e1jnt\"}]},{\"@type\":\"WebSite\",\"@id\":\"https:\/\/www.welovecycling.com\/hu\/#website\",\"url\":\"https:\/\/www.welovecycling.com\/hu\/\",\"name\":\"\u0160koda We Love Cycling - Magyarorsz\u00e1g\",\"description\":\"\u0160koda WeLoveCycling\",\"potentialAction\":[{\"@type\":\"SearchAction\",\"target\":{\"@type\":\"EntryPoint\",\"urlTemplate\":\"https:\/\/www.welovecycling.com\/hu\/?s={search_term_string}\"},\"query-input\":{\"@type\":\"PropertyValueSpecification\",\"valueRequired\":true,\"valueName\":\"search_term_string\"}}],\"inLanguage\":\"hu\"},{\"@type\":\"Person\",\"@id\":\"https:\/\/www.welovecycling.com\/hu\/#\/schema\/person\/414a2aebf1801691a5320edb6468e194\",\"name\":\"hegyizs\",\"image\":{\"@type\":\"ImageObject\",\"inLanguage\":\"hu\",\"@id\":\"https:\/\/www.welovecycling.com\/hu\/#\/schema\/person\/image\/\",\"url\":\"https:\/\/secure.gravatar.com\/avatar\/02cf8a7906b8cf90cecb4679defac7cfd33a1c2e3b88e4903d947f3bb58eedd3?s=96&d=mm&r=g\",\"contentUrl\":\"https:\/\/secure.gravatar.com\/avatar\/02cf8a7906b8cf90cecb4679defac7cfd33a1c2e3b88e4903d947f3bb58eedd3?s=96&d=mm&r=g\",\"caption\":\"hegyizs\"},\"url\":\"https:\/\/www.welovecycling.com\/hu\/author\/hegyizs\/\"}]}<\/script>\n<!-- \/ Yoast SEO Premium plugin. -->","yoast_head_json":{"title":"Ahol d\u00edjazz\u00e1k a diz\u00e1jnt - \u0160koda We Love Cycling - Magyarorsz\u00e1g","robots":{"index":"index","follow":"follow","max-snippet":"max-snippet:-1","max-image-preview":"max-image-preview:large","max-video-preview":"max-video-preview:-1"},"canonical":"https:\/\/www.welovecycling.com\/hu\/kozosseg-es-kultura\/ahol-dijazzak-a-dizajnt\/","og_locale":"hu_HU","og_type":"article","og_title":"Ahol d\u00edjazz\u00e1k a diz\u00e1jnt","og_description":"Hatezer \u00f3r\u00e1s term\u00e9kelemz\u00e9s ut\u00e1n id\u00e9n \u00fajra megsz\u00fclettek az \u00e9v d\u00edjazottjai. A Desing &amp; Innovation Award az egyik legrangosabb elismer\u00e9s, nem [&hellip;]","og_url":"https:\/\/www.welovecycling.com\/hu\/kozosseg-es-kultura\/ahol-dijazzak-a-dizajnt\/","og_site_name":"\u0160koda We Love Cycling - Magyarorsz\u00e1g","article_publisher":"https:\/\/www.facebook.com\/WeLoveCyclingHungary\/","article_published_time":"2019-05-03T07:00:19+00:00","og_image":[{"width":1140,"height":760,"url":"https:\/\/d2p6e6u75xmxt8.cloudfront.net\/12\/2019\/04\/image1-1.jpeg","type":"image\/jpeg"}],"author":"hegyizs","twitter_card":"summary_large_image","twitter_misc":{"Written by":"WLC","Est. reading time":"3 minutes"},"schema":{"@context":"https:\/\/schema.org","@graph":[{"@type":"WebPage","@id":"https:\/\/www.welovecycling.com\/hu\/kozosseg-es-kultura\/ahol-dijazzak-a-dizajnt\/","url":"https:\/\/www.welovecycling.com\/hu\/kozosseg-es-kultura\/ahol-dijazzak-a-dizajnt\/","name":"Ahol d\u00edjazz\u00e1k a diz\u00e1jnt - \u0160koda We Love Cycling - Magyarorsz\u00e1g","isPartOf":{"@id":"https:\/\/www.welovecycling.com\/hu\/#website"},"primaryImageOfPage":{"@id":"https:\/\/www.welovecycling.com\/hu\/kozosseg-es-kultura\/ahol-dijazzak-a-dizajnt\/#primaryimage"},"image":{"@id":"https:\/\/www.welovecycling.com\/hu\/kozosseg-es-kultura\/ahol-dijazzak-a-dizajnt\/#primaryimage"},"thumbnailUrl":"https:\/\/d2p6e6u75xmxt8.cloudfront.net\/12\/2019\/04\/image1-1.jpeg","datePublished":"2019-05-03T07:00:19+00:00","author":{"@id":"https:\/\/www.welovecycling.com\/hu\/#\/schema\/person\/414a2aebf1801691a5320edb6468e194"},"breadcrumb":{"@id":"https:\/\/www.welovecycling.com\/hu\/kozosseg-es-kultura\/ahol-dijazzak-a-dizajnt\/#breadcrumb"},"inLanguage":"hu","potentialAction":[{"@type":"ReadAction","target":["https:\/\/www.welovecycling.com\/hu\/kozosseg-es-kultura\/ahol-dijazzak-a-dizajnt\/"]}]},{"@type":"ImageObject","inLanguage":"hu","@id":"https:\/\/www.welovecycling.com\/hu\/kozosseg-es-kultura\/ahol-dijazzak-a-dizajnt\/#primaryimage","url":"https:\/\/d2p6e6u75xmxt8.cloudfront.net\/12\/2019\/04\/image1-1.jpeg","contentUrl":"https:\/\/d2p6e6u75xmxt8.cloudfront.net\/12\/2019\/04\/image1-1.jpeg","width":1140,"height":760},{"@type":"BreadcrumbList","@id":"https:\/\/www.welovecycling.com\/hu\/kozosseg-es-kultura\/ahol-dijazzak-a-dizajnt\/#breadcrumb","itemListElement":[{"@type":"ListItem","position":1,"name":"Home","item":"https:\/\/www.welovecycling.com\/hu\/"},{"@type":"ListItem","position":2,"name":"Ahol d\u00edjazz\u00e1k a diz\u00e1jnt"}]},{"@type":"WebSite","@id":"https:\/\/www.welovecycling.com\/hu\/#website","url":"https:\/\/www.welovecycling.com\/hu\/","name":"\u0160koda We Love Cycling - Magyarorsz\u00e1g","description":"\u0160koda WeLoveCycling","potentialAction":[{"@type":"SearchAction","target":{"@type":"EntryPoint","urlTemplate":"https:\/\/www.welovecycling.com\/hu\/?s={search_term_string}"},"query-input":{"@type":"PropertyValueSpecification","valueRequired":true,"valueName":"search_term_string"}}],"inLanguage":"hu"},{"@type":"Person","@id":"https:\/\/www.welovecycling.com\/hu\/#\/schema\/person\/414a2aebf1801691a5320edb6468e194","name":"hegyizs","image":{"@type":"ImageObject","inLanguage":"hu","@id":"https:\/\/www.welovecycling.com\/hu\/#\/schema\/person\/image\/","url":"https:\/\/secure.gravatar.com\/avatar\/02cf8a7906b8cf90cecb4679defac7cfd33a1c2e3b88e4903d947f3bb58eedd3?s=96&d=mm&r=g","contentUrl":"https:\/\/secure.gravatar.com\/avatar\/02cf8a7906b8cf90cecb4679defac7cfd33a1c2e3b88e4903d947f3bb58eedd3?s=96&d=mm&r=g","caption":"hegyizs"},"url":"https:\/\/www.welovecycling.com\/hu\/author\/hegyizs\/"}]}},"_links":{"self":[{"href":"https:\/\/www.welovecycling.com\/hu\/wp-json\/wp\/v2\/posts\/3161","targetHints":{"allow":["GET"]}}],"collection":[{"href":"https:\/\/www.welovecycling.com\/hu\/wp-json\/wp\/v2\/posts"}],"about":[{"href":"https:\/\/www.welovecycling.com\/hu\/wp-json\/wp\/v2\/types\/post"}],"author":[{"embeddable":true,"href":"https:\/\/www.welovecycling.com\/hu\/wp-json\/wp\/v2\/users\/71"}],"replies":[{"embeddable":true,"href":"https:\/\/www.welovecycling.com\/hu\/wp-json\/wp\/v2\/comments?post=3161"}],"version-history":[{"count":1,"href":"https:\/\/www.welovecycling.com\/hu\/wp-json\/wp\/v2\/posts\/3161\/revisions"}],"predecessor-version":[{"id":3168,"href":"https:\/\/www.welovecycling.com\/hu\/wp-json\/wp\/v2\/posts\/3161\/revisions\/3168"}],"wp:featuredmedia":[{"embeddable":true,"href":"https:\/\/www.welovecycling.com\/hu\/wp-json\/wp\/v2\/media\/3162"}],"wp:attachment":[{"href":"https:\/\/www.welovecycling.com\/hu\/wp-json\/wp\/v2\/media?parent=3161"}],"wp:term":[{"taxonomy":"category","embeddable":true,"href":"https:\/\/www.welovecycling.com\/hu\/wp-json\/wp\/v2\/categories?post=3161"},{"taxonomy":"post_tag","embeddable":true,"href":"https:\/\/www.welovecycling.com\/hu\/wp-json\/wp\/v2\/tags?post=3161"},{"taxonomy":"global-categories","embeddable":true,"href":"https:\/\/www.welovecycling.com\/hu\/wp-json\/wp\/v2\/global-categories?post=3161"}],"curies":[{"name":"wp","href":"https:\/\/api.w.org\/{rel}","templated":true}]}}