{"id":316,"date":"2018-03-08T11:15:10","date_gmt":"2018-03-08T11:15:10","guid":{"rendered":"https:\/\/www.welovecycling.com\/hu\/?p=316"},"modified":"2018-03-22T12:17:04","modified_gmt":"2018-03-22T12:17:04","slug":"a-vilag-legregebbi-kerekparboltja","status":"publish","type":"post","link":"https:\/\/www.welovecycling.com\/hu\/csalad\/a-vilag-legregebbi-kerekparboltja\/","title":{"rendered":"A vil\u00e1g legr\u00e9gebbi ker\u00e9kp\u00e1rboltja"},"content":{"rendered":"<p><strong>A London Sutton v\u00e1rosr\u00e9sz\u00e9ben tal\u00e1lhat\u00f3 Pearson Cycles a vil\u00e1g legr\u00e9gebbi ker\u00e9kp\u00e1rboltja. Ehhez nem f\u00e9r k\u00e9ts\u00e9g, hiszen a Guinness Rekordok K\u00f6nyv\u00e9ben r\u00f6gz\u00edtett\u00e9k. A boltot 1860-ban alap\u00edtott\u00e1k, 154 \u00e9vvel ezel\u0151tt. Guy Pearson \u00e9s fiv\u00e9re, William a tulajdonosok \u00f6t\u00f6dik gener\u00e1ci\u00f3j\u00e1t k\u00e9pviselik. Novemberben megl\u00e1togattuk \u0151ket.<\/strong> <!--more--><\/p>\n<p>\u201e\u00dckap\u00e1m, Tom Pearson kov\u00e1csk\u00e9nt kezdett itt dolgozni. Lovakat patkolt \u00e9s mindenf\u00e9le dolgot k\u00e9sz\u00edtett f\u00e9mb\u0151l\u201d &#8211; mes\u00e9li Guy Pearson tal\u00e1lkoz\u00e1sunkkor a csal\u00e1di boltj\u00e1ban. \u201eAzt\u00e1n a ker\u00e9kp\u00e1rok nagyon n\u00e9pszer\u0171v\u00e9 v\u00e1ltak, ez\u00e9rt ink\u00e1bb a ker\u00e9kp\u00e1rok k\u00e9sz\u00edt\u00e9s\u00e9re helyezt\u00fck a hangs\u00falyt.&#8221;<\/p>\n<p>Guy maga is nagy ker\u00e9kp\u00e1ros. Tizenhat \u00e9vesen brit terepker\u00e9kp\u00e1ros-bajnok lett. Az \u00f6r\u00f6ks\u00e9g lebeg a szeme el\u0151tt, de van m\u00e9g m\u00e1s is. \u201eNem tartan\u00e1nk itt, ha mindig csak a m\u00faltba r\u00e9vedn\u00e9nk. A legmodernebb ker\u00e9kp\u00e1rokat gy\u00e1rtjuk \u00e9s a leg\u00fajabb technol\u00f3gi\u00e1t alkalmazzuk. A l\u00e9nyeg, hogy kiv\u00e1l\u00f3 szolg\u00e1ltat\u00e1st ny\u00fajts\u00e1l, \u00e9s tudd, hogy mindenki, bele\u00e9rtve magunkat is, aki ebben a szakm\u00e1ban dolgozik, rajong a ker\u00e9kp\u00e1roz\u00e1s\u00e9rt\u201d &#8211; magyar\u00e1zza Guy Pearson.<\/p>\n<p>\u201eIm\u00e1dunk bring\u00e1zni\u201d &#8211; teszi hozz\u00e1, ami nagyon boldogg\u00e1 tesz minket. Guy 1971-ben kezdett el ker\u00e9kp\u00e1rozni, amikor megkapta els\u0151 biciklij\u00e9t. \u201eSzimplav\u00e1lt\u00f3s, sz\u00e9les kerek\u0171, el\u00e9g neh\u00e9z ker\u00e9kp\u00e1r volt. Alig h\u00e1rom\u00e9vesen tanultam meg k\u00e9t ker\u00e9ken biciklizni. Soha nem volt p\u00f3tkerekem\u201d &#8211; sz\u00f6gezi le. Biztosan \u00f6r\u00f6k\u00f6lte a ker\u00e9kp\u00e1roz\u00e1s ir\u00e1nti szenved\u00e9ly\u00e9t \u2013 amit mi csak ker\u00e9kp\u00e1ros g\u00e9nnek h\u00edvunk.<\/p>\n<div id='gallery-1' class='gallery galleryid-316 gallery-columns-3 gallery-size-medium'><figure class='gallery-item'>\n\t\t\t<div class='gallery-icon landscape'>\n\t\t\t\t<a href='https:\/\/d2p6e6u75xmxt8.cloudfront.net\/12\/2018\/03\/Pearson-7.jpg'><img loading=\"lazy\" decoding=\"async\" width=\"300\" height=\"200\" src=\"https:\/\/d2p6e6u75xmxt8.cloudfront.net\/12\/2018\/03\/Pearson-7-300x200.jpg\" class=\"attachment-medium size-medium\" alt=\"\" srcset=\"https:\/\/d2p6e6u75xmxt8.cloudfront.net\/12\/2018\/03\/Pearson-7-300x200.jpg 300w, https:\/\/d2p6e6u75xmxt8.cloudfront.net\/12\/2018\/03\/Pearson-7-768x512.jpg 768w, https:\/\/d2p6e6u75xmxt8.cloudfront.net\/12\/2018\/03\/Pearson-7-272x182.jpg 272w, https:\/\/d2p6e6u75xmxt8.cloudfront.net\/12\/2018\/03\/Pearson-7.jpg 900w\" sizes=\"auto, (max-width: 300px) 100vw, 300px\" \/><\/a>\n\t\t\t<\/div><\/figure><figure class='gallery-item'>\n\t\t\t<div class='gallery-icon landscape'>\n\t\t\t\t<a href='https:\/\/d2p6e6u75xmxt8.cloudfront.net\/12\/2018\/03\/Pearson-6.jpg'><img loading=\"lazy\" decoding=\"async\" width=\"300\" height=\"200\" src=\"https:\/\/d2p6e6u75xmxt8.cloudfront.net\/12\/2018\/03\/Pearson-6-300x200.jpg\" class=\"attachment-medium size-medium\" alt=\"\" srcset=\"https:\/\/d2p6e6u75xmxt8.cloudfront.net\/12\/2018\/03\/Pearson-6-300x200.jpg 300w, https:\/\/d2p6e6u75xmxt8.cloudfront.net\/12\/2018\/03\/Pearson-6-768x512.jpg 768w, https:\/\/d2p6e6u75xmxt8.cloudfront.net\/12\/2018\/03\/Pearson-6-272x182.jpg 272w, https:\/\/d2p6e6u75xmxt8.cloudfront.net\/12\/2018\/03\/Pearson-6.jpg 900w\" sizes=\"auto, (max-width: 300px) 100vw, 300px\" \/><\/a>\n\t\t\t<\/div><\/figure><figure class='gallery-item'>\n\t\t\t<div class='gallery-icon landscape'>\n\t\t\t\t<a href='https:\/\/d2p6e6u75xmxt8.cloudfront.net\/12\/2018\/03\/Pearson-5.jpg'><img loading=\"lazy\" decoding=\"async\" width=\"300\" height=\"200\" src=\"https:\/\/d2p6e6u75xmxt8.cloudfront.net\/12\/2018\/03\/Pearson-5-300x200.jpg\" class=\"attachment-medium size-medium\" alt=\"\" srcset=\"https:\/\/d2p6e6u75xmxt8.cloudfront.net\/12\/2018\/03\/Pearson-5-300x200.jpg 300w, https:\/\/d2p6e6u75xmxt8.cloudfront.net\/12\/2018\/03\/Pearson-5-768x512.jpg 768w, https:\/\/d2p6e6u75xmxt8.cloudfront.net\/12\/2018\/03\/Pearson-5-272x182.jpg 272w, https:\/\/d2p6e6u75xmxt8.cloudfront.net\/12\/2018\/03\/Pearson-5.jpg 900w\" sizes=\"auto, (max-width: 300px) 100vw, 300px\" \/><\/a>\n\t\t\t<\/div><\/figure><figure class='gallery-item'>\n\t\t\t<div class='gallery-icon landscape'>\n\t\t\t\t<a href='https:\/\/d2p6e6u75xmxt8.cloudfront.net\/12\/2018\/03\/Pearson-4.jpg'><img loading=\"lazy\" decoding=\"async\" width=\"300\" height=\"200\" src=\"https:\/\/d2p6e6u75xmxt8.cloudfront.net\/12\/2018\/03\/Pearson-4-300x200.jpg\" class=\"attachment-medium size-medium\" alt=\"\" srcset=\"https:\/\/d2p6e6u75xmxt8.cloudfront.net\/12\/2018\/03\/Pearson-4-300x200.jpg 300w, https:\/\/d2p6e6u75xmxt8.cloudfront.net\/12\/2018\/03\/Pearson-4-768x512.jpg 768w, https:\/\/d2p6e6u75xmxt8.cloudfront.net\/12\/2018\/03\/Pearson-4-272x182.jpg 272w, https:\/\/d2p6e6u75xmxt8.cloudfront.net\/12\/2018\/03\/Pearson-4.jpg 900w\" sizes=\"auto, (max-width: 300px) 100vw, 300px\" \/><\/a>\n\t\t\t<\/div><\/figure><figure class='gallery-item'>\n\t\t\t<div class='gallery-icon landscape'>\n\t\t\t\t<a href='https:\/\/d2p6e6u75xmxt8.cloudfront.net\/12\/2018\/03\/Pearson-3.jpg'><img loading=\"lazy\" decoding=\"async\" width=\"300\" height=\"200\" src=\"https:\/\/d2p6e6u75xmxt8.cloudfront.net\/12\/2018\/03\/Pearson-3-300x200.jpg\" class=\"attachment-medium size-medium\" alt=\"\" srcset=\"https:\/\/d2p6e6u75xmxt8.cloudfront.net\/12\/2018\/03\/Pearson-3-300x200.jpg 300w, https:\/\/d2p6e6u75xmxt8.cloudfront.net\/12\/2018\/03\/Pearson-3-768x512.jpg 768w, https:\/\/d2p6e6u75xmxt8.cloudfront.net\/12\/2018\/03\/Pearson-3-272x182.jpg 272w, https:\/\/d2p6e6u75xmxt8.cloudfront.net\/12\/2018\/03\/Pearson-3.jpg 900w\" sizes=\"auto, (max-width: 300px) 100vw, 300px\" \/><\/a>\n\t\t\t<\/div><\/figure><figure class='gallery-item'>\n\t\t\t<div class='gallery-icon landscape'>\n\t\t\t\t<a href='https:\/\/d2p6e6u75xmxt8.cloudfront.net\/12\/2018\/03\/Pearson-1.jpg'><img loading=\"lazy\" decoding=\"async\" width=\"300\" height=\"200\" src=\"https:\/\/d2p6e6u75xmxt8.cloudfront.net\/12\/2018\/03\/Pearson-1-300x200.jpg\" class=\"attachment-medium size-medium\" alt=\"\" srcset=\"https:\/\/d2p6e6u75xmxt8.cloudfront.net\/12\/2018\/03\/Pearson-1-300x200.jpg 300w, https:\/\/d2p6e6u75xmxt8.cloudfront.net\/12\/2018\/03\/Pearson-1-768x512.jpg 768w, https:\/\/d2p6e6u75xmxt8.cloudfront.net\/12\/2018\/03\/Pearson-1-272x182.jpg 272w, https:\/\/d2p6e6u75xmxt8.cloudfront.net\/12\/2018\/03\/Pearson-1.jpg 900w\" sizes=\"auto, (max-width: 300px) 100vw, 300px\" \/><\/a>\n\t\t\t<\/div><\/figure>\n\t\t<\/div>\n\n<p>Guy \u00e9s fiv\u00e9re, William m\u00e1r k\u00e9t boltot is \u00fczemeltet Londonban, \u00e9s \u00fagy t\u0171nik, j\u00f3l is megy nekik. Nem csak kereskednek, saj\u00e1t m\u00e1rk\u00e1j\u00fa ker\u00e9kp\u00e1rokat is gy\u00e1rtanak. A Pearson Bikes term\u00e9kcsal\u00e1d tizenn\u00e9gy k\u00fcl\u00f6nb\u00f6z\u0151 modellt k\u00edn\u00e1l, k\u00f6zt\u00fck olyanokat is, amelyek v\u00e1za nemes anyagb\u00f3l, p\u00e9ld\u00e1ul tit\u00e1nb\u00f3l k\u00e9sz\u00fclt. A legt\u00f6bb modell ig\u00e9nyes ker\u00e9kp\u00e1rosoknak k\u00e9sz\u00fclt. \u201eNagyon tetszik a geometriai kialak\u00edt\u00e1s, amit haszn\u00e1lunk\u201d &#8211; mondja Guy. \u201eVan m\u00e9g ac\u00e9l ker\u00e9kp\u00e1runk is, sebess\u00e9gv\u00e1lt\u00f3val felszerelve vagy egysebess\u00e9ges kivitelben. Ezenk\u00edv\u00fcl k\u00e9sz\u00edt\u00fcnk egy kimondottan munk\u00e1ba j\u00e1r\u00e1shoz aj\u00e1nlott ker\u00e9kp\u00e1rt\u00edpust.\u201d<\/p>\n<p>\u00d6v\u00e9k a vil\u00e1g legr\u00e9gebbi ker\u00e9kp\u00e1rboltja, de ez nem jelenti azt, hogy a Pearson fiv\u00e9rek \u00f6lbe tett k\u00e9zzel \u00fcln\u00e9nek bab\u00e9rjaikon. \u201eVersenyezn\u00fcnk kell az online keresked\u0151kkel, akik nagyon olcs\u00f3n \u00e1rulj\u00e1k a bring\u00e1kat, \u00edgy nek\u00fcnk be kell cs\u00e1b\u00edtanunk az embereket a boltba\u201d &#8211; mondja Guy. \u0150 tal\u00e1lta ki, hogy teljesen a vev\u0151re szabott ker\u00e9kp\u00e1rokat gy\u00e1rtsanak. Ennek \u00e9rdek\u00e9ben, k\u00fcl\u00f6nleges m\u00f3dszereket haszn\u00e1lva, az utols\u00f3 centiig m\u00e9retet vesz a vev\u0151r\u0151l. \u201eEz minden ker\u00e9kp\u00e1rosn\u00e1l bev\u00e1lik. Alig f\u00e9l \u00f3ra alatt tiszt\u00e1n l\u00e1tod, hogy fog \u00fclni a ker\u00e9kp\u00e1ros a nyeregben. Azut\u00e1n az alkat\u00e1hoz igaz\u00edtva \u00e9p\u00edtj\u00fck meg a ker\u00e9kp\u00e1rt, ami k\u00f6nnyebb\u00e9 teszi a teker\u00e9st, \u00e9s tov\u00e1bb is b\u00edrja majd a nyeregben\u201d &#8211; magyar\u00e1zza.<\/p>\n<p>A j\u00f6v\u0151 tekintet\u00e9ben Guy nem akar elhamarkodottan j\u00f3solni. H\u00e1rom l\u00e1nya van, m\u00edg fiv\u00e9r\u00e9nek, Williamnek h\u00e1rom fia. \u201eNem er\u0151ltetj\u00fck r\u00e1juk azt, amit csin\u00e1lunk. Ha lehet\u0151s\u00e9g k\u00edn\u00e1lkozik r\u00e1, igen, akkor nagyon \u00f6r\u00fcln\u00e9nk, ha imm\u00e1r a hatodik gener\u00e1ci\u00f3 vezetn\u00e9 a boltot\u201d &#8211; mondja Guy.<\/p>\n<p>Ha t\u00f6bbet akarsz tudni, l\u00e1togass el a boltba. \u00d6r\u00fcln\u00e9nk, ha megosztan\u00e1d vel\u00fcnk \u00e9lm\u00e9nyeidet. K\u00f6sz\u00f6nj\u00fck!<\/p>\n","protected":false},"excerpt":{"rendered":"<p>A London Sutton v\u00e1rosr\u00e9sz\u00e9ben tal\u00e1lhat\u00f3 Pearson Cycles a vil\u00e1g legr\u00e9gebbi ker\u00e9kp\u00e1rboltja. Ehhez nem f\u00e9r k\u00e9ts\u00e9g, hiszen a Guinness Rekordok K\u00f6nyv\u00e9ben [&hellip;]<\/p>\n","protected":false},"author":71,"featured_media":317,"comment_status":"open","ping_status":"open","sticky":false,"template":"","format":"standard","meta":{"footnotes":""},"categories":[11,12],"tags":[],"global-categories":[],"class_list":["post-316","post","type-post","status-publish","format-standard","has-post-thumbnail","hentry","category-csalad","category-kozosseg-es-kultura"],"yoast_head":"<!-- This site is optimized with the Yoast SEO Premium plugin v25.3 (Yoast SEO v25.9) - https:\/\/yoast.com\/wordpress\/plugins\/seo\/ -->\n<title>A vil\u00e1g legr\u00e9gebbi ker\u00e9kp\u00e1rboltja - \u0160koda We Love Cycling - Magyarorsz\u00e1g<\/title>\n<meta name=\"robots\" content=\"index, follow, max-snippet:-1, max-image-preview:large, max-video-preview:-1\" \/>\n<link rel=\"canonical\" href=\"https:\/\/www.welovecycling.com\/hu\/csalad\/a-vilag-legregebbi-kerekparboltja\/\" \/>\n<meta property=\"og:locale\" content=\"hu_HU\" \/>\n<meta property=\"og:type\" content=\"article\" \/>\n<meta property=\"og:title\" content=\"A vil\u00e1g legr\u00e9gebbi ker\u00e9kp\u00e1rboltja\" \/>\n<meta property=\"og:description\" content=\"A London Sutton v\u00e1rosr\u00e9sz\u00e9ben tal\u00e1lhat\u00f3 Pearson Cycles a vil\u00e1g legr\u00e9gebbi ker\u00e9kp\u00e1rboltja. Ehhez nem f\u00e9r k\u00e9ts\u00e9g, hiszen a Guinness Rekordok K\u00f6nyv\u00e9ben [&hellip;]\" \/>\n<meta property=\"og:url\" content=\"https:\/\/www.welovecycling.com\/hu\/csalad\/a-vilag-legregebbi-kerekparboltja\/\" \/>\n<meta property=\"og:site_name\" content=\"\u0160koda We Love Cycling - Magyarorsz\u00e1g\" \/>\n<meta property=\"article:publisher\" content=\"https:\/\/www.facebook.com\/WeLoveCyclingHungary\/\" \/>\n<meta property=\"article:published_time\" content=\"2018-03-08T11:15:10+00:00\" \/>\n<meta property=\"article:modified_time\" content=\"2018-03-22T12:17:04+00:00\" \/>\n<meta property=\"og:image\" content=\"https:\/\/d2p6e6u75xmxt8.cloudfront.net\/12\/2018\/03\/Pearson_main-image.jpg\" \/>\n\t<meta property=\"og:image:width\" content=\"950\" \/>\n\t<meta property=\"og:image:height\" content=\"350\" \/>\n\t<meta property=\"og:image:type\" content=\"image\/jpeg\" \/>\n<meta name=\"author\" content=\"hegyizs\" \/>\n<meta name=\"twitter:card\" content=\"summary_large_image\" \/>\n<meta name=\"twitter:label1\" content=\"Written by\" \/>\n\t<meta name=\"twitter:data1\" content=\"Adam Marsal\" \/>\n\t<meta name=\"twitter:label2\" content=\"Est. reading time\" \/>\n\t<meta name=\"twitter:data2\" content=\"3 minutes\" \/>\n<script type=\"application\/ld+json\" class=\"yoast-schema-graph\">{\"@context\":\"https:\/\/schema.org\",\"@graph\":[{\"@type\":\"WebPage\",\"@id\":\"https:\/\/www.welovecycling.com\/hu\/csalad\/a-vilag-legregebbi-kerekparboltja\/\",\"url\":\"https:\/\/www.welovecycling.com\/hu\/csalad\/a-vilag-legregebbi-kerekparboltja\/\",\"name\":\"A vil\u00e1g legr\u00e9gebbi ker\u00e9kp\u00e1rboltja - \u0160koda We Love Cycling - Magyarorsz\u00e1g\",\"isPartOf\":{\"@id\":\"https:\/\/www.welovecycling.com\/hu\/#website\"},\"primaryImageOfPage\":{\"@id\":\"https:\/\/www.welovecycling.com\/hu\/csalad\/a-vilag-legregebbi-kerekparboltja\/#primaryimage\"},\"image\":{\"@id\":\"https:\/\/www.welovecycling.com\/hu\/csalad\/a-vilag-legregebbi-kerekparboltja\/#primaryimage\"},\"thumbnailUrl\":\"https:\/\/d2p6e6u75xmxt8.cloudfront.net\/12\/2018\/03\/Pearson_main-image.jpg\",\"datePublished\":\"2018-03-08T11:15:10+00:00\",\"dateModified\":\"2018-03-22T12:17:04+00:00\",\"author\":{\"@id\":\"https:\/\/www.welovecycling.com\/hu\/#\/schema\/person\/414a2aebf1801691a5320edb6468e194\"},\"breadcrumb\":{\"@id\":\"https:\/\/www.welovecycling.com\/hu\/csalad\/a-vilag-legregebbi-kerekparboltja\/#breadcrumb\"},\"inLanguage\":\"hu\",\"potentialAction\":[{\"@type\":\"ReadAction\",\"target\":[\"https:\/\/www.welovecycling.com\/hu\/csalad\/a-vilag-legregebbi-kerekparboltja\/\"]}]},{\"@type\":\"ImageObject\",\"inLanguage\":\"hu\",\"@id\":\"https:\/\/www.welovecycling.com\/hu\/csalad\/a-vilag-legregebbi-kerekparboltja\/#primaryimage\",\"url\":\"https:\/\/d2p6e6u75xmxt8.cloudfront.net\/12\/2018\/03\/Pearson_main-image.jpg\",\"contentUrl\":\"https:\/\/d2p6e6u75xmxt8.cloudfront.net\/12\/2018\/03\/Pearson_main-image.jpg\",\"width\":950,\"height\":350},{\"@type\":\"BreadcrumbList\",\"@id\":\"https:\/\/www.welovecycling.com\/hu\/csalad\/a-vilag-legregebbi-kerekparboltja\/#breadcrumb\",\"itemListElement\":[{\"@type\":\"ListItem\",\"position\":1,\"name\":\"Home\",\"item\":\"https:\/\/www.welovecycling.com\/hu\/\"},{\"@type\":\"ListItem\",\"position\":2,\"name\":\"A vil\u00e1g legr\u00e9gebbi ker\u00e9kp\u00e1rboltja\"}]},{\"@type\":\"WebSite\",\"@id\":\"https:\/\/www.welovecycling.com\/hu\/#website\",\"url\":\"https:\/\/www.welovecycling.com\/hu\/\",\"name\":\"\u0160koda We Love Cycling - Magyarorsz\u00e1g\",\"description\":\"\u0160koda WeLoveCycling\",\"potentialAction\":[{\"@type\":\"SearchAction\",\"target\":{\"@type\":\"EntryPoint\",\"urlTemplate\":\"https:\/\/www.welovecycling.com\/hu\/?s={search_term_string}\"},\"query-input\":{\"@type\":\"PropertyValueSpecification\",\"valueRequired\":true,\"valueName\":\"search_term_string\"}}],\"inLanguage\":\"hu\"},{\"@type\":\"Person\",\"@id\":\"https:\/\/www.welovecycling.com\/hu\/#\/schema\/person\/414a2aebf1801691a5320edb6468e194\",\"name\":\"hegyizs\",\"image\":{\"@type\":\"ImageObject\",\"inLanguage\":\"hu\",\"@id\":\"https:\/\/www.welovecycling.com\/hu\/#\/schema\/person\/image\/\",\"url\":\"https:\/\/secure.gravatar.com\/avatar\/02cf8a7906b8cf90cecb4679defac7cfd33a1c2e3b88e4903d947f3bb58eedd3?s=96&d=mm&r=g\",\"contentUrl\":\"https:\/\/secure.gravatar.com\/avatar\/02cf8a7906b8cf90cecb4679defac7cfd33a1c2e3b88e4903d947f3bb58eedd3?s=96&d=mm&r=g\",\"caption\":\"hegyizs\"},\"url\":\"https:\/\/www.welovecycling.com\/hu\/author\/hegyizs\/\"}]}<\/script>\n<!-- \/ Yoast SEO Premium plugin. -->","yoast_head_json":{"title":"A vil\u00e1g legr\u00e9gebbi ker\u00e9kp\u00e1rboltja - \u0160koda We Love Cycling - Magyarorsz\u00e1g","robots":{"index":"index","follow":"follow","max-snippet":"max-snippet:-1","max-image-preview":"max-image-preview:large","max-video-preview":"max-video-preview:-1"},"canonical":"https:\/\/www.welovecycling.com\/hu\/csalad\/a-vilag-legregebbi-kerekparboltja\/","og_locale":"hu_HU","og_type":"article","og_title":"A vil\u00e1g legr\u00e9gebbi ker\u00e9kp\u00e1rboltja","og_description":"A London Sutton v\u00e1rosr\u00e9sz\u00e9ben tal\u00e1lhat\u00f3 Pearson Cycles a vil\u00e1g legr\u00e9gebbi ker\u00e9kp\u00e1rboltja. Ehhez nem f\u00e9r k\u00e9ts\u00e9g, hiszen a Guinness Rekordok K\u00f6nyv\u00e9ben [&hellip;]","og_url":"https:\/\/www.welovecycling.com\/hu\/csalad\/a-vilag-legregebbi-kerekparboltja\/","og_site_name":"\u0160koda We Love Cycling - Magyarorsz\u00e1g","article_publisher":"https:\/\/www.facebook.com\/WeLoveCyclingHungary\/","article_published_time":"2018-03-08T11:15:10+00:00","article_modified_time":"2018-03-22T12:17:04+00:00","og_image":[{"width":950,"height":350,"url":"https:\/\/d2p6e6u75xmxt8.cloudfront.net\/12\/2018\/03\/Pearson_main-image.jpg","type":"image\/jpeg"}],"author":"hegyizs","twitter_card":"summary_large_image","twitter_misc":{"Written by":"Adam Marsal","Est. reading time":"3 minutes"},"schema":{"@context":"https:\/\/schema.org","@graph":[{"@type":"WebPage","@id":"https:\/\/www.welovecycling.com\/hu\/csalad\/a-vilag-legregebbi-kerekparboltja\/","url":"https:\/\/www.welovecycling.com\/hu\/csalad\/a-vilag-legregebbi-kerekparboltja\/","name":"A vil\u00e1g legr\u00e9gebbi ker\u00e9kp\u00e1rboltja - \u0160koda We Love Cycling - Magyarorsz\u00e1g","isPartOf":{"@id":"https:\/\/www.welovecycling.com\/hu\/#website"},"primaryImageOfPage":{"@id":"https:\/\/www.welovecycling.com\/hu\/csalad\/a-vilag-legregebbi-kerekparboltja\/#primaryimage"},"image":{"@id":"https:\/\/www.welovecycling.com\/hu\/csalad\/a-vilag-legregebbi-kerekparboltja\/#primaryimage"},"thumbnailUrl":"https:\/\/d2p6e6u75xmxt8.cloudfront.net\/12\/2018\/03\/Pearson_main-image.jpg","datePublished":"2018-03-08T11:15:10+00:00","dateModified":"2018-03-22T12:17:04+00:00","author":{"@id":"https:\/\/www.welovecycling.com\/hu\/#\/schema\/person\/414a2aebf1801691a5320edb6468e194"},"breadcrumb":{"@id":"https:\/\/www.welovecycling.com\/hu\/csalad\/a-vilag-legregebbi-kerekparboltja\/#breadcrumb"},"inLanguage":"hu","potentialAction":[{"@type":"ReadAction","target":["https:\/\/www.welovecycling.com\/hu\/csalad\/a-vilag-legregebbi-kerekparboltja\/"]}]},{"@type":"ImageObject","inLanguage":"hu","@id":"https:\/\/www.welovecycling.com\/hu\/csalad\/a-vilag-legregebbi-kerekparboltja\/#primaryimage","url":"https:\/\/d2p6e6u75xmxt8.cloudfront.net\/12\/2018\/03\/Pearson_main-image.jpg","contentUrl":"https:\/\/d2p6e6u75xmxt8.cloudfront.net\/12\/2018\/03\/Pearson_main-image.jpg","width":950,"height":350},{"@type":"BreadcrumbList","@id":"https:\/\/www.welovecycling.com\/hu\/csalad\/a-vilag-legregebbi-kerekparboltja\/#breadcrumb","itemListElement":[{"@type":"ListItem","position":1,"name":"Home","item":"https:\/\/www.welovecycling.com\/hu\/"},{"@type":"ListItem","position":2,"name":"A vil\u00e1g legr\u00e9gebbi ker\u00e9kp\u00e1rboltja"}]},{"@type":"WebSite","@id":"https:\/\/www.welovecycling.com\/hu\/#website","url":"https:\/\/www.welovecycling.com\/hu\/","name":"\u0160koda We Love Cycling - Magyarorsz\u00e1g","description":"\u0160koda WeLoveCycling","potentialAction":[{"@type":"SearchAction","target":{"@type":"EntryPoint","urlTemplate":"https:\/\/www.welovecycling.com\/hu\/?s={search_term_string}"},"query-input":{"@type":"PropertyValueSpecification","valueRequired":true,"valueName":"search_term_string"}}],"inLanguage":"hu"},{"@type":"Person","@id":"https:\/\/www.welovecycling.com\/hu\/#\/schema\/person\/414a2aebf1801691a5320edb6468e194","name":"hegyizs","image":{"@type":"ImageObject","inLanguage":"hu","@id":"https:\/\/www.welovecycling.com\/hu\/#\/schema\/person\/image\/","url":"https:\/\/secure.gravatar.com\/avatar\/02cf8a7906b8cf90cecb4679defac7cfd33a1c2e3b88e4903d947f3bb58eedd3?s=96&d=mm&r=g","contentUrl":"https:\/\/secure.gravatar.com\/avatar\/02cf8a7906b8cf90cecb4679defac7cfd33a1c2e3b88e4903d947f3bb58eedd3?s=96&d=mm&r=g","caption":"hegyizs"},"url":"https:\/\/www.welovecycling.com\/hu\/author\/hegyizs\/"}]}},"_links":{"self":[{"href":"https:\/\/www.welovecycling.com\/hu\/wp-json\/wp\/v2\/posts\/316","targetHints":{"allow":["GET"]}}],"collection":[{"href":"https:\/\/www.welovecycling.com\/hu\/wp-json\/wp\/v2\/posts"}],"about":[{"href":"https:\/\/www.welovecycling.com\/hu\/wp-json\/wp\/v2\/types\/post"}],"author":[{"embeddable":true,"href":"https:\/\/www.welovecycling.com\/hu\/wp-json\/wp\/v2\/users\/71"}],"replies":[{"embeddable":true,"href":"https:\/\/www.welovecycling.com\/hu\/wp-json\/wp\/v2\/comments?post=316"}],"version-history":[{"count":2,"href":"https:\/\/www.welovecycling.com\/hu\/wp-json\/wp\/v2\/posts\/316\/revisions"}],"predecessor-version":[{"id":470,"href":"https:\/\/www.welovecycling.com\/hu\/wp-json\/wp\/v2\/posts\/316\/revisions\/470"}],"wp:featuredmedia":[{"embeddable":true,"href":"https:\/\/www.welovecycling.com\/hu\/wp-json\/wp\/v2\/media\/317"}],"wp:attachment":[{"href":"https:\/\/www.welovecycling.com\/hu\/wp-json\/wp\/v2\/media?parent=316"}],"wp:term":[{"taxonomy":"category","embeddable":true,"href":"https:\/\/www.welovecycling.com\/hu\/wp-json\/wp\/v2\/categories?post=316"},{"taxonomy":"post_tag","embeddable":true,"href":"https:\/\/www.welovecycling.com\/hu\/wp-json\/wp\/v2\/tags?post=316"},{"taxonomy":"global-categories","embeddable":true,"href":"https:\/\/www.welovecycling.com\/hu\/wp-json\/wp\/v2\/global-categories?post=316"}],"curies":[{"name":"wp","href":"https:\/\/api.w.org\/{rel}","templated":true}]}}