{"id":3150,"date":"2019-04-26T08:00:15","date_gmt":"2019-04-26T07:00:15","guid":{"rendered":"https:\/\/www.welovecycling.com\/hu\/?p=3150"},"modified":"2019-04-18T11:58:30","modified_gmt":"2019-04-18T10:58:30","slug":"olyan-nincs-hogy-lehetetlen-hans-rey","status":"publish","type":"post","link":"https:\/\/www.welovecycling.com\/hu\/trekking-mtb\/olyan-nincs-hogy-lehetetlen-hans-rey\/","title":{"rendered":"Olyan nincs, hogy lehetetlen \u2013 Hans Rey"},"content":{"rendered":"<p><strong>A mountainbike sport a bring\u00e1z\u00e1s r\u00e9tegsportja, hiszen m\u00edg \u00fat mindenhol van, amin bring\u00e1zni lehet, hegy m\u00e1r kev\u00e9sb\u00e9. \u00c9s b\u00e1r vil\u00e1gszinten v\u00e9lhet\u0151en kevesebben tekernek terepen, mint aszfalton, m\u00e9g \u00edgy is komplett szubkult\u00fara n\u0151tt ki a sport k\u00f6r\u00e9, \u00e9s mint minden ilyennek, ennek is megvannak a h\u0151sei. Az egyik ilyen Hans Rey.<\/strong><!--more--><\/p>\n<p>Sz\u00f3lhatna ez a cikk sok emberr\u0151l, p\u00e9ld\u00e1ul Mike Sinyardr\u00f3l, a Specialized alap\u00edt\u00f3j\u00e1r\u00f3l, esetleg John Breeze-r\u0151l, aki meg\u00e9p\u00edtette az els\u0151 kifejezetten terepre sz\u00e1nt bring\u00e1t, vagy ott van Gary Fisher akinek a nev\u00e9t k\u00f6sz\u00f6nheti a sport. Hans m\u00e9gsem \u00fagy jelent\u0151s karakter, mint a fentiek, de \u0151 volt az, aki megmutatta a vil\u00e1gnak, hogy mennyire sokoldal\u00fa dolog a hegyi bringa, \u00e9s hogy mennyi kalandban lehet r\u00e9sze b\u00e1rkinek, aki bring\u00e1ra \u00fcl.<\/p>\n<p><a href=\"https:\/\/d2p6e6u75xmxt8.cloudfront.net\/12\/2019\/04\/profimedia-0034107751-1.jpg\"><img loading=\"lazy\" decoding=\"async\" class=\"alignnone size-full wp-image-3152\" src=\"https:\/\/d2p6e6u75xmxt8.cloudfront.net\/12\/2019\/04\/profimedia-0034107751-1.jpg\" alt=\"\" width=\"1800\" height=\"785\" srcset=\"https:\/\/d2p6e6u75xmxt8.cloudfront.net\/12\/2019\/04\/profimedia-0034107751-1.jpg 1800w, https:\/\/d2p6e6u75xmxt8.cloudfront.net\/12\/2019\/04\/profimedia-0034107751-1-300x131.jpg 300w, https:\/\/d2p6e6u75xmxt8.cloudfront.net\/12\/2019\/04\/profimedia-0034107751-1-768x335.jpg 768w, https:\/\/d2p6e6u75xmxt8.cloudfront.net\/12\/2019\/04\/profimedia-0034107751-1-1024x447.jpg 1024w\" sizes=\"auto, (max-width: 1800px) 100vw, 1800px\" \/><\/a><\/p>\n<p>Rey tal\u00e1n legkomolyabb \u00f6r\u00f6ks\u00e9ge a <em>freeride<\/em> fogalma, vagyis az a st\u00edlus, amihez nem tartoznak sem edz\u00e9stervek, sem kit\u0171z\u00f6tt nyomvonalak. A freeride nem az \u00f3ra elleni k\u00fczdelemr\u0151l sz\u00f3l, hanem arr\u00f3l, hogy a bring\u00e1s a lehet\u0151 legjobban \u00e9rezze mag\u00e1t a nyeregben. Ebben a st\u00edlusban gyakran tal\u00e1lkoznak downhilles, dirt ugrat\u00f3s, \u00e9s tri\u00e1los elemek, a l\u00e9nyeg a kreativit\u00e1s \u00e9s a szabads\u00e1g, ebben alkotott maradand\u00f3t Rey.<\/p>\n<lite-youtube videoid=gY-YihGNDkQ params=\"enablejsapi=1\" style=\"background-image: url('https:\/\/i.ytimg.com\/vi_webp\/gY-YihGNDkQ\/maxresdefault.webp');\"><\/lite-youtube>\n<p>1966-ban sz\u00fcletett N\u00e9metorsz\u00e1gban, \u00e9s tulajdonk\u00e9ppen 11 \u00e9ves kora \u00f3ta nem sz\u00e1llt le a biciklir\u0151l. N\u00e9met gy\u00f6kerei ellen\u00e9re sv\u00e1jci-amerikai kett\u0151s \u00e1llampolg\u00e1r, jelenleg Kaliforni\u00e1ban \u00e9l. A nyolcvanas \u00e9vek v\u00e9g\u00e9n k\u00f6lt\u00f6z\u00f6tt az Egyes\u00fclt \u00c1llamokba, ahol mindenkit megk\u00e9rt, hogy Hans J\u00f6rg helyett h\u00edvj\u00e1k csak Raynek. B\u00e1r a hetvenes \u00e9vek felfedez\u0151 id\u0151szak\u00e1r\u00f3l lemaradt, pont j\u00f3kor \u00e9rkezett, hogy \u00f6r\u00f6kre nyomot hagyjon a sportban. H\u0171s\u00e9ges alkat, 1987 \u00f3ta szponzor\u00e1lja a GT ker\u00e9kp\u00e1rgy\u00e1rt\u00f3 (m\u00e1ig kiz\u00e1r\u00f3lag GT-vel megy), az extr\u00e9m bring\u00e1s profi karrierj\u00e9t 1990-ben kezdte el.<\/p>\n<p>Beceneve, a <em>No Way<\/em>, arra utal, hogy ak\u00e1rh\u00e1nyszor egy t\u00e1rsa kijelentette, hogy itt senki nem megy el bring\u00e1val, Hans csak az\u00e9rt is megoldotta. Els\u0151re azzal szerzett komoly h\u00edrnevet, hogy \u00e1tugrott egy dug\u00f3ban \u00e1ll\u00f3 aut\u00f3t a 405-\u00f6s aut\u00f3p\u00e1ly\u00e1n Los Angeles mellett, nem sokkal k\u00e9s\u0151bb Hawaiin, egy vulk\u00e1n perem\u00e9n tekert v\u00e9gig.<\/p>\n<p><a href=\"https:\/\/d2p6e6u75xmxt8.cloudfront.net\/12\/2019\/04\/Freehub7_4_hansrey-3.jpg\"><img loading=\"lazy\" decoding=\"async\" class=\"alignnone wp-image-3151\" src=\"https:\/\/d2p6e6u75xmxt8.cloudfront.net\/12\/2019\/04\/Freehub7_4_hansrey-3.jpg\" alt=\"\" width=\"485\" height=\"938\" \/><\/a><\/p>\n<p>Egyszer m\u00e9g egy \u00faj-z\u00e9landi felh\u0151karcol\u00f3 oldal\u00e1n is legurult, egy k\u00f6t\u00e9len f\u00fcggve . Saj\u00e1t bevall\u00e1sa szerint a legnagyobb dob\u00e1sa m\u00e9gis az volt, amikor els\u0151k\u00e9nt bring\u00e1zott le a Mount Keny\u00e1r\u00f3l, Afrika m\u00e1sodik legmagasabb cs\u00facs\u00e1r\u00f3l.<\/p>\n<lite-youtube videoid=NMbyLMaooOw params=\"enablejsapi=1\" style=\"background-image: url('https:\/\/i.ytimg.com\/vi_webp\/NMbyLMaooOw\/maxresdefault.webp');\"><\/lite-youtube>\n<p>M\u00e9g b\u0151ven az internet el\u0151tti id\u0151kben j\u00e1runk, ez\u00e9rt mik\u00f6zben X-Gamesen \u00e9s m\u00e1s versenysorozatokban versenyzett, kiadta a saj\u00e1t vide\u00f3sorozat\u00e1t m\u00e9g VHS-en. 1992 \u00e9s 1996 k\u00f6z\u00f6tt 4 r\u00e9sz jelent meg ebb\u0151l, de k\u00f6zrem\u0171k\u00f6d\u00f6tt az itthon is vet\u00edtett bring\u00e1s krimisorozatban, a <em>Pacific Blue-<\/em>ban is. K\u00f6zben rengeteg bring\u00e1s magazin c\u00edmlapj\u00e1ra felker\u00fclt, viszont a profi versenyz\u00e9st 1999-ben abbahagyta.<\/p>\n<lite-youtube videoid=-T0rlwnKWsA params=\"enablejsapi=1\" style=\"background-image: url('https:\/\/i.ytimg.com\/vi_webp\/-T0rlwnKWsA\/maxresdefault.webp');\"><\/lite-youtube>\n<p>A bring\u00e1t persze nem tette le, most a kalandokra koncentr\u00e1l, arra, hogy min\u00e9l t\u00f6bb \u00e9rdekes, vagy megh\u00f6kkent\u0151 helyen bring\u00e1zzon. A dokumentum-sorozat\u00e1ban k\u00f6vette M\u00f3zes \u00fatj\u00e1t Egyiptomban, Kub\u00e1ban pedig Che-Guevara \u00e9s Fidel Castro nyom\u00e1ban j\u00e1rt. \u00c9lete sor\u00e1n t\u00f6bb mint hatvan orsz\u00e1gban bring\u00e1zott, \u00e9s tapasztalatai nyom\u00e1n megalap\u00edtotta a Wheels4life alap\u00edtv\u00e1nyt, amely harmadik vil\u00e1gbeli orsz\u00e1gok lak\u00f3it juttatja bring\u00e1hoz, ezzel is seg\u00edtve a k\u00f6zleked\u00e9st. Az alap\u00edtv\u00e1nynak 2017-ben k\u00f6zel 10 ezer biciklit siker\u00fclt sz\u00e9tosztania 32 orsz\u00e1gban.<\/p>\n<p>Ezen fel\u00fcl lobbizik a bring\u00e1s turizmus fejleszt\u00e9se mellett, valamint t\u00f6rekszik arra is, hogy min\u00e9l t\u00f6bb orsz\u00e1gban leg\u00e1lisan lehessen az erd\u0151kben bring\u00e1zni. Nemr\u00e9g \u00f6ssze\u00e1llt Diddie Schneiderrel, egy bringap\u00e1lya-\u00e9p\u00edt\u0151 szakemberrel, \u00e9s kital\u00e1lt\u00e1k a <em>flow country trailt, <\/em>a bring\u00e1s \u00f6sv\u00e9nyt, amin tapasztalt \u00e9s tapasztalatlan bring\u00e1s egyar\u00e1nt j\u00f3l \u00e9rzi mag\u00e1t. Nem tudjuk, legk\u00f6zelebb mibe kezd bele, de az biztos, hogy a biciklinek k\u00f6ze lesz hozz\u00e1. Mint Rey \u00e9let\u00e9ben eddig mindennek.<\/p>\n","protected":false},"excerpt":{"rendered":"<p>A mountainbike sport a bring\u00e1z\u00e1s r\u00e9tegsportja, hiszen m\u00edg \u00fat mindenhol van, amin bring\u00e1zni lehet, hegy m\u00e1r kev\u00e9sb\u00e9. \u00c9s b\u00e1r vil\u00e1gszinten [&hellip;]<\/p>\n","protected":false},"author":71,"featured_media":3153,"comment_status":"open","ping_status":"open","sticky":false,"template":"","format":"standard","meta":{"footnotes":""},"categories":[7],"tags":[],"global-categories":[],"class_list":["post-3150","post","type-post","status-publish","format-standard","has-post-thumbnail","hentry","category-trekking-mtb"],"yoast_head":"<!-- This site is optimized with the Yoast SEO Premium plugin v25.3 (Yoast SEO v25.9) - https:\/\/yoast.com\/wordpress\/plugins\/seo\/ -->\n<title>Olyan nincs, hogy lehetetlen \u2013 Hans Rey - \u0160koda We Love Cycling - Magyarorsz\u00e1g<\/title>\n<meta name=\"robots\" content=\"index, follow, max-snippet:-1, max-image-preview:large, max-video-preview:-1\" \/>\n<link rel=\"canonical\" href=\"https:\/\/www.welovecycling.com\/hu\/trekking-mtb\/olyan-nincs-hogy-lehetetlen-hans-rey\/\" \/>\n<meta property=\"og:locale\" content=\"hu_HU\" \/>\n<meta property=\"og:type\" content=\"article\" \/>\n<meta property=\"og:title\" content=\"Olyan nincs, hogy lehetetlen \u2013 Hans Rey\" \/>\n<meta property=\"og:description\" content=\"A mountainbike sport a bring\u00e1z\u00e1s r\u00e9tegsportja, hiszen m\u00edg \u00fat mindenhol van, amin bring\u00e1zni lehet, hegy m\u00e1r kev\u00e9sb\u00e9. \u00c9s b\u00e1r vil\u00e1gszinten [&hellip;]\" \/>\n<meta property=\"og:url\" content=\"https:\/\/www.welovecycling.com\/hu\/trekking-mtb\/olyan-nincs-hogy-lehetetlen-hans-rey\/\" \/>\n<meta property=\"og:site_name\" content=\"\u0160koda We Love Cycling - Magyarorsz\u00e1g\" \/>\n<meta property=\"article:publisher\" content=\"https:\/\/www.facebook.com\/WeLoveCyclingHungary\/\" \/>\n<meta property=\"article:published_time\" content=\"2019-04-26T07:00:15+00:00\" \/>\n<meta property=\"og:image\" content=\"https:\/\/d2p6e6u75xmxt8.cloudfront.net\/12\/2019\/04\/Screen-Shot-2018-03-06-at-11.32.26-AM-copy.jpg\" \/>\n\t<meta property=\"og:image:width\" content=\"620\" \/>\n\t<meta property=\"og:image:height\" content=\"246\" \/>\n\t<meta property=\"og:image:type\" content=\"image\/jpeg\" \/>\n<meta name=\"author\" content=\"hegyizs\" \/>\n<meta name=\"twitter:card\" content=\"summary_large_image\" \/>\n<meta name=\"twitter:label1\" content=\"Written by\" \/>\n\t<meta name=\"twitter:data1\" content=\"WLC\" \/>\n\t<meta name=\"twitter:label2\" content=\"Est. reading time\" \/>\n\t<meta name=\"twitter:data2\" content=\"4 minutes\" \/>\n<script type=\"application\/ld+json\" class=\"yoast-schema-graph\">{\"@context\":\"https:\/\/schema.org\",\"@graph\":[{\"@type\":\"WebPage\",\"@id\":\"https:\/\/www.welovecycling.com\/hu\/trekking-mtb\/olyan-nincs-hogy-lehetetlen-hans-rey\/\",\"url\":\"https:\/\/www.welovecycling.com\/hu\/trekking-mtb\/olyan-nincs-hogy-lehetetlen-hans-rey\/\",\"name\":\"Olyan nincs, hogy lehetetlen \u2013 Hans Rey - \u0160koda We Love Cycling - Magyarorsz\u00e1g\",\"isPartOf\":{\"@id\":\"https:\/\/www.welovecycling.com\/hu\/#website\"},\"primaryImageOfPage\":{\"@id\":\"https:\/\/www.welovecycling.com\/hu\/trekking-mtb\/olyan-nincs-hogy-lehetetlen-hans-rey\/#primaryimage\"},\"image\":{\"@id\":\"https:\/\/www.welovecycling.com\/hu\/trekking-mtb\/olyan-nincs-hogy-lehetetlen-hans-rey\/#primaryimage\"},\"thumbnailUrl\":\"https:\/\/d2p6e6u75xmxt8.cloudfront.net\/12\/2019\/04\/Screen-Shot-2018-03-06-at-11.32.26-AM-copy.jpg\",\"datePublished\":\"2019-04-26T07:00:15+00:00\",\"author\":{\"@id\":\"https:\/\/www.welovecycling.com\/hu\/#\/schema\/person\/414a2aebf1801691a5320edb6468e194\"},\"breadcrumb\":{\"@id\":\"https:\/\/www.welovecycling.com\/hu\/trekking-mtb\/olyan-nincs-hogy-lehetetlen-hans-rey\/#breadcrumb\"},\"inLanguage\":\"hu\",\"potentialAction\":[{\"@type\":\"ReadAction\",\"target\":[\"https:\/\/www.welovecycling.com\/hu\/trekking-mtb\/olyan-nincs-hogy-lehetetlen-hans-rey\/\"]}]},{\"@type\":\"ImageObject\",\"inLanguage\":\"hu\",\"@id\":\"https:\/\/www.welovecycling.com\/hu\/trekking-mtb\/olyan-nincs-hogy-lehetetlen-hans-rey\/#primaryimage\",\"url\":\"https:\/\/d2p6e6u75xmxt8.cloudfront.net\/12\/2019\/04\/Screen-Shot-2018-03-06-at-11.32.26-AM-copy.jpg\",\"contentUrl\":\"https:\/\/d2p6e6u75xmxt8.cloudfront.net\/12\/2019\/04\/Screen-Shot-2018-03-06-at-11.32.26-AM-copy.jpg\",\"width\":620,\"height\":246},{\"@type\":\"BreadcrumbList\",\"@id\":\"https:\/\/www.welovecycling.com\/hu\/trekking-mtb\/olyan-nincs-hogy-lehetetlen-hans-rey\/#breadcrumb\",\"itemListElement\":[{\"@type\":\"ListItem\",\"position\":1,\"name\":\"Home\",\"item\":\"https:\/\/www.welovecycling.com\/hu\/\"},{\"@type\":\"ListItem\",\"position\":2,\"name\":\"Olyan nincs, hogy lehetetlen \u2013 Hans Rey\"}]},{\"@type\":\"WebSite\",\"@id\":\"https:\/\/www.welovecycling.com\/hu\/#website\",\"url\":\"https:\/\/www.welovecycling.com\/hu\/\",\"name\":\"\u0160koda We Love Cycling - Magyarorsz\u00e1g\",\"description\":\"\u0160koda WeLoveCycling\",\"potentialAction\":[{\"@type\":\"SearchAction\",\"target\":{\"@type\":\"EntryPoint\",\"urlTemplate\":\"https:\/\/www.welovecycling.com\/hu\/?s={search_term_string}\"},\"query-input\":{\"@type\":\"PropertyValueSpecification\",\"valueRequired\":true,\"valueName\":\"search_term_string\"}}],\"inLanguage\":\"hu\"},{\"@type\":\"Person\",\"@id\":\"https:\/\/www.welovecycling.com\/hu\/#\/schema\/person\/414a2aebf1801691a5320edb6468e194\",\"name\":\"hegyizs\",\"image\":{\"@type\":\"ImageObject\",\"inLanguage\":\"hu\",\"@id\":\"https:\/\/www.welovecycling.com\/hu\/#\/schema\/person\/image\/\",\"url\":\"https:\/\/secure.gravatar.com\/avatar\/02cf8a7906b8cf90cecb4679defac7cfd33a1c2e3b88e4903d947f3bb58eedd3?s=96&d=mm&r=g\",\"contentUrl\":\"https:\/\/secure.gravatar.com\/avatar\/02cf8a7906b8cf90cecb4679defac7cfd33a1c2e3b88e4903d947f3bb58eedd3?s=96&d=mm&r=g\",\"caption\":\"hegyizs\"},\"url\":\"https:\/\/www.welovecycling.com\/hu\/author\/hegyizs\/\"}]}<\/script>\n<!-- \/ Yoast SEO Premium plugin. -->","yoast_head_json":{"title":"Olyan nincs, hogy lehetetlen \u2013 Hans Rey - \u0160koda We Love Cycling - Magyarorsz\u00e1g","robots":{"index":"index","follow":"follow","max-snippet":"max-snippet:-1","max-image-preview":"max-image-preview:large","max-video-preview":"max-video-preview:-1"},"canonical":"https:\/\/www.welovecycling.com\/hu\/trekking-mtb\/olyan-nincs-hogy-lehetetlen-hans-rey\/","og_locale":"hu_HU","og_type":"article","og_title":"Olyan nincs, hogy lehetetlen \u2013 Hans Rey","og_description":"A mountainbike sport a bring\u00e1z\u00e1s r\u00e9tegsportja, hiszen m\u00edg \u00fat mindenhol van, amin bring\u00e1zni lehet, hegy m\u00e1r kev\u00e9sb\u00e9. \u00c9s b\u00e1r vil\u00e1gszinten [&hellip;]","og_url":"https:\/\/www.welovecycling.com\/hu\/trekking-mtb\/olyan-nincs-hogy-lehetetlen-hans-rey\/","og_site_name":"\u0160koda We Love Cycling - Magyarorsz\u00e1g","article_publisher":"https:\/\/www.facebook.com\/WeLoveCyclingHungary\/","article_published_time":"2019-04-26T07:00:15+00:00","og_image":[{"width":620,"height":246,"url":"https:\/\/d2p6e6u75xmxt8.cloudfront.net\/12\/2019\/04\/Screen-Shot-2018-03-06-at-11.32.26-AM-copy.jpg","type":"image\/jpeg"}],"author":"hegyizs","twitter_card":"summary_large_image","twitter_misc":{"Written by":"WLC","Est. reading time":"4 minutes"},"schema":{"@context":"https:\/\/schema.org","@graph":[{"@type":"WebPage","@id":"https:\/\/www.welovecycling.com\/hu\/trekking-mtb\/olyan-nincs-hogy-lehetetlen-hans-rey\/","url":"https:\/\/www.welovecycling.com\/hu\/trekking-mtb\/olyan-nincs-hogy-lehetetlen-hans-rey\/","name":"Olyan nincs, hogy lehetetlen \u2013 Hans Rey - \u0160koda We Love Cycling - Magyarorsz\u00e1g","isPartOf":{"@id":"https:\/\/www.welovecycling.com\/hu\/#website"},"primaryImageOfPage":{"@id":"https:\/\/www.welovecycling.com\/hu\/trekking-mtb\/olyan-nincs-hogy-lehetetlen-hans-rey\/#primaryimage"},"image":{"@id":"https:\/\/www.welovecycling.com\/hu\/trekking-mtb\/olyan-nincs-hogy-lehetetlen-hans-rey\/#primaryimage"},"thumbnailUrl":"https:\/\/d2p6e6u75xmxt8.cloudfront.net\/12\/2019\/04\/Screen-Shot-2018-03-06-at-11.32.26-AM-copy.jpg","datePublished":"2019-04-26T07:00:15+00:00","author":{"@id":"https:\/\/www.welovecycling.com\/hu\/#\/schema\/person\/414a2aebf1801691a5320edb6468e194"},"breadcrumb":{"@id":"https:\/\/www.welovecycling.com\/hu\/trekking-mtb\/olyan-nincs-hogy-lehetetlen-hans-rey\/#breadcrumb"},"inLanguage":"hu","potentialAction":[{"@type":"ReadAction","target":["https:\/\/www.welovecycling.com\/hu\/trekking-mtb\/olyan-nincs-hogy-lehetetlen-hans-rey\/"]}]},{"@type":"ImageObject","inLanguage":"hu","@id":"https:\/\/www.welovecycling.com\/hu\/trekking-mtb\/olyan-nincs-hogy-lehetetlen-hans-rey\/#primaryimage","url":"https:\/\/d2p6e6u75xmxt8.cloudfront.net\/12\/2019\/04\/Screen-Shot-2018-03-06-at-11.32.26-AM-copy.jpg","contentUrl":"https:\/\/d2p6e6u75xmxt8.cloudfront.net\/12\/2019\/04\/Screen-Shot-2018-03-06-at-11.32.26-AM-copy.jpg","width":620,"height":246},{"@type":"BreadcrumbList","@id":"https:\/\/www.welovecycling.com\/hu\/trekking-mtb\/olyan-nincs-hogy-lehetetlen-hans-rey\/#breadcrumb","itemListElement":[{"@type":"ListItem","position":1,"name":"Home","item":"https:\/\/www.welovecycling.com\/hu\/"},{"@type":"ListItem","position":2,"name":"Olyan nincs, hogy lehetetlen \u2013 Hans Rey"}]},{"@type":"WebSite","@id":"https:\/\/www.welovecycling.com\/hu\/#website","url":"https:\/\/www.welovecycling.com\/hu\/","name":"\u0160koda We Love Cycling - Magyarorsz\u00e1g","description":"\u0160koda WeLoveCycling","potentialAction":[{"@type":"SearchAction","target":{"@type":"EntryPoint","urlTemplate":"https:\/\/www.welovecycling.com\/hu\/?s={search_term_string}"},"query-input":{"@type":"PropertyValueSpecification","valueRequired":true,"valueName":"search_term_string"}}],"inLanguage":"hu"},{"@type":"Person","@id":"https:\/\/www.welovecycling.com\/hu\/#\/schema\/person\/414a2aebf1801691a5320edb6468e194","name":"hegyizs","image":{"@type":"ImageObject","inLanguage":"hu","@id":"https:\/\/www.welovecycling.com\/hu\/#\/schema\/person\/image\/","url":"https:\/\/secure.gravatar.com\/avatar\/02cf8a7906b8cf90cecb4679defac7cfd33a1c2e3b88e4903d947f3bb58eedd3?s=96&d=mm&r=g","contentUrl":"https:\/\/secure.gravatar.com\/avatar\/02cf8a7906b8cf90cecb4679defac7cfd33a1c2e3b88e4903d947f3bb58eedd3?s=96&d=mm&r=g","caption":"hegyizs"},"url":"https:\/\/www.welovecycling.com\/hu\/author\/hegyizs\/"}]}},"_links":{"self":[{"href":"https:\/\/www.welovecycling.com\/hu\/wp-json\/wp\/v2\/posts\/3150","targetHints":{"allow":["GET"]}}],"collection":[{"href":"https:\/\/www.welovecycling.com\/hu\/wp-json\/wp\/v2\/posts"}],"about":[{"href":"https:\/\/www.welovecycling.com\/hu\/wp-json\/wp\/v2\/types\/post"}],"author":[{"embeddable":true,"href":"https:\/\/www.welovecycling.com\/hu\/wp-json\/wp\/v2\/users\/71"}],"replies":[{"embeddable":true,"href":"https:\/\/www.welovecycling.com\/hu\/wp-json\/wp\/v2\/comments?post=3150"}],"version-history":[{"count":1,"href":"https:\/\/www.welovecycling.com\/hu\/wp-json\/wp\/v2\/posts\/3150\/revisions"}],"predecessor-version":[{"id":3157,"href":"https:\/\/www.welovecycling.com\/hu\/wp-json\/wp\/v2\/posts\/3150\/revisions\/3157"}],"wp:featuredmedia":[{"embeddable":true,"href":"https:\/\/www.welovecycling.com\/hu\/wp-json\/wp\/v2\/media\/3153"}],"wp:attachment":[{"href":"https:\/\/www.welovecycling.com\/hu\/wp-json\/wp\/v2\/media?parent=3150"}],"wp:term":[{"taxonomy":"category","embeddable":true,"href":"https:\/\/www.welovecycling.com\/hu\/wp-json\/wp\/v2\/categories?post=3150"},{"taxonomy":"post_tag","embeddable":true,"href":"https:\/\/www.welovecycling.com\/hu\/wp-json\/wp\/v2\/tags?post=3150"},{"taxonomy":"global-categories","embeddable":true,"href":"https:\/\/www.welovecycling.com\/hu\/wp-json\/wp\/v2\/global-categories?post=3150"}],"curies":[{"name":"wp","href":"https:\/\/api.w.org\/{rel}","templated":true}]}}