{"id":3141,"date":"2019-04-25T08:00:10","date_gmt":"2019-04-25T07:00:10","guid":{"rendered":"https:\/\/www.welovecycling.com\/hu\/?p=3141"},"modified":"2019-04-18T11:57:26","modified_gmt":"2019-04-18T10:57:26","slug":"biciklis-bakancslista-nyarra","status":"publish","type":"post","link":"https:\/\/www.welovecycling.com\/hu\/edzes-es-eletmod\/biciklis-bakancslista-nyarra\/","title":{"rendered":"Biciklis bakancslista ny\u00e1rra"},"content":{"rendered":"<p><strong>Biciklizni b\u00e1rhol \u00e9s b\u00e1rmikor j\u00f3 \u2013 de sokak sz\u00e1m\u00e1ra hozza meg a kedvet a naps\u00fct\u00e9s. Ny\u00e1ron, ahogy melegszik az id\u0151, kiz\u00f6ldellnek a f\u00e1k \u00e9s hosszabbodnak a nappalok, egyre t\u00f6bb \u00e9s t\u00f6bb lehet\u0151s\u00e9g ny\u00edlik r\u00e1, hogy kedvenc bring\u00e1nk t\u00e1rsas\u00e1g\u00e1ban t\u00f6lts\u00fck el szabadid\u0151nket. Ha kifogyt\u00e1l az \u00f6tletekb\u0151l, hogy mit is csin\u00e1ljatok egy\u00fctt, vagy csak k\u00fcl\u00f6nleges szenved\u00e9lyt \u00e9rzel list\u00e1k teljes\u00edt\u00e9se ir\u00e1nt, \u00edme egy izgalmas bring\u00e1s bakancslista ny\u00e1rra!<\/strong><!--more--><\/p>\n<h2>1. Tekerd k\u00f6rbe a Balatont!<\/h2>\n<p>Egy t\u00fara, melyet minden valamire val\u00f3 magyar ker\u00e9kp\u00e1roz\u00f3nak teljes\u00edtenie kell. A t\u00f6bb mint 200km-es t\u00fara csodasz\u00e9p l\u00e1tnival\u00f3kkal kecsegtet \u00e9s igazi kih\u00edv\u00e1s amat\u0151r\u00f6knek \u00e9s profi Balaton-k\u00f6rbeteker\u0151knek egyar\u00e1nt. Ha ez az els\u0151 utad, el\u00e9g kih\u00edv\u00e1s lesz a sokadik nap ut\u00e1n vissza\u00fclni a nyeregre, ha m\u00e1r a sokadik k\u00f6r el\u00e9 n\u00e9zel, \u00e1ll\u00edts magad el\u00e9 \u00faj c\u00e9lokat: tekerd le a t\u00e1vot min\u00e9l kevesebb id\u0151 alatt!<\/p>\n<p><a href=\"https:\/\/d2p6e6u75xmxt8.cloudfront.net\/12\/2019\/04\/image2.jpeg\"><img loading=\"lazy\" decoding=\"async\" class=\"alignnone size-full wp-image-3147\" src=\"https:\/\/d2p6e6u75xmxt8.cloudfront.net\/12\/2019\/04\/image2.jpeg\" alt=\"\" width=\"1280\" height=\"853\" srcset=\"https:\/\/d2p6e6u75xmxt8.cloudfront.net\/12\/2019\/04\/image2.jpeg 1280w, https:\/\/d2p6e6u75xmxt8.cloudfront.net\/12\/2019\/04\/image2-300x200.jpeg 300w, https:\/\/d2p6e6u75xmxt8.cloudfront.net\/12\/2019\/04\/image2-768x512.jpeg 768w, https:\/\/d2p6e6u75xmxt8.cloudfront.net\/12\/2019\/04\/image2-1024x682.jpeg 1024w, https:\/\/d2p6e6u75xmxt8.cloudfront.net\/12\/2019\/04\/image2-272x182.jpeg 272w\" sizes=\"auto, (max-width: 1280px) 100vw, 1280px\" \/><\/a><\/p>\n<h2>2. Bring\u00e1zz \u00e9jjel!<\/h2>\n<p>A meleg ny\u00e1ri \u00e9jszak\u00e1k hangulata semmihez sem foghat\u00f3: hallod m\u00e1r lelki f\u00fcleiddel a ciripel\u0151 t\u00fccsk\u00f6ket \u00e9s az \u00e9jjeli term\u00e9szet \u00f6sszet\u00e9veszthetetlen z\u00fcmm\u00f6g\u00e9s\u00e9t? Minden ny\u00e1rra jutnia kell p\u00e1r \u00e9jszakai kalandnak, ez\u00fattal legyen a biciklid\u00e9 a f\u0151szerep! Indul\u00e1s el\u0151tt ellen\u0151rizd le, hogy vil\u00e1g\u00edtanak-e a l\u00e1mp\u00e1id, nehogy elt\u00e9vedj, \u00e9s v\u00e9letlen\u00fcl egy m\u00e1sik v\u00e1rost fedezz fel!<\/p>\n<h2>3. S\u00e1torozz egy t\u00f6bbnapos t\u00far\u00e1n!<\/h2>\n<p>Sz\u00e1ll\u00e1sfoglal\u00e1s, \u00fctemez\u00e9s, el\u0151re tervez\u00e9s \u2013 ugyan! Ny\u00e1ron \u00e9r egy kicsit laz\u00e1n venni a dolgokat. Dobj be egy kompakt s\u00e1trat \u00e9s indul\u00e1s! El\u0151tted az eg\u00e9sz nap, hogy tekerj, \u00e9s ha elf\u00e1radsz, v\u00e1lassz ki egy szimpatikus helyet egy tiszt\u00e1son, egy barlangban vagy egy szikla t\u00f6v\u00e9ben, ahol le tudsz s\u00e1torozni \u2013 mesebeli \u00e9lm\u00e9ny, ugye? Gondolj a bring\u00e1dra is: vigy\u00e9l egy ponyv\u00e1t, amivel megv\u00e9dheted a szesz\u00e9lyes ny\u00e1ri id\u0151j\u00e1r\u00e1s viszontags\u00e1gait\u00f3l, \u00e9s a h\u00e1l\u00f3zs\u00e1kot se felejtsd otthon! Napfelkelt\u00e9vel pedig m\u00e1ris \u00fatnak indulhattok \u00e9s ism\u00e9t ti\u00e9tek az eg\u00e9sz nap!<\/p>\n<h2>4. Indulj el egy versenyen!<\/h2>\n<p>Egy igazi kih\u00edv\u00e1st akarsz, aminek k\u00e9zzelfoghat\u00f3 eredm\u00e9nye van? Mit sz\u00f3lsz egy eml\u00e9klaphoz, vagy ak\u00e1r egy \u00e9remhez? Ha ink\u00e1bb hobbib\u00f3l ker\u00e9kp\u00e1rozol, \u00e9s \u00fagy \u00e9rzed nem vagy versenyk\u00e9pes \u00e1llapotban az sem baj: felejtsd el az \u00e9rmet \u00e9s hajts az \u00e9lm\u00e9ny\u00e9rt!<\/p>\n<p>Ha j\u00f3 form\u00e1ban vagy \u00e9s nem vagy m\u00e1r kezd\u0151 versenyz\u0151, c\u00e9lozd meg az osztr\u00e1k\u00a0Salzkammergut Trophy-t vagy tekerj Szlov\u00e1ki\u00e1ban a Kassa Maratonon! Ha ink\u00e1bb itthoni t\u00e1jakon induln\u00e1l, csatlakozz az El\u0151zd meg a fogaskerek\u0171t! verseny indul\u00f3ihoz! Rengeteg versenyb\u0151l v\u00e1laszthatsz, bizony\u00e1ra megtal\u00e1lod a neked val\u00f3t.<\/p>\n<p><a href=\"https:\/\/d2p6e6u75xmxt8.cloudfront.net\/12\/2019\/04\/image3.jpeg\"><img loading=\"lazy\" decoding=\"async\" class=\"alignnone size-full wp-image-3142\" src=\"https:\/\/d2p6e6u75xmxt8.cloudfront.net\/12\/2019\/04\/image3.jpeg\" alt=\"\" width=\"1387\" height=\"924\" srcset=\"https:\/\/d2p6e6u75xmxt8.cloudfront.net\/12\/2019\/04\/image3.jpeg 1387w, https:\/\/d2p6e6u75xmxt8.cloudfront.net\/12\/2019\/04\/image3-300x200.jpeg 300w, https:\/\/d2p6e6u75xmxt8.cloudfront.net\/12\/2019\/04\/image3-768x512.jpeg 768w, https:\/\/d2p6e6u75xmxt8.cloudfront.net\/12\/2019\/04\/image3-1024x682.jpeg 1024w, https:\/\/d2p6e6u75xmxt8.cloudfront.net\/12\/2019\/04\/image3-272x182.jpeg 272w\" sizes=\"auto, (max-width: 1387px) 100vw, 1387px\" \/><\/a><\/p>\n<h2>5. Tekerj ki az orsz\u00e1gb\u00f3l!<\/h2>\n<p>Amb\u00edci\u00f3zus, ugye? Persze a kih\u00edv\u00e1s m\u00e9rt\u00e9ke att\u00f3l f\u00fcgg, honnan indulsz\u2026 Mindenk\u00e9pp van egy hangulata orsz\u00e1ghat\u00e1rokon \u00e1ttekerni \u00e9s meg\u00e1llap\u00edtani, hogy hol z\u00f6ldebb a f\u0171! Nem utols\u00f3 sorban a besz\u00e1mol\u00f3k sor\u00e1n elhangz\u00f3 \u201eamikor \u00e1ttekertem Szlov\u00e1ki\u00e1ba\u2026\u201d sem hangzik rosszul&#8230;<\/p>\n<h2>6. \u00c9p\u00edts egy saj\u00e1t bring\u00e1t!<\/h2>\n<p>Milyen bicikli lehet jobban a saj\u00e1tod, mint az, amit te raksz \u00f6ssze? Kihagyhatatlan \u00e9lm\u00e9ny ahogy apr\u00f3 alkatr\u00e9szekb\u0151l \u00f6ssze\u00e1ll a j\u00e1rg\u00e1ny \u00e9s v\u00e9g\u00fcl h\u0171 t\u00e1rsad lesz t\u00far\u00e1id sor\u00e1n. Persze, ha nagyon nem megy a bark\u00e1csol\u00e1s, ki lehet j\u00e1tszani a rendszert egy kis ker\u00e9kp\u00e1r-modellel is\u2026. csak hogy teljes legyen a lista!<\/p>\n<h2>7. L\u00e1togass el egy bikeparkba!<\/h2>\n<p>Egy biciklis parkban biztos olyan t\u00e1rsas\u00e1got tal\u00e1lsz, akivel lesz k\u00f6z\u00f6s t\u00e9m\u00e1tok. S\u0151t, mindenf\u00e9le tr\u00fckk\u00f6t is elleshetsz m\u00e1s bring\u00e1sokt\u00f3l. Vigy\u00e9l buk\u00f3sisakot!<\/p>\n<p><a href=\"https:\/\/d2p6e6u75xmxt8.cloudfront.net\/12\/2019\/04\/image4.jpeg\"><img loading=\"lazy\" decoding=\"async\" class=\"alignnone size-full wp-image-3143\" src=\"https:\/\/d2p6e6u75xmxt8.cloudfront.net\/12\/2019\/04\/image4.jpeg\" alt=\"\" width=\"1388\" height=\"924\" srcset=\"https:\/\/d2p6e6u75xmxt8.cloudfront.net\/12\/2019\/04\/image4.jpeg 1388w, https:\/\/d2p6e6u75xmxt8.cloudfront.net\/12\/2019\/04\/image4-300x200.jpeg 300w, https:\/\/d2p6e6u75xmxt8.cloudfront.net\/12\/2019\/04\/image4-768x511.jpeg 768w, https:\/\/d2p6e6u75xmxt8.cloudfront.net\/12\/2019\/04\/image4-1024x682.jpeg 1024w, https:\/\/d2p6e6u75xmxt8.cloudfront.net\/12\/2019\/04\/image4-272x182.jpeg 272w\" sizes=\"auto, (max-width: 1388px) 100vw, 1388px\" \/><\/a><\/p>\n<h2>8. Vegy\u00e9l r\u00e9szt egy k\u00f6z\u00f6ss\u00e9gi esem\u00e9nyen!<\/h2>\n<p>Az \u00f6sszetartoz\u00e1s \u00e9lm\u00e9ny\u00e9vel \u00e9s \u00faj emberek megismer\u00e9s\u00e9nek lehet\u0151s\u00e9g\u00e9vel kecsegtetnek az olyan esem\u00e9nyek, mint p\u00e9ld\u00e1ul az I bike Budapest, ahol rengeteg biciklis tal\u00e1lkozik \u00e9s t\u00f6lt el egy d\u00e9lut\u00e1nt olyanok k\u00f6z\u00f6tt, akik meg\u00e9rtik szenved\u00e9ly\u00e9t. Ismerked\u00e9sre fel!<\/p>\n<h2>9. Fedezz fel \u00faj \u00fatvonalakat!<\/h2>\n<p>Ha megfelel\u0151 bringautat keresel, itt tal\u00e1lhatsz seg\u00edts\u00e9get: Bringautak. Ha be\u00e1ll\u00edtod a sz\u0171r\u0151ket, biztosan olyan \u00fatvonalakat fedezhetsz fel, amire alkalmas a bring\u00e1d \u00e9s sz\u00e1modra is \u00e9lvezetes! Volt\u00e1l m\u00e1r p\u00e9ld\u00e1ul Etyeken?<\/p>\n<p><a href=\"https:\/\/d2p6e6u75xmxt8.cloudfront.net\/12\/2019\/04\/image5.jpeg\"><img loading=\"lazy\" decoding=\"async\" class=\"alignnone size-full wp-image-3144\" src=\"https:\/\/d2p6e6u75xmxt8.cloudfront.net\/12\/2019\/04\/image5.jpeg\" alt=\"\" width=\"1280\" height=\"853\" srcset=\"https:\/\/d2p6e6u75xmxt8.cloudfront.net\/12\/2019\/04\/image5.jpeg 1280w, https:\/\/d2p6e6u75xmxt8.cloudfront.net\/12\/2019\/04\/image5-300x200.jpeg 300w, https:\/\/d2p6e6u75xmxt8.cloudfront.net\/12\/2019\/04\/image5-768x512.jpeg 768w, https:\/\/d2p6e6u75xmxt8.cloudfront.net\/12\/2019\/04\/image5-1024x682.jpeg 1024w, https:\/\/d2p6e6u75xmxt8.cloudfront.net\/12\/2019\/04\/image5-272x182.jpeg 272w\" sizes=\"auto, (max-width: 1280px) 100vw, 1280px\" \/><\/a><\/p>\n<h2>10. V\u00e1lts n\u00e9z\u0151pontot: szeml\u00e9ld meg az orsz\u00e1got mad\u00e1rt\u00e1vlatb\u00f3l!<\/h2>\n<p>Leny\u0171g\u00f6z\u0151 l\u00e1tv\u00e1ny ny\u00fajt t\u00f6bbek k\u00f6z\u00f6tt a Duna-kanyar a t\u00e1volb\u00f3l. A Budapestr\u0151l indul\u00f3 ki\u00e9p\u00edtett ker\u00e9kp\u00e1r\u00fat 115 kilom\u00e9teres, \u00e1t\u00edvel a Visegr\u00e1di \u00e9s a Pilis hegys\u00e9gen. A hegycs\u00facsr\u00f3l sz\u00e9tn\u00e9zve elkap minket az \u00e9rz\u00e9s, hogy milyen hatalmas is a vil\u00e1g\u2026<\/p>\n<p>Az Alpok-aljai ker\u00e9kp\u00e1r\u00fat K\u0151szegr\u0151l indul \u00e9s az \u00cdrott K\u0151-ig vezet. A t\u00e1v k\u00f6r\u00fclbel\u00fcl 100 km, a k\u00f6rnyezet pedig b\u00e9k\u00e9s, z\u00f6ldell\u0151 f\u00e1kkal \u00e9s hatalmas hegyekkel.<\/p>\n<h2><a href=\"https:\/\/d2p6e6u75xmxt8.cloudfront.net\/12\/2019\/04\/image6.jpeg\"><img loading=\"lazy\" decoding=\"async\" class=\"alignnone size-full wp-image-3145\" src=\"https:\/\/d2p6e6u75xmxt8.cloudfront.net\/12\/2019\/04\/image6.jpeg\" alt=\"\" width=\"1280\" height=\"853\" srcset=\"https:\/\/d2p6e6u75xmxt8.cloudfront.net\/12\/2019\/04\/image6.jpeg 1280w, https:\/\/d2p6e6u75xmxt8.cloudfront.net\/12\/2019\/04\/image6-300x200.jpeg 300w, https:\/\/d2p6e6u75xmxt8.cloudfront.net\/12\/2019\/04\/image6-768x512.jpeg 768w, https:\/\/d2p6e6u75xmxt8.cloudfront.net\/12\/2019\/04\/image6-1024x682.jpeg 1024w, https:\/\/d2p6e6u75xmxt8.cloudfront.net\/12\/2019\/04\/image6-272x182.jpeg 272w\" sizes=\"auto, (max-width: 1280px) 100vw, 1280px\" \/><\/a><\/h2>\n<h2>+1: \u00c9rezd j\u00f3l magad!<\/h2>\n<p>Forr\u00e1s: <a href=\"https:\/\/www.mozgasvilag.hu\/kerekpar\/hirek\/2019-es-bakancslista-kerekparosoknak\" target=\"_blank\" rel=\"noopener\">https:\/\/www.mozgasvilag.hu\/kerekpar\/hirek\/2019-es-bakancslista-kerekparosoknak<\/a><\/p>\n","protected":false},"excerpt":{"rendered":"<p>Biciklizni b\u00e1rhol \u00e9s b\u00e1rmikor j\u00f3 \u2013 de sokak sz\u00e1m\u00e1ra hozza meg a kedvet a naps\u00fct\u00e9s. Ny\u00e1ron, ahogy melegszik az id\u0151, [&hellip;]<\/p>\n","protected":false},"author":71,"featured_media":3146,"comment_status":"open","ping_status":"open","sticky":false,"template":"","format":"standard","meta":{"footnotes":""},"categories":[6],"tags":[],"global-categories":[],"class_list":["post-3141","post","type-post","status-publish","format-standard","has-post-thumbnail","hentry","category-edzes-es-eletmod"],"yoast_head":"<!-- This site is optimized with the Yoast SEO Premium plugin v25.3 (Yoast SEO v25.9) - https:\/\/yoast.com\/wordpress\/plugins\/seo\/ -->\n<title>Biciklis bakancslista ny\u00e1rra - \u0160koda We Love Cycling - Magyarorsz\u00e1g<\/title>\n<meta name=\"robots\" content=\"index, follow, max-snippet:-1, max-image-preview:large, max-video-preview:-1\" \/>\n<link rel=\"canonical\" href=\"https:\/\/www.welovecycling.com\/hu\/edzes-es-eletmod\/biciklis-bakancslista-nyarra\/\" \/>\n<meta property=\"og:locale\" content=\"hu_HU\" \/>\n<meta property=\"og:type\" content=\"article\" \/>\n<meta property=\"og:title\" content=\"Biciklis bakancslista ny\u00e1rra\" \/>\n<meta property=\"og:description\" content=\"Biciklizni b\u00e1rhol \u00e9s b\u00e1rmikor j\u00f3 \u2013 de sokak sz\u00e1m\u00e1ra hozza meg a kedvet a naps\u00fct\u00e9s. Ny\u00e1ron, ahogy melegszik az id\u0151, [&hellip;]\" \/>\n<meta property=\"og:url\" content=\"https:\/\/www.welovecycling.com\/hu\/edzes-es-eletmod\/biciklis-bakancslista-nyarra\/\" \/>\n<meta property=\"og:site_name\" content=\"\u0160koda We Love Cycling - Magyarorsz\u00e1g\" \/>\n<meta property=\"article:publisher\" content=\"https:\/\/www.facebook.com\/WeLoveCyclingHungary\/\" \/>\n<meta property=\"article:published_time\" content=\"2019-04-25T07:00:10+00:00\" \/>\n<meta property=\"og:image\" content=\"https:\/\/d2p6e6u75xmxt8.cloudfront.net\/12\/2019\/04\/image1.jpeg\" \/>\n\t<meta property=\"og:image:width\" content=\"1280\" \/>\n\t<meta property=\"og:image:height\" content=\"853\" \/>\n\t<meta property=\"og:image:type\" content=\"image\/jpeg\" \/>\n<meta name=\"author\" content=\"hegyizs\" \/>\n<meta name=\"twitter:card\" content=\"summary_large_image\" \/>\n<meta name=\"twitter:label1\" content=\"Written by\" \/>\n\t<meta name=\"twitter:data1\" content=\"WLC\" \/>\n\t<meta name=\"twitter:label2\" content=\"Est. reading time\" \/>\n\t<meta name=\"twitter:data2\" content=\"5 minutes\" \/>\n<script type=\"application\/ld+json\" class=\"yoast-schema-graph\">{\"@context\":\"https:\/\/schema.org\",\"@graph\":[{\"@type\":\"WebPage\",\"@id\":\"https:\/\/www.welovecycling.com\/hu\/edzes-es-eletmod\/biciklis-bakancslista-nyarra\/\",\"url\":\"https:\/\/www.welovecycling.com\/hu\/edzes-es-eletmod\/biciklis-bakancslista-nyarra\/\",\"name\":\"Biciklis bakancslista ny\u00e1rra - \u0160koda We Love Cycling - Magyarorsz\u00e1g\",\"isPartOf\":{\"@id\":\"https:\/\/www.welovecycling.com\/hu\/#website\"},\"primaryImageOfPage\":{\"@id\":\"https:\/\/www.welovecycling.com\/hu\/edzes-es-eletmod\/biciklis-bakancslista-nyarra\/#primaryimage\"},\"image\":{\"@id\":\"https:\/\/www.welovecycling.com\/hu\/edzes-es-eletmod\/biciklis-bakancslista-nyarra\/#primaryimage\"},\"thumbnailUrl\":\"https:\/\/d2p6e6u75xmxt8.cloudfront.net\/12\/2019\/04\/image1.jpeg\",\"datePublished\":\"2019-04-25T07:00:10+00:00\",\"author\":{\"@id\":\"https:\/\/www.welovecycling.com\/hu\/#\/schema\/person\/414a2aebf1801691a5320edb6468e194\"},\"breadcrumb\":{\"@id\":\"https:\/\/www.welovecycling.com\/hu\/edzes-es-eletmod\/biciklis-bakancslista-nyarra\/#breadcrumb\"},\"inLanguage\":\"hu\",\"potentialAction\":[{\"@type\":\"ReadAction\",\"target\":[\"https:\/\/www.welovecycling.com\/hu\/edzes-es-eletmod\/biciklis-bakancslista-nyarra\/\"]}]},{\"@type\":\"ImageObject\",\"inLanguage\":\"hu\",\"@id\":\"https:\/\/www.welovecycling.com\/hu\/edzes-es-eletmod\/biciklis-bakancslista-nyarra\/#primaryimage\",\"url\":\"https:\/\/d2p6e6u75xmxt8.cloudfront.net\/12\/2019\/04\/image1.jpeg\",\"contentUrl\":\"https:\/\/d2p6e6u75xmxt8.cloudfront.net\/12\/2019\/04\/image1.jpeg\",\"width\":1280,\"height\":853},{\"@type\":\"BreadcrumbList\",\"@id\":\"https:\/\/www.welovecycling.com\/hu\/edzes-es-eletmod\/biciklis-bakancslista-nyarra\/#breadcrumb\",\"itemListElement\":[{\"@type\":\"ListItem\",\"position\":1,\"name\":\"Home\",\"item\":\"https:\/\/www.welovecycling.com\/hu\/\"},{\"@type\":\"ListItem\",\"position\":2,\"name\":\"Biciklis bakancslista ny\u00e1rra\"}]},{\"@type\":\"WebSite\",\"@id\":\"https:\/\/www.welovecycling.com\/hu\/#website\",\"url\":\"https:\/\/www.welovecycling.com\/hu\/\",\"name\":\"\u0160koda We Love Cycling - Magyarorsz\u00e1g\",\"description\":\"\u0160koda WeLoveCycling\",\"potentialAction\":[{\"@type\":\"SearchAction\",\"target\":{\"@type\":\"EntryPoint\",\"urlTemplate\":\"https:\/\/www.welovecycling.com\/hu\/?s={search_term_string}\"},\"query-input\":{\"@type\":\"PropertyValueSpecification\",\"valueRequired\":true,\"valueName\":\"search_term_string\"}}],\"inLanguage\":\"hu\"},{\"@type\":\"Person\",\"@id\":\"https:\/\/www.welovecycling.com\/hu\/#\/schema\/person\/414a2aebf1801691a5320edb6468e194\",\"name\":\"hegyizs\",\"image\":{\"@type\":\"ImageObject\",\"inLanguage\":\"hu\",\"@id\":\"https:\/\/www.welovecycling.com\/hu\/#\/schema\/person\/image\/\",\"url\":\"https:\/\/secure.gravatar.com\/avatar\/02cf8a7906b8cf90cecb4679defac7cfd33a1c2e3b88e4903d947f3bb58eedd3?s=96&d=mm&r=g\",\"contentUrl\":\"https:\/\/secure.gravatar.com\/avatar\/02cf8a7906b8cf90cecb4679defac7cfd33a1c2e3b88e4903d947f3bb58eedd3?s=96&d=mm&r=g\",\"caption\":\"hegyizs\"},\"url\":\"https:\/\/www.welovecycling.com\/hu\/author\/hegyizs\/\"}]}<\/script>\n<!-- \/ Yoast SEO Premium plugin. -->","yoast_head_json":{"title":"Biciklis bakancslista ny\u00e1rra - \u0160koda We Love Cycling - Magyarorsz\u00e1g","robots":{"index":"index","follow":"follow","max-snippet":"max-snippet:-1","max-image-preview":"max-image-preview:large","max-video-preview":"max-video-preview:-1"},"canonical":"https:\/\/www.welovecycling.com\/hu\/edzes-es-eletmod\/biciklis-bakancslista-nyarra\/","og_locale":"hu_HU","og_type":"article","og_title":"Biciklis bakancslista ny\u00e1rra","og_description":"Biciklizni b\u00e1rhol \u00e9s b\u00e1rmikor j\u00f3 \u2013 de sokak sz\u00e1m\u00e1ra hozza meg a kedvet a naps\u00fct\u00e9s. Ny\u00e1ron, ahogy melegszik az id\u0151, [&hellip;]","og_url":"https:\/\/www.welovecycling.com\/hu\/edzes-es-eletmod\/biciklis-bakancslista-nyarra\/","og_site_name":"\u0160koda We Love Cycling - Magyarorsz\u00e1g","article_publisher":"https:\/\/www.facebook.com\/WeLoveCyclingHungary\/","article_published_time":"2019-04-25T07:00:10+00:00","og_image":[{"width":1280,"height":853,"url":"https:\/\/d2p6e6u75xmxt8.cloudfront.net\/12\/2019\/04\/image1.jpeg","type":"image\/jpeg"}],"author":"hegyizs","twitter_card":"summary_large_image","twitter_misc":{"Written by":"WLC","Est. reading time":"5 minutes"},"schema":{"@context":"https:\/\/schema.org","@graph":[{"@type":"WebPage","@id":"https:\/\/www.welovecycling.com\/hu\/edzes-es-eletmod\/biciklis-bakancslista-nyarra\/","url":"https:\/\/www.welovecycling.com\/hu\/edzes-es-eletmod\/biciklis-bakancslista-nyarra\/","name":"Biciklis bakancslista ny\u00e1rra - \u0160koda We Love Cycling - Magyarorsz\u00e1g","isPartOf":{"@id":"https:\/\/www.welovecycling.com\/hu\/#website"},"primaryImageOfPage":{"@id":"https:\/\/www.welovecycling.com\/hu\/edzes-es-eletmod\/biciklis-bakancslista-nyarra\/#primaryimage"},"image":{"@id":"https:\/\/www.welovecycling.com\/hu\/edzes-es-eletmod\/biciklis-bakancslista-nyarra\/#primaryimage"},"thumbnailUrl":"https:\/\/d2p6e6u75xmxt8.cloudfront.net\/12\/2019\/04\/image1.jpeg","datePublished":"2019-04-25T07:00:10+00:00","author":{"@id":"https:\/\/www.welovecycling.com\/hu\/#\/schema\/person\/414a2aebf1801691a5320edb6468e194"},"breadcrumb":{"@id":"https:\/\/www.welovecycling.com\/hu\/edzes-es-eletmod\/biciklis-bakancslista-nyarra\/#breadcrumb"},"inLanguage":"hu","potentialAction":[{"@type":"ReadAction","target":["https:\/\/www.welovecycling.com\/hu\/edzes-es-eletmod\/biciklis-bakancslista-nyarra\/"]}]},{"@type":"ImageObject","inLanguage":"hu","@id":"https:\/\/www.welovecycling.com\/hu\/edzes-es-eletmod\/biciklis-bakancslista-nyarra\/#primaryimage","url":"https:\/\/d2p6e6u75xmxt8.cloudfront.net\/12\/2019\/04\/image1.jpeg","contentUrl":"https:\/\/d2p6e6u75xmxt8.cloudfront.net\/12\/2019\/04\/image1.jpeg","width":1280,"height":853},{"@type":"BreadcrumbList","@id":"https:\/\/www.welovecycling.com\/hu\/edzes-es-eletmod\/biciklis-bakancslista-nyarra\/#breadcrumb","itemListElement":[{"@type":"ListItem","position":1,"name":"Home","item":"https:\/\/www.welovecycling.com\/hu\/"},{"@type":"ListItem","position":2,"name":"Biciklis bakancslista ny\u00e1rra"}]},{"@type":"WebSite","@id":"https:\/\/www.welovecycling.com\/hu\/#website","url":"https:\/\/www.welovecycling.com\/hu\/","name":"\u0160koda We Love Cycling - Magyarorsz\u00e1g","description":"\u0160koda WeLoveCycling","potentialAction":[{"@type":"SearchAction","target":{"@type":"EntryPoint","urlTemplate":"https:\/\/www.welovecycling.com\/hu\/?s={search_term_string}"},"query-input":{"@type":"PropertyValueSpecification","valueRequired":true,"valueName":"search_term_string"}}],"inLanguage":"hu"},{"@type":"Person","@id":"https:\/\/www.welovecycling.com\/hu\/#\/schema\/person\/414a2aebf1801691a5320edb6468e194","name":"hegyizs","image":{"@type":"ImageObject","inLanguage":"hu","@id":"https:\/\/www.welovecycling.com\/hu\/#\/schema\/person\/image\/","url":"https:\/\/secure.gravatar.com\/avatar\/02cf8a7906b8cf90cecb4679defac7cfd33a1c2e3b88e4903d947f3bb58eedd3?s=96&d=mm&r=g","contentUrl":"https:\/\/secure.gravatar.com\/avatar\/02cf8a7906b8cf90cecb4679defac7cfd33a1c2e3b88e4903d947f3bb58eedd3?s=96&d=mm&r=g","caption":"hegyizs"},"url":"https:\/\/www.welovecycling.com\/hu\/author\/hegyizs\/"}]}},"_links":{"self":[{"href":"https:\/\/www.welovecycling.com\/hu\/wp-json\/wp\/v2\/posts\/3141","targetHints":{"allow":["GET"]}}],"collection":[{"href":"https:\/\/www.welovecycling.com\/hu\/wp-json\/wp\/v2\/posts"}],"about":[{"href":"https:\/\/www.welovecycling.com\/hu\/wp-json\/wp\/v2\/types\/post"}],"author":[{"embeddable":true,"href":"https:\/\/www.welovecycling.com\/hu\/wp-json\/wp\/v2\/users\/71"}],"replies":[{"embeddable":true,"href":"https:\/\/www.welovecycling.com\/hu\/wp-json\/wp\/v2\/comments?post=3141"}],"version-history":[{"count":2,"href":"https:\/\/www.welovecycling.com\/hu\/wp-json\/wp\/v2\/posts\/3141\/revisions"}],"predecessor-version":[{"id":3149,"href":"https:\/\/www.welovecycling.com\/hu\/wp-json\/wp\/v2\/posts\/3141\/revisions\/3149"}],"wp:featuredmedia":[{"embeddable":true,"href":"https:\/\/www.welovecycling.com\/hu\/wp-json\/wp\/v2\/media\/3146"}],"wp:attachment":[{"href":"https:\/\/www.welovecycling.com\/hu\/wp-json\/wp\/v2\/media?parent=3141"}],"wp:term":[{"taxonomy":"category","embeddable":true,"href":"https:\/\/www.welovecycling.com\/hu\/wp-json\/wp\/v2\/categories?post=3141"},{"taxonomy":"post_tag","embeddable":true,"href":"https:\/\/www.welovecycling.com\/hu\/wp-json\/wp\/v2\/tags?post=3141"},{"taxonomy":"global-categories","embeddable":true,"href":"https:\/\/www.welovecycling.com\/hu\/wp-json\/wp\/v2\/global-categories?post=3141"}],"curies":[{"name":"wp","href":"https:\/\/api.w.org\/{rel}","templated":true}]}}