{"id":3126,"date":"2019-04-23T08:00:08","date_gmt":"2019-04-23T07:00:08","guid":{"rendered":"https:\/\/www.welovecycling.com\/hu\/?p=3126"},"modified":"2019-04-18T11:54:06","modified_gmt":"2019-04-18T10:54:06","slug":"itt-a-tavasz-itt-az-ido-hogy-valtoztassunk-kerekparos-szokasainkon","status":"publish","type":"post","link":"https:\/\/www.welovecycling.com\/hu\/kozosseg-es-kultura\/itt-a-tavasz-itt-az-ido-hogy-valtoztassunk-kerekparos-szokasainkon\/","title":{"rendered":"Itt a tavasz! Itt az id\u0151, hogy v\u00e1ltoztassunk ker\u00e9kp\u00e1ros szok\u00e1sainkon."},"content":{"rendered":"<p><strong>Azzal, hogy megveszel egy felszerel\u00e9st, m\u00e9g nem leszel gyorsabb ker\u00e9kp\u00e1ros. Addig ne vegy\u00e9l karbon palacktart\u00f3t, am\u00edg el nem \u00e9red a kit\u0171z\u00f6tt tests\u00falyodat! Ugyanakkor, k\u00f6ltekez\u00e9ssel n\u00f6velheted a biztons\u00e1g- \u00e9s komfort\u00e9rzetedet. A tavasz k\u00f6zeledt\u00e9vel a szesz\u00e9lyes id\u0151j\u00e1r\u00e1s arra \u00f6szt\u00f6k\u00e9li az el\u0151rel\u00e1t\u00f3 biciklist\u00e1kat, hogy t\u00f6bbfunkci\u00f3s felszerel\u00e9sbe fektessenek.<\/strong><\/p>\n<p><!--more--><\/p>\n<h2><strong>Multifunkci\u00f3s fejp\u00e1nt<\/strong><\/h2>\n<p>Amikor az id\u0151j\u00e1r\u00e1s nagy es\u00e9llyel v\u00e1ltozik meg a t\u00fara kezdete \u00e9s v\u00e9ge k\u00f6z\u00f6tt, ez a ruhadarab m\u00e9g j\u00f3l j\u00f6het, f\u00fcggetlen\u00fcl att\u00f3l, hogy a gy\u00e1rt\u00f3k, hogy nevezik. N\u00e9h\u00e1ny m\u00e1rka hajszalagnak, n\u00e9h\u00e1ny fejmeleg\u00edt\u0151nek, a B\u2019Twin pedig fejp\u00e1ntnak h\u00edvja.<\/p>\n<lite-youtube videoid=X6Mvye9d3MQ params=\"enablejsapi=1\" style=\"background-image: url('https:\/\/i.ytimg.com\/vi_webp\/X6Mvye9d3MQ\/maxresdefault.webp');\"><\/lite-youtube>\n<p>Ez a vide\u00f3 t\u00f6k\u00e9letesen bemutatja, mire sz\u00e1m\u00edthatsz egy t\u00f6bbfunkci\u00f3s ruhadarab eset\u00e9ben: gyorsan v\u00e1ltoztathatod, hogy az anyag milyen m\u00e9rt\u00e9kben fedje a testfel\u00fcleted. \u00cdgy szab\u00e1lyozva a testh\u0151m\u00e9rs\u00e9kleted, nagym\u00e9rt\u00e9kben javulhat a t\u00fara min\u0151s\u00e9ge. Hideglel\u0151s indul\u00e1s? Viseld \u00fagy, mint egy s\u00edmaszkot. Azt\u00e1n amint kimelegedt\u00e9l, fejp\u00e1ntt\u00e1 alak\u00edthatod. Enn\u00e9l praktikusabb felszerel\u00e9st keresve sem tal\u00e1lhatsz.<\/p>\n<h2><strong>V\u00e1lassz mint\u00e1zat n\u00e9lk\u00fcli gumik\u00f6penyt<\/strong><\/h2>\n<p>A bicikligumik nem olyanok, mint az aut\u00f3gumik. M\u00edg az aut\u00f3gumik sz\u00f6gletes, addig a bicikligumik kerek mint\u00e1zat\u00faak, mivel a ker\u00e9k aszfalttal \u00e9rintkez\u0151 fel\u00fclet\u00e9nek sebess\u00e9g-s\u00faly ar\u00e1nya nagyon k\u00fcl\u00f6nb\u00f6z\u0151 a k\u00e9t k\u00f6zleked\u00e9si eszk\u00f6z eset\u00e9ben. A mint\u00e1zat n\u00e9lk\u00fcli ker\u00e9kp\u00e1rgumik jobban alkalmazkodnak a nedvess\u00e9ghez, \u00e9s kev\u00e9sb\u00e9 val\u00f3sz\u00edn\u0171, hogy megcs\u00fasznak. Ez\u00e9rt van a l\u00e9gij\u00e1rm\u0171veknek is lekerek\u00edtett mint\u00e1zat\u00fa kereke.<\/p>\n<p>https:\/\/www.instagram.com\/p\/BvZJ3jwAh2w\/?utm_source=ig_web_button_share_sheet<\/p>\n<p>N\u00e9zz\u00fck csak ezt a tini biciklis band\u00e1t, akiket a londoni Park Lane-en kaptak lencsev\u00e9gre, egy t\u00fcntet\u00e9s miatt el\u0151re lez\u00e1rt \u00fatszakaszon. Mindegyik\u0151j\u00fcknek mint\u00e1zat n\u00e9lk\u00fcli kereke van, legyen sz\u00f3 mountain bike-r\u00f3l, off-roader-r\u0151l, low-rider-r\u0151l, vagy jump-bike-r\u00f3l. Amikor \u00e9n voltam ennyi id\u0151s, a bar\u00e1taimnak \u00e9s nekem nagy, bord\u00e1zott gumijaink voltak, \u00e9s m\u00e9g csod\u00e1lkoztunk, mi\u00e9rt cs\u00faszunk ki mindig, ha vizes \u00faton tekert\u00fcnk.<\/p>\n<h2><strong>Rapha karmeleg\u00edt\u0151k<\/strong><\/h2>\n<p>Egy c\u00e9g, amely \u00f3ri\u00e1si \u00f6sszegeket k\u00f6lt marketingre, nem igaz\u00e1n szorul aj\u00e1nl\u00e1sra, de amint egy Youtuber, TheDarkinstall, a csatorn\u00e1j\u00e1n bemutatja, \u00fagy \u00e9rzed, hogy n\u00e9h\u00e1ny Rapha term\u00e9kre neked is sz\u00fcks\u00e9ged lesz.<\/p>\n<lite-youtube videoid=gLNlkZ5SeCo params=\"enablejsapi=1\" style=\"background-image: url('https:\/\/i.ytimg.com\/vi_webp\/gLNlkZ5SeCo\/maxresdefault.webp');\"><\/lite-youtube>\n<p>Gondolj bele: a karjaidat nem igaz\u00e1n mozgatod, ez\u00e9rt fontos, hogy mindig melegen tartsd \u0151ket. A Rapha mindenki m\u00e1sn\u00e1l el\u0151bb j\u00f6tt r\u00e1 arra, hogy a merin\u00f3i gyapj\u00fa felhaszn\u00e1l\u00e1s\u00e1val eredm\u00e9nyesebb a h\u0151szab\u00e1lyoz\u00e1s. A merin\u00f3i gyapj\u00fa megtartja a meleget, de nem lesz nyirkos, \u00e9s azzal, hogy eld\u00f6ntheted a karod mekkora r\u00e9sz\u00e9t fedje, a komfort\u00e9rzetet is biztos\u00edtja.<\/p>\n<h2><strong>Ker\u00fcld az id\u0151j\u00e1r\u00e1s okozta baleseteket<\/strong><\/h2>\n<p>Rengeteg tudom\u00e1nyos kutat\u00e1s figyelmezteti a sportol\u00f3kat, hogy a megfelel\u0151 bemeleg\u00edt\u00e9s kihagy\u00e1sa s\u00e9r\u00fcl\u00e9sekhez vezethet. Itt szeretn\u00e9m megeml\u00edteni, hogy el\u0151sz\u00f6r is, egy ruhadarab \u00f6nmag\u00e1ban nem v\u00e9d a s\u00e9r\u00fcl\u00e9sekt\u0151l, m\u00e1sodszor, hogy itt legink\u00e1bb a t\u00faler\u0151ltet\u00e9s okozta sportbalesetekr\u0151l van sz\u00f3.<\/p>\n<lite-youtube videoid=-6PpX6gw5fg params=\"enablejsapi=1\" style=\"background-image: url('https:\/\/i.ytimg.com\/vi_webp\/-6PpX6gw5fg\/maxresdefault.webp');\"><\/lite-youtube>\n<p>A fenti vide\u00f3 azt javasolja, hogy az id\u0151j\u00e1r\u00e1s el\u0151rejelz\u00e9st arra haszn\u00e1ljuk, amire ki lett tal\u00e1lva: vez\u00e9relvk\u00e9nt. Hacsak nem a P\u00e1rizs- Nizza megnyer\u00e9s\u00e9re k\u00e9sz\u00fclsz, \u00f6lt\u00f6zz melegebben! A gy\u00e1rt\u00f3k a tan\u00e1csaikat ink\u00e1bb a jobb fizikum\u00faaknak sz\u00e1nj\u00e1k. Ne felejtsd, k\u00f6nnyebb levenni egy r\u00e9teget, mint azt k\u00edv\u00e1nni, b\u00e1r melegebben \u00f6lt\u00f6zt\u00e9l volna a t\u00far\u00e1ra.<\/p>\n","protected":false},"excerpt":{"rendered":"<p>Azzal, hogy megveszel egy felszerel\u00e9st, m\u00e9g nem leszel gyorsabb ker\u00e9kp\u00e1ros. Addig ne vegy\u00e9l karbon palacktart\u00f3t, am\u00edg el nem \u00e9red a [&hellip;]<\/p>\n","protected":false},"author":71,"featured_media":3131,"comment_status":"open","ping_status":"open","sticky":false,"template":"","format":"standard","meta":{"footnotes":""},"categories":[12],"tags":[],"global-categories":[],"class_list":["post-3126","post","type-post","status-publish","format-standard","has-post-thumbnail","hentry","category-kozosseg-es-kultura"],"yoast_head":"<!-- This site is optimized with the Yoast SEO Premium plugin v25.3 (Yoast SEO v25.9) - https:\/\/yoast.com\/wordpress\/plugins\/seo\/ -->\n<title>Itt a tavasz! Itt az id\u0151, hogy v\u00e1ltoztassunk ker\u00e9kp\u00e1ros szok\u00e1sainkon. - \u0160koda We Love Cycling - Magyarorsz\u00e1g<\/title>\n<meta name=\"robots\" content=\"index, follow, max-snippet:-1, max-image-preview:large, max-video-preview:-1\" \/>\n<link rel=\"canonical\" href=\"https:\/\/www.welovecycling.com\/hu\/kozosseg-es-kultura\/itt-a-tavasz-itt-az-ido-hogy-valtoztassunk-kerekparos-szokasainkon\/\" \/>\n<meta property=\"og:locale\" content=\"hu_HU\" \/>\n<meta property=\"og:type\" content=\"article\" \/>\n<meta property=\"og:title\" content=\"Itt a tavasz! Itt az id\u0151, hogy v\u00e1ltoztassunk ker\u00e9kp\u00e1ros szok\u00e1sainkon.\" \/>\n<meta property=\"og:description\" content=\"Azzal, hogy megveszel egy felszerel\u00e9st, m\u00e9g nem leszel gyorsabb ker\u00e9kp\u00e1ros. Addig ne vegy\u00e9l karbon palacktart\u00f3t, am\u00edg el nem \u00e9red a [&hellip;]\" \/>\n<meta property=\"og:url\" content=\"https:\/\/www.welovecycling.com\/hu\/kozosseg-es-kultura\/itt-a-tavasz-itt-az-ido-hogy-valtoztassunk-kerekparos-szokasainkon\/\" \/>\n<meta property=\"og:site_name\" content=\"\u0160koda We Love Cycling - Magyarorsz\u00e1g\" \/>\n<meta property=\"article:publisher\" content=\"https:\/\/www.facebook.com\/WeLoveCyclingHungary\/\" \/>\n<meta property=\"article:published_time\" content=\"2019-04-23T07:00:08+00:00\" \/>\n<meta property=\"og:image\" content=\"https:\/\/d2p6e6u75xmxt8.cloudfront.net\/12\/2019\/04\/Cycling-gear-profimedia-0295790172-CVR.jpg\" \/>\n\t<meta property=\"og:image:width\" content=\"1366\" \/>\n\t<meta property=\"og:image:height\" content=\"600\" \/>\n\t<meta property=\"og:image:type\" content=\"image\/jpeg\" \/>\n<meta name=\"author\" content=\"hegyizs\" \/>\n<meta name=\"twitter:card\" content=\"summary_large_image\" \/>\n<meta name=\"twitter:label1\" content=\"Written by\" \/>\n\t<meta name=\"twitter:data1\" content=\"Christopher Ashley\" \/>\n\t<meta name=\"twitter:label2\" content=\"Est. reading time\" \/>\n\t<meta name=\"twitter:data2\" content=\"7\" \/>\n<script type=\"application\/ld+json\" class=\"yoast-schema-graph\">{\"@context\":\"https:\/\/schema.org\",\"@graph\":[{\"@type\":\"WebPage\",\"@id\":\"https:\/\/www.welovecycling.com\/hu\/kozosseg-es-kultura\/itt-a-tavasz-itt-az-ido-hogy-valtoztassunk-kerekparos-szokasainkon\/\",\"url\":\"https:\/\/www.welovecycling.com\/hu\/kozosseg-es-kultura\/itt-a-tavasz-itt-az-ido-hogy-valtoztassunk-kerekparos-szokasainkon\/\",\"name\":\"Itt a tavasz! Itt az id\u0151, hogy v\u00e1ltoztassunk ker\u00e9kp\u00e1ros szok\u00e1sainkon. - \u0160koda We Love Cycling - Magyarorsz\u00e1g\",\"isPartOf\":{\"@id\":\"https:\/\/www.welovecycling.com\/hu\/#website\"},\"primaryImageOfPage\":{\"@id\":\"https:\/\/www.welovecycling.com\/hu\/kozosseg-es-kultura\/itt-a-tavasz-itt-az-ido-hogy-valtoztassunk-kerekparos-szokasainkon\/#primaryimage\"},\"image\":{\"@id\":\"https:\/\/www.welovecycling.com\/hu\/kozosseg-es-kultura\/itt-a-tavasz-itt-az-ido-hogy-valtoztassunk-kerekparos-szokasainkon\/#primaryimage\"},\"thumbnailUrl\":\"https:\/\/d2p6e6u75xmxt8.cloudfront.net\/12\/2019\/04\/Cycling-gear-profimedia-0295790172-CVR.jpg\",\"datePublished\":\"2019-04-23T07:00:08+00:00\",\"author\":{\"@id\":\"https:\/\/www.welovecycling.com\/hu\/#\/schema\/person\/414a2aebf1801691a5320edb6468e194\"},\"breadcrumb\":{\"@id\":\"https:\/\/www.welovecycling.com\/hu\/kozosseg-es-kultura\/itt-a-tavasz-itt-az-ido-hogy-valtoztassunk-kerekparos-szokasainkon\/#breadcrumb\"},\"inLanguage\":\"hu\",\"potentialAction\":[{\"@type\":\"ReadAction\",\"target\":[\"https:\/\/www.welovecycling.com\/hu\/kozosseg-es-kultura\/itt-a-tavasz-itt-az-ido-hogy-valtoztassunk-kerekparos-szokasainkon\/\"]}]},{\"@type\":\"ImageObject\",\"inLanguage\":\"hu\",\"@id\":\"https:\/\/www.welovecycling.com\/hu\/kozosseg-es-kultura\/itt-a-tavasz-itt-az-ido-hogy-valtoztassunk-kerekparos-szokasainkon\/#primaryimage\",\"url\":\"https:\/\/d2p6e6u75xmxt8.cloudfront.net\/12\/2019\/04\/Cycling-gear-profimedia-0295790172-CVR.jpg\",\"contentUrl\":\"https:\/\/d2p6e6u75xmxt8.cloudfront.net\/12\/2019\/04\/Cycling-gear-profimedia-0295790172-CVR.jpg\",\"width\":1366,\"height\":600,\"caption\":\"\u00a9Profimedia\"},{\"@type\":\"BreadcrumbList\",\"@id\":\"https:\/\/www.welovecycling.com\/hu\/kozosseg-es-kultura\/itt-a-tavasz-itt-az-ido-hogy-valtoztassunk-kerekparos-szokasainkon\/#breadcrumb\",\"itemListElement\":[{\"@type\":\"ListItem\",\"position\":1,\"name\":\"Home\",\"item\":\"https:\/\/www.welovecycling.com\/hu\/\"},{\"@type\":\"ListItem\",\"position\":2,\"name\":\"Itt a tavasz! Itt az id\u0151, hogy v\u00e1ltoztassunk ker\u00e9kp\u00e1ros szok\u00e1sainkon.\"}]},{\"@type\":\"WebSite\",\"@id\":\"https:\/\/www.welovecycling.com\/hu\/#website\",\"url\":\"https:\/\/www.welovecycling.com\/hu\/\",\"name\":\"\u0160koda We Love Cycling - Magyarorsz\u00e1g\",\"description\":\"\u0160koda WeLoveCycling\",\"potentialAction\":[{\"@type\":\"SearchAction\",\"target\":{\"@type\":\"EntryPoint\",\"urlTemplate\":\"https:\/\/www.welovecycling.com\/hu\/?s={search_term_string}\"},\"query-input\":{\"@type\":\"PropertyValueSpecification\",\"valueRequired\":true,\"valueName\":\"search_term_string\"}}],\"inLanguage\":\"hu\"},{\"@type\":\"Person\",\"@id\":\"https:\/\/www.welovecycling.com\/hu\/#\/schema\/person\/414a2aebf1801691a5320edb6468e194\",\"name\":\"hegyizs\",\"image\":{\"@type\":\"ImageObject\",\"inLanguage\":\"hu\",\"@id\":\"https:\/\/www.welovecycling.com\/hu\/#\/schema\/person\/image\/\",\"url\":\"https:\/\/secure.gravatar.com\/avatar\/02cf8a7906b8cf90cecb4679defac7cfd33a1c2e3b88e4903d947f3bb58eedd3?s=96&d=mm&r=g\",\"contentUrl\":\"https:\/\/secure.gravatar.com\/avatar\/02cf8a7906b8cf90cecb4679defac7cfd33a1c2e3b88e4903d947f3bb58eedd3?s=96&d=mm&r=g\",\"caption\":\"hegyizs\"},\"url\":\"https:\/\/www.welovecycling.com\/hu\/author\/hegyizs\/\"}]}<\/script>\n<!-- \/ Yoast SEO Premium plugin. -->","yoast_head_json":{"title":"Itt a tavasz! Itt az id\u0151, hogy v\u00e1ltoztassunk ker\u00e9kp\u00e1ros szok\u00e1sainkon. - \u0160koda We Love Cycling - Magyarorsz\u00e1g","robots":{"index":"index","follow":"follow","max-snippet":"max-snippet:-1","max-image-preview":"max-image-preview:large","max-video-preview":"max-video-preview:-1"},"canonical":"https:\/\/www.welovecycling.com\/hu\/kozosseg-es-kultura\/itt-a-tavasz-itt-az-ido-hogy-valtoztassunk-kerekparos-szokasainkon\/","og_locale":"hu_HU","og_type":"article","og_title":"Itt a tavasz! Itt az id\u0151, hogy v\u00e1ltoztassunk ker\u00e9kp\u00e1ros szok\u00e1sainkon.","og_description":"Azzal, hogy megveszel egy felszerel\u00e9st, m\u00e9g nem leszel gyorsabb ker\u00e9kp\u00e1ros. Addig ne vegy\u00e9l karbon palacktart\u00f3t, am\u00edg el nem \u00e9red a [&hellip;]","og_url":"https:\/\/www.welovecycling.com\/hu\/kozosseg-es-kultura\/itt-a-tavasz-itt-az-ido-hogy-valtoztassunk-kerekparos-szokasainkon\/","og_site_name":"\u0160koda We Love Cycling - Magyarorsz\u00e1g","article_publisher":"https:\/\/www.facebook.com\/WeLoveCyclingHungary\/","article_published_time":"2019-04-23T07:00:08+00:00","og_image":[{"width":1366,"height":600,"url":"https:\/\/d2p6e6u75xmxt8.cloudfront.net\/12\/2019\/04\/Cycling-gear-profimedia-0295790172-CVR.jpg","type":"image\/jpeg"}],"author":"hegyizs","twitter_card":"summary_large_image","twitter_misc":{"Written by":"Christopher Ashley","Est. reading time":"7"},"schema":{"@context":"https:\/\/schema.org","@graph":[{"@type":"WebPage","@id":"https:\/\/www.welovecycling.com\/hu\/kozosseg-es-kultura\/itt-a-tavasz-itt-az-ido-hogy-valtoztassunk-kerekparos-szokasainkon\/","url":"https:\/\/www.welovecycling.com\/hu\/kozosseg-es-kultura\/itt-a-tavasz-itt-az-ido-hogy-valtoztassunk-kerekparos-szokasainkon\/","name":"Itt a tavasz! Itt az id\u0151, hogy v\u00e1ltoztassunk ker\u00e9kp\u00e1ros szok\u00e1sainkon. - \u0160koda We Love Cycling - Magyarorsz\u00e1g","isPartOf":{"@id":"https:\/\/www.welovecycling.com\/hu\/#website"},"primaryImageOfPage":{"@id":"https:\/\/www.welovecycling.com\/hu\/kozosseg-es-kultura\/itt-a-tavasz-itt-az-ido-hogy-valtoztassunk-kerekparos-szokasainkon\/#primaryimage"},"image":{"@id":"https:\/\/www.welovecycling.com\/hu\/kozosseg-es-kultura\/itt-a-tavasz-itt-az-ido-hogy-valtoztassunk-kerekparos-szokasainkon\/#primaryimage"},"thumbnailUrl":"https:\/\/d2p6e6u75xmxt8.cloudfront.net\/12\/2019\/04\/Cycling-gear-profimedia-0295790172-CVR.jpg","datePublished":"2019-04-23T07:00:08+00:00","author":{"@id":"https:\/\/www.welovecycling.com\/hu\/#\/schema\/person\/414a2aebf1801691a5320edb6468e194"},"breadcrumb":{"@id":"https:\/\/www.welovecycling.com\/hu\/kozosseg-es-kultura\/itt-a-tavasz-itt-az-ido-hogy-valtoztassunk-kerekparos-szokasainkon\/#breadcrumb"},"inLanguage":"hu","potentialAction":[{"@type":"ReadAction","target":["https:\/\/www.welovecycling.com\/hu\/kozosseg-es-kultura\/itt-a-tavasz-itt-az-ido-hogy-valtoztassunk-kerekparos-szokasainkon\/"]}]},{"@type":"ImageObject","inLanguage":"hu","@id":"https:\/\/www.welovecycling.com\/hu\/kozosseg-es-kultura\/itt-a-tavasz-itt-az-ido-hogy-valtoztassunk-kerekparos-szokasainkon\/#primaryimage","url":"https:\/\/d2p6e6u75xmxt8.cloudfront.net\/12\/2019\/04\/Cycling-gear-profimedia-0295790172-CVR.jpg","contentUrl":"https:\/\/d2p6e6u75xmxt8.cloudfront.net\/12\/2019\/04\/Cycling-gear-profimedia-0295790172-CVR.jpg","width":1366,"height":600,"caption":"\u00a9Profimedia"},{"@type":"BreadcrumbList","@id":"https:\/\/www.welovecycling.com\/hu\/kozosseg-es-kultura\/itt-a-tavasz-itt-az-ido-hogy-valtoztassunk-kerekparos-szokasainkon\/#breadcrumb","itemListElement":[{"@type":"ListItem","position":1,"name":"Home","item":"https:\/\/www.welovecycling.com\/hu\/"},{"@type":"ListItem","position":2,"name":"Itt a tavasz! Itt az id\u0151, hogy v\u00e1ltoztassunk ker\u00e9kp\u00e1ros szok\u00e1sainkon."}]},{"@type":"WebSite","@id":"https:\/\/www.welovecycling.com\/hu\/#website","url":"https:\/\/www.welovecycling.com\/hu\/","name":"\u0160koda We Love Cycling - Magyarorsz\u00e1g","description":"\u0160koda WeLoveCycling","potentialAction":[{"@type":"SearchAction","target":{"@type":"EntryPoint","urlTemplate":"https:\/\/www.welovecycling.com\/hu\/?s={search_term_string}"},"query-input":{"@type":"PropertyValueSpecification","valueRequired":true,"valueName":"search_term_string"}}],"inLanguage":"hu"},{"@type":"Person","@id":"https:\/\/www.welovecycling.com\/hu\/#\/schema\/person\/414a2aebf1801691a5320edb6468e194","name":"hegyizs","image":{"@type":"ImageObject","inLanguage":"hu","@id":"https:\/\/www.welovecycling.com\/hu\/#\/schema\/person\/image\/","url":"https:\/\/secure.gravatar.com\/avatar\/02cf8a7906b8cf90cecb4679defac7cfd33a1c2e3b88e4903d947f3bb58eedd3?s=96&d=mm&r=g","contentUrl":"https:\/\/secure.gravatar.com\/avatar\/02cf8a7906b8cf90cecb4679defac7cfd33a1c2e3b88e4903d947f3bb58eedd3?s=96&d=mm&r=g","caption":"hegyizs"},"url":"https:\/\/www.welovecycling.com\/hu\/author\/hegyizs\/"}]}},"_links":{"self":[{"href":"https:\/\/www.welovecycling.com\/hu\/wp-json\/wp\/v2\/posts\/3126","targetHints":{"allow":["GET"]}}],"collection":[{"href":"https:\/\/www.welovecycling.com\/hu\/wp-json\/wp\/v2\/posts"}],"about":[{"href":"https:\/\/www.welovecycling.com\/hu\/wp-json\/wp\/v2\/types\/post"}],"author":[{"embeddable":true,"href":"https:\/\/www.welovecycling.com\/hu\/wp-json\/wp\/v2\/users\/71"}],"replies":[{"embeddable":true,"href":"https:\/\/www.welovecycling.com\/hu\/wp-json\/wp\/v2\/comments?post=3126"}],"version-history":[{"count":1,"href":"https:\/\/www.welovecycling.com\/hu\/wp-json\/wp\/v2\/posts\/3126\/revisions"}],"predecessor-version":[{"id":3139,"href":"https:\/\/www.welovecycling.com\/hu\/wp-json\/wp\/v2\/posts\/3126\/revisions\/3139"}],"wp:featuredmedia":[{"embeddable":true,"href":"https:\/\/www.welovecycling.com\/hu\/wp-json\/wp\/v2\/media\/3131"}],"wp:attachment":[{"href":"https:\/\/www.welovecycling.com\/hu\/wp-json\/wp\/v2\/media?parent=3126"}],"wp:term":[{"taxonomy":"category","embeddable":true,"href":"https:\/\/www.welovecycling.com\/hu\/wp-json\/wp\/v2\/categories?post=3126"},{"taxonomy":"post_tag","embeddable":true,"href":"https:\/\/www.welovecycling.com\/hu\/wp-json\/wp\/v2\/tags?post=3126"},{"taxonomy":"global-categories","embeddable":true,"href":"https:\/\/www.welovecycling.com\/hu\/wp-json\/wp\/v2\/global-categories?post=3126"}],"curies":[{"name":"wp","href":"https:\/\/api.w.org\/{rel}","templated":true}]}}