{"id":3120,"date":"2019-04-24T08:00:25","date_gmt":"2019-04-24T07:00:25","guid":{"rendered":"https:\/\/www.welovecycling.com\/hu\/?p=3120"},"modified":"2019-04-18T11:55:18","modified_gmt":"2019-04-18T10:55:18","slug":"szexista-e-a-nemet-kormany-uj-bringas-biztonsagrol-szolo-kampanya","status":"publish","type":"post","link":"https:\/\/www.welovecycling.com\/hu\/kozosseg-es-kultura\/szexista-e-a-nemet-kormany-uj-bringas-biztonsagrol-szolo-kampanya\/","title":{"rendered":"Szexista-e a n\u00e9met korm\u00e1ny \u00faj, bring\u00e1s biztons\u00e1gr\u00f3l sz\u00f3l\u00f3 kamp\u00e1nya?"},"content":{"rendered":"<p><strong>\u201eSz@rul n\u00e9z ki, de megmenti az \u00e9letem\u201d \u2013 ez a sz\u00f3kimond\u00f3 szlogen bizony k\u00f6nnyen okozhat ellentmond\u00e1sos fogadtat\u00e1st, ha azt a k\u00f6zleked\u00e9si miniszt\u00e9rium haszn\u00e1lja. Azonban a hozz\u00e1 tartoz\u00f3 k\u00e9pek m\u00e9g jobban megosztj\u00e1k a n\u00e9met k\u00f6zv\u00e9lem\u00e9nyt.<\/strong><!--more--><\/p>\n<div class=\"embed-controller-wrapper\">\n<div class=\"embed-wrapper\"><iframe title=\"Helme! Retten! Leben!\" width=\"500\" height=\"281\" data-src=\"https:\/\/www.youtube.com\/embed\/hgYiQ7Rg_kE?feature=oembed\" frameborder=\"0\" allow=\"accelerometer; autoplay; clipboard-write; encrypted-media; gyroscope; picture-in-picture; web-share\" referrerpolicy=\"strict-origin-when-cross-origin\" allowfullscreen><\/iframe><\/div>\n<\/div>\n<p>Az egyik hirdet\u00e9sben Alicija K\u00f6hler k\u00e9pe szerepel profilb\u00f3l, aki a n\u00e9met Germany\u2019s Next Topmodel TV-m\u0171sor egyik versenyz\u0151je, \u00e9s lila sisakban, meg melltart\u00f3ban l\u00e1that\u00f3. Egy m\u00e1sik hirdet\u00e9sen egy szerelmesp\u00e1r l\u00e1that\u00f3 az \u00e1gyban fekve, fej\u00fck\u00f6n buk\u00f3sisakkal. Bizony, mindegyik \u201eolyan\u201d testhelyzetben. A korm\u00e1nyz\u00f3 koal\u00edci\u00f3 egyik p\u00e1rtj\u00e1nak, az SPD-nek tagjai szorgalmazt\u00e1k, hogy a k\u00f6zleked\u00e9si miniszter, Andreas Scheuer vessen v\u00e9get ennek.<\/p>\n<p>\u201eEz megal\u00e1z\u00f3, ostoba \u00e9s szexista a k\u00f6zleked\u00e9si miniszter r\u00e9sz\u00e9r\u0151l, hogy fedetlen testekkel akarja n\u00e9pszer\u0171s\u00edteni a politik\u00e1j\u00e1t\u201d &#8211; mondta az SPD n\u0151i sz\u00e1rny\u00e1nak vezet\u0151je, Maria Noichl, a Bild am Sonntagnak. A csal\u00e1d\u00fcgyi miniszter, Franziska Giffey (CSU) a k\u00f6vetkez\u0151 \u00fczenettel tett fel k\u00e9pet mag\u00e1r\u00f3l a Facebookra, ki\u00f6lt\u00f6z\u00f6tten p\u00f3zolva a biciklij\u00e9n: \u201eKedves Andreas Scheuer! Fel\u00f6lt\u00f6zve is remek\u00fcl \u00e1ll a sisak!\u201d<\/p>\n<p>https:\/\/www.facebook.com\/franziska.giffey\/posts\/1617248291745373<\/p>\n<p>Egy miniszt\u00e9riumi sz\u00f3viv\u0151 a k\u00f6vetkez\u0151ket mondva \u00e1llt ki a kamp\u00e1ny mellett: \u201eEgy sikeres k\u00f6zleked\u00e9si biztons\u00e1ggal kapcsolatos kamp\u00e1ny megh\u00f6kkenti az embereket \u00e9s megoszt\u00f3 lehet.\u201d<\/p>\n<p>A felh\u00e1borod\u00e1s ellen\u00e9re, a miniszt\u00e9rium ki\u00e1llt a kamp\u00e1ny mellett \u00e9s a plak\u00e1tok kiker\u00fcltek a hirdet\u0151fel\u00fcletekre m\u00e1rcius 26-\u00e1n, kedden. A g\u00fanykamp\u00e1ny m\u00e1r el is kezd\u0151d\u00f6tt a k\u00f6z\u00f6ss\u00e9gi m\u00e9dia oldalakon, a #lookslikes*** (#sz@ruln\u00e9zki) hashtag haszn\u00e1lat\u00e1val.<\/p>\n<p>Te mit gondolsz? Szerinted ez a hirdet\u00e9s val\u00f3ban szexista?<\/p>\n","protected":false},"excerpt":{"rendered":"<p>\u201eSz@rul n\u00e9z ki, de megmenti az \u00e9letem\u201d \u2013 ez a sz\u00f3kimond\u00f3 szlogen bizony k\u00f6nnyen okozhat ellentmond\u00e1sos fogadtat\u00e1st, ha azt a [&hellip;]<\/p>\n","protected":false},"author":71,"featured_media":3123,"comment_status":"open","ping_status":"open","sticky":false,"template":"","format":"standard","meta":{"footnotes":""},"categories":[12],"tags":[],"global-categories":[],"class_list":["post-3120","post","type-post","status-publish","format-standard","has-post-thumbnail","hentry","category-kozosseg-es-kultura"],"yoast_head":"<!-- This site is optimized with the Yoast SEO Premium plugin v25.3 (Yoast SEO v25.9) - https:\/\/yoast.com\/wordpress\/plugins\/seo\/ -->\n<title>Szexista-e a n\u00e9met korm\u00e1ny \u00faj, bring\u00e1s biztons\u00e1gr\u00f3l sz\u00f3l\u00f3 kamp\u00e1nya? - \u0160koda We Love Cycling - Magyarorsz\u00e1g<\/title>\n<meta name=\"robots\" content=\"index, follow, max-snippet:-1, max-image-preview:large, max-video-preview:-1\" \/>\n<link rel=\"canonical\" href=\"https:\/\/www.welovecycling.com\/hu\/kozosseg-es-kultura\/szexista-e-a-nemet-kormany-uj-bringas-biztonsagrol-szolo-kampanya\/\" \/>\n<meta property=\"og:locale\" content=\"hu_HU\" \/>\n<meta property=\"og:type\" content=\"article\" \/>\n<meta property=\"og:title\" content=\"Szexista-e a n\u00e9met korm\u00e1ny \u00faj, bring\u00e1s biztons\u00e1gr\u00f3l sz\u00f3l\u00f3 kamp\u00e1nya?\" \/>\n<meta property=\"og:description\" content=\"\u201eSz@rul n\u00e9z ki, de megmenti az \u00e9letem\u201d \u2013 ez a sz\u00f3kimond\u00f3 szlogen bizony k\u00f6nnyen okozhat ellentmond\u00e1sos fogadtat\u00e1st, ha azt a [&hellip;]\" \/>\n<meta property=\"og:url\" content=\"https:\/\/www.welovecycling.com\/hu\/kozosseg-es-kultura\/szexista-e-a-nemet-kormany-uj-bringas-biztonsagrol-szolo-kampanya\/\" \/>\n<meta property=\"og:site_name\" content=\"\u0160koda We Love Cycling - Magyarorsz\u00e1g\" \/>\n<meta property=\"article:publisher\" content=\"https:\/\/www.facebook.com\/WeLoveCyclingHungary\/\" \/>\n<meta property=\"article:published_time\" content=\"2019-04-24T07:00:25+00:00\" \/>\n<meta property=\"og:image\" content=\"https:\/\/d2p6e6u75xmxt8.cloudfront.net\/12\/2019\/04\/Looks-Like-S-CVR.jpg\" \/>\n\t<meta property=\"og:image:width\" content=\"1366\" \/>\n\t<meta property=\"og:image:height\" content=\"600\" \/>\n\t<meta property=\"og:image:type\" content=\"image\/jpeg\" \/>\n<meta name=\"author\" content=\"hegyizs\" \/>\n<meta name=\"twitter:card\" content=\"summary_large_image\" \/>\n<meta name=\"twitter:label1\" content=\"Written by\" \/>\n\t<meta name=\"twitter:data1\" content=\"Monica Buck\" \/>\n\t<meta name=\"twitter:label2\" content=\"Est. reading time\" \/>\n\t<meta name=\"twitter:data2\" content=\"3\" \/>\n<script type=\"application\/ld+json\" class=\"yoast-schema-graph\">{\"@context\":\"https:\/\/schema.org\",\"@graph\":[{\"@type\":\"WebPage\",\"@id\":\"https:\/\/www.welovecycling.com\/hu\/kozosseg-es-kultura\/szexista-e-a-nemet-kormany-uj-bringas-biztonsagrol-szolo-kampanya\/\",\"url\":\"https:\/\/www.welovecycling.com\/hu\/kozosseg-es-kultura\/szexista-e-a-nemet-kormany-uj-bringas-biztonsagrol-szolo-kampanya\/\",\"name\":\"Szexista-e a n\u00e9met korm\u00e1ny \u00faj, bring\u00e1s biztons\u00e1gr\u00f3l sz\u00f3l\u00f3 kamp\u00e1nya? - \u0160koda We Love Cycling - Magyarorsz\u00e1g\",\"isPartOf\":{\"@id\":\"https:\/\/www.welovecycling.com\/hu\/#website\"},\"primaryImageOfPage\":{\"@id\":\"https:\/\/www.welovecycling.com\/hu\/kozosseg-es-kultura\/szexista-e-a-nemet-kormany-uj-bringas-biztonsagrol-szolo-kampanya\/#primaryimage\"},\"image\":{\"@id\":\"https:\/\/www.welovecycling.com\/hu\/kozosseg-es-kultura\/szexista-e-a-nemet-kormany-uj-bringas-biztonsagrol-szolo-kampanya\/#primaryimage\"},\"thumbnailUrl\":\"https:\/\/d2p6e6u75xmxt8.cloudfront.net\/12\/2019\/04\/Looks-Like-S-CVR.jpg\",\"datePublished\":\"2019-04-24T07:00:25+00:00\",\"author\":{\"@id\":\"https:\/\/www.welovecycling.com\/hu\/#\/schema\/person\/414a2aebf1801691a5320edb6468e194\"},\"breadcrumb\":{\"@id\":\"https:\/\/www.welovecycling.com\/hu\/kozosseg-es-kultura\/szexista-e-a-nemet-kormany-uj-bringas-biztonsagrol-szolo-kampanya\/#breadcrumb\"},\"inLanguage\":\"hu\",\"potentialAction\":[{\"@type\":\"ReadAction\",\"target\":[\"https:\/\/www.welovecycling.com\/hu\/kozosseg-es-kultura\/szexista-e-a-nemet-kormany-uj-bringas-biztonsagrol-szolo-kampanya\/\"]}]},{\"@type\":\"ImageObject\",\"inLanguage\":\"hu\",\"@id\":\"https:\/\/www.welovecycling.com\/hu\/kozosseg-es-kultura\/szexista-e-a-nemet-kormany-uj-bringas-biztonsagrol-szolo-kampanya\/#primaryimage\",\"url\":\"https:\/\/d2p6e6u75xmxt8.cloudfront.net\/12\/2019\/04\/Looks-Like-S-CVR.jpg\",\"contentUrl\":\"https:\/\/d2p6e6u75xmxt8.cloudfront.net\/12\/2019\/04\/Looks-Like-S-CVR.jpg\",\"width\":1366,\"height\":600},{\"@type\":\"BreadcrumbList\",\"@id\":\"https:\/\/www.welovecycling.com\/hu\/kozosseg-es-kultura\/szexista-e-a-nemet-kormany-uj-bringas-biztonsagrol-szolo-kampanya\/#breadcrumb\",\"itemListElement\":[{\"@type\":\"ListItem\",\"position\":1,\"name\":\"Home\",\"item\":\"https:\/\/www.welovecycling.com\/hu\/\"},{\"@type\":\"ListItem\",\"position\":2,\"name\":\"Szexista-e a n\u00e9met korm\u00e1ny \u00faj, bring\u00e1s biztons\u00e1gr\u00f3l sz\u00f3l\u00f3 kamp\u00e1nya?\"}]},{\"@type\":\"WebSite\",\"@id\":\"https:\/\/www.welovecycling.com\/hu\/#website\",\"url\":\"https:\/\/www.welovecycling.com\/hu\/\",\"name\":\"\u0160koda We Love Cycling - Magyarorsz\u00e1g\",\"description\":\"\u0160koda WeLoveCycling\",\"potentialAction\":[{\"@type\":\"SearchAction\",\"target\":{\"@type\":\"EntryPoint\",\"urlTemplate\":\"https:\/\/www.welovecycling.com\/hu\/?s={search_term_string}\"},\"query-input\":{\"@type\":\"PropertyValueSpecification\",\"valueRequired\":true,\"valueName\":\"search_term_string\"}}],\"inLanguage\":\"hu\"},{\"@type\":\"Person\",\"@id\":\"https:\/\/www.welovecycling.com\/hu\/#\/schema\/person\/414a2aebf1801691a5320edb6468e194\",\"name\":\"hegyizs\",\"image\":{\"@type\":\"ImageObject\",\"inLanguage\":\"hu\",\"@id\":\"https:\/\/www.welovecycling.com\/hu\/#\/schema\/person\/image\/\",\"url\":\"https:\/\/secure.gravatar.com\/avatar\/02cf8a7906b8cf90cecb4679defac7cfd33a1c2e3b88e4903d947f3bb58eedd3?s=96&d=mm&r=g\",\"contentUrl\":\"https:\/\/secure.gravatar.com\/avatar\/02cf8a7906b8cf90cecb4679defac7cfd33a1c2e3b88e4903d947f3bb58eedd3?s=96&d=mm&r=g\",\"caption\":\"hegyizs\"},\"url\":\"https:\/\/www.welovecycling.com\/hu\/author\/hegyizs\/\"}]}<\/script>\n<!-- \/ Yoast SEO Premium plugin. -->","yoast_head_json":{"title":"Szexista-e a n\u00e9met korm\u00e1ny \u00faj, bring\u00e1s biztons\u00e1gr\u00f3l sz\u00f3l\u00f3 kamp\u00e1nya? - \u0160koda We Love Cycling - Magyarorsz\u00e1g","robots":{"index":"index","follow":"follow","max-snippet":"max-snippet:-1","max-image-preview":"max-image-preview:large","max-video-preview":"max-video-preview:-1"},"canonical":"https:\/\/www.welovecycling.com\/hu\/kozosseg-es-kultura\/szexista-e-a-nemet-kormany-uj-bringas-biztonsagrol-szolo-kampanya\/","og_locale":"hu_HU","og_type":"article","og_title":"Szexista-e a n\u00e9met korm\u00e1ny \u00faj, bring\u00e1s biztons\u00e1gr\u00f3l sz\u00f3l\u00f3 kamp\u00e1nya?","og_description":"\u201eSz@rul n\u00e9z ki, de megmenti az \u00e9letem\u201d \u2013 ez a sz\u00f3kimond\u00f3 szlogen bizony k\u00f6nnyen okozhat ellentmond\u00e1sos fogadtat\u00e1st, ha azt a [&hellip;]","og_url":"https:\/\/www.welovecycling.com\/hu\/kozosseg-es-kultura\/szexista-e-a-nemet-kormany-uj-bringas-biztonsagrol-szolo-kampanya\/","og_site_name":"\u0160koda We Love Cycling - Magyarorsz\u00e1g","article_publisher":"https:\/\/www.facebook.com\/WeLoveCyclingHungary\/","article_published_time":"2019-04-24T07:00:25+00:00","og_image":[{"width":1366,"height":600,"url":"https:\/\/d2p6e6u75xmxt8.cloudfront.net\/12\/2019\/04\/Looks-Like-S-CVR.jpg","type":"image\/jpeg"}],"author":"hegyizs","twitter_card":"summary_large_image","twitter_misc":{"Written by":"Monica Buck","Est. reading time":"3"},"schema":{"@context":"https:\/\/schema.org","@graph":[{"@type":"WebPage","@id":"https:\/\/www.welovecycling.com\/hu\/kozosseg-es-kultura\/szexista-e-a-nemet-kormany-uj-bringas-biztonsagrol-szolo-kampanya\/","url":"https:\/\/www.welovecycling.com\/hu\/kozosseg-es-kultura\/szexista-e-a-nemet-kormany-uj-bringas-biztonsagrol-szolo-kampanya\/","name":"Szexista-e a n\u00e9met korm\u00e1ny \u00faj, bring\u00e1s biztons\u00e1gr\u00f3l sz\u00f3l\u00f3 kamp\u00e1nya? - \u0160koda We Love Cycling - Magyarorsz\u00e1g","isPartOf":{"@id":"https:\/\/www.welovecycling.com\/hu\/#website"},"primaryImageOfPage":{"@id":"https:\/\/www.welovecycling.com\/hu\/kozosseg-es-kultura\/szexista-e-a-nemet-kormany-uj-bringas-biztonsagrol-szolo-kampanya\/#primaryimage"},"image":{"@id":"https:\/\/www.welovecycling.com\/hu\/kozosseg-es-kultura\/szexista-e-a-nemet-kormany-uj-bringas-biztonsagrol-szolo-kampanya\/#primaryimage"},"thumbnailUrl":"https:\/\/d2p6e6u75xmxt8.cloudfront.net\/12\/2019\/04\/Looks-Like-S-CVR.jpg","datePublished":"2019-04-24T07:00:25+00:00","author":{"@id":"https:\/\/www.welovecycling.com\/hu\/#\/schema\/person\/414a2aebf1801691a5320edb6468e194"},"breadcrumb":{"@id":"https:\/\/www.welovecycling.com\/hu\/kozosseg-es-kultura\/szexista-e-a-nemet-kormany-uj-bringas-biztonsagrol-szolo-kampanya\/#breadcrumb"},"inLanguage":"hu","potentialAction":[{"@type":"ReadAction","target":["https:\/\/www.welovecycling.com\/hu\/kozosseg-es-kultura\/szexista-e-a-nemet-kormany-uj-bringas-biztonsagrol-szolo-kampanya\/"]}]},{"@type":"ImageObject","inLanguage":"hu","@id":"https:\/\/www.welovecycling.com\/hu\/kozosseg-es-kultura\/szexista-e-a-nemet-kormany-uj-bringas-biztonsagrol-szolo-kampanya\/#primaryimage","url":"https:\/\/d2p6e6u75xmxt8.cloudfront.net\/12\/2019\/04\/Looks-Like-S-CVR.jpg","contentUrl":"https:\/\/d2p6e6u75xmxt8.cloudfront.net\/12\/2019\/04\/Looks-Like-S-CVR.jpg","width":1366,"height":600},{"@type":"BreadcrumbList","@id":"https:\/\/www.welovecycling.com\/hu\/kozosseg-es-kultura\/szexista-e-a-nemet-kormany-uj-bringas-biztonsagrol-szolo-kampanya\/#breadcrumb","itemListElement":[{"@type":"ListItem","position":1,"name":"Home","item":"https:\/\/www.welovecycling.com\/hu\/"},{"@type":"ListItem","position":2,"name":"Szexista-e a n\u00e9met korm\u00e1ny \u00faj, bring\u00e1s biztons\u00e1gr\u00f3l sz\u00f3l\u00f3 kamp\u00e1nya?"}]},{"@type":"WebSite","@id":"https:\/\/www.welovecycling.com\/hu\/#website","url":"https:\/\/www.welovecycling.com\/hu\/","name":"\u0160koda We Love Cycling - Magyarorsz\u00e1g","description":"\u0160koda WeLoveCycling","potentialAction":[{"@type":"SearchAction","target":{"@type":"EntryPoint","urlTemplate":"https:\/\/www.welovecycling.com\/hu\/?s={search_term_string}"},"query-input":{"@type":"PropertyValueSpecification","valueRequired":true,"valueName":"search_term_string"}}],"inLanguage":"hu"},{"@type":"Person","@id":"https:\/\/www.welovecycling.com\/hu\/#\/schema\/person\/414a2aebf1801691a5320edb6468e194","name":"hegyizs","image":{"@type":"ImageObject","inLanguage":"hu","@id":"https:\/\/www.welovecycling.com\/hu\/#\/schema\/person\/image\/","url":"https:\/\/secure.gravatar.com\/avatar\/02cf8a7906b8cf90cecb4679defac7cfd33a1c2e3b88e4903d947f3bb58eedd3?s=96&d=mm&r=g","contentUrl":"https:\/\/secure.gravatar.com\/avatar\/02cf8a7906b8cf90cecb4679defac7cfd33a1c2e3b88e4903d947f3bb58eedd3?s=96&d=mm&r=g","caption":"hegyizs"},"url":"https:\/\/www.welovecycling.com\/hu\/author\/hegyizs\/"}]}},"_links":{"self":[{"href":"https:\/\/www.welovecycling.com\/hu\/wp-json\/wp\/v2\/posts\/3120","targetHints":{"allow":["GET"]}}],"collection":[{"href":"https:\/\/www.welovecycling.com\/hu\/wp-json\/wp\/v2\/posts"}],"about":[{"href":"https:\/\/www.welovecycling.com\/hu\/wp-json\/wp\/v2\/types\/post"}],"author":[{"embeddable":true,"href":"https:\/\/www.welovecycling.com\/hu\/wp-json\/wp\/v2\/users\/71"}],"replies":[{"embeddable":true,"href":"https:\/\/www.welovecycling.com\/hu\/wp-json\/wp\/v2\/comments?post=3120"}],"version-history":[{"count":1,"href":"https:\/\/www.welovecycling.com\/hu\/wp-json\/wp\/v2\/posts\/3120\/revisions"}],"predecessor-version":[{"id":3125,"href":"https:\/\/www.welovecycling.com\/hu\/wp-json\/wp\/v2\/posts\/3120\/revisions\/3125"}],"wp:featuredmedia":[{"embeddable":true,"href":"https:\/\/www.welovecycling.com\/hu\/wp-json\/wp\/v2\/media\/3123"}],"wp:attachment":[{"href":"https:\/\/www.welovecycling.com\/hu\/wp-json\/wp\/v2\/media?parent=3120"}],"wp:term":[{"taxonomy":"category","embeddable":true,"href":"https:\/\/www.welovecycling.com\/hu\/wp-json\/wp\/v2\/categories?post=3120"},{"taxonomy":"post_tag","embeddable":true,"href":"https:\/\/www.welovecycling.com\/hu\/wp-json\/wp\/v2\/tags?post=3120"},{"taxonomy":"global-categories","embeddable":true,"href":"https:\/\/www.welovecycling.com\/hu\/wp-json\/wp\/v2\/global-categories?post=3120"}],"curies":[{"name":"wp","href":"https:\/\/api.w.org\/{rel}","templated":true}]}}