{"id":3105,"date":"2019-04-21T08:00:47","date_gmt":"2019-04-21T07:00:47","guid":{"rendered":"https:\/\/www.welovecycling.com\/hu\/?p=3105"},"modified":"2019-04-11T14:17:38","modified_gmt":"2019-04-11T13:17:38","slug":"tudod-ki-a-leggyorsabb-41-bringas-rekord-amit-nem-hiszel-el","status":"publish","type":"post","link":"https:\/\/www.welovecycling.com\/hu\/adrenalin\/tudod-ki-a-leggyorsabb-41-bringas-rekord-amit-nem-hiszel-el\/","title":{"rendered":"Tudod ki a leggyorsabb? &#8211; 4+1 bring\u00e1s rekord, amit nem hiszel el"},"content":{"rendered":"<p><strong>A bring\u00e1s verseng\u00e9s val\u00f3sz\u00edn\u0171leg akkor indult, amikor elk\u00e9sz\u00fclt a m\u00e1sodik bringa. Sebess\u00e9g, t\u00e1vols\u00e1g, szintk\u00fcl\u00f6nbs\u00e9g, tulajdonk\u00e9ppen mindegy, mindig van valaki, aki t\u00fal akarja licit\u00e1lni a m\u00e1sikat. A sportban a verseng\u00e9s ahhoz vezet, hogy az ember \u00e9s a g\u00e9p teljes\u00edtm\u00e9nye is egyre n\u0151, \u00e9s \u00a0addig elk\u00e9pzelhetetlennek hitt rekordok d\u0151lnek meg. Az els\u0151 bring\u00e1s sebess\u00e9grekord 1899-ben m\u00e9g \u00e9pp csak el\u00e9rte a 100 km\/\u00f3r\u00e1t, ma pedig 295-n\u00e9l \u00e1ll m\u0171szer.<\/strong><!--more--><\/p>\n<h2><strong>1. A leggyorsabb teker\u00e9s<\/strong><\/h2>\n<p>Ha gyorsan akarunk menni, a legkomolyabb akad\u00e1ly a l\u00e9gellen\u00e1ll\u00e1s, \u00edgy az abszol\u00fat sebess\u00e9grekordok fel\u00e1ll\u00edt\u00e1s\u00e1hoz ezt egyszer\u0171en megsz\u00fcntetik: a bring\u00e1s egy versenyaut\u00f3 m\u00f6g\u00e9 \u00e9p\u00edtett nyitott, s\u00e1tor-szer\u0171 fel\u00e9p\u00edtm\u00e9ny m\u00f6g\u00f6tt teker. A fel\u00e9p\u00edtm\u00e9ny m\u00f6g\u00f6tt l\u00e9trej\u00f6n egy alacsonyabb nyom\u00e1s\u00fa k\u00f6zeg, ahol m\u00e1r csak az \u00e1tt\u00e9telen \u00e9s a bring\u00e1s er\u0151nl\u00e9t\u00e9n m\u00falik a siker. Denise Mueller-Korenek 2018 szeptember\u00e9ben, a Bonneville s\u00f3st\u00f3 kisz\u00e1radt medr\u00e9ben 295,9 km\/\u00f3r\u00e1val tekert. A direkt erre a c\u00e9lra \u00e9p\u00edtett bring\u00e1n k\u00e9t \u00e1tt\u00e9tel volt, \u00edgy miut\u00e1n leoldott a vontat\u00f3k\u00f6t\u00e9l, ki tudta tekerni a temp\u00f3t. Nem lehet eleget hangs\u00falyozni: egy biciklin, majdnem 300-zal.<\/p>\n<lite-youtube videoid=A6y_G_DJAzM params=\"enablejsapi=1\" style=\"background-image: url('https:\/\/i.ytimg.com\/vi_webp\/A6y_G_DJAzM\/maxresdefault.webp');\"><\/lite-youtube>\n<h2><strong>2. A legnagyobb t\u00e1v egy \u00f3ra alatt<\/strong><\/h2>\n<p>Nincs kegyetlenebb ellenf\u00e9l, mint a stopper, hiszen mindegy, mennyire er\u0151lteti meg mag\u00e1t a sportol\u00f3, a m\u00e1sodpercek ugyanolyan szenvtelen\u00fcl p\u00f6r\u00f6gnek. Sir Bradley Wiggins 2015 j\u00fanius\u00e1ban 54,5 kilom\u00e9tert tekert 60 perc alatt, ami felfoghatatlan. A rekord egy velodromban, azaz d\u00f6nt\u00f6tt kanyarokkal rendelkez\u0151 ov\u00e1lp\u00e1ly\u00e1n j\u00f6tt \u00f6ssze, ami nem ismeretlen Wiggins sz\u00e1m\u00e1ra: h\u00e1romszoros olimpiai, \u00e9s hatszoros vil\u00e1gbajnok p\u00e1lyaker\u00e9kp\u00e1ros szak\u00e1gban. Rekordja mindm\u00e1ig megd\u00f6ntetlen, mivel a felszerel\u00e9sre vonatkoz\u00f3 megv\u00e1ltoztatott szab\u00e1lyoz\u00e1s nehez\u00edti az aspir\u00e1nsok dolg\u00e1t.<\/p>\n<lite-youtube videoid=0XgL3ByqBVo params=\"enablejsapi=1\" style=\"background-image: url('https:\/\/i.ytimg.com\/vi_webp\/0XgL3ByqBVo\/maxresdefault.webp');\"><\/lite-youtube>\n<h2><strong>3. A leggyorsabb gurul\u00e1s<\/strong><\/h2>\n<p>Igen, gurulni mindenki tud, de ett\u0151l m\u00e9g k\u00f6zel sem lebecs\u00fclend\u0151, ha valaki 200 feletti temp\u00f3t \u00e9r el egy lejt\u0151n. Ebben a kateg\u00f3ri\u00e1ban a francia Eric Barone a cs\u00facstart\u00f3, aki r\u00e1ad\u00e1sul havon v\u00e1llalta be a 227 km\/\u00f3r\u00e1t. Barone ezt 2017-ben, 56 \u00e9vesen hozta \u00f6ssze, b\u00e1r kor\u00e1bban sem \u00e1llt t\u0151le t\u00e1vol a kock\u00e1zatv\u00e1llal\u00e1s: fiatalon Van Damme \u00e9s Stallone dubl\u0151re is volt akci\u00f3filmekben. A sikeres gurul\u00e1shoz egy erre a sebess\u00e9gre kihegyezett, rendk\u00edv\u00fcl \u00e1ramvonalas bringa \u00e9s egy szint\u00e9n kis l\u00e9gellen\u00e1ll\u00e1st biztos\u00edt\u00f3 ruha kellett. \u00c9rdekes, hogy Markus St\u00f6ckl 2007-ben 210-es temp\u00f3t \u00e9rt el egy s\u00edp\u00e1ly\u00e1n, viszont nem c\u00e9lg\u00e9ppel, hanem egy b\u00e1rki sz\u00e1m\u00e1ra megvehet\u0151, sz\u00e9ria downhill bring\u00e1val, igaz, \u0151 is aerodinamikus ruh\u00e1t h\u00fazott.<\/p>\n<lite-youtube videoid=7gBqbNUtr3c params=\"enablejsapi=1\" style=\"background-image: url('https:\/\/i.ytimg.com\/vi_webp\/7gBqbNUtr3c\/maxresdefault.webp');\"><\/lite-youtube>\n<h2><strong>4. A legnagyobb szintk\u00fcl\u00f6nbs\u00e9g<\/strong><\/h2>\n<p>Ami\u00f3ta terjednek a Strav\u00e1hoz hasonl\u00f3 k\u00f6vet\u0151 appok, n\u00e9pszer\u0171 az <em>everesting<\/em>, vagyis az, amikor egy bring\u00e1s kin\u00e9z egy hegyet, \u00e9s annyiszor teker fel r\u00e1, hogy meglegyen a Mount Everest magass\u00e1ga. Ebben a kateg\u00f3ri\u00e1ban is l\u00e9tezik rekord, b\u00e1r valamivel t\u00f6bb, mint a legmagasabb hegycs\u00facs magass\u00e1ga: 29,623 m\u00e9ter, \u00e9s mind\u00f6ssze 48 \u00f3ra alatt. Craig Cannonhoz f\u0171z\u0151dik az emberfeletti teljes\u00edtm\u00e9ny, aki 2015 augusztus 7-e \u00e9s 9-e k\u00f6z\u00f6tt \u00e1ll\u00edtotta fel a rekordot. Vagyis h\u00e1romszor nyomta le az Everestet.<\/p>\n<h2><strong>+1 A legnagyobb t\u00e1vols\u00e1g v\u00edz alatt<\/strong><\/h2>\n<p>Nem tudjuk, mi\u00e9rt l\u00e9tezik ez a kateg\u00f3ria, de nem is l\u00e9nyeg. Sokkal \u00e9rdekesebbek lehetnek a keletkez\u00e9s k\u00f6r\u00fclm\u00e9nyei, v\u00e9lhet\u0151en sok tudatm\u00f3dos\u00edt\u00f3 j\u00e1tszott szerepet. Ak\u00e1rhogy is: Jans St\u00f6tzner 6,7 kilom\u00e9tert tekert egy medence alj\u00e1n. A biciklinek messze nem term\u00e9szetes k\u00f6zege a v\u00edz, ez\u00e9rt terel\u0151lapokat szereltek r\u00e1, hogy k\u00f6nnyebben a medence alj\u00e1n maradjon, ezen fel\u00fcl m\u00e1r csak b\u00fav\u00e1rfelszerel\u00e9s kellett. A rekord 2013 \u00f3ta \u00e1ll, de sz\u00edvb\u0151l rem\u00e9lem, hogy valaki mihamarabb megd\u00f6nti, m\u00e1r att\u00f3l jobb hely a vil\u00e1g, hogy ilyenek t\u00f6rt\u00e9nnek.<\/p>\n<lite-youtube videoid=emyD_eGuVYk params=\"enablejsapi=1\" style=\"background-image: url('https:\/\/i.ytimg.com\/vi_webp\/emyD_eGuVYk\/maxresdefault.webp');\"><\/lite-youtube>\n","protected":false},"excerpt":{"rendered":"<p>A bring\u00e1s verseng\u00e9s val\u00f3sz\u00edn\u0171leg akkor indult, amikor elk\u00e9sz\u00fclt a m\u00e1sodik bringa. Sebess\u00e9g, t\u00e1vols\u00e1g, szintk\u00fcl\u00f6nbs\u00e9g, tulajdonk\u00e9ppen mindegy, mindig van valaki, aki [&hellip;]<\/p>\n","protected":false},"author":71,"featured_media":3107,"comment_status":"open","ping_status":"open","sticky":false,"template":"","format":"standard","meta":{"footnotes":""},"categories":[5],"tags":[],"global-categories":[],"class_list":["post-3105","post","type-post","status-publish","format-standard","has-post-thumbnail","hentry","category-adrenalin"],"yoast_head":"<!-- This site is optimized with the Yoast SEO Premium plugin v25.3 (Yoast SEO v25.9) - https:\/\/yoast.com\/wordpress\/plugins\/seo\/ -->\n<title>Tudod ki a leggyorsabb? - 4+1 bring\u00e1s rekord, amit nem hiszel el - \u0160koda We Love Cycling - Magyarorsz\u00e1g<\/title>\n<meta name=\"robots\" content=\"index, follow, max-snippet:-1, max-image-preview:large, max-video-preview:-1\" \/>\n<link rel=\"canonical\" href=\"https:\/\/www.welovecycling.com\/hu\/adrenalin\/tudod-ki-a-leggyorsabb-41-bringas-rekord-amit-nem-hiszel-el\/\" \/>\n<meta property=\"og:locale\" content=\"hu_HU\" \/>\n<meta property=\"og:type\" content=\"article\" \/>\n<meta property=\"og:title\" content=\"Tudod ki a leggyorsabb? - 4+1 bring\u00e1s rekord, amit nem hiszel el\" \/>\n<meta property=\"og:description\" content=\"A bring\u00e1s verseng\u00e9s val\u00f3sz\u00edn\u0171leg akkor indult, amikor elk\u00e9sz\u00fclt a m\u00e1sodik bringa. Sebess\u00e9g, t\u00e1vols\u00e1g, szintk\u00fcl\u00f6nbs\u00e9g, tulajdonk\u00e9ppen mindegy, mindig van valaki, aki [&hellip;]\" \/>\n<meta property=\"og:url\" content=\"https:\/\/www.welovecycling.com\/hu\/adrenalin\/tudod-ki-a-leggyorsabb-41-bringas-rekord-amit-nem-hiszel-el\/\" \/>\n<meta property=\"og:site_name\" content=\"\u0160koda We Love Cycling - Magyarorsz\u00e1g\" \/>\n<meta property=\"article:publisher\" content=\"https:\/\/www.facebook.com\/WeLoveCyclingHungary\/\" \/>\n<meta property=\"article:published_time\" content=\"2019-04-21T07:00:47+00:00\" \/>\n<meta property=\"og:image\" content=\"https:\/\/d2p6e6u75xmxt8.cloudfront.net\/12\/2019\/04\/1_6fyWJ15fgT0jk5u3l09toA.png\" \/>\n\t<meta property=\"og:image:width\" content=\"1080\" \/>\n\t<meta property=\"og:image:height\" content=\"619\" \/>\n\t<meta property=\"og:image:type\" content=\"image\/png\" \/>\n<meta name=\"author\" content=\"hegyizs\" \/>\n<meta name=\"twitter:card\" content=\"summary_large_image\" \/>\n<meta name=\"twitter:label1\" content=\"Written by\" \/>\n\t<meta name=\"twitter:data1\" content=\"WLC\" \/>\n\t<meta name=\"twitter:label2\" content=\"Est. reading time\" \/>\n\t<meta name=\"twitter:data2\" content=\"4 minutes\" \/>\n<script type=\"application\/ld+json\" class=\"yoast-schema-graph\">{\"@context\":\"https:\/\/schema.org\",\"@graph\":[{\"@type\":\"WebPage\",\"@id\":\"https:\/\/www.welovecycling.com\/hu\/adrenalin\/tudod-ki-a-leggyorsabb-41-bringas-rekord-amit-nem-hiszel-el\/\",\"url\":\"https:\/\/www.welovecycling.com\/hu\/adrenalin\/tudod-ki-a-leggyorsabb-41-bringas-rekord-amit-nem-hiszel-el\/\",\"name\":\"Tudod ki a leggyorsabb? - 4+1 bring\u00e1s rekord, amit nem hiszel el - \u0160koda We Love Cycling - Magyarorsz\u00e1g\",\"isPartOf\":{\"@id\":\"https:\/\/www.welovecycling.com\/hu\/#website\"},\"primaryImageOfPage\":{\"@id\":\"https:\/\/www.welovecycling.com\/hu\/adrenalin\/tudod-ki-a-leggyorsabb-41-bringas-rekord-amit-nem-hiszel-el\/#primaryimage\"},\"image\":{\"@id\":\"https:\/\/www.welovecycling.com\/hu\/adrenalin\/tudod-ki-a-leggyorsabb-41-bringas-rekord-amit-nem-hiszel-el\/#primaryimage\"},\"thumbnailUrl\":\"https:\/\/d2p6e6u75xmxt8.cloudfront.net\/12\/2019\/04\/1_6fyWJ15fgT0jk5u3l09toA.png\",\"datePublished\":\"2019-04-21T07:00:47+00:00\",\"author\":{\"@id\":\"https:\/\/www.welovecycling.com\/hu\/#\/schema\/person\/414a2aebf1801691a5320edb6468e194\"},\"breadcrumb\":{\"@id\":\"https:\/\/www.welovecycling.com\/hu\/adrenalin\/tudod-ki-a-leggyorsabb-41-bringas-rekord-amit-nem-hiszel-el\/#breadcrumb\"},\"inLanguage\":\"hu\",\"potentialAction\":[{\"@type\":\"ReadAction\",\"target\":[\"https:\/\/www.welovecycling.com\/hu\/adrenalin\/tudod-ki-a-leggyorsabb-41-bringas-rekord-amit-nem-hiszel-el\/\"]}]},{\"@type\":\"ImageObject\",\"inLanguage\":\"hu\",\"@id\":\"https:\/\/www.welovecycling.com\/hu\/adrenalin\/tudod-ki-a-leggyorsabb-41-bringas-rekord-amit-nem-hiszel-el\/#primaryimage\",\"url\":\"https:\/\/d2p6e6u75xmxt8.cloudfront.net\/12\/2019\/04\/1_6fyWJ15fgT0jk5u3l09toA.png\",\"contentUrl\":\"https:\/\/d2p6e6u75xmxt8.cloudfront.net\/12\/2019\/04\/1_6fyWJ15fgT0jk5u3l09toA.png\",\"width\":1080,\"height\":619},{\"@type\":\"BreadcrumbList\",\"@id\":\"https:\/\/www.welovecycling.com\/hu\/adrenalin\/tudod-ki-a-leggyorsabb-41-bringas-rekord-amit-nem-hiszel-el\/#breadcrumb\",\"itemListElement\":[{\"@type\":\"ListItem\",\"position\":1,\"name\":\"Home\",\"item\":\"https:\/\/www.welovecycling.com\/hu\/\"},{\"@type\":\"ListItem\",\"position\":2,\"name\":\"Tudod ki a leggyorsabb? &#8211; 4+1 bring\u00e1s rekord, amit nem hiszel el\"}]},{\"@type\":\"WebSite\",\"@id\":\"https:\/\/www.welovecycling.com\/hu\/#website\",\"url\":\"https:\/\/www.welovecycling.com\/hu\/\",\"name\":\"\u0160koda We Love Cycling - Magyarorsz\u00e1g\",\"description\":\"\u0160koda WeLoveCycling\",\"potentialAction\":[{\"@type\":\"SearchAction\",\"target\":{\"@type\":\"EntryPoint\",\"urlTemplate\":\"https:\/\/www.welovecycling.com\/hu\/?s={search_term_string}\"},\"query-input\":{\"@type\":\"PropertyValueSpecification\",\"valueRequired\":true,\"valueName\":\"search_term_string\"}}],\"inLanguage\":\"hu\"},{\"@type\":\"Person\",\"@id\":\"https:\/\/www.welovecycling.com\/hu\/#\/schema\/person\/414a2aebf1801691a5320edb6468e194\",\"name\":\"hegyizs\",\"image\":{\"@type\":\"ImageObject\",\"inLanguage\":\"hu\",\"@id\":\"https:\/\/www.welovecycling.com\/hu\/#\/schema\/person\/image\/\",\"url\":\"https:\/\/secure.gravatar.com\/avatar\/02cf8a7906b8cf90cecb4679defac7cfd33a1c2e3b88e4903d947f3bb58eedd3?s=96&d=mm&r=g\",\"contentUrl\":\"https:\/\/secure.gravatar.com\/avatar\/02cf8a7906b8cf90cecb4679defac7cfd33a1c2e3b88e4903d947f3bb58eedd3?s=96&d=mm&r=g\",\"caption\":\"hegyizs\"},\"url\":\"https:\/\/www.welovecycling.com\/hu\/author\/hegyizs\/\"}]}<\/script>\n<!-- \/ Yoast SEO Premium plugin. -->","yoast_head_json":{"title":"Tudod ki a leggyorsabb? - 4+1 bring\u00e1s rekord, amit nem hiszel el - \u0160koda We Love Cycling - Magyarorsz\u00e1g","robots":{"index":"index","follow":"follow","max-snippet":"max-snippet:-1","max-image-preview":"max-image-preview:large","max-video-preview":"max-video-preview:-1"},"canonical":"https:\/\/www.welovecycling.com\/hu\/adrenalin\/tudod-ki-a-leggyorsabb-41-bringas-rekord-amit-nem-hiszel-el\/","og_locale":"hu_HU","og_type":"article","og_title":"Tudod ki a leggyorsabb? - 4+1 bring\u00e1s rekord, amit nem hiszel el","og_description":"A bring\u00e1s verseng\u00e9s val\u00f3sz\u00edn\u0171leg akkor indult, amikor elk\u00e9sz\u00fclt a m\u00e1sodik bringa. Sebess\u00e9g, t\u00e1vols\u00e1g, szintk\u00fcl\u00f6nbs\u00e9g, tulajdonk\u00e9ppen mindegy, mindig van valaki, aki [&hellip;]","og_url":"https:\/\/www.welovecycling.com\/hu\/adrenalin\/tudod-ki-a-leggyorsabb-41-bringas-rekord-amit-nem-hiszel-el\/","og_site_name":"\u0160koda We Love Cycling - Magyarorsz\u00e1g","article_publisher":"https:\/\/www.facebook.com\/WeLoveCyclingHungary\/","article_published_time":"2019-04-21T07:00:47+00:00","og_image":[{"width":1080,"height":619,"url":"https:\/\/d2p6e6u75xmxt8.cloudfront.net\/12\/2019\/04\/1_6fyWJ15fgT0jk5u3l09toA.png","type":"image\/png"}],"author":"hegyizs","twitter_card":"summary_large_image","twitter_misc":{"Written by":"WLC","Est. reading time":"4 minutes"},"schema":{"@context":"https:\/\/schema.org","@graph":[{"@type":"WebPage","@id":"https:\/\/www.welovecycling.com\/hu\/adrenalin\/tudod-ki-a-leggyorsabb-41-bringas-rekord-amit-nem-hiszel-el\/","url":"https:\/\/www.welovecycling.com\/hu\/adrenalin\/tudod-ki-a-leggyorsabb-41-bringas-rekord-amit-nem-hiszel-el\/","name":"Tudod ki a leggyorsabb? - 4+1 bring\u00e1s rekord, amit nem hiszel el - \u0160koda We Love Cycling - Magyarorsz\u00e1g","isPartOf":{"@id":"https:\/\/www.welovecycling.com\/hu\/#website"},"primaryImageOfPage":{"@id":"https:\/\/www.welovecycling.com\/hu\/adrenalin\/tudod-ki-a-leggyorsabb-41-bringas-rekord-amit-nem-hiszel-el\/#primaryimage"},"image":{"@id":"https:\/\/www.welovecycling.com\/hu\/adrenalin\/tudod-ki-a-leggyorsabb-41-bringas-rekord-amit-nem-hiszel-el\/#primaryimage"},"thumbnailUrl":"https:\/\/d2p6e6u75xmxt8.cloudfront.net\/12\/2019\/04\/1_6fyWJ15fgT0jk5u3l09toA.png","datePublished":"2019-04-21T07:00:47+00:00","author":{"@id":"https:\/\/www.welovecycling.com\/hu\/#\/schema\/person\/414a2aebf1801691a5320edb6468e194"},"breadcrumb":{"@id":"https:\/\/www.welovecycling.com\/hu\/adrenalin\/tudod-ki-a-leggyorsabb-41-bringas-rekord-amit-nem-hiszel-el\/#breadcrumb"},"inLanguage":"hu","potentialAction":[{"@type":"ReadAction","target":["https:\/\/www.welovecycling.com\/hu\/adrenalin\/tudod-ki-a-leggyorsabb-41-bringas-rekord-amit-nem-hiszel-el\/"]}]},{"@type":"ImageObject","inLanguage":"hu","@id":"https:\/\/www.welovecycling.com\/hu\/adrenalin\/tudod-ki-a-leggyorsabb-41-bringas-rekord-amit-nem-hiszel-el\/#primaryimage","url":"https:\/\/d2p6e6u75xmxt8.cloudfront.net\/12\/2019\/04\/1_6fyWJ15fgT0jk5u3l09toA.png","contentUrl":"https:\/\/d2p6e6u75xmxt8.cloudfront.net\/12\/2019\/04\/1_6fyWJ15fgT0jk5u3l09toA.png","width":1080,"height":619},{"@type":"BreadcrumbList","@id":"https:\/\/www.welovecycling.com\/hu\/adrenalin\/tudod-ki-a-leggyorsabb-41-bringas-rekord-amit-nem-hiszel-el\/#breadcrumb","itemListElement":[{"@type":"ListItem","position":1,"name":"Home","item":"https:\/\/www.welovecycling.com\/hu\/"},{"@type":"ListItem","position":2,"name":"Tudod ki a leggyorsabb? &#8211; 4+1 bring\u00e1s rekord, amit nem hiszel el"}]},{"@type":"WebSite","@id":"https:\/\/www.welovecycling.com\/hu\/#website","url":"https:\/\/www.welovecycling.com\/hu\/","name":"\u0160koda We Love Cycling - Magyarorsz\u00e1g","description":"\u0160koda WeLoveCycling","potentialAction":[{"@type":"SearchAction","target":{"@type":"EntryPoint","urlTemplate":"https:\/\/www.welovecycling.com\/hu\/?s={search_term_string}"},"query-input":{"@type":"PropertyValueSpecification","valueRequired":true,"valueName":"search_term_string"}}],"inLanguage":"hu"},{"@type":"Person","@id":"https:\/\/www.welovecycling.com\/hu\/#\/schema\/person\/414a2aebf1801691a5320edb6468e194","name":"hegyizs","image":{"@type":"ImageObject","inLanguage":"hu","@id":"https:\/\/www.welovecycling.com\/hu\/#\/schema\/person\/image\/","url":"https:\/\/secure.gravatar.com\/avatar\/02cf8a7906b8cf90cecb4679defac7cfd33a1c2e3b88e4903d947f3bb58eedd3?s=96&d=mm&r=g","contentUrl":"https:\/\/secure.gravatar.com\/avatar\/02cf8a7906b8cf90cecb4679defac7cfd33a1c2e3b88e4903d947f3bb58eedd3?s=96&d=mm&r=g","caption":"hegyizs"},"url":"https:\/\/www.welovecycling.com\/hu\/author\/hegyizs\/"}]}},"_links":{"self":[{"href":"https:\/\/www.welovecycling.com\/hu\/wp-json\/wp\/v2\/posts\/3105","targetHints":{"allow":["GET"]}}],"collection":[{"href":"https:\/\/www.welovecycling.com\/hu\/wp-json\/wp\/v2\/posts"}],"about":[{"href":"https:\/\/www.welovecycling.com\/hu\/wp-json\/wp\/v2\/types\/post"}],"author":[{"embeddable":true,"href":"https:\/\/www.welovecycling.com\/hu\/wp-json\/wp\/v2\/users\/71"}],"replies":[{"embeddable":true,"href":"https:\/\/www.welovecycling.com\/hu\/wp-json\/wp\/v2\/comments?post=3105"}],"version-history":[{"count":2,"href":"https:\/\/www.welovecycling.com\/hu\/wp-json\/wp\/v2\/posts\/3105\/revisions"}],"predecessor-version":[{"id":3112,"href":"https:\/\/www.welovecycling.com\/hu\/wp-json\/wp\/v2\/posts\/3105\/revisions\/3112"}],"wp:featuredmedia":[{"embeddable":true,"href":"https:\/\/www.welovecycling.com\/hu\/wp-json\/wp\/v2\/media\/3107"}],"wp:attachment":[{"href":"https:\/\/www.welovecycling.com\/hu\/wp-json\/wp\/v2\/media?parent=3105"}],"wp:term":[{"taxonomy":"category","embeddable":true,"href":"https:\/\/www.welovecycling.com\/hu\/wp-json\/wp\/v2\/categories?post=3105"},{"taxonomy":"post_tag","embeddable":true,"href":"https:\/\/www.welovecycling.com\/hu\/wp-json\/wp\/v2\/tags?post=3105"},{"taxonomy":"global-categories","embeddable":true,"href":"https:\/\/www.welovecycling.com\/hu\/wp-json\/wp\/v2\/global-categories?post=3105"}],"curies":[{"name":"wp","href":"https:\/\/api.w.org\/{rel}","templated":true}]}}