{"id":3068,"date":"2019-04-16T08:00:43","date_gmt":"2019-04-16T07:00:43","guid":{"rendered":"https:\/\/www.welovecycling.com\/hu\/?p=3068"},"modified":"2019-04-11T13:38:31","modified_gmt":"2019-04-11T12:38:31","slug":"a-bringazas-soha-nem-er-veget-ez-a-90-eves-neni-szaz-merfoldeket-teker-minden-heten","status":"publish","type":"post","link":"https:\/\/www.welovecycling.com\/hu\/orszaguti-kerekpar\/a-bringazas-soha-nem-er-veget-ez-a-90-eves-neni-szaz-merfoldeket-teker-minden-heten\/","title":{"rendered":"A bring\u00e1z\u00e1s soha nem \u00e9r v\u00e9get! Ez a 90 \u00e9ves n\u00e9ni sz\u00e1z m\u00e9rf\u00f6ldeket teker minden h\u00e9ten"},"content":{"rendered":"<p><strong>M\u00edg az eur\u00f3paiak haragszanak a politikusaikra, akik folyamatosan tolj\u00e1k felfele a nyugd\u00edjkorhat\u00e1rt, D\u00e9l-Amerik\u00e1ban nyoma sincs ilyesminek.<\/strong><\/p>\n<p><!--more--><\/p>\n<p>Elena Galveznek nem lehet azt mondani, hogy t\u00fal \u00f6reg m\u00e1r a bicikliz\u00e9shez. A 90 \u00e9ves bring\u00e1s nagyi egyed\u00fcl \u00e9l a ty\u00fakjaival a poros kis vid\u00e9ki Cerrillos k\u00fclv\u00e1ros\u00e1ban, Chil\u00e9ben. Minden h\u00e9ten pr\u00f3b\u00e1ra teszi saj\u00e1t kor\u00e1t, amikor sz\u00e1z m\u00e9rf\u00f6ldeket teker a legk\u00f6zelebbi piacra.<\/p>\n<lite-youtube videoid=1Kk0weQwG8M params=\"enablejsapi=1\" style=\"background-image: url('https:\/\/i.ytimg.com\/vi_webp\/1Kk0weQwG8M\/maxresdefault.webp');\"><\/lite-youtube>\n<p>A szeg\u00e9nys\u00e9g s\u00fajtotta k\u00f6rny\u00e9ken Elena \u00f6sszeszedi a toj\u00e1sokat \u00e9s b\u00e1rmi m\u00e1st, amit a n\u00e9gy teh\u00e9n \u00e9s egy borj\u00fa ut\u00e1n p\u00e9nzz\u00e9 lehet tenni, \u00e9s elteker a Rengo nev\u0171 v\u00e1rosk\u00e1ba, hogy eladja \u0151ket.<\/p>\n<p>Alkalmak\u00e9nt megl\u00e1togatja a Requ\u00edno\u00e1ban \u00e9l\u0151 bar\u00e1tait is. Egyetlen k\u00f6zleked\u00e9si eszk\u00f6ze az j\u00f3 \u00f6reg biciklije. 47 \u00e9ves kora \u00f3ta vonja mag\u00e1ra a figyelmet a par\u00e1nyi gazd\u00e1lkod\u00f3 k\u00f6z\u00f6ss\u00e9gben azzal, hogy ker\u00e9kp\u00e1rj\u00e1val a v\u00e1rosba j\u00e1r eladni a term\u00e9nyeit. Azt mondja, a bicikliz\u00e9s a titka kiv\u00e1l\u00f3 eg\u00e9szs\u00e9g\u00e9nek \u00e9s hossz\u00fa \u00e9let\u00e9nek, a lassul\u00e1snak pedig m\u00e9g jel\u00e9t sem mutatja.<\/p>\n<p><img loading=\"lazy\" decoding=\"async\" class=\"alignnone size-full wp-image-3070\" src=\"https:\/\/d2p6e6u75xmxt8.cloudfront.net\/2\/2016\/10\/\u015fili-90-ya\u015f\u0131nda-kilometrelerce-bisiklet.jpg\" alt=\"sili-90-yasinda-kilometrelerce-bisiklet\" width=\"788\" height=\"442\" \/><\/p>\n<p>\u201eEgy kincs, hogy ennyi id\u0151sen itt tudhatjuk magunk k\u00f6z\u00f6tt Cerrillosban, az aktivit\u00e1s\u00e1val \u00e9s a t\u00f6rt\u00e9neteivel \u201d \u2013 mes\u00e9li a szomsz\u00e9dja, Arturo Pinto. \u201eCsod\u00e1latos, hogy a k\u00f6reinkben tudhatunk egy ilyen asszonyt.\u201d<\/p>\n<p>\u201eA biciklim n\u00e9lk\u00fcl nincs is \u00e9letem. Ez az \u00e9n kom\u00e1m, a bar\u00e1tom. Semmi vagyok n\u00e9lk\u00fcle\u201d \u2013 mondja Elena.<\/p>\n","protected":false},"excerpt":{"rendered":"<p>M\u00edg az eur\u00f3paiak haragszanak a politikusaikra, akik folyamatosan tolj\u00e1k felfele a nyugd\u00edjkorhat\u00e1rt, D\u00e9l-Amerik\u00e1ban nyoma sincs ilyesminek.<\/p>\n","protected":false},"author":71,"featured_media":3072,"comment_status":"open","ping_status":"open","sticky":false,"template":"","format":"standard","meta":{"footnotes":""},"categories":[8],"tags":[],"global-categories":[],"class_list":["post-3068","post","type-post","status-publish","format-standard","has-post-thumbnail","hentry","category-orszaguti-kerekpar"],"yoast_head":"<!-- This site is optimized with the Yoast SEO Premium plugin v25.3 (Yoast SEO v25.9) - https:\/\/yoast.com\/wordpress\/plugins\/seo\/ -->\n<title>A bring\u00e1z\u00e1s soha nem \u00e9r v\u00e9get! Ez a 90 \u00e9ves n\u00e9ni sz\u00e1z m\u00e9rf\u00f6ldeket teker minden h\u00e9ten - \u0160koda We Love Cycling - Magyarorsz\u00e1g<\/title>\n<meta name=\"robots\" content=\"index, follow, max-snippet:-1, max-image-preview:large, max-video-preview:-1\" \/>\n<link rel=\"canonical\" href=\"https:\/\/www.welovecycling.com\/hu\/orszaguti-kerekpar\/a-bringazas-soha-nem-er-veget-ez-a-90-eves-neni-szaz-merfoldeket-teker-minden-heten\/\" \/>\n<meta property=\"og:locale\" content=\"hu_HU\" \/>\n<meta property=\"og:type\" content=\"article\" \/>\n<meta property=\"og:title\" content=\"A bring\u00e1z\u00e1s soha nem \u00e9r v\u00e9get! Ez a 90 \u00e9ves n\u00e9ni sz\u00e1z m\u00e9rf\u00f6ldeket teker minden h\u00e9ten\" \/>\n<meta property=\"og:description\" content=\"M\u00edg az eur\u00f3paiak haragszanak a politikusaikra, akik folyamatosan tolj\u00e1k felfele a nyugd\u00edjkorhat\u00e1rt, D\u00e9l-Amerik\u00e1ban nyoma sincs ilyesminek.\" \/>\n<meta property=\"og:url\" content=\"https:\/\/www.welovecycling.com\/hu\/orszaguti-kerekpar\/a-bringazas-soha-nem-er-veget-ez-a-90-eves-neni-szaz-merfoldeket-teker-minden-heten\/\" \/>\n<meta property=\"og:site_name\" content=\"\u0160koda We Love Cycling - Magyarorsz\u00e1g\" \/>\n<meta property=\"article:publisher\" content=\"https:\/\/www.facebook.com\/WeLoveCyclingHungary\/\" \/>\n<meta property=\"article:published_time\" content=\"2019-04-16T07:00:43+00:00\" \/>\n<meta property=\"og:image\" content=\"https:\/\/d2p6e6u75xmxt8.cloudfront.net\/12\/2019\/04\/224242442_42242424.jpg\" \/>\n\t<meta property=\"og:image:width\" content=\"1375\" \/>\n\t<meta property=\"og:image:height\" content=\"600\" \/>\n\t<meta property=\"og:image:type\" content=\"image\/jpeg\" \/>\n<meta name=\"author\" content=\"hegyizs\" \/>\n<meta name=\"twitter:card\" content=\"summary_large_image\" \/>\n<meta name=\"twitter:label1\" content=\"Written by\" \/>\n\t<meta name=\"twitter:data1\" content=\"Adam Marsal\" \/>\n\t<meta name=\"twitter:label2\" content=\"Est. reading time\" \/>\n\t<meta name=\"twitter:data2\" content=\"1 minute\" \/>\n<script type=\"application\/ld+json\" class=\"yoast-schema-graph\">{\"@context\":\"https:\/\/schema.org\",\"@graph\":[{\"@type\":\"WebPage\",\"@id\":\"https:\/\/www.welovecycling.com\/hu\/orszaguti-kerekpar\/a-bringazas-soha-nem-er-veget-ez-a-90-eves-neni-szaz-merfoldeket-teker-minden-heten\/\",\"url\":\"https:\/\/www.welovecycling.com\/hu\/orszaguti-kerekpar\/a-bringazas-soha-nem-er-veget-ez-a-90-eves-neni-szaz-merfoldeket-teker-minden-heten\/\",\"name\":\"A bring\u00e1z\u00e1s soha nem \u00e9r v\u00e9get! Ez a 90 \u00e9ves n\u00e9ni sz\u00e1z m\u00e9rf\u00f6ldeket teker minden h\u00e9ten - \u0160koda We Love Cycling - Magyarorsz\u00e1g\",\"isPartOf\":{\"@id\":\"https:\/\/www.welovecycling.com\/hu\/#website\"},\"primaryImageOfPage\":{\"@id\":\"https:\/\/www.welovecycling.com\/hu\/orszaguti-kerekpar\/a-bringazas-soha-nem-er-veget-ez-a-90-eves-neni-szaz-merfoldeket-teker-minden-heten\/#primaryimage\"},\"image\":{\"@id\":\"https:\/\/www.welovecycling.com\/hu\/orszaguti-kerekpar\/a-bringazas-soha-nem-er-veget-ez-a-90-eves-neni-szaz-merfoldeket-teker-minden-heten\/#primaryimage\"},\"thumbnailUrl\":\"https:\/\/d2p6e6u75xmxt8.cloudfront.net\/12\/2019\/04\/224242442_42242424.jpg\",\"datePublished\":\"2019-04-16T07:00:43+00:00\",\"author\":{\"@id\":\"https:\/\/www.welovecycling.com\/hu\/#\/schema\/person\/414a2aebf1801691a5320edb6468e194\"},\"breadcrumb\":{\"@id\":\"https:\/\/www.welovecycling.com\/hu\/orszaguti-kerekpar\/a-bringazas-soha-nem-er-veget-ez-a-90-eves-neni-szaz-merfoldeket-teker-minden-heten\/#breadcrumb\"},\"inLanguage\":\"hu\",\"potentialAction\":[{\"@type\":\"ReadAction\",\"target\":[\"https:\/\/www.welovecycling.com\/hu\/orszaguti-kerekpar\/a-bringazas-soha-nem-er-veget-ez-a-90-eves-neni-szaz-merfoldeket-teker-minden-heten\/\"]}]},{\"@type\":\"ImageObject\",\"inLanguage\":\"hu\",\"@id\":\"https:\/\/www.welovecycling.com\/hu\/orszaguti-kerekpar\/a-bringazas-soha-nem-er-veget-ez-a-90-eves-neni-szaz-merfoldeket-teker-minden-heten\/#primaryimage\",\"url\":\"https:\/\/d2p6e6u75xmxt8.cloudfront.net\/12\/2019\/04\/224242442_42242424.jpg\",\"contentUrl\":\"https:\/\/d2p6e6u75xmxt8.cloudfront.net\/12\/2019\/04\/224242442_42242424.jpg\",\"width\":1375,\"height\":600},{\"@type\":\"BreadcrumbList\",\"@id\":\"https:\/\/www.welovecycling.com\/hu\/orszaguti-kerekpar\/a-bringazas-soha-nem-er-veget-ez-a-90-eves-neni-szaz-merfoldeket-teker-minden-heten\/#breadcrumb\",\"itemListElement\":[{\"@type\":\"ListItem\",\"position\":1,\"name\":\"Home\",\"item\":\"https:\/\/www.welovecycling.com\/hu\/\"},{\"@type\":\"ListItem\",\"position\":2,\"name\":\"A bring\u00e1z\u00e1s soha nem \u00e9r v\u00e9get! Ez a 90 \u00e9ves n\u00e9ni sz\u00e1z m\u00e9rf\u00f6ldeket teker minden h\u00e9ten\"}]},{\"@type\":\"WebSite\",\"@id\":\"https:\/\/www.welovecycling.com\/hu\/#website\",\"url\":\"https:\/\/www.welovecycling.com\/hu\/\",\"name\":\"\u0160koda We Love Cycling - Magyarorsz\u00e1g\",\"description\":\"\u0160koda WeLoveCycling\",\"potentialAction\":[{\"@type\":\"SearchAction\",\"target\":{\"@type\":\"EntryPoint\",\"urlTemplate\":\"https:\/\/www.welovecycling.com\/hu\/?s={search_term_string}\"},\"query-input\":{\"@type\":\"PropertyValueSpecification\",\"valueRequired\":true,\"valueName\":\"search_term_string\"}}],\"inLanguage\":\"hu\"},{\"@type\":\"Person\",\"@id\":\"https:\/\/www.welovecycling.com\/hu\/#\/schema\/person\/414a2aebf1801691a5320edb6468e194\",\"name\":\"hegyizs\",\"image\":{\"@type\":\"ImageObject\",\"inLanguage\":\"hu\",\"@id\":\"https:\/\/www.welovecycling.com\/hu\/#\/schema\/person\/image\/\",\"url\":\"https:\/\/secure.gravatar.com\/avatar\/02cf8a7906b8cf90cecb4679defac7cfd33a1c2e3b88e4903d947f3bb58eedd3?s=96&d=mm&r=g\",\"contentUrl\":\"https:\/\/secure.gravatar.com\/avatar\/02cf8a7906b8cf90cecb4679defac7cfd33a1c2e3b88e4903d947f3bb58eedd3?s=96&d=mm&r=g\",\"caption\":\"hegyizs\"},\"url\":\"https:\/\/www.welovecycling.com\/hu\/author\/hegyizs\/\"}]}<\/script>\n<!-- \/ Yoast SEO Premium plugin. -->","yoast_head_json":{"title":"A bring\u00e1z\u00e1s soha nem \u00e9r v\u00e9get! Ez a 90 \u00e9ves n\u00e9ni sz\u00e1z m\u00e9rf\u00f6ldeket teker minden h\u00e9ten - \u0160koda We Love Cycling - Magyarorsz\u00e1g","robots":{"index":"index","follow":"follow","max-snippet":"max-snippet:-1","max-image-preview":"max-image-preview:large","max-video-preview":"max-video-preview:-1"},"canonical":"https:\/\/www.welovecycling.com\/hu\/orszaguti-kerekpar\/a-bringazas-soha-nem-er-veget-ez-a-90-eves-neni-szaz-merfoldeket-teker-minden-heten\/","og_locale":"hu_HU","og_type":"article","og_title":"A bring\u00e1z\u00e1s soha nem \u00e9r v\u00e9get! Ez a 90 \u00e9ves n\u00e9ni sz\u00e1z m\u00e9rf\u00f6ldeket teker minden h\u00e9ten","og_description":"M\u00edg az eur\u00f3paiak haragszanak a politikusaikra, akik folyamatosan tolj\u00e1k felfele a nyugd\u00edjkorhat\u00e1rt, D\u00e9l-Amerik\u00e1ban nyoma sincs ilyesminek.","og_url":"https:\/\/www.welovecycling.com\/hu\/orszaguti-kerekpar\/a-bringazas-soha-nem-er-veget-ez-a-90-eves-neni-szaz-merfoldeket-teker-minden-heten\/","og_site_name":"\u0160koda We Love Cycling - Magyarorsz\u00e1g","article_publisher":"https:\/\/www.facebook.com\/WeLoveCyclingHungary\/","article_published_time":"2019-04-16T07:00:43+00:00","og_image":[{"width":1375,"height":600,"url":"https:\/\/d2p6e6u75xmxt8.cloudfront.net\/12\/2019\/04\/224242442_42242424.jpg","type":"image\/jpeg"}],"author":"hegyizs","twitter_card":"summary_large_image","twitter_misc":{"Written by":"Adam Marsal","Est. reading time":"1 minute"},"schema":{"@context":"https:\/\/schema.org","@graph":[{"@type":"WebPage","@id":"https:\/\/www.welovecycling.com\/hu\/orszaguti-kerekpar\/a-bringazas-soha-nem-er-veget-ez-a-90-eves-neni-szaz-merfoldeket-teker-minden-heten\/","url":"https:\/\/www.welovecycling.com\/hu\/orszaguti-kerekpar\/a-bringazas-soha-nem-er-veget-ez-a-90-eves-neni-szaz-merfoldeket-teker-minden-heten\/","name":"A bring\u00e1z\u00e1s soha nem \u00e9r v\u00e9get! Ez a 90 \u00e9ves n\u00e9ni sz\u00e1z m\u00e9rf\u00f6ldeket teker minden h\u00e9ten - \u0160koda We Love Cycling - Magyarorsz\u00e1g","isPartOf":{"@id":"https:\/\/www.welovecycling.com\/hu\/#website"},"primaryImageOfPage":{"@id":"https:\/\/www.welovecycling.com\/hu\/orszaguti-kerekpar\/a-bringazas-soha-nem-er-veget-ez-a-90-eves-neni-szaz-merfoldeket-teker-minden-heten\/#primaryimage"},"image":{"@id":"https:\/\/www.welovecycling.com\/hu\/orszaguti-kerekpar\/a-bringazas-soha-nem-er-veget-ez-a-90-eves-neni-szaz-merfoldeket-teker-minden-heten\/#primaryimage"},"thumbnailUrl":"https:\/\/d2p6e6u75xmxt8.cloudfront.net\/12\/2019\/04\/224242442_42242424.jpg","datePublished":"2019-04-16T07:00:43+00:00","author":{"@id":"https:\/\/www.welovecycling.com\/hu\/#\/schema\/person\/414a2aebf1801691a5320edb6468e194"},"breadcrumb":{"@id":"https:\/\/www.welovecycling.com\/hu\/orszaguti-kerekpar\/a-bringazas-soha-nem-er-veget-ez-a-90-eves-neni-szaz-merfoldeket-teker-minden-heten\/#breadcrumb"},"inLanguage":"hu","potentialAction":[{"@type":"ReadAction","target":["https:\/\/www.welovecycling.com\/hu\/orszaguti-kerekpar\/a-bringazas-soha-nem-er-veget-ez-a-90-eves-neni-szaz-merfoldeket-teker-minden-heten\/"]}]},{"@type":"ImageObject","inLanguage":"hu","@id":"https:\/\/www.welovecycling.com\/hu\/orszaguti-kerekpar\/a-bringazas-soha-nem-er-veget-ez-a-90-eves-neni-szaz-merfoldeket-teker-minden-heten\/#primaryimage","url":"https:\/\/d2p6e6u75xmxt8.cloudfront.net\/12\/2019\/04\/224242442_42242424.jpg","contentUrl":"https:\/\/d2p6e6u75xmxt8.cloudfront.net\/12\/2019\/04\/224242442_42242424.jpg","width":1375,"height":600},{"@type":"BreadcrumbList","@id":"https:\/\/www.welovecycling.com\/hu\/orszaguti-kerekpar\/a-bringazas-soha-nem-er-veget-ez-a-90-eves-neni-szaz-merfoldeket-teker-minden-heten\/#breadcrumb","itemListElement":[{"@type":"ListItem","position":1,"name":"Home","item":"https:\/\/www.welovecycling.com\/hu\/"},{"@type":"ListItem","position":2,"name":"A bring\u00e1z\u00e1s soha nem \u00e9r v\u00e9get! Ez a 90 \u00e9ves n\u00e9ni sz\u00e1z m\u00e9rf\u00f6ldeket teker minden h\u00e9ten"}]},{"@type":"WebSite","@id":"https:\/\/www.welovecycling.com\/hu\/#website","url":"https:\/\/www.welovecycling.com\/hu\/","name":"\u0160koda We Love Cycling - Magyarorsz\u00e1g","description":"\u0160koda WeLoveCycling","potentialAction":[{"@type":"SearchAction","target":{"@type":"EntryPoint","urlTemplate":"https:\/\/www.welovecycling.com\/hu\/?s={search_term_string}"},"query-input":{"@type":"PropertyValueSpecification","valueRequired":true,"valueName":"search_term_string"}}],"inLanguage":"hu"},{"@type":"Person","@id":"https:\/\/www.welovecycling.com\/hu\/#\/schema\/person\/414a2aebf1801691a5320edb6468e194","name":"hegyizs","image":{"@type":"ImageObject","inLanguage":"hu","@id":"https:\/\/www.welovecycling.com\/hu\/#\/schema\/person\/image\/","url":"https:\/\/secure.gravatar.com\/avatar\/02cf8a7906b8cf90cecb4679defac7cfd33a1c2e3b88e4903d947f3bb58eedd3?s=96&d=mm&r=g","contentUrl":"https:\/\/secure.gravatar.com\/avatar\/02cf8a7906b8cf90cecb4679defac7cfd33a1c2e3b88e4903d947f3bb58eedd3?s=96&d=mm&r=g","caption":"hegyizs"},"url":"https:\/\/www.welovecycling.com\/hu\/author\/hegyizs\/"}]}},"_links":{"self":[{"href":"https:\/\/www.welovecycling.com\/hu\/wp-json\/wp\/v2\/posts\/3068","targetHints":{"allow":["GET"]}}],"collection":[{"href":"https:\/\/www.welovecycling.com\/hu\/wp-json\/wp\/v2\/posts"}],"about":[{"href":"https:\/\/www.welovecycling.com\/hu\/wp-json\/wp\/v2\/types\/post"}],"author":[{"embeddable":true,"href":"https:\/\/www.welovecycling.com\/hu\/wp-json\/wp\/v2\/users\/71"}],"replies":[{"embeddable":true,"href":"https:\/\/www.welovecycling.com\/hu\/wp-json\/wp\/v2\/comments?post=3068"}],"version-history":[{"count":2,"href":"https:\/\/www.welovecycling.com\/hu\/wp-json\/wp\/v2\/posts\/3068\/revisions"}],"predecessor-version":[{"id":3088,"href":"https:\/\/www.welovecycling.com\/hu\/wp-json\/wp\/v2\/posts\/3068\/revisions\/3088"}],"wp:featuredmedia":[{"embeddable":true,"href":"https:\/\/www.welovecycling.com\/hu\/wp-json\/wp\/v2\/media\/3072"}],"wp:attachment":[{"href":"https:\/\/www.welovecycling.com\/hu\/wp-json\/wp\/v2\/media?parent=3068"}],"wp:term":[{"taxonomy":"category","embeddable":true,"href":"https:\/\/www.welovecycling.com\/hu\/wp-json\/wp\/v2\/categories?post=3068"},{"taxonomy":"post_tag","embeddable":true,"href":"https:\/\/www.welovecycling.com\/hu\/wp-json\/wp\/v2\/tags?post=3068"},{"taxonomy":"global-categories","embeddable":true,"href":"https:\/\/www.welovecycling.com\/hu\/wp-json\/wp\/v2\/global-categories?post=3068"}],"curies":[{"name":"wp","href":"https:\/\/api.w.org\/{rel}","templated":true}]}}