{"id":3058,"date":"2019-04-16T08:00:36","date_gmt":"2019-04-16T07:00:36","guid":{"rendered":"https:\/\/www.welovecycling.com\/hu\/?p=3058"},"modified":"2019-04-11T13:41:27","modified_gmt":"2019-04-11T12:41:27","slug":"akrobatak-ket-kereken","status":"publish","type":"post","link":"https:\/\/www.welovecycling.com\/hu\/edzes-es-eletmod\/akrobatak-ket-kereken\/","title":{"rendered":"Akrobat\u00e1k k\u00e9t ker\u00e9ken"},"content":{"rendered":"<p><strong>Minden, amit a m\u0171v\u00e9szker\u00e9kp\u00e1roz\u00e1sr\u00f3l tudni kell<\/strong><\/p>\n<p><strong>Sokan szeret\u00fcnk ker\u00e9kp\u00e1rozni, tekerni lank\u00e1s lejt\u0151k\u00f6n, a korm\u00e1nyba kapaszkodva felk\u00fczdeni magunkat a legmeredekebb hegyoldalon vagy l\u00e1gyan siklani a v\u00e9gtelen szerpentineken. Van azonban a sportnak egy olyan form\u00e1ja, ami teljesen m\u00e1shogy \u00e1ll a bicikliz\u00e9shez \u2013 s\u0151t, sokszor egyenesen rajta \u00e1ll. A korm\u00e1nyba sokszor ezek a sportol\u00f3k is kapaszkodnak, \u00e9s igen meredekek a mutatv\u00e1nyaik is, azonban ez az \u00e1gazat egy teremben zajlik \u00e9s t\u00f6bbnyire akrobatikus \u00fcgyess\u00e9get ig\u00e9nyel.<\/strong><!--more--><\/p>\n<p><strong>Mi is ez pontosan?<\/strong><\/p>\n<p>M\u00e1r a XIX. sz\u00e1zadban rendeztek olyan versenyeket, ahol a ker\u00e9kp\u00e1roz\u00e1st akrobatikus elemekkel sz\u00ednes\u00edtett\u00e9k a b\u00e1tor r\u00e9sztvev\u0151k. Magyarorsz\u00e1gon 1994-ben, Bajon tette le a sport\u00e1g alapjait Nagy Gy\u00f6rgyi, egy teremker\u00e9kp\u00e1roz\u00e1sr\u00f3l sz\u00f3l\u00f3 n\u00e9met vend\u00e9gel\u0151ad\u00e1sb\u00f3l inspir\u00e1l\u00f3dva. M\u00e1ra haz\u00e1nkban is feln\u0151tt egy teremker\u00e9kp\u00e1ros gener\u00e1ci\u00f3, \u00edgy a Nemzetk\u00f6zi Ker\u00e9kp\u00e1r Sz\u00f6vets\u00e9g \u00e1ltal is elismert sport\u00e1g\u00a0kin\u0151tte mag\u00e1t: az egykori di\u00e1kok imm\u00e1r az ut\u00e1np\u00f3tl\u00e1st tan\u00edtgatj\u00e1k.<\/p>\n<p>Maga a sport igencsak l\u00e1tv\u00e1nyos \u00e9s m\u00e9g n\u00e9z\u0151k\u00e9nt is visszatartjuk a l\u00e9legzet\u00fcnket egy-egy elemn\u00e9l. Nemcsak nagyfok\u00fa egyens\u00faly\u00e9rz\u00e9ket \u00e9s koncentr\u00e1ci\u00f3t ig\u00e9nyel, hanem hal\u00e1lt megvet\u0151 b\u00e1tors\u00e1got is. A m\u0171korcsoly\u00e1z\u00e1sban is jellemz\u0151 akrobatikus, finom elemeket ismerhetj\u00fck fel egy-egy mutatv\u00e1nyban, a k\u00fcl\u00f6nbs\u00e9g csup\u00e1n annyi, hogy nem a j\u00e9gen, hanem a bicikli tetej\u00e9n, oldal\u00e1n, korm\u00e1ny\u00e1n vagy kerek\u00e9n l\u00e1thatjuk a mozdulatsorokat.<\/p>\n<p><a href=\"https:\/\/d2p6e6u75xmxt8.cloudfront.net\/12\/2019\/04\/150926TeremkerekparUCI_019.jpg\"><img loading=\"lazy\" decoding=\"async\" class=\"alignnone size-full wp-image-3063\" src=\"https:\/\/d2p6e6u75xmxt8.cloudfront.net\/12\/2019\/04\/150926TeremkerekparUCI_019.jpg\" alt=\"\" width=\"600\" height=\"399\" srcset=\"https:\/\/d2p6e6u75xmxt8.cloudfront.net\/12\/2019\/04\/150926TeremkerekparUCI_019.jpg 600w, https:\/\/d2p6e6u75xmxt8.cloudfront.net\/12\/2019\/04\/150926TeremkerekparUCI_019-300x200.jpg 300w, https:\/\/d2p6e6u75xmxt8.cloudfront.net\/12\/2019\/04\/150926TeremkerekparUCI_019-272x182.jpg 272w\" sizes=\"auto, (max-width: 600px) 100vw, 600px\" \/><\/a><\/p>\n<p>A p\u00e1lya meghat\u00e1rozott m\u00e9ret\u0171 k\u00f6r\u00f6kb\u0151l \u00e1ll:<\/p>\n<p><a href=\"https:\/\/d2p6e6u75xmxt8.cloudfront.net\/12\/2019\/04\/img05.jpg\"><img loading=\"lazy\" decoding=\"async\" class=\"alignnone size-full wp-image-3062\" src=\"https:\/\/d2p6e6u75xmxt8.cloudfront.net\/12\/2019\/04\/img05.jpg\" alt=\"\" width=\"300\" height=\"235\" \/><\/a><\/p>\n<p>A bet\u0171vel jel\u00f6lt r\u00e9szek a k\u00f6vetkez\u0151k:<\/p>\n<ul>\n<li>a &#8211; K\u00f6z\u00e9ppont<\/li>\n<li>b &#8211; R\u00f6vid oldal<\/li>\n<li>c &#8211; Hossz\u00fa oldal<\/li>\n<li>d &#8211; Bels\u0151 k\u00f6r (4 m\u00e9ter \u00e1tm\u00e9r\u0151)<\/li>\n<li>e &#8211; K\u00fcls\u0151 k\u00f6r (8 m\u00e9ter \u00e1tm\u00e9r\u0151)<\/li>\n<li>f &#8211; Negyed k\u00f6r jel<\/li>\n<\/ul>\n<p>A mozdulatokat a p\u00e1ly\u00e1nak a szab\u00e1lyk\u00f6nyvben meghat\u00e1rozott r\u00e9sz\u00e9n kell\u00a0v\u00e9grehajtani. Az elemek neh\u00e9zs\u00e9gi szintje sz\u00e9les sk\u00e1l\u00e1n mozog, amiket a versenyz\u0151k k\u00f6r\u00f6ket, f\u00e9lk\u00f6r\u00f6ket, nyolcasokat le\u00edrva mutatnak be. A legl\u00e1tv\u00e1nyosabbak a p\u00e1ros vagy n\u00e9gyes gyakorlatok, ahol az \u00f6sszhangra is figyelni kell.<\/p>\n<p><strong>Kell hozz\u00e1 speci\u00e1lis bicikli?<\/strong><\/p>\n<p>Igen, kell, teh\u00e1t ne pr\u00f3b\u00e1ld ki otthon! A ker\u00e9kp\u00e1rok k\u00fcl\u00f6nleges, \u00f6r\u00f6khajt\u00e1s\u00fa j\u00e1rm\u0171vek, a meghajt\u00f3 \u00e9s a meghajtott l\u00e1ncker\u00e9k k\u00f6z\u00f6tti\u00a0 1:1 ar\u00e1ny\u00fa \u00e1tt\u00e9tellel. Ennek a technol\u00f3gi\u00e1nak k\u00f6sz\u00f6nhet\u0151en tudnak a mozdulatsorokhoz sz\u00fcks\u00e9ges ideig mozg\u00e1sban maradni a biciklik. A tengelyek v\u00e9g\u00e9n t\u00fcsk\u00e9k tal\u00e1lhat\u00f3k, melyekre ki\u00e1llva a sportol\u00f3k k\u00fcl\u00f6nb\u00f6z\u0151 elemeket mutathatnak be. A gumik t\u00f6ml\u0151 n\u00e9lk\u00fcli rendszer\u0171ek. Gy\u00e1rt\u00f3t\u00f3l f\u00fcgg\u0151en 300\u00a0000 \u00e9s 1\u00a0000\u00a0000 Ft k\u00f6z\u00f6tt is alakulhat az \u00e1ruk. Mivel a korm\u00e1nyon \u00e1ltal\u00e1ban \u00e1llnak vagy \u00fclnek a versenyz\u0151k, mintsem fogj\u00e1k azt, ez az alkatr\u00e9sz is speci\u00e1lis kialak\u00edt\u00e1ssal rendelkezik. A ker\u00e9kp\u00e1rokat visszafel\u00e9 is k\u00f6nny\u0171 hajtani, a versenyeken sokszor \u201et\u00e1ncolnak\u201d \u00edgy a biciklikkel.<\/p>\n<p><a href=\"https:\/\/d2p6e6u75xmxt8.cloudfront.net\/12\/2019\/04\/teremkerekpar_2015_012-640x425.jpg\"><img loading=\"lazy\" decoding=\"async\" class=\"alignnone size-full wp-image-3061\" src=\"https:\/\/d2p6e6u75xmxt8.cloudfront.net\/12\/2019\/04\/teremkerekpar_2015_012-640x425.jpg\" alt=\"\" width=\"640\" height=\"425\" srcset=\"https:\/\/d2p6e6u75xmxt8.cloudfront.net\/12\/2019\/04\/teremkerekpar_2015_012-640x425.jpg 640w, https:\/\/d2p6e6u75xmxt8.cloudfront.net\/12\/2019\/04\/teremkerekpar_2015_012-640x425-300x199.jpg 300w, https:\/\/d2p6e6u75xmxt8.cloudfront.net\/12\/2019\/04\/teremkerekpar_2015_012-640x425-272x182.jpg 272w\" sizes=\"auto, (max-width: 640px) 100vw, 640px\" \/><\/a><\/p>\n<p><strong>Versenyek is vannak?<\/strong><\/p>\n<p>Term\u00e9szetesen, s\u0151t! A sport\u00e1g k\u00e9pvisel\u0151inek nagy \u00e1lma, hogy egyszer beker\u00fclj\u00f6n az olimpiai sport\u00e1gak k\u00f6z\u00e9. A versenyeken a magyar indul\u00f3k is rendszeresen \u00e9rnek el sikereket. Legut\u00f3bb a Vil\u00e1gkupa 2019. \u00e9vi I. fordul\u00f3ja ker\u00fclt megrendez\u00e9sre Pr\u00e1g\u00e1ban, ahol a versenyz\u0151 12 orsz\u00e1g k\u00f6z\u00f6tt Magyarorsz\u00e1g is k\u00e9pviseltette mag\u00e1t: a Bokodi Sportegyes\u00fclet r\u00e9sz\u00e9r\u0151l Sch\u00f6n Martin, m\u00edg a Romh\u00e1nyi Sportegyes\u00fclet r\u00e9sz\u00e9r\u0151l Hugyecz Zs\u00f3fia \u00e9s Varga Csaba indult a versenyen. Martin a negyedik helyen v\u00e9gzett. A m\u00e1sodik fordul\u00f3nak Belgium ad otthont m\u00e1jus 25-\u00e9n.<\/p>\n<p>A pr\u00e1gai esem\u00e9ny a Kelet- Eur\u00f3pai Kupa I. fordul\u00f3j\u00e1nak is helyt adott, ahol szint\u00e9n a Bokodi \u00e9s a Romh\u00e1nyi Sportegyes\u00fclet tagjai vettek r\u00e9szt. Sch\u00f6n Martin mellett Cs\u00f3ti Tam\u00e1s, Marosi \u00c1ron, Beck Zsombor, P\u00f6hr Anita \u00e9s S\u00e1rk\u00f6zi Anna is indult egy\u00e9ni, p\u00e1ros \u00e9s n\u00e9gyes kateg\u00f3ri\u00e1ban. A versenyz\u0151k sz\u00e9p eredm\u00e9nyeket \u00e9rtek el, edz\u0151j\u00fck szerint mindannyian j\u00f3l teljes\u00edtettek.<\/p>\n<p>S\u00e1gi Alexandra, Somlyai Dorina \u00e9s Bozs\u00f3 Bence er\u0151s\u00edtette Zs\u00f3fi \u00e9s Csaba mellett a romh\u00e1nyi csapatot. A Kelet-Eur\u00f3pai Kupa k\u00f6vetkez\u0151 fordul\u00f3ja Szlov\u00e1ki\u00e1ban ker\u00fcl megrendez\u00e9sre j\u00falius 26-\u00e1n. Az 1. fordul\u00f3 eredm\u00e9nyeit itt olvashatja:<\/p>\n<p><em>Forr\u00e1s:<\/em><br \/>\n<a href=\"http:\/\/www.teremkerekpar.eoldal.hu\/cikkek\/sportagtortenet.html\">teremker\u00e9kp\u00e1r.eoldal.hu<\/a><br \/>\n<a href=\"http:\/\/bikemag.hu\/magazin\/hirek\/muveszkerekpar-versenyen-jartunk-xiv-bokodi-teremkerekpar-kupa\">bikemag.hu<\/a><br \/>\n<a href=\"https:\/\/bringasport.hu\/2019\/03\/13\/pragai-muveszkerekpar-versenyek\/\">bringasport.hu<\/a><br \/>\n<a href=\"http:\/\/utanpotlassport.hu\/\" target=\"_blank\" rel=\"noopener\">utanpotlassport.hu<\/a><\/p>\n<p>&nbsp;<\/p>\n","protected":false},"excerpt":{"rendered":"<p>Minden, amit a m\u0171v\u00e9szker\u00e9kp\u00e1roz\u00e1sr\u00f3l tudni kell Sokan szeret\u00fcnk ker\u00e9kp\u00e1rozni, tekerni lank\u00e1s lejt\u0151k\u00f6n, a korm\u00e1nyba kapaszkodva felk\u00fczdeni magunkat a legmeredekebb hegyoldalon [&hellip;]<\/p>\n","protected":false},"author":71,"featured_media":3060,"comment_status":"open","ping_status":"open","sticky":false,"template":"","format":"standard","meta":{"footnotes":""},"categories":[6],"tags":[],"global-categories":[],"class_list":["post-3058","post","type-post","status-publish","format-standard","has-post-thumbnail","hentry","category-edzes-es-eletmod"],"yoast_head":"<!-- This site is optimized with the Yoast SEO Premium plugin v25.3 (Yoast SEO v25.9) - https:\/\/yoast.com\/wordpress\/plugins\/seo\/ -->\n<title>Akrobat\u00e1k k\u00e9t ker\u00e9ken - \u0160koda We Love Cycling - Magyarorsz\u00e1g<\/title>\n<meta name=\"robots\" content=\"index, follow, max-snippet:-1, max-image-preview:large, max-video-preview:-1\" \/>\n<link rel=\"canonical\" href=\"https:\/\/www.welovecycling.com\/hu\/edzes-es-eletmod\/akrobatak-ket-kereken\/\" \/>\n<meta property=\"og:locale\" content=\"hu_HU\" \/>\n<meta property=\"og:type\" content=\"article\" \/>\n<meta property=\"og:title\" content=\"Akrobat\u00e1k k\u00e9t ker\u00e9ken\" \/>\n<meta property=\"og:description\" content=\"Minden, amit a m\u0171v\u00e9szker\u00e9kp\u00e1roz\u00e1sr\u00f3l tudni kell Sokan szeret\u00fcnk ker\u00e9kp\u00e1rozni, tekerni lank\u00e1s lejt\u0151k\u00f6n, a korm\u00e1nyba kapaszkodva felk\u00fczdeni magunkat a legmeredekebb hegyoldalon [&hellip;]\" \/>\n<meta property=\"og:url\" content=\"https:\/\/www.welovecycling.com\/hu\/edzes-es-eletmod\/akrobatak-ket-kereken\/\" \/>\n<meta property=\"og:site_name\" content=\"\u0160koda We Love Cycling - Magyarorsz\u00e1g\" \/>\n<meta property=\"article:publisher\" content=\"https:\/\/www.facebook.com\/WeLoveCyclingHungary\/\" \/>\n<meta property=\"article:published_time\" content=\"2019-04-16T07:00:36+00:00\" \/>\n<meta property=\"og:image\" content=\"https:\/\/d2p6e6u75xmxt8.cloudfront.net\/12\/2019\/04\/bajkse-kh02.jpg\" \/>\n\t<meta property=\"og:image:width\" content=\"720\" \/>\n\t<meta property=\"og:image:height\" content=\"398\" \/>\n\t<meta property=\"og:image:type\" content=\"image\/jpeg\" \/>\n<meta name=\"author\" content=\"hegyizs\" \/>\n<meta name=\"twitter:card\" content=\"summary_large_image\" \/>\n<meta name=\"twitter:label1\" content=\"Written by\" \/>\n\t<meta name=\"twitter:data1\" content=\"WLC\" \/>\n\t<meta name=\"twitter:label2\" content=\"Est. reading time\" \/>\n\t<meta name=\"twitter:data2\" content=\"4 minutes\" \/>\n<script type=\"application\/ld+json\" class=\"yoast-schema-graph\">{\"@context\":\"https:\/\/schema.org\",\"@graph\":[{\"@type\":\"WebPage\",\"@id\":\"https:\/\/www.welovecycling.com\/hu\/edzes-es-eletmod\/akrobatak-ket-kereken\/\",\"url\":\"https:\/\/www.welovecycling.com\/hu\/edzes-es-eletmod\/akrobatak-ket-kereken\/\",\"name\":\"Akrobat\u00e1k k\u00e9t ker\u00e9ken - \u0160koda We Love Cycling - Magyarorsz\u00e1g\",\"isPartOf\":{\"@id\":\"https:\/\/www.welovecycling.com\/hu\/#website\"},\"primaryImageOfPage\":{\"@id\":\"https:\/\/www.welovecycling.com\/hu\/edzes-es-eletmod\/akrobatak-ket-kereken\/#primaryimage\"},\"image\":{\"@id\":\"https:\/\/www.welovecycling.com\/hu\/edzes-es-eletmod\/akrobatak-ket-kereken\/#primaryimage\"},\"thumbnailUrl\":\"https:\/\/d2p6e6u75xmxt8.cloudfront.net\/12\/2019\/04\/bajkse-kh02.jpg\",\"datePublished\":\"2019-04-16T07:00:36+00:00\",\"author\":{\"@id\":\"https:\/\/www.welovecycling.com\/hu\/#\/schema\/person\/414a2aebf1801691a5320edb6468e194\"},\"breadcrumb\":{\"@id\":\"https:\/\/www.welovecycling.com\/hu\/edzes-es-eletmod\/akrobatak-ket-kereken\/#breadcrumb\"},\"inLanguage\":\"hu\",\"potentialAction\":[{\"@type\":\"ReadAction\",\"target\":[\"https:\/\/www.welovecycling.com\/hu\/edzes-es-eletmod\/akrobatak-ket-kereken\/\"]}]},{\"@type\":\"ImageObject\",\"inLanguage\":\"hu\",\"@id\":\"https:\/\/www.welovecycling.com\/hu\/edzes-es-eletmod\/akrobatak-ket-kereken\/#primaryimage\",\"url\":\"https:\/\/d2p6e6u75xmxt8.cloudfront.net\/12\/2019\/04\/bajkse-kh02.jpg\",\"contentUrl\":\"https:\/\/d2p6e6u75xmxt8.cloudfront.net\/12\/2019\/04\/bajkse-kh02.jpg\",\"width\":720,\"height\":398},{\"@type\":\"BreadcrumbList\",\"@id\":\"https:\/\/www.welovecycling.com\/hu\/edzes-es-eletmod\/akrobatak-ket-kereken\/#breadcrumb\",\"itemListElement\":[{\"@type\":\"ListItem\",\"position\":1,\"name\":\"Home\",\"item\":\"https:\/\/www.welovecycling.com\/hu\/\"},{\"@type\":\"ListItem\",\"position\":2,\"name\":\"Akrobat\u00e1k k\u00e9t ker\u00e9ken\"}]},{\"@type\":\"WebSite\",\"@id\":\"https:\/\/www.welovecycling.com\/hu\/#website\",\"url\":\"https:\/\/www.welovecycling.com\/hu\/\",\"name\":\"\u0160koda We Love Cycling - Magyarorsz\u00e1g\",\"description\":\"\u0160koda WeLoveCycling\",\"potentialAction\":[{\"@type\":\"SearchAction\",\"target\":{\"@type\":\"EntryPoint\",\"urlTemplate\":\"https:\/\/www.welovecycling.com\/hu\/?s={search_term_string}\"},\"query-input\":{\"@type\":\"PropertyValueSpecification\",\"valueRequired\":true,\"valueName\":\"search_term_string\"}}],\"inLanguage\":\"hu\"},{\"@type\":\"Person\",\"@id\":\"https:\/\/www.welovecycling.com\/hu\/#\/schema\/person\/414a2aebf1801691a5320edb6468e194\",\"name\":\"hegyizs\",\"image\":{\"@type\":\"ImageObject\",\"inLanguage\":\"hu\",\"@id\":\"https:\/\/www.welovecycling.com\/hu\/#\/schema\/person\/image\/\",\"url\":\"https:\/\/secure.gravatar.com\/avatar\/02cf8a7906b8cf90cecb4679defac7cfd33a1c2e3b88e4903d947f3bb58eedd3?s=96&d=mm&r=g\",\"contentUrl\":\"https:\/\/secure.gravatar.com\/avatar\/02cf8a7906b8cf90cecb4679defac7cfd33a1c2e3b88e4903d947f3bb58eedd3?s=96&d=mm&r=g\",\"caption\":\"hegyizs\"},\"url\":\"https:\/\/www.welovecycling.com\/hu\/author\/hegyizs\/\"}]}<\/script>\n<!-- \/ Yoast SEO Premium plugin. -->","yoast_head_json":{"title":"Akrobat\u00e1k k\u00e9t ker\u00e9ken - \u0160koda We Love Cycling - Magyarorsz\u00e1g","robots":{"index":"index","follow":"follow","max-snippet":"max-snippet:-1","max-image-preview":"max-image-preview:large","max-video-preview":"max-video-preview:-1"},"canonical":"https:\/\/www.welovecycling.com\/hu\/edzes-es-eletmod\/akrobatak-ket-kereken\/","og_locale":"hu_HU","og_type":"article","og_title":"Akrobat\u00e1k k\u00e9t ker\u00e9ken","og_description":"Minden, amit a m\u0171v\u00e9szker\u00e9kp\u00e1roz\u00e1sr\u00f3l tudni kell Sokan szeret\u00fcnk ker\u00e9kp\u00e1rozni, tekerni lank\u00e1s lejt\u0151k\u00f6n, a korm\u00e1nyba kapaszkodva felk\u00fczdeni magunkat a legmeredekebb hegyoldalon [&hellip;]","og_url":"https:\/\/www.welovecycling.com\/hu\/edzes-es-eletmod\/akrobatak-ket-kereken\/","og_site_name":"\u0160koda We Love Cycling - Magyarorsz\u00e1g","article_publisher":"https:\/\/www.facebook.com\/WeLoveCyclingHungary\/","article_published_time":"2019-04-16T07:00:36+00:00","og_image":[{"width":720,"height":398,"url":"https:\/\/d2p6e6u75xmxt8.cloudfront.net\/12\/2019\/04\/bajkse-kh02.jpg","type":"image\/jpeg"}],"author":"hegyizs","twitter_card":"summary_large_image","twitter_misc":{"Written by":"WLC","Est. reading time":"4 minutes"},"schema":{"@context":"https:\/\/schema.org","@graph":[{"@type":"WebPage","@id":"https:\/\/www.welovecycling.com\/hu\/edzes-es-eletmod\/akrobatak-ket-kereken\/","url":"https:\/\/www.welovecycling.com\/hu\/edzes-es-eletmod\/akrobatak-ket-kereken\/","name":"Akrobat\u00e1k k\u00e9t ker\u00e9ken - \u0160koda We Love Cycling - Magyarorsz\u00e1g","isPartOf":{"@id":"https:\/\/www.welovecycling.com\/hu\/#website"},"primaryImageOfPage":{"@id":"https:\/\/www.welovecycling.com\/hu\/edzes-es-eletmod\/akrobatak-ket-kereken\/#primaryimage"},"image":{"@id":"https:\/\/www.welovecycling.com\/hu\/edzes-es-eletmod\/akrobatak-ket-kereken\/#primaryimage"},"thumbnailUrl":"https:\/\/d2p6e6u75xmxt8.cloudfront.net\/12\/2019\/04\/bajkse-kh02.jpg","datePublished":"2019-04-16T07:00:36+00:00","author":{"@id":"https:\/\/www.welovecycling.com\/hu\/#\/schema\/person\/414a2aebf1801691a5320edb6468e194"},"breadcrumb":{"@id":"https:\/\/www.welovecycling.com\/hu\/edzes-es-eletmod\/akrobatak-ket-kereken\/#breadcrumb"},"inLanguage":"hu","potentialAction":[{"@type":"ReadAction","target":["https:\/\/www.welovecycling.com\/hu\/edzes-es-eletmod\/akrobatak-ket-kereken\/"]}]},{"@type":"ImageObject","inLanguage":"hu","@id":"https:\/\/www.welovecycling.com\/hu\/edzes-es-eletmod\/akrobatak-ket-kereken\/#primaryimage","url":"https:\/\/d2p6e6u75xmxt8.cloudfront.net\/12\/2019\/04\/bajkse-kh02.jpg","contentUrl":"https:\/\/d2p6e6u75xmxt8.cloudfront.net\/12\/2019\/04\/bajkse-kh02.jpg","width":720,"height":398},{"@type":"BreadcrumbList","@id":"https:\/\/www.welovecycling.com\/hu\/edzes-es-eletmod\/akrobatak-ket-kereken\/#breadcrumb","itemListElement":[{"@type":"ListItem","position":1,"name":"Home","item":"https:\/\/www.welovecycling.com\/hu\/"},{"@type":"ListItem","position":2,"name":"Akrobat\u00e1k k\u00e9t ker\u00e9ken"}]},{"@type":"WebSite","@id":"https:\/\/www.welovecycling.com\/hu\/#website","url":"https:\/\/www.welovecycling.com\/hu\/","name":"\u0160koda We Love Cycling - Magyarorsz\u00e1g","description":"\u0160koda WeLoveCycling","potentialAction":[{"@type":"SearchAction","target":{"@type":"EntryPoint","urlTemplate":"https:\/\/www.welovecycling.com\/hu\/?s={search_term_string}"},"query-input":{"@type":"PropertyValueSpecification","valueRequired":true,"valueName":"search_term_string"}}],"inLanguage":"hu"},{"@type":"Person","@id":"https:\/\/www.welovecycling.com\/hu\/#\/schema\/person\/414a2aebf1801691a5320edb6468e194","name":"hegyizs","image":{"@type":"ImageObject","inLanguage":"hu","@id":"https:\/\/www.welovecycling.com\/hu\/#\/schema\/person\/image\/","url":"https:\/\/secure.gravatar.com\/avatar\/02cf8a7906b8cf90cecb4679defac7cfd33a1c2e3b88e4903d947f3bb58eedd3?s=96&d=mm&r=g","contentUrl":"https:\/\/secure.gravatar.com\/avatar\/02cf8a7906b8cf90cecb4679defac7cfd33a1c2e3b88e4903d947f3bb58eedd3?s=96&d=mm&r=g","caption":"hegyizs"},"url":"https:\/\/www.welovecycling.com\/hu\/author\/hegyizs\/"}]}},"_links":{"self":[{"href":"https:\/\/www.welovecycling.com\/hu\/wp-json\/wp\/v2\/posts\/3058","targetHints":{"allow":["GET"]}}],"collection":[{"href":"https:\/\/www.welovecycling.com\/hu\/wp-json\/wp\/v2\/posts"}],"about":[{"href":"https:\/\/www.welovecycling.com\/hu\/wp-json\/wp\/v2\/types\/post"}],"author":[{"embeddable":true,"href":"https:\/\/www.welovecycling.com\/hu\/wp-json\/wp\/v2\/users\/71"}],"replies":[{"embeddable":true,"href":"https:\/\/www.welovecycling.com\/hu\/wp-json\/wp\/v2\/comments?post=3058"}],"version-history":[{"count":2,"href":"https:\/\/www.welovecycling.com\/hu\/wp-json\/wp\/v2\/posts\/3058\/revisions"}],"predecessor-version":[{"id":3067,"href":"https:\/\/www.welovecycling.com\/hu\/wp-json\/wp\/v2\/posts\/3058\/revisions\/3067"}],"wp:featuredmedia":[{"embeddable":true,"href":"https:\/\/www.welovecycling.com\/hu\/wp-json\/wp\/v2\/media\/3060"}],"wp:attachment":[{"href":"https:\/\/www.welovecycling.com\/hu\/wp-json\/wp\/v2\/media?parent=3058"}],"wp:term":[{"taxonomy":"category","embeddable":true,"href":"https:\/\/www.welovecycling.com\/hu\/wp-json\/wp\/v2\/categories?post=3058"},{"taxonomy":"post_tag","embeddable":true,"href":"https:\/\/www.welovecycling.com\/hu\/wp-json\/wp\/v2\/tags?post=3058"},{"taxonomy":"global-categories","embeddable":true,"href":"https:\/\/www.welovecycling.com\/hu\/wp-json\/wp\/v2\/global-categories?post=3058"}],"curies":[{"name":"wp","href":"https:\/\/api.w.org\/{rel}","templated":true}]}}