{"id":3051,"date":"2019-04-11T08:00:04","date_gmt":"2019-04-11T07:00:04","guid":{"rendered":"https:\/\/www.welovecycling.com\/hu\/?p=3051"},"modified":"2019-04-05T10:33:47","modified_gmt":"2019-04-05T09:33:47","slug":"keszitsd-fel-a-bringad-a-tavaszra","status":"publish","type":"post","link":"https:\/\/www.welovecycling.com\/hu\/biztonsag\/keszitsd-fel-a-bringad-a-tavaszra\/","title":{"rendered":"K\u00e9sz\u00edtsd fel a bring\u00e1d a tavaszra!"},"content":{"rendered":"<p><strong>Az id\u0151 egyre melegszik \u00e9s a s\u00f3 is m\u00e1r lekopott az utakr\u00f3l.\u00a0 Ideje eltenni a t\u00e9lit \u00e9s leporolni a jobbik bring\u00e1d. Itt van p\u00e1r \u00f6tlet, hogy maradhat val\u00f3ban ez a jobbik a bring\u00e1d.<\/strong><\/p>\n<p><!--more--><\/p>\n<h2><strong>Pump\u00e1t neki<\/strong><\/h2>\n<p>Ha nem a falra teszed fel a biciklid t\u00e9len, akkor el\u00e9gg\u00e9 fel kell f\u00fajnod a gumikat, hogy a bels\u0151 ne pr\u00e9sel\u0151dj\u00f6n \u00f6ssze vagy ne nyom\u00f3djon meg.\u00a0 M\u00e9g a legk\u00f6nnyebb v\u00e1z is nyom p\u00e1r kilogrammot \u00e9s gyeng\u00edtheti a cs\u00f6vet, vagy ami m\u00e9g rosszabb, a gumik oldalfal\u00e1t.<\/p>\n<p>Ha elker\u00fclte a figyelmed a gumiba lerak\u00f3d\u00f3, ak\u00e1r legkisebb t\u00f6rmel\u00e9kdarabka is, k\u00e9t lehet\u0151s\u00e9ged van. Az els\u0151, hogy leszeded a gumit \u00e9s a bels\u0151t, j\u00f3l \u00e1tvizsg\u00e1lod \u00e9s elt\u00e1vol\u00edtasz minden gyan\u00fasnak t\u0171n\u0151 apr\u00f3 t\u00f6rmel\u00e9ket. A m\u00e1sodik? \u00daj k\u00fcls\u0151t \u00e9s bels\u0151t teszel fel, \u00e9s addig <a href=\"https:\/\/www.welovecycling.com\/wide\/2017\/05\/11\/choose-tyre-pressure\/\">pump\u00e1lod<\/a>, am\u00edg feszes nem lesz.<\/p>\n<h2><strong>Csak egyenesen<\/strong><\/h2>\n<p>A szerel\u0151\u00e1llv\u00e1nyok ugyan dr\u00e1g\u00e1nak t\u0171nhetnek, de p\u00e1r ezer kilom\u00e9ter megt\u00e9tele ut\u00e1n b\u0151ven visszahozz\u00e1k az \u00e1rukat. Hab\u00e1r \u00e9n im\u00e1dom a saj\u00e1t \u00e1llv\u00e1nyom, de bar\u00e1tunk, <a href=\"https:\/\/www.welovecycling.com\/wide\/2016\/06\/21\/tony-10-speed-mechanics-maintenance-fitness-2\/\">Tony 10 Speed<\/a> megmutatja hogyan lehet \u00e1llv\u00e1ny n\u00e9lk\u00fcl kereket egyenes\u00edteni.<\/p>\n<lite-youtube videoid=UMUjznaTn7M params=\"enablejsapi=1\" style=\"background-image: url('https:\/\/i.ytimg.com\/vi_webp\/UMUjznaTn7M\/maxresdefault.webp');\"><\/lite-youtube>\n<p>Teh\u00e1t egyenes\u00edtsd ki a kerekeidet! Persze a helyi bring\u00e1s boltban megcsin\u00e1lj\u00e1k neked j\u00f3 p\u00e9nz\u00e9rt, de igaz\u00e1b\u00f3l csak v\u00e9szhelyzetben \u00e9rdemes hozz\u00e1juk fordulnod. Ha teljesen r\u00e1juk b\u00edzod magad, az teljesen megfoszt att\u00f3l a zen k\u00f6zeli \u00e9lm\u00e9nyt\u0151l, amelyet annak felfedez\u00e9se jelent, hogy a kiegyengetett ker\u00e9k a teljes\u00edtm\u00e9nyen is megl\u00e1tszik.<\/p>\n<h2><strong>Takar\u00edtsd le a v\u00e1zat, olajozd \u00fajra a l\u00e1ncokat<\/strong><\/h2>\n<p>Felt\u00e9telezem, hogy j\u00f3l letakar\u00edtottad \u00e9leted szerelm\u00e9t, miel\u0151tt elraktad t\u00e9li hely\u00e9re, sz\u00f3val ide\u00e1lis esetben csak \u00e1t kellene t\u00f6r\u00f6ln\u00f6d, hogy a makacs port elt\u00e1vol\u00edtsd.\u00a0 Az l\u00e1nc olajozott r\u00e9szei m\u00e1r m\u00e1s k\u00e9rd\u00e9s, nekik kicsit t\u00f6bbre lesz sz\u00fcks\u00e9g\u00fck enn\u00e9l.<\/p>\n<lite-youtube videoid=OvKcsMg8TJc params=\"enablejsapi=1\" style=\"background-image: url('https:\/\/i.ytimg.com\/vi_webp\/OvKcsMg8TJc\/maxresdefault.webp');\"><\/lite-youtube>\n<p>A fenti vide\u00f3 bemutatja a zs\u00edrtalan\u00edt\u00e1s menet\u00e9t, majd az \u00fajra \u00e1tken\u00e9st is, de ha lapul \u00e9pp felesleges 50 ezer forintod a fi\u00f3kban, akkor kipr\u00f3b\u00e1lhatod az ultraszonikus zs\u00edrtalan\u00edt\u00f3t is. Nagym\u00e9rt\u00e9kben megk\u00f6nny\u00edti a tiszt\u00edt\u00e1si m\u0171veletet \u00e9s az alkatr\u00e9szek \u00e9lettartam\u00e1t is meghosszabb\u00edtja.<\/p>\n<h2><strong>Felnik \u00e9s f\u00e9kek<\/strong><\/h2>\n<p>A bring\u00e1kat gyakran t\u00e1rolj\u00e1k rakt\u00e1rakban vagy gar\u00e1zsban, \u00e9s ezek a helyek azok, ahol \u00e1ltal\u00e1ban koszos, olajos g\u00e9peket szoktunk szerelgetni, \u00e9s ahol az olajat vagy a g\u00e9pzs\u00edrt tartjuk. Mindegy mennyire \u00f3vatosnak vagy rendszeret\u0151nek gondolod magad, ki tudod ezt \u0151szint\u00e9n jelenteni a p\u00e1rodr\u00f3l, a gyerekeidr\u0151l vagy lak\u00f3t\u00e1rsaidr\u00f3l is?<\/p>\n<lite-youtube videoid=0SQ0WYJxBEI params=\"enablejsapi=1\" style=\"background-image: url('https:\/\/i.ytimg.com\/vi_webp\/0SQ0WYJxBEI\/maxresdefault.webp');\"><\/lite-youtube>\n<p>Hogy mennyire tudod megfelel\u0151en lef\u00e9kezni a j\u00e1rg\u00e1nyodat, az sz\u00f3 szerint \u00e9let \u00e9s hal\u00e1l k\u00e9rd\u00e9se is lehet, sz\u00f3val ne b\u00edzd a v\u00e9letlenre a saj\u00e1t vagy m\u00e1sok biztons\u00e1g\u00e1t. Alaposan mosd \u00e1t a felniket mindk\u00e9t ker\u00e9ken, hogy megbizonyosodj r\u00f3la, nincs zs\u00edrr\u00e9teg, ami a f\u00e9kez\u00e9st befoly\u00e1soln\u00e1. Bizonyosodj meg r\u00f3la, hogy a f\u00e9kek rendesen fognak \u00e9s nincs <a href=\"https:\/\/youtu.be\/0SQ0WYJxBEI?t=1m5s\">semmi szennyez\u0151d\u00e9s<\/a> rajtuk. Most pedig ind\u00edts, \u00e9rezd j\u00f3l magad!<\/p>\n","protected":false},"excerpt":{"rendered":"<p>Az id\u0151 egyre melegszik \u00e9s a s\u00f3 is m\u00e1r lekopott az utakr\u00f3l.\u00a0 Ideje eltenni a t\u00e9lit \u00e9s leporolni a jobbik [&hellip;]<\/p>\n","protected":false},"author":71,"featured_media":3055,"comment_status":"open","ping_status":"open","sticky":false,"template":"","format":"standard","meta":{"footnotes":""},"categories":[10],"tags":[],"global-categories":[],"class_list":["post-3051","post","type-post","status-publish","format-standard","has-post-thumbnail","hentry","category-biztonsag"],"yoast_head":"<!-- This site is optimized with the Yoast SEO Premium plugin v25.3 (Yoast SEO v25.9) - https:\/\/yoast.com\/wordpress\/plugins\/seo\/ -->\n<title>K\u00e9sz\u00edtsd fel a bring\u00e1d a tavaszra! - \u0160koda We Love Cycling - Magyarorsz\u00e1g<\/title>\n<meta name=\"robots\" content=\"index, follow, max-snippet:-1, max-image-preview:large, max-video-preview:-1\" \/>\n<link rel=\"canonical\" href=\"https:\/\/www.welovecycling.com\/hu\/biztonsag\/keszitsd-fel-a-bringad-a-tavaszra\/\" \/>\n<meta property=\"og:locale\" content=\"hu_HU\" \/>\n<meta property=\"og:type\" content=\"article\" \/>\n<meta property=\"og:title\" content=\"K\u00e9sz\u00edtsd fel a bring\u00e1d a tavaszra!\" \/>\n<meta property=\"og:description\" content=\"Az id\u0151 egyre melegszik \u00e9s a s\u00f3 is m\u00e1r lekopott az utakr\u00f3l.\u00a0 Ideje eltenni a t\u00e9lit \u00e9s leporolni a jobbik [&hellip;]\" \/>\n<meta property=\"og:url\" content=\"https:\/\/www.welovecycling.com\/hu\/biztonsag\/keszitsd-fel-a-bringad-a-tavaszra\/\" \/>\n<meta property=\"og:site_name\" content=\"\u0160koda We Love Cycling - Magyarorsz\u00e1g\" \/>\n<meta property=\"article:publisher\" content=\"https:\/\/www.facebook.com\/WeLoveCyclingHungary\/\" \/>\n<meta property=\"article:published_time\" content=\"2019-04-11T07:00:04+00:00\" \/>\n<meta property=\"og:image\" content=\"https:\/\/d2p6e6u75xmxt8.cloudfront.net\/12\/2019\/04\/profimedia-0340079590-1.jpg\" \/>\n\t<meta property=\"og:image:width\" content=\"1366\" \/>\n\t<meta property=\"og:image:height\" content=\"600\" \/>\n\t<meta property=\"og:image:type\" content=\"image\/jpeg\" \/>\n<meta name=\"author\" content=\"hegyizs\" \/>\n<meta name=\"twitter:card\" content=\"summary_large_image\" \/>\n<meta name=\"twitter:label1\" content=\"Written by\" \/>\n\t<meta name=\"twitter:data1\" content=\"Christopher Ashley\" \/>\n\t<meta name=\"twitter:label2\" content=\"Est. reading time\" \/>\n\t<meta name=\"twitter:data2\" content=\"3 minutes\" \/>\n<script type=\"application\/ld+json\" class=\"yoast-schema-graph\">{\"@context\":\"https:\/\/schema.org\",\"@graph\":[{\"@type\":\"WebPage\",\"@id\":\"https:\/\/www.welovecycling.com\/hu\/biztonsag\/keszitsd-fel-a-bringad-a-tavaszra\/\",\"url\":\"https:\/\/www.welovecycling.com\/hu\/biztonsag\/keszitsd-fel-a-bringad-a-tavaszra\/\",\"name\":\"K\u00e9sz\u00edtsd fel a bring\u00e1d a tavaszra! - \u0160koda We Love Cycling - Magyarorsz\u00e1g\",\"isPartOf\":{\"@id\":\"https:\/\/www.welovecycling.com\/hu\/#website\"},\"primaryImageOfPage\":{\"@id\":\"https:\/\/www.welovecycling.com\/hu\/biztonsag\/keszitsd-fel-a-bringad-a-tavaszra\/#primaryimage\"},\"image\":{\"@id\":\"https:\/\/www.welovecycling.com\/hu\/biztonsag\/keszitsd-fel-a-bringad-a-tavaszra\/#primaryimage\"},\"thumbnailUrl\":\"https:\/\/d2p6e6u75xmxt8.cloudfront.net\/12\/2019\/04\/profimedia-0340079590-1.jpg\",\"datePublished\":\"2019-04-11T07:00:04+00:00\",\"author\":{\"@id\":\"https:\/\/www.welovecycling.com\/hu\/#\/schema\/person\/414a2aebf1801691a5320edb6468e194\"},\"breadcrumb\":{\"@id\":\"https:\/\/www.welovecycling.com\/hu\/biztonsag\/keszitsd-fel-a-bringad-a-tavaszra\/#breadcrumb\"},\"inLanguage\":\"hu\",\"potentialAction\":[{\"@type\":\"ReadAction\",\"target\":[\"https:\/\/www.welovecycling.com\/hu\/biztonsag\/keszitsd-fel-a-bringad-a-tavaszra\/\"]}]},{\"@type\":\"ImageObject\",\"inLanguage\":\"hu\",\"@id\":\"https:\/\/www.welovecycling.com\/hu\/biztonsag\/keszitsd-fel-a-bringad-a-tavaszra\/#primaryimage\",\"url\":\"https:\/\/d2p6e6u75xmxt8.cloudfront.net\/12\/2019\/04\/profimedia-0340079590-1.jpg\",\"contentUrl\":\"https:\/\/d2p6e6u75xmxt8.cloudfront.net\/12\/2019\/04\/profimedia-0340079590-1.jpg\",\"width\":1366,\"height\":600},{\"@type\":\"BreadcrumbList\",\"@id\":\"https:\/\/www.welovecycling.com\/hu\/biztonsag\/keszitsd-fel-a-bringad-a-tavaszra\/#breadcrumb\",\"itemListElement\":[{\"@type\":\"ListItem\",\"position\":1,\"name\":\"Home\",\"item\":\"https:\/\/www.welovecycling.com\/hu\/\"},{\"@type\":\"ListItem\",\"position\":2,\"name\":\"K\u00e9sz\u00edtsd fel a bring\u00e1d a tavaszra!\"}]},{\"@type\":\"WebSite\",\"@id\":\"https:\/\/www.welovecycling.com\/hu\/#website\",\"url\":\"https:\/\/www.welovecycling.com\/hu\/\",\"name\":\"\u0160koda We Love Cycling - Magyarorsz\u00e1g\",\"description\":\"\u0160koda WeLoveCycling\",\"potentialAction\":[{\"@type\":\"SearchAction\",\"target\":{\"@type\":\"EntryPoint\",\"urlTemplate\":\"https:\/\/www.welovecycling.com\/hu\/?s={search_term_string}\"},\"query-input\":{\"@type\":\"PropertyValueSpecification\",\"valueRequired\":true,\"valueName\":\"search_term_string\"}}],\"inLanguage\":\"hu\"},{\"@type\":\"Person\",\"@id\":\"https:\/\/www.welovecycling.com\/hu\/#\/schema\/person\/414a2aebf1801691a5320edb6468e194\",\"name\":\"hegyizs\",\"image\":{\"@type\":\"ImageObject\",\"inLanguage\":\"hu\",\"@id\":\"https:\/\/www.welovecycling.com\/hu\/#\/schema\/person\/image\/\",\"url\":\"https:\/\/secure.gravatar.com\/avatar\/02cf8a7906b8cf90cecb4679defac7cfd33a1c2e3b88e4903d947f3bb58eedd3?s=96&d=mm&r=g\",\"contentUrl\":\"https:\/\/secure.gravatar.com\/avatar\/02cf8a7906b8cf90cecb4679defac7cfd33a1c2e3b88e4903d947f3bb58eedd3?s=96&d=mm&r=g\",\"caption\":\"hegyizs\"},\"url\":\"https:\/\/www.welovecycling.com\/hu\/author\/hegyizs\/\"}]}<\/script>\n<!-- \/ Yoast SEO Premium plugin. -->","yoast_head_json":{"title":"K\u00e9sz\u00edtsd fel a bring\u00e1d a tavaszra! - \u0160koda We Love Cycling - Magyarorsz\u00e1g","robots":{"index":"index","follow":"follow","max-snippet":"max-snippet:-1","max-image-preview":"max-image-preview:large","max-video-preview":"max-video-preview:-1"},"canonical":"https:\/\/www.welovecycling.com\/hu\/biztonsag\/keszitsd-fel-a-bringad-a-tavaszra\/","og_locale":"hu_HU","og_type":"article","og_title":"K\u00e9sz\u00edtsd fel a bring\u00e1d a tavaszra!","og_description":"Az id\u0151 egyre melegszik \u00e9s a s\u00f3 is m\u00e1r lekopott az utakr\u00f3l.\u00a0 Ideje eltenni a t\u00e9lit \u00e9s leporolni a jobbik [&hellip;]","og_url":"https:\/\/www.welovecycling.com\/hu\/biztonsag\/keszitsd-fel-a-bringad-a-tavaszra\/","og_site_name":"\u0160koda We Love Cycling - Magyarorsz\u00e1g","article_publisher":"https:\/\/www.facebook.com\/WeLoveCyclingHungary\/","article_published_time":"2019-04-11T07:00:04+00:00","og_image":[{"width":1366,"height":600,"url":"https:\/\/d2p6e6u75xmxt8.cloudfront.net\/12\/2019\/04\/profimedia-0340079590-1.jpg","type":"image\/jpeg"}],"author":"hegyizs","twitter_card":"summary_large_image","twitter_misc":{"Written by":"Christopher Ashley","Est. reading time":"3 minutes"},"schema":{"@context":"https:\/\/schema.org","@graph":[{"@type":"WebPage","@id":"https:\/\/www.welovecycling.com\/hu\/biztonsag\/keszitsd-fel-a-bringad-a-tavaszra\/","url":"https:\/\/www.welovecycling.com\/hu\/biztonsag\/keszitsd-fel-a-bringad-a-tavaszra\/","name":"K\u00e9sz\u00edtsd fel a bring\u00e1d a tavaszra! - \u0160koda We Love Cycling - Magyarorsz\u00e1g","isPartOf":{"@id":"https:\/\/www.welovecycling.com\/hu\/#website"},"primaryImageOfPage":{"@id":"https:\/\/www.welovecycling.com\/hu\/biztonsag\/keszitsd-fel-a-bringad-a-tavaszra\/#primaryimage"},"image":{"@id":"https:\/\/www.welovecycling.com\/hu\/biztonsag\/keszitsd-fel-a-bringad-a-tavaszra\/#primaryimage"},"thumbnailUrl":"https:\/\/d2p6e6u75xmxt8.cloudfront.net\/12\/2019\/04\/profimedia-0340079590-1.jpg","datePublished":"2019-04-11T07:00:04+00:00","author":{"@id":"https:\/\/www.welovecycling.com\/hu\/#\/schema\/person\/414a2aebf1801691a5320edb6468e194"},"breadcrumb":{"@id":"https:\/\/www.welovecycling.com\/hu\/biztonsag\/keszitsd-fel-a-bringad-a-tavaszra\/#breadcrumb"},"inLanguage":"hu","potentialAction":[{"@type":"ReadAction","target":["https:\/\/www.welovecycling.com\/hu\/biztonsag\/keszitsd-fel-a-bringad-a-tavaszra\/"]}]},{"@type":"ImageObject","inLanguage":"hu","@id":"https:\/\/www.welovecycling.com\/hu\/biztonsag\/keszitsd-fel-a-bringad-a-tavaszra\/#primaryimage","url":"https:\/\/d2p6e6u75xmxt8.cloudfront.net\/12\/2019\/04\/profimedia-0340079590-1.jpg","contentUrl":"https:\/\/d2p6e6u75xmxt8.cloudfront.net\/12\/2019\/04\/profimedia-0340079590-1.jpg","width":1366,"height":600},{"@type":"BreadcrumbList","@id":"https:\/\/www.welovecycling.com\/hu\/biztonsag\/keszitsd-fel-a-bringad-a-tavaszra\/#breadcrumb","itemListElement":[{"@type":"ListItem","position":1,"name":"Home","item":"https:\/\/www.welovecycling.com\/hu\/"},{"@type":"ListItem","position":2,"name":"K\u00e9sz\u00edtsd fel a bring\u00e1d a tavaszra!"}]},{"@type":"WebSite","@id":"https:\/\/www.welovecycling.com\/hu\/#website","url":"https:\/\/www.welovecycling.com\/hu\/","name":"\u0160koda We Love Cycling - Magyarorsz\u00e1g","description":"\u0160koda WeLoveCycling","potentialAction":[{"@type":"SearchAction","target":{"@type":"EntryPoint","urlTemplate":"https:\/\/www.welovecycling.com\/hu\/?s={search_term_string}"},"query-input":{"@type":"PropertyValueSpecification","valueRequired":true,"valueName":"search_term_string"}}],"inLanguage":"hu"},{"@type":"Person","@id":"https:\/\/www.welovecycling.com\/hu\/#\/schema\/person\/414a2aebf1801691a5320edb6468e194","name":"hegyizs","image":{"@type":"ImageObject","inLanguage":"hu","@id":"https:\/\/www.welovecycling.com\/hu\/#\/schema\/person\/image\/","url":"https:\/\/secure.gravatar.com\/avatar\/02cf8a7906b8cf90cecb4679defac7cfd33a1c2e3b88e4903d947f3bb58eedd3?s=96&d=mm&r=g","contentUrl":"https:\/\/secure.gravatar.com\/avatar\/02cf8a7906b8cf90cecb4679defac7cfd33a1c2e3b88e4903d947f3bb58eedd3?s=96&d=mm&r=g","caption":"hegyizs"},"url":"https:\/\/www.welovecycling.com\/hu\/author\/hegyizs\/"}]}},"_links":{"self":[{"href":"https:\/\/www.welovecycling.com\/hu\/wp-json\/wp\/v2\/posts\/3051","targetHints":{"allow":["GET"]}}],"collection":[{"href":"https:\/\/www.welovecycling.com\/hu\/wp-json\/wp\/v2\/posts"}],"about":[{"href":"https:\/\/www.welovecycling.com\/hu\/wp-json\/wp\/v2\/types\/post"}],"author":[{"embeddable":true,"href":"https:\/\/www.welovecycling.com\/hu\/wp-json\/wp\/v2\/users\/71"}],"replies":[{"embeddable":true,"href":"https:\/\/www.welovecycling.com\/hu\/wp-json\/wp\/v2\/comments?post=3051"}],"version-history":[{"count":1,"href":"https:\/\/www.welovecycling.com\/hu\/wp-json\/wp\/v2\/posts\/3051\/revisions"}],"predecessor-version":[{"id":3056,"href":"https:\/\/www.welovecycling.com\/hu\/wp-json\/wp\/v2\/posts\/3051\/revisions\/3056"}],"wp:featuredmedia":[{"embeddable":true,"href":"https:\/\/www.welovecycling.com\/hu\/wp-json\/wp\/v2\/media\/3055"}],"wp:attachment":[{"href":"https:\/\/www.welovecycling.com\/hu\/wp-json\/wp\/v2\/media?parent=3051"}],"wp:term":[{"taxonomy":"category","embeddable":true,"href":"https:\/\/www.welovecycling.com\/hu\/wp-json\/wp\/v2\/categories?post=3051"},{"taxonomy":"post_tag","embeddable":true,"href":"https:\/\/www.welovecycling.com\/hu\/wp-json\/wp\/v2\/tags?post=3051"},{"taxonomy":"global-categories","embeddable":true,"href":"https:\/\/www.welovecycling.com\/hu\/wp-json\/wp\/v2\/global-categories?post=3051"}],"curies":[{"name":"wp","href":"https:\/\/api.w.org\/{rel}","templated":true}]}}