{"id":3025,"date":"2019-04-12T08:00:05","date_gmt":"2019-04-12T07:00:05","guid":{"rendered":"https:\/\/www.welovecycling.com\/hu\/?p=3025"},"modified":"2019-04-05T09:44:17","modified_gmt":"2019-04-05T08:44:17","slug":"biciklis-filmvetites-egy-vandormozi-otlete","status":"publish","type":"post","link":"https:\/\/www.welovecycling.com\/hu\/orszaguti-kerekpar\/biciklis-filmvetites-egy-vandormozi-otlete\/","title":{"rendered":"Biciklis Filmvet\u00edt\u00e9s: Egy v\u00e1ndormozi \u00f6tlete"},"content":{"rendered":"<p><strong>2014-ben Jan Turnovec \u00e9s Ondrej Kaspar egy h\u00e1tizs\u00e1kkal, biciklivel \u00e9s filmvet\u00edt\u0151vel felszerelkezve jegyet v\u00e1ltottak egy Pr\u00e1g\u00e1b\u00f3l Pakiszt\u00e1nba tart\u00f3 rep\u00fcl\u0151re. A k\u00e9t cseh bar\u00e1t Road Cinema Trip n\u00e9ven kalandos \u00fatra v\u00e1llalkozott. A terv az volt, hogy biciklivel bej\u00e1rj\u00e1k a Grand Trunk Road, egy 2700 km-es, Bangladest Afganiszt\u00e1nnal \u00f6sszek\u00f6t\u0151, r\u00e9gi, kereskedelmi \u00fatvonal egy r\u00e9sz\u00e9t. Kiindul\u00e1si pontk\u00e9nt a pakiszt\u00e1ni Peshawart, m\u00edg v\u00e9gc\u00e9lk\u00e9nt az indiai Kolkata v\u00e1ros\u00e1t jel\u00f6lt\u00e9k meg. <\/strong><\/p>\n<p><!--more--><\/p>\n<p>A p\u00e1ros hangs\u00falyozta, hogy a projekt h\u00e1tter\u00e9ben nem \u00e1llt semmilyen j\u00f3t\u00e9konys\u00e1gi t\u00f6rekv\u00e9s. A c\u00e9l egyszer\u0171en a helyi falvak, v\u00e1rosok \u00e9s nyomornegyedek lak\u00f3ival \u00e1t\u00e9lt k\u00f6z\u00f6s sz\u00f3rakoz\u00e1s\/m\u00f3ka volt, amikor \u00e9s ahol csak alkalom ad\u00f3dik.<\/p>\n<p><a href=\"https:\/\/d2p6e6u75xmxt8.cloudfront.net\/2\/2019\/03\/Cycle-rickshaw.jpg\"><img loading=\"lazy\" decoding=\"async\" class=\"alignnone size-large wp-image-3026\" src=\"https:\/\/d2p6e6u75xmxt8.cloudfront.net\/12\/2019\/04\/Cycle-rickshaw-1024x768.jpg\" alt=\"\" width=\"1024\" height=\"768\" srcset=\"https:\/\/d2p6e6u75xmxt8.cloudfront.net\/12\/2019\/04\/Cycle-rickshaw-1024x768.jpg 1024w, https:\/\/d2p6e6u75xmxt8.cloudfront.net\/12\/2019\/04\/Cycle-rickshaw-300x225.jpg 300w, https:\/\/d2p6e6u75xmxt8.cloudfront.net\/12\/2019\/04\/Cycle-rickshaw-768x576.jpg 768w, https:\/\/d2p6e6u75xmxt8.cloudfront.net\/12\/2019\/04\/Cycle-rickshaw.jpg 1200w\" sizes=\"auto, (max-width: 1024px) 100vw, 1024px\" \/><\/a><\/p>\n<p>Az els\u0151 feladatuk Pesawarba \u00e9rkez\u00e9s\u00fck ut\u00e1n, egy biciklis riksa megv\u00e9tele volt, hiszen Csehorsz\u00e1gb\u00f3l el\u00e9g bonyolult lett volna magukkal hozni egyet. Sajnos azonban ezt nem siker\u00fclt kivitelezni\u00fck, ugyanis a keres\u00e9s felkeltette a helyi hat\u00f3s\u00e1gok figyelm\u00e9t. Sehogyan sem \u00e9rtett\u00e9k, mi\u00e9rt akarn\u00e1 k\u00e9t cseh fick\u00f3 kereszt\u00fclbiciklizni Pakiszt\u00e1nt egy riks\u00e1val.<\/p>\n<p>A helyzet od\u00e1ig fajult, hogy Jan-t \u00e9s Ondrej-t kihallgatta a helyi titkos szolg\u00e1lat, majd el kellett hagyniuk Peshawart, \u00e9s Islamabadb\u00f3l folytatni \u00fatjukat. Itt v\u00e9g\u00fcl sikerrel j\u00e1rtak, \u00e9s v\u00e1s\u00e1roltak egy Sohrab n\u00e9vre hallgat\u00f3 riks\u00e1t. Ezut\u00e1n egy gener\u00e1torral, \u00e9s egy k\u00fcl\u00f6n ehhez a projekthez k\u00e9sz\u00edtett filmv\u00e1szonnal, v\u00e9gre kezdet\u00e9t vehette a majdnem 5 h\u00f3napon \u00e1t tart\u00f3 kaland.<\/p>\n<p><a href=\"https:\/\/d2p6e6u75xmxt8.cloudfront.net\/2\/2019\/03\/Road-Cinema-2.jpg\"><img loading=\"lazy\" decoding=\"async\" class=\"alignnone size-large wp-image-3027\" src=\"https:\/\/d2p6e6u75xmxt8.cloudfront.net\/12\/2019\/04\/Road-Cinema-2-1024x768.jpg\" alt=\"\" width=\"1024\" height=\"768\" srcset=\"https:\/\/d2p6e6u75xmxt8.cloudfront.net\/12\/2019\/04\/Road-Cinema-2-1024x768.jpg 1024w, https:\/\/d2p6e6u75xmxt8.cloudfront.net\/12\/2019\/04\/Road-Cinema-2-300x225.jpg 300w, https:\/\/d2p6e6u75xmxt8.cloudfront.net\/12\/2019\/04\/Road-Cinema-2-768x576.jpg 768w, https:\/\/d2p6e6u75xmxt8.cloudfront.net\/12\/2019\/04\/Road-Cinema-2.jpg 1200w\" sizes=\"auto, (max-width: 1024px) 100vw, 1024px\" \/><\/a><\/p>\n<p>A riks\u00e1k, amelyeket a k\u00e9t biciklis az \u00fat sor\u00e1n ig\u00e9nybe vett, nem voltak t\u00fal high-tech min\u0151s\u00e9g\u0171ek, \u00e1m az \u00fat sor\u00e1n mindig tal\u00e1ltak valakit, aki seg\u00edtett a jav\u00edt\u00e1sukban, vagy extra alkatr\u00e9szekkel szolg\u00e1lt.<\/p>\n<blockquote><p><strong>\u201c<em>\u00dagy gondolom a legnagyobb\u00a0 kih\u00edv\u00e1s az \u00faton a saj\u00e1t lustas\u00e1gunk volt<\/em>\u201d<\/strong> \u2013 Ond\u0159ej Ka\u0161par<\/p><\/blockquote>\n<p>Az eredeti terv\u00fck az volt, hogy 100 nap alatt megtesznek 2500 km-t, \u00e9s minden este levet\u00edtenek egy filmet. Nem meglep\u0151 m\u00f3don ez nem val\u00f3sulhatott meg. V\u00e9g\u00fcl \u00f6sszesen 31 vet\u00edt\u00e9st siker\u00fclt a kalandoroknak megszervezni (beismerve, hogy ennek egyik oka rendszeres lebeteged\u00e9seik voltak). \u00a0N\u00e9ha akkor is elmaradt a moziz\u00e1s, ha nem volt kedv\u00fck hozz\u00e1.<\/p>\n<p>A vet\u00edt\u00e9sek helysz\u00ednei spont\u00e1n alakultak. Amint meg\u00e9rkeztek valahov\u00e1, elmagyar\u00e1zt\u00e1k terv\u00fcket a k\u00f6r\u00e9j\u00fck gy\u0171lt, k\u00edv\u00e1ncsi, helyi gyerekeknek, akik tov\u00e1bbadt\u00e1k a h\u00edrt. Enn\u00e9l egyszer\u0171bb \u00e9s hat\u00e1sosabb rekl\u00e1m nem is kellett. A vet\u00edt\u0151knek, ahogy kor\u00e1bban is eml\u00edtik, egy\u00e1ltal\u00e1n nem \u00e1llt sz\u00e1nd\u00e9kukban az esem\u00e9nyt jobb sz\u00ednben felt\u00fcntetni, mint amilyen val\u00f3j\u00e1ban volt.<\/p>\n<p>\u00c9s mi a helyzet a t\u00fara kinematogr\u00e1fiai r\u00e9sz\u00e9vel? Az ember azt gondoln\u00e1 a Gett\u00f3 Milliomos aratta a legnagyobb sikert, \u00e1m mint kider\u00fclt, kor\u00e1ntsem ez volt a helyzet. Az egyik legn\u00e9pszer\u0171bb az indiai Dhoom tril\u00f3gia volt. A Dzsungel k\u00f6nyve szint\u00e9n nagy n\u00e9zetts\u00e9ggel b\u00fcszk\u00e9lkedhetett. \u00c1m az igaz\u00e1n nagy durran\u00e1s a J\u00e9gkorszak 4 \u2013 V\u00e1ndorl\u00f3 kontinens volt, a csal\u00e1di film minden koroszt\u00e1ly sz\u00e1m\u00e1ra sz\u00f3rakoztat\u00f3nak bizonyult.<\/p>\n<blockquote><p><strong>\u201c<em>Az embereket nem k\u00fcl\u00f6n\u00f6sebben izgatta az ottl\u00e9t\u00fcnk \u00e9s a vet\u00edt\u00e9sek. Rem\u00e9lhet\u0151leg volt, akinek \u00f6r\u00f6met okoztunk ezzel, de senki sem \u00e1jult el a boldogs\u00e1gt\u00f3l.\u201d<\/em><em>\u00a0<\/em><\/strong> \u2013 Ond\u0159ej Ka\u0161par<\/p><\/blockquote>\n<p>R\u00f6vidre z\u00e1rva a t\u00f6rt\u00e9netet, miut\u00e1n meg\u00e9rkeztek Delhibe, \u00e9s az utols\u00f3 filmet is lej\u00e1tszott\u00e1k, Jan \u00e9s Ondrej \u00f6sszepakolt\u00e1k a holmijukat, bele\u00e9rtve h\u0171 t\u00e1rsukat, Sohrabot is, \u00e9s hazarep\u00fcltek. Az \u00fatjukr\u00f3l k\u00e9sz\u00fclt vlogot <a href=\"http:\/\/roadcinema.com\/\">itt<\/a> tal\u00e1lj\u00e1tok.<\/p>\n","protected":false},"excerpt":{"rendered":"<p>2014-ben Jan Turnovec \u00e9s Ondrej Kaspar egy h\u00e1tizs\u00e1kkal, biciklivel \u00e9s filmvet\u00edt\u0151vel felszerelkezve jegyet v\u00e1ltottak egy Pr\u00e1g\u00e1b\u00f3l Pakiszt\u00e1nba tart\u00f3 rep\u00fcl\u0151re. A [&hellip;]<\/p>\n","protected":false},"author":71,"featured_media":3029,"comment_status":"open","ping_status":"open","sticky":false,"template":"","format":"standard","meta":{"footnotes":""},"categories":[8],"tags":[],"global-categories":[],"class_list":["post-3025","post","type-post","status-publish","format-standard","has-post-thumbnail","hentry","category-orszaguti-kerekpar"],"yoast_head":"<!-- This site is optimized with the Yoast SEO Premium plugin v25.3 (Yoast SEO v25.9) - https:\/\/yoast.com\/wordpress\/plugins\/seo\/ -->\n<title>Biciklis Filmvet\u00edt\u00e9s: Egy v\u00e1ndormozi \u00f6tlete - \u0160koda We Love Cycling - Magyarorsz\u00e1g<\/title>\n<meta name=\"robots\" content=\"index, follow, max-snippet:-1, max-image-preview:large, max-video-preview:-1\" \/>\n<link rel=\"canonical\" href=\"https:\/\/www.welovecycling.com\/hu\/orszaguti-kerekpar\/biciklis-filmvetites-egy-vandormozi-otlete\/\" \/>\n<meta property=\"og:locale\" content=\"hu_HU\" \/>\n<meta property=\"og:type\" content=\"article\" \/>\n<meta property=\"og:title\" content=\"Biciklis Filmvet\u00edt\u00e9s: Egy v\u00e1ndormozi \u00f6tlete\" \/>\n<meta property=\"og:description\" content=\"2014-ben Jan Turnovec \u00e9s Ondrej Kaspar egy h\u00e1tizs\u00e1kkal, biciklivel \u00e9s filmvet\u00edt\u0151vel felszerelkezve jegyet v\u00e1ltottak egy Pr\u00e1g\u00e1b\u00f3l Pakiszt\u00e1nba tart\u00f3 rep\u00fcl\u0151re. A [&hellip;]\" \/>\n<meta property=\"og:url\" content=\"https:\/\/www.welovecycling.com\/hu\/orszaguti-kerekpar\/biciklis-filmvetites-egy-vandormozi-otlete\/\" \/>\n<meta property=\"og:site_name\" content=\"\u0160koda We Love Cycling - Magyarorsz\u00e1g\" \/>\n<meta property=\"article:publisher\" content=\"https:\/\/www.facebook.com\/WeLoveCyclingHungary\/\" \/>\n<meta property=\"article:published_time\" content=\"2019-04-12T07:00:05+00:00\" \/>\n<meta property=\"og:image\" content=\"https:\/\/d2p6e6u75xmxt8.cloudfront.net\/12\/2019\/04\/Ondrej-Kaspar-Jan-Turnovec-CVR.jpg\" \/>\n\t<meta property=\"og:image:width\" content=\"1366\" \/>\n\t<meta property=\"og:image:height\" content=\"600\" \/>\n\t<meta property=\"og:image:type\" content=\"image\/jpeg\" \/>\n<meta name=\"author\" content=\"hegyizs\" \/>\n<meta name=\"twitter:card\" content=\"summary_large_image\" \/>\n<meta name=\"twitter:label1\" content=\"Written by\" \/>\n\t<meta name=\"twitter:data1\" content=\"Tereza Antonov\u00e1\" \/>\n\t<meta name=\"twitter:label2\" content=\"Est. reading time\" \/>\n\t<meta name=\"twitter:data2\" content=\"6\" \/>\n<script type=\"application\/ld+json\" class=\"yoast-schema-graph\">{\"@context\":\"https:\/\/schema.org\",\"@graph\":[{\"@type\":\"WebPage\",\"@id\":\"https:\/\/www.welovecycling.com\/hu\/orszaguti-kerekpar\/biciklis-filmvetites-egy-vandormozi-otlete\/\",\"url\":\"https:\/\/www.welovecycling.com\/hu\/orszaguti-kerekpar\/biciklis-filmvetites-egy-vandormozi-otlete\/\",\"name\":\"Biciklis Filmvet\u00edt\u00e9s: Egy v\u00e1ndormozi \u00f6tlete - \u0160koda We Love Cycling - Magyarorsz\u00e1g\",\"isPartOf\":{\"@id\":\"https:\/\/www.welovecycling.com\/hu\/#website\"},\"primaryImageOfPage\":{\"@id\":\"https:\/\/www.welovecycling.com\/hu\/orszaguti-kerekpar\/biciklis-filmvetites-egy-vandormozi-otlete\/#primaryimage\"},\"image\":{\"@id\":\"https:\/\/www.welovecycling.com\/hu\/orszaguti-kerekpar\/biciklis-filmvetites-egy-vandormozi-otlete\/#primaryimage\"},\"thumbnailUrl\":\"https:\/\/d2p6e6u75xmxt8.cloudfront.net\/12\/2019\/04\/Ondrej-Kaspar-Jan-Turnovec-CVR.jpg\",\"datePublished\":\"2019-04-12T07:00:05+00:00\",\"author\":{\"@id\":\"https:\/\/www.welovecycling.com\/hu\/#\/schema\/person\/414a2aebf1801691a5320edb6468e194\"},\"breadcrumb\":{\"@id\":\"https:\/\/www.welovecycling.com\/hu\/orszaguti-kerekpar\/biciklis-filmvetites-egy-vandormozi-otlete\/#breadcrumb\"},\"inLanguage\":\"hu\",\"potentialAction\":[{\"@type\":\"ReadAction\",\"target\":[\"https:\/\/www.welovecycling.com\/hu\/orszaguti-kerekpar\/biciklis-filmvetites-egy-vandormozi-otlete\/\"]}]},{\"@type\":\"ImageObject\",\"inLanguage\":\"hu\",\"@id\":\"https:\/\/www.welovecycling.com\/hu\/orszaguti-kerekpar\/biciklis-filmvetites-egy-vandormozi-otlete\/#primaryimage\",\"url\":\"https:\/\/d2p6e6u75xmxt8.cloudfront.net\/12\/2019\/04\/Ondrej-Kaspar-Jan-Turnovec-CVR.jpg\",\"contentUrl\":\"https:\/\/d2p6e6u75xmxt8.cloudfront.net\/12\/2019\/04\/Ondrej-Kaspar-Jan-Turnovec-CVR.jpg\",\"width\":1366,\"height\":600},{\"@type\":\"BreadcrumbList\",\"@id\":\"https:\/\/www.welovecycling.com\/hu\/orszaguti-kerekpar\/biciklis-filmvetites-egy-vandormozi-otlete\/#breadcrumb\",\"itemListElement\":[{\"@type\":\"ListItem\",\"position\":1,\"name\":\"Home\",\"item\":\"https:\/\/www.welovecycling.com\/hu\/\"},{\"@type\":\"ListItem\",\"position\":2,\"name\":\"Biciklis Filmvet\u00edt\u00e9s: Egy v\u00e1ndormozi \u00f6tlete\"}]},{\"@type\":\"WebSite\",\"@id\":\"https:\/\/www.welovecycling.com\/hu\/#website\",\"url\":\"https:\/\/www.welovecycling.com\/hu\/\",\"name\":\"\u0160koda We Love Cycling - Magyarorsz\u00e1g\",\"description\":\"\u0160koda WeLoveCycling\",\"potentialAction\":[{\"@type\":\"SearchAction\",\"target\":{\"@type\":\"EntryPoint\",\"urlTemplate\":\"https:\/\/www.welovecycling.com\/hu\/?s={search_term_string}\"},\"query-input\":{\"@type\":\"PropertyValueSpecification\",\"valueRequired\":true,\"valueName\":\"search_term_string\"}}],\"inLanguage\":\"hu\"},{\"@type\":\"Person\",\"@id\":\"https:\/\/www.welovecycling.com\/hu\/#\/schema\/person\/414a2aebf1801691a5320edb6468e194\",\"name\":\"hegyizs\",\"image\":{\"@type\":\"ImageObject\",\"inLanguage\":\"hu\",\"@id\":\"https:\/\/www.welovecycling.com\/hu\/#\/schema\/person\/image\/\",\"url\":\"https:\/\/secure.gravatar.com\/avatar\/02cf8a7906b8cf90cecb4679defac7cfd33a1c2e3b88e4903d947f3bb58eedd3?s=96&d=mm&r=g\",\"contentUrl\":\"https:\/\/secure.gravatar.com\/avatar\/02cf8a7906b8cf90cecb4679defac7cfd33a1c2e3b88e4903d947f3bb58eedd3?s=96&d=mm&r=g\",\"caption\":\"hegyizs\"},\"url\":\"https:\/\/www.welovecycling.com\/hu\/author\/hegyizs\/\"}]}<\/script>\n<!-- \/ Yoast SEO Premium plugin. -->","yoast_head_json":{"title":"Biciklis Filmvet\u00edt\u00e9s: Egy v\u00e1ndormozi \u00f6tlete - \u0160koda We Love Cycling - Magyarorsz\u00e1g","robots":{"index":"index","follow":"follow","max-snippet":"max-snippet:-1","max-image-preview":"max-image-preview:large","max-video-preview":"max-video-preview:-1"},"canonical":"https:\/\/www.welovecycling.com\/hu\/orszaguti-kerekpar\/biciklis-filmvetites-egy-vandormozi-otlete\/","og_locale":"hu_HU","og_type":"article","og_title":"Biciklis Filmvet\u00edt\u00e9s: Egy v\u00e1ndormozi \u00f6tlete","og_description":"2014-ben Jan Turnovec \u00e9s Ondrej Kaspar egy h\u00e1tizs\u00e1kkal, biciklivel \u00e9s filmvet\u00edt\u0151vel felszerelkezve jegyet v\u00e1ltottak egy Pr\u00e1g\u00e1b\u00f3l Pakiszt\u00e1nba tart\u00f3 rep\u00fcl\u0151re. A [&hellip;]","og_url":"https:\/\/www.welovecycling.com\/hu\/orszaguti-kerekpar\/biciklis-filmvetites-egy-vandormozi-otlete\/","og_site_name":"\u0160koda We Love Cycling - Magyarorsz\u00e1g","article_publisher":"https:\/\/www.facebook.com\/WeLoveCyclingHungary\/","article_published_time":"2019-04-12T07:00:05+00:00","og_image":[{"width":1366,"height":600,"url":"https:\/\/d2p6e6u75xmxt8.cloudfront.net\/12\/2019\/04\/Ondrej-Kaspar-Jan-Turnovec-CVR.jpg","type":"image\/jpeg"}],"author":"hegyizs","twitter_card":"summary_large_image","twitter_misc":{"Written by":"Tereza Antonov\u00e1","Est. reading time":"6"},"schema":{"@context":"https:\/\/schema.org","@graph":[{"@type":"WebPage","@id":"https:\/\/www.welovecycling.com\/hu\/orszaguti-kerekpar\/biciklis-filmvetites-egy-vandormozi-otlete\/","url":"https:\/\/www.welovecycling.com\/hu\/orszaguti-kerekpar\/biciklis-filmvetites-egy-vandormozi-otlete\/","name":"Biciklis Filmvet\u00edt\u00e9s: Egy v\u00e1ndormozi \u00f6tlete - \u0160koda We Love Cycling - Magyarorsz\u00e1g","isPartOf":{"@id":"https:\/\/www.welovecycling.com\/hu\/#website"},"primaryImageOfPage":{"@id":"https:\/\/www.welovecycling.com\/hu\/orszaguti-kerekpar\/biciklis-filmvetites-egy-vandormozi-otlete\/#primaryimage"},"image":{"@id":"https:\/\/www.welovecycling.com\/hu\/orszaguti-kerekpar\/biciklis-filmvetites-egy-vandormozi-otlete\/#primaryimage"},"thumbnailUrl":"https:\/\/d2p6e6u75xmxt8.cloudfront.net\/12\/2019\/04\/Ondrej-Kaspar-Jan-Turnovec-CVR.jpg","datePublished":"2019-04-12T07:00:05+00:00","author":{"@id":"https:\/\/www.welovecycling.com\/hu\/#\/schema\/person\/414a2aebf1801691a5320edb6468e194"},"breadcrumb":{"@id":"https:\/\/www.welovecycling.com\/hu\/orszaguti-kerekpar\/biciklis-filmvetites-egy-vandormozi-otlete\/#breadcrumb"},"inLanguage":"hu","potentialAction":[{"@type":"ReadAction","target":["https:\/\/www.welovecycling.com\/hu\/orszaguti-kerekpar\/biciklis-filmvetites-egy-vandormozi-otlete\/"]}]},{"@type":"ImageObject","inLanguage":"hu","@id":"https:\/\/www.welovecycling.com\/hu\/orszaguti-kerekpar\/biciklis-filmvetites-egy-vandormozi-otlete\/#primaryimage","url":"https:\/\/d2p6e6u75xmxt8.cloudfront.net\/12\/2019\/04\/Ondrej-Kaspar-Jan-Turnovec-CVR.jpg","contentUrl":"https:\/\/d2p6e6u75xmxt8.cloudfront.net\/12\/2019\/04\/Ondrej-Kaspar-Jan-Turnovec-CVR.jpg","width":1366,"height":600},{"@type":"BreadcrumbList","@id":"https:\/\/www.welovecycling.com\/hu\/orszaguti-kerekpar\/biciklis-filmvetites-egy-vandormozi-otlete\/#breadcrumb","itemListElement":[{"@type":"ListItem","position":1,"name":"Home","item":"https:\/\/www.welovecycling.com\/hu\/"},{"@type":"ListItem","position":2,"name":"Biciklis Filmvet\u00edt\u00e9s: Egy v\u00e1ndormozi \u00f6tlete"}]},{"@type":"WebSite","@id":"https:\/\/www.welovecycling.com\/hu\/#website","url":"https:\/\/www.welovecycling.com\/hu\/","name":"\u0160koda We Love Cycling - Magyarorsz\u00e1g","description":"\u0160koda WeLoveCycling","potentialAction":[{"@type":"SearchAction","target":{"@type":"EntryPoint","urlTemplate":"https:\/\/www.welovecycling.com\/hu\/?s={search_term_string}"},"query-input":{"@type":"PropertyValueSpecification","valueRequired":true,"valueName":"search_term_string"}}],"inLanguage":"hu"},{"@type":"Person","@id":"https:\/\/www.welovecycling.com\/hu\/#\/schema\/person\/414a2aebf1801691a5320edb6468e194","name":"hegyizs","image":{"@type":"ImageObject","inLanguage":"hu","@id":"https:\/\/www.welovecycling.com\/hu\/#\/schema\/person\/image\/","url":"https:\/\/secure.gravatar.com\/avatar\/02cf8a7906b8cf90cecb4679defac7cfd33a1c2e3b88e4903d947f3bb58eedd3?s=96&d=mm&r=g","contentUrl":"https:\/\/secure.gravatar.com\/avatar\/02cf8a7906b8cf90cecb4679defac7cfd33a1c2e3b88e4903d947f3bb58eedd3?s=96&d=mm&r=g","caption":"hegyizs"},"url":"https:\/\/www.welovecycling.com\/hu\/author\/hegyizs\/"}]}},"_links":{"self":[{"href":"https:\/\/www.welovecycling.com\/hu\/wp-json\/wp\/v2\/posts\/3025","targetHints":{"allow":["GET"]}}],"collection":[{"href":"https:\/\/www.welovecycling.com\/hu\/wp-json\/wp\/v2\/posts"}],"about":[{"href":"https:\/\/www.welovecycling.com\/hu\/wp-json\/wp\/v2\/types\/post"}],"author":[{"embeddable":true,"href":"https:\/\/www.welovecycling.com\/hu\/wp-json\/wp\/v2\/users\/71"}],"replies":[{"embeddable":true,"href":"https:\/\/www.welovecycling.com\/hu\/wp-json\/wp\/v2\/comments?post=3025"}],"version-history":[{"count":2,"href":"https:\/\/www.welovecycling.com\/hu\/wp-json\/wp\/v2\/posts\/3025\/revisions"}],"predecessor-version":[{"id":3031,"href":"https:\/\/www.welovecycling.com\/hu\/wp-json\/wp\/v2\/posts\/3025\/revisions\/3031"}],"wp:featuredmedia":[{"embeddable":true,"href":"https:\/\/www.welovecycling.com\/hu\/wp-json\/wp\/v2\/media\/3029"}],"wp:attachment":[{"href":"https:\/\/www.welovecycling.com\/hu\/wp-json\/wp\/v2\/media?parent=3025"}],"wp:term":[{"taxonomy":"category","embeddable":true,"href":"https:\/\/www.welovecycling.com\/hu\/wp-json\/wp\/v2\/categories?post=3025"},{"taxonomy":"post_tag","embeddable":true,"href":"https:\/\/www.welovecycling.com\/hu\/wp-json\/wp\/v2\/tags?post=3025"},{"taxonomy":"global-categories","embeddable":true,"href":"https:\/\/www.welovecycling.com\/hu\/wp-json\/wp\/v2\/global-categories?post=3025"}],"curies":[{"name":"wp","href":"https:\/\/api.w.org\/{rel}","templated":true}]}}