{"id":3019,"date":"2019-04-09T08:00:09","date_gmt":"2019-04-09T07:00:09","guid":{"rendered":"https:\/\/www.welovecycling.com\/hu\/?p=3019"},"modified":"2019-04-04T14:50:34","modified_gmt":"2019-04-04T13:50:34","slug":"hogyan-lehetsz-te-a-legjobb-bringas-anyuka","status":"publish","type":"post","link":"https:\/\/www.welovecycling.com\/hu\/csalad\/hogyan-lehetsz-te-a-legjobb-bringas-anyuka\/","title":{"rendered":"Hogyan lehetsz te a legjobb bring\u00e1s anyuka?"},"content":{"rendered":"<p><strong>Megtanulni bring\u00e1zni igazi beavat\u00e1si szertart\u00e1st jelent b\u00e1rmely gyerk\u0151c sz\u00e1m\u00e1ra. Az viszont vita t\u00e1rgy\u00e1t k\u00e9pezi, hogy ez a gyerek vagy a sz\u00fcl\u0151 sz\u00e1m\u00e1ra r\u00e9miszt\u0151bb \u00e9lm\u00e9ny. B\u00e1rmire is jutunk, az biztos, hogy ha egy gyerek megtanul biciklizni, az egy \u00e9letre k\u00f6z\u00f6s szenved\u00e9lly\u00e9 v\u00e1lhat a sz\u00fcleivel.<\/strong><\/p>\n<p><!--more--><\/p>\n<p>A focista anyuk\u00e1kat gyakran l\u00e1tni t\u00e9li meccsek idej\u00e9n gyapj\u00fas\u00e1lba bugyol\u00e1lva a partvonal mellett, \u0151rizgetve a forr\u00f3 te\u00e1s termoszt \u00e9s az \u00fajult energi\u00e1t biztos\u00edt\u00f3 narancsgerezd-ell\u00e1tm\u00e1nyt. A r\u00f6gbis anyuk\u00e1k viszont eligaz\u00edt\u00e1st adnak a sportol\u00f3hoz m\u00e9lt\u00f3 viselked\u00e9sr\u0151l is \u00e9s fogcsikorgatva figyelik, ahogy a gyerekeik az \u00fctk\u00f6z\u00e9smentes r\u00f6gbir\u0151l \u00e1tv\u00e1ltanak a l\u00f6kd\u00f6s\u00e9ssel tark\u00edtott tolong\u00e1sra.<\/p>\n<p>Mit is jelent akkor bring\u00e1s anyunak lenni?<\/p>\n<figure id=\"attachment_3020\" aria-describedby=\"caption-attachment-3020\" style=\"width: 1250px\" class=\"wp-caption alignnone\"><a href=\"https:\/\/d2p6e6u75xmxt8.cloudfront.net\/12\/2019\/04\/profimedia-0346857655.jpg\"><img loading=\"lazy\" decoding=\"async\" class=\"size-full wp-image-3020\" src=\"https:\/\/d2p6e6u75xmxt8.cloudfront.net\/12\/2019\/04\/profimedia-0346857655.jpg\" alt=\"\" width=\"1250\" height=\"834\" srcset=\"https:\/\/d2p6e6u75xmxt8.cloudfront.net\/12\/2019\/04\/profimedia-0346857655.jpg 1250w, https:\/\/d2p6e6u75xmxt8.cloudfront.net\/12\/2019\/04\/profimedia-0346857655-300x200.jpg 300w, https:\/\/d2p6e6u75xmxt8.cloudfront.net\/12\/2019\/04\/profimedia-0346857655-768x512.jpg 768w, https:\/\/d2p6e6u75xmxt8.cloudfront.net\/12\/2019\/04\/profimedia-0346857655-1024x683.jpg 1024w, https:\/\/d2p6e6u75xmxt8.cloudfront.net\/12\/2019\/04\/profimedia-0346857655-272x182.jpg 272w\" sizes=\"auto, (max-width: 1250px) 100vw, 1250px\" \/><\/a><figcaption id=\"caption-attachment-3020\" class=\"wp-caption-text\">\u00daton 3 gyerekkel. \u00a9 Profimedia, Alamy<\/figcaption><\/figure>\n<h2><strong>A biztons\u00e1g az els\u0151<\/strong><\/h2>\n<p>Amint a gyerek m\u00e1r el\u00e9g magabiztoss\u00e1 v\u00e1lik a bring\u00e1n, tal\u00e1n a legnagyobb kih\u00edv\u00e1st az jelenti majd, hogy biztons\u00e1gban tudd \u0151t. H\u00e1t ha m\u00e9g majd vezetni kezd, mi lesz veled?! Szerencs\u00e9re van p\u00e1r kulcsfontoss\u00e1g\u00fa \u00f3vint\u00e9zked\u00e9s, amit megtehetsz. A legt\u00f6bb sz\u00fcl\u0151 minden k\u00f6r\u00fclm\u00e9nyek k\u00f6z\u00f6tt komolyan veszi a biztons\u00e1g k\u00e9rd\u00e9s\u00e9t, de egy bring\u00e1s anyu biztosan m\u0171v\u00e9szi szintre emeli ezt a felel\u0151ss\u00e9get.<\/p>\n<p>1) A buk\u00f3sisak a vessz\u0151parip\u00e1ja \u00e9s biztosra megy, hogy tutira passzoljon \u00e9s ne m\u00e1sodk\u00e9zb\u0151l j\u00f6jj\u00f6n, hanem az hordja, akinek sz\u00e1nt\u00e1k, haszn\u00e1lt cuccok teh\u00e1t sz\u00f3ba sem j\u00f6hetnek.<\/p>\n<p>2) Hisz benne, hogy soha nem lehetsz t\u00fal fiatal hozz\u00e1, hogy n\u00e9h\u00e1ny alapvet\u0151 k\u00f6zleked\u00e9si szab\u00e1lyt megtanulj.<\/p>\n<p>3)\u00a0 Mindig gondoskodik r\u00f3la, hogy a gyerekein legyen valami rik\u00edt\u00f3, hogy ha az \u00fattesten vagy mellette tekernek, mindig j\u00f3l l\u00e1that\u00f3ak legyenek az aut\u00f3sok sz\u00e1m\u00e1ra.<\/p>\n<figure id=\"attachment_3021\" aria-describedby=\"caption-attachment-3021\" style=\"width: 1250px\" class=\"wp-caption alignnone\"><a href=\"https:\/\/d2p6e6u75xmxt8.cloudfront.net\/12\/2019\/04\/profimedia-0414277593.jpg\"><img loading=\"lazy\" decoding=\"async\" class=\"size-full wp-image-3021\" src=\"https:\/\/d2p6e6u75xmxt8.cloudfront.net\/12\/2019\/04\/profimedia-0414277593.jpg\" alt=\"\" width=\"1250\" height=\"834\" srcset=\"https:\/\/d2p6e6u75xmxt8.cloudfront.net\/12\/2019\/04\/profimedia-0414277593.jpg 1250w, https:\/\/d2p6e6u75xmxt8.cloudfront.net\/12\/2019\/04\/profimedia-0414277593-300x200.jpg 300w, https:\/\/d2p6e6u75xmxt8.cloudfront.net\/12\/2019\/04\/profimedia-0414277593-768x512.jpg 768w, https:\/\/d2p6e6u75xmxt8.cloudfront.net\/12\/2019\/04\/profimedia-0414277593-1024x683.jpg 1024w, https:\/\/d2p6e6u75xmxt8.cloudfront.net\/12\/2019\/04\/profimedia-0414277593-272x182.jpg 272w\" sizes=\"auto, (max-width: 1250px) 100vw, 1250px\" \/><\/a><figcaption id=\"caption-attachment-3021\" class=\"wp-caption-text\">El\u0151re a bicikli\u00faton. \u00a9 Profimedia, Stock Budget<\/figcaption><\/figure>\n<h2><strong>Lehet\u0151s\u00e9g a kalandoz\u00e1sra<\/strong><\/h2>\n<p>Amint ezek az alapok megvannak, a vil\u00e1g a bring\u00e1s mami \u00e9s csemet\u00e9i l\u00e1bai el\u0151tt fog heverni.<\/p>\n<p>M\u00edg a csendes utc\u00e1k j\u00f3 terepnek bizonyulhatnak a tanul\u00e1sra, amint a gyerekek r\u00e1\u00e9reznek a dologra, fantasztikus lehet\u0151s\u00e9gek v\u00e1rnak minket vil\u00e1gszerte, hogy olyan bring\u00e1s utakat tal\u00e1ljunk, amelyek csal\u00e1dbar\u00e1tak \u00e9s gyakran teljesen aut\u00f3mentesek.<\/p>\n<p>Teh\u00e1t a bicikliz\u00e9s egy csod\u00e1latos lehet\u0151s\u00e9g a csal\u00e1doknak, hogy \u00faj helyeket fedezzenek fel egy\u00fctt \u00e9s es\u00e9lyt is ny\u00fajt a bring\u00e1s anyuknak, hogy megvillants\u00e1k a bev\u00e1llal\u00f3s \u00e9nj\u00fcket.<\/p>\n<h2><strong>A bring\u00e1s anyuk\u00e1k akt\u00edv r\u00e9sztvev\u0151k<\/strong><\/h2>\n<p>Mik\u00f6zben m\u00e1s sportokn\u00e1l \u00e1ltal\u00e1ban az anyuk\u00e1k a p\u00e1lya sz\u00e9l\u00e9r\u0151l n\u00e9zik, ahogy gyerk\u0151ceik k\u00fczdenek, a bring\u00e1z\u00e1s ink\u00e1bb olyan sport, ahol az anyuk\u00e1k is akt\u00edvak, \u00e9s a gyerekeikkel egy\u00fctt \u00e9lvezhetik azt. Ez az, ami annyira remek, \u00f6sszekov\u00e1csol\u00f3 \u00e9lm\u00e9nny\u00e9 teszi a bring\u00e1z\u00e1st a csal\u00e1doknak, olyasmiv\u00e9, amely \u00e9letre sz\u00f3l\u00f3, boldog eml\u00e9keket ad.<\/p>\n<figure id=\"attachment_3022\" aria-describedby=\"caption-attachment-3022\" style=\"width: 1800px\" class=\"wp-caption alignnone\"><a href=\"https:\/\/d2p6e6u75xmxt8.cloudfront.net\/12\/2019\/04\/profimedia-0356684874.jpg\"><img loading=\"lazy\" decoding=\"async\" class=\"wp-image-3022 size-full\" src=\"https:\/\/d2p6e6u75xmxt8.cloudfront.net\/12\/2019\/04\/profimedia-0356684874.jpg\" alt=\"\" width=\"1800\" height=\"1200\" srcset=\"https:\/\/d2p6e6u75xmxt8.cloudfront.net\/12\/2019\/04\/profimedia-0356684874.jpg 1800w, https:\/\/d2p6e6u75xmxt8.cloudfront.net\/12\/2019\/04\/profimedia-0356684874-300x200.jpg 300w, https:\/\/d2p6e6u75xmxt8.cloudfront.net\/12\/2019\/04\/profimedia-0356684874-768x512.jpg 768w, https:\/\/d2p6e6u75xmxt8.cloudfront.net\/12\/2019\/04\/profimedia-0356684874-1024x683.jpg 1024w, https:\/\/d2p6e6u75xmxt8.cloudfront.net\/12\/2019\/04\/profimedia-0356684874-272x182.jpg 272w\" sizes=\"auto, (max-width: 1800px) 100vw, 1800px\" \/><\/a><figcaption id=\"caption-attachment-3022\" class=\"wp-caption-text\">\u00a9 Profimedia<\/figcaption><\/figure>\n<h2><strong>Tettre k\u00e9sz hozz\u00e1\u00e1ll\u00e1s<\/strong><\/h2>\n<p>Elk\u00e9peszt\u0151, h\u00e1ny n\u0151 sz\u00e1molt be arr\u00f3l, hogy a ker\u00e9kp\u00e1roz\u00e1snak k\u00f6sz\u00f6nhet\u0151en mennyire er\u0151snek \u00e9rezt\u00e9k magukat \u00e9s a test\u00fcket a terhess\u00e9g\u00fck alatt \u00e9s ut\u00e1n.<\/p>\n<p>Tal\u00e1n ez a legszuperebb dolog a bring\u00e1s anyu szereppel kapcsolatban; a pozit\u00edv kisug\u00e1rz\u00e1s, ami \u00e1ltal\u00e1ban a v\u00e9djegye egy ilyen anyuk\u00e1nak.<\/p>\n<p>Elv\u00e9gre is az eg\u00e9sz bring\u00e1z\u00e1s dolog l\u00e9nyege, hogy j\u00f3l \u00e9rzed magad, nem els\u0151sorban a verseng\u00e9s. Az is tud m\u00f3k\u00e1s lenni persze. Remek program, utaz\u00e1s, eg\u00e9szs\u00e9g, fitts\u00e9g \u00e9s olyanokkal lenni, akikkel szeretsz id\u0151t t\u00f6lteni; t\u00e9nyleg err\u0151l sz\u00f3l az eg\u00e9sz, ami egy abszol\u00fat pozit\u00edv extr\u00e1t ad az anyuka szerephez \u00e9s egy k\u00f6z\u00f6s, boldog \u00e9lm\u00e9nyt, amelyet a csal\u00e1ddal \u00e9lhetsz \u00e1t.<\/p>\n","protected":false},"excerpt":{"rendered":"<p>Megtanulni bring\u00e1zni igazi beavat\u00e1si szertart\u00e1st jelent b\u00e1rmely gyerk\u0151c sz\u00e1m\u00e1ra. Az viszont vita t\u00e1rgy\u00e1t k\u00e9pezi, hogy ez a gyerek vagy a [&hellip;]<\/p>\n","protected":false},"author":71,"featured_media":3024,"comment_status":"open","ping_status":"open","sticky":false,"template":"","format":"standard","meta":{"footnotes":""},"categories":[11],"tags":[],"global-categories":[],"class_list":["post-3019","post","type-post","status-publish","format-standard","has-post-thumbnail","hentry","category-csalad"],"yoast_head":"<!-- This site is optimized with the Yoast SEO Premium plugin v25.3 (Yoast SEO v25.9) - https:\/\/yoast.com\/wordpress\/plugins\/seo\/ -->\n<title>Hogyan lehetsz te a legjobb bring\u00e1s anyuka? - \u0160koda We Love Cycling - Magyarorsz\u00e1g<\/title>\n<meta name=\"robots\" content=\"index, follow, max-snippet:-1, max-image-preview:large, max-video-preview:-1\" \/>\n<link rel=\"canonical\" href=\"https:\/\/www.welovecycling.com\/hu\/csalad\/hogyan-lehetsz-te-a-legjobb-bringas-anyuka\/\" \/>\n<meta property=\"og:locale\" content=\"hu_HU\" \/>\n<meta property=\"og:type\" content=\"article\" \/>\n<meta property=\"og:title\" content=\"Hogyan lehetsz te a legjobb bring\u00e1s anyuka?\" \/>\n<meta property=\"og:description\" content=\"Megtanulni bring\u00e1zni igazi beavat\u00e1si szertart\u00e1st jelent b\u00e1rmely gyerk\u0151c sz\u00e1m\u00e1ra. Az viszont vita t\u00e1rgy\u00e1t k\u00e9pezi, hogy ez a gyerek vagy a [&hellip;]\" \/>\n<meta property=\"og:url\" content=\"https:\/\/www.welovecycling.com\/hu\/csalad\/hogyan-lehetsz-te-a-legjobb-bringas-anyuka\/\" \/>\n<meta property=\"og:site_name\" content=\"\u0160koda We Love Cycling - Magyarorsz\u00e1g\" \/>\n<meta property=\"article:publisher\" content=\"https:\/\/www.facebook.com\/WeLoveCyclingHungary\/\" \/>\n<meta property=\"article:published_time\" content=\"2019-04-09T07:00:09+00:00\" \/>\n<meta property=\"og:image\" content=\"https:\/\/d2p6e6u75xmxt8.cloudfront.net\/12\/2019\/04\/Children-CVR.jpg\" \/>\n\t<meta property=\"og:image:width\" content=\"1366\" \/>\n\t<meta property=\"og:image:height\" content=\"600\" \/>\n\t<meta property=\"og:image:type\" content=\"image\/jpeg\" \/>\n<meta name=\"author\" content=\"hegyizs\" \/>\n<meta name=\"twitter:card\" content=\"summary_large_image\" \/>\n<meta name=\"twitter:label1\" content=\"Written by\" \/>\n\t<meta name=\"twitter:data1\" content=\"Bonnie Friend\" \/>\n\t<meta name=\"twitter:label2\" content=\"Est. reading time\" \/>\n\t<meta name=\"twitter:data2\" content=\"7\" \/>\n<script type=\"application\/ld+json\" class=\"yoast-schema-graph\">{\"@context\":\"https:\/\/schema.org\",\"@graph\":[{\"@type\":\"WebPage\",\"@id\":\"https:\/\/www.welovecycling.com\/hu\/csalad\/hogyan-lehetsz-te-a-legjobb-bringas-anyuka\/\",\"url\":\"https:\/\/www.welovecycling.com\/hu\/csalad\/hogyan-lehetsz-te-a-legjobb-bringas-anyuka\/\",\"name\":\"Hogyan lehetsz te a legjobb bring\u00e1s anyuka? - \u0160koda We Love Cycling - Magyarorsz\u00e1g\",\"isPartOf\":{\"@id\":\"https:\/\/www.welovecycling.com\/hu\/#website\"},\"primaryImageOfPage\":{\"@id\":\"https:\/\/www.welovecycling.com\/hu\/csalad\/hogyan-lehetsz-te-a-legjobb-bringas-anyuka\/#primaryimage\"},\"image\":{\"@id\":\"https:\/\/www.welovecycling.com\/hu\/csalad\/hogyan-lehetsz-te-a-legjobb-bringas-anyuka\/#primaryimage\"},\"thumbnailUrl\":\"https:\/\/d2p6e6u75xmxt8.cloudfront.net\/12\/2019\/04\/Children-CVR.jpg\",\"datePublished\":\"2019-04-09T07:00:09+00:00\",\"author\":{\"@id\":\"https:\/\/www.welovecycling.com\/hu\/#\/schema\/person\/414a2aebf1801691a5320edb6468e194\"},\"breadcrumb\":{\"@id\":\"https:\/\/www.welovecycling.com\/hu\/csalad\/hogyan-lehetsz-te-a-legjobb-bringas-anyuka\/#breadcrumb\"},\"inLanguage\":\"hu\",\"potentialAction\":[{\"@type\":\"ReadAction\",\"target\":[\"https:\/\/www.welovecycling.com\/hu\/csalad\/hogyan-lehetsz-te-a-legjobb-bringas-anyuka\/\"]}]},{\"@type\":\"ImageObject\",\"inLanguage\":\"hu\",\"@id\":\"https:\/\/www.welovecycling.com\/hu\/csalad\/hogyan-lehetsz-te-a-legjobb-bringas-anyuka\/#primaryimage\",\"url\":\"https:\/\/d2p6e6u75xmxt8.cloudfront.net\/12\/2019\/04\/Children-CVR.jpg\",\"contentUrl\":\"https:\/\/d2p6e6u75xmxt8.cloudfront.net\/12\/2019\/04\/Children-CVR.jpg\",\"width\":1366,\"height\":600},{\"@type\":\"BreadcrumbList\",\"@id\":\"https:\/\/www.welovecycling.com\/hu\/csalad\/hogyan-lehetsz-te-a-legjobb-bringas-anyuka\/#breadcrumb\",\"itemListElement\":[{\"@type\":\"ListItem\",\"position\":1,\"name\":\"Home\",\"item\":\"https:\/\/www.welovecycling.com\/hu\/\"},{\"@type\":\"ListItem\",\"position\":2,\"name\":\"Hogyan lehetsz te a legjobb bring\u00e1s anyuka?\"}]},{\"@type\":\"WebSite\",\"@id\":\"https:\/\/www.welovecycling.com\/hu\/#website\",\"url\":\"https:\/\/www.welovecycling.com\/hu\/\",\"name\":\"\u0160koda We Love Cycling - Magyarorsz\u00e1g\",\"description\":\"\u0160koda WeLoveCycling\",\"potentialAction\":[{\"@type\":\"SearchAction\",\"target\":{\"@type\":\"EntryPoint\",\"urlTemplate\":\"https:\/\/www.welovecycling.com\/hu\/?s={search_term_string}\"},\"query-input\":{\"@type\":\"PropertyValueSpecification\",\"valueRequired\":true,\"valueName\":\"search_term_string\"}}],\"inLanguage\":\"hu\"},{\"@type\":\"Person\",\"@id\":\"https:\/\/www.welovecycling.com\/hu\/#\/schema\/person\/414a2aebf1801691a5320edb6468e194\",\"name\":\"hegyizs\",\"image\":{\"@type\":\"ImageObject\",\"inLanguage\":\"hu\",\"@id\":\"https:\/\/www.welovecycling.com\/hu\/#\/schema\/person\/image\/\",\"url\":\"https:\/\/secure.gravatar.com\/avatar\/02cf8a7906b8cf90cecb4679defac7cfd33a1c2e3b88e4903d947f3bb58eedd3?s=96&d=mm&r=g\",\"contentUrl\":\"https:\/\/secure.gravatar.com\/avatar\/02cf8a7906b8cf90cecb4679defac7cfd33a1c2e3b88e4903d947f3bb58eedd3?s=96&d=mm&r=g\",\"caption\":\"hegyizs\"},\"url\":\"https:\/\/www.welovecycling.com\/hu\/author\/hegyizs\/\"}]}<\/script>\n<!-- \/ Yoast SEO Premium plugin. -->","yoast_head_json":{"title":"Hogyan lehetsz te a legjobb bring\u00e1s anyuka? - \u0160koda We Love Cycling - Magyarorsz\u00e1g","robots":{"index":"index","follow":"follow","max-snippet":"max-snippet:-1","max-image-preview":"max-image-preview:large","max-video-preview":"max-video-preview:-1"},"canonical":"https:\/\/www.welovecycling.com\/hu\/csalad\/hogyan-lehetsz-te-a-legjobb-bringas-anyuka\/","og_locale":"hu_HU","og_type":"article","og_title":"Hogyan lehetsz te a legjobb bring\u00e1s anyuka?","og_description":"Megtanulni bring\u00e1zni igazi beavat\u00e1si szertart\u00e1st jelent b\u00e1rmely gyerk\u0151c sz\u00e1m\u00e1ra. Az viszont vita t\u00e1rgy\u00e1t k\u00e9pezi, hogy ez a gyerek vagy a [&hellip;]","og_url":"https:\/\/www.welovecycling.com\/hu\/csalad\/hogyan-lehetsz-te-a-legjobb-bringas-anyuka\/","og_site_name":"\u0160koda We Love Cycling - Magyarorsz\u00e1g","article_publisher":"https:\/\/www.facebook.com\/WeLoveCyclingHungary\/","article_published_time":"2019-04-09T07:00:09+00:00","og_image":[{"width":1366,"height":600,"url":"https:\/\/d2p6e6u75xmxt8.cloudfront.net\/12\/2019\/04\/Children-CVR.jpg","type":"image\/jpeg"}],"author":"hegyizs","twitter_card":"summary_large_image","twitter_misc":{"Written by":"Bonnie Friend","Est. reading time":"7"},"schema":{"@context":"https:\/\/schema.org","@graph":[{"@type":"WebPage","@id":"https:\/\/www.welovecycling.com\/hu\/csalad\/hogyan-lehetsz-te-a-legjobb-bringas-anyuka\/","url":"https:\/\/www.welovecycling.com\/hu\/csalad\/hogyan-lehetsz-te-a-legjobb-bringas-anyuka\/","name":"Hogyan lehetsz te a legjobb bring\u00e1s anyuka? - \u0160koda We Love Cycling - Magyarorsz\u00e1g","isPartOf":{"@id":"https:\/\/www.welovecycling.com\/hu\/#website"},"primaryImageOfPage":{"@id":"https:\/\/www.welovecycling.com\/hu\/csalad\/hogyan-lehetsz-te-a-legjobb-bringas-anyuka\/#primaryimage"},"image":{"@id":"https:\/\/www.welovecycling.com\/hu\/csalad\/hogyan-lehetsz-te-a-legjobb-bringas-anyuka\/#primaryimage"},"thumbnailUrl":"https:\/\/d2p6e6u75xmxt8.cloudfront.net\/12\/2019\/04\/Children-CVR.jpg","datePublished":"2019-04-09T07:00:09+00:00","author":{"@id":"https:\/\/www.welovecycling.com\/hu\/#\/schema\/person\/414a2aebf1801691a5320edb6468e194"},"breadcrumb":{"@id":"https:\/\/www.welovecycling.com\/hu\/csalad\/hogyan-lehetsz-te-a-legjobb-bringas-anyuka\/#breadcrumb"},"inLanguage":"hu","potentialAction":[{"@type":"ReadAction","target":["https:\/\/www.welovecycling.com\/hu\/csalad\/hogyan-lehetsz-te-a-legjobb-bringas-anyuka\/"]}]},{"@type":"ImageObject","inLanguage":"hu","@id":"https:\/\/www.welovecycling.com\/hu\/csalad\/hogyan-lehetsz-te-a-legjobb-bringas-anyuka\/#primaryimage","url":"https:\/\/d2p6e6u75xmxt8.cloudfront.net\/12\/2019\/04\/Children-CVR.jpg","contentUrl":"https:\/\/d2p6e6u75xmxt8.cloudfront.net\/12\/2019\/04\/Children-CVR.jpg","width":1366,"height":600},{"@type":"BreadcrumbList","@id":"https:\/\/www.welovecycling.com\/hu\/csalad\/hogyan-lehetsz-te-a-legjobb-bringas-anyuka\/#breadcrumb","itemListElement":[{"@type":"ListItem","position":1,"name":"Home","item":"https:\/\/www.welovecycling.com\/hu\/"},{"@type":"ListItem","position":2,"name":"Hogyan lehetsz te a legjobb bring\u00e1s anyuka?"}]},{"@type":"WebSite","@id":"https:\/\/www.welovecycling.com\/hu\/#website","url":"https:\/\/www.welovecycling.com\/hu\/","name":"\u0160koda We Love Cycling - Magyarorsz\u00e1g","description":"\u0160koda WeLoveCycling","potentialAction":[{"@type":"SearchAction","target":{"@type":"EntryPoint","urlTemplate":"https:\/\/www.welovecycling.com\/hu\/?s={search_term_string}"},"query-input":{"@type":"PropertyValueSpecification","valueRequired":true,"valueName":"search_term_string"}}],"inLanguage":"hu"},{"@type":"Person","@id":"https:\/\/www.welovecycling.com\/hu\/#\/schema\/person\/414a2aebf1801691a5320edb6468e194","name":"hegyizs","image":{"@type":"ImageObject","inLanguage":"hu","@id":"https:\/\/www.welovecycling.com\/hu\/#\/schema\/person\/image\/","url":"https:\/\/secure.gravatar.com\/avatar\/02cf8a7906b8cf90cecb4679defac7cfd33a1c2e3b88e4903d947f3bb58eedd3?s=96&d=mm&r=g","contentUrl":"https:\/\/secure.gravatar.com\/avatar\/02cf8a7906b8cf90cecb4679defac7cfd33a1c2e3b88e4903d947f3bb58eedd3?s=96&d=mm&r=g","caption":"hegyizs"},"url":"https:\/\/www.welovecycling.com\/hu\/author\/hegyizs\/"}]}},"_links":{"self":[{"href":"https:\/\/www.welovecycling.com\/hu\/wp-json\/wp\/v2\/posts\/3019","targetHints":{"allow":["GET"]}}],"collection":[{"href":"https:\/\/www.welovecycling.com\/hu\/wp-json\/wp\/v2\/posts"}],"about":[{"href":"https:\/\/www.welovecycling.com\/hu\/wp-json\/wp\/v2\/types\/post"}],"author":[{"embeddable":true,"href":"https:\/\/www.welovecycling.com\/hu\/wp-json\/wp\/v2\/users\/71"}],"replies":[{"embeddable":true,"href":"https:\/\/www.welovecycling.com\/hu\/wp-json\/wp\/v2\/comments?post=3019"}],"version-history":[{"count":2,"href":"https:\/\/www.welovecycling.com\/hu\/wp-json\/wp\/v2\/posts\/3019\/revisions"}],"predecessor-version":[{"id":3032,"href":"https:\/\/www.welovecycling.com\/hu\/wp-json\/wp\/v2\/posts\/3019\/revisions\/3032"}],"wp:featuredmedia":[{"embeddable":true,"href":"https:\/\/www.welovecycling.com\/hu\/wp-json\/wp\/v2\/media\/3024"}],"wp:attachment":[{"href":"https:\/\/www.welovecycling.com\/hu\/wp-json\/wp\/v2\/media?parent=3019"}],"wp:term":[{"taxonomy":"category","embeddable":true,"href":"https:\/\/www.welovecycling.com\/hu\/wp-json\/wp\/v2\/categories?post=3019"},{"taxonomy":"post_tag","embeddable":true,"href":"https:\/\/www.welovecycling.com\/hu\/wp-json\/wp\/v2\/tags?post=3019"},{"taxonomy":"global-categories","embeddable":true,"href":"https:\/\/www.welovecycling.com\/hu\/wp-json\/wp\/v2\/global-categories?post=3019"}],"curies":[{"name":"wp","href":"https:\/\/api.w.org\/{rel}","templated":true}]}}