{"id":2999,"date":"2019-04-14T09:00:08","date_gmt":"2019-04-14T08:00:08","guid":{"rendered":"https:\/\/www.welovecycling.com\/hu\/?p=2999"},"modified":"2019-04-05T10:36:30","modified_gmt":"2019-04-05T09:36:30","slug":"4-hasznos-kutyu-ami-vigyaz-rad-ha-sotetben-indulsz-utnak","status":"publish","type":"post","link":"https:\/\/www.welovecycling.com\/hu\/biztonsag\/4-hasznos-kutyu-ami-vigyaz-rad-ha-sotetben-indulsz-utnak\/","title":{"rendered":"4 hasznos k\u00fcty\u00fc, ami vigy\u00e1z r\u00e1d, ha s\u00f6t\u00e9tben indulsz \u00fatnak"},"content":{"rendered":"<p><strong>Minden sportol\u00f3 sz\u00e1m\u00e1ra &#8211; legyen kezd\u0151 vagy profi; fut\u00f3, zsok\u00e9 vagy hegym\u00e1sz\u00f3 &#8211; az els\u0151 \u00e9s legfontosabb \u00e9rt\u00e9k a biztons\u00e1g. A bicikliz\u00e9s szerelmesei sincsenek ezzel m\u00e1sk\u00e9pp: az egyik legnagyobb vesz\u00e9lyt pedig a napnyugta jelenti. \u00cdme n\u00e9h\u00e1ny hasznos felszerel\u00e9s, amivel nem kell f\u00e9ln\u00fcnk a s\u00f6t\u00e9tben!<\/strong><!--more--><\/p>\n<p><strong>1. K\u00e9zi ir\u00e1nyjelz\u0151<\/strong><\/p>\n<p>A ker\u00e9kp\u00e1rra szerelt l\u00e1mpa k\u00f6telez\u0151 alapfelszerel\u00e9s, azonban van olyan helyzet, amikor nem el\u00e9g jelezn\u00fcnk, hogy \u00e9ppen hol vagyunk &#8211; azt is kell, hogy merre tartunk. Kanyarod\u00e1skor az ir\u00e1nyv\u00e1ltoztat\u00e1sra id\u0151ben fel kell h\u00edvnunk az aut\u00f3sok figyelm\u00e9t, \u00e9jjel ugyan\u00fagy, mint nappal. A vil\u00e1g\u00edt\u00f3, k\u00e9zfejre er\u0151s\u00edthet\u0151 FLASH2BSAFE ir\u00e1nyjelz\u0151 a biciklisek indexl\u00e1mp\u00e1jak\u00e9nt szolg\u00e1lhat.<\/p>\n<p>A szerkezet igen egyszer\u0171en m\u0171k\u00f6dik: mutat\u00f3ujjunkra \u00e9s csukl\u00f3nkra k\u00f6nnyen r\u00f6gz\u00edthetj\u00fck mindk\u00e9t kez\u00fcnk\u00f6n, a vil\u00e1g\u00edt\u00e1st bekapcsol\u00f3 gomb pedig k\u00e9nyelmesen el\u00e9rhet\u0151 h\u00fcvelykujjunkkal. Ha m\u00e1r vil\u00e1g\u00edt a jelz\u00e9s, a j\u00f3l ismert karjelz\u00e9ssel jelezz\u00fck, hogy melyik ir\u00e1nyba fogunk kanyarodni, az aut\u00f3sok pedig biztosan azonnal \u00e9szreveszik a vil\u00e1g\u00edt\u00f3 jeleket \u00e9s biztons\u00e1gosan v\u00e1ltoztathatunk ir\u00e1nyt. Ha pedig az el\u0151tt\u00fcnk halad\u00f3 j\u00e1rm\u0171vek ir\u00e1ny\u00e1ba szeretn\u00e9nk jelezni ezt is megtehetj\u00fck: ha er\u0151sebben nekinyomjuk a mutat\u00f3ujjunkat a korm\u00e1nynak, egyenes korm\u00e1ny mellett szemb\u0151l l\u00e1tsz\u00f3dik az ir\u00e1nyjelz\u0151nk f\u00e9nye.<\/p>\n<p><a href=\"https:\/\/d2p6e6u75xmxt8.cloudfront.net\/12\/2019\/04\/flash2bsafe-4.jpg\"><img loading=\"lazy\" decoding=\"async\" class=\"alignnone size-full wp-image-3000\" src=\"https:\/\/d2p6e6u75xmxt8.cloudfront.net\/12\/2019\/04\/flash2bsafe-4.jpg\" alt=\"\" width=\"1500\" height=\"1000\" srcset=\"https:\/\/d2p6e6u75xmxt8.cloudfront.net\/12\/2019\/04\/flash2bsafe-4.jpg 1500w, https:\/\/d2p6e6u75xmxt8.cloudfront.net\/12\/2019\/04\/flash2bsafe-4-300x200.jpg 300w, https:\/\/d2p6e6u75xmxt8.cloudfront.net\/12\/2019\/04\/flash2bsafe-4-768x512.jpg 768w, https:\/\/d2p6e6u75xmxt8.cloudfront.net\/12\/2019\/04\/flash2bsafe-4-1024x683.jpg 1024w, https:\/\/d2p6e6u75xmxt8.cloudfront.net\/12\/2019\/04\/flash2bsafe-4-272x182.jpg 272w\" sizes=\"auto, (max-width: 1500px) 100vw, 1500px\" \/><\/a><span style=\"font-size: 10pt;\">Forr\u00e1s: <\/span><a href=\"http:\/\/bikemag.hu\/magazin\/hirek\/flash2bsafe-kezi-iranyjelzo-kerekparosoknak\"><span style=\"font-size: 10pt;\">bikemag.hu<\/span><\/a><\/p>\n<p><strong>2. Indexel\u0151 mell\u00e9ny<\/strong><\/p>\n<p>Egy londoni start-upnak k\u00f6sz\u00f6nhet\u0151en akkor sem kell agg\u00f3dnunk kanyarod\u00e1skor, ha biztons\u00e1gosabbnak \u00e9rezz\u00fck, hogy rossz l\u00e1t\u00e1si viszonyok k\u00f6z\u00f6tt nem engedj\u00fck el a korm\u00e1nyt. A Wavy n\u00e9vre keresztelt projekt keret\u00e9ben megalkotott vil\u00e1g\u00edt\u00f3 mell\u00e9nyre t\u00f6bb mint 200 ledl\u00e1mp\u00e1t szereltek, melyek el\u00f6lr\u0151l \u00e9s h\u00e1tulr\u00f3l is j\u00f3l l\u00e1that\u00f3ak. Menet k\u00f6zben a ker\u00e9kp\u00e1ros h\u00e1t\u00e1n vil\u00e1g\u00edt\u00f3 piros X h\u00edvja fel az aut\u00f3sok figyelm\u00e9t, kanyarod\u00e1skor pedig a korm\u00e1nyra r\u00f6gz\u00edtett vez\u00e9rl\u0151egys\u00e9g seg\u00edts\u00e9g\u00e9vel beind\u00edthatjuk az \u00f6sszet\u00e9veszthetetlen s\u00e1rga indexjelz\u00e9st. A teljes felszerel\u00e9shez hozz\u00e1tartozik a mell\u00e9nyhez hasonl\u00f3an m\u0171k\u00f6d\u0151, sisakra applik\u00e1lhat\u00f3 kijelz\u0151t\u00e1bla \u00e9s egy speci\u00e1lis h\u00e1tizs\u00e1k is. Az egyes tartoz\u00e9kokat k\u00fcl\u00f6n-k\u00fcl\u00f6n kell t\u00f6lteni USB-porttal csatlakoztathat\u00f3 akkumul\u00e1toron kereszt\u00fcl, t\u00f6lt\u00f6tts\u00e9gi szintj\u00fcket pedig egy praktikus mobilapplik\u00e1ci\u00f3n kereszt\u00fcl k\u00f6vethetj\u00fck nyomon.<\/p>\n<div id='gallery-1' class='gallery galleryid-2999 gallery-columns-2 gallery-size-medium'><figure class='gallery-item'>\n\t\t\t<div class='gallery-icon landscape'>\n\t\t\t\t<a href='https:\/\/d2p6e6u75xmxt8.cloudfront.net\/12\/2019\/04\/620121.jpg'><img loading=\"lazy\" decoding=\"async\" width=\"300\" height=\"300\" src=\"https:\/\/d2p6e6u75xmxt8.cloudfront.net\/12\/2019\/04\/620121-300x300.jpg\" class=\"attachment-medium size-medium\" alt=\"\" srcset=\"https:\/\/d2p6e6u75xmxt8.cloudfront.net\/12\/2019\/04\/620121-300x300.jpg 300w, https:\/\/d2p6e6u75xmxt8.cloudfront.net\/12\/2019\/04\/620121-150x150.jpg 150w, https:\/\/d2p6e6u75xmxt8.cloudfront.net\/12\/2019\/04\/620121.jpg 580w\" sizes=\"auto, (max-width: 300px) 100vw, 300px\" \/><\/a>\n\t\t\t<\/div><\/figure><figure class='gallery-item'>\n\t\t\t<div class='gallery-icon landscape'>\n\t\t\t\t<a href='https:\/\/d2p6e6u75xmxt8.cloudfront.net\/12\/2019\/04\/620123.jpg'><img loading=\"lazy\" decoding=\"async\" width=\"300\" height=\"300\" src=\"https:\/\/d2p6e6u75xmxt8.cloudfront.net\/12\/2019\/04\/620123-300x300.jpg\" class=\"attachment-medium size-medium\" alt=\"\" srcset=\"https:\/\/d2p6e6u75xmxt8.cloudfront.net\/12\/2019\/04\/620123-300x300.jpg 300w, https:\/\/d2p6e6u75xmxt8.cloudfront.net\/12\/2019\/04\/620123-150x150.jpg 150w, https:\/\/d2p6e6u75xmxt8.cloudfront.net\/12\/2019\/04\/620123.jpg 580w\" sizes=\"auto, (max-width: 300px) 100vw, 300px\" \/><\/a>\n\t\t\t<\/div><\/figure>\n\t\t<\/div>\n\n<p><span style=\"font-size: 10pt;\">Forr\u00e1s: <\/span><a href=\"http:\/\/kreativ.hu\/next-by-telenor\/cikk\/bringasok__ez_az_indexelo_melleny_majd_vigyaz_ratok\"><span style=\"font-size: 10pt;\">Kreat\u00edv.hu<\/span><\/a><\/p>\n<p><strong>3. Vil\u00e1g\u00edt\u00f3 ledsapka<\/strong><\/p>\n<p>Nemcsak figyelemfelkelt\u0151, de trendi is! Ha az igaz\u00e1n felt\u0171n\u0151 kivil\u00e1g\u00edt\u00e1s adja meg sz\u00e1modra a biztons\u00e1g\u00e9rzetet, a vil\u00e1g\u00edt\u00f3 ledsapk\u00e1val biztosra mehetsz. K\u00f6lts\u00e9g-\u00e9s energiatakar\u00e9kos megold\u00e1s a l\u00e1that\u00f3s\u00e1g k\u00e9rd\u00e9s\u00e9re. Ha pedig m\u00e9g ez sem el\u00e9g\u00edti ki az egyedis\u00e9gre val\u00f3 t\u00f6rekv\u00e9sed, akkor a Monkey Light Pro holografikus technol\u00f3gi\u00e1j\u00e1val b\u00e1rmilyen k\u00e9pet \u00e9s anim\u00e1ci\u00f3t kivet\u00edthetsz a kerekeidre.<\/p>\n<p><a href=\"https:\/\/d2p6e6u75xmxt8.cloudfront.net\/12\/2019\/04\/0005717_dunlop-led-vilagito-szelepsapka_600.jpeg\"><img loading=\"lazy\" decoding=\"async\" class=\"alignnone size-full wp-image-3004\" src=\"https:\/\/d2p6e6u75xmxt8.cloudfront.net\/12\/2019\/04\/0005717_dunlop-led-vilagito-szelepsapka_600.jpeg\" alt=\"\" width=\"600\" height=\"360\" srcset=\"https:\/\/d2p6e6u75xmxt8.cloudfront.net\/12\/2019\/04\/0005717_dunlop-led-vilagito-szelepsapka_600.jpeg 600w, https:\/\/d2p6e6u75xmxt8.cloudfront.net\/12\/2019\/04\/0005717_dunlop-led-vilagito-szelepsapka_600-300x180.jpeg 300w\" sizes=\"auto, (max-width: 600px) 100vw, 600px\" \/><\/a><span style=\"font-size: 10pt;\">Forr\u00e1s: <a href=\"http:\/\/topmark.hu\" target=\"_blank\" rel=\"noopener\">topmark.hu<\/a><\/span><\/p>\n<p><a href=\"https:\/\/d2p6e6u75xmxt8.cloudfront.net\/12\/2019\/04\/Monkey-Light-Pro.jpg\"><img loading=\"lazy\" decoding=\"async\" class=\"alignnone size-full wp-image-3002\" src=\"https:\/\/d2p6e6u75xmxt8.cloudfront.net\/12\/2019\/04\/Monkey-Light-Pro.jpg\" alt=\"\" width=\"630\" height=\"450\" srcset=\"https:\/\/d2p6e6u75xmxt8.cloudfront.net\/12\/2019\/04\/Monkey-Light-Pro.jpg 630w, https:\/\/d2p6e6u75xmxt8.cloudfront.net\/12\/2019\/04\/Monkey-Light-Pro-300x214.jpg 300w\" sizes=\"auto, (max-width: 630px) 100vw, 630px\" \/><\/a><span style=\"font-size: 10pt;\">Forr\u00e1s:<a href=\"http:\/\/inhabitat.com\" target=\"_blank\" rel=\"noopener\"> inhabitat.com<\/a><\/span><\/p>\n<p><strong>4. N\u00e9gyzetr\u00e1cs vet\u00edt\u0151<\/strong><\/p>\n<p>Az aut\u00f3sok sz\u00e1m\u00e1ra a fenti k\u00fcty\u00fckkel m\u00e1r biztosan l\u00e1that\u00f3ak vagyunk, azonban a s\u00f6t\u00e9tben az el\u0151tt\u00fcnk \u00e1ll\u00f3 akad\u00e1lyok felt\u00e9rk\u00e9pez\u00e9se is elengedhetetlen. A Lumigrid egy olyan LED projektor, ami a korm\u00e1nyra szerelve n\u00e9gyzetr\u00e1csot vet\u00edt el\u0151tt\u00fcnk az \u00fatra, \u00edgy l\u00e1that\u00f3v\u00e1 v\u00e1lik a terep \u00e9s k\u00f6nnyen kiker\u00fclhetj\u00fck a k\u00e1ty\u00fakat \u00e9s bukkan\u00f3kat.<\/p>\n<p><a href=\"https:\/\/d2p6e6u75xmxt8.cloudfront.net\/12\/2019\/04\/Lumigrids-While-Cycling1-400x357.jpg\"><img loading=\"lazy\" decoding=\"async\" class=\"alignnone size-full wp-image-3001\" src=\"https:\/\/d2p6e6u75xmxt8.cloudfront.net\/12\/2019\/04\/Lumigrids-While-Cycling1-400x357.jpg\" alt=\"\" width=\"400\" height=\"357\" srcset=\"https:\/\/d2p6e6u75xmxt8.cloudfront.net\/12\/2019\/04\/Lumigrids-While-Cycling1-400x357.jpg 400w, https:\/\/d2p6e6u75xmxt8.cloudfront.net\/12\/2019\/04\/Lumigrids-While-Cycling1-400x357-300x268.jpg 300w\" sizes=\"auto, (max-width: 400px) 100vw, 400px\" \/><\/a><span style=\"font-size: 10pt;\">K\u00e9p forr\u00e1sa: <a href=\"http:\/\/socfest.hu\" target=\"_blank\" rel=\"noopener\">socfest.hu<\/a><\/span><\/p>\n<p><strong>K\u00fcty\u00fckkel vagy k\u00fcty\u00fck n\u00e9lk\u00fcl, a kerekedre vet\u00edtett kismacsk\u00e1val vagy egy l\u00e1that\u00f3s\u00e1gi mell\u00e9nnyel, \u00edzl\u00e9s dolga, de egy a l\u00e9nyeg: legy\u00e9l \u00f3vatos \u00e9s j\u00f3l l\u00e1that\u00f3, ha a ker\u00e9kp\u00e1rodon \u00e9r a sz\u00fcrk\u00fclet!<\/strong><\/p>\n","protected":false},"excerpt":{"rendered":"<p>Minden sportol\u00f3 sz\u00e1m\u00e1ra &#8211; legyen kezd\u0151 vagy profi; fut\u00f3, zsok\u00e9 vagy hegym\u00e1sz\u00f3 &#8211; az els\u0151 \u00e9s legfontosabb \u00e9rt\u00e9k a biztons\u00e1g. [&hellip;]<\/p>\n","protected":false},"author":71,"featured_media":3003,"comment_status":"open","ping_status":"open","sticky":false,"template":"","format":"standard","meta":{"footnotes":""},"categories":[10],"tags":[],"global-categories":[],"class_list":["post-2999","post","type-post","status-publish","format-standard","has-post-thumbnail","hentry","category-biztonsag"],"yoast_head":"<!-- This site is optimized with the Yoast SEO Premium plugin v25.3 (Yoast SEO v25.9) - https:\/\/yoast.com\/wordpress\/plugins\/seo\/ -->\n<title>4 hasznos k\u00fcty\u00fc, ami vigy\u00e1z r\u00e1d, ha s\u00f6t\u00e9tben indulsz \u00fatnak - \u0160koda We Love Cycling - Magyarorsz\u00e1g<\/title>\n<meta name=\"robots\" content=\"index, follow, max-snippet:-1, max-image-preview:large, max-video-preview:-1\" \/>\n<link rel=\"canonical\" href=\"https:\/\/www.welovecycling.com\/hu\/biztonsag\/4-hasznos-kutyu-ami-vigyaz-rad-ha-sotetben-indulsz-utnak\/\" \/>\n<meta property=\"og:locale\" content=\"hu_HU\" \/>\n<meta property=\"og:type\" content=\"article\" \/>\n<meta property=\"og:title\" content=\"4 hasznos k\u00fcty\u00fc, ami vigy\u00e1z r\u00e1d, ha s\u00f6t\u00e9tben indulsz \u00fatnak\" \/>\n<meta property=\"og:description\" content=\"Minden sportol\u00f3 sz\u00e1m\u00e1ra &#8211; legyen kezd\u0151 vagy profi; fut\u00f3, zsok\u00e9 vagy hegym\u00e1sz\u00f3 &#8211; az els\u0151 \u00e9s legfontosabb \u00e9rt\u00e9k a biztons\u00e1g. [&hellip;]\" \/>\n<meta property=\"og:url\" content=\"https:\/\/www.welovecycling.com\/hu\/biztonsag\/4-hasznos-kutyu-ami-vigyaz-rad-ha-sotetben-indulsz-utnak\/\" \/>\n<meta property=\"og:site_name\" content=\"\u0160koda We Love Cycling - Magyarorsz\u00e1g\" \/>\n<meta property=\"article:publisher\" content=\"https:\/\/www.facebook.com\/WeLoveCyclingHungary\/\" \/>\n<meta property=\"article:published_time\" content=\"2019-04-14T08:00:08+00:00\" \/>\n<meta property=\"og:image\" content=\"https:\/\/d2p6e6u75xmxt8.cloudfront.net\/12\/2019\/04\/mainimage.jpg\" \/>\n\t<meta property=\"og:image:width\" content=\"1280\" \/>\n\t<meta property=\"og:image:height\" content=\"903\" \/>\n\t<meta property=\"og:image:type\" content=\"image\/jpeg\" \/>\n<meta name=\"author\" content=\"hegyizs\" \/>\n<meta name=\"twitter:card\" content=\"summary_large_image\" \/>\n<meta name=\"twitter:label1\" content=\"Written by\" \/>\n\t<meta name=\"twitter:data1\" content=\"WLC\" \/>\n\t<meta name=\"twitter:label2\" content=\"Est. reading time\" \/>\n\t<meta name=\"twitter:data2\" content=\"4 minutes\" \/>\n<script type=\"application\/ld+json\" class=\"yoast-schema-graph\">{\"@context\":\"https:\/\/schema.org\",\"@graph\":[{\"@type\":\"WebPage\",\"@id\":\"https:\/\/www.welovecycling.com\/hu\/biztonsag\/4-hasznos-kutyu-ami-vigyaz-rad-ha-sotetben-indulsz-utnak\/\",\"url\":\"https:\/\/www.welovecycling.com\/hu\/biztonsag\/4-hasznos-kutyu-ami-vigyaz-rad-ha-sotetben-indulsz-utnak\/\",\"name\":\"4 hasznos k\u00fcty\u00fc, ami vigy\u00e1z r\u00e1d, ha s\u00f6t\u00e9tben indulsz \u00fatnak - \u0160koda We Love Cycling - Magyarorsz\u00e1g\",\"isPartOf\":{\"@id\":\"https:\/\/www.welovecycling.com\/hu\/#website\"},\"primaryImageOfPage\":{\"@id\":\"https:\/\/www.welovecycling.com\/hu\/biztonsag\/4-hasznos-kutyu-ami-vigyaz-rad-ha-sotetben-indulsz-utnak\/#primaryimage\"},\"image\":{\"@id\":\"https:\/\/www.welovecycling.com\/hu\/biztonsag\/4-hasznos-kutyu-ami-vigyaz-rad-ha-sotetben-indulsz-utnak\/#primaryimage\"},\"thumbnailUrl\":\"https:\/\/d2p6e6u75xmxt8.cloudfront.net\/12\/2019\/04\/mainimage.jpg\",\"datePublished\":\"2019-04-14T08:00:08+00:00\",\"author\":{\"@id\":\"https:\/\/www.welovecycling.com\/hu\/#\/schema\/person\/414a2aebf1801691a5320edb6468e194\"},\"breadcrumb\":{\"@id\":\"https:\/\/www.welovecycling.com\/hu\/biztonsag\/4-hasznos-kutyu-ami-vigyaz-rad-ha-sotetben-indulsz-utnak\/#breadcrumb\"},\"inLanguage\":\"hu\",\"potentialAction\":[{\"@type\":\"ReadAction\",\"target\":[\"https:\/\/www.welovecycling.com\/hu\/biztonsag\/4-hasznos-kutyu-ami-vigyaz-rad-ha-sotetben-indulsz-utnak\/\"]}]},{\"@type\":\"ImageObject\",\"inLanguage\":\"hu\",\"@id\":\"https:\/\/www.welovecycling.com\/hu\/biztonsag\/4-hasznos-kutyu-ami-vigyaz-rad-ha-sotetben-indulsz-utnak\/#primaryimage\",\"url\":\"https:\/\/d2p6e6u75xmxt8.cloudfront.net\/12\/2019\/04\/mainimage.jpg\",\"contentUrl\":\"https:\/\/d2p6e6u75xmxt8.cloudfront.net\/12\/2019\/04\/mainimage.jpg\",\"width\":1280,\"height\":903},{\"@type\":\"BreadcrumbList\",\"@id\":\"https:\/\/www.welovecycling.com\/hu\/biztonsag\/4-hasznos-kutyu-ami-vigyaz-rad-ha-sotetben-indulsz-utnak\/#breadcrumb\",\"itemListElement\":[{\"@type\":\"ListItem\",\"position\":1,\"name\":\"Home\",\"item\":\"https:\/\/www.welovecycling.com\/hu\/\"},{\"@type\":\"ListItem\",\"position\":2,\"name\":\"4 hasznos k\u00fcty\u00fc, ami vigy\u00e1z r\u00e1d, ha s\u00f6t\u00e9tben indulsz \u00fatnak\"}]},{\"@type\":\"WebSite\",\"@id\":\"https:\/\/www.welovecycling.com\/hu\/#website\",\"url\":\"https:\/\/www.welovecycling.com\/hu\/\",\"name\":\"\u0160koda We Love Cycling - Magyarorsz\u00e1g\",\"description\":\"\u0160koda WeLoveCycling\",\"potentialAction\":[{\"@type\":\"SearchAction\",\"target\":{\"@type\":\"EntryPoint\",\"urlTemplate\":\"https:\/\/www.welovecycling.com\/hu\/?s={search_term_string}\"},\"query-input\":{\"@type\":\"PropertyValueSpecification\",\"valueRequired\":true,\"valueName\":\"search_term_string\"}}],\"inLanguage\":\"hu\"},{\"@type\":\"Person\",\"@id\":\"https:\/\/www.welovecycling.com\/hu\/#\/schema\/person\/414a2aebf1801691a5320edb6468e194\",\"name\":\"hegyizs\",\"image\":{\"@type\":\"ImageObject\",\"inLanguage\":\"hu\",\"@id\":\"https:\/\/www.welovecycling.com\/hu\/#\/schema\/person\/image\/\",\"url\":\"https:\/\/secure.gravatar.com\/avatar\/02cf8a7906b8cf90cecb4679defac7cfd33a1c2e3b88e4903d947f3bb58eedd3?s=96&d=mm&r=g\",\"contentUrl\":\"https:\/\/secure.gravatar.com\/avatar\/02cf8a7906b8cf90cecb4679defac7cfd33a1c2e3b88e4903d947f3bb58eedd3?s=96&d=mm&r=g\",\"caption\":\"hegyizs\"},\"url\":\"https:\/\/www.welovecycling.com\/hu\/author\/hegyizs\/\"}]}<\/script>\n<!-- \/ Yoast SEO Premium plugin. -->","yoast_head_json":{"title":"4 hasznos k\u00fcty\u00fc, ami vigy\u00e1z r\u00e1d, ha s\u00f6t\u00e9tben indulsz \u00fatnak - \u0160koda We Love Cycling - Magyarorsz\u00e1g","robots":{"index":"index","follow":"follow","max-snippet":"max-snippet:-1","max-image-preview":"max-image-preview:large","max-video-preview":"max-video-preview:-1"},"canonical":"https:\/\/www.welovecycling.com\/hu\/biztonsag\/4-hasznos-kutyu-ami-vigyaz-rad-ha-sotetben-indulsz-utnak\/","og_locale":"hu_HU","og_type":"article","og_title":"4 hasznos k\u00fcty\u00fc, ami vigy\u00e1z r\u00e1d, ha s\u00f6t\u00e9tben indulsz \u00fatnak","og_description":"Minden sportol\u00f3 sz\u00e1m\u00e1ra &#8211; legyen kezd\u0151 vagy profi; fut\u00f3, zsok\u00e9 vagy hegym\u00e1sz\u00f3 &#8211; az els\u0151 \u00e9s legfontosabb \u00e9rt\u00e9k a biztons\u00e1g. [&hellip;]","og_url":"https:\/\/www.welovecycling.com\/hu\/biztonsag\/4-hasznos-kutyu-ami-vigyaz-rad-ha-sotetben-indulsz-utnak\/","og_site_name":"\u0160koda We Love Cycling - Magyarorsz\u00e1g","article_publisher":"https:\/\/www.facebook.com\/WeLoveCyclingHungary\/","article_published_time":"2019-04-14T08:00:08+00:00","og_image":[{"width":1280,"height":903,"url":"https:\/\/d2p6e6u75xmxt8.cloudfront.net\/12\/2019\/04\/mainimage.jpg","type":"image\/jpeg"}],"author":"hegyizs","twitter_card":"summary_large_image","twitter_misc":{"Written by":"WLC","Est. reading time":"4 minutes"},"schema":{"@context":"https:\/\/schema.org","@graph":[{"@type":"WebPage","@id":"https:\/\/www.welovecycling.com\/hu\/biztonsag\/4-hasznos-kutyu-ami-vigyaz-rad-ha-sotetben-indulsz-utnak\/","url":"https:\/\/www.welovecycling.com\/hu\/biztonsag\/4-hasznos-kutyu-ami-vigyaz-rad-ha-sotetben-indulsz-utnak\/","name":"4 hasznos k\u00fcty\u00fc, ami vigy\u00e1z r\u00e1d, ha s\u00f6t\u00e9tben indulsz \u00fatnak - \u0160koda We Love Cycling - Magyarorsz\u00e1g","isPartOf":{"@id":"https:\/\/www.welovecycling.com\/hu\/#website"},"primaryImageOfPage":{"@id":"https:\/\/www.welovecycling.com\/hu\/biztonsag\/4-hasznos-kutyu-ami-vigyaz-rad-ha-sotetben-indulsz-utnak\/#primaryimage"},"image":{"@id":"https:\/\/www.welovecycling.com\/hu\/biztonsag\/4-hasznos-kutyu-ami-vigyaz-rad-ha-sotetben-indulsz-utnak\/#primaryimage"},"thumbnailUrl":"https:\/\/d2p6e6u75xmxt8.cloudfront.net\/12\/2019\/04\/mainimage.jpg","datePublished":"2019-04-14T08:00:08+00:00","author":{"@id":"https:\/\/www.welovecycling.com\/hu\/#\/schema\/person\/414a2aebf1801691a5320edb6468e194"},"breadcrumb":{"@id":"https:\/\/www.welovecycling.com\/hu\/biztonsag\/4-hasznos-kutyu-ami-vigyaz-rad-ha-sotetben-indulsz-utnak\/#breadcrumb"},"inLanguage":"hu","potentialAction":[{"@type":"ReadAction","target":["https:\/\/www.welovecycling.com\/hu\/biztonsag\/4-hasznos-kutyu-ami-vigyaz-rad-ha-sotetben-indulsz-utnak\/"]}]},{"@type":"ImageObject","inLanguage":"hu","@id":"https:\/\/www.welovecycling.com\/hu\/biztonsag\/4-hasznos-kutyu-ami-vigyaz-rad-ha-sotetben-indulsz-utnak\/#primaryimage","url":"https:\/\/d2p6e6u75xmxt8.cloudfront.net\/12\/2019\/04\/mainimage.jpg","contentUrl":"https:\/\/d2p6e6u75xmxt8.cloudfront.net\/12\/2019\/04\/mainimage.jpg","width":1280,"height":903},{"@type":"BreadcrumbList","@id":"https:\/\/www.welovecycling.com\/hu\/biztonsag\/4-hasznos-kutyu-ami-vigyaz-rad-ha-sotetben-indulsz-utnak\/#breadcrumb","itemListElement":[{"@type":"ListItem","position":1,"name":"Home","item":"https:\/\/www.welovecycling.com\/hu\/"},{"@type":"ListItem","position":2,"name":"4 hasznos k\u00fcty\u00fc, ami vigy\u00e1z r\u00e1d, ha s\u00f6t\u00e9tben indulsz \u00fatnak"}]},{"@type":"WebSite","@id":"https:\/\/www.welovecycling.com\/hu\/#website","url":"https:\/\/www.welovecycling.com\/hu\/","name":"\u0160koda We Love Cycling - Magyarorsz\u00e1g","description":"\u0160koda WeLoveCycling","potentialAction":[{"@type":"SearchAction","target":{"@type":"EntryPoint","urlTemplate":"https:\/\/www.welovecycling.com\/hu\/?s={search_term_string}"},"query-input":{"@type":"PropertyValueSpecification","valueRequired":true,"valueName":"search_term_string"}}],"inLanguage":"hu"},{"@type":"Person","@id":"https:\/\/www.welovecycling.com\/hu\/#\/schema\/person\/414a2aebf1801691a5320edb6468e194","name":"hegyizs","image":{"@type":"ImageObject","inLanguage":"hu","@id":"https:\/\/www.welovecycling.com\/hu\/#\/schema\/person\/image\/","url":"https:\/\/secure.gravatar.com\/avatar\/02cf8a7906b8cf90cecb4679defac7cfd33a1c2e3b88e4903d947f3bb58eedd3?s=96&d=mm&r=g","contentUrl":"https:\/\/secure.gravatar.com\/avatar\/02cf8a7906b8cf90cecb4679defac7cfd33a1c2e3b88e4903d947f3bb58eedd3?s=96&d=mm&r=g","caption":"hegyizs"},"url":"https:\/\/www.welovecycling.com\/hu\/author\/hegyizs\/"}]}},"_links":{"self":[{"href":"https:\/\/www.welovecycling.com\/hu\/wp-json\/wp\/v2\/posts\/2999","targetHints":{"allow":["GET"]}}],"collection":[{"href":"https:\/\/www.welovecycling.com\/hu\/wp-json\/wp\/v2\/posts"}],"about":[{"href":"https:\/\/www.welovecycling.com\/hu\/wp-json\/wp\/v2\/types\/post"}],"author":[{"embeddable":true,"href":"https:\/\/www.welovecycling.com\/hu\/wp-json\/wp\/v2\/users\/71"}],"replies":[{"embeddable":true,"href":"https:\/\/www.welovecycling.com\/hu\/wp-json\/wp\/v2\/comments?post=2999"}],"version-history":[{"count":2,"href":"https:\/\/www.welovecycling.com\/hu\/wp-json\/wp\/v2\/posts\/2999\/revisions"}],"predecessor-version":[{"id":3010,"href":"https:\/\/www.welovecycling.com\/hu\/wp-json\/wp\/v2\/posts\/2999\/revisions\/3010"}],"wp:featuredmedia":[{"embeddable":true,"href":"https:\/\/www.welovecycling.com\/hu\/wp-json\/wp\/v2\/media\/3003"}],"wp:attachment":[{"href":"https:\/\/www.welovecycling.com\/hu\/wp-json\/wp\/v2\/media?parent=2999"}],"wp:term":[{"taxonomy":"category","embeddable":true,"href":"https:\/\/www.welovecycling.com\/hu\/wp-json\/wp\/v2\/categories?post=2999"},{"taxonomy":"post_tag","embeddable":true,"href":"https:\/\/www.welovecycling.com\/hu\/wp-json\/wp\/v2\/tags?post=2999"},{"taxonomy":"global-categories","embeddable":true,"href":"https:\/\/www.welovecycling.com\/hu\/wp-json\/wp\/v2\/global-categories?post=2999"}],"curies":[{"name":"wp","href":"https:\/\/api.w.org\/{rel}","templated":true}]}}