{"id":2991,"date":"2019-04-04T08:00:37","date_gmt":"2019-04-04T07:00:37","guid":{"rendered":"https:\/\/www.welovecycling.com\/hu\/?p=2991"},"modified":"2019-04-01T12:40:29","modified_gmt":"2019-04-01T11:40:29","slug":"lefele-gurulni-barki-tud-dehogyis","status":"publish","type":"post","link":"https:\/\/www.welovecycling.com\/hu\/trekking-mtb\/lefele-gurulni-barki-tud-dehogyis\/","title":{"rendered":"Lefel\u00e9 gurulni b\u00e1rki tud? Dehogyis\u2026"},"content":{"rendered":"<p><strong>Lefel\u00e9 gurulni b\u00e1rki tud \u2013 hangzik a r\u00e9gi bring\u00e1s mond\u00e1s, \u00e9s m\u00e1r csak a fizika t\u00f6rv\u00e9nyei miatt is neh\u00e9z vele vitatkozni. Viszont ebb\u0151l arra k\u00f6vetkeztetni, hogy a downhill k\u00f6nny\u0171 lenne, olyan, mintha azt mondan\u00e1nk, hogy Raikk\u00f6nennek sincs neh\u00e9z dolga, hiszen csak k\u00f6rbe kell mennie egy p\u00e1ly\u00e1n. A downhill bring\u00e1z\u00e1s a gurul\u00e1sn\u00e1l l\u00e9nyegesen t\u00f6bbr\u0151l sz\u00f3l.<\/strong><!--more--><\/p>\n<p>Az ember igyekszik ker\u00fclni az angol kifejez\u00e9sek be\u00e9p\u00edt\u00e9s\u00e9t a magyar nyelvbe, a downhillel neh\u00e9z mit kezdeni, nincs magyar megfelel\u0151je. Bocs\u00e1natos b\u0171n esetleg a lejt\u0151z\u00e9s, de az etimologiz\u00e1l\u00e1s nem sokat v\u00e1ltoztat a l\u00e9nyegen, a downhilles lefel\u00e9 megy, \u00e9s nem az akad\u00e1lyok, hanem az ide\u00e1lis \u00edv szabja meg a nyomvonalat, vagyis, ha egy mos\u00f3g\u00e9pnyi szikl\u00e1n \u00e1t a leggyorsabb, akkor azon kell \u00e1tmenni.<\/p>\n<p>Hogy mikor, honnan indult, neh\u00e9z megmondani, val\u00f3sz\u00edn\u0171leg ami\u00f3ta a ma ismert form\u00e1j\u00e1ban l\u00e9tezik a bicikli, volt valaki, aki csak az\u00e9rt tolta fel egy hegytet\u0151re, hogy leguruljon. Az els\u0151 \u00fagy-ahogy szervezett versenyeket a hetvenes \u00e9vek elej\u00e9n Kaliforni\u00e1ban, Marin megy\u00e9ben tartott\u00e1k, p\u00e1r hossz\u00fa haj\u00fa hippi j\u00f6tt \u00f6ssze, hogy megn\u00e9zz\u00e9k, ki \u00e9r le leggyorsabban a Tamalpais v\u00f6lgy\u00e9be. Olyan, k\u00e9s\u0151bb legend\u00e1ss\u00e1 v\u00e1lt arcok tekertek itt, mint Charlie Kelly vagy Joe Breeze, b\u00e1r ekkor m\u00e9g messze volt a technika a mai sz\u00ednvonalt\u00f3l.<a href=\"https:\/\/d2p6e6u75xmxt8.cloudfront.net\/12\/2019\/04\/klunkerz.jpg\"><img loading=\"lazy\" decoding=\"async\" class=\"alignnone size-full wp-image-2995\" src=\"https:\/\/d2p6e6u75xmxt8.cloudfront.net\/12\/2019\/04\/klunkerz.jpg\" alt=\"\" width=\"1080\" height=\"734\" srcset=\"https:\/\/d2p6e6u75xmxt8.cloudfront.net\/12\/2019\/04\/klunkerz.jpg 1080w, https:\/\/d2p6e6u75xmxt8.cloudfront.net\/12\/2019\/04\/klunkerz-300x204.jpg 300w, https:\/\/d2p6e6u75xmxt8.cloudfront.net\/12\/2019\/04\/klunkerz-768x522.jpg 768w, https:\/\/d2p6e6u75xmxt8.cloudfront.net\/12\/2019\/04\/klunkerz-1024x696.jpg 1024w\" sizes=\"auto, (max-width: 1080px) 100vw, 1080px\" \/><\/a><\/p>\n<p>A hetvenes \u00e9vek elej\u00e9n legink\u00e1bb abb\u00f3l lett hegyi bringa, amit nem sajn\u00e1ltak, huszon\u00e9ves post\u00e1s bring\u00e1kat alak\u00edtottak \u00e1t, esetleg orsz\u00e1g\u00fatikra szereltek egyenes korm\u00e1nyt, messze volt m\u00e9g a teleszk\u00f3pok \u00e9s rendes fut\u00f3m\u0171vek vil\u00e1ga. Kelly csapat\u00e1ra <em>Repack crew<\/em>-k\u00e9nt hivatkoztak, (repack &#8211; \u00e1tszerel, fel\u00faj\u00edt), mivel a ker\u00e9kagyakat minden futam ut\u00e1n sz\u00e9t kellett szedni \u00e9s \u00fajrazs\u00edrozni, ugyanis a kontraf\u00e9kekb\u0151l a hossz\u00fa, meredek lejt\u0151k\u00f6n val\u00f3 f\u00e9kez\u00e9st\u0151l ki\u00e9gett a zs\u00edr.<\/p>\n<lite-youtube videoid=0sjRCzRrPac params=\"enablejsapi=1\" style=\"background-image: url('https:\/\/i.ytimg.com\/vi_webp\/0sjRCzRrPac\/maxresdefault.webp');\"><\/lite-youtube>\n<p>N\u0151tt a temp\u00f3, egyre t\u00f6bb ember csatlakozott a kis mozgalomhoz, \u00e9s nem csak a ker\u00e9kagyak, de a v\u00e1zak is kezdt\u00e9k feladni. Breeze 1977-ben gy\u00e1rtotta le az els\u0151 t\u00edz v\u00e1zat, amelyeket m\u00e1r kifejezetten hegyi felhaszn\u00e1l\u00e1sra sz\u00e1nt. Nem kell komoly dologra gondolni, a v\u00e1z tervez\u00e9se egy negyvenes \u00e9vekben futott Schwinnb\u0151l indult ki, \u00e1m t\u00f6bb ponton meger\u0151s\u00edtett\u00e9k, a h\u00e1ts\u00f3 v\u00e1zpapucs \u00e9s a homlokcs\u0151 k\u00f6z\u00f6tt fut\u00f3 p\u00e1rhuzamos cs\u00f6vek is ez\u00e9rt ker\u00fcltek fel. Nagy dolog volt ez, olyannyira, hogy a Breezer No. 1 jelenleg a Smithsonian int\u00e9zetben l\u00f3g a falr\u00f3l, nem messze egy \u0171rsikl\u00f3t\u00f3l.<\/p>\n<p><a href=\"https:\/\/d2p6e6u75xmxt8.cloudfront.net\/12\/2019\/04\/breezer.jpg\"><img loading=\"lazy\" decoding=\"async\" class=\"alignnone size-full wp-image-2992\" src=\"https:\/\/d2p6e6u75xmxt8.cloudfront.net\/12\/2019\/04\/breezer.jpg\" alt=\"\" width=\"1000\" height=\"664\" srcset=\"https:\/\/d2p6e6u75xmxt8.cloudfront.net\/12\/2019\/04\/breezer.jpg 1000w, https:\/\/d2p6e6u75xmxt8.cloudfront.net\/12\/2019\/04\/breezer-300x199.jpg 300w, https:\/\/d2p6e6u75xmxt8.cloudfront.net\/12\/2019\/04\/breezer-768x510.jpg 768w, https:\/\/d2p6e6u75xmxt8.cloudfront.net\/12\/2019\/04\/breezer-272x182.jpg 272w\" sizes=\"auto, (max-width: 1000px) 100vw, 1000px\" \/><\/a><\/p>\n<p>1979-ben azt\u00e1n Charlie Kelly \u00e9s Gary Fisher megalap\u00edtotta a MountainBikes nev\u0171 v\u00e1llalkoz\u00e1st, amelynek \u00fcgyes marketingj\u00e9t j\u00f3l mutatja, hogy tulajdonk\u00e9ppen err\u0151l kapja nev\u00e9t a sport. A hegyiker\u00e9kp\u00e1r sport fejl\u0151d\u00e9se egy k\u00f6nyvet megt\u00f6ltene, hiszen az elm\u00falt lassan 50 \u00e9vben t\u00f6bb szak\u00e1gra v\u00e1lt sz\u00e9t a sport, mint arra b\u00e1rki sz\u00e1m\u00edtott volna 1970-ben. Az els\u0151 hivatalos downhill futamot 1990-ben, a Colorado \u00e1llambeli Durang\u00f3ban tartott\u00e1k, a Hegyiker\u00e9kp\u00e1ros Vil\u00e1gkupa r\u00e9szek\u00e9nt. Ez m\u00e1r a UCI, azaz a Union Cycliste Internationale \u2013 Nemzetk\u00f6zi Ker\u00e9kp\u00e1ros-sz\u00f6vets\u00e9g \u00e1ltal szab\u00e1lyzott verseny volt.<\/p>\n<p>A kilencvenes \u00e9vekben sok, addig m\u00e1s szak\u00e1gban sikeres bring\u00e1s kezdett el a downhill ir\u00e1nt \u00e9rdekl\u0151dni, mint Daniel Solano vagy Brian Lopes, akik a profi BMX vil\u00e1g\u00e1b\u00f3l \u00e9rkeztek. Ezeket a sportol\u00f3kat a sebess\u00e9g, \u00e9s az egyre nagyobb ugrat\u00f3k vonzott\u00e1k, hiszen ahogy fejl\u0151d\u00f6tt a technika \u00e9s egyre jobb\u00e1 v\u00e1ltak maguk az atl\u00e9t\u00e1k, \u00fagy lettek egyre nehezebben teljes\u00edthet\u0151k a p\u00e1ly\u00e1k. Eleinte amolyan d\u00f3zerutakon gurultak a versenyz\u0151k, m\u00e1ra viszont egy rendes, vil\u00e1gkupa sorozatban haszn\u00e1lt downhill p\u00e1lya teljes\u00edt\u00e9se sok helyen m\u00e9g gyalog is neh\u00e9zkes. A downhilles egyed\u00fcl van a p\u00e1ly\u00e1n, \u00e9s az \u00f3ra ellen k\u00fczd, a c\u00e9l, hogy min\u00e9l hamarabb \u00e9rjen a rajtt\u00f3l a c\u00e9lig.<\/p>\n<p><a href=\"https:\/\/d2p6e6u75xmxt8.cloudfront.net\/12\/2019\/04\/dhmodern2.jpg\"><img loading=\"lazy\" decoding=\"async\" class=\"alignnone size-full wp-image-2994\" src=\"https:\/\/d2p6e6u75xmxt8.cloudfront.net\/12\/2019\/04\/dhmodern2.jpg\" alt=\"\" width=\"960\" height=\"587\" srcset=\"https:\/\/d2p6e6u75xmxt8.cloudfront.net\/12\/2019\/04\/dhmodern2.jpg 960w, https:\/\/d2p6e6u75xmxt8.cloudfront.net\/12\/2019\/04\/dhmodern2-300x183.jpg 300w, https:\/\/d2p6e6u75xmxt8.cloudfront.net\/12\/2019\/04\/dhmodern2-768x470.jpg 768w\" sizes=\"auto, (max-width: 960px) 100vw, 960px\" \/><\/a><\/p>\n<p>K\u00f6zben a sport kil\u00e9pett az erd\u0151b\u0151l, t\u00f6bb orsz\u00e1gban rendeznek v\u00e1rosi futamokat, itt is a lejt\u0151 a l\u00e9nyeg, csak az akad\u00e1lyokat l\u00e9pcs\u0151kre \u00e9s betonelemekre cser\u00e9lt\u00e9k a szervez\u0151k, de Magyarorsz\u00e1gon is l\u00e1ttunk m\u00e1r olyan versenyt, ahol a metr\u00f3 mozg\u00f3l\u00e9pcs\u0151in kellett legurulniuk a bring\u00e1soknak. A v\u00e1ltozatos terep \u00e9s a komoly temp\u00f3 miatt a versenyz\u0151knek egyre komolyabb fizikumra van sz\u00fcks\u00e9g\u00fck, mert b\u00e1r <em>csak gurulnak <\/em>60-70-es temp\u00f3n\u00e1l fent maradni a bring\u00e1n m\u00e1r \u00e1ll\u00f3k\u00e9pess\u00e9g kell. Fizikailag nem kisebb kih\u00edv\u00e1s a downhill, mint m\u00e1s szak\u00e1gak, csak m\u00e1shogy terhel meg, de egy technik\u00e1s, meredek lejt\u0151 v\u00e9g\u00e9re ugyan\u00fagy fogunk lihegni, mintha felfel\u00e9 tekern\u00e9nk.<\/p>\n<lite-youtube videoid=aN2Dg4XV8YE params=\"enablejsapi=1\" style=\"background-image: url('https:\/\/i.ytimg.com\/vi_webp\/aN2Dg4XV8YE\/maxresdefault.webp');\"><\/lite-youtube>\n<p><em>Mint minden szak\u00e1g, ez is k\u00fcl\u00f6nleges bring\u00e1t \u00e9s felszerel\u00e9st k\u00f6vetel meg, ezekkel folytatjuk a j\u00f6v\u0151 h\u00e9ten. <\/em><\/p>\n","protected":false},"excerpt":{"rendered":"<p>Lefel\u00e9 gurulni b\u00e1rki tud \u2013 hangzik a r\u00e9gi bring\u00e1s mond\u00e1s, \u00e9s m\u00e1r csak a fizika t\u00f6rv\u00e9nyei miatt is neh\u00e9z vele [&hellip;]<\/p>\n","protected":false},"author":71,"featured_media":2993,"comment_status":"open","ping_status":"open","sticky":false,"template":"","format":"standard","meta":{"footnotes":""},"categories":[7],"tags":[],"global-categories":[],"class_list":["post-2991","post","type-post","status-publish","format-standard","has-post-thumbnail","hentry","category-trekking-mtb"],"yoast_head":"<!-- This site is optimized with the Yoast SEO Premium plugin v25.3 (Yoast SEO v25.9) - https:\/\/yoast.com\/wordpress\/plugins\/seo\/ -->\n<title>Lefel\u00e9 gurulni b\u00e1rki tud? Dehogyis\u2026 - \u0160koda We Love Cycling - Magyarorsz\u00e1g<\/title>\n<meta name=\"robots\" content=\"index, follow, max-snippet:-1, max-image-preview:large, max-video-preview:-1\" \/>\n<link rel=\"canonical\" href=\"https:\/\/www.welovecycling.com\/hu\/trekking-mtb\/lefele-gurulni-barki-tud-dehogyis\/\" \/>\n<meta property=\"og:locale\" content=\"hu_HU\" \/>\n<meta property=\"og:type\" content=\"article\" \/>\n<meta property=\"og:title\" content=\"Lefel\u00e9 gurulni b\u00e1rki tud? Dehogyis\u2026\" \/>\n<meta property=\"og:description\" content=\"Lefel\u00e9 gurulni b\u00e1rki tud \u2013 hangzik a r\u00e9gi bring\u00e1s mond\u00e1s, \u00e9s m\u00e1r csak a fizika t\u00f6rv\u00e9nyei miatt is neh\u00e9z vele [&hellip;]\" \/>\n<meta property=\"og:url\" content=\"https:\/\/www.welovecycling.com\/hu\/trekking-mtb\/lefele-gurulni-barki-tud-dehogyis\/\" \/>\n<meta property=\"og:site_name\" content=\"\u0160koda We Love Cycling - Magyarorsz\u00e1g\" \/>\n<meta property=\"article:publisher\" content=\"https:\/\/www.facebook.com\/WeLoveCyclingHungary\/\" \/>\n<meta property=\"article:published_time\" content=\"2019-04-04T07:00:37+00:00\" \/>\n<meta property=\"og:image\" content=\"https:\/\/d2p6e6u75xmxt8.cloudfront.net\/12\/2019\/04\/dhmodern.jpg\" \/>\n\t<meta property=\"og:image:width\" content=\"1280\" \/>\n\t<meta property=\"og:image:height\" content=\"720\" \/>\n\t<meta property=\"og:image:type\" content=\"image\/jpeg\" \/>\n<meta name=\"author\" content=\"hegyizs\" \/>\n<meta name=\"twitter:card\" content=\"summary_large_image\" \/>\n<meta name=\"twitter:label1\" content=\"Written by\" \/>\n\t<meta name=\"twitter:data1\" content=\"WLC\" \/>\n\t<meta name=\"twitter:label2\" content=\"Est. reading time\" \/>\n\t<meta name=\"twitter:data2\" content=\"5 minutes\" \/>\n<script type=\"application\/ld+json\" class=\"yoast-schema-graph\">{\"@context\":\"https:\/\/schema.org\",\"@graph\":[{\"@type\":\"WebPage\",\"@id\":\"https:\/\/www.welovecycling.com\/hu\/trekking-mtb\/lefele-gurulni-barki-tud-dehogyis\/\",\"url\":\"https:\/\/www.welovecycling.com\/hu\/trekking-mtb\/lefele-gurulni-barki-tud-dehogyis\/\",\"name\":\"Lefel\u00e9 gurulni b\u00e1rki tud? Dehogyis\u2026 - \u0160koda We Love Cycling - Magyarorsz\u00e1g\",\"isPartOf\":{\"@id\":\"https:\/\/www.welovecycling.com\/hu\/#website\"},\"primaryImageOfPage\":{\"@id\":\"https:\/\/www.welovecycling.com\/hu\/trekking-mtb\/lefele-gurulni-barki-tud-dehogyis\/#primaryimage\"},\"image\":{\"@id\":\"https:\/\/www.welovecycling.com\/hu\/trekking-mtb\/lefele-gurulni-barki-tud-dehogyis\/#primaryimage\"},\"thumbnailUrl\":\"https:\/\/d2p6e6u75xmxt8.cloudfront.net\/12\/2019\/04\/dhmodern.jpg\",\"datePublished\":\"2019-04-04T07:00:37+00:00\",\"author\":{\"@id\":\"https:\/\/www.welovecycling.com\/hu\/#\/schema\/person\/414a2aebf1801691a5320edb6468e194\"},\"breadcrumb\":{\"@id\":\"https:\/\/www.welovecycling.com\/hu\/trekking-mtb\/lefele-gurulni-barki-tud-dehogyis\/#breadcrumb\"},\"inLanguage\":\"hu\",\"potentialAction\":[{\"@type\":\"ReadAction\",\"target\":[\"https:\/\/www.welovecycling.com\/hu\/trekking-mtb\/lefele-gurulni-barki-tud-dehogyis\/\"]}]},{\"@type\":\"ImageObject\",\"inLanguage\":\"hu\",\"@id\":\"https:\/\/www.welovecycling.com\/hu\/trekking-mtb\/lefele-gurulni-barki-tud-dehogyis\/#primaryimage\",\"url\":\"https:\/\/d2p6e6u75xmxt8.cloudfront.net\/12\/2019\/04\/dhmodern.jpg\",\"contentUrl\":\"https:\/\/d2p6e6u75xmxt8.cloudfront.net\/12\/2019\/04\/dhmodern.jpg\",\"width\":1280,\"height\":720},{\"@type\":\"BreadcrumbList\",\"@id\":\"https:\/\/www.welovecycling.com\/hu\/trekking-mtb\/lefele-gurulni-barki-tud-dehogyis\/#breadcrumb\",\"itemListElement\":[{\"@type\":\"ListItem\",\"position\":1,\"name\":\"Home\",\"item\":\"https:\/\/www.welovecycling.com\/hu\/\"},{\"@type\":\"ListItem\",\"position\":2,\"name\":\"Lefel\u00e9 gurulni b\u00e1rki tud? Dehogyis\u2026\"}]},{\"@type\":\"WebSite\",\"@id\":\"https:\/\/www.welovecycling.com\/hu\/#website\",\"url\":\"https:\/\/www.welovecycling.com\/hu\/\",\"name\":\"\u0160koda We Love Cycling - Magyarorsz\u00e1g\",\"description\":\"\u0160koda WeLoveCycling\",\"potentialAction\":[{\"@type\":\"SearchAction\",\"target\":{\"@type\":\"EntryPoint\",\"urlTemplate\":\"https:\/\/www.welovecycling.com\/hu\/?s={search_term_string}\"},\"query-input\":{\"@type\":\"PropertyValueSpecification\",\"valueRequired\":true,\"valueName\":\"search_term_string\"}}],\"inLanguage\":\"hu\"},{\"@type\":\"Person\",\"@id\":\"https:\/\/www.welovecycling.com\/hu\/#\/schema\/person\/414a2aebf1801691a5320edb6468e194\",\"name\":\"hegyizs\",\"image\":{\"@type\":\"ImageObject\",\"inLanguage\":\"hu\",\"@id\":\"https:\/\/www.welovecycling.com\/hu\/#\/schema\/person\/image\/\",\"url\":\"https:\/\/secure.gravatar.com\/avatar\/02cf8a7906b8cf90cecb4679defac7cfd33a1c2e3b88e4903d947f3bb58eedd3?s=96&d=mm&r=g\",\"contentUrl\":\"https:\/\/secure.gravatar.com\/avatar\/02cf8a7906b8cf90cecb4679defac7cfd33a1c2e3b88e4903d947f3bb58eedd3?s=96&d=mm&r=g\",\"caption\":\"hegyizs\"},\"url\":\"https:\/\/www.welovecycling.com\/hu\/author\/hegyizs\/\"}]}<\/script>\n<!-- \/ Yoast SEO Premium plugin. -->","yoast_head_json":{"title":"Lefel\u00e9 gurulni b\u00e1rki tud? Dehogyis\u2026 - \u0160koda We Love Cycling - Magyarorsz\u00e1g","robots":{"index":"index","follow":"follow","max-snippet":"max-snippet:-1","max-image-preview":"max-image-preview:large","max-video-preview":"max-video-preview:-1"},"canonical":"https:\/\/www.welovecycling.com\/hu\/trekking-mtb\/lefele-gurulni-barki-tud-dehogyis\/","og_locale":"hu_HU","og_type":"article","og_title":"Lefel\u00e9 gurulni b\u00e1rki tud? Dehogyis\u2026","og_description":"Lefel\u00e9 gurulni b\u00e1rki tud \u2013 hangzik a r\u00e9gi bring\u00e1s mond\u00e1s, \u00e9s m\u00e1r csak a fizika t\u00f6rv\u00e9nyei miatt is neh\u00e9z vele [&hellip;]","og_url":"https:\/\/www.welovecycling.com\/hu\/trekking-mtb\/lefele-gurulni-barki-tud-dehogyis\/","og_site_name":"\u0160koda We Love Cycling - Magyarorsz\u00e1g","article_publisher":"https:\/\/www.facebook.com\/WeLoveCyclingHungary\/","article_published_time":"2019-04-04T07:00:37+00:00","og_image":[{"width":1280,"height":720,"url":"https:\/\/d2p6e6u75xmxt8.cloudfront.net\/12\/2019\/04\/dhmodern.jpg","type":"image\/jpeg"}],"author":"hegyizs","twitter_card":"summary_large_image","twitter_misc":{"Written by":"WLC","Est. reading time":"5 minutes"},"schema":{"@context":"https:\/\/schema.org","@graph":[{"@type":"WebPage","@id":"https:\/\/www.welovecycling.com\/hu\/trekking-mtb\/lefele-gurulni-barki-tud-dehogyis\/","url":"https:\/\/www.welovecycling.com\/hu\/trekking-mtb\/lefele-gurulni-barki-tud-dehogyis\/","name":"Lefel\u00e9 gurulni b\u00e1rki tud? Dehogyis\u2026 - \u0160koda We Love Cycling - Magyarorsz\u00e1g","isPartOf":{"@id":"https:\/\/www.welovecycling.com\/hu\/#website"},"primaryImageOfPage":{"@id":"https:\/\/www.welovecycling.com\/hu\/trekking-mtb\/lefele-gurulni-barki-tud-dehogyis\/#primaryimage"},"image":{"@id":"https:\/\/www.welovecycling.com\/hu\/trekking-mtb\/lefele-gurulni-barki-tud-dehogyis\/#primaryimage"},"thumbnailUrl":"https:\/\/d2p6e6u75xmxt8.cloudfront.net\/12\/2019\/04\/dhmodern.jpg","datePublished":"2019-04-04T07:00:37+00:00","author":{"@id":"https:\/\/www.welovecycling.com\/hu\/#\/schema\/person\/414a2aebf1801691a5320edb6468e194"},"breadcrumb":{"@id":"https:\/\/www.welovecycling.com\/hu\/trekking-mtb\/lefele-gurulni-barki-tud-dehogyis\/#breadcrumb"},"inLanguage":"hu","potentialAction":[{"@type":"ReadAction","target":["https:\/\/www.welovecycling.com\/hu\/trekking-mtb\/lefele-gurulni-barki-tud-dehogyis\/"]}]},{"@type":"ImageObject","inLanguage":"hu","@id":"https:\/\/www.welovecycling.com\/hu\/trekking-mtb\/lefele-gurulni-barki-tud-dehogyis\/#primaryimage","url":"https:\/\/d2p6e6u75xmxt8.cloudfront.net\/12\/2019\/04\/dhmodern.jpg","contentUrl":"https:\/\/d2p6e6u75xmxt8.cloudfront.net\/12\/2019\/04\/dhmodern.jpg","width":1280,"height":720},{"@type":"BreadcrumbList","@id":"https:\/\/www.welovecycling.com\/hu\/trekking-mtb\/lefele-gurulni-barki-tud-dehogyis\/#breadcrumb","itemListElement":[{"@type":"ListItem","position":1,"name":"Home","item":"https:\/\/www.welovecycling.com\/hu\/"},{"@type":"ListItem","position":2,"name":"Lefel\u00e9 gurulni b\u00e1rki tud? Dehogyis\u2026"}]},{"@type":"WebSite","@id":"https:\/\/www.welovecycling.com\/hu\/#website","url":"https:\/\/www.welovecycling.com\/hu\/","name":"\u0160koda We Love Cycling - Magyarorsz\u00e1g","description":"\u0160koda WeLoveCycling","potentialAction":[{"@type":"SearchAction","target":{"@type":"EntryPoint","urlTemplate":"https:\/\/www.welovecycling.com\/hu\/?s={search_term_string}"},"query-input":{"@type":"PropertyValueSpecification","valueRequired":true,"valueName":"search_term_string"}}],"inLanguage":"hu"},{"@type":"Person","@id":"https:\/\/www.welovecycling.com\/hu\/#\/schema\/person\/414a2aebf1801691a5320edb6468e194","name":"hegyizs","image":{"@type":"ImageObject","inLanguage":"hu","@id":"https:\/\/www.welovecycling.com\/hu\/#\/schema\/person\/image\/","url":"https:\/\/secure.gravatar.com\/avatar\/02cf8a7906b8cf90cecb4679defac7cfd33a1c2e3b88e4903d947f3bb58eedd3?s=96&d=mm&r=g","contentUrl":"https:\/\/secure.gravatar.com\/avatar\/02cf8a7906b8cf90cecb4679defac7cfd33a1c2e3b88e4903d947f3bb58eedd3?s=96&d=mm&r=g","caption":"hegyizs"},"url":"https:\/\/www.welovecycling.com\/hu\/author\/hegyizs\/"}]}},"_links":{"self":[{"href":"https:\/\/www.welovecycling.com\/hu\/wp-json\/wp\/v2\/posts\/2991","targetHints":{"allow":["GET"]}}],"collection":[{"href":"https:\/\/www.welovecycling.com\/hu\/wp-json\/wp\/v2\/posts"}],"about":[{"href":"https:\/\/www.welovecycling.com\/hu\/wp-json\/wp\/v2\/types\/post"}],"author":[{"embeddable":true,"href":"https:\/\/www.welovecycling.com\/hu\/wp-json\/wp\/v2\/users\/71"}],"replies":[{"embeddable":true,"href":"https:\/\/www.welovecycling.com\/hu\/wp-json\/wp\/v2\/comments?post=2991"}],"version-history":[{"count":1,"href":"https:\/\/www.welovecycling.com\/hu\/wp-json\/wp\/v2\/posts\/2991\/revisions"}],"predecessor-version":[{"id":2997,"href":"https:\/\/www.welovecycling.com\/hu\/wp-json\/wp\/v2\/posts\/2991\/revisions\/2997"}],"wp:featuredmedia":[{"embeddable":true,"href":"https:\/\/www.welovecycling.com\/hu\/wp-json\/wp\/v2\/media\/2993"}],"wp:attachment":[{"href":"https:\/\/www.welovecycling.com\/hu\/wp-json\/wp\/v2\/media?parent=2991"}],"wp:term":[{"taxonomy":"category","embeddable":true,"href":"https:\/\/www.welovecycling.com\/hu\/wp-json\/wp\/v2\/categories?post=2991"},{"taxonomy":"post_tag","embeddable":true,"href":"https:\/\/www.welovecycling.com\/hu\/wp-json\/wp\/v2\/tags?post=2991"},{"taxonomy":"global-categories","embeddable":true,"href":"https:\/\/www.welovecycling.com\/hu\/wp-json\/wp\/v2\/global-categories?post=2991"}],"curies":[{"name":"wp","href":"https:\/\/api.w.org\/{rel}","templated":true}]}}