{"id":2985,"date":"2019-04-02T08:00:15","date_gmt":"2019-04-02T07:00:15","guid":{"rendered":"https:\/\/www.welovecycling.com\/hu\/?p=2985"},"modified":"2019-04-01T12:40:52","modified_gmt":"2019-04-01T11:40:52","slug":"kihirdettek-a-2019-es-tour-de-hongrie-utvonalat","status":"publish","type":"post","link":"https:\/\/www.welovecycling.com\/hu\/orszaguti-kerekpar\/kihirdettek-a-2019-es-tour-de-hongrie-utvonalat\/","title":{"rendered":"Kihirdett\u00e9k a 2019-es Tour de Hongrie \u00fatvonal\u00e1t"},"content":{"rendered":"<p><strong>A legnagyobb magyar ker\u00e9kp\u00e1rverseny \u00fatvonal\u00e1t a Budapest Music Centerben megrendezett g\u00e1l\u00e1n mutatt\u00e1k be m\u00e1rcius 12-\u00e9n. A Tour de Hongrie Si\u00f3fokt\u00f3l Sz\u00e9kesfeh\u00e9rv\u00e1rig 890 kilom\u00e9teres t\u00e1vot \u00f6lel fel, 11 megy\u00e9n halad \u00e1t \u00e9s hat napig tart. A nemzetk\u00f6zi sportol\u00f3kb\u00f3l \u00e1ll\u00f3 mez\u0151ny 2019. j\u00fanius 11-\u00e9n \u00e1ll a rajtvonalhoz, azonban id\u00e9n amat\u0151r\u00f6k is kipr\u00f3b\u00e1lhatj\u00e1k magukat, hiszen a nagyk\u00f6z\u00f6ns\u00e9g sz\u00e1m\u00e1ra is ind\u00edtanak futamokat a szervez\u0151k!<\/strong><!--more--><\/p>\n<p><a href=\"https:\/\/d2p6e6u75xmxt8.cloudfront.net\/12\/2019\/04\/tth_wlc.png\"><img loading=\"lazy\" decoding=\"async\" class=\"alignnone size-full wp-image-2989\" src=\"https:\/\/d2p6e6u75xmxt8.cloudfront.net\/12\/2019\/04\/tth_wlc.png\" alt=\"\" width=\"1024\" height=\"722\" srcset=\"https:\/\/d2p6e6u75xmxt8.cloudfront.net\/12\/2019\/04\/tth_wlc.png 1024w, https:\/\/d2p6e6u75xmxt8.cloudfront.net\/12\/2019\/04\/tth_wlc-300x212.png 300w, https:\/\/d2p6e6u75xmxt8.cloudfront.net\/12\/2019\/04\/tth_wlc-768x542.png 768w\" sizes=\"auto, (max-width: 1024px) 100vw, 1024px\" \/><\/a><\/p>\n<p>Az M4Sport csatorn\u00e1n \u00e9l\u0151ben k\u00f6zvet\u00edtett g\u00e1l\u00e1n az \u00fatvonal bemutat\u00e1sa mellett a Tour de Hongrie t\u00e1rsadalmi felel\u0151ss\u00e9gv\u00e1llal\u00e1s\u00e1r\u00f3l is sz\u00f3 esett. A Magyar Ker\u00e9kp\u00e1ros K\u00f6rversenyt szervez\u0151 Vuelta Sportiroda a nemzetk\u00f6zi esem\u00e9nyre ir\u00e1nyul\u00f3 figyelmet felhaszn\u00e1lva a k\u00f6zleked\u00e9sbiztons\u00e1gi k\u00e9pz\u00e9s \u00e9s oktat\u00e1s fontoss\u00e1g\u00e1ra h\u00edvta fel a figyelmet.<\/p>\n<p>\u201eSz\u00edv\u00fcgy\u00fcnk a biztons\u00e1gos k\u00f6zleked\u00e9s, k\u00fcl\u00f6n\u00f6sen a biztons\u00e1gos ker\u00e9kp\u00e1ros k\u00f6zleked\u00e9s n\u00e9pszer\u0171s\u00edt\u00e9se, ennek \u00e9rdek\u00e9ben az elm\u00falt \u00e9vek sor\u00e1n is igyekezt\u00fcnk sokat tenni. L\u00e9trehoztuk a Bringa Akad\u00e9mi\u00e1t, amely a gyerekek k\u00f6r\u00e9ben tesz meg mindent a biztons\u00e1gos ker\u00e9kp\u00e1roz\u00e1s elsaj\u00e1t\u00edt\u00e1s\u00e1\u00e9rt, ennek \u00e9rdek\u00e9ben a mentorok szakmai k\u00e9pz\u00e9s\u00e9ben is seg\u00edts\u00e9get ny\u00fajtunk. Rendszeresen j\u00e1rjuk az orsz\u00e1got \u00fcgyess\u00e9gi akad\u00e1lyp\u00e1ly\u00e1nkkal, amely j\u00e1t\u00e9kos form\u00e1ban a KRESZ fontosabb szab\u00e1lyait is megtan\u00edtja a kicsiknek. R\u00e9szt vett\u00fcnk a K\u00f6zleked\u0151 kisokos c\u00edm\u0171 munkaf\u00fczet elk\u00e9sz\u00edt\u00e9s\u00e9ben is, az els\u0151 kiad\u00e1sban k\u00e9tsz\u00e1zezer p\u00e9ld\u00e1nyban megjelent kiadv\u00e1nyt az \u00e1ltal\u00e1nos iskol\u00e1k negyedik oszt\u00e1lyosai vehett\u00e9k k\u00e9zbe\u201d \u2013 mondta Eisenkrammer K\u00e1roly, a verseny szervez\u0151bizotts\u00e1g\u00e1nak eln\u00f6ke.<\/p>\n<p>Mag\u00e1n a sportesem\u00e9nyen is akt\u00edv jelent\u00e9ttel t\u00e1mogatja a biztons\u00e1gos k\u00f6zleked\u00e9st a szervezet: tavaly a m\u00e1sf\u00e9l m\u00e9teres oldalt\u00e1vols\u00e1g betart\u00e1s\u00e1ra h\u00edvt\u00e1k fel a figyelmet, illetve a nyerteseknek j\u00e1r\u00f3 mezen is felt\u0171nt a kamp\u00e1ny log\u00f3ja. Nem lesz ez m\u00e1sk\u00e9pp az idei versenyen sem, ez\u00fattal a k\u00e9k sz\u00edv szimb\u00f3lum ker\u00fcl el\u0151t\u00e9rbe, \u00e9s tov\u00e1bbi rendezv\u00e9nyekkel, aktivit\u00e1sokkal h\u00edvj\u00e1k fel a biztons\u00e1gos k\u00f6zleked\u00e9s fontoss\u00e1g\u00e1ra a figyelmet.<\/p>\n<p>A g\u00e1l\u00e1n a r\u00e9gi bajnokokat is k\u00f6sz\u00f6nt\u00f6tt\u00e9k: az els\u0151, 1925-ben megrendezett Tour de Hongrie-gy\u0151ztes Jerzsabek K\u00e1roly fia, Jerzsabek Tibor vehetett \u00e1t egy s\u00e1rga mezt Dr. Princzinger P\u00e9tert\u0151l, a Magyar Ker\u00e9kp\u00e1ros Sz\u00f6vets\u00e9g eln\u00f6k\u00e9t\u0151l \u00e9s Eisenkrammer K\u00e1rolyt\u00f3l. Sajnos a legid\u0151sebb, m\u00e9g \u00e9l\u0151 Tour de Hongrie-gy\u0151ztes, a 85 esztend\u0151s St\u00e1musz Ferenc eg\u00e9szs\u00e9gi \u00e1llapota nem tette lehet\u0151v\u00e9, hogy szem\u00e9lyesen is jelen legyen a g\u00e1l\u00e1n, azonban a 1964-es Tour-gy\u0151ztest otthon\u00e1ban l\u00e1togatt\u00e1k meg a szervez\u0151k. A helysz\u00ednen k\u00f6sz\u00f6nt\u00f6tt\u00e9k az ez\u00fcst\u00e9rmes Juh\u00e1sz B\u00e9l\u00e1t is, akit C\u00e9rna becen\u00e9ven ismert a ker\u00e9kp\u00e1ros vil\u00e1g, s aki sportszer\u0171s\u00e9gi d\u00edjat kapott a Magyar K\u00f6rverseny ut\u00e1n. A verseny szervez\u0151i kiemelten fontosnak tartj\u00e1k a hagyom\u00e1nyok \u00e1pol\u00e1s\u00e1t, ebben az \u00e9vben r\u00e1ad\u00e1sul jubileumi esem\u00e9nyre is sor ker\u00fcl: a Tour de Hongrie ugyanis el\u00e9rkezett a 40. ki\u00edr\u00e1s\u00e1hoz.<\/p>\n<p>A k\u00f6sz\u00f6nt\u00e9sek ut\u00e1n ker\u00fclt bemutat\u00e1sra a 2019-es \u00fatvonal. Eisenkrammer K\u00e1roly elmondta, t\u00f6bb szempontot is figyelembe vettek az \u00fatvonal kialak\u00edt\u00e1s\u00e1n\u00e1l. Tekintettel arra, hogy 2018-ban a nehezebb, hosszabb emelked\u0151kkel tark\u00edtott szakaszokon a magyar versenyz\u0151k is \u00edg\u00e9retesen szerepeltek, igyekeztek az id\u00e9n t\u00f6bb emelked\u0151t az \u00fatvonalba iktatni.<\/p>\n<p>Egy r\u00f6vid vide\u00f3interj\u00faban Valter Attila, a CCC Development Team versenyz\u0151je is sz\u00e1mukra kedvez\u0151nek \u00edt\u00e9lte az idei \u00fatvonalat.<\/p>\n<div class=\"embed-controller-wrapper\">\n<div class=\"embed-wrapper\"><iframe title=\"Tour de Hongrie 2019 \u2013 \u00edgy v\u00e1rja Valter Attila\" width=\"500\" height=\"281\" data-src=\"https:\/\/www.youtube.com\/embed\/PmoH659BjPU?feature=oembed\" frameborder=\"0\" allow=\"accelerometer; autoplay; clipboard-write; encrypted-media; gyroscope; picture-in-picture; web-share\" referrerpolicy=\"strict-origin-when-cross-origin\" allowfullscreen><\/iframe><\/div>\n<\/div>\n<p>Id\u00e9n m\u00e1r az amat\u0151r bring\u00e1sok is \u00e1t\u00e9lhetik, amit a versenyz\u0151k fognak a verseny alatt, ugyanis a nagyk\u00f6z\u00f6ns\u00e9g sz\u00e1m\u00e1ra is ind\u00edtanak futamokat a szervez\u0151k.<\/p>\n<p>Term\u00e9szetesen id\u00e9n is k\u00f6nnyen k\u00f6vethetik az esem\u00e9nyeket az \u00e9rdekl\u0151d\u0151k. \u00c9l\u0151 k\u00f6zvet\u00edt\u00e9ssel jelentkezik majd minden nap az M4Sport. Az Eurosporton is jelen lesz a Tour de Hongrie: keddt\u0151l vas\u00e1rnapig minden nap 48 perces esti \u00f6sszefoglal\u00f3t l\u00e1thatnak a n\u00e9z\u0151k, az utols\u00f3 k\u00e9t szakaszt pedig \u00e9l\u0151ben is k\u00f6zvet\u00edti a nemzetk\u00f6zi sportcsatorna.<\/p>\n<p>Eisenkrammer K\u00e1roly kiemelte, hogy a sportcsatorn\u00e1val h\u00e1rom\u00e9ves egy\u00fcttm\u0171k\u00f6d\u00e9si meg\u00e1llapod\u00e1s sz\u00fcletett, ahogyan a Tour de France f\u0151szervez\u0151je, az Amaury Sport Organisation is komoly seg\u00edts\u00e9get ny\u00fajt a verseny nemzetk\u00f6zi m\u00e9diamegjelen\u00e9s\u00e9nek n\u00f6vel\u00e9s\u00e9hez.<\/p>\n<p>Forr\u00e1s: <a href=\"https:\/\/bringasport.hu\/2019\/03\/12\/itt-a-2019-es-tour-de-hongrie-utvonal\/\">bringasport.hu<\/a><\/p>\n","protected":false},"excerpt":{"rendered":"<p>A legnagyobb magyar ker\u00e9kp\u00e1rverseny \u00fatvonal\u00e1t a Budapest Music Centerben megrendezett g\u00e1l\u00e1n mutatt\u00e1k be m\u00e1rcius 12-\u00e9n. A Tour de Hongrie Si\u00f3fokt\u00f3l [&hellip;]<\/p>\n","protected":false},"author":71,"featured_media":2989,"comment_status":"open","ping_status":"open","sticky":false,"template":"","format":"standard","meta":{"footnotes":""},"categories":[8],"tags":[],"global-categories":[],"class_list":["post-2985","post","type-post","status-publish","format-standard","has-post-thumbnail","hentry","category-orszaguti-kerekpar"],"yoast_head":"<!-- This site is optimized with the Yoast SEO Premium plugin v25.3 (Yoast SEO v25.9) - https:\/\/yoast.com\/wordpress\/plugins\/seo\/ -->\n<title>Kihirdett\u00e9k a 2019-es Tour de Hongrie \u00fatvonal\u00e1t - \u0160koda We Love Cycling - Magyarorsz\u00e1g<\/title>\n<meta name=\"robots\" content=\"index, follow, max-snippet:-1, max-image-preview:large, max-video-preview:-1\" \/>\n<link rel=\"canonical\" href=\"https:\/\/www.welovecycling.com\/hu\/orszaguti-kerekpar\/kihirdettek-a-2019-es-tour-de-hongrie-utvonalat\/\" \/>\n<meta property=\"og:locale\" content=\"hu_HU\" \/>\n<meta property=\"og:type\" content=\"article\" \/>\n<meta property=\"og:title\" content=\"Kihirdett\u00e9k a 2019-es Tour de Hongrie \u00fatvonal\u00e1t\" \/>\n<meta property=\"og:description\" content=\"A legnagyobb magyar ker\u00e9kp\u00e1rverseny \u00fatvonal\u00e1t a Budapest Music Centerben megrendezett g\u00e1l\u00e1n mutatt\u00e1k be m\u00e1rcius 12-\u00e9n. A Tour de Hongrie Si\u00f3fokt\u00f3l [&hellip;]\" \/>\n<meta property=\"og:url\" content=\"https:\/\/www.welovecycling.com\/hu\/orszaguti-kerekpar\/kihirdettek-a-2019-es-tour-de-hongrie-utvonalat\/\" \/>\n<meta property=\"og:site_name\" content=\"\u0160koda We Love Cycling - Magyarorsz\u00e1g\" \/>\n<meta property=\"article:publisher\" content=\"https:\/\/www.facebook.com\/WeLoveCyclingHungary\/\" \/>\n<meta property=\"article:published_time\" content=\"2019-04-02T07:00:15+00:00\" \/>\n<meta property=\"og:image\" content=\"https:\/\/d2p6e6u75xmxt8.cloudfront.net\/12\/2019\/04\/tth_wlc.png\" \/>\n\t<meta property=\"og:image:width\" content=\"1024\" \/>\n\t<meta property=\"og:image:height\" content=\"722\" \/>\n\t<meta property=\"og:image:type\" content=\"image\/png\" \/>\n<meta name=\"author\" content=\"hegyizs\" \/>\n<meta name=\"twitter:card\" content=\"summary_large_image\" \/>\n<meta name=\"twitter:label1\" content=\"Written by\" \/>\n\t<meta name=\"twitter:data1\" content=\"WLC\" \/>\n\t<meta name=\"twitter:label2\" content=\"Est. reading time\" \/>\n\t<meta name=\"twitter:data2\" content=\"4 minutes\" \/>\n<script type=\"application\/ld+json\" class=\"yoast-schema-graph\">{\"@context\":\"https:\/\/schema.org\",\"@graph\":[{\"@type\":\"WebPage\",\"@id\":\"https:\/\/www.welovecycling.com\/hu\/orszaguti-kerekpar\/kihirdettek-a-2019-es-tour-de-hongrie-utvonalat\/\",\"url\":\"https:\/\/www.welovecycling.com\/hu\/orszaguti-kerekpar\/kihirdettek-a-2019-es-tour-de-hongrie-utvonalat\/\",\"name\":\"Kihirdett\u00e9k a 2019-es Tour de Hongrie \u00fatvonal\u00e1t - \u0160koda We Love Cycling - Magyarorsz\u00e1g\",\"isPartOf\":{\"@id\":\"https:\/\/www.welovecycling.com\/hu\/#website\"},\"primaryImageOfPage\":{\"@id\":\"https:\/\/www.welovecycling.com\/hu\/orszaguti-kerekpar\/kihirdettek-a-2019-es-tour-de-hongrie-utvonalat\/#primaryimage\"},\"image\":{\"@id\":\"https:\/\/www.welovecycling.com\/hu\/orszaguti-kerekpar\/kihirdettek-a-2019-es-tour-de-hongrie-utvonalat\/#primaryimage\"},\"thumbnailUrl\":\"https:\/\/d2p6e6u75xmxt8.cloudfront.net\/12\/2019\/04\/tth_wlc.png\",\"datePublished\":\"2019-04-02T07:00:15+00:00\",\"author\":{\"@id\":\"https:\/\/www.welovecycling.com\/hu\/#\/schema\/person\/414a2aebf1801691a5320edb6468e194\"},\"breadcrumb\":{\"@id\":\"https:\/\/www.welovecycling.com\/hu\/orszaguti-kerekpar\/kihirdettek-a-2019-es-tour-de-hongrie-utvonalat\/#breadcrumb\"},\"inLanguage\":\"hu\",\"potentialAction\":[{\"@type\":\"ReadAction\",\"target\":[\"https:\/\/www.welovecycling.com\/hu\/orszaguti-kerekpar\/kihirdettek-a-2019-es-tour-de-hongrie-utvonalat\/\"]}]},{\"@type\":\"ImageObject\",\"inLanguage\":\"hu\",\"@id\":\"https:\/\/www.welovecycling.com\/hu\/orszaguti-kerekpar\/kihirdettek-a-2019-es-tour-de-hongrie-utvonalat\/#primaryimage\",\"url\":\"https:\/\/d2p6e6u75xmxt8.cloudfront.net\/12\/2019\/04\/tth_wlc.png\",\"contentUrl\":\"https:\/\/d2p6e6u75xmxt8.cloudfront.net\/12\/2019\/04\/tth_wlc.png\",\"width\":1024,\"height\":722},{\"@type\":\"BreadcrumbList\",\"@id\":\"https:\/\/www.welovecycling.com\/hu\/orszaguti-kerekpar\/kihirdettek-a-2019-es-tour-de-hongrie-utvonalat\/#breadcrumb\",\"itemListElement\":[{\"@type\":\"ListItem\",\"position\":1,\"name\":\"Home\",\"item\":\"https:\/\/www.welovecycling.com\/hu\/\"},{\"@type\":\"ListItem\",\"position\":2,\"name\":\"Kihirdett\u00e9k a 2019-es Tour de Hongrie \u00fatvonal\u00e1t\"}]},{\"@type\":\"WebSite\",\"@id\":\"https:\/\/www.welovecycling.com\/hu\/#website\",\"url\":\"https:\/\/www.welovecycling.com\/hu\/\",\"name\":\"\u0160koda We Love Cycling - Magyarorsz\u00e1g\",\"description\":\"\u0160koda WeLoveCycling\",\"potentialAction\":[{\"@type\":\"SearchAction\",\"target\":{\"@type\":\"EntryPoint\",\"urlTemplate\":\"https:\/\/www.welovecycling.com\/hu\/?s={search_term_string}\"},\"query-input\":{\"@type\":\"PropertyValueSpecification\",\"valueRequired\":true,\"valueName\":\"search_term_string\"}}],\"inLanguage\":\"hu\"},{\"@type\":\"Person\",\"@id\":\"https:\/\/www.welovecycling.com\/hu\/#\/schema\/person\/414a2aebf1801691a5320edb6468e194\",\"name\":\"hegyizs\",\"image\":{\"@type\":\"ImageObject\",\"inLanguage\":\"hu\",\"@id\":\"https:\/\/www.welovecycling.com\/hu\/#\/schema\/person\/image\/\",\"url\":\"https:\/\/secure.gravatar.com\/avatar\/02cf8a7906b8cf90cecb4679defac7cfd33a1c2e3b88e4903d947f3bb58eedd3?s=96&d=mm&r=g\",\"contentUrl\":\"https:\/\/secure.gravatar.com\/avatar\/02cf8a7906b8cf90cecb4679defac7cfd33a1c2e3b88e4903d947f3bb58eedd3?s=96&d=mm&r=g\",\"caption\":\"hegyizs\"},\"url\":\"https:\/\/www.welovecycling.com\/hu\/author\/hegyizs\/\"}]}<\/script>\n<!-- \/ Yoast SEO Premium plugin. -->","yoast_head_json":{"title":"Kihirdett\u00e9k a 2019-es Tour de Hongrie \u00fatvonal\u00e1t - \u0160koda We Love Cycling - Magyarorsz\u00e1g","robots":{"index":"index","follow":"follow","max-snippet":"max-snippet:-1","max-image-preview":"max-image-preview:large","max-video-preview":"max-video-preview:-1"},"canonical":"https:\/\/www.welovecycling.com\/hu\/orszaguti-kerekpar\/kihirdettek-a-2019-es-tour-de-hongrie-utvonalat\/","og_locale":"hu_HU","og_type":"article","og_title":"Kihirdett\u00e9k a 2019-es Tour de Hongrie \u00fatvonal\u00e1t","og_description":"A legnagyobb magyar ker\u00e9kp\u00e1rverseny \u00fatvonal\u00e1t a Budapest Music Centerben megrendezett g\u00e1l\u00e1n mutatt\u00e1k be m\u00e1rcius 12-\u00e9n. A Tour de Hongrie Si\u00f3fokt\u00f3l [&hellip;]","og_url":"https:\/\/www.welovecycling.com\/hu\/orszaguti-kerekpar\/kihirdettek-a-2019-es-tour-de-hongrie-utvonalat\/","og_site_name":"\u0160koda We Love Cycling - Magyarorsz\u00e1g","article_publisher":"https:\/\/www.facebook.com\/WeLoveCyclingHungary\/","article_published_time":"2019-04-02T07:00:15+00:00","og_image":[{"width":1024,"height":722,"url":"https:\/\/d2p6e6u75xmxt8.cloudfront.net\/12\/2019\/04\/tth_wlc.png","type":"image\/png"}],"author":"hegyizs","twitter_card":"summary_large_image","twitter_misc":{"Written by":"WLC","Est. reading time":"4 minutes"},"schema":{"@context":"https:\/\/schema.org","@graph":[{"@type":"WebPage","@id":"https:\/\/www.welovecycling.com\/hu\/orszaguti-kerekpar\/kihirdettek-a-2019-es-tour-de-hongrie-utvonalat\/","url":"https:\/\/www.welovecycling.com\/hu\/orszaguti-kerekpar\/kihirdettek-a-2019-es-tour-de-hongrie-utvonalat\/","name":"Kihirdett\u00e9k a 2019-es Tour de Hongrie \u00fatvonal\u00e1t - \u0160koda We Love Cycling - Magyarorsz\u00e1g","isPartOf":{"@id":"https:\/\/www.welovecycling.com\/hu\/#website"},"primaryImageOfPage":{"@id":"https:\/\/www.welovecycling.com\/hu\/orszaguti-kerekpar\/kihirdettek-a-2019-es-tour-de-hongrie-utvonalat\/#primaryimage"},"image":{"@id":"https:\/\/www.welovecycling.com\/hu\/orszaguti-kerekpar\/kihirdettek-a-2019-es-tour-de-hongrie-utvonalat\/#primaryimage"},"thumbnailUrl":"https:\/\/d2p6e6u75xmxt8.cloudfront.net\/12\/2019\/04\/tth_wlc.png","datePublished":"2019-04-02T07:00:15+00:00","author":{"@id":"https:\/\/www.welovecycling.com\/hu\/#\/schema\/person\/414a2aebf1801691a5320edb6468e194"},"breadcrumb":{"@id":"https:\/\/www.welovecycling.com\/hu\/orszaguti-kerekpar\/kihirdettek-a-2019-es-tour-de-hongrie-utvonalat\/#breadcrumb"},"inLanguage":"hu","potentialAction":[{"@type":"ReadAction","target":["https:\/\/www.welovecycling.com\/hu\/orszaguti-kerekpar\/kihirdettek-a-2019-es-tour-de-hongrie-utvonalat\/"]}]},{"@type":"ImageObject","inLanguage":"hu","@id":"https:\/\/www.welovecycling.com\/hu\/orszaguti-kerekpar\/kihirdettek-a-2019-es-tour-de-hongrie-utvonalat\/#primaryimage","url":"https:\/\/d2p6e6u75xmxt8.cloudfront.net\/12\/2019\/04\/tth_wlc.png","contentUrl":"https:\/\/d2p6e6u75xmxt8.cloudfront.net\/12\/2019\/04\/tth_wlc.png","width":1024,"height":722},{"@type":"BreadcrumbList","@id":"https:\/\/www.welovecycling.com\/hu\/orszaguti-kerekpar\/kihirdettek-a-2019-es-tour-de-hongrie-utvonalat\/#breadcrumb","itemListElement":[{"@type":"ListItem","position":1,"name":"Home","item":"https:\/\/www.welovecycling.com\/hu\/"},{"@type":"ListItem","position":2,"name":"Kihirdett\u00e9k a 2019-es Tour de Hongrie \u00fatvonal\u00e1t"}]},{"@type":"WebSite","@id":"https:\/\/www.welovecycling.com\/hu\/#website","url":"https:\/\/www.welovecycling.com\/hu\/","name":"\u0160koda We Love Cycling - Magyarorsz\u00e1g","description":"\u0160koda WeLoveCycling","potentialAction":[{"@type":"SearchAction","target":{"@type":"EntryPoint","urlTemplate":"https:\/\/www.welovecycling.com\/hu\/?s={search_term_string}"},"query-input":{"@type":"PropertyValueSpecification","valueRequired":true,"valueName":"search_term_string"}}],"inLanguage":"hu"},{"@type":"Person","@id":"https:\/\/www.welovecycling.com\/hu\/#\/schema\/person\/414a2aebf1801691a5320edb6468e194","name":"hegyizs","image":{"@type":"ImageObject","inLanguage":"hu","@id":"https:\/\/www.welovecycling.com\/hu\/#\/schema\/person\/image\/","url":"https:\/\/secure.gravatar.com\/avatar\/02cf8a7906b8cf90cecb4679defac7cfd33a1c2e3b88e4903d947f3bb58eedd3?s=96&d=mm&r=g","contentUrl":"https:\/\/secure.gravatar.com\/avatar\/02cf8a7906b8cf90cecb4679defac7cfd33a1c2e3b88e4903d947f3bb58eedd3?s=96&d=mm&r=g","caption":"hegyizs"},"url":"https:\/\/www.welovecycling.com\/hu\/author\/hegyizs\/"}]}},"_links":{"self":[{"href":"https:\/\/www.welovecycling.com\/hu\/wp-json\/wp\/v2\/posts\/2985","targetHints":{"allow":["GET"]}}],"collection":[{"href":"https:\/\/www.welovecycling.com\/hu\/wp-json\/wp\/v2\/posts"}],"about":[{"href":"https:\/\/www.welovecycling.com\/hu\/wp-json\/wp\/v2\/types\/post"}],"author":[{"embeddable":true,"href":"https:\/\/www.welovecycling.com\/hu\/wp-json\/wp\/v2\/users\/71"}],"replies":[{"embeddable":true,"href":"https:\/\/www.welovecycling.com\/hu\/wp-json\/wp\/v2\/comments?post=2985"}],"version-history":[{"count":2,"href":"https:\/\/www.welovecycling.com\/hu\/wp-json\/wp\/v2\/posts\/2985\/revisions"}],"predecessor-version":[{"id":2990,"href":"https:\/\/www.welovecycling.com\/hu\/wp-json\/wp\/v2\/posts\/2985\/revisions\/2990"}],"wp:featuredmedia":[{"embeddable":true,"href":"https:\/\/www.welovecycling.com\/hu\/wp-json\/wp\/v2\/media\/2989"}],"wp:attachment":[{"href":"https:\/\/www.welovecycling.com\/hu\/wp-json\/wp\/v2\/media?parent=2985"}],"wp:term":[{"taxonomy":"category","embeddable":true,"href":"https:\/\/www.welovecycling.com\/hu\/wp-json\/wp\/v2\/categories?post=2985"},{"taxonomy":"post_tag","embeddable":true,"href":"https:\/\/www.welovecycling.com\/hu\/wp-json\/wp\/v2\/tags?post=2985"},{"taxonomy":"global-categories","embeddable":true,"href":"https:\/\/www.welovecycling.com\/hu\/wp-json\/wp\/v2\/global-categories?post=2985"}],"curies":[{"name":"wp","href":"https:\/\/api.w.org\/{rel}","templated":true}]}}