{"id":2978,"date":"2019-04-03T08:00:03","date_gmt":"2019-04-03T07:00:03","guid":{"rendered":"https:\/\/www.welovecycling.com\/hu\/?p=2978"},"modified":"2019-04-01T10:17:49","modified_gmt":"2019-04-01T09:17:49","slug":"hollandiaban-az-e-bringak-kelendobbek-mint-a-hagyomanyos-bringak","status":"publish","type":"post","link":"https:\/\/www.welovecycling.com\/hu\/varosi-kerekparozas\/hollandiaban-az-e-bringak-kelendobbek-mint-a-hagyomanyos-bringak\/","title":{"rendered":"Hollandi\u00e1ban az e-bring\u00e1k kelend\u0151bbek, mint a hagyom\u00e1nyos bring\u00e1k"},"content":{"rendered":"<p><strong>A 17 milli\u00f3s orsz\u00e1gban \u00f6sszesen 22,5 milli\u00f3 bringa van, \u00e9s ez a sz\u00e1m csak n\u00f6vekszik. \u00c1m van ebben egy keser\u0171bb csavar is a r\u00e9gi v\u00e1g\u00e1s\u00fa biciklisek sz\u00e1m\u00e1ra. A hagyom\u00e1nyos ped\u00e1los bring\u00e1k hamarosan ritkas\u00e1gsz\u00e1mba mennek majd. Az e-biciklik m\u00e1r hivatalosan is kelend\u0151bbek, m\u00e9g az egyre feljebb k\u00fasz\u00f3 \u00e1rak mellett is.<\/strong><\/p>\n<p><!--more--><\/p>\n<p>A tavalyi \u00e9vben bring\u00e1ra k\u00f6lt\u00f6tt \u00f6sszesen 1,2 milli\u00e1rd eur\u00f3b\u00f3l 823 milli\u00f3t az e-bicikli v\u00e1s\u00e1rl\u00e1sok tettek ki. \u00d6sszesen 409 400 darabot adtak el bel\u0151l\u00fck. A hollandok az olcs\u00f3s\u00e1g helyett a min\u0151s\u00e9gre fektetik a hangs\u00falyt, amely az eladott bring\u00e1k \u00e1tlag \u00e1r\u00e1t 200 eur\u00f3val n\u00f6velte meg, el\u00e9rve az 1207 eur\u00f3t.<\/p>\n<figure id=\"attachment_2979\" aria-describedby=\"caption-attachment-2979\" style=\"width: 1250px\" class=\"wp-caption alignnone\"><a href=\"https:\/\/d2p6e6u75xmxt8.cloudfront.net\/12\/2019\/04\/profimedia-0291490697.jpg\"><img loading=\"lazy\" decoding=\"async\" class=\"size-full wp-image-2979\" src=\"https:\/\/d2p6e6u75xmxt8.cloudfront.net\/12\/2019\/04\/profimedia-0291490697.jpg\" alt=\"\" width=\"1250\" height=\"819\" srcset=\"https:\/\/d2p6e6u75xmxt8.cloudfront.net\/12\/2019\/04\/profimedia-0291490697.jpg 1250w, https:\/\/d2p6e6u75xmxt8.cloudfront.net\/12\/2019\/04\/profimedia-0291490697-300x197.jpg 300w, https:\/\/d2p6e6u75xmxt8.cloudfront.net\/12\/2019\/04\/profimedia-0291490697-768x503.jpg 768w, https:\/\/d2p6e6u75xmxt8.cloudfront.net\/12\/2019\/04\/profimedia-0291490697-1024x671.jpg 1024w\" sizes=\"auto, (max-width: 1250px) 100vw, 1250px\" \/><\/a><figcaption id=\"caption-attachment-2979\" class=\"wp-caption-text\"><em>Munk\u00e1s dolgozik a Gazelle v\u00e1llalat elektromos ker\u00e9kp\u00e1rokat gy\u00e1rt\u00f3 \u00fczem\u00e9ben, Dieren (Hollandia) \u00a9 Profimedia, AFP<\/em><\/figcaption><\/figure>\n<p>\u201eA vil\u00e1g els\u0151 sz\u00e1m\u00fa bring\u00e1s nemzete vagyunk, \u00edgy hozz\u00e1 vagyunk szokva ahhoz, hogy az innovat\u00edv bring\u00e1kba fektess\u00fcnk, ebben k\u00fcl\u00f6nb\u00f6z\u00fcnk a t\u00f6bbi orsz\u00e1gt\u00f3l, bele\u00e9rtve az Egyes\u00fclt Kir\u00e1lys\u00e1got is\u201d &#8211; mondta a Guardiannek a holland RAI k\u00e9pvisel\u0151je, Floris Liebrand. \u201eSz\u00e1munkra az teljesen norm\u00e1lis dolog, hogy 1000 eur\u00f3t elk\u00f6lt\u00fcnk egy biciklire. Az e-bring\u00e1k \u00e1tlagos \u00e1ra 2000 eur\u00f3 k\u00f6r\u00fcl mozog, de ez a kult\u00far\u00e1nk r\u00e9sze. Hisz\u00fcnk a term\u00e9keink min\u0151s\u00e9g\u00e9ben. Lehet kapni e-biciklit 700 vagy 900 eur\u00f3\u00e9rt is, de ezek \u00e1ltal\u00e1ban D\u00e9lkelet-\u00c1zsi\u00e1b\u00f3l sz\u00e1rmaznak \u00e9s gyenge min\u0151s\u00e9g\u0171ek.\u201d<\/p>\n<p>Az e-bring\u00e1k az id\u0151sebbek \u00e9s az ing\u00e1z\u00f3k k\u00f6r\u00e9ben is n\u00e9pszer\u0171bbek. A dolgoz\u00f3 emberek 60 sz\u00e1zal\u00e9ka a munkahelye 15 kilom\u00e9teres k\u00f6rzet\u00e9ben lakik, ami ide\u00e1lis t\u00e1vols\u00e1gnak sz\u00e1m\u00edt az e-bring\u00e1z\u00e1shoz.<\/p>\n<figure id=\"attachment_2980\" aria-describedby=\"caption-attachment-2980\" style=\"width: 1250px\" class=\"wp-caption alignnone\"><a href=\"https:\/\/d2p6e6u75xmxt8.cloudfront.net\/12\/2019\/04\/profimedia-0337667870.jpg\"><img loading=\"lazy\" decoding=\"async\" class=\"size-full wp-image-2980\" src=\"https:\/\/d2p6e6u75xmxt8.cloudfront.net\/12\/2019\/04\/profimedia-0337667870.jpg\" alt=\"\" width=\"1250\" height=\"833\" srcset=\"https:\/\/d2p6e6u75xmxt8.cloudfront.net\/12\/2019\/04\/profimedia-0337667870.jpg 1250w, https:\/\/d2p6e6u75xmxt8.cloudfront.net\/12\/2019\/04\/profimedia-0337667870-300x200.jpg 300w, https:\/\/d2p6e6u75xmxt8.cloudfront.net\/12\/2019\/04\/profimedia-0337667870-768x512.jpg 768w, https:\/\/d2p6e6u75xmxt8.cloudfront.net\/12\/2019\/04\/profimedia-0337667870-1024x682.jpg 1024w, https:\/\/d2p6e6u75xmxt8.cloudfront.net\/12\/2019\/04\/profimedia-0337667870-272x182.jpg 272w\" sizes=\"auto, (max-width: 1250px) 100vw, 1250px\" \/><\/a><figcaption id=\"caption-attachment-2980\" class=\"wp-caption-text\"><em>Vilmos S\u00e1ndor holland kir\u00e1ly nyitja meg a Velo-City 2017 ker\u00e9kp\u00e1ros vil\u00e1gtal\u00e1lkoz\u00f3t Nijmegenben. \u00a9 Profimedia, AFP<\/em><\/figcaption><\/figure>\n<p>Hollandi\u00e1ban tartja mag\u00e1t a meggy\u0151z\u0151d\u00e9s, amely szerint nem is olyan sok\u00e1ra sz\u00fcks\u00e9gtelen lesz k\u00fcl\u00f6nbs\u00e9get tenni az e-bring\u00e1k \u00e9s a hagyom\u00e1nyos bring\u00e1k k\u00f6z\u00f6tt, \u00e9s minden darabot csak sim\u00e1n biciklinek fognak h\u00edvni, legyen az elektromosan m\u0171k\u00f6d\u0151 vagy sem. Azonban Floris Liebrand szerint, a j\u00f6v\u0151ben majdnem minden bicikli valamilyen akkumul\u00e1torral fog m\u0171k\u00f6dni.<\/p>\n<p>Egyet\u00e9rtesz vele? V\u00e1rjuk a v\u00e9lem\u00e9nyed a kommentek k\u00f6z\u00f6tt!<\/p>\n","protected":false},"excerpt":{"rendered":"<p>A 17 milli\u00f3s orsz\u00e1gban \u00f6sszesen 22,5 milli\u00f3 bringa van, \u00e9s ez a sz\u00e1m csak n\u00f6vekszik. \u00c1m van ebben egy keser\u0171bb [&hellip;]<\/p>\n","protected":false},"author":71,"featured_media":2982,"comment_status":"open","ping_status":"open","sticky":false,"template":"","format":"standard","meta":{"footnotes":""},"categories":[9],"tags":[],"global-categories":[],"class_list":["post-2978","post","type-post","status-publish","format-standard","has-post-thumbnail","hentry","category-varosi-kerekparozas"],"yoast_head":"<!-- This site is optimized with the Yoast SEO Premium plugin v25.3 (Yoast SEO v25.9) - https:\/\/yoast.com\/wordpress\/plugins\/seo\/ -->\n<title>Hollandi\u00e1ban az e-bring\u00e1k kelend\u0151bbek, mint a hagyom\u00e1nyos bring\u00e1k - \u0160koda We Love Cycling - Magyarorsz\u00e1g<\/title>\n<meta name=\"robots\" content=\"index, follow, max-snippet:-1, max-image-preview:large, max-video-preview:-1\" \/>\n<link rel=\"canonical\" href=\"https:\/\/www.welovecycling.com\/hu\/varosi-kerekparozas\/hollandiaban-az-e-bringak-kelendobbek-mint-a-hagyomanyos-bringak\/\" \/>\n<meta property=\"og:locale\" content=\"hu_HU\" \/>\n<meta property=\"og:type\" content=\"article\" \/>\n<meta property=\"og:title\" content=\"Hollandi\u00e1ban az e-bring\u00e1k kelend\u0151bbek, mint a hagyom\u00e1nyos bring\u00e1k\" \/>\n<meta property=\"og:description\" content=\"A 17 milli\u00f3s orsz\u00e1gban \u00f6sszesen 22,5 milli\u00f3 bringa van, \u00e9s ez a sz\u00e1m csak n\u00f6vekszik. \u00c1m van ebben egy keser\u0171bb [&hellip;]\" \/>\n<meta property=\"og:url\" content=\"https:\/\/www.welovecycling.com\/hu\/varosi-kerekparozas\/hollandiaban-az-e-bringak-kelendobbek-mint-a-hagyomanyos-bringak\/\" \/>\n<meta property=\"og:site_name\" content=\"\u0160koda We Love Cycling - Magyarorsz\u00e1g\" \/>\n<meta property=\"article:publisher\" content=\"https:\/\/www.facebook.com\/WeLoveCyclingHungary\/\" \/>\n<meta property=\"article:published_time\" content=\"2019-04-03T07:00:03+00:00\" \/>\n<meta property=\"og:image\" content=\"https:\/\/d2p6e6u75xmxt8.cloudfront.net\/12\/2019\/04\/Hovenring-profimedia-0279131958-CVR.jpg\" \/>\n\t<meta property=\"og:image:width\" content=\"1366\" \/>\n\t<meta property=\"og:image:height\" content=\"600\" \/>\n\t<meta property=\"og:image:type\" content=\"image\/jpeg\" \/>\n<meta name=\"author\" content=\"hegyizs\" \/>\n<meta name=\"twitter:card\" content=\"summary_large_image\" \/>\n<meta name=\"twitter:label1\" content=\"Written by\" \/>\n\t<meta name=\"twitter:data1\" content=\"Monica Buck\" \/>\n\t<meta name=\"twitter:label2\" content=\"Est. reading time\" \/>\n\t<meta name=\"twitter:data2\" content=\"4\" \/>\n<script type=\"application\/ld+json\" class=\"yoast-schema-graph\">{\"@context\":\"https:\/\/schema.org\",\"@graph\":[{\"@type\":\"WebPage\",\"@id\":\"https:\/\/www.welovecycling.com\/hu\/varosi-kerekparozas\/hollandiaban-az-e-bringak-kelendobbek-mint-a-hagyomanyos-bringak\/\",\"url\":\"https:\/\/www.welovecycling.com\/hu\/varosi-kerekparozas\/hollandiaban-az-e-bringak-kelendobbek-mint-a-hagyomanyos-bringak\/\",\"name\":\"Hollandi\u00e1ban az e-bring\u00e1k kelend\u0151bbek, mint a hagyom\u00e1nyos bring\u00e1k - \u0160koda We Love Cycling - Magyarorsz\u00e1g\",\"isPartOf\":{\"@id\":\"https:\/\/www.welovecycling.com\/hu\/#website\"},\"primaryImageOfPage\":{\"@id\":\"https:\/\/www.welovecycling.com\/hu\/varosi-kerekparozas\/hollandiaban-az-e-bringak-kelendobbek-mint-a-hagyomanyos-bringak\/#primaryimage\"},\"image\":{\"@id\":\"https:\/\/www.welovecycling.com\/hu\/varosi-kerekparozas\/hollandiaban-az-e-bringak-kelendobbek-mint-a-hagyomanyos-bringak\/#primaryimage\"},\"thumbnailUrl\":\"https:\/\/d2p6e6u75xmxt8.cloudfront.net\/12\/2019\/04\/Hovenring-profimedia-0279131958-CVR.jpg\",\"datePublished\":\"2019-04-03T07:00:03+00:00\",\"author\":{\"@id\":\"https:\/\/www.welovecycling.com\/hu\/#\/schema\/person\/414a2aebf1801691a5320edb6468e194\"},\"breadcrumb\":{\"@id\":\"https:\/\/www.welovecycling.com\/hu\/varosi-kerekparozas\/hollandiaban-az-e-bringak-kelendobbek-mint-a-hagyomanyos-bringak\/#breadcrumb\"},\"inLanguage\":\"hu\",\"potentialAction\":[{\"@type\":\"ReadAction\",\"target\":[\"https:\/\/www.welovecycling.com\/hu\/varosi-kerekparozas\/hollandiaban-az-e-bringak-kelendobbek-mint-a-hagyomanyos-bringak\/\"]}]},{\"@type\":\"ImageObject\",\"inLanguage\":\"hu\",\"@id\":\"https:\/\/www.welovecycling.com\/hu\/varosi-kerekparozas\/hollandiaban-az-e-bringak-kelendobbek-mint-a-hagyomanyos-bringak\/#primaryimage\",\"url\":\"https:\/\/d2p6e6u75xmxt8.cloudfront.net\/12\/2019\/04\/Hovenring-profimedia-0279131958-CVR.jpg\",\"contentUrl\":\"https:\/\/d2p6e6u75xmxt8.cloudfront.net\/12\/2019\/04\/Hovenring-profimedia-0279131958-CVR.jpg\",\"width\":1366,\"height\":600},{\"@type\":\"BreadcrumbList\",\"@id\":\"https:\/\/www.welovecycling.com\/hu\/varosi-kerekparozas\/hollandiaban-az-e-bringak-kelendobbek-mint-a-hagyomanyos-bringak\/#breadcrumb\",\"itemListElement\":[{\"@type\":\"ListItem\",\"position\":1,\"name\":\"Home\",\"item\":\"https:\/\/www.welovecycling.com\/hu\/\"},{\"@type\":\"ListItem\",\"position\":2,\"name\":\"Hollandi\u00e1ban az e-bring\u00e1k kelend\u0151bbek, mint a hagyom\u00e1nyos bring\u00e1k\"}]},{\"@type\":\"WebSite\",\"@id\":\"https:\/\/www.welovecycling.com\/hu\/#website\",\"url\":\"https:\/\/www.welovecycling.com\/hu\/\",\"name\":\"\u0160koda We Love Cycling - Magyarorsz\u00e1g\",\"description\":\"\u0160koda WeLoveCycling\",\"potentialAction\":[{\"@type\":\"SearchAction\",\"target\":{\"@type\":\"EntryPoint\",\"urlTemplate\":\"https:\/\/www.welovecycling.com\/hu\/?s={search_term_string}\"},\"query-input\":{\"@type\":\"PropertyValueSpecification\",\"valueRequired\":true,\"valueName\":\"search_term_string\"}}],\"inLanguage\":\"hu\"},{\"@type\":\"Person\",\"@id\":\"https:\/\/www.welovecycling.com\/hu\/#\/schema\/person\/414a2aebf1801691a5320edb6468e194\",\"name\":\"hegyizs\",\"image\":{\"@type\":\"ImageObject\",\"inLanguage\":\"hu\",\"@id\":\"https:\/\/www.welovecycling.com\/hu\/#\/schema\/person\/image\/\",\"url\":\"https:\/\/secure.gravatar.com\/avatar\/02cf8a7906b8cf90cecb4679defac7cfd33a1c2e3b88e4903d947f3bb58eedd3?s=96&d=mm&r=g\",\"contentUrl\":\"https:\/\/secure.gravatar.com\/avatar\/02cf8a7906b8cf90cecb4679defac7cfd33a1c2e3b88e4903d947f3bb58eedd3?s=96&d=mm&r=g\",\"caption\":\"hegyizs\"},\"url\":\"https:\/\/www.welovecycling.com\/hu\/author\/hegyizs\/\"}]}<\/script>\n<!-- \/ Yoast SEO Premium plugin. -->","yoast_head_json":{"title":"Hollandi\u00e1ban az e-bring\u00e1k kelend\u0151bbek, mint a hagyom\u00e1nyos bring\u00e1k - \u0160koda We Love Cycling - Magyarorsz\u00e1g","robots":{"index":"index","follow":"follow","max-snippet":"max-snippet:-1","max-image-preview":"max-image-preview:large","max-video-preview":"max-video-preview:-1"},"canonical":"https:\/\/www.welovecycling.com\/hu\/varosi-kerekparozas\/hollandiaban-az-e-bringak-kelendobbek-mint-a-hagyomanyos-bringak\/","og_locale":"hu_HU","og_type":"article","og_title":"Hollandi\u00e1ban az e-bring\u00e1k kelend\u0151bbek, mint a hagyom\u00e1nyos bring\u00e1k","og_description":"A 17 milli\u00f3s orsz\u00e1gban \u00f6sszesen 22,5 milli\u00f3 bringa van, \u00e9s ez a sz\u00e1m csak n\u00f6vekszik. \u00c1m van ebben egy keser\u0171bb [&hellip;]","og_url":"https:\/\/www.welovecycling.com\/hu\/varosi-kerekparozas\/hollandiaban-az-e-bringak-kelendobbek-mint-a-hagyomanyos-bringak\/","og_site_name":"\u0160koda We Love Cycling - Magyarorsz\u00e1g","article_publisher":"https:\/\/www.facebook.com\/WeLoveCyclingHungary\/","article_published_time":"2019-04-03T07:00:03+00:00","og_image":[{"width":1366,"height":600,"url":"https:\/\/d2p6e6u75xmxt8.cloudfront.net\/12\/2019\/04\/Hovenring-profimedia-0279131958-CVR.jpg","type":"image\/jpeg"}],"author":"hegyizs","twitter_card":"summary_large_image","twitter_misc":{"Written by":"Monica Buck","Est. reading time":"4"},"schema":{"@context":"https:\/\/schema.org","@graph":[{"@type":"WebPage","@id":"https:\/\/www.welovecycling.com\/hu\/varosi-kerekparozas\/hollandiaban-az-e-bringak-kelendobbek-mint-a-hagyomanyos-bringak\/","url":"https:\/\/www.welovecycling.com\/hu\/varosi-kerekparozas\/hollandiaban-az-e-bringak-kelendobbek-mint-a-hagyomanyos-bringak\/","name":"Hollandi\u00e1ban az e-bring\u00e1k kelend\u0151bbek, mint a hagyom\u00e1nyos bring\u00e1k - \u0160koda We Love Cycling - Magyarorsz\u00e1g","isPartOf":{"@id":"https:\/\/www.welovecycling.com\/hu\/#website"},"primaryImageOfPage":{"@id":"https:\/\/www.welovecycling.com\/hu\/varosi-kerekparozas\/hollandiaban-az-e-bringak-kelendobbek-mint-a-hagyomanyos-bringak\/#primaryimage"},"image":{"@id":"https:\/\/www.welovecycling.com\/hu\/varosi-kerekparozas\/hollandiaban-az-e-bringak-kelendobbek-mint-a-hagyomanyos-bringak\/#primaryimage"},"thumbnailUrl":"https:\/\/d2p6e6u75xmxt8.cloudfront.net\/12\/2019\/04\/Hovenring-profimedia-0279131958-CVR.jpg","datePublished":"2019-04-03T07:00:03+00:00","author":{"@id":"https:\/\/www.welovecycling.com\/hu\/#\/schema\/person\/414a2aebf1801691a5320edb6468e194"},"breadcrumb":{"@id":"https:\/\/www.welovecycling.com\/hu\/varosi-kerekparozas\/hollandiaban-az-e-bringak-kelendobbek-mint-a-hagyomanyos-bringak\/#breadcrumb"},"inLanguage":"hu","potentialAction":[{"@type":"ReadAction","target":["https:\/\/www.welovecycling.com\/hu\/varosi-kerekparozas\/hollandiaban-az-e-bringak-kelendobbek-mint-a-hagyomanyos-bringak\/"]}]},{"@type":"ImageObject","inLanguage":"hu","@id":"https:\/\/www.welovecycling.com\/hu\/varosi-kerekparozas\/hollandiaban-az-e-bringak-kelendobbek-mint-a-hagyomanyos-bringak\/#primaryimage","url":"https:\/\/d2p6e6u75xmxt8.cloudfront.net\/12\/2019\/04\/Hovenring-profimedia-0279131958-CVR.jpg","contentUrl":"https:\/\/d2p6e6u75xmxt8.cloudfront.net\/12\/2019\/04\/Hovenring-profimedia-0279131958-CVR.jpg","width":1366,"height":600},{"@type":"BreadcrumbList","@id":"https:\/\/www.welovecycling.com\/hu\/varosi-kerekparozas\/hollandiaban-az-e-bringak-kelendobbek-mint-a-hagyomanyos-bringak\/#breadcrumb","itemListElement":[{"@type":"ListItem","position":1,"name":"Home","item":"https:\/\/www.welovecycling.com\/hu\/"},{"@type":"ListItem","position":2,"name":"Hollandi\u00e1ban az e-bring\u00e1k kelend\u0151bbek, mint a hagyom\u00e1nyos bring\u00e1k"}]},{"@type":"WebSite","@id":"https:\/\/www.welovecycling.com\/hu\/#website","url":"https:\/\/www.welovecycling.com\/hu\/","name":"\u0160koda We Love Cycling - Magyarorsz\u00e1g","description":"\u0160koda WeLoveCycling","potentialAction":[{"@type":"SearchAction","target":{"@type":"EntryPoint","urlTemplate":"https:\/\/www.welovecycling.com\/hu\/?s={search_term_string}"},"query-input":{"@type":"PropertyValueSpecification","valueRequired":true,"valueName":"search_term_string"}}],"inLanguage":"hu"},{"@type":"Person","@id":"https:\/\/www.welovecycling.com\/hu\/#\/schema\/person\/414a2aebf1801691a5320edb6468e194","name":"hegyizs","image":{"@type":"ImageObject","inLanguage":"hu","@id":"https:\/\/www.welovecycling.com\/hu\/#\/schema\/person\/image\/","url":"https:\/\/secure.gravatar.com\/avatar\/02cf8a7906b8cf90cecb4679defac7cfd33a1c2e3b88e4903d947f3bb58eedd3?s=96&d=mm&r=g","contentUrl":"https:\/\/secure.gravatar.com\/avatar\/02cf8a7906b8cf90cecb4679defac7cfd33a1c2e3b88e4903d947f3bb58eedd3?s=96&d=mm&r=g","caption":"hegyizs"},"url":"https:\/\/www.welovecycling.com\/hu\/author\/hegyizs\/"}]}},"_links":{"self":[{"href":"https:\/\/www.welovecycling.com\/hu\/wp-json\/wp\/v2\/posts\/2978","targetHints":{"allow":["GET"]}}],"collection":[{"href":"https:\/\/www.welovecycling.com\/hu\/wp-json\/wp\/v2\/posts"}],"about":[{"href":"https:\/\/www.welovecycling.com\/hu\/wp-json\/wp\/v2\/types\/post"}],"author":[{"embeddable":true,"href":"https:\/\/www.welovecycling.com\/hu\/wp-json\/wp\/v2\/users\/71"}],"replies":[{"embeddable":true,"href":"https:\/\/www.welovecycling.com\/hu\/wp-json\/wp\/v2\/comments?post=2978"}],"version-history":[{"count":2,"href":"https:\/\/www.welovecycling.com\/hu\/wp-json\/wp\/v2\/posts\/2978\/revisions"}],"predecessor-version":[{"id":2984,"href":"https:\/\/www.welovecycling.com\/hu\/wp-json\/wp\/v2\/posts\/2978\/revisions\/2984"}],"wp:featuredmedia":[{"embeddable":true,"href":"https:\/\/www.welovecycling.com\/hu\/wp-json\/wp\/v2\/media\/2982"}],"wp:attachment":[{"href":"https:\/\/www.welovecycling.com\/hu\/wp-json\/wp\/v2\/media?parent=2978"}],"wp:term":[{"taxonomy":"category","embeddable":true,"href":"https:\/\/www.welovecycling.com\/hu\/wp-json\/wp\/v2\/categories?post=2978"},{"taxonomy":"post_tag","embeddable":true,"href":"https:\/\/www.welovecycling.com\/hu\/wp-json\/wp\/v2\/tags?post=2978"},{"taxonomy":"global-categories","embeddable":true,"href":"https:\/\/www.welovecycling.com\/hu\/wp-json\/wp\/v2\/global-categories?post=2978"}],"curies":[{"name":"wp","href":"https:\/\/api.w.org\/{rel}","templated":true}]}}