{"id":2962,"date":"2019-04-02T08:00:39","date_gmt":"2019-04-02T07:00:39","guid":{"rendered":"https:\/\/www.welovecycling.com\/hu\/?p=2962"},"modified":"2019-04-01T10:04:48","modified_gmt":"2019-04-01T09:04:48","slug":"kerekektol-a-szarnyakig-a-no-aki-a-foldet-es-a-levegot-is-uralta","status":"publish","type":"post","link":"https:\/\/www.welovecycling.com\/hu\/kozosseg-es-kultura\/kerekektol-a-szarnyakig-a-no-aki-a-foldet-es-a-levegot-is-uralta\/","title":{"rendered":"Kerekekt\u0151l a sz\u00e1rnyakig: A n\u0151, aki a f\u00f6ldet \u00e9s a leveg\u0151t is uralta"},"content":{"rendered":"<p><strong>A renesz\u00e1nsz ember t\u00f6k\u00e9letes p\u00e9ld\u00e1ja volt H\u00e9l\u00e8ne Dutrieu, vil\u00e1gbajnok ker\u00e9kp\u00e1ros, sz\u00edn\u00e9szn\u0151, pil\u00f3ta, \u00fajs\u00e1g\u00edr\u00f3, \u00e9s itt m\u00e9g nincs is v\u00e9ge a felsorol\u00e1snak. A belgiumi sz\u00fclet\u00e9s\u0171 h\u00f6lgy \u00e9lete sor\u00e1n mindig sikeresen v\u00e1ltott egyik fantasztikus munk\u00e1r\u00f3l a m\u00e1sikra, \u00e9s kiv\u00e1l\u00f3an helyt \u00e1llt mindegyikben. <\/strong><\/p>\n<p><!--more--><\/p>\n<p>Nem ismert pontosan, hogyan ismerkedett meg a ker\u00e9kp\u00e1roz\u00e1ssal, \u00e1m az biztos, hogy 18 \u00e9ves kor\u00e1ban Dutrieu az egy \u00f3ra alatt megtett t\u00e1vols\u00e1g vil\u00e1grekordere lett. Sikereinek ezt k\u00f6vet\u0151en folyamatosan gyarapodott. 1896-ban megnyerte a Course de 12 Jours elnevez\u00e9s\u0171 futamot, amely egy 12 napos verseny Londonban, ahol 2 kilom\u00e9tert 4 perc 31 m\u00e1sodperc alatt megt\u00e9ve lett vil\u00e1gbajnok. K\u00e9s\u0151bb, 1897-ben a tehets\u00e9ges ker\u00e9kp\u00e1ros egy m\u00e1sik vil\u00e1gbajnoks\u00e1gon is kimagasl\u00f3an szerepelt \u00e9s 1898-ban a Grand Prix d&#8217;Europe bajnoka lett.<\/p>\n<p>H\u00e9l\u00e8ne szerencs\u00e9s volt, hogy egy olyan korban sz\u00fcletett, amikor a n\u0151k nem csup\u00e1n versenyezhettek, de megfelel\u0151 mennyis\u00e9g\u0171 p\u00e9nzt is kereshettek \u00e9s f\u00fcggetlenn\u00e9 v\u00e1lhattak. Azonban ez az id\u0151szak csup\u00e1n 7 \u00e9vig, 1895 \u00e9s 1902 k\u00f6z\u00f6tt tartott. Az \u00faj sz\u00e1zad bek\u00f6sz\u00f6nt\u00e9vel ez a sz\u00ednt\u00e9r le\u00e1ldozott. \u00c1m ekkorra m\u00e1r Dutrieu is m\u00e1sra \u00f6sszpontos\u00edtott. N\u0151i kaszkad\u0151rk\u00e9nt csin\u00e1lt karriert.<\/p>\n<figure id=\"attachment_2963\" aria-describedby=\"caption-attachment-2963\" style=\"width: 1024px\" class=\"wp-caption alignnone\"><a href=\"https:\/\/d2p6e6u75xmxt8.cloudfront.net\/12\/2019\/04\/Helene_Dutrieu_-_1911-09-26.png\"><img loading=\"lazy\" decoding=\"async\" class=\"wp-image-2963 size-full\" src=\"https:\/\/d2p6e6u75xmxt8.cloudfront.net\/12\/2019\/04\/Helene_Dutrieu_-_1911-09-26.png\" alt=\"\" width=\"1024\" height=\"731\" srcset=\"https:\/\/d2p6e6u75xmxt8.cloudfront.net\/12\/2019\/04\/Helene_Dutrieu_-_1911-09-26.png 1024w, https:\/\/d2p6e6u75xmxt8.cloudfront.net\/12\/2019\/04\/Helene_Dutrieu_-_1911-09-26-300x214.png 300w, https:\/\/d2p6e6u75xmxt8.cloudfront.net\/12\/2019\/04\/Helene_Dutrieu_-_1911-09-26-768x548.png 768w\" sizes=\"auto, (max-width: 1024px) 100vw, 1024px\" \/><\/a><figcaption id=\"caption-attachment-2963\" class=\"wp-caption-text\"><em>H\u00e9l\u00e8ne sikeresen v\u00e1ltott az egyik fantasztikus munk\u00e1r\u00f3l a m\u00e1sikra, \u00e9s kiv\u00e1l\u00f3an helyt \u00e1llt mindegyikben<\/em><\/figcaption><\/figure>\n<p>Az \u201eemberi ny\u00edlvessz\u0151\u201d n\u00e9vre keresztelt, saj\u00e1t maga \u00e1ltal kital\u00e1lt attrakci\u00f3j\u00e1ban ez az apr\u00f3cska h\u00f6lgy egy meredek r\u00e1mp\u00e1n v\u00e1gtatott le, hogy a magasba emelkedjen, \u00e9s 15 m\u00e9terrel arr\u00e9bb, a r\u00e1mpa m\u00e1sik oldal\u00e1n landoljon. Ja, \u00e9s mindezt v\u00e9d\u0151korl\u00e1t n\u00e9lk\u00fcl. Nem meglep\u0151 m\u00f3don, mutatv\u00e1nya hatalmas l\u00e1tv\u00e1nyoss\u00e1gnak sz\u00e1m\u00edtott. H\u00e9l\u00e8ne a magazinok t\u00e1rsas\u00e1gi \u00e9lettel foglalkoz\u00f3 oldalain t\u0171nt fel, a k\u00fcl\u00f6nb\u00f6z\u0151 partikon pedig VIP vend\u00e9gg\u00e9 v\u00e1lt. K\u00e9s\u0151bb \u00fagy d\u00f6nt\u00f6tt, motorra cser\u00e9li a biciklit \u00e9s mutatv\u00e1ny\u00e1t a La Motocyclette Ail\u00e9e, azaz \u201esz\u00e1rnyas motor\u201d n\u00e9vre kereszteli \u00e1t, azonban ennek egy baleset lett a v\u00e9ge, ami ut\u00e1n H\u00e9l\u00e8ne h\u00f3napokig \u00e1gyhoz volt k\u00f6tve.<\/p>\n<p>Fel\u00e9p\u00fcl\u00e9s\u00e9t k\u00f6vet\u0151en Dutrieub\u00f3l sz\u00edn\u00e9szn\u0151 lett. Elk\u00e9pzelhet\u0151, hogy a sz\u00ednh\u00e1zi fell\u00e9p\u00e9sek nem voltak el\u00e9g vesz\u00e9lyesek sz\u00e1m\u00e1ra, ez\u00e9rt az adrenalint hajh\u00e1sz\u00f3 H\u00e9l\u00e8ne aut\u00f3kkal is versenyzett a Clement-Bayard nev\u0171 c\u00e9g \u00e9gisze alatt. K\u00e9s\u0151bb a c\u00e9g felk\u00e9rte, hogy legyen a tesztpil\u00f3t\u00e1juk els\u0151 saj\u00e1t \u00e9p\u00edt\u00e9s\u0171 rep\u00fcl\u0151g\u00e9p\u00fck\u00f6n. Ugyan ki m\u00e1st k\u00e9rhettek volna fel erre?<\/p>\n<p>Ne felejts\u00fck el, hogy a huszadik sz\u00e1zad hajnal\u00e1n j\u00e1runk. A l\u00e9gi k\u00f6zleked\u00e9s rep\u00fcl\u00e9si r\u00e9sze t\u00f6bb\u00e9-kev\u00e9sb\u00e9 megold\u00f3dott, \u00e1m a biztons\u00e1ggal nagy gondok voltak. A pil\u00f3t\u00e1k rendszeresen haltak meg tragikus balesetekben. Dutrieu m\u00e9gis \u00fagy d\u00f6nt\u00f6tt, belemegy. Az egyetlen kik\u00e9pz\u00e9s egy r\u00f6vid besz\u00e9lget\u00e9s volt a m\u0171szer\u00e9sszel, amelyet k\u00f6vet\u0151en a fiatal pil\u00f3ta besz\u00e1llt a g\u00e9pbe, bep\u00e1nikolt \u00e9s r\u00f6viddel ezut\u00e1n lezuhant. Szerencs\u00e9re az \u201eemberi ny\u00edlvessz\u0151\u201d t\u00fal\u00e9lte ezt a balesetet, ak\u00e1rcsak egy p\u00e1r \u00e9vvel k\u00e9s\u0151bb egy k\u00f6vetkez\u0151t Odessz\u00e1ban. Mindk\u00e9t balesetben volt valami k\u00f6z\u00f6s volt: a g\u00e9pek teljesen sz\u00e9troncsol\u00f3dtak, \u00e1m H\u00e9l\u00e8ne a legkev\u00e9sb\u00e9 sem.<\/p>\n<figure id=\"attachment_2964\" aria-describedby=\"caption-attachment-2964\" style=\"width: 1440px\" class=\"wp-caption alignnone\"><a href=\"https:\/\/d2p6e6u75xmxt8.cloudfront.net\/12\/2019\/04\/Helene_Dutrieu.jpg\"><img loading=\"lazy\" decoding=\"async\" class=\"wp-image-2964 size-full\" src=\"https:\/\/d2p6e6u75xmxt8.cloudfront.net\/12\/2019\/04\/Helene_Dutrieu.jpg\" alt=\"\" width=\"1440\" height=\"965\" srcset=\"https:\/\/d2p6e6u75xmxt8.cloudfront.net\/12\/2019\/04\/Helene_Dutrieu.jpg 1440w, https:\/\/d2p6e6u75xmxt8.cloudfront.net\/12\/2019\/04\/Helene_Dutrieu-300x201.jpg 300w, https:\/\/d2p6e6u75xmxt8.cloudfront.net\/12\/2019\/04\/Helene_Dutrieu-768x515.jpg 768w, https:\/\/d2p6e6u75xmxt8.cloudfront.net\/12\/2019\/04\/Helene_Dutrieu-1024x686.jpg 1024w, https:\/\/d2p6e6u75xmxt8.cloudfront.net\/12\/2019\/04\/Helene_Dutrieu-272x182.jpg 272w\" sizes=\"auto, (max-width: 1440px) 100vw, 1440px\" \/><\/a><figcaption id=\"caption-attachment-2964\" class=\"wp-caption-text\"><em>Az emberi ny\u00edlvessz\u0151 akci\u00f3ban<\/em><\/figcaption><\/figure>\n<p>A Farman testv\u00e9rek \u00fagy d\u00f6nt\u00f6ttek, szponzor\u00e1lni fogj\u00e1k az \u00e9gbolt felt\u00f6rekv\u0151 kir\u00e1lyn\u0151j\u00e9t \u00e9s ell\u00e1tj\u00e1k minden sz\u00fcks\u00e9ges kell\u00e9kkel. Dutrieu egyik kit\u00fcntet\u00e9st zsebelte be a m\u00e1sik ut\u00e1n, k\u00f6zt\u00fck a patin\u00e1s francia Becs\u00fcletrendet is.<\/p>\n<p>\u00c1m ezut\u00e1n kit\u00f6rt az els\u0151 vil\u00e1gh\u00e1bor\u00fa, \u00e9s H\u00e9l\u00e8ne rep\u00fcl\u00e9ssel t\u00f6lt\u00f6tt \u00e9vei v\u00e9get \u00e9rtek. K\u00f3rh\u00e1zigazgat\u00f3 lett, majd a h\u00e1bor\u00fat k\u00f6vet\u0151en \u00fajs\u00e1g\u00edr\u00f3. Ugyanekkor, 45 \u00e9ves kor\u00e1ban ment hozz\u00e1 Pierre Mortierhez, a Gil Blas \u2013 egy akkoriban n\u00e9pszer\u0171 kultur\u00e1lis magazin \u2013 szerkeszt\u0151j\u00e9hez. Mivel a f\u00e9rje zsid\u00f3 sz\u00e1rmaz\u00e1s\u00fa volt, a h\u00e1bor\u00fat sz\u00e1m\u0171zet\u00e9sben v\u00e9szelt\u00e9k \u00e1t. Sajn\u00e1latos m\u00f3don, Pierre 1946-ban elhunyt r\u00e1kban. Dutrieu visszat\u00e9rt P\u00e1rizsba \u00e9s az A\u00e9ro-Club de France egyes\u00fclet n\u0151i r\u00e9szleg\u00e9nek eln\u00f6ke lett. 1961-ben hunyt el, \u00e9s a mai napig \u00fagy eml\u00e9keznek r\u00e1, mint az egyik legcsod\u00e1latosabb h\u00edress\u00e9gre, aki a ker\u00e9kp\u00e1roz\u00e1ssal robbant be a vil\u00e1g sz\u00ednpad\u00e1ra.<\/p>\n","protected":false},"excerpt":{"rendered":"<p>A renesz\u00e1nsz ember t\u00f6k\u00e9letes p\u00e9ld\u00e1ja volt H\u00e9l\u00e8ne Dutrieu, vil\u00e1gbajnok ker\u00e9kp\u00e1ros, sz\u00edn\u00e9szn\u0151, pil\u00f3ta, \u00fajs\u00e1g\u00edr\u00f3, \u00e9s itt m\u00e9g nincs is v\u00e9ge a [&hellip;]<\/p>\n","protected":false},"author":71,"featured_media":2966,"comment_status":"open","ping_status":"open","sticky":false,"template":"","format":"standard","meta":{"footnotes":""},"categories":[12],"tags":[],"global-categories":[],"class_list":["post-2962","post","type-post","status-publish","format-standard","has-post-thumbnail","hentry","category-kozosseg-es-kultura"],"yoast_head":"<!-- This site is optimized with the Yoast SEO Premium plugin v25.3 (Yoast SEO v25.9) - https:\/\/yoast.com\/wordpress\/plugins\/seo\/ -->\n<title>Kerekekt\u0151l a sz\u00e1rnyakig: A n\u0151, aki a f\u00f6ldet \u00e9s a leveg\u0151t is uralta - \u0160koda We Love Cycling - Magyarorsz\u00e1g<\/title>\n<meta name=\"robots\" content=\"index, follow, max-snippet:-1, max-image-preview:large, max-video-preview:-1\" \/>\n<link rel=\"canonical\" href=\"https:\/\/www.welovecycling.com\/hu\/kozosseg-es-kultura\/kerekektol-a-szarnyakig-a-no-aki-a-foldet-es-a-levegot-is-uralta\/\" \/>\n<meta property=\"og:locale\" content=\"hu_HU\" \/>\n<meta property=\"og:type\" content=\"article\" \/>\n<meta property=\"og:title\" content=\"Kerekekt\u0151l a sz\u00e1rnyakig: A n\u0151, aki a f\u00f6ldet \u00e9s a leveg\u0151t is uralta\" \/>\n<meta property=\"og:description\" content=\"A renesz\u00e1nsz ember t\u00f6k\u00e9letes p\u00e9ld\u00e1ja volt H\u00e9l\u00e8ne Dutrieu, vil\u00e1gbajnok ker\u00e9kp\u00e1ros, sz\u00edn\u00e9szn\u0151, pil\u00f3ta, \u00fajs\u00e1g\u00edr\u00f3, \u00e9s itt m\u00e9g nincs is v\u00e9ge a [&hellip;]\" \/>\n<meta property=\"og:url\" content=\"https:\/\/www.welovecycling.com\/hu\/kozosseg-es-kultura\/kerekektol-a-szarnyakig-a-no-aki-a-foldet-es-a-levegot-is-uralta\/\" \/>\n<meta property=\"og:site_name\" content=\"\u0160koda We Love Cycling - Magyarorsz\u00e1g\" \/>\n<meta property=\"article:publisher\" content=\"https:\/\/www.facebook.com\/WeLoveCyclingHungary\/\" \/>\n<meta property=\"article:published_time\" content=\"2019-04-02T07:00:39+00:00\" \/>\n<meta property=\"og:image\" content=\"https:\/\/d2p6e6u75xmxt8.cloudfront.net\/12\/2019\/04\/Helene_Dutrieu-profimedia-0277663893.jpg\" \/>\n\t<meta property=\"og:image:width\" content=\"1366\" \/>\n\t<meta property=\"og:image:height\" content=\"600\" \/>\n\t<meta property=\"og:image:type\" content=\"image\/jpeg\" \/>\n<meta name=\"author\" content=\"hegyizs\" \/>\n<meta name=\"twitter:card\" content=\"summary_large_image\" \/>\n<meta name=\"twitter:label1\" content=\"Written by\" \/>\n\t<meta name=\"twitter:data1\" content=\"Tereza Antonov\u00e1\" \/>\n\t<meta name=\"twitter:label2\" content=\"Est. reading time\" \/>\n\t<meta name=\"twitter:data2\" content=\"4\" \/>\n<script type=\"application\/ld+json\" class=\"yoast-schema-graph\">{\"@context\":\"https:\/\/schema.org\",\"@graph\":[{\"@type\":\"WebPage\",\"@id\":\"https:\/\/www.welovecycling.com\/hu\/kozosseg-es-kultura\/kerekektol-a-szarnyakig-a-no-aki-a-foldet-es-a-levegot-is-uralta\/\",\"url\":\"https:\/\/www.welovecycling.com\/hu\/kozosseg-es-kultura\/kerekektol-a-szarnyakig-a-no-aki-a-foldet-es-a-levegot-is-uralta\/\",\"name\":\"Kerekekt\u0151l a sz\u00e1rnyakig: A n\u0151, aki a f\u00f6ldet \u00e9s a leveg\u0151t is uralta - \u0160koda We Love Cycling - Magyarorsz\u00e1g\",\"isPartOf\":{\"@id\":\"https:\/\/www.welovecycling.com\/hu\/#website\"},\"primaryImageOfPage\":{\"@id\":\"https:\/\/www.welovecycling.com\/hu\/kozosseg-es-kultura\/kerekektol-a-szarnyakig-a-no-aki-a-foldet-es-a-levegot-is-uralta\/#primaryimage\"},\"image\":{\"@id\":\"https:\/\/www.welovecycling.com\/hu\/kozosseg-es-kultura\/kerekektol-a-szarnyakig-a-no-aki-a-foldet-es-a-levegot-is-uralta\/#primaryimage\"},\"thumbnailUrl\":\"https:\/\/d2p6e6u75xmxt8.cloudfront.net\/12\/2019\/04\/Helene_Dutrieu-profimedia-0277663893.jpg\",\"datePublished\":\"2019-04-02T07:00:39+00:00\",\"author\":{\"@id\":\"https:\/\/www.welovecycling.com\/hu\/#\/schema\/person\/414a2aebf1801691a5320edb6468e194\"},\"breadcrumb\":{\"@id\":\"https:\/\/www.welovecycling.com\/hu\/kozosseg-es-kultura\/kerekektol-a-szarnyakig-a-no-aki-a-foldet-es-a-levegot-is-uralta\/#breadcrumb\"},\"inLanguage\":\"hu\",\"potentialAction\":[{\"@type\":\"ReadAction\",\"target\":[\"https:\/\/www.welovecycling.com\/hu\/kozosseg-es-kultura\/kerekektol-a-szarnyakig-a-no-aki-a-foldet-es-a-levegot-is-uralta\/\"]}]},{\"@type\":\"ImageObject\",\"inLanguage\":\"hu\",\"@id\":\"https:\/\/www.welovecycling.com\/hu\/kozosseg-es-kultura\/kerekektol-a-szarnyakig-a-no-aki-a-foldet-es-a-levegot-is-uralta\/#primaryimage\",\"url\":\"https:\/\/d2p6e6u75xmxt8.cloudfront.net\/12\/2019\/04\/Helene_Dutrieu-profimedia-0277663893.jpg\",\"contentUrl\":\"https:\/\/d2p6e6u75xmxt8.cloudfront.net\/12\/2019\/04\/Helene_Dutrieu-profimedia-0277663893.jpg\",\"width\":1366,\"height\":600},{\"@type\":\"BreadcrumbList\",\"@id\":\"https:\/\/www.welovecycling.com\/hu\/kozosseg-es-kultura\/kerekektol-a-szarnyakig-a-no-aki-a-foldet-es-a-levegot-is-uralta\/#breadcrumb\",\"itemListElement\":[{\"@type\":\"ListItem\",\"position\":1,\"name\":\"Home\",\"item\":\"https:\/\/www.welovecycling.com\/hu\/\"},{\"@type\":\"ListItem\",\"position\":2,\"name\":\"Kerekekt\u0151l a sz\u00e1rnyakig: A n\u0151, aki a f\u00f6ldet \u00e9s a leveg\u0151t is uralta\"}]},{\"@type\":\"WebSite\",\"@id\":\"https:\/\/www.welovecycling.com\/hu\/#website\",\"url\":\"https:\/\/www.welovecycling.com\/hu\/\",\"name\":\"\u0160koda We Love Cycling - Magyarorsz\u00e1g\",\"description\":\"\u0160koda WeLoveCycling\",\"potentialAction\":[{\"@type\":\"SearchAction\",\"target\":{\"@type\":\"EntryPoint\",\"urlTemplate\":\"https:\/\/www.welovecycling.com\/hu\/?s={search_term_string}\"},\"query-input\":{\"@type\":\"PropertyValueSpecification\",\"valueRequired\":true,\"valueName\":\"search_term_string\"}}],\"inLanguage\":\"hu\"},{\"@type\":\"Person\",\"@id\":\"https:\/\/www.welovecycling.com\/hu\/#\/schema\/person\/414a2aebf1801691a5320edb6468e194\",\"name\":\"hegyizs\",\"image\":{\"@type\":\"ImageObject\",\"inLanguage\":\"hu\",\"@id\":\"https:\/\/www.welovecycling.com\/hu\/#\/schema\/person\/image\/\",\"url\":\"https:\/\/secure.gravatar.com\/avatar\/02cf8a7906b8cf90cecb4679defac7cfd33a1c2e3b88e4903d947f3bb58eedd3?s=96&d=mm&r=g\",\"contentUrl\":\"https:\/\/secure.gravatar.com\/avatar\/02cf8a7906b8cf90cecb4679defac7cfd33a1c2e3b88e4903d947f3bb58eedd3?s=96&d=mm&r=g\",\"caption\":\"hegyizs\"},\"url\":\"https:\/\/www.welovecycling.com\/hu\/author\/hegyizs\/\"}]}<\/script>\n<!-- \/ Yoast SEO Premium plugin. -->","yoast_head_json":{"title":"Kerekekt\u0151l a sz\u00e1rnyakig: A n\u0151, aki a f\u00f6ldet \u00e9s a leveg\u0151t is uralta - \u0160koda We Love Cycling - Magyarorsz\u00e1g","robots":{"index":"index","follow":"follow","max-snippet":"max-snippet:-1","max-image-preview":"max-image-preview:large","max-video-preview":"max-video-preview:-1"},"canonical":"https:\/\/www.welovecycling.com\/hu\/kozosseg-es-kultura\/kerekektol-a-szarnyakig-a-no-aki-a-foldet-es-a-levegot-is-uralta\/","og_locale":"hu_HU","og_type":"article","og_title":"Kerekekt\u0151l a sz\u00e1rnyakig: A n\u0151, aki a f\u00f6ldet \u00e9s a leveg\u0151t is uralta","og_description":"A renesz\u00e1nsz ember t\u00f6k\u00e9letes p\u00e9ld\u00e1ja volt H\u00e9l\u00e8ne Dutrieu, vil\u00e1gbajnok ker\u00e9kp\u00e1ros, sz\u00edn\u00e9szn\u0151, pil\u00f3ta, \u00fajs\u00e1g\u00edr\u00f3, \u00e9s itt m\u00e9g nincs is v\u00e9ge a [&hellip;]","og_url":"https:\/\/www.welovecycling.com\/hu\/kozosseg-es-kultura\/kerekektol-a-szarnyakig-a-no-aki-a-foldet-es-a-levegot-is-uralta\/","og_site_name":"\u0160koda We Love Cycling - Magyarorsz\u00e1g","article_publisher":"https:\/\/www.facebook.com\/WeLoveCyclingHungary\/","article_published_time":"2019-04-02T07:00:39+00:00","og_image":[{"width":1366,"height":600,"url":"https:\/\/d2p6e6u75xmxt8.cloudfront.net\/12\/2019\/04\/Helene_Dutrieu-profimedia-0277663893.jpg","type":"image\/jpeg"}],"author":"hegyizs","twitter_card":"summary_large_image","twitter_misc":{"Written by":"Tereza Antonov\u00e1","Est. reading time":"4"},"schema":{"@context":"https:\/\/schema.org","@graph":[{"@type":"WebPage","@id":"https:\/\/www.welovecycling.com\/hu\/kozosseg-es-kultura\/kerekektol-a-szarnyakig-a-no-aki-a-foldet-es-a-levegot-is-uralta\/","url":"https:\/\/www.welovecycling.com\/hu\/kozosseg-es-kultura\/kerekektol-a-szarnyakig-a-no-aki-a-foldet-es-a-levegot-is-uralta\/","name":"Kerekekt\u0151l a sz\u00e1rnyakig: A n\u0151, aki a f\u00f6ldet \u00e9s a leveg\u0151t is uralta - \u0160koda We Love Cycling - Magyarorsz\u00e1g","isPartOf":{"@id":"https:\/\/www.welovecycling.com\/hu\/#website"},"primaryImageOfPage":{"@id":"https:\/\/www.welovecycling.com\/hu\/kozosseg-es-kultura\/kerekektol-a-szarnyakig-a-no-aki-a-foldet-es-a-levegot-is-uralta\/#primaryimage"},"image":{"@id":"https:\/\/www.welovecycling.com\/hu\/kozosseg-es-kultura\/kerekektol-a-szarnyakig-a-no-aki-a-foldet-es-a-levegot-is-uralta\/#primaryimage"},"thumbnailUrl":"https:\/\/d2p6e6u75xmxt8.cloudfront.net\/12\/2019\/04\/Helene_Dutrieu-profimedia-0277663893.jpg","datePublished":"2019-04-02T07:00:39+00:00","author":{"@id":"https:\/\/www.welovecycling.com\/hu\/#\/schema\/person\/414a2aebf1801691a5320edb6468e194"},"breadcrumb":{"@id":"https:\/\/www.welovecycling.com\/hu\/kozosseg-es-kultura\/kerekektol-a-szarnyakig-a-no-aki-a-foldet-es-a-levegot-is-uralta\/#breadcrumb"},"inLanguage":"hu","potentialAction":[{"@type":"ReadAction","target":["https:\/\/www.welovecycling.com\/hu\/kozosseg-es-kultura\/kerekektol-a-szarnyakig-a-no-aki-a-foldet-es-a-levegot-is-uralta\/"]}]},{"@type":"ImageObject","inLanguage":"hu","@id":"https:\/\/www.welovecycling.com\/hu\/kozosseg-es-kultura\/kerekektol-a-szarnyakig-a-no-aki-a-foldet-es-a-levegot-is-uralta\/#primaryimage","url":"https:\/\/d2p6e6u75xmxt8.cloudfront.net\/12\/2019\/04\/Helene_Dutrieu-profimedia-0277663893.jpg","contentUrl":"https:\/\/d2p6e6u75xmxt8.cloudfront.net\/12\/2019\/04\/Helene_Dutrieu-profimedia-0277663893.jpg","width":1366,"height":600},{"@type":"BreadcrumbList","@id":"https:\/\/www.welovecycling.com\/hu\/kozosseg-es-kultura\/kerekektol-a-szarnyakig-a-no-aki-a-foldet-es-a-levegot-is-uralta\/#breadcrumb","itemListElement":[{"@type":"ListItem","position":1,"name":"Home","item":"https:\/\/www.welovecycling.com\/hu\/"},{"@type":"ListItem","position":2,"name":"Kerekekt\u0151l a sz\u00e1rnyakig: A n\u0151, aki a f\u00f6ldet \u00e9s a leveg\u0151t is uralta"}]},{"@type":"WebSite","@id":"https:\/\/www.welovecycling.com\/hu\/#website","url":"https:\/\/www.welovecycling.com\/hu\/","name":"\u0160koda We Love Cycling - Magyarorsz\u00e1g","description":"\u0160koda WeLoveCycling","potentialAction":[{"@type":"SearchAction","target":{"@type":"EntryPoint","urlTemplate":"https:\/\/www.welovecycling.com\/hu\/?s={search_term_string}"},"query-input":{"@type":"PropertyValueSpecification","valueRequired":true,"valueName":"search_term_string"}}],"inLanguage":"hu"},{"@type":"Person","@id":"https:\/\/www.welovecycling.com\/hu\/#\/schema\/person\/414a2aebf1801691a5320edb6468e194","name":"hegyizs","image":{"@type":"ImageObject","inLanguage":"hu","@id":"https:\/\/www.welovecycling.com\/hu\/#\/schema\/person\/image\/","url":"https:\/\/secure.gravatar.com\/avatar\/02cf8a7906b8cf90cecb4679defac7cfd33a1c2e3b88e4903d947f3bb58eedd3?s=96&d=mm&r=g","contentUrl":"https:\/\/secure.gravatar.com\/avatar\/02cf8a7906b8cf90cecb4679defac7cfd33a1c2e3b88e4903d947f3bb58eedd3?s=96&d=mm&r=g","caption":"hegyizs"},"url":"https:\/\/www.welovecycling.com\/hu\/author\/hegyizs\/"}]}},"_links":{"self":[{"href":"https:\/\/www.welovecycling.com\/hu\/wp-json\/wp\/v2\/posts\/2962","targetHints":{"allow":["GET"]}}],"collection":[{"href":"https:\/\/www.welovecycling.com\/hu\/wp-json\/wp\/v2\/posts"}],"about":[{"href":"https:\/\/www.welovecycling.com\/hu\/wp-json\/wp\/v2\/types\/post"}],"author":[{"embeddable":true,"href":"https:\/\/www.welovecycling.com\/hu\/wp-json\/wp\/v2\/users\/71"}],"replies":[{"embeddable":true,"href":"https:\/\/www.welovecycling.com\/hu\/wp-json\/wp\/v2\/comments?post=2962"}],"version-history":[{"count":2,"href":"https:\/\/www.welovecycling.com\/hu\/wp-json\/wp\/v2\/posts\/2962\/revisions"}],"predecessor-version":[{"id":2968,"href":"https:\/\/www.welovecycling.com\/hu\/wp-json\/wp\/v2\/posts\/2962\/revisions\/2968"}],"wp:featuredmedia":[{"embeddable":true,"href":"https:\/\/www.welovecycling.com\/hu\/wp-json\/wp\/v2\/media\/2966"}],"wp:attachment":[{"href":"https:\/\/www.welovecycling.com\/hu\/wp-json\/wp\/v2\/media?parent=2962"}],"wp:term":[{"taxonomy":"category","embeddable":true,"href":"https:\/\/www.welovecycling.com\/hu\/wp-json\/wp\/v2\/categories?post=2962"},{"taxonomy":"post_tag","embeddable":true,"href":"https:\/\/www.welovecycling.com\/hu\/wp-json\/wp\/v2\/tags?post=2962"},{"taxonomy":"global-categories","embeddable":true,"href":"https:\/\/www.welovecycling.com\/hu\/wp-json\/wp\/v2\/global-categories?post=2962"}],"curies":[{"name":"wp","href":"https:\/\/api.w.org\/{rel}","templated":true}]}}