{"id":2954,"date":"2019-04-07T08:00:43","date_gmt":"2019-04-07T07:00:43","guid":{"rendered":"https:\/\/www.welovecycling.com\/hu\/?p=2954"},"modified":"2019-04-05T10:29:28","modified_gmt":"2019-04-05T09:29:28","slug":"negy-kevesbe-ismert-sztori-a-kerekparos-tortenelem-kiveteles-noi-alakjairol","status":"publish","type":"post","link":"https:\/\/www.welovecycling.com\/hu\/kozosseg-es-kultura\/negy-kevesbe-ismert-sztori-a-kerekparos-tortenelem-kiveteles-noi-alakjairol\/","title":{"rendered":"N\u00e9gy kev\u00e9sb\u00e9 ismert sztori a ker\u00e9kp\u00e1ros t\u00f6rt\u00e9nelem kiv\u00e9teles n\u0151i alakjair\u00f3l"},"content":{"rendered":"<p><strong>Ami\u00f3ta az ember felfedezte a k\u00e9t ker\u00e9ken val\u00f3 utaz\u00e1s \u00e9lm\u00e9ny\u00e9t, a ker\u00e9kp\u00e1roz\u00e1s vonzott minden, k\u00fcl\u00f6nf\u00e9le \u00e9rdekl\u0151d\u00e9ssel, szenved\u00e9llyel \u00e9s h\u00e1tt\u00e9rrel rendelkez\u0151 n\u0151t. Jelent\u0151s szerepet t\u00f6lt\u00f6tt be abban is, hogy a n\u0151k b\u00e1tran kib\u00fajjanak a tradicion\u00e1lis nemi szerepekb\u0151l, \u00e9s szabads\u00e1guk korl\u00e1tait feszegetni kezdj\u00e9k. A bringa m\u00e1ig a v\u00e1ltoz\u00e1s kataliz\u00e1torak\u00e9nt funkcion\u00e1l, ez\u00e9rt az idei nemzetk\u00f6zi n\u0151nap alkalm\u00e1b\u00f3l szeretn\u00e9nk tisztelegni n\u00e9h\u00e1nyuk el\u0151tt, akik ker\u00e9kp\u00e1rt\u00f6rt\u00e9nelmet \u00edrtak, norm\u00e1kat k\u00e9rd\u0151jeleztek meg, \u00e9s seg\u00edtettek kik\u00f6vezni az utat, amely elvezetett oda, ahol ma tartunk.<\/strong><\/p>\n<p><!--more--><\/p>\n<h2><strong>Ki hordja a nadr\u00e1got?<\/strong><\/h2>\n<p>Amikor Amelia Bloomer 1951-ben elkezdett bok\u00e1n\u00e1l gy\u0171r\u00f6tt, hossz\u00fa sz\u00e1r\u00fa nadr\u00e1got hordani, minden bizonnyal tiszt\u00e1ban volt vele, hogy n\u00e9h\u00e1nyan felvonj\u00e1k a szem\u00f6ld\u00f6k\u00fcket, \u00e1m val\u00f3sz\u00edn\u0171leg arr\u00f3l sejtelme sem volt, hogy r\u00f3la fogj\u00e1k elnevezni az \u00e1ltala oly b\u00fcszk\u00e9n viselt forradalmi darabot. A n\u0151i jogok\u00e9rt k\u00fczd\u0151 Bloomer ugyan nem maga tal\u00e1lta fel a nadr\u00e1got, de \u0151 tette n\u00e9pszer\u0171v\u00e9.<\/p>\n<figure id=\"attachment_2955\" aria-describedby=\"caption-attachment-2955\" style=\"width: 768px\" class=\"wp-caption alignnone\"><a href=\"https:\/\/d2p6e6u75xmxt8.cloudfront.net\/12\/2019\/04\/Amelia-Bloomer.jpg\"><img loading=\"lazy\" decoding=\"async\" class=\"wp-image-2955 size-full\" src=\"https:\/\/d2p6e6u75xmxt8.cloudfront.net\/12\/2019\/04\/Amelia-Bloomer.jpg\" alt=\"\" width=\"768\" height=\"511\" srcset=\"https:\/\/d2p6e6u75xmxt8.cloudfront.net\/12\/2019\/04\/Amelia-Bloomer.jpg 768w, https:\/\/d2p6e6u75xmxt8.cloudfront.net\/12\/2019\/04\/Amelia-Bloomer-300x200.jpg 300w, https:\/\/d2p6e6u75xmxt8.cloudfront.net\/12\/2019\/04\/Amelia-Bloomer-272x182.jpg 272w\" sizes=\"auto, (max-width: 768px) 100vw, 768px\" \/><\/a><figcaption id=\"caption-attachment-2955\" class=\"wp-caption-text\"><em>Bloomer n\u0151i ruh\u00e1ban kardoskodott a reformok\u00e9rt<\/em><\/figcaption><\/figure>\n<p>Sosem tartott att\u00f3l, hogy n\u00e9mi vit\u00e1t sz\u00edtson, ez\u00e9rt Bloomer n\u0151i \u00f6lt\u00f6z\u00e9kben \u00e1llt ki a reformok mellett, \u00e9s ragaszkodott ahhoz, hogy a nagyobb mozg\u00e1sszabads\u00e1gnak, funkcionalit\u00e1snak \u00e9s k\u00e9nyelemnek kell a ruhatervez\u00e9s k\u00f6z\u00e9ppontj\u00e1ba ker\u00fclnie. A 19. sz\u00e1zad m\u00e1sodik fel\u00e9ben, amint a bicikliz\u00e9s egyre nagyobb n\u00e9pszer\u0171s\u00e9gnek \u00f6rvendett, sokakat megbotr\u00e1nkoztatott, hogy a n\u0151k nadr\u00e1gban tekertek, annak ellen\u00e9re, hogy a ruh\u00e1k \u00e9s hossz\u00fa szokny\u00e1k nagyon megnehez\u00edtett\u00e9k a nyeregbe pattan\u00e1st. Szerencs\u00e9re Bloomert ez egy\u00e1ltal\u00e1n nem \u00e9rdekelte, \u00e9s nagyr\u00e9szt az \u0151 ki\u00e1ll\u00e1s\u00e1nak k\u00f6sz\u00f6nhet\u0151en a nadr\u00e1got visel\u0151 n\u0151k megb\u00e9lyegz\u00e9se id\u0151vel enyh\u00fclt, \u00e9s lassan feled\u00e9sbe is mer\u00fclt.<\/p>\n<h2><strong>Laz\u00e1n lek\u00f6r\u00f6zve a f\u00e9rfiakat<\/strong><\/h2>\n<p>Beryl Burton igazi legend\u00e1nak sz\u00e1m\u00edt a ker\u00e9kp\u00e1ros k\u00f6r\u00f6kben. Tucatnyi bajnoki c\u00edmmel \u00e9s nemzeti rekorddal maga m\u00f6g\u00f6tt egy\u00e9rtelm\u0171en ki\u00e9rdemelte hely\u00e9t a bring\u00e1s t\u00f6rt\u00e9nelem elitj\u00e9ben. Akadnak kev\u00e9sb\u00e9 k\u00f6zismert, \u00e1m nagyszer\u0171 t\u00f6rt\u00e9netek r\u00f3la, amelyek jobban megvil\u00e1g\u00edtj\u00e1k a szem\u00e9lyis\u00e9g\u00e9t.\u00a0 A belgiumi Omloop Het Nieuwsblad elnevez\u00e9s\u0171 bring\u00e1s versenyen t\u00f6rt\u00e9nt leb\u0151g\u00e9s ut\u00e1n, ahol a n\u0151i mez\u0151nyt vezet\u0151 versenyz\u0151t visszatartott\u00e1k, miut\u00e1n utol\u00e9rte a f\u00e9rfiakat \u2013 akik 10 perces el\u0151nnyel indultak \u2013 Burton egyik legpimaszabb man\u0151vere igaz\u00e1n meg\u00e9r egy mis\u00e9t.<\/p>\n<figure id=\"attachment_2956\" aria-describedby=\"caption-attachment-2956\" style=\"width: 1180px\" class=\"wp-caption alignnone\"><a href=\"https:\/\/d2p6e6u75xmxt8.cloudfront.net\/12\/2019\/04\/Beryl-Burton.jpg\"><img loading=\"lazy\" decoding=\"async\" class=\"size-full wp-image-2956\" src=\"https:\/\/d2p6e6u75xmxt8.cloudfront.net\/12\/2019\/04\/Beryl-Burton.jpg\" alt=\"\" width=\"1180\" height=\"640\" srcset=\"https:\/\/d2p6e6u75xmxt8.cloudfront.net\/12\/2019\/04\/Beryl-Burton.jpg 1180w, https:\/\/d2p6e6u75xmxt8.cloudfront.net\/12\/2019\/04\/Beryl-Burton-300x163.jpg 300w, https:\/\/d2p6e6u75xmxt8.cloudfront.net\/12\/2019\/04\/Beryl-Burton-768x417.jpg 768w, https:\/\/d2p6e6u75xmxt8.cloudfront.net\/12\/2019\/04\/Beryl-Burton-1024x555.jpg 1024w\" sizes=\"auto, (max-width: 1180px) 100vw, 1180px\" \/><\/a><figcaption id=\"caption-attachment-2956\" class=\"wp-caption-text\"><em>Beryl Burton (k\u00f6z\u00e9pen)<\/em><\/figcaption><\/figure>\n<p>Mit tett a ker\u00e9kp\u00e1ros t\u00e1rsai \u00e1ltal humor\u00e1r\u00f3l \u00e9s gyors \u00e9szj\u00e1r\u00e1s\u00e1r\u00f3l ismert Beryl Burton, mik\u00f6zben eltekert a f\u00e9rfi mez\u0151nyben ped\u00e1loz\u00f3 Mike McNamara mellett a 12 \u00f3r\u00e1s id\u0151m\u00e9r\u0151n? A kifog\u00e1stalan modor\u00fa Beryl laz\u00e1n megk\u00edn\u00e1lta t\u00e1rs\u00e1t egy medvecukork\u00e1val. Mi\u00e9rt, csak a f\u00e9rfiak viselkedhetnek lovagiasan?<\/p>\n<h2><strong>Miut\u00e1n k\u0151t\u00f6rmel\u00e9keken, bomb\u00e1k \u00fct\u00f6tte lyukak k\u00f6z\u00f6tt kellett tekernie, tal\u00e1n nem kottyan meg neki egy kis versenyz\u00e9s<\/strong><\/h2>\n<p>A ker\u00e9kp\u00e1roz\u00e1shoz vezet\u0151 utak nem felt\u00e9tlen\u00fcl egyforma neh\u00e9zs\u00e9g\u0171ek. Hab\u00e1r k\u00e9s\u0151bb \u0151 lett a bicikliz\u00e9s \u00fatt\u00f6r\u0151je, \u00e9s a n\u0151i versenyek bajnoka, Eileen Gray el\u0151sz\u00f6r a m\u00e1sodik vil\u00e1gh\u00e1bor\u00fa idej\u00e9n, k\u00f6zleked\u00e9si eszk\u00f6zk\u00e9nt tal\u00e1lkozott a bring\u00e1val Koppenh\u00e1g\u00e1ban, ahol m\u00e9rn\u00f6ki pontoss\u00e1ggal tekert \u00e1t a k\u0151t\u00f6rmel\u00e9keken, haladt el bomba \u00fct\u00f6tte lyukak mellett, \u00e1t az \u00e1ltal\u00e1nos k\u00e1oszon. Annak ellen\u00e9re, milyen vesz\u00e9lyes k\u00f6r\u00fclm\u00e9nyek k\u00f6z\u00f6tt ismerkedett meg a bicikliz\u00e9ssel, Gray m\u00e9gis r\u00e1j\u00f6tt, hogy im\u00e1dja, \u00e9s a h\u00e1bor\u00fat k\u00f6vet\u0151en egyike lett a h\u00e1rom n\u0151nek, akik az els\u0151 nemzetk\u00f6zi n\u0151i ker\u00e9kp\u00e1ros csapatot alkott\u00e1k.<\/p>\n<figure id=\"attachment_2957\" aria-describedby=\"caption-attachment-2957\" style=\"width: 1382px\" class=\"wp-caption alignnone\"><a href=\"https:\/\/d2p6e6u75xmxt8.cloudfront.net\/12\/2019\/04\/eileen-gray.jpg\"><img loading=\"lazy\" decoding=\"async\" class=\"size-full wp-image-2957\" src=\"https:\/\/d2p6e6u75xmxt8.cloudfront.net\/12\/2019\/04\/eileen-gray.jpg\" alt=\"\" width=\"1382\" height=\"2011\" srcset=\"https:\/\/d2p6e6u75xmxt8.cloudfront.net\/12\/2019\/04\/eileen-gray.jpg 1382w, https:\/\/d2p6e6u75xmxt8.cloudfront.net\/12\/2019\/04\/eileen-gray-206x300.jpg 206w, https:\/\/d2p6e6u75xmxt8.cloudfront.net\/12\/2019\/04\/eileen-gray-768x1118.jpg 768w, https:\/\/d2p6e6u75xmxt8.cloudfront.net\/12\/2019\/04\/eileen-gray-704x1024.jpg 704w, https:\/\/d2p6e6u75xmxt8.cloudfront.net\/12\/2019\/04\/eileen-gray-1319x1920.jpg 1319w, https:\/\/d2p6e6u75xmxt8.cloudfront.net\/12\/2019\/04\/eileen-gray-1319x1920.jpg 1319w\" sizes=\"auto, (max-width: 1382px) 100vw, 1382px\" \/><\/a><figcaption id=\"caption-attachment-2957\" class=\"wp-caption-text\"><em>Eileen Gray verseny k\u00f6zben a bring\u00e1j\u00e1n<\/em><\/figcaption><\/figure>\n<p>Ezek a n\u0151k hamar nekil\u00e1ttak, hogy kik\u00f6vetelj\u00e9k a Nemzetk\u00f6zi Ker\u00e9kp\u00e1ros-sz\u00f6vets\u00e9gt\u0151l a n\u0151i rekordok elismer\u00e9s\u00e9t \u00e9s a n\u0151k versenyz\u00e9s\u00e9nek enged\u00e9lyez\u00e9s\u00e9t. Gray lett a British Cycling Federation eln\u00f6ke, majd a k\u00f6vetkez\u0151 \u00e9vekben k\u00fcl\u00f6nb\u00f6z\u0151 brit olimpiai csapatok helyettes parancsnoki tiszts\u00e9g\u00e9t t\u00f6lt\u00f6tte be. Ma is vel\u00fcnk \u00e9lnek azok az alapok, amelyeket a n\u0151i ker\u00e9kp\u00e1roz\u00e1s l\u00e9trehoz\u00e1s\u00e1hoz lefektetett, csak\u00fagy, mint szervez\u00e9si k\u00e9szs\u00e9ge, mely napjainkban is alak\u00edtja a n\u0151i ker\u00e9kp\u00e1roz\u00e1s j\u00f6v\u0151j\u00e9t.<\/p>\n<h2><strong>Valaki adjon ennek a n\u0151nek egy vill\u00e1skulcsot <\/strong><\/h2>\n<p>M\u00e9g manaps\u00e1g is zavart v\u00e1lthat ki egy szersz\u00e1mosl\u00e1da l\u00e1tv\u00e1nya n\u0151i k\u00e9zben. Annak ellen\u00e9re, hogy vil\u00e1gszerte sz\u00e1mtalan n\u0151 dolgozik azon, hogy ez a ker\u00e9kp\u00e1ros vil\u00e1gban \u00e9s azon k\u00edv\u00fcl is megv\u00e1ltozzon, nem t\u00falz\u00e1s azt \u00e1ll\u00edtani, hogy Maria Ward b\u0151ven megel\u0151zte a saj\u00e1t kor\u00e1t. Bicikliz\u00e9s n\u0151knek c\u00edm\u0171, 1896-ban megjelent k\u00f6nyve olyan \u00e1tfog\u00f3 ker\u00e9kp\u00e1roz\u00e1si \u00fatmutat\u00f3, amely a bringa kiv\u00e1laszt\u00e1s\u00e1t\u00f3l a teker\u00e9s eg\u00e9szs\u00e9gre gyakorolt j\u00f3t\u00e9kony hat\u00e1s\u00e1ig mindent k\u00f6rbej\u00e1rt. Hab\u00e1r a c\u00edm azt a kort t\u00fckr\u00f6zi, amelyben \u00edr\u00f3dott, a k\u00e9zik\u00f6nyv \u00fatt\u00f6r\u0151nek sz\u00e1m\u00edt abban az \u00e9rtelemben, hogy a mechanikai r\u00e9szleteket sem hanyagolta el.<\/p>\n<p><a href=\"https:\/\/d2p6e6u75xmxt8.cloudfront.net\/12\/2019\/04\/Bicycling_for_Ladies.jpg\"><img loading=\"lazy\" decoding=\"async\" class=\"alignnone size-full wp-image-2958\" src=\"https:\/\/d2p6e6u75xmxt8.cloudfront.net\/12\/2019\/04\/Bicycling_for_Ladies.jpg\" alt=\"\" width=\"428\" height=\"720\" srcset=\"https:\/\/d2p6e6u75xmxt8.cloudfront.net\/12\/2019\/04\/Bicycling_for_Ladies.jpg 428w, https:\/\/d2p6e6u75xmxt8.cloudfront.net\/12\/2019\/04\/Bicycling_for_Ladies-178x300.jpg 178w\" sizes=\"auto, (max-width: 428px) 100vw, 428px\" \/><\/a><\/p>\n<p>A k\u00f6nyv el\u0151remutat\u00f3 fejezetei k\u00f6z\u00e9 sorolhat\u00f3 a \u201eN\u0151k \u00e9s szersz\u00e1mok\u201d \u00e9s a \u201eKer\u00e9kp\u00e1roz\u00e1s mechanik\u00e1ja\u201d. Ward c\u00e9lja saj\u00e1t bevall\u00e1sa szerint az volt, hogy felszabad\u00edtsa a n\u0151i bicikliseket az\u00e1ltal, hogy megtan\u00edtja nekik \u201ea mechanika \u00e9s az \u00e9lettan t\u00f6rv\u00e9nyeit\u201d. \u00cdgy fejtette ki \u00e9rveit a \u201eN\u0151k \u00e9s szersz\u00e1mok\u201d c\u00edm\u0171 fejezet bevezet\u00e9s\u00e9ben: \u201e\u00dagy tartom, hogy b\u00e1rmely n\u0151, aki k\u00e9pes haszn\u00e1lni egy t\u0171t vagy oll\u00f3t, ugyan\u00fagy tud haszn\u00e1lni b\u00e1rmilyen szersz\u00e1mot. Egy ker\u00e9kp\u00e1ros sz\u00e1m\u00e1ra nagyon fontos, hogy a bicikli \u00f6sszes alkatr\u00e9sz\u00e9t, azok haszn\u00e1lat\u00e1t \u00e9s illeszked\u00e9s\u00e9t ismerje. Sok \u00e9rt\u00e9kes \u00f3r\u00e1t lehetne megtakar\u00edtani, ha egy kicsivel t\u00f6bb \u00e9s megfelel\u0151 figyelmet ford\u00edtan\u00e1l kell\u0151 id\u0151ben a masin\u00e1dra.\u201d \u00c1men, Maria!<\/p>\n","protected":false},"excerpt":{"rendered":"<p>Ami\u00f3ta az ember felfedezte a k\u00e9t ker\u00e9ken val\u00f3 utaz\u00e1s \u00e9lm\u00e9ny\u00e9t, a ker\u00e9kp\u00e1roz\u00e1s vonzott minden, k\u00fcl\u00f6nf\u00e9le \u00e9rdekl\u0151d\u00e9ssel, szenved\u00e9llyel \u00e9s h\u00e1tt\u00e9rrel rendelkez\u0151 [&hellip;]<\/p>\n","protected":false},"author":71,"featured_media":2960,"comment_status":"open","ping_status":"open","sticky":false,"template":"","format":"standard","meta":{"footnotes":""},"categories":[12],"tags":[],"global-categories":[],"class_list":["post-2954","post","type-post","status-publish","format-standard","has-post-thumbnail","hentry","category-kozosseg-es-kultura"],"yoast_head":"<!-- This site is optimized with the Yoast SEO Premium plugin v25.3 (Yoast SEO v25.9) - https:\/\/yoast.com\/wordpress\/plugins\/seo\/ -->\n<title>N\u00e9gy kev\u00e9sb\u00e9 ismert sztori a ker\u00e9kp\u00e1ros t\u00f6rt\u00e9nelem kiv\u00e9teles n\u0151i alakjair\u00f3l - \u0160koda We Love Cycling - Magyarorsz\u00e1g<\/title>\n<meta name=\"robots\" content=\"index, follow, max-snippet:-1, max-image-preview:large, max-video-preview:-1\" \/>\n<link rel=\"canonical\" href=\"https:\/\/www.welovecycling.com\/hu\/kozosseg-es-kultura\/negy-kevesbe-ismert-sztori-a-kerekparos-tortenelem-kiveteles-noi-alakjairol\/\" \/>\n<meta property=\"og:locale\" content=\"hu_HU\" \/>\n<meta property=\"og:type\" content=\"article\" \/>\n<meta property=\"og:title\" content=\"N\u00e9gy kev\u00e9sb\u00e9 ismert sztori a ker\u00e9kp\u00e1ros t\u00f6rt\u00e9nelem kiv\u00e9teles n\u0151i alakjair\u00f3l\" \/>\n<meta property=\"og:description\" content=\"Ami\u00f3ta az ember felfedezte a k\u00e9t ker\u00e9ken val\u00f3 utaz\u00e1s \u00e9lm\u00e9ny\u00e9t, a ker\u00e9kp\u00e1roz\u00e1s vonzott minden, k\u00fcl\u00f6nf\u00e9le \u00e9rdekl\u0151d\u00e9ssel, szenved\u00e9llyel \u00e9s h\u00e1tt\u00e9rrel rendelkez\u0151 [&hellip;]\" \/>\n<meta property=\"og:url\" content=\"https:\/\/www.welovecycling.com\/hu\/kozosseg-es-kultura\/negy-kevesbe-ismert-sztori-a-kerekparos-tortenelem-kiveteles-noi-alakjairol\/\" \/>\n<meta property=\"og:site_name\" content=\"\u0160koda We Love Cycling - Magyarorsz\u00e1g\" \/>\n<meta property=\"article:publisher\" content=\"https:\/\/www.facebook.com\/WeLoveCyclingHungary\/\" \/>\n<meta property=\"article:published_time\" content=\"2019-04-07T07:00:43+00:00\" \/>\n<meta property=\"og:image\" content=\"https:\/\/d2p6e6u75xmxt8.cloudfront.net\/12\/2019\/04\/Suffrage_Cycling_CVR.jpg\" \/>\n\t<meta property=\"og:image:width\" content=\"1366\" \/>\n\t<meta property=\"og:image:height\" content=\"600\" \/>\n\t<meta property=\"og:image:type\" content=\"image\/jpeg\" \/>\n<meta name=\"author\" content=\"hegyizs\" \/>\n<meta name=\"twitter:card\" content=\"summary_large_image\" \/>\n<meta name=\"twitter:label1\" content=\"Written by\" \/>\n\t<meta name=\"twitter:data1\" content=\"Megan Flottorp\" \/>\n\t<meta name=\"twitter:label2\" content=\"Est. reading time\" \/>\n\t<meta name=\"twitter:data2\" content=\"6 minutes\" \/>\n<script type=\"application\/ld+json\" class=\"yoast-schema-graph\">{\"@context\":\"https:\/\/schema.org\",\"@graph\":[{\"@type\":\"WebPage\",\"@id\":\"https:\/\/www.welovecycling.com\/hu\/kozosseg-es-kultura\/negy-kevesbe-ismert-sztori-a-kerekparos-tortenelem-kiveteles-noi-alakjairol\/\",\"url\":\"https:\/\/www.welovecycling.com\/hu\/kozosseg-es-kultura\/negy-kevesbe-ismert-sztori-a-kerekparos-tortenelem-kiveteles-noi-alakjairol\/\",\"name\":\"N\u00e9gy kev\u00e9sb\u00e9 ismert sztori a ker\u00e9kp\u00e1ros t\u00f6rt\u00e9nelem kiv\u00e9teles n\u0151i alakjair\u00f3l - \u0160koda We Love Cycling - Magyarorsz\u00e1g\",\"isPartOf\":{\"@id\":\"https:\/\/www.welovecycling.com\/hu\/#website\"},\"primaryImageOfPage\":{\"@id\":\"https:\/\/www.welovecycling.com\/hu\/kozosseg-es-kultura\/negy-kevesbe-ismert-sztori-a-kerekparos-tortenelem-kiveteles-noi-alakjairol\/#primaryimage\"},\"image\":{\"@id\":\"https:\/\/www.welovecycling.com\/hu\/kozosseg-es-kultura\/negy-kevesbe-ismert-sztori-a-kerekparos-tortenelem-kiveteles-noi-alakjairol\/#primaryimage\"},\"thumbnailUrl\":\"https:\/\/d2p6e6u75xmxt8.cloudfront.net\/12\/2019\/04\/Suffrage_Cycling_CVR.jpg\",\"datePublished\":\"2019-04-07T07:00:43+00:00\",\"author\":{\"@id\":\"https:\/\/www.welovecycling.com\/hu\/#\/schema\/person\/414a2aebf1801691a5320edb6468e194\"},\"breadcrumb\":{\"@id\":\"https:\/\/www.welovecycling.com\/hu\/kozosseg-es-kultura\/negy-kevesbe-ismert-sztori-a-kerekparos-tortenelem-kiveteles-noi-alakjairol\/#breadcrumb\"},\"inLanguage\":\"hu\",\"potentialAction\":[{\"@type\":\"ReadAction\",\"target\":[\"https:\/\/www.welovecycling.com\/hu\/kozosseg-es-kultura\/negy-kevesbe-ismert-sztori-a-kerekparos-tortenelem-kiveteles-noi-alakjairol\/\"]}]},{\"@type\":\"ImageObject\",\"inLanguage\":\"hu\",\"@id\":\"https:\/\/www.welovecycling.com\/hu\/kozosseg-es-kultura\/negy-kevesbe-ismert-sztori-a-kerekparos-tortenelem-kiveteles-noi-alakjairol\/#primaryimage\",\"url\":\"https:\/\/d2p6e6u75xmxt8.cloudfront.net\/12\/2019\/04\/Suffrage_Cycling_CVR.jpg\",\"contentUrl\":\"https:\/\/d2p6e6u75xmxt8.cloudfront.net\/12\/2019\/04\/Suffrage_Cycling_CVR.jpg\",\"width\":1366,\"height\":600},{\"@type\":\"BreadcrumbList\",\"@id\":\"https:\/\/www.welovecycling.com\/hu\/kozosseg-es-kultura\/negy-kevesbe-ismert-sztori-a-kerekparos-tortenelem-kiveteles-noi-alakjairol\/#breadcrumb\",\"itemListElement\":[{\"@type\":\"ListItem\",\"position\":1,\"name\":\"Home\",\"item\":\"https:\/\/www.welovecycling.com\/hu\/\"},{\"@type\":\"ListItem\",\"position\":2,\"name\":\"N\u00e9gy kev\u00e9sb\u00e9 ismert sztori a ker\u00e9kp\u00e1ros t\u00f6rt\u00e9nelem kiv\u00e9teles n\u0151i alakjair\u00f3l\"}]},{\"@type\":\"WebSite\",\"@id\":\"https:\/\/www.welovecycling.com\/hu\/#website\",\"url\":\"https:\/\/www.welovecycling.com\/hu\/\",\"name\":\"\u0160koda We Love Cycling - Magyarorsz\u00e1g\",\"description\":\"\u0160koda WeLoveCycling\",\"potentialAction\":[{\"@type\":\"SearchAction\",\"target\":{\"@type\":\"EntryPoint\",\"urlTemplate\":\"https:\/\/www.welovecycling.com\/hu\/?s={search_term_string}\"},\"query-input\":{\"@type\":\"PropertyValueSpecification\",\"valueRequired\":true,\"valueName\":\"search_term_string\"}}],\"inLanguage\":\"hu\"},{\"@type\":\"Person\",\"@id\":\"https:\/\/www.welovecycling.com\/hu\/#\/schema\/person\/414a2aebf1801691a5320edb6468e194\",\"name\":\"hegyizs\",\"image\":{\"@type\":\"ImageObject\",\"inLanguage\":\"hu\",\"@id\":\"https:\/\/www.welovecycling.com\/hu\/#\/schema\/person\/image\/\",\"url\":\"https:\/\/secure.gravatar.com\/avatar\/02cf8a7906b8cf90cecb4679defac7cfd33a1c2e3b88e4903d947f3bb58eedd3?s=96&d=mm&r=g\",\"contentUrl\":\"https:\/\/secure.gravatar.com\/avatar\/02cf8a7906b8cf90cecb4679defac7cfd33a1c2e3b88e4903d947f3bb58eedd3?s=96&d=mm&r=g\",\"caption\":\"hegyizs\"},\"url\":\"https:\/\/www.welovecycling.com\/hu\/author\/hegyizs\/\"}]}<\/script>\n<!-- \/ Yoast SEO Premium plugin. -->","yoast_head_json":{"title":"N\u00e9gy kev\u00e9sb\u00e9 ismert sztori a ker\u00e9kp\u00e1ros t\u00f6rt\u00e9nelem kiv\u00e9teles n\u0151i alakjair\u00f3l - \u0160koda We Love Cycling - Magyarorsz\u00e1g","robots":{"index":"index","follow":"follow","max-snippet":"max-snippet:-1","max-image-preview":"max-image-preview:large","max-video-preview":"max-video-preview:-1"},"canonical":"https:\/\/www.welovecycling.com\/hu\/kozosseg-es-kultura\/negy-kevesbe-ismert-sztori-a-kerekparos-tortenelem-kiveteles-noi-alakjairol\/","og_locale":"hu_HU","og_type":"article","og_title":"N\u00e9gy kev\u00e9sb\u00e9 ismert sztori a ker\u00e9kp\u00e1ros t\u00f6rt\u00e9nelem kiv\u00e9teles n\u0151i alakjair\u00f3l","og_description":"Ami\u00f3ta az ember felfedezte a k\u00e9t ker\u00e9ken val\u00f3 utaz\u00e1s \u00e9lm\u00e9ny\u00e9t, a ker\u00e9kp\u00e1roz\u00e1s vonzott minden, k\u00fcl\u00f6nf\u00e9le \u00e9rdekl\u0151d\u00e9ssel, szenved\u00e9llyel \u00e9s h\u00e1tt\u00e9rrel rendelkez\u0151 [&hellip;]","og_url":"https:\/\/www.welovecycling.com\/hu\/kozosseg-es-kultura\/negy-kevesbe-ismert-sztori-a-kerekparos-tortenelem-kiveteles-noi-alakjairol\/","og_site_name":"\u0160koda We Love Cycling - Magyarorsz\u00e1g","article_publisher":"https:\/\/www.facebook.com\/WeLoveCyclingHungary\/","article_published_time":"2019-04-07T07:00:43+00:00","og_image":[{"width":1366,"height":600,"url":"https:\/\/d2p6e6u75xmxt8.cloudfront.net\/12\/2019\/04\/Suffrage_Cycling_CVR.jpg","type":"image\/jpeg"}],"author":"hegyizs","twitter_card":"summary_large_image","twitter_misc":{"Written by":"Megan Flottorp","Est. reading time":"6 minutes"},"schema":{"@context":"https:\/\/schema.org","@graph":[{"@type":"WebPage","@id":"https:\/\/www.welovecycling.com\/hu\/kozosseg-es-kultura\/negy-kevesbe-ismert-sztori-a-kerekparos-tortenelem-kiveteles-noi-alakjairol\/","url":"https:\/\/www.welovecycling.com\/hu\/kozosseg-es-kultura\/negy-kevesbe-ismert-sztori-a-kerekparos-tortenelem-kiveteles-noi-alakjairol\/","name":"N\u00e9gy kev\u00e9sb\u00e9 ismert sztori a ker\u00e9kp\u00e1ros t\u00f6rt\u00e9nelem kiv\u00e9teles n\u0151i alakjair\u00f3l - \u0160koda We Love Cycling - Magyarorsz\u00e1g","isPartOf":{"@id":"https:\/\/www.welovecycling.com\/hu\/#website"},"primaryImageOfPage":{"@id":"https:\/\/www.welovecycling.com\/hu\/kozosseg-es-kultura\/negy-kevesbe-ismert-sztori-a-kerekparos-tortenelem-kiveteles-noi-alakjairol\/#primaryimage"},"image":{"@id":"https:\/\/www.welovecycling.com\/hu\/kozosseg-es-kultura\/negy-kevesbe-ismert-sztori-a-kerekparos-tortenelem-kiveteles-noi-alakjairol\/#primaryimage"},"thumbnailUrl":"https:\/\/d2p6e6u75xmxt8.cloudfront.net\/12\/2019\/04\/Suffrage_Cycling_CVR.jpg","datePublished":"2019-04-07T07:00:43+00:00","author":{"@id":"https:\/\/www.welovecycling.com\/hu\/#\/schema\/person\/414a2aebf1801691a5320edb6468e194"},"breadcrumb":{"@id":"https:\/\/www.welovecycling.com\/hu\/kozosseg-es-kultura\/negy-kevesbe-ismert-sztori-a-kerekparos-tortenelem-kiveteles-noi-alakjairol\/#breadcrumb"},"inLanguage":"hu","potentialAction":[{"@type":"ReadAction","target":["https:\/\/www.welovecycling.com\/hu\/kozosseg-es-kultura\/negy-kevesbe-ismert-sztori-a-kerekparos-tortenelem-kiveteles-noi-alakjairol\/"]}]},{"@type":"ImageObject","inLanguage":"hu","@id":"https:\/\/www.welovecycling.com\/hu\/kozosseg-es-kultura\/negy-kevesbe-ismert-sztori-a-kerekparos-tortenelem-kiveteles-noi-alakjairol\/#primaryimage","url":"https:\/\/d2p6e6u75xmxt8.cloudfront.net\/12\/2019\/04\/Suffrage_Cycling_CVR.jpg","contentUrl":"https:\/\/d2p6e6u75xmxt8.cloudfront.net\/12\/2019\/04\/Suffrage_Cycling_CVR.jpg","width":1366,"height":600},{"@type":"BreadcrumbList","@id":"https:\/\/www.welovecycling.com\/hu\/kozosseg-es-kultura\/negy-kevesbe-ismert-sztori-a-kerekparos-tortenelem-kiveteles-noi-alakjairol\/#breadcrumb","itemListElement":[{"@type":"ListItem","position":1,"name":"Home","item":"https:\/\/www.welovecycling.com\/hu\/"},{"@type":"ListItem","position":2,"name":"N\u00e9gy kev\u00e9sb\u00e9 ismert sztori a ker\u00e9kp\u00e1ros t\u00f6rt\u00e9nelem kiv\u00e9teles n\u0151i alakjair\u00f3l"}]},{"@type":"WebSite","@id":"https:\/\/www.welovecycling.com\/hu\/#website","url":"https:\/\/www.welovecycling.com\/hu\/","name":"\u0160koda We Love Cycling - Magyarorsz\u00e1g","description":"\u0160koda WeLoveCycling","potentialAction":[{"@type":"SearchAction","target":{"@type":"EntryPoint","urlTemplate":"https:\/\/www.welovecycling.com\/hu\/?s={search_term_string}"},"query-input":{"@type":"PropertyValueSpecification","valueRequired":true,"valueName":"search_term_string"}}],"inLanguage":"hu"},{"@type":"Person","@id":"https:\/\/www.welovecycling.com\/hu\/#\/schema\/person\/414a2aebf1801691a5320edb6468e194","name":"hegyizs","image":{"@type":"ImageObject","inLanguage":"hu","@id":"https:\/\/www.welovecycling.com\/hu\/#\/schema\/person\/image\/","url":"https:\/\/secure.gravatar.com\/avatar\/02cf8a7906b8cf90cecb4679defac7cfd33a1c2e3b88e4903d947f3bb58eedd3?s=96&d=mm&r=g","contentUrl":"https:\/\/secure.gravatar.com\/avatar\/02cf8a7906b8cf90cecb4679defac7cfd33a1c2e3b88e4903d947f3bb58eedd3?s=96&d=mm&r=g","caption":"hegyizs"},"url":"https:\/\/www.welovecycling.com\/hu\/author\/hegyizs\/"}]}},"_links":{"self":[{"href":"https:\/\/www.welovecycling.com\/hu\/wp-json\/wp\/v2\/posts\/2954","targetHints":{"allow":["GET"]}}],"collection":[{"href":"https:\/\/www.welovecycling.com\/hu\/wp-json\/wp\/v2\/posts"}],"about":[{"href":"https:\/\/www.welovecycling.com\/hu\/wp-json\/wp\/v2\/types\/post"}],"author":[{"embeddable":true,"href":"https:\/\/www.welovecycling.com\/hu\/wp-json\/wp\/v2\/users\/71"}],"replies":[{"embeddable":true,"href":"https:\/\/www.welovecycling.com\/hu\/wp-json\/wp\/v2\/comments?post=2954"}],"version-history":[{"count":2,"href":"https:\/\/www.welovecycling.com\/hu\/wp-json\/wp\/v2\/posts\/2954\/revisions"}],"predecessor-version":[{"id":2961,"href":"https:\/\/www.welovecycling.com\/hu\/wp-json\/wp\/v2\/posts\/2954\/revisions\/2961"}],"wp:featuredmedia":[{"embeddable":true,"href":"https:\/\/www.welovecycling.com\/hu\/wp-json\/wp\/v2\/media\/2960"}],"wp:attachment":[{"href":"https:\/\/www.welovecycling.com\/hu\/wp-json\/wp\/v2\/media?parent=2954"}],"wp:term":[{"taxonomy":"category","embeddable":true,"href":"https:\/\/www.welovecycling.com\/hu\/wp-json\/wp\/v2\/categories?post=2954"},{"taxonomy":"post_tag","embeddable":true,"href":"https:\/\/www.welovecycling.com\/hu\/wp-json\/wp\/v2\/tags?post=2954"},{"taxonomy":"global-categories","embeddable":true,"href":"https:\/\/www.welovecycling.com\/hu\/wp-json\/wp\/v2\/global-categories?post=2954"}],"curies":[{"name":"wp","href":"https:\/\/api.w.org\/{rel}","templated":true}]}}