{"id":2948,"date":"2019-04-01T08:50:16","date_gmt":"2019-04-01T07:50:16","guid":{"rendered":"https:\/\/www.welovecycling.com\/hu\/?p=2948"},"modified":"2019-04-01T08:50:16","modified_gmt":"2019-04-01T07:50:16","slug":"hogyan-teheto-ljubljana-meg-biciklibaratabba","status":"publish","type":"post","link":"https:\/\/www.welovecycling.com\/hu\/varosi-kerekparozas\/hogyan-teheto-ljubljana-meg-biciklibaratabba\/","title":{"rendered":"Hogyan tehet\u0151 Ljubljana m\u00e9g biciklibar\u00e1tabb\u00e1?"},"content":{"rendered":"<p><strong>A <a href=\"https:\/\/bycs.org\/our-work\/bicycle-mayors\/\">BYCS<\/a> nemzetk\u00f6zi ker\u00e9kp\u00e1ros szervezet \u201eBicycle Mayors\u201d (ker\u00e9kp\u00e1ros polg\u00e1rmesterek) n\u00e9ven ind\u00edtott programot vil\u00e1gszerte. Ezen kereszt\u00fcl azokat az embereket szeretn\u00e9k \u00f6sszekapcsolni, akik saj\u00e1t v\u00e1rosuk ker\u00e9kp\u00e1rozhat\u00f3 k\u00f6rnyezet\u00e9t sz\u00edvesen tov\u00e1bbfejleszten\u00e9k. A vil\u00e1g k\u00fcl\u00f6nb\u00f6z\u0151 r\u00e9szeire kinevezett aktivist\u00e1k a k\u00f6z- \u00e9s a mag\u00e1nszf\u00e9r\u00e1val egy\u00fcttm\u0171k\u00f6dve ind\u00edtanak projekteket \u00e9s szerveznek esem\u00e9nyeket, amelyekkel a v\u00e1rosuk biciklibar\u00e1tt\u00e1 tehet\u0151. A v\u00e9gc\u00e9l az, hogy egyre t\u00f6bb embert szoktassanak \u00e1t a bring\u00e1z\u00e1sra.<\/strong><\/p>\n<p><!--more--><\/p>\n<p>Janez Stariha k\u00f6nyvt\u00e1ros, egyben egy vil\u00e1gh\u00e1bor\u00fas veter\u00e1nokat seg\u00edt\u0151 szervezet titk\u00e1ra, akit nemr\u00e9g v\u00e1lasztottak biciklis polg\u00e1rmesterr\u00e9. 2019 elej\u00e9n nevezt\u00e9k ki, \u00e9s az els\u0151 p\u00e1r hete egy\u00e1ltal\u00e1n nem telt unalmasan.<\/p>\n<figure id=\"attachment_2949\" aria-describedby=\"caption-attachment-2949\" style=\"width: 1224px\" class=\"wp-caption alignnone\"><a href=\"https:\/\/d2p6e6u75xmxt8.cloudfront.net\/12\/2019\/04\/Janez-Stariha.jpg\"><img loading=\"lazy\" decoding=\"async\" class=\"size-full wp-image-2949\" src=\"https:\/\/d2p6e6u75xmxt8.cloudfront.net\/12\/2019\/04\/Janez-Stariha.jpg\" alt=\"\" width=\"1224\" height=\"918\" srcset=\"https:\/\/d2p6e6u75xmxt8.cloudfront.net\/12\/2019\/04\/Janez-Stariha.jpg 1224w, https:\/\/d2p6e6u75xmxt8.cloudfront.net\/12\/2019\/04\/Janez-Stariha-300x225.jpg 300w, https:\/\/d2p6e6u75xmxt8.cloudfront.net\/12\/2019\/04\/Janez-Stariha-768x576.jpg 768w, https:\/\/d2p6e6u75xmxt8.cloudfront.net\/12\/2019\/04\/Janez-Stariha-1024x768.jpg 1024w\" sizes=\"auto, (max-width: 1224px) 100vw, 1224px\" \/><\/a><figcaption id=\"caption-attachment-2949\" class=\"wp-caption-text\"><em>Janez Stariha 2019 elej\u00e9n lett biciklis polg\u00e1rmester.<\/em><\/figcaption><\/figure>\n<p>Janezt a kit\u0171z\u00f6tt c\u00e9lokr\u00f3l, a Ljubljan\u00e1ra jellemz\u0151 ker\u00e9kp\u00e1roz\u00e1si trendekr\u0151l \u00e9s a v\u00e1rhat\u00f3 projektjeir\u0151l k\u00e9rdezt\u00fck. Amikor a szlov\u00e9n f\u0151v\u00e1ros f\u0151bb biciklis kezdem\u00e9nyez\u00e9seir\u0151l k\u00e9rdezt\u00fck, \u00fagy nyilatkozott Ljubljana \u201eigenis ker\u00e9kp\u00e1ros v\u00e1ros\u201d. Minden \u00e9vben n\u0151 a bring\u00e1val k\u00f6zleked\u0151k sz\u00e1ma, \u00e9s a v\u00e1rosi k\u00e9pvisel\u0151k is t\u00e1mogatj\u00e1k ezt a fejl\u0151d\u00e9si folyamatot. Az infrastrukt\u00fara j\u00f3 \u00e1llapot\u00fa, de \u00e1ll\u00e1spontja szerint a biztons\u00e1gon m\u00e9g b\u0151ven lehetne fejleszteni &#8211; t\u00f6bb szempontb\u00f3l is. Az\u00e9rt, hogy r\u00f6vidre z\u00e1rja a k\u00e9rd\u00e9st, Janez \u00fagy d\u00f6nt\u00f6tt, felveszi a kapcsolatot a v\u00e1rosi rend\u0151rs\u00e9ggel.<\/p>\n<p><strong><em>\u201eCsak \u00edrtam nekik egy e-mailt, nem sz\u00e1m\u00edtottam r\u00e1, hogy v\u00e1laszolnak is. Azt\u00e1n felh\u00edvtak, \u00e9s azt mondt\u00e1k, persze, nem gond, be tudunk ugrani hozz\u00e1d, mikor \u00e9rkezz\u00fcnk?\u201d<\/em><\/strong><\/p>\n<p>Ljubljana frissen kinevezett biciklis polg\u00e1rmestere t\u00f6bb tervet is forgat a fej\u00e9ben: ha t\u00f6bb ker\u00e9kp\u00e1ros rend\u0151r lenne, akkor a potenci\u00e1lis tolvajok k\u00e9tszer is meggondoln\u00e1k magukat. S\u0151t, a bring\u00e1sok ak\u00e1r egy\u00fctt j\u00e1r\u0151r\u00f6zhetn\u00e9nek a rend\u0151r\u00f6kkel, hogy r\u00e1ir\u00e1ny\u00edts\u00e1k a figyelmet a legprobl\u00e9m\u00e1sabb k\u00f6rny\u00e9kekre \u00e9s helysz\u00ednekre, \u00edgy seg\u00edtve \u0151ket abban, hogy a helyzetet a biciklisek n\u00e9z\u0151pontj\u00e1b\u00f3l is \u00e1tl\u00e1ss\u00e1k. S\u0151t, ide\u00e1lis esetben civil ruh\u00e1ban is j\u00e1r\u0151r\u00f6zhetn\u00e9nek.<\/p>\n<p><a href=\"https:\/\/d2p6e6u75xmxt8.cloudfront.net\/12\/2019\/04\/Ljubljana-profimedia-0412616869.jpg\"><img loading=\"lazy\" decoding=\"async\" class=\"size-full wp-image-2950\" src=\"https:\/\/d2p6e6u75xmxt8.cloudfront.net\/12\/2019\/04\/Ljubljana-profimedia-0412616869.jpg\" alt=\"\" width=\"1250\" height=\"868\" srcset=\"https:\/\/d2p6e6u75xmxt8.cloudfront.net\/12\/2019\/04\/Ljubljana-profimedia-0412616869.jpg 1250w, https:\/\/d2p6e6u75xmxt8.cloudfront.net\/12\/2019\/04\/Ljubljana-profimedia-0412616869-300x208.jpg 300w, https:\/\/d2p6e6u75xmxt8.cloudfront.net\/12\/2019\/04\/Ljubljana-profimedia-0412616869-768x533.jpg 768w, https:\/\/d2p6e6u75xmxt8.cloudfront.net\/12\/2019\/04\/Ljubljana-profimedia-0412616869-1024x711.jpg 1024w\" sizes=\"auto, (max-width: 1250px) 100vw, 1250px\" \/><\/a><\/p>\n<p>\u00c9s mivel nem csak feln\u0151ttek, de gyerekek is sokan \u00e9s sz\u00edvesen tekernek, egyes keresztez\u0151d\u00e9sek biztons\u00e1g\u00e1n akadna m\u00e9g jav\u00edtanival\u00f3. Janez terve az, hogy a k\u00f6zleked\u00e9si l\u00e1mp\u00e1kra a gyerekek \u00e1ltal is el\u00e9rhet\u0151 gombokat szereln\u00e9nek, amit megnyomva hamarabb z\u00f6ldet kaphatnak. De \u0151 is \u00fagy l\u00e1tja, hogy ez hosszabb t\u00e1von val\u00f3sulhat meg. \u00c1m minden bicikli\u00fat a nyeregre sz\u00e1ll\u00e1ssal kezd\u0151dik: valahol el kell indulni, \u00e9s \u00edgy Ljubljana lehetne a vil\u00e1g els\u0151 v\u00e1rosa, amely gyerekbiztoss\u00e1 teszi a vesz\u00e9lyes \u00e1tkel\u0151ket.<\/p>\n<p>Ljubljan\u00e1ban m\u00e1r most is sokan j\u00e1rnak ker\u00e9kp\u00e1rral munk\u00e1ba. De egy j\u00f3l c\u00e9lzott PR-kamp\u00e1ny seg\u00edts\u00e9g\u00e9vel Janez szeretn\u00e9 a v\u00e1roslak\u00f3k m\u00e9g sz\u00e9lesebb k\u00f6r\u00e9vel megismertetni, milyen el\u0151ny\u00f6ket k\u00edn\u00e1l a ker\u00e9kp\u00e1roz\u00e1s sz\u00e1mukra, hiszen a v\u00e1rosnak b\u0151ven van kapacit\u00e1sa a fogad\u00e1sukra. Ki tudja, lehet, hogy ez m\u00e1s f\u0151v\u00e1rosok k\u00e9pvisel\u0151i \u00e9s lak\u00f3i sz\u00e1m\u00e1ra szint\u00e9n inspir\u00e1ci\u00f3 lehet?<\/p>\n","protected":false},"excerpt":{"rendered":"<p>A BYCS nemzetk\u00f6zi ker\u00e9kp\u00e1ros szervezet \u201eBicycle Mayors\u201d (ker\u00e9kp\u00e1ros polg\u00e1rmesterek) n\u00e9ven ind\u00edtott programot vil\u00e1gszerte. Ezen kereszt\u00fcl azokat az embereket szeretn\u00e9k \u00f6sszekapcsolni, [&hellip;]<\/p>\n","protected":false},"author":71,"featured_media":2952,"comment_status":"open","ping_status":"open","sticky":false,"template":"","format":"standard","meta":{"footnotes":""},"categories":[9],"tags":[],"global-categories":[],"class_list":["post-2948","post","type-post","status-publish","format-standard","has-post-thumbnail","hentry","category-varosi-kerekparozas"],"yoast_head":"<!-- This site is optimized with the Yoast SEO Premium plugin v25.3 (Yoast SEO v25.9) - https:\/\/yoast.com\/wordpress\/plugins\/seo\/ -->\n<title>Hogyan tehet\u0151 Ljubljana m\u00e9g biciklibar\u00e1tabb\u00e1? - \u0160koda We Love Cycling - Magyarorsz\u00e1g<\/title>\n<meta name=\"robots\" content=\"index, follow, max-snippet:-1, max-image-preview:large, max-video-preview:-1\" \/>\n<link rel=\"canonical\" href=\"https:\/\/www.welovecycling.com\/hu\/varosi-kerekparozas\/hogyan-teheto-ljubljana-meg-biciklibaratabba\/\" \/>\n<meta property=\"og:locale\" content=\"hu_HU\" \/>\n<meta property=\"og:type\" content=\"article\" \/>\n<meta property=\"og:title\" content=\"Hogyan tehet\u0151 Ljubljana m\u00e9g biciklibar\u00e1tabb\u00e1?\" \/>\n<meta property=\"og:description\" content=\"A BYCS nemzetk\u00f6zi ker\u00e9kp\u00e1ros szervezet \u201eBicycle Mayors\u201d (ker\u00e9kp\u00e1ros polg\u00e1rmesterek) n\u00e9ven ind\u00edtott programot vil\u00e1gszerte. Ezen kereszt\u00fcl azokat az embereket szeretn\u00e9k \u00f6sszekapcsolni, [&hellip;]\" \/>\n<meta property=\"og:url\" content=\"https:\/\/www.welovecycling.com\/hu\/varosi-kerekparozas\/hogyan-teheto-ljubljana-meg-biciklibaratabba\/\" \/>\n<meta property=\"og:site_name\" content=\"\u0160koda We Love Cycling - Magyarorsz\u00e1g\" \/>\n<meta property=\"article:publisher\" content=\"https:\/\/www.facebook.com\/WeLoveCyclingHungary\/\" \/>\n<meta property=\"article:published_time\" content=\"2019-04-01T07:50:16+00:00\" \/>\n<meta property=\"og:image\" content=\"https:\/\/d2p6e6u75xmxt8.cloudfront.net\/12\/2019\/04\/ljubljana-profimedia-0297974263.jpg\" \/>\n\t<meta property=\"og:image:width\" content=\"1366\" \/>\n\t<meta property=\"og:image:height\" content=\"600\" \/>\n\t<meta property=\"og:image:type\" content=\"image\/jpeg\" \/>\n<meta name=\"author\" content=\"hegyizs\" \/>\n<meta name=\"twitter:card\" content=\"summary_large_image\" \/>\n<meta name=\"twitter:label1\" content=\"Written by\" \/>\n\t<meta name=\"twitter:data1\" content=\"Tereza Antonova\" \/>\n\t<meta name=\"twitter:label2\" content=\"Est. reading time\" \/>\n\t<meta name=\"twitter:data2\" content=\"5\" \/>\n<script type=\"application\/ld+json\" class=\"yoast-schema-graph\">{\"@context\":\"https:\/\/schema.org\",\"@graph\":[{\"@type\":\"WebPage\",\"@id\":\"https:\/\/www.welovecycling.com\/hu\/varosi-kerekparozas\/hogyan-teheto-ljubljana-meg-biciklibaratabba\/\",\"url\":\"https:\/\/www.welovecycling.com\/hu\/varosi-kerekparozas\/hogyan-teheto-ljubljana-meg-biciklibaratabba\/\",\"name\":\"Hogyan tehet\u0151 Ljubljana m\u00e9g biciklibar\u00e1tabb\u00e1? - \u0160koda We Love Cycling - Magyarorsz\u00e1g\",\"isPartOf\":{\"@id\":\"https:\/\/www.welovecycling.com\/hu\/#website\"},\"primaryImageOfPage\":{\"@id\":\"https:\/\/www.welovecycling.com\/hu\/varosi-kerekparozas\/hogyan-teheto-ljubljana-meg-biciklibaratabba\/#primaryimage\"},\"image\":{\"@id\":\"https:\/\/www.welovecycling.com\/hu\/varosi-kerekparozas\/hogyan-teheto-ljubljana-meg-biciklibaratabba\/#primaryimage\"},\"thumbnailUrl\":\"https:\/\/d2p6e6u75xmxt8.cloudfront.net\/12\/2019\/04\/ljubljana-profimedia-0297974263.jpg\",\"datePublished\":\"2019-04-01T07:50:16+00:00\",\"author\":{\"@id\":\"https:\/\/www.welovecycling.com\/hu\/#\/schema\/person\/414a2aebf1801691a5320edb6468e194\"},\"breadcrumb\":{\"@id\":\"https:\/\/www.welovecycling.com\/hu\/varosi-kerekparozas\/hogyan-teheto-ljubljana-meg-biciklibaratabba\/#breadcrumb\"},\"inLanguage\":\"hu\",\"potentialAction\":[{\"@type\":\"ReadAction\",\"target\":[\"https:\/\/www.welovecycling.com\/hu\/varosi-kerekparozas\/hogyan-teheto-ljubljana-meg-biciklibaratabba\/\"]}]},{\"@type\":\"ImageObject\",\"inLanguage\":\"hu\",\"@id\":\"https:\/\/www.welovecycling.com\/hu\/varosi-kerekparozas\/hogyan-teheto-ljubljana-meg-biciklibaratabba\/#primaryimage\",\"url\":\"https:\/\/d2p6e6u75xmxt8.cloudfront.net\/12\/2019\/04\/ljubljana-profimedia-0297974263.jpg\",\"contentUrl\":\"https:\/\/d2p6e6u75xmxt8.cloudfront.net\/12\/2019\/04\/ljubljana-profimedia-0297974263.jpg\",\"width\":1366,\"height\":600},{\"@type\":\"BreadcrumbList\",\"@id\":\"https:\/\/www.welovecycling.com\/hu\/varosi-kerekparozas\/hogyan-teheto-ljubljana-meg-biciklibaratabba\/#breadcrumb\",\"itemListElement\":[{\"@type\":\"ListItem\",\"position\":1,\"name\":\"Home\",\"item\":\"https:\/\/www.welovecycling.com\/hu\/\"},{\"@type\":\"ListItem\",\"position\":2,\"name\":\"Hogyan tehet\u0151 Ljubljana m\u00e9g biciklibar\u00e1tabb\u00e1?\"}]},{\"@type\":\"WebSite\",\"@id\":\"https:\/\/www.welovecycling.com\/hu\/#website\",\"url\":\"https:\/\/www.welovecycling.com\/hu\/\",\"name\":\"\u0160koda We Love Cycling - Magyarorsz\u00e1g\",\"description\":\"\u0160koda WeLoveCycling\",\"potentialAction\":[{\"@type\":\"SearchAction\",\"target\":{\"@type\":\"EntryPoint\",\"urlTemplate\":\"https:\/\/www.welovecycling.com\/hu\/?s={search_term_string}\"},\"query-input\":{\"@type\":\"PropertyValueSpecification\",\"valueRequired\":true,\"valueName\":\"search_term_string\"}}],\"inLanguage\":\"hu\"},{\"@type\":\"Person\",\"@id\":\"https:\/\/www.welovecycling.com\/hu\/#\/schema\/person\/414a2aebf1801691a5320edb6468e194\",\"name\":\"hegyizs\",\"image\":{\"@type\":\"ImageObject\",\"inLanguage\":\"hu\",\"@id\":\"https:\/\/www.welovecycling.com\/hu\/#\/schema\/person\/image\/\",\"url\":\"https:\/\/secure.gravatar.com\/avatar\/02cf8a7906b8cf90cecb4679defac7cfd33a1c2e3b88e4903d947f3bb58eedd3?s=96&d=mm&r=g\",\"contentUrl\":\"https:\/\/secure.gravatar.com\/avatar\/02cf8a7906b8cf90cecb4679defac7cfd33a1c2e3b88e4903d947f3bb58eedd3?s=96&d=mm&r=g\",\"caption\":\"hegyizs\"},\"url\":\"https:\/\/www.welovecycling.com\/hu\/author\/hegyizs\/\"}]}<\/script>\n<!-- \/ Yoast SEO Premium plugin. -->","yoast_head_json":{"title":"Hogyan tehet\u0151 Ljubljana m\u00e9g biciklibar\u00e1tabb\u00e1? - \u0160koda We Love Cycling - Magyarorsz\u00e1g","robots":{"index":"index","follow":"follow","max-snippet":"max-snippet:-1","max-image-preview":"max-image-preview:large","max-video-preview":"max-video-preview:-1"},"canonical":"https:\/\/www.welovecycling.com\/hu\/varosi-kerekparozas\/hogyan-teheto-ljubljana-meg-biciklibaratabba\/","og_locale":"hu_HU","og_type":"article","og_title":"Hogyan tehet\u0151 Ljubljana m\u00e9g biciklibar\u00e1tabb\u00e1?","og_description":"A BYCS nemzetk\u00f6zi ker\u00e9kp\u00e1ros szervezet \u201eBicycle Mayors\u201d (ker\u00e9kp\u00e1ros polg\u00e1rmesterek) n\u00e9ven ind\u00edtott programot vil\u00e1gszerte. Ezen kereszt\u00fcl azokat az embereket szeretn\u00e9k \u00f6sszekapcsolni, [&hellip;]","og_url":"https:\/\/www.welovecycling.com\/hu\/varosi-kerekparozas\/hogyan-teheto-ljubljana-meg-biciklibaratabba\/","og_site_name":"\u0160koda We Love Cycling - Magyarorsz\u00e1g","article_publisher":"https:\/\/www.facebook.com\/WeLoveCyclingHungary\/","article_published_time":"2019-04-01T07:50:16+00:00","og_image":[{"width":1366,"height":600,"url":"https:\/\/d2p6e6u75xmxt8.cloudfront.net\/12\/2019\/04\/ljubljana-profimedia-0297974263.jpg","type":"image\/jpeg"}],"author":"hegyizs","twitter_card":"summary_large_image","twitter_misc":{"Written by":"Tereza Antonova","Est. reading time":"5"},"schema":{"@context":"https:\/\/schema.org","@graph":[{"@type":"WebPage","@id":"https:\/\/www.welovecycling.com\/hu\/varosi-kerekparozas\/hogyan-teheto-ljubljana-meg-biciklibaratabba\/","url":"https:\/\/www.welovecycling.com\/hu\/varosi-kerekparozas\/hogyan-teheto-ljubljana-meg-biciklibaratabba\/","name":"Hogyan tehet\u0151 Ljubljana m\u00e9g biciklibar\u00e1tabb\u00e1? - \u0160koda We Love Cycling - Magyarorsz\u00e1g","isPartOf":{"@id":"https:\/\/www.welovecycling.com\/hu\/#website"},"primaryImageOfPage":{"@id":"https:\/\/www.welovecycling.com\/hu\/varosi-kerekparozas\/hogyan-teheto-ljubljana-meg-biciklibaratabba\/#primaryimage"},"image":{"@id":"https:\/\/www.welovecycling.com\/hu\/varosi-kerekparozas\/hogyan-teheto-ljubljana-meg-biciklibaratabba\/#primaryimage"},"thumbnailUrl":"https:\/\/d2p6e6u75xmxt8.cloudfront.net\/12\/2019\/04\/ljubljana-profimedia-0297974263.jpg","datePublished":"2019-04-01T07:50:16+00:00","author":{"@id":"https:\/\/www.welovecycling.com\/hu\/#\/schema\/person\/414a2aebf1801691a5320edb6468e194"},"breadcrumb":{"@id":"https:\/\/www.welovecycling.com\/hu\/varosi-kerekparozas\/hogyan-teheto-ljubljana-meg-biciklibaratabba\/#breadcrumb"},"inLanguage":"hu","potentialAction":[{"@type":"ReadAction","target":["https:\/\/www.welovecycling.com\/hu\/varosi-kerekparozas\/hogyan-teheto-ljubljana-meg-biciklibaratabba\/"]}]},{"@type":"ImageObject","inLanguage":"hu","@id":"https:\/\/www.welovecycling.com\/hu\/varosi-kerekparozas\/hogyan-teheto-ljubljana-meg-biciklibaratabba\/#primaryimage","url":"https:\/\/d2p6e6u75xmxt8.cloudfront.net\/12\/2019\/04\/ljubljana-profimedia-0297974263.jpg","contentUrl":"https:\/\/d2p6e6u75xmxt8.cloudfront.net\/12\/2019\/04\/ljubljana-profimedia-0297974263.jpg","width":1366,"height":600},{"@type":"BreadcrumbList","@id":"https:\/\/www.welovecycling.com\/hu\/varosi-kerekparozas\/hogyan-teheto-ljubljana-meg-biciklibaratabba\/#breadcrumb","itemListElement":[{"@type":"ListItem","position":1,"name":"Home","item":"https:\/\/www.welovecycling.com\/hu\/"},{"@type":"ListItem","position":2,"name":"Hogyan tehet\u0151 Ljubljana m\u00e9g biciklibar\u00e1tabb\u00e1?"}]},{"@type":"WebSite","@id":"https:\/\/www.welovecycling.com\/hu\/#website","url":"https:\/\/www.welovecycling.com\/hu\/","name":"\u0160koda We Love Cycling - Magyarorsz\u00e1g","description":"\u0160koda WeLoveCycling","potentialAction":[{"@type":"SearchAction","target":{"@type":"EntryPoint","urlTemplate":"https:\/\/www.welovecycling.com\/hu\/?s={search_term_string}"},"query-input":{"@type":"PropertyValueSpecification","valueRequired":true,"valueName":"search_term_string"}}],"inLanguage":"hu"},{"@type":"Person","@id":"https:\/\/www.welovecycling.com\/hu\/#\/schema\/person\/414a2aebf1801691a5320edb6468e194","name":"hegyizs","image":{"@type":"ImageObject","inLanguage":"hu","@id":"https:\/\/www.welovecycling.com\/hu\/#\/schema\/person\/image\/","url":"https:\/\/secure.gravatar.com\/avatar\/02cf8a7906b8cf90cecb4679defac7cfd33a1c2e3b88e4903d947f3bb58eedd3?s=96&d=mm&r=g","contentUrl":"https:\/\/secure.gravatar.com\/avatar\/02cf8a7906b8cf90cecb4679defac7cfd33a1c2e3b88e4903d947f3bb58eedd3?s=96&d=mm&r=g","caption":"hegyizs"},"url":"https:\/\/www.welovecycling.com\/hu\/author\/hegyizs\/"}]}},"_links":{"self":[{"href":"https:\/\/www.welovecycling.com\/hu\/wp-json\/wp\/v2\/posts\/2948","targetHints":{"allow":["GET"]}}],"collection":[{"href":"https:\/\/www.welovecycling.com\/hu\/wp-json\/wp\/v2\/posts"}],"about":[{"href":"https:\/\/www.welovecycling.com\/hu\/wp-json\/wp\/v2\/types\/post"}],"author":[{"embeddable":true,"href":"https:\/\/www.welovecycling.com\/hu\/wp-json\/wp\/v2\/users\/71"}],"replies":[{"embeddable":true,"href":"https:\/\/www.welovecycling.com\/hu\/wp-json\/wp\/v2\/comments?post=2948"}],"version-history":[{"count":2,"href":"https:\/\/www.welovecycling.com\/hu\/wp-json\/wp\/v2\/posts\/2948\/revisions"}],"predecessor-version":[{"id":2953,"href":"https:\/\/www.welovecycling.com\/hu\/wp-json\/wp\/v2\/posts\/2948\/revisions\/2953"}],"wp:featuredmedia":[{"embeddable":true,"href":"https:\/\/www.welovecycling.com\/hu\/wp-json\/wp\/v2\/media\/2952"}],"wp:attachment":[{"href":"https:\/\/www.welovecycling.com\/hu\/wp-json\/wp\/v2\/media?parent=2948"}],"wp:term":[{"taxonomy":"category","embeddable":true,"href":"https:\/\/www.welovecycling.com\/hu\/wp-json\/wp\/v2\/categories?post=2948"},{"taxonomy":"post_tag","embeddable":true,"href":"https:\/\/www.welovecycling.com\/hu\/wp-json\/wp\/v2\/tags?post=2948"},{"taxonomy":"global-categories","embeddable":true,"href":"https:\/\/www.welovecycling.com\/hu\/wp-json\/wp\/v2\/global-categories?post=2948"}],"curies":[{"name":"wp","href":"https:\/\/api.w.org\/{rel}","templated":true}]}}