{"id":2934,"date":"2019-03-31T06:00:17","date_gmt":"2019-03-31T05:00:17","guid":{"rendered":"https:\/\/www.welovecycling.com\/hu\/?p=2934"},"modified":"2019-03-26T15:16:35","modified_gmt":"2019-03-26T14:16:35","slug":"egy-ora-alvas-a-csucs-elott-egy-mosolygos-rekorder-tortenete","status":"publish","type":"post","link":"https:\/\/www.welovecycling.com\/hu\/adrenalin\/egy-ora-alvas-a-csucs-elott-egy-mosolygos-rekorder-tortenete\/","title":{"rendered":"Egy \u00f3ra alv\u00e1s a cs\u00facs el\u0151tt: Egy mosolyg\u00f3s rekorder t\u00f6rt\u00e9nete"},"content":{"rendered":"<p><strong>Ez a kish\u00f6lgy csak \u00fagy sug\u00e1rzik az \u00f6r\u00f6mt\u0151l, ahogy k\u00f6rbe tekeri Coventryt. A l\u00e1bai olyan gyorsan mozognak, hogy szinte egyetlen hom\u00e1lyos foltt\u00e1 olvadnak \u00f6ssze. Nincs \u0151rj\u00f6ng\u0151 t\u00f6meg, ez nem valamif\u00e9le nagy l\u00e1tv\u00e1nyoss\u00e1g. Tal\u00e1n, ha valaki elhalad mellette, integet neki. De ez ne t\u00e9vesszen meg senkit: Eileen Sheridan \u00f3ri\u00e1si gy\u0151zelem fel\u00e9 teker.<\/strong><\/p>\n<p>Az edz\u0151je Frank Southall (aki egy\u00e9bk\u00e9nt a h\u00edres Marguerite Wilsont is edzette) is ott van n\u00e9h\u00e1ny \u00f6nk\u00e9ntessel az ellen\u0151rz\u0151pontokat fel\u00fcgyelni. Az eg\u00e9sz teker\u00e9snek igazodnia kell egyetlen szab\u00e1lyhoz, amit m\u00e9g 1890-ben hoztak: minden rekordd\u00f6nt\u00e9si k\u00eds\u00e9rletnek titokban kell t\u00f6rt\u00e9nnie. B\u00e1rmilyen el\u0151zetes nyilv\u00e1noss\u00e1g tilos.<\/p>\n<p>1952-ben j\u00e1runk \u00e9s Eileen m\u00e1r nemzeti bajnok az 50 \u00e9s 100 m\u00e9rf\u00f6ldes t\u00e1vokon. Figyelme most egy m\u00e1sik c\u00e9lra \u00f6sszpontosul; rekordot d\u00f6nteni a Land\u2019s End \u00e9s London k\u00f6z\u00f6tti 287 m\u00e9rf\u00f6ldes (kb. 460 km) t\u00e1von. De ez nem j\u00f6tt \u00f6ssze. A c\u00e9lba \u00e9rve lelkes szurkol\u00f3k v\u00e1rt\u00e1k. Az ideje 16:45:47, de ezt sosem ismert\u00e9k el hivatalosan, hiszen az 1890-es szab\u00e1lyt megszegt\u00e9k. Csak tal\u00e1lgathatunk, ki sziv\u00e1rogtathatta ki az inform\u00e1ci\u00f3t, amely egyfajta szerencs\u00e9s mell\u00e9khat\u00e1sk\u00e9nt el\u00e9g nagy nyilv\u00e1noss\u00e1got hozott Eileen sz\u00e1m\u00e1ra.<\/p>\n<p><img loading=\"lazy\" decoding=\"async\" class=\"size-full wp-image-172768 loading\" src=\"https:\/\/d2p6e6u75xmxt8.cloudfront.net\/2\/2019\/03\/Eileen_Sheridan-1.jpg\" sizes=\"auto, (max-width: 1105px) 100vw, 1105px\" srcset=\"https:\/\/d2p6e6u75xmxt8.cloudfront.net\/2\/2019\/03\/Eileen_Sheridan-1.jpg 1105w, https:\/\/d2p6e6u75xmxt8.cloudfront.net\/2\/2019\/03\/Eileen_Sheridan-1-300x247.jpg 300w, https:\/\/d2p6e6u75xmxt8.cloudfront.net\/2\/2019\/03\/Eileen_Sheridan-1-768x632.jpg 768w, https:\/\/d2p6e6u75xmxt8.cloudfront.net\/2\/2019\/03\/Eileen_Sheridan-1-1024x843.jpg 1024w\" alt=\"\" width=\"1105\" height=\"910\" data-was-processed=\"true\" \/><span style=\"font-size: 10pt;\"><em>Mindig mosolyogva.<\/em><\/span><\/p>\n<p>Szerencs\u00e9re, a legnagyobb gy\u0151zelme m\u00e9g csak ezut\u00e1n k\u00f6vetkezett. Sheridan 1954-ben 870 m\u00e9rf\u00f6ldet (kb. 1400 km) tekert Land\u2019s End-t\u0151l John o\u2019Groatsig. Azt tudni kell, hogy egy meredek, dombos vid\u00e9kr\u0151l besz\u00e9l\u00fcnk, az elk\u00e9pzelhet\u0151 legrosszabb id\u0151j\u00e1r\u00e1si viszonyok k\u00f6z\u00f6tt. Eileen az els\u0151 470 m\u00e9rf\u00f6ldet meg\u00e1ll\u00e1s n\u00e9lk\u00fcl tette meg \u00e9s csak k\u00e9t, alv\u00e1s n\u00e9lk\u00fcli \u00e9jszaka ut\u00e1n engedett mag\u00e1nak pihen\u00e9st az elsz\u00e1nt h\u00f6lgy. \u00d6sszesen egy \u00f3r\u00e1nyit. Ezut\u00e1n k\u00f6vetkezett az utols\u00f3 szakasz \u00e9s a harc a kegyetlen ellensz\u00e9llel. De megcsin\u00e1lta. Majdnem 12 \u00f3r\u00e1val d\u00f6nt\u00f6tte meg az 1939-ben fel\u00e1ll\u00edtott rekordot.<\/p>\n<p><img loading=\"lazy\" decoding=\"async\" class=\"alignnone size-full wp-image-172769 loading\" src=\"https:\/\/d2p6e6u75xmxt8.cloudfront.net\/2\/2019\/03\/Eileen_Sheridan-2.jpg\" sizes=\"auto, (max-width: 1000px) 100vw, 1000px\" srcset=\"https:\/\/d2p6e6u75xmxt8.cloudfront.net\/2\/2019\/03\/Eileen_Sheridan-2.jpg 1000w, https:\/\/d2p6e6u75xmxt8.cloudfront.net\/2\/2019\/03\/Eileen_Sheridan-2-300x213.jpg 300w, https:\/\/d2p6e6u75xmxt8.cloudfront.net\/2\/2019\/03\/Eileen_Sheridan-2-768x545.jpg 768w\" alt=\"\" width=\"1000\" height=\"709\" data-was-processed=\"true\" \/><\/p>\n<p>\u00c1m a m\u00e9dia \u00e1ltal csak Mighty Atomk\u00e9nt (Joe Greenstein er\u0151m\u0171v\u00e9sz egykori beceneve) emlegetett Eileen nem volt el\u00e9gedett. Az \u0151 c\u00e9lja a folytat\u00e1s \u00e9s az 1000 m\u00e9rf\u00f6ldes rekord megd\u00f6nt\u00e9se volt. M\u00e9g p\u00e1r \u00f3ra alv\u00e1s ut\u00e1n Eileen ism\u00e9t a ped\u00e1lok k\u00f6z\u00e9 csapott. Mikor c\u00e9lba \u00e9rt, az ideje csup\u00e1n 2 \u00f3r\u00e1val maradt el a f\u00e9rfiak rekordj\u00e1t\u00f3l. \u00c9s az \u00e1r, amit er\u0151fesz\u00edt\u00e9sei\u00e9rt cser\u00e9be fizetnie kellett? A teljes kimer\u00fcl\u00e9s volt.<\/p>\n<p>Nem sokkal ezut\u00e1n Sheridan \u00fagy d\u00f6nt\u00f6tt, v\u00e9get vet rekordhajh\u00e1sz karrierj\u00e9nek. Sosem hagyta abba a bicikliz\u00e9st, de az\u00e9rt utolj\u00e1ra betartotta a z\u00e9r\u00f3 nyilv\u00e1noss\u00e1g szab\u00e1lyt. Kor\u00e1nak ker\u00e9kp\u00e1ros cs\u00facsteljes\u00edtm\u00e9ny\u00e9t m\u00e1r el\u00e9rte.<\/p>\n","protected":false},"excerpt":{"rendered":"<p>Ez a kish\u00f6lgy csak \u00fagy sug\u00e1rzik az \u00f6r\u00f6mt\u0151l, ahogy k\u00f6rbe tekeri Coventryt. A l\u00e1bai olyan gyorsan mozognak, hogy szinte egyetlen [&hellip;]<\/p>\n","protected":false},"author":71,"featured_media":2940,"comment_status":"open","ping_status":"open","sticky":false,"template":"","format":"standard","meta":{"footnotes":""},"categories":[5,8],"tags":[356,89,337],"global-categories":[],"class_list":["post-2934","post","type-post","status-publish","format-standard","has-post-thumbnail","hentry","category-adrenalin","category-orszaguti-kerekpar","tag-eileen-sheridan","tag-tortenelem","tag-vilagrekord"],"yoast_head":"<!-- This site is optimized with the Yoast SEO Premium plugin v25.3 (Yoast SEO v25.9) - https:\/\/yoast.com\/wordpress\/plugins\/seo\/ -->\n<title>Egy \u00f3ra alv\u00e1s a cs\u00facs el\u0151tt: Egy mosolyg\u00f3s rekorder t\u00f6rt\u00e9nete - \u0160koda We Love Cycling - Magyarorsz\u00e1g<\/title>\n<meta name=\"robots\" content=\"index, follow, max-snippet:-1, max-image-preview:large, max-video-preview:-1\" \/>\n<link rel=\"canonical\" href=\"https:\/\/www.welovecycling.com\/hu\/adrenalin\/egy-ora-alvas-a-csucs-elott-egy-mosolygos-rekorder-tortenete\/\" \/>\n<meta property=\"og:locale\" content=\"hu_HU\" \/>\n<meta property=\"og:type\" content=\"article\" \/>\n<meta property=\"og:title\" content=\"Egy \u00f3ra alv\u00e1s a cs\u00facs el\u0151tt: Egy mosolyg\u00f3s rekorder t\u00f6rt\u00e9nete\" \/>\n<meta property=\"og:description\" content=\"Ez a kish\u00f6lgy csak \u00fagy sug\u00e1rzik az \u00f6r\u00f6mt\u0151l, ahogy k\u00f6rbe tekeri Coventryt. A l\u00e1bai olyan gyorsan mozognak, hogy szinte egyetlen [&hellip;]\" \/>\n<meta property=\"og:url\" content=\"https:\/\/www.welovecycling.com\/hu\/adrenalin\/egy-ora-alvas-a-csucs-elott-egy-mosolygos-rekorder-tortenete\/\" \/>\n<meta property=\"og:site_name\" content=\"\u0160koda We Love Cycling - Magyarorsz\u00e1g\" \/>\n<meta property=\"article:publisher\" content=\"https:\/\/www.facebook.com\/WeLoveCyclingHungary\/\" \/>\n<meta property=\"article:published_time\" content=\"2019-03-31T05:00:17+00:00\" \/>\n<meta property=\"og:image\" content=\"https:\/\/d2p6e6u75xmxt8.cloudfront.net\/12\/2019\/03\/Eileen-Sheridan-CVR-1-1024x450.jpg\" \/>\n\t<meta property=\"og:image:width\" content=\"1024\" \/>\n\t<meta property=\"og:image:height\" content=\"450\" \/>\n\t<meta property=\"og:image:type\" content=\"image\/jpeg\" \/>\n<meta name=\"author\" content=\"hegyizs\" \/>\n<meta name=\"twitter:card\" content=\"summary_large_image\" \/>\n<meta name=\"twitter:label1\" content=\"Written by\" \/>\n\t<meta name=\"twitter:data1\" content=\"hegyizs\" \/>\n\t<meta name=\"twitter:label2\" content=\"Est. reading time\" \/>\n\t<meta name=\"twitter:data2\" content=\"3 minutes\" \/>\n<script type=\"application\/ld+json\" class=\"yoast-schema-graph\">{\"@context\":\"https:\/\/schema.org\",\"@graph\":[{\"@type\":\"WebPage\",\"@id\":\"https:\/\/www.welovecycling.com\/hu\/adrenalin\/egy-ora-alvas-a-csucs-elott-egy-mosolygos-rekorder-tortenete\/\",\"url\":\"https:\/\/www.welovecycling.com\/hu\/adrenalin\/egy-ora-alvas-a-csucs-elott-egy-mosolygos-rekorder-tortenete\/\",\"name\":\"Egy \u00f3ra alv\u00e1s a cs\u00facs el\u0151tt: Egy mosolyg\u00f3s rekorder t\u00f6rt\u00e9nete - \u0160koda We Love Cycling - Magyarorsz\u00e1g\",\"isPartOf\":{\"@id\":\"https:\/\/www.welovecycling.com\/hu\/#website\"},\"primaryImageOfPage\":{\"@id\":\"https:\/\/www.welovecycling.com\/hu\/adrenalin\/egy-ora-alvas-a-csucs-elott-egy-mosolygos-rekorder-tortenete\/#primaryimage\"},\"image\":{\"@id\":\"https:\/\/www.welovecycling.com\/hu\/adrenalin\/egy-ora-alvas-a-csucs-elott-egy-mosolygos-rekorder-tortenete\/#primaryimage\"},\"thumbnailUrl\":\"https:\/\/d2p6e6u75xmxt8.cloudfront.net\/12\/2019\/03\/Eileen-Sheridan-CVR-1-1024x450.jpg\",\"datePublished\":\"2019-03-31T05:00:17+00:00\",\"author\":{\"@id\":\"https:\/\/www.welovecycling.com\/hu\/#\/schema\/person\/414a2aebf1801691a5320edb6468e194\"},\"breadcrumb\":{\"@id\":\"https:\/\/www.welovecycling.com\/hu\/adrenalin\/egy-ora-alvas-a-csucs-elott-egy-mosolygos-rekorder-tortenete\/#breadcrumb\"},\"inLanguage\":\"hu\",\"potentialAction\":[{\"@type\":\"ReadAction\",\"target\":[\"https:\/\/www.welovecycling.com\/hu\/adrenalin\/egy-ora-alvas-a-csucs-elott-egy-mosolygos-rekorder-tortenete\/\"]}]},{\"@type\":\"ImageObject\",\"inLanguage\":\"hu\",\"@id\":\"https:\/\/www.welovecycling.com\/hu\/adrenalin\/egy-ora-alvas-a-csucs-elott-egy-mosolygos-rekorder-tortenete\/#primaryimage\",\"url\":\"https:\/\/d2p6e6u75xmxt8.cloudfront.net\/12\/2019\/03\/Eileen-Sheridan-CVR-1-1024x450.jpg\",\"contentUrl\":\"https:\/\/d2p6e6u75xmxt8.cloudfront.net\/12\/2019\/03\/Eileen-Sheridan-CVR-1-1024x450.jpg\",\"width\":1024,\"height\":450},{\"@type\":\"BreadcrumbList\",\"@id\":\"https:\/\/www.welovecycling.com\/hu\/adrenalin\/egy-ora-alvas-a-csucs-elott-egy-mosolygos-rekorder-tortenete\/#breadcrumb\",\"itemListElement\":[{\"@type\":\"ListItem\",\"position\":1,\"name\":\"Home\",\"item\":\"https:\/\/www.welovecycling.com\/hu\/\"},{\"@type\":\"ListItem\",\"position\":2,\"name\":\"Egy \u00f3ra alv\u00e1s a cs\u00facs el\u0151tt: Egy mosolyg\u00f3s rekorder t\u00f6rt\u00e9nete\"}]},{\"@type\":\"WebSite\",\"@id\":\"https:\/\/www.welovecycling.com\/hu\/#website\",\"url\":\"https:\/\/www.welovecycling.com\/hu\/\",\"name\":\"\u0160koda We Love Cycling - Magyarorsz\u00e1g\",\"description\":\"\u0160koda WeLoveCycling\",\"potentialAction\":[{\"@type\":\"SearchAction\",\"target\":{\"@type\":\"EntryPoint\",\"urlTemplate\":\"https:\/\/www.welovecycling.com\/hu\/?s={search_term_string}\"},\"query-input\":{\"@type\":\"PropertyValueSpecification\",\"valueRequired\":true,\"valueName\":\"search_term_string\"}}],\"inLanguage\":\"hu\"},{\"@type\":\"Person\",\"@id\":\"https:\/\/www.welovecycling.com\/hu\/#\/schema\/person\/414a2aebf1801691a5320edb6468e194\",\"name\":\"hegyizs\",\"image\":{\"@type\":\"ImageObject\",\"inLanguage\":\"hu\",\"@id\":\"https:\/\/www.welovecycling.com\/hu\/#\/schema\/person\/image\/\",\"url\":\"https:\/\/secure.gravatar.com\/avatar\/02cf8a7906b8cf90cecb4679defac7cfd33a1c2e3b88e4903d947f3bb58eedd3?s=96&d=mm&r=g\",\"contentUrl\":\"https:\/\/secure.gravatar.com\/avatar\/02cf8a7906b8cf90cecb4679defac7cfd33a1c2e3b88e4903d947f3bb58eedd3?s=96&d=mm&r=g\",\"caption\":\"hegyizs\"},\"url\":\"https:\/\/www.welovecycling.com\/hu\/author\/hegyizs\/\"}]}<\/script>\n<!-- \/ Yoast SEO Premium plugin. -->","yoast_head_json":{"title":"Egy \u00f3ra alv\u00e1s a cs\u00facs el\u0151tt: Egy mosolyg\u00f3s rekorder t\u00f6rt\u00e9nete - \u0160koda We Love Cycling - Magyarorsz\u00e1g","robots":{"index":"index","follow":"follow","max-snippet":"max-snippet:-1","max-image-preview":"max-image-preview:large","max-video-preview":"max-video-preview:-1"},"canonical":"https:\/\/www.welovecycling.com\/hu\/adrenalin\/egy-ora-alvas-a-csucs-elott-egy-mosolygos-rekorder-tortenete\/","og_locale":"hu_HU","og_type":"article","og_title":"Egy \u00f3ra alv\u00e1s a cs\u00facs el\u0151tt: Egy mosolyg\u00f3s rekorder t\u00f6rt\u00e9nete","og_description":"Ez a kish\u00f6lgy csak \u00fagy sug\u00e1rzik az \u00f6r\u00f6mt\u0151l, ahogy k\u00f6rbe tekeri Coventryt. A l\u00e1bai olyan gyorsan mozognak, hogy szinte egyetlen [&hellip;]","og_url":"https:\/\/www.welovecycling.com\/hu\/adrenalin\/egy-ora-alvas-a-csucs-elott-egy-mosolygos-rekorder-tortenete\/","og_site_name":"\u0160koda We Love Cycling - Magyarorsz\u00e1g","article_publisher":"https:\/\/www.facebook.com\/WeLoveCyclingHungary\/","article_published_time":"2019-03-31T05:00:17+00:00","og_image":[{"width":1024,"height":450,"url":"https:\/\/d2p6e6u75xmxt8.cloudfront.net\/12\/2019\/03\/Eileen-Sheridan-CVR-1-1024x450.jpg","type":"image\/jpeg"}],"author":"hegyizs","twitter_card":"summary_large_image","twitter_misc":{"Written by":"hegyizs","Est. reading time":"3 minutes"},"schema":{"@context":"https:\/\/schema.org","@graph":[{"@type":"WebPage","@id":"https:\/\/www.welovecycling.com\/hu\/adrenalin\/egy-ora-alvas-a-csucs-elott-egy-mosolygos-rekorder-tortenete\/","url":"https:\/\/www.welovecycling.com\/hu\/adrenalin\/egy-ora-alvas-a-csucs-elott-egy-mosolygos-rekorder-tortenete\/","name":"Egy \u00f3ra alv\u00e1s a cs\u00facs el\u0151tt: Egy mosolyg\u00f3s rekorder t\u00f6rt\u00e9nete - \u0160koda We Love Cycling - Magyarorsz\u00e1g","isPartOf":{"@id":"https:\/\/www.welovecycling.com\/hu\/#website"},"primaryImageOfPage":{"@id":"https:\/\/www.welovecycling.com\/hu\/adrenalin\/egy-ora-alvas-a-csucs-elott-egy-mosolygos-rekorder-tortenete\/#primaryimage"},"image":{"@id":"https:\/\/www.welovecycling.com\/hu\/adrenalin\/egy-ora-alvas-a-csucs-elott-egy-mosolygos-rekorder-tortenete\/#primaryimage"},"thumbnailUrl":"https:\/\/d2p6e6u75xmxt8.cloudfront.net\/12\/2019\/03\/Eileen-Sheridan-CVR-1-1024x450.jpg","datePublished":"2019-03-31T05:00:17+00:00","author":{"@id":"https:\/\/www.welovecycling.com\/hu\/#\/schema\/person\/414a2aebf1801691a5320edb6468e194"},"breadcrumb":{"@id":"https:\/\/www.welovecycling.com\/hu\/adrenalin\/egy-ora-alvas-a-csucs-elott-egy-mosolygos-rekorder-tortenete\/#breadcrumb"},"inLanguage":"hu","potentialAction":[{"@type":"ReadAction","target":["https:\/\/www.welovecycling.com\/hu\/adrenalin\/egy-ora-alvas-a-csucs-elott-egy-mosolygos-rekorder-tortenete\/"]}]},{"@type":"ImageObject","inLanguage":"hu","@id":"https:\/\/www.welovecycling.com\/hu\/adrenalin\/egy-ora-alvas-a-csucs-elott-egy-mosolygos-rekorder-tortenete\/#primaryimage","url":"https:\/\/d2p6e6u75xmxt8.cloudfront.net\/12\/2019\/03\/Eileen-Sheridan-CVR-1-1024x450.jpg","contentUrl":"https:\/\/d2p6e6u75xmxt8.cloudfront.net\/12\/2019\/03\/Eileen-Sheridan-CVR-1-1024x450.jpg","width":1024,"height":450},{"@type":"BreadcrumbList","@id":"https:\/\/www.welovecycling.com\/hu\/adrenalin\/egy-ora-alvas-a-csucs-elott-egy-mosolygos-rekorder-tortenete\/#breadcrumb","itemListElement":[{"@type":"ListItem","position":1,"name":"Home","item":"https:\/\/www.welovecycling.com\/hu\/"},{"@type":"ListItem","position":2,"name":"Egy \u00f3ra alv\u00e1s a cs\u00facs el\u0151tt: Egy mosolyg\u00f3s rekorder t\u00f6rt\u00e9nete"}]},{"@type":"WebSite","@id":"https:\/\/www.welovecycling.com\/hu\/#website","url":"https:\/\/www.welovecycling.com\/hu\/","name":"\u0160koda We Love Cycling - Magyarorsz\u00e1g","description":"\u0160koda WeLoveCycling","potentialAction":[{"@type":"SearchAction","target":{"@type":"EntryPoint","urlTemplate":"https:\/\/www.welovecycling.com\/hu\/?s={search_term_string}"},"query-input":{"@type":"PropertyValueSpecification","valueRequired":true,"valueName":"search_term_string"}}],"inLanguage":"hu"},{"@type":"Person","@id":"https:\/\/www.welovecycling.com\/hu\/#\/schema\/person\/414a2aebf1801691a5320edb6468e194","name":"hegyizs","image":{"@type":"ImageObject","inLanguage":"hu","@id":"https:\/\/www.welovecycling.com\/hu\/#\/schema\/person\/image\/","url":"https:\/\/secure.gravatar.com\/avatar\/02cf8a7906b8cf90cecb4679defac7cfd33a1c2e3b88e4903d947f3bb58eedd3?s=96&d=mm&r=g","contentUrl":"https:\/\/secure.gravatar.com\/avatar\/02cf8a7906b8cf90cecb4679defac7cfd33a1c2e3b88e4903d947f3bb58eedd3?s=96&d=mm&r=g","caption":"hegyizs"},"url":"https:\/\/www.welovecycling.com\/hu\/author\/hegyizs\/"}]}},"_links":{"self":[{"href":"https:\/\/www.welovecycling.com\/hu\/wp-json\/wp\/v2\/posts\/2934","targetHints":{"allow":["GET"]}}],"collection":[{"href":"https:\/\/www.welovecycling.com\/hu\/wp-json\/wp\/v2\/posts"}],"about":[{"href":"https:\/\/www.welovecycling.com\/hu\/wp-json\/wp\/v2\/types\/post"}],"author":[{"embeddable":true,"href":"https:\/\/www.welovecycling.com\/hu\/wp-json\/wp\/v2\/users\/71"}],"replies":[{"embeddable":true,"href":"https:\/\/www.welovecycling.com\/hu\/wp-json\/wp\/v2\/comments?post=2934"}],"version-history":[{"count":2,"href":"https:\/\/www.welovecycling.com\/hu\/wp-json\/wp\/v2\/posts\/2934\/revisions"}],"predecessor-version":[{"id":2941,"href":"https:\/\/www.welovecycling.com\/hu\/wp-json\/wp\/v2\/posts\/2934\/revisions\/2941"}],"wp:featuredmedia":[{"embeddable":true,"href":"https:\/\/www.welovecycling.com\/hu\/wp-json\/wp\/v2\/media\/2940"}],"wp:attachment":[{"href":"https:\/\/www.welovecycling.com\/hu\/wp-json\/wp\/v2\/media?parent=2934"}],"wp:term":[{"taxonomy":"category","embeddable":true,"href":"https:\/\/www.welovecycling.com\/hu\/wp-json\/wp\/v2\/categories?post=2934"},{"taxonomy":"post_tag","embeddable":true,"href":"https:\/\/www.welovecycling.com\/hu\/wp-json\/wp\/v2\/tags?post=2934"},{"taxonomy":"global-categories","embeddable":true,"href":"https:\/\/www.welovecycling.com\/hu\/wp-json\/wp\/v2\/global-categories?post=2934"}],"curies":[{"name":"wp","href":"https:\/\/api.w.org\/{rel}","templated":true}]}}