{"id":2932,"date":"2019-03-29T09:00:03","date_gmt":"2019-03-29T08:00:03","guid":{"rendered":"https:\/\/www.welovecycling.com\/hu\/?p=2932"},"modified":"2019-03-26T15:37:45","modified_gmt":"2019-03-26T14:37:45","slug":"ujrahasznositas-kerekparon-legyunk-kegyesek-foldanyahoz","status":"publish","type":"post","link":"https:\/\/www.welovecycling.com\/hu\/kozosseg-es-kultura\/ujrahasznositas-kerekparon-legyunk-kegyesek-foldanyahoz\/","title":{"rendered":"\u00dajrahasznos\u00edt\u00e1s ker\u00e9kp\u00e1ron: Legy\u00fcnk kegyesek F\u00f6ldany\u00e1hoz"},"content":{"rendered":"<p><strong>A bicikliz\u00e9s \u00f6nmag\u00e1ban fenntarthat\u00f3 dolog \u2013 nem okoz l\u00e9gszennyez\u00e9st, zajt \u00e9s rengeteg teret megsp\u00f3rol a v\u00e1rosi k\u00f6rnyezetben. De mi van, ha enn\u00e9l t\u00f6bbet akarsz? A bolyg\u00f3nk m\u00e1r igencsak s\u00falyosan megfizetett gondtalan lak\u00f3i\u00e9rt, sz\u00f3val tal\u00e1n itt lenne az id\u0151 a bring\u00e1z\u00e1st m\u00e9g k\u00f6rnyezetbar\u00e1tabb szintre emelni.<\/strong><\/p>\n<h2>Egy fenntarthat\u00f3 bringa<\/h2>\n<p>Egy teljes m\u00e9rt\u00e9kben fenntarthat\u00f3nak nevezhet\u0151 bringa beszerz\u00e9se m\u00e9g nem lehets\u00e9ges. Azonban van r\u00e1 lehet\u0151s\u00e9g, hogy valami hasonl\u00f3hoz jussunk. El\u0151sz\u00f6r is, ha nem j\u00e1rsz rendszeresen biciklivel, \u00e9s ha a lakhelyeden lehet\u0151s\u00e9ged van r\u00e1, megfontolhatod egy ker\u00e9kp\u00e1rmegoszt\u00f3 rendszer haszn\u00e1lat\u00e1t. Saj\u00e1t bringa v\u00e1s\u00e1rl\u00e1sakor, ha fenntarthat\u00f3s\u00e1gra t\u00f6rekszel, akkor az els\u0151 dolog ami eszedbe jut, hogy melyik r\u00e9sze mib\u0151l k\u00e9sz\u00fcl, \u00e9s ezeknek az anyagoknak mekkora az \u00f6kol\u00f3giai l\u00e1bnyoma. Az alum\u00edniumot tartj\u00e1k az egyik <a href=\"https:\/\/www.theguardian.com\/sustainable-business\/sustainable-fashion-blog\/cyclists-sustainable-ethical-cycling-gear-helmets-saddle\">legk\u00f6rnyezetk\u00e1ros\u00edt\u00f3bb m\u00f3don<\/a> el\u0151\u00e1ll\u00edthat\u00f3 anyagnak, ami arra enged k\u00f6vetkeztetni, hogy a megold\u00e1s az ac\u00e9l lesz.<\/p>\n<lite-youtube videoid=8YHH-Iq-0ac params=\"enablejsapi=1\" style=\"background-image: url('https:\/\/i.ytimg.com\/vi_webp\/8YHH-Iq-0ac\/maxresdefault.webp');\"><\/lite-youtube>\n<p>Ugyanakkor nem sok konkr\u00e9t adat \u00e1ll rendelkez\u00e9sre a bicikligy\u00e1rt\u00e1sra sz\u00e1nt f\u00e9m- \u00e9s alum\u00edniumgy\u00e1rt\u00e1s k\u00f6rnyezetre gyakorolt hat\u00e1s\u00e1r\u00f3l. Itt teh\u00e1t kicsit a s\u00f6t\u00e9tben tapogat\u00f3zunk. Amit viszont mindenk\u00e9pp megtehet\u00fcnk, az az, hogy odafigyel\u00fcnk a tart\u00f3ss\u00e1gra. Egy massz\u00edv v\u00e1z m\u00e1r j\u00f3 alap lehet, hogy legal\u00e1bb egy kicsivel z\u00f6ldebben \u00e1lljunk a ker\u00e9kp\u00e1roz\u00e1shoz, hiszen tart\u00f3sabb, teh\u00e1t nem kell majd \u00fajat v\u00e1s\u00e1rolnod. Azt is fontos kiemelni, hogy egy megfelel\u0151en \u00f6sszerakott, haszn\u00e1lt bringa tov\u00e1bb kitart mint egy olcs\u00f3n v\u00e1s\u00e1rolt \u00faj darab. Ha megtal\u00e1lod a hozz\u00e1d legk\u00f6zelebbi bark\u00e1csm\u0171helyt \u00e9s ez\u00e1ltal szerzel egy hossz\u00fat\u00e1vra sz\u00f3l\u00f3, szint\u00e9n fenntarthat\u00f3 bring\u00e1z\u00e1sra t\u00f6rekv\u0151 partnert, m\u00e1ris teszel valamit F\u00f6ldany\u00e1nk terheinek cs\u00f6kkent\u00e9s\u00e9\u00e9rt.<\/p>\n<p>Ha val\u00f3di alternat\u00edv\u00e1t keresel, v\u00e1laszthatsz bambusz bring\u00e1t is. Azt ak\u00e1r saj\u00e1t magad is <a href=\"https:\/\/www.bamboobicycleclub.org\/\">\u00f6ssze tudod rakni<\/a>.<\/p>\n<h2>Hogyan lehet a felszerel\u00e9sed is z\u00f6ld?<\/h2>\n<p>Szerezz be magadnak egy \u00fajrafelhaszn\u00e1lhat\u00f3 palackot. Kutakodj fair trade \u00e9s <a href=\"https:\/\/www.welovecycling.com\/wide\/2017\/07\/25\/go-greener-five-ethical-sportswear-brands\/\">etikus sportruh\u00e1zati m\u00e1rk\u00e1k<\/a> ut\u00e1n. Nem csak a F\u00f6ldet mented meg vele, hanem \u00e1ltaluk a lak\u00f3it is t\u00e1mogatod. Ha m\u00e9g enn\u00e9l is t\u00f6bbre v\u00e1gysz, v\u00e1lassz olyan m\u00e1rk\u00e1kat, amelyek olyan anyagokat hasznos\u00edtanak \u00fajra, mint p\u00e9ld\u00e1ul a <a href=\"http:\/\/www.grnsportswear.com\/\">h\u00e1trahagyott hal\u00e1szh\u00e1l\u00f3k<\/a>.<\/p>\n<p>Ha m\u00e1r itt tartunk, a biztons\u00e1god is lehet z\u00f6ld. Az ember nem vesz olyan gyakran biciklis sisakot, de mivel ez nem \u00fajrahasznos\u00edthat\u00f3 term\u00e9k, \u00e9rdemes kicsit \u00e1tgondolni a megv\u00e1s\u00e1rl\u00e1s\u00e1t. Lehetett hallani eszmefuttat\u00e1sokat f\u00e1b\u00f3l k\u00e9sz\u00fclt, biol\u00f3giailag leboml\u00f3 sisakokr\u00f3l, de jelenleg a piac nem hemzseg t\u0151l\u00fck. Viszont olyan ker\u00e9kp\u00e1ros sisakokat tal\u00e1lhatsz, amelyek \u00fajrahasznos\u00edtott m\u0171anyag poharakb\u00f3l k\u00e9sz\u00fclnek.<\/p>\n<p><img loading=\"lazy\" decoding=\"async\" class=\"size-full wp-image-172706 loading\" src=\"https:\/\/d2p6e6u75xmxt8.cloudfront.net\/2\/2019\/03\/foldable-helmet.jpg\" sizes=\"auto, (max-width: 640px) 100vw, 640px\" srcset=\"https:\/\/d2p6e6u75xmxt8.cloudfront.net\/2\/2019\/03\/foldable-helmet.jpg 640w, https:\/\/d2p6e6u75xmxt8.cloudfront.net\/2\/2019\/03\/foldable-helmet-150x150.jpg 150w, https:\/\/d2p6e6u75xmxt8.cloudfront.net\/2\/2019\/03\/foldable-helmet-300x300.jpg 300w\" alt=\"\" width=\"640\" height=\"640\" data-was-processed=\"true\" \/><span style=\"font-size: 10pt;\"><em>\u00dajrahasznos\u00edtott poharakb\u00f3l k\u00e9sz\u00fcl\u0151 \u00f6sszehajtogathat\u00f3 sisak.<\/em><\/span><\/p>\n<p>Bolyg\u00f3nk megszabad\u00edt\u00e1sa az \u00e1ltalunk el\u0151id\u00e9zett k\u00e1oszt\u00f3l mindenk\u00e9pp a mi feladataink k\u00f6z\u00e9 tartozik. Ha lehet\u0151s\u00e9ged van r\u00e1, eltekerhetn\u00e9l a tengerpartra \u00e9s \u00f6nk\u00e9ntesk\u00e9nt r\u00e9szt vehetn\u00e9l az \u00f3ce\u00e1n megtiszt\u00edt\u00e1s\u00e1ban. A h\u00fasfogyaszt\u00e1s cs\u00f6kkent\u00e9s\u00e9t vagy \u2013 legide\u00e1lisabb esetben \u2013 teljes elhagy\u00e1s\u00e1t is a z\u00f6ld \u00e9letforma r\u00e9sz\u00e9nek tartj\u00e1k.<\/p>\n<p>A szemetel\u00e9s megakad\u00e1lyoz\u00e1sa is k\u00f6vetend\u0151 p\u00e9lda \u2013 nem az\u00e9rt, hogy any\u00e1skodjunk, de meglep\u0151, hogy mennyien nem tartj\u00e1k ezt fontosnak. Neked eszedbe jutott m\u00e9g m\u00e1s is, amit szerinted \u00e9rdemes lenne a t\u00e9m\u00e1ban megeml\u00edten\u00fcnk? \u00cdrd meg hozz\u00e1sz\u00f3l\u00e1sban, szerinted hogyan lehet\u00fcnk m\u00e9g fenntarthat\u00f3bbak!<\/p>\n<p>RUH\u00c1ZAT: Howies, Girlfriend Collective, GRN, Picture Organic Clothing<\/p>\n<p>FELSZEREL\u00c9S: Urge, LID Helmets, Kleankanteen<\/p>\n","protected":false},"excerpt":{"rendered":"<p>A bicikliz\u00e9s \u00f6nmag\u00e1ban fenntarthat\u00f3 dolog \u2013 nem okoz l\u00e9gszennyez\u00e9st, zajt \u00e9s rengeteg teret megsp\u00f3rol a v\u00e1rosi k\u00f6rnyezetben. De mi van, [&hellip;]<\/p>\n","protected":false},"author":71,"featured_media":2943,"comment_status":"open","ping_status":"open","sticky":false,"template":"","format":"standard","meta":{"footnotes":""},"categories":[12],"tags":[171,357],"global-categories":[],"class_list":["post-2932","post","type-post","status-publish","format-standard","has-post-thumbnail","hentry","category-kozosseg-es-kultura","tag-kornyezettudatossag","tag-ujrahasznositas"],"yoast_head":"<!-- This site is optimized with the Yoast SEO Premium plugin v25.3 (Yoast SEO v25.9) - https:\/\/yoast.com\/wordpress\/plugins\/seo\/ -->\n<title>\u00dajrahasznos\u00edt\u00e1s ker\u00e9kp\u00e1ron: Legy\u00fcnk kegyesek F\u00f6ldany\u00e1hoz - \u0160koda We Love Cycling - Magyarorsz\u00e1g<\/title>\n<meta name=\"robots\" content=\"index, follow, max-snippet:-1, max-image-preview:large, max-video-preview:-1\" \/>\n<link rel=\"canonical\" href=\"https:\/\/www.welovecycling.com\/hu\/kozosseg-es-kultura\/ujrahasznositas-kerekparon-legyunk-kegyesek-foldanyahoz\/\" \/>\n<meta property=\"og:locale\" content=\"hu_HU\" \/>\n<meta property=\"og:type\" content=\"article\" \/>\n<meta property=\"og:title\" content=\"\u00dajrahasznos\u00edt\u00e1s ker\u00e9kp\u00e1ron: Legy\u00fcnk kegyesek F\u00f6ldany\u00e1hoz\" \/>\n<meta property=\"og:description\" content=\"A bicikliz\u00e9s \u00f6nmag\u00e1ban fenntarthat\u00f3 dolog \u2013 nem okoz l\u00e9gszennyez\u00e9st, zajt \u00e9s rengeteg teret megsp\u00f3rol a v\u00e1rosi k\u00f6rnyezetben. De mi van, [&hellip;]\" \/>\n<meta property=\"og:url\" content=\"https:\/\/www.welovecycling.com\/hu\/kozosseg-es-kultura\/ujrahasznositas-kerekparon-legyunk-kegyesek-foldanyahoz\/\" \/>\n<meta property=\"og:site_name\" content=\"\u0160koda We Love Cycling - Magyarorsz\u00e1g\" \/>\n<meta property=\"article:publisher\" content=\"https:\/\/www.facebook.com\/WeLoveCyclingHungary\/\" \/>\n<meta property=\"article:published_time\" content=\"2019-03-29T08:00:03+00:00\" \/>\n<meta property=\"og:image\" content=\"https:\/\/d2p6e6u75xmxt8.cloudfront.net\/12\/2019\/03\/Outdoor-cycling-pexels-CVR-1-1024x450.jpg\" \/>\n\t<meta property=\"og:image:width\" content=\"1024\" \/>\n\t<meta property=\"og:image:height\" content=\"450\" \/>\n\t<meta property=\"og:image:type\" content=\"image\/jpeg\" \/>\n<meta name=\"author\" content=\"hegyizs\" \/>\n<meta name=\"twitter:card\" content=\"summary_large_image\" \/>\n<meta name=\"twitter:label1\" content=\"Written by\" \/>\n\t<meta name=\"twitter:data1\" content=\"hegyizs\" \/>\n\t<meta name=\"twitter:label2\" content=\"Est. reading time\" \/>\n\t<meta name=\"twitter:data2\" content=\"3 minutes\" \/>\n<script type=\"application\/ld+json\" class=\"yoast-schema-graph\">{\"@context\":\"https:\/\/schema.org\",\"@graph\":[{\"@type\":\"WebPage\",\"@id\":\"https:\/\/www.welovecycling.com\/hu\/kozosseg-es-kultura\/ujrahasznositas-kerekparon-legyunk-kegyesek-foldanyahoz\/\",\"url\":\"https:\/\/www.welovecycling.com\/hu\/kozosseg-es-kultura\/ujrahasznositas-kerekparon-legyunk-kegyesek-foldanyahoz\/\",\"name\":\"\u00dajrahasznos\u00edt\u00e1s ker\u00e9kp\u00e1ron: Legy\u00fcnk kegyesek F\u00f6ldany\u00e1hoz - \u0160koda We Love Cycling - Magyarorsz\u00e1g\",\"isPartOf\":{\"@id\":\"https:\/\/www.welovecycling.com\/hu\/#website\"},\"primaryImageOfPage\":{\"@id\":\"https:\/\/www.welovecycling.com\/hu\/kozosseg-es-kultura\/ujrahasznositas-kerekparon-legyunk-kegyesek-foldanyahoz\/#primaryimage\"},\"image\":{\"@id\":\"https:\/\/www.welovecycling.com\/hu\/kozosseg-es-kultura\/ujrahasznositas-kerekparon-legyunk-kegyesek-foldanyahoz\/#primaryimage\"},\"thumbnailUrl\":\"https:\/\/d2p6e6u75xmxt8.cloudfront.net\/12\/2019\/03\/Outdoor-cycling-pexels-CVR-1-1024x450.jpg\",\"datePublished\":\"2019-03-29T08:00:03+00:00\",\"author\":{\"@id\":\"https:\/\/www.welovecycling.com\/hu\/#\/schema\/person\/414a2aebf1801691a5320edb6468e194\"},\"breadcrumb\":{\"@id\":\"https:\/\/www.welovecycling.com\/hu\/kozosseg-es-kultura\/ujrahasznositas-kerekparon-legyunk-kegyesek-foldanyahoz\/#breadcrumb\"},\"inLanguage\":\"hu\",\"potentialAction\":[{\"@type\":\"ReadAction\",\"target\":[\"https:\/\/www.welovecycling.com\/hu\/kozosseg-es-kultura\/ujrahasznositas-kerekparon-legyunk-kegyesek-foldanyahoz\/\"]}]},{\"@type\":\"ImageObject\",\"inLanguage\":\"hu\",\"@id\":\"https:\/\/www.welovecycling.com\/hu\/kozosseg-es-kultura\/ujrahasznositas-kerekparon-legyunk-kegyesek-foldanyahoz\/#primaryimage\",\"url\":\"https:\/\/d2p6e6u75xmxt8.cloudfront.net\/12\/2019\/03\/Outdoor-cycling-pexels-CVR-1-1024x450.jpg\",\"contentUrl\":\"https:\/\/d2p6e6u75xmxt8.cloudfront.net\/12\/2019\/03\/Outdoor-cycling-pexels-CVR-1-1024x450.jpg\",\"width\":1024,\"height\":450},{\"@type\":\"BreadcrumbList\",\"@id\":\"https:\/\/www.welovecycling.com\/hu\/kozosseg-es-kultura\/ujrahasznositas-kerekparon-legyunk-kegyesek-foldanyahoz\/#breadcrumb\",\"itemListElement\":[{\"@type\":\"ListItem\",\"position\":1,\"name\":\"Home\",\"item\":\"https:\/\/www.welovecycling.com\/hu\/\"},{\"@type\":\"ListItem\",\"position\":2,\"name\":\"\u00dajrahasznos\u00edt\u00e1s ker\u00e9kp\u00e1ron: Legy\u00fcnk kegyesek F\u00f6ldany\u00e1hoz\"}]},{\"@type\":\"WebSite\",\"@id\":\"https:\/\/www.welovecycling.com\/hu\/#website\",\"url\":\"https:\/\/www.welovecycling.com\/hu\/\",\"name\":\"\u0160koda We Love Cycling - Magyarorsz\u00e1g\",\"description\":\"\u0160koda WeLoveCycling\",\"potentialAction\":[{\"@type\":\"SearchAction\",\"target\":{\"@type\":\"EntryPoint\",\"urlTemplate\":\"https:\/\/www.welovecycling.com\/hu\/?s={search_term_string}\"},\"query-input\":{\"@type\":\"PropertyValueSpecification\",\"valueRequired\":true,\"valueName\":\"search_term_string\"}}],\"inLanguage\":\"hu\"},{\"@type\":\"Person\",\"@id\":\"https:\/\/www.welovecycling.com\/hu\/#\/schema\/person\/414a2aebf1801691a5320edb6468e194\",\"name\":\"hegyizs\",\"image\":{\"@type\":\"ImageObject\",\"inLanguage\":\"hu\",\"@id\":\"https:\/\/www.welovecycling.com\/hu\/#\/schema\/person\/image\/\",\"url\":\"https:\/\/secure.gravatar.com\/avatar\/02cf8a7906b8cf90cecb4679defac7cfd33a1c2e3b88e4903d947f3bb58eedd3?s=96&d=mm&r=g\",\"contentUrl\":\"https:\/\/secure.gravatar.com\/avatar\/02cf8a7906b8cf90cecb4679defac7cfd33a1c2e3b88e4903d947f3bb58eedd3?s=96&d=mm&r=g\",\"caption\":\"hegyizs\"},\"url\":\"https:\/\/www.welovecycling.com\/hu\/author\/hegyizs\/\"}]}<\/script>\n<!-- \/ Yoast SEO Premium plugin. -->","yoast_head_json":{"title":"\u00dajrahasznos\u00edt\u00e1s ker\u00e9kp\u00e1ron: Legy\u00fcnk kegyesek F\u00f6ldany\u00e1hoz - \u0160koda We Love Cycling - Magyarorsz\u00e1g","robots":{"index":"index","follow":"follow","max-snippet":"max-snippet:-1","max-image-preview":"max-image-preview:large","max-video-preview":"max-video-preview:-1"},"canonical":"https:\/\/www.welovecycling.com\/hu\/kozosseg-es-kultura\/ujrahasznositas-kerekparon-legyunk-kegyesek-foldanyahoz\/","og_locale":"hu_HU","og_type":"article","og_title":"\u00dajrahasznos\u00edt\u00e1s ker\u00e9kp\u00e1ron: Legy\u00fcnk kegyesek F\u00f6ldany\u00e1hoz","og_description":"A bicikliz\u00e9s \u00f6nmag\u00e1ban fenntarthat\u00f3 dolog \u2013 nem okoz l\u00e9gszennyez\u00e9st, zajt \u00e9s rengeteg teret megsp\u00f3rol a v\u00e1rosi k\u00f6rnyezetben. De mi van, [&hellip;]","og_url":"https:\/\/www.welovecycling.com\/hu\/kozosseg-es-kultura\/ujrahasznositas-kerekparon-legyunk-kegyesek-foldanyahoz\/","og_site_name":"\u0160koda We Love Cycling - Magyarorsz\u00e1g","article_publisher":"https:\/\/www.facebook.com\/WeLoveCyclingHungary\/","article_published_time":"2019-03-29T08:00:03+00:00","og_image":[{"width":1024,"height":450,"url":"https:\/\/d2p6e6u75xmxt8.cloudfront.net\/12\/2019\/03\/Outdoor-cycling-pexels-CVR-1-1024x450.jpg","type":"image\/jpeg"}],"author":"hegyizs","twitter_card":"summary_large_image","twitter_misc":{"Written by":"hegyizs","Est. reading time":"3 minutes"},"schema":{"@context":"https:\/\/schema.org","@graph":[{"@type":"WebPage","@id":"https:\/\/www.welovecycling.com\/hu\/kozosseg-es-kultura\/ujrahasznositas-kerekparon-legyunk-kegyesek-foldanyahoz\/","url":"https:\/\/www.welovecycling.com\/hu\/kozosseg-es-kultura\/ujrahasznositas-kerekparon-legyunk-kegyesek-foldanyahoz\/","name":"\u00dajrahasznos\u00edt\u00e1s ker\u00e9kp\u00e1ron: Legy\u00fcnk kegyesek F\u00f6ldany\u00e1hoz - \u0160koda We Love Cycling - Magyarorsz\u00e1g","isPartOf":{"@id":"https:\/\/www.welovecycling.com\/hu\/#website"},"primaryImageOfPage":{"@id":"https:\/\/www.welovecycling.com\/hu\/kozosseg-es-kultura\/ujrahasznositas-kerekparon-legyunk-kegyesek-foldanyahoz\/#primaryimage"},"image":{"@id":"https:\/\/www.welovecycling.com\/hu\/kozosseg-es-kultura\/ujrahasznositas-kerekparon-legyunk-kegyesek-foldanyahoz\/#primaryimage"},"thumbnailUrl":"https:\/\/d2p6e6u75xmxt8.cloudfront.net\/12\/2019\/03\/Outdoor-cycling-pexels-CVR-1-1024x450.jpg","datePublished":"2019-03-29T08:00:03+00:00","author":{"@id":"https:\/\/www.welovecycling.com\/hu\/#\/schema\/person\/414a2aebf1801691a5320edb6468e194"},"breadcrumb":{"@id":"https:\/\/www.welovecycling.com\/hu\/kozosseg-es-kultura\/ujrahasznositas-kerekparon-legyunk-kegyesek-foldanyahoz\/#breadcrumb"},"inLanguage":"hu","potentialAction":[{"@type":"ReadAction","target":["https:\/\/www.welovecycling.com\/hu\/kozosseg-es-kultura\/ujrahasznositas-kerekparon-legyunk-kegyesek-foldanyahoz\/"]}]},{"@type":"ImageObject","inLanguage":"hu","@id":"https:\/\/www.welovecycling.com\/hu\/kozosseg-es-kultura\/ujrahasznositas-kerekparon-legyunk-kegyesek-foldanyahoz\/#primaryimage","url":"https:\/\/d2p6e6u75xmxt8.cloudfront.net\/12\/2019\/03\/Outdoor-cycling-pexels-CVR-1-1024x450.jpg","contentUrl":"https:\/\/d2p6e6u75xmxt8.cloudfront.net\/12\/2019\/03\/Outdoor-cycling-pexels-CVR-1-1024x450.jpg","width":1024,"height":450},{"@type":"BreadcrumbList","@id":"https:\/\/www.welovecycling.com\/hu\/kozosseg-es-kultura\/ujrahasznositas-kerekparon-legyunk-kegyesek-foldanyahoz\/#breadcrumb","itemListElement":[{"@type":"ListItem","position":1,"name":"Home","item":"https:\/\/www.welovecycling.com\/hu\/"},{"@type":"ListItem","position":2,"name":"\u00dajrahasznos\u00edt\u00e1s ker\u00e9kp\u00e1ron: Legy\u00fcnk kegyesek F\u00f6ldany\u00e1hoz"}]},{"@type":"WebSite","@id":"https:\/\/www.welovecycling.com\/hu\/#website","url":"https:\/\/www.welovecycling.com\/hu\/","name":"\u0160koda We Love Cycling - Magyarorsz\u00e1g","description":"\u0160koda WeLoveCycling","potentialAction":[{"@type":"SearchAction","target":{"@type":"EntryPoint","urlTemplate":"https:\/\/www.welovecycling.com\/hu\/?s={search_term_string}"},"query-input":{"@type":"PropertyValueSpecification","valueRequired":true,"valueName":"search_term_string"}}],"inLanguage":"hu"},{"@type":"Person","@id":"https:\/\/www.welovecycling.com\/hu\/#\/schema\/person\/414a2aebf1801691a5320edb6468e194","name":"hegyizs","image":{"@type":"ImageObject","inLanguage":"hu","@id":"https:\/\/www.welovecycling.com\/hu\/#\/schema\/person\/image\/","url":"https:\/\/secure.gravatar.com\/avatar\/02cf8a7906b8cf90cecb4679defac7cfd33a1c2e3b88e4903d947f3bb58eedd3?s=96&d=mm&r=g","contentUrl":"https:\/\/secure.gravatar.com\/avatar\/02cf8a7906b8cf90cecb4679defac7cfd33a1c2e3b88e4903d947f3bb58eedd3?s=96&d=mm&r=g","caption":"hegyizs"},"url":"https:\/\/www.welovecycling.com\/hu\/author\/hegyizs\/"}]}},"_links":{"self":[{"href":"https:\/\/www.welovecycling.com\/hu\/wp-json\/wp\/v2\/posts\/2932","targetHints":{"allow":["GET"]}}],"collection":[{"href":"https:\/\/www.welovecycling.com\/hu\/wp-json\/wp\/v2\/posts"}],"about":[{"href":"https:\/\/www.welovecycling.com\/hu\/wp-json\/wp\/v2\/types\/post"}],"author":[{"embeddable":true,"href":"https:\/\/www.welovecycling.com\/hu\/wp-json\/wp\/v2\/users\/71"}],"replies":[{"embeddable":true,"href":"https:\/\/www.welovecycling.com\/hu\/wp-json\/wp\/v2\/comments?post=2932"}],"version-history":[{"count":2,"href":"https:\/\/www.welovecycling.com\/hu\/wp-json\/wp\/v2\/posts\/2932\/revisions"}],"predecessor-version":[{"id":2944,"href":"https:\/\/www.welovecycling.com\/hu\/wp-json\/wp\/v2\/posts\/2932\/revisions\/2944"}],"wp:featuredmedia":[{"embeddable":true,"href":"https:\/\/www.welovecycling.com\/hu\/wp-json\/wp\/v2\/media\/2943"}],"wp:attachment":[{"href":"https:\/\/www.welovecycling.com\/hu\/wp-json\/wp\/v2\/media?parent=2932"}],"wp:term":[{"taxonomy":"category","embeddable":true,"href":"https:\/\/www.welovecycling.com\/hu\/wp-json\/wp\/v2\/categories?post=2932"},{"taxonomy":"post_tag","embeddable":true,"href":"https:\/\/www.welovecycling.com\/hu\/wp-json\/wp\/v2\/tags?post=2932"},{"taxonomy":"global-categories","embeddable":true,"href":"https:\/\/www.welovecycling.com\/hu\/wp-json\/wp\/v2\/global-categories?post=2932"}],"curies":[{"name":"wp","href":"https:\/\/api.w.org\/{rel}","templated":true}]}}