{"id":2930,"date":"2019-03-26T09:00:27","date_gmt":"2019-03-26T08:00:27","guid":{"rendered":"https:\/\/www.welovecycling.com\/hu\/?p=2930"},"modified":"2019-03-26T16:33:59","modified_gmt":"2019-03-26T15:33:59","slug":"nem-azert-allok-a-rajthoz-hogy-masodik-harmadik-legyek-interju-lovassy-krisztiannal","status":"publish","type":"post","link":"https:\/\/www.welovecycling.com\/hu\/blog\/nem-azert-allok-a-rajthoz-hogy-masodik-harmadik-legyek-interju-lovassy-krisztiannal\/","title":{"rendered":"Nem az\u00e9rt \u00e1llok a rajthoz, hogy m\u00e1sodik, harmadik legyek \u2013 interj\u00fa Lovassy Kriszti\u00e1nnal"},"content":{"rendered":"<p><strong>Ha \u0151szint\u00e9k akarunk lenni, a p\u00e1lyaker\u00e9kp\u00e1r infrastrukt\u00fara hi\u00e1ny\u00e1ban egy \u00e9rdemtelen\u00fcl sors\u00e1ra hagyott sport\u00e1g Magyarorsz\u00e1gon, de az ut\u00f3bbi id\u0151ben m\u00e9gis hallhattunk sz\u00e9p sikerekr\u0151l ebb\u0151l a szak\u00e1gb\u00f3l. Lovassy Kriszti\u00e1n berlini ez\u00fcstj\u00e9vel sportt\u00f6rt\u00e9nelmet \u00edrt, m\u00e9gha a helysz\u00ednen nem is \u00f6r\u00fclt ennek az eredm\u00e9nynek. <\/strong><strong>A Hong-Kong-i vil\u00e1gkup\u00e1n is az els\u0151 t\u00edzben v\u00e9gzett, b\u00e1r ez nem a b\u00edr\u00f3k j\u00f3indulat\u00e1n m\u00falott. Az ut\u00e1np\u00f3tl\u00e1s lehet\u0151s\u00e9g\u00e9vel kapcsolatosan vannak k\u00e9ts\u00e9gei, a j\u00f6v\u0151t tekintve az\u00e9rt valamelyest bizakod\u00f3.<\/strong><\/p>\n<p><strong>T\u00edz\u00e9vesen kezdt\u00e9l versenyezni. Mi motiv\u00e1lt arra, hogy ebbe a szak\u00e1gba kezdj bele?<\/strong><\/p>\n<p>Cs\u00f6m\u00f6r\u00f6n n\u0151ttem fel, mondhatjuk falunak, de igaz\u00e1b\u00f3l nagyk\u00f6zs\u00e9g Budapest mellett. Gyerekkorban itt a gyerekek 90%-a biciklivel megy mindenhova, ez\u00e9rt ez nekem is adott volt. Egyszer rendeztek egy tehets\u00e9gkutat\u00f3t a Cs\u00f6m\u00f6ri Sportnapok keretein bel\u00fcl, amin a koroszt\u00e1lyomat megnyertem, \u00e9s Valter Tibor (aki szervezte mag\u00e1t a tehets\u00e9gkutat\u00f3t \u00e9s akkor m\u00e9g akt\u00edv, r\u00e1ad\u00e1sul el\u00e9g j\u00f3 versenyz\u0151 volt itthon) k\u00e9rdezte meg, hogy esetleg lenne-e kedvem ezt komolyabban csin\u00e1lni. \u0150 ir\u00e1ny\u00edtott Hazai Gyuri b\u00e1csihoz a KSI-be. Innen kezd\u0151d\u00f6tt, \u00e9s az\u00f3ta is t\u00f6rtlen\u00fcl nyomom ezt az eg\u00e9szet.<\/p>\n<p><strong>Ut\u00f3bbir\u00f3l a h\u00edrekben is rendre \u00e9rtes\u00fcl\u00fcnk. Biztosan j\u00f3 okod van r\u00e1, hogy az\u00f3ta sem hagytad abba&#8230;<\/strong><\/p>\n<p>Az\u00e9rt voltak hull\u00e1mv\u00f6lgyeim nekem is, de vannak nagyon pozit\u00edv r\u00e9szei, mert szinte az eg\u00e9sz vil\u00e1got beutaztam a ker\u00e9kp\u00e1rnak k\u00f6sz\u00f6nhet\u0151en, szinte az \u00f6sszes orsz\u00e1gban j\u00e1rtam m\u00e1r. Szeretek ker\u00e9kp\u00e1rozni, kikapcsol. Ebben n\u0151ttem fel, el sem tudn\u00e1m k\u00e9pzelni ker\u00e9kp\u00e1r n\u00e9lk\u00fcl az \u00e9letem.<\/p>\n<p><a href=\"https:\/\/d2p6e6u75xmxt8.cloudfront.net\/12\/2019\/03\/DSC_7806.jpg\"><img loading=\"lazy\" decoding=\"async\" class=\"aligncenter size-full wp-image-2885\" src=\"https:\/\/d2p6e6u75xmxt8.cloudfront.net\/12\/2019\/03\/DSC_7806.jpg\" alt=\"\" width=\"1618\" height=\"1080\" srcset=\"https:\/\/d2p6e6u75xmxt8.cloudfront.net\/12\/2019\/03\/DSC_7806.jpg 1618w, https:\/\/d2p6e6u75xmxt8.cloudfront.net\/12\/2019\/03\/DSC_7806-300x200.jpg 300w, https:\/\/d2p6e6u75xmxt8.cloudfront.net\/12\/2019\/03\/DSC_7806-768x513.jpg 768w, https:\/\/d2p6e6u75xmxt8.cloudfront.net\/12\/2019\/03\/DSC_7806-1024x684.jpg 1024w, https:\/\/d2p6e6u75xmxt8.cloudfront.net\/12\/2019\/03\/DSC_7806-272x182.jpg 272w\" sizes=\"auto, (max-width: 1618px) 100vw, 1618px\" \/><\/a><\/p>\n<p><strong>De m\u00e9gis, mi a legk\u00fcl\u00f6nlegesebb \u00e9lm\u00e9nyed, ami a sport\u00e1ghoz kapcsol\u00f3dik?<\/strong><\/p>\n<p>Ami nagyon meghat\u00e1roz\u00f3 volt, az tal\u00e1n 2009-ben az els\u0151 UCI kateg\u00f3ri\u00e1s gy\u0151zelmem. Ugye volt egy nagyon komoly hull\u00e1mv\u00f6lgyem, ott abba is hagytam a ker\u00e9kp\u00e1roz\u00e1st egy b\u0151 f\u00e9l \u00e9vre, s\u0151t, majdnem egy \u00e9vre. Akkor a semmib\u0151l, mikor szinte m\u00e1r \u00fagy volt, hogy teljesen abbahagyom a ker\u00e9kp\u00e1roz\u00e1st, kaptam egy aj\u00e1nlatot a Stub\u00e1n Ferit\u0151l (<em>Akkor a magyar orsz\u00e1g\u00fati ker\u00e9kp\u00e1ros v\u00e1logatott kapit\u00e1nya. A szerk.),<\/em> hogy felszabadult egy hely a csapat\u00e1ban a k\u00f6vetkez\u0151 (2009-es) \u00e9vre. 4 h\u00f3nappal k\u00e9s\u0151bb meg is nyertem az els\u0151 versenyemet, \u00e9s akkor el\u00e9gg\u00e9 berobbantam a ker\u00e9kp\u00e1rsportba. M\u00e1r abban az \u00e9vben a 4. legeredm\u00e9nyesebb elit ker\u00e9kp\u00e1ros voltam, \u00fagy, hogy akkor m\u00e9g ugye U23-as voltam.<\/p>\n<p><strong>K\u00e9t \u00e9ve Berlinben nagyot ment\u00e9l. Az ez\u00fcst\u00e9rem megszerz\u00e9se milyen \u00e9rz\u00e9seket keltett benned? <\/strong><\/p>\n<p>Ink\u00e1bb negat\u00edvat mint pozit\u00edvat. Mindenki azt mondta, hogy pr\u00f3b\u00e1ljam meg \u00fagy felfogni, hogy igaz\u00e1b\u00f3l nyertem egy ez\u00fcst\u00f6t \u00e9s ez egy \u00f3ri\u00e1si dolog, de amikor t\u00e9nyleg sz\u00f3 szerint egy karny\u00fajt\u00e1snyira van az arany\u00e9rem, akkor az\u00e9rt\u2026 az\u00e9rt m\u00e9gis csal\u00f3d\u00e1s. Meg h\u00e1t ugye nem az\u00e9rt \u00e1llok a rajthoz, hogy m\u00e1sodik, harmadik legyek, hanem az\u00e9rt, hogy nyerjek. Igaz\u00e1b\u00f3l eg\u00e9sz \u00e9letem folyam\u00e1n ez volt a legnagyobb versenyem, ahol t\u00e9nyleg egy \u00f3ri\u00e1si eredm\u00e9nyt \u00e9rhettem volna el azzal, hogyha eur\u00f3pabajnok leszek. Ut\u00f3lag belegondolva ez a m\u00e1sodik hely is j\u00f3, meg ahogy telik az id\u0151, az\u00e9rt megsz\u00e9p\u00fcl, de m\u00e9g mindig ott van bennem, hogy nyerhettem volna.<\/p>\n<p><a href=\"https:\/\/d2p6e6u75xmxt8.cloudfront.net\/12\/2019\/03\/DSC_8063.jpg\"><img loading=\"lazy\" decoding=\"async\" class=\"aligncenter size-full wp-image-2894\" src=\"https:\/\/d2p6e6u75xmxt8.cloudfront.net\/12\/2019\/03\/DSC_8063.jpg\" alt=\"\" width=\"1618\" height=\"1080\" srcset=\"https:\/\/d2p6e6u75xmxt8.cloudfront.net\/12\/2019\/03\/DSC_8063.jpg 1618w, https:\/\/d2p6e6u75xmxt8.cloudfront.net\/12\/2019\/03\/DSC_8063-300x200.jpg 300w, https:\/\/d2p6e6u75xmxt8.cloudfront.net\/12\/2019\/03\/DSC_8063-768x513.jpg 768w, https:\/\/d2p6e6u75xmxt8.cloudfront.net\/12\/2019\/03\/DSC_8063-1024x684.jpg 1024w, https:\/\/d2p6e6u75xmxt8.cloudfront.net\/12\/2019\/03\/DSC_8063-272x182.jpg 272w\" sizes=\"auto, (max-width: 1618px) 100vw, 1618px\" \/><\/a><\/p>\n<p><strong>Viszont azt olvastuk, hogy tavaly \u00e9v elej\u00e9n sportt\u00f6rt\u00e9nelmi eredm\u00e9nyt \u00e9rt\u00e9l el: els\u0151 magyar bring\u00e1sk\u00e9nt nyert\u00e9l Scratch \u00f6sszetettben. Mes\u00e9ln\u00e9l nek\u00fcnk err\u0151l?<\/strong><\/p>\n<p>H\u00e1t szerintem ez nem t\u00f6rt\u00e9nt meg am\u00fagy\u2026 \ud83d\ude00 Ez egy fals inform\u00e1ci\u00f3 volt. Nem tudom, h\u00e1nyadik lettem, a vil\u00e1granglist\u00e1n voltam nagyon sok\u00e1ig az els\u0151 3-ban, amit ugyancsak mondhatn\u00e1nk sportt\u00f6rt\u00e9nelmi pillanatnak. Az\u00e9rt ilyen sem volt m\u00e9g, hogy pontversenyben az \u00f6t\u00f6dik helyen voltam, Scratch-ben pedig a harmadik helyen el\u00e9g sok\u00e1ig, de sportt\u00f6rt\u00e9nelmi val\u00f3j\u00e1ban maga az ez\u00fcst\u00f6m volt az EB-r\u0151l. Ugye els\u0151k\u00e9nt \u00e1lltam dobog\u00f3n nemzeti sz\u00ednekben p\u00e1lyaker\u00e9kp\u00e1rban f\u00e9rfiakn\u00e1l.<\/p>\n<p><strong>De az ugye igaz, hogy a Hong-Kong-i vil\u00e1gkup\u00e1n top10-es eredm\u00e9nyt \u00e9rt\u00e9l el Scratchben? Milyen \u00e9rz\u00e9s volt az azt megel\u0151z\u0151 Omnium sz\u00e1m ut\u00e1n csup\u00e1n f\u00e9l \u00f3ra pihen\u0151vel tekerni?<\/strong><\/p>\n<p>Scratch-en igaz\u00e1b\u00f3l pap\u00edron kilencedik, de val\u00f3j\u00e1ban hatodik lettem, csak sajnos a b\u00edr\u00f3k nem voltak a helyzet magaslat\u00e1n \u00e9s t\u00f6bb \u00f3r\u00e1s vitatkoz\u00e1s alakult ki. Nem csak r\u00e9sz\u00fcnkr\u0151l, mert egy\u00e9bk\u00e9nt a verseny gy\u0151ztese sem az lett, aki val\u00f3j\u00e1ban nyerte a versenyt. A b\u00edr\u00f3k 2 \u00f3ra ut\u00e1n azt mondt\u00e1k, hogy j\u00f3, akkor \u0151k most kiadj\u00e1k ezt az eredm\u00e9nylist\u00e1t \u00e9s ez marad. Ezen a list\u00e1n \u00e9n kilencedik voltam \u00e9s egy olyan versenyz\u0151 volt el\u0151ttem, akinek k\u00f6rh\u00e1tr\u00e1nya volt velem szemben a verseny v\u00e9g\u00e9n, m\u00e9gis \u0151t \u00edrt\u00e1k ki nyolcadikk\u00e9nt. Sz\u00f3val mondhatn\u00e1nk, hogy a legjobb vil\u00e1gkupa eredm\u00e9nyemet \u00e9rtem el egy hatodik hellyel, de am\u00fagy nem, mert pap\u00edron csak kilencedik lettem\u2026<\/p>\n<p><a href=\"https:\/\/d2p6e6u75xmxt8.cloudfront.net\/12\/2019\/03\/DSC_7814.jpg\"><img loading=\"lazy\" decoding=\"async\" class=\"aligncenter size-full wp-image-2886\" src=\"https:\/\/d2p6e6u75xmxt8.cloudfront.net\/12\/2019\/03\/DSC_7814.jpg\" alt=\"\" width=\"1618\" height=\"1080\" srcset=\"https:\/\/d2p6e6u75xmxt8.cloudfront.net\/12\/2019\/03\/DSC_7814.jpg 1618w, https:\/\/d2p6e6u75xmxt8.cloudfront.net\/12\/2019\/03\/DSC_7814-300x200.jpg 300w, https:\/\/d2p6e6u75xmxt8.cloudfront.net\/12\/2019\/03\/DSC_7814-768x513.jpg 768w, https:\/\/d2p6e6u75xmxt8.cloudfront.net\/12\/2019\/03\/DSC_7814-1024x684.jpg 1024w, https:\/\/d2p6e6u75xmxt8.cloudfront.net\/12\/2019\/03\/DSC_7814-272x182.jpg 272w\" sizes=\"auto, (max-width: 1618px) 100vw, 1618px\" \/><\/a><\/p>\n<p>Az Omnium az mindig sokkal stresszesebb, ott mindig sokkal nagyobb a nyom\u00e1s, mert ugye az az olimpiai sz\u00e1m, ott kell nagyon helyt\u00e1llni, \u00e9s ott kell a legt\u00f6bb pontot, illetve legjobb eredm\u00e9nyeket kihozni magunkb\u00f3l.<\/p>\n<p>A Scratch az meg mindig ilyen r\u00e1vezet\u0151 verseny, mert az Omnium el\u0151tti napokban szokott lenni \u00e9s azon \u00e1ltal\u00e1ban el szoktam indulni, csak az\u00e9rt, hogy bemelegedjek a k\u00f6vetkez\u0151 napokra, \u00e9s ott mindenf\u00e9le teher n\u00e9lk\u00fcl versenyzek. Scratch-en ugye ez\u00e9rt lett egy EB ez\u00fcst\u00f6m is, mert nem stresszeltem t\u00fal.<\/p>\n<p>Mondhatjuk, hogy ki voltam mer\u00fclve, ugyanakkor az biztos, hogy be voltam melegedve, mert reggel 11 \u00f3ta a ker\u00e9kp\u00e1ron \u00fcltem \u00e9s a Scratch az meg csak este 9-kor volt. Igaz\u00e1b\u00f3l szerencs\u00e9sen j\u00f6tt ki, j\u00f3l \u00e9reztem magamat, nagyr\u00e9szt friss emberekkel mentem, akiknek t\u00e9nyleg a Scratch a f\u0151 sz\u00e1muk, \u00fagyhogy \u0151k kicsit stresszesebben versenyeztek \u00e9n meg csak \u201dlaz\u00e1n elker\u00e9kp\u00e1rozgattam\u201d. Figyeltem a megfelel\u0151 t\u00e1mad\u00e1sokra, a v\u00e9g\u00e9n indultam, \u00e9s ebb\u0151l lett egy j\u00f3 eredm\u00e9ny.<\/p>\n<p>H\u00e1t igen, ennyit sz\u00e1m\u00edt az, hogy az ember r\u00e1 van stresszelve valamire, vagy csak szabadon tud versenyezni.<\/p>\n<p><strong>Az aut\u00f3sport t\u00f6rt\u00e9net\u00e9ben is volt m\u00e9g valaki, akinek legend\u00e1sak voltak a t\u00e1mad\u00e1sai. A \u201eSumi\u201d becenevet honnan kaptad? Csak a sportt\u00e1rsak h\u00edvnak \u00edgy?<\/strong><\/p>\n<p>Gyerekkoromban kaptam a sportt\u00e1rsakt\u00f3l, mikor elkezdtem p\u00e1lyaker\u00e9kp\u00e1rozni. Nagy Forma1 \u00e9s f\u0151leg Schumacher rajong\u00f3 voltam gyerekkoromt\u00f3l kezdve. Schumacher is nagyon szeretett es\u0151ben versenyezni, ezzel \u00e9n is \u00edgy voltam. Im\u00e1dtam \u00e9s im\u00e1dom most is az ilyen sz\u00e9ls\u0151s\u00e9ges id\u0151j\u00e1r\u00e1si k\u00f6r\u00fclm\u00e9nyeket, amikor mondjuk 5 fok van \u00e9s szakad\u00f3 es\u0151. \u00c9n akkor \u00e9lem ki magam igaz\u00e1n. Sz\u00f3val ez \u00edgy r\u00e1mragadt 12 \u00e9ves korom k\u00f6rny\u00e9k\u00e9n. Egyre kevesebben sz\u00f3l\u00edtanak \u00edgy egy\u00e9bk\u00e9nt, mert akik elneveztek, azok nagyr\u00e9szt m\u00e1r nincsenek a ker\u00e9kp\u00e1rsportban.<\/p>\n<p><strong>Te viszont maradt\u00e1l, \u00e9s az olimpiai r\u00e9szv\u00e9telt meg is \u00f6r\u00f6k\u00edtetted magadon az \u00f6tkarika form\u00e1j\u00e1ban. Ez mikor k\u00e9sz\u00fclt?<\/strong><\/p>\n<p>Az Olimpia ut\u00e1n volt, mert ugye megszereztem a londoni Olimpi\u00e1ra a kv\u00f3t\u00e1t orsz\u00e1g\u00faton 2011-ben, de nem akartam elkiab\u00e1lni \u00e9s el\u0151re megcsin\u00e1ltatni a tetov\u00e1l\u00e1st, \u00fagyhogy ez az olimpia ut\u00e1n t\u00f6rt\u00e9nt meg. Biztos, ami biztos megv\u00e1rtam, m\u00edg ott leszek a rajtn\u00e1l. \ud83d\ude42<\/p>\n<p><a href=\"https:\/\/d2p6e6u75xmxt8.cloudfront.net\/12\/2019\/03\/DSC_0354.jpg\"><img loading=\"lazy\" decoding=\"async\" class=\"aligncenter size-full wp-image-2881\" src=\"https:\/\/d2p6e6u75xmxt8.cloudfront.net\/12\/2019\/03\/DSC_0354.jpg\" alt=\"\" width=\"1623\" height=\"1080\" srcset=\"https:\/\/d2p6e6u75xmxt8.cloudfront.net\/12\/2019\/03\/DSC_0354.jpg 1623w, https:\/\/d2p6e6u75xmxt8.cloudfront.net\/12\/2019\/03\/DSC_0354-300x200.jpg 300w, https:\/\/d2p6e6u75xmxt8.cloudfront.net\/12\/2019\/03\/DSC_0354-768x511.jpg 768w, https:\/\/d2p6e6u75xmxt8.cloudfront.net\/12\/2019\/03\/DSC_0354-1024x681.jpg 1024w, https:\/\/d2p6e6u75xmxt8.cloudfront.net\/12\/2019\/03\/DSC_0354-272x182.jpg 272w\" sizes=\"auto, (max-width: 1623px) 100vw, 1623px\" \/><\/a><\/p>\n<p><strong>Amikor pedig nem a rajtn\u00e1l \u00e1llsz, mivel foglalkozol a legsz\u00edvesebben?<\/strong><\/p>\n<p>Igaz\u00e1b\u00f3l a ker\u00e9kp\u00e1ron k\u00edv\u00fcl nem sok mindenre van id\u0151m. Vagy utazok (el\u00e9g sokat), vagy versenyzek, vagy edzek. Ami kikapcsol az az, ha a feles\u00e9gemmel meg a kuty\u00e1immal lehetek, de egy\u00e9bk\u00e9nt f\u0151zni is szeretek.<\/p>\n<p><strong>Azoknak mit javasoln\u00e1l, akik mindezek ellen\u00e9re vagy \u00e9ppen ez\u00e9rt p\u00e1lyaker\u00e9kp\u00e1roz\u00e1sra adn\u00e1k a fej\u00fcket? Egy\u00e1ltal\u00e1n szerinted ki az, aki alkalmas erre a sportra?<\/strong><\/p>\n<p>A p\u00e1lyaker\u00e9kp\u00e1roz\u00e1shoz rengeteg \u00e1ll\u00f3k\u00e9pess\u00e9gi munka kell orsz\u00e1g\u00faton. Az lesz sikeres p\u00e1lyaker\u00e9kp\u00e1ros, aki nagyon sokat dolgozik orsz\u00e1g\u00faton is, \u00e9s megvan a kell\u0151 gyorsas\u00e1ga hozz\u00e1, mindemellett pedig j\u00f3 versenyz\u0151.<\/p>\n<p>Kicsit bajban vagyok, mert persze javaslom a p\u00e1lyaker\u00e9kp\u00e1rt, csak az\u00e9rt itthon el\u00e9g szomor\u00fa sorsa van. Az infrastrukt\u00fara el\u00e9g hi\u00e1nyos (mondhatjuk, hogy nincs). Van a Millen\u00e1rison a stadion mellett egy p\u00e1lya, de az sajnos olyan \u00e1llapotban van, hogy szinte \u00e9letvesz\u00e9lyes rajta ker\u00e9kp\u00e1rozni, r\u00e1ad\u00e1sul nyitott is.<br \/>\nSokat hallunk arr\u00f3l, hogy tervben van Magyarorsz\u00e1gon egy fedett fap\u00e1lya \u00e9p\u00edt\u00e9se, ami val\u00f3sz\u00edn\u0171leg rohamosan fellend\u00edti majd ezt a jelenlegi helyzetet, ahol most vagyunk. Rem\u00e9lhet\u0151leg megn\u0151 majd a p\u00e1lyaker\u00e9kp\u00e1rosok sz\u00e1ma, fiatalok\u00e9 \u00e9s id\u0151sebbek\u00e9 egyar\u00e1nt, ha lesz v\u00e9gre egy fap\u00e1ly\u00e1nk, ahol t\u00e9len is lehet tekerni. Pozit\u00edv szempont lesz ezen k\u00edv\u00fcl, hogy 9\u201310 \u00e9vesen a sz\u00fcl\u0151k egy fap\u00e1ly\u00e1ra sz\u00edvesebben engedik ki bicajozni a gyereket, mint az orsz\u00e1g\u00fatra. Itt a gyerek is biztons\u00e1gban vannak, illetve a sz\u00fcl\u0151 is v\u00e9gig tudja n\u00e9zni az edz\u00e9st.<\/p>\n<p>Most is nagyon sok tehets\u00e9ges ker\u00e9kp\u00e1ros van, csak sajnos id\u0151 el\u0151tt abbahagyj\u00e1k, mert nincsenek meg a megfelel\u0151 k\u00f6r\u00fclm\u00e9nyek hozz\u00e1. De egyszer biztos jobb lesz, addig meg akik vannak, viszik a h\u00e1tukon a ker\u00e9kp\u00e1rsport ezen szak\u00e1g\u00e1t is.<\/p>\n","protected":false},"excerpt":{"rendered":"<p>Ha \u0151szint\u00e9k akarunk lenni, a p\u00e1lyaker\u00e9kp\u00e1r infrastrukt\u00fara hi\u00e1ny\u00e1ban egy \u00e9rdemtelen\u00fcl sors\u00e1ra hagyott sport\u00e1g Magyarorsz\u00e1gon, de az ut\u00f3bbi id\u0151ben m\u00e9gis hallhattunk [&hellip;]<\/p>\n","protected":false},"author":71,"featured_media":2893,"comment_status":"open","ping_status":"open","sticky":false,"template":"","format":"standard","meta":{"footnotes":""},"categories":[13],"tags":[309,353,354,355],"global-categories":[],"class_list":["post-2930","post","type-post","status-publish","format-standard","has-post-thumbnail","hentry","category-blog","tag-interju","tag-lovassy-krisztian","tag-palyakerekpar","tag-velodrom"],"yoast_head":"<!-- This site is optimized with the Yoast SEO Premium plugin v25.3 (Yoast SEO v25.9) - https:\/\/yoast.com\/wordpress\/plugins\/seo\/ -->\n<title>Nem az\u00e9rt \u00e1llok a rajthoz, hogy m\u00e1sodik, harmadik legyek \u2013 interj\u00fa Lovassy Kriszti\u00e1nnal - \u0160koda We Love Cycling - Magyarorsz\u00e1g<\/title>\n<meta name=\"robots\" content=\"index, follow, max-snippet:-1, max-image-preview:large, max-video-preview:-1\" \/>\n<link rel=\"canonical\" href=\"https:\/\/www.welovecycling.com\/hu\/blog\/nem-azert-allok-a-rajthoz-hogy-masodik-harmadik-legyek-interju-lovassy-krisztiannal\/\" \/>\n<meta property=\"og:locale\" content=\"hu_HU\" \/>\n<meta property=\"og:type\" content=\"article\" \/>\n<meta property=\"og:title\" content=\"Nem az\u00e9rt \u00e1llok a rajthoz, hogy m\u00e1sodik, harmadik legyek \u2013 interj\u00fa Lovassy Kriszti\u00e1nnal\" \/>\n<meta property=\"og:description\" content=\"Ha \u0151szint\u00e9k akarunk lenni, a p\u00e1lyaker\u00e9kp\u00e1r infrastrukt\u00fara hi\u00e1ny\u00e1ban egy \u00e9rdemtelen\u00fcl sors\u00e1ra hagyott sport\u00e1g Magyarorsz\u00e1gon, de az ut\u00f3bbi id\u0151ben m\u00e9gis hallhattunk [&hellip;]\" \/>\n<meta property=\"og:url\" content=\"https:\/\/www.welovecycling.com\/hu\/blog\/nem-azert-allok-a-rajthoz-hogy-masodik-harmadik-legyek-interju-lovassy-krisztiannal\/\" \/>\n<meta property=\"og:site_name\" content=\"\u0160koda We Love Cycling - Magyarorsz\u00e1g\" \/>\n<meta property=\"article:publisher\" content=\"https:\/\/www.facebook.com\/WeLoveCyclingHungary\/\" \/>\n<meta property=\"article:published_time\" content=\"2019-03-26T08:00:27+00:00\" \/>\n<meta property=\"article:modified_time\" content=\"2019-03-26T15:33:59+00:00\" \/>\n<meta property=\"og:image\" content=\"https:\/\/d2p6e6u75xmxt8.cloudfront.net\/12\/2019\/03\/DSC_8025.jpg\" \/>\n\t<meta property=\"og:image:width\" content=\"1618\" \/>\n\t<meta property=\"og:image:height\" content=\"1080\" \/>\n\t<meta property=\"og:image:type\" content=\"image\/jpeg\" \/>\n<meta name=\"author\" content=\"hegyizs\" \/>\n<meta name=\"twitter:card\" content=\"summary_large_image\" \/>\n<meta name=\"twitter:label1\" content=\"Written by\" \/>\n\t<meta name=\"twitter:data1\" content=\"hegyizs\" \/>\n\t<meta name=\"twitter:label2\" content=\"Est. reading time\" \/>\n\t<meta name=\"twitter:data2\" content=\"9 minutes\" \/>\n<script type=\"application\/ld+json\" class=\"yoast-schema-graph\">{\"@context\":\"https:\/\/schema.org\",\"@graph\":[{\"@type\":\"WebPage\",\"@id\":\"https:\/\/www.welovecycling.com\/hu\/blog\/nem-azert-allok-a-rajthoz-hogy-masodik-harmadik-legyek-interju-lovassy-krisztiannal\/\",\"url\":\"https:\/\/www.welovecycling.com\/hu\/blog\/nem-azert-allok-a-rajthoz-hogy-masodik-harmadik-legyek-interju-lovassy-krisztiannal\/\",\"name\":\"Nem az\u00e9rt \u00e1llok a rajthoz, hogy m\u00e1sodik, harmadik legyek \u2013 interj\u00fa Lovassy Kriszti\u00e1nnal - \u0160koda We Love Cycling - Magyarorsz\u00e1g\",\"isPartOf\":{\"@id\":\"https:\/\/www.welovecycling.com\/hu\/#website\"},\"primaryImageOfPage\":{\"@id\":\"https:\/\/www.welovecycling.com\/hu\/blog\/nem-azert-allok-a-rajthoz-hogy-masodik-harmadik-legyek-interju-lovassy-krisztiannal\/#primaryimage\"},\"image\":{\"@id\":\"https:\/\/www.welovecycling.com\/hu\/blog\/nem-azert-allok-a-rajthoz-hogy-masodik-harmadik-legyek-interju-lovassy-krisztiannal\/#primaryimage\"},\"thumbnailUrl\":\"https:\/\/d2p6e6u75xmxt8.cloudfront.net\/12\/2019\/03\/DSC_8025.jpg\",\"datePublished\":\"2019-03-26T08:00:27+00:00\",\"dateModified\":\"2019-03-26T15:33:59+00:00\",\"author\":{\"@id\":\"https:\/\/www.welovecycling.com\/hu\/#\/schema\/person\/414a2aebf1801691a5320edb6468e194\"},\"breadcrumb\":{\"@id\":\"https:\/\/www.welovecycling.com\/hu\/blog\/nem-azert-allok-a-rajthoz-hogy-masodik-harmadik-legyek-interju-lovassy-krisztiannal\/#breadcrumb\"},\"inLanguage\":\"hu\",\"potentialAction\":[{\"@type\":\"ReadAction\",\"target\":[\"https:\/\/www.welovecycling.com\/hu\/blog\/nem-azert-allok-a-rajthoz-hogy-masodik-harmadik-legyek-interju-lovassy-krisztiannal\/\"]}]},{\"@type\":\"ImageObject\",\"inLanguage\":\"hu\",\"@id\":\"https:\/\/www.welovecycling.com\/hu\/blog\/nem-azert-allok-a-rajthoz-hogy-masodik-harmadik-legyek-interju-lovassy-krisztiannal\/#primaryimage\",\"url\":\"https:\/\/d2p6e6u75xmxt8.cloudfront.net\/12\/2019\/03\/DSC_8025.jpg\",\"contentUrl\":\"https:\/\/d2p6e6u75xmxt8.cloudfront.net\/12\/2019\/03\/DSC_8025.jpg\",\"width\":1618,\"height\":1080},{\"@type\":\"BreadcrumbList\",\"@id\":\"https:\/\/www.welovecycling.com\/hu\/blog\/nem-azert-allok-a-rajthoz-hogy-masodik-harmadik-legyek-interju-lovassy-krisztiannal\/#breadcrumb\",\"itemListElement\":[{\"@type\":\"ListItem\",\"position\":1,\"name\":\"Home\",\"item\":\"https:\/\/www.welovecycling.com\/hu\/\"},{\"@type\":\"ListItem\",\"position\":2,\"name\":\"Nem az\u00e9rt \u00e1llok a rajthoz, hogy m\u00e1sodik, harmadik legyek \u2013 interj\u00fa Lovassy Kriszti\u00e1nnal\"}]},{\"@type\":\"WebSite\",\"@id\":\"https:\/\/www.welovecycling.com\/hu\/#website\",\"url\":\"https:\/\/www.welovecycling.com\/hu\/\",\"name\":\"\u0160koda We Love Cycling - Magyarorsz\u00e1g\",\"description\":\"\u0160koda WeLoveCycling\",\"potentialAction\":[{\"@type\":\"SearchAction\",\"target\":{\"@type\":\"EntryPoint\",\"urlTemplate\":\"https:\/\/www.welovecycling.com\/hu\/?s={search_term_string}\"},\"query-input\":{\"@type\":\"PropertyValueSpecification\",\"valueRequired\":true,\"valueName\":\"search_term_string\"}}],\"inLanguage\":\"hu\"},{\"@type\":\"Person\",\"@id\":\"https:\/\/www.welovecycling.com\/hu\/#\/schema\/person\/414a2aebf1801691a5320edb6468e194\",\"name\":\"hegyizs\",\"image\":{\"@type\":\"ImageObject\",\"inLanguage\":\"hu\",\"@id\":\"https:\/\/www.welovecycling.com\/hu\/#\/schema\/person\/image\/\",\"url\":\"https:\/\/secure.gravatar.com\/avatar\/02cf8a7906b8cf90cecb4679defac7cfd33a1c2e3b88e4903d947f3bb58eedd3?s=96&d=mm&r=g\",\"contentUrl\":\"https:\/\/secure.gravatar.com\/avatar\/02cf8a7906b8cf90cecb4679defac7cfd33a1c2e3b88e4903d947f3bb58eedd3?s=96&d=mm&r=g\",\"caption\":\"hegyizs\"},\"url\":\"https:\/\/www.welovecycling.com\/hu\/author\/hegyizs\/\"}]}<\/script>\n<!-- \/ Yoast SEO Premium plugin. -->","yoast_head_json":{"title":"Nem az\u00e9rt \u00e1llok a rajthoz, hogy m\u00e1sodik, harmadik legyek \u2013 interj\u00fa Lovassy Kriszti\u00e1nnal - \u0160koda We Love Cycling - Magyarorsz\u00e1g","robots":{"index":"index","follow":"follow","max-snippet":"max-snippet:-1","max-image-preview":"max-image-preview:large","max-video-preview":"max-video-preview:-1"},"canonical":"https:\/\/www.welovecycling.com\/hu\/blog\/nem-azert-allok-a-rajthoz-hogy-masodik-harmadik-legyek-interju-lovassy-krisztiannal\/","og_locale":"hu_HU","og_type":"article","og_title":"Nem az\u00e9rt \u00e1llok a rajthoz, hogy m\u00e1sodik, harmadik legyek \u2013 interj\u00fa Lovassy Kriszti\u00e1nnal","og_description":"Ha \u0151szint\u00e9k akarunk lenni, a p\u00e1lyaker\u00e9kp\u00e1r infrastrukt\u00fara hi\u00e1ny\u00e1ban egy \u00e9rdemtelen\u00fcl sors\u00e1ra hagyott sport\u00e1g Magyarorsz\u00e1gon, de az ut\u00f3bbi id\u0151ben m\u00e9gis hallhattunk [&hellip;]","og_url":"https:\/\/www.welovecycling.com\/hu\/blog\/nem-azert-allok-a-rajthoz-hogy-masodik-harmadik-legyek-interju-lovassy-krisztiannal\/","og_site_name":"\u0160koda We Love Cycling - Magyarorsz\u00e1g","article_publisher":"https:\/\/www.facebook.com\/WeLoveCyclingHungary\/","article_published_time":"2019-03-26T08:00:27+00:00","article_modified_time":"2019-03-26T15:33:59+00:00","og_image":[{"width":1618,"height":1080,"url":"https:\/\/d2p6e6u75xmxt8.cloudfront.net\/12\/2019\/03\/DSC_8025.jpg","type":"image\/jpeg"}],"author":"hegyizs","twitter_card":"summary_large_image","twitter_misc":{"Written by":"hegyizs","Est. reading time":"9 minutes"},"schema":{"@context":"https:\/\/schema.org","@graph":[{"@type":"WebPage","@id":"https:\/\/www.welovecycling.com\/hu\/blog\/nem-azert-allok-a-rajthoz-hogy-masodik-harmadik-legyek-interju-lovassy-krisztiannal\/","url":"https:\/\/www.welovecycling.com\/hu\/blog\/nem-azert-allok-a-rajthoz-hogy-masodik-harmadik-legyek-interju-lovassy-krisztiannal\/","name":"Nem az\u00e9rt \u00e1llok a rajthoz, hogy m\u00e1sodik, harmadik legyek \u2013 interj\u00fa Lovassy Kriszti\u00e1nnal - \u0160koda We Love Cycling - Magyarorsz\u00e1g","isPartOf":{"@id":"https:\/\/www.welovecycling.com\/hu\/#website"},"primaryImageOfPage":{"@id":"https:\/\/www.welovecycling.com\/hu\/blog\/nem-azert-allok-a-rajthoz-hogy-masodik-harmadik-legyek-interju-lovassy-krisztiannal\/#primaryimage"},"image":{"@id":"https:\/\/www.welovecycling.com\/hu\/blog\/nem-azert-allok-a-rajthoz-hogy-masodik-harmadik-legyek-interju-lovassy-krisztiannal\/#primaryimage"},"thumbnailUrl":"https:\/\/d2p6e6u75xmxt8.cloudfront.net\/12\/2019\/03\/DSC_8025.jpg","datePublished":"2019-03-26T08:00:27+00:00","dateModified":"2019-03-26T15:33:59+00:00","author":{"@id":"https:\/\/www.welovecycling.com\/hu\/#\/schema\/person\/414a2aebf1801691a5320edb6468e194"},"breadcrumb":{"@id":"https:\/\/www.welovecycling.com\/hu\/blog\/nem-azert-allok-a-rajthoz-hogy-masodik-harmadik-legyek-interju-lovassy-krisztiannal\/#breadcrumb"},"inLanguage":"hu","potentialAction":[{"@type":"ReadAction","target":["https:\/\/www.welovecycling.com\/hu\/blog\/nem-azert-allok-a-rajthoz-hogy-masodik-harmadik-legyek-interju-lovassy-krisztiannal\/"]}]},{"@type":"ImageObject","inLanguage":"hu","@id":"https:\/\/www.welovecycling.com\/hu\/blog\/nem-azert-allok-a-rajthoz-hogy-masodik-harmadik-legyek-interju-lovassy-krisztiannal\/#primaryimage","url":"https:\/\/d2p6e6u75xmxt8.cloudfront.net\/12\/2019\/03\/DSC_8025.jpg","contentUrl":"https:\/\/d2p6e6u75xmxt8.cloudfront.net\/12\/2019\/03\/DSC_8025.jpg","width":1618,"height":1080},{"@type":"BreadcrumbList","@id":"https:\/\/www.welovecycling.com\/hu\/blog\/nem-azert-allok-a-rajthoz-hogy-masodik-harmadik-legyek-interju-lovassy-krisztiannal\/#breadcrumb","itemListElement":[{"@type":"ListItem","position":1,"name":"Home","item":"https:\/\/www.welovecycling.com\/hu\/"},{"@type":"ListItem","position":2,"name":"Nem az\u00e9rt \u00e1llok a rajthoz, hogy m\u00e1sodik, harmadik legyek \u2013 interj\u00fa Lovassy Kriszti\u00e1nnal"}]},{"@type":"WebSite","@id":"https:\/\/www.welovecycling.com\/hu\/#website","url":"https:\/\/www.welovecycling.com\/hu\/","name":"\u0160koda We Love Cycling - Magyarorsz\u00e1g","description":"\u0160koda WeLoveCycling","potentialAction":[{"@type":"SearchAction","target":{"@type":"EntryPoint","urlTemplate":"https:\/\/www.welovecycling.com\/hu\/?s={search_term_string}"},"query-input":{"@type":"PropertyValueSpecification","valueRequired":true,"valueName":"search_term_string"}}],"inLanguage":"hu"},{"@type":"Person","@id":"https:\/\/www.welovecycling.com\/hu\/#\/schema\/person\/414a2aebf1801691a5320edb6468e194","name":"hegyizs","image":{"@type":"ImageObject","inLanguage":"hu","@id":"https:\/\/www.welovecycling.com\/hu\/#\/schema\/person\/image\/","url":"https:\/\/secure.gravatar.com\/avatar\/02cf8a7906b8cf90cecb4679defac7cfd33a1c2e3b88e4903d947f3bb58eedd3?s=96&d=mm&r=g","contentUrl":"https:\/\/secure.gravatar.com\/avatar\/02cf8a7906b8cf90cecb4679defac7cfd33a1c2e3b88e4903d947f3bb58eedd3?s=96&d=mm&r=g","caption":"hegyizs"},"url":"https:\/\/www.welovecycling.com\/hu\/author\/hegyizs\/"}]}},"_links":{"self":[{"href":"https:\/\/www.welovecycling.com\/hu\/wp-json\/wp\/v2\/posts\/2930","targetHints":{"allow":["GET"]}}],"collection":[{"href":"https:\/\/www.welovecycling.com\/hu\/wp-json\/wp\/v2\/posts"}],"about":[{"href":"https:\/\/www.welovecycling.com\/hu\/wp-json\/wp\/v2\/types\/post"}],"author":[{"embeddable":true,"href":"https:\/\/www.welovecycling.com\/hu\/wp-json\/wp\/v2\/users\/71"}],"replies":[{"embeddable":true,"href":"https:\/\/www.welovecycling.com\/hu\/wp-json\/wp\/v2\/comments?post=2930"}],"version-history":[{"count":2,"href":"https:\/\/www.welovecycling.com\/hu\/wp-json\/wp\/v2\/posts\/2930\/revisions"}],"predecessor-version":[{"id":2945,"href":"https:\/\/www.welovecycling.com\/hu\/wp-json\/wp\/v2\/posts\/2930\/revisions\/2945"}],"wp:featuredmedia":[{"embeddable":true,"href":"https:\/\/www.welovecycling.com\/hu\/wp-json\/wp\/v2\/media\/2893"}],"wp:attachment":[{"href":"https:\/\/www.welovecycling.com\/hu\/wp-json\/wp\/v2\/media?parent=2930"}],"wp:term":[{"taxonomy":"category","embeddable":true,"href":"https:\/\/www.welovecycling.com\/hu\/wp-json\/wp\/v2\/categories?post=2930"},{"taxonomy":"post_tag","embeddable":true,"href":"https:\/\/www.welovecycling.com\/hu\/wp-json\/wp\/v2\/tags?post=2930"},{"taxonomy":"global-categories","embeddable":true,"href":"https:\/\/www.welovecycling.com\/hu\/wp-json\/wp\/v2\/global-categories?post=2930"}],"curies":[{"name":"wp","href":"https:\/\/api.w.org\/{rel}","templated":true}]}}