{"id":2924,"date":"2019-03-19T09:00:58","date_gmt":"2019-03-19T08:00:58","guid":{"rendered":"https:\/\/www.welovecycling.com\/hu\/?p=2924"},"modified":"2019-03-14T16:48:45","modified_gmt":"2019-03-14T15:48:45","slug":"downhill-enduro-freeride-mi-a-kulonbseg","status":"publish","type":"post","link":"https:\/\/www.welovecycling.com\/hu\/trekking-mtb\/downhill-enduro-freeride-mi-a-kulonbseg\/","title":{"rendered":"Downhill, enduro, freeride \u2013 mi a k\u00fcl\u00f6nbs\u00e9g?"},"content":{"rendered":"<p><strong>Ahogyan a nap is \u00e9rz\u00e9kelhet\u0151en melegebben s\u00fct fel a hegyek m\u00f6g\u00f6tt, \u00fagy gy\u00fclekeznek egyre n\u00e9pesebb bic\u00f3shadak a v\u00f6lgyekben. A Libeg\u0151t\u0151l lefel\u00e9 vezet\u0151 Zugligeti \u00faton m\u00e1r jav\u00e1ban m\u00e9hrajk\u00e9nt z\u00fcmm\u00f6gnek a racsnik a szebbn\u00e9l szebb fulltel\u00f3s csod\u00e1kon, amiket k\u00edv\u00fcl\u00e1ll\u00f3k\u00e9nt csak t\u00e1tott sz\u00e1jjal b\u00e1mul az ember. De vajon tudj\u00e1tok-e pontosan, hogy egy downhill, freeride vagy enduro bringa z\u00fagott el el\u0151ttetek? Mutatjuk a k\u00fcl\u00f6nbs\u00e9geket az eszk\u00f6z\u00f6k \u00e9s a szak\u00e1gak k\u00f6z\u00f6tt.<\/strong><\/p>\n<h2>Gyer\u00fcnk le a hegyr\u0151l!<\/h2>\n<p>A downhill sokaknak ismer\u0151sen cseng, s\u0151t, tal\u00e1n a legt\u00f6bbeknek. Az \u00f6sszteleszk\u00f3pos bring\u00e1kat \u00e1ltal\u00e1nos fel\u00e9p\u00edt\u00e9s\u00fck miatt gyakran asszoci\u00e1lj\u00e1k a gravit\u00e1ci\u00f3 k\u00e9rlelhetetlens\u00e9g\u00e9re b\u00edzott m\u0171fajjal, azonban nem mindegyik\u00fck downhill ker\u00e9kp\u00e1r. K\u00edv\u00fclr\u0151l ez ugyan nem l\u00e1tszik, de a k\u00f6telez\u0151 lejtmenet miatt egy ilyen bringa baromi neh\u00e9z, ak\u00e1r 20 kil\u00f3t is nyomhat. Erre nem csak a sebess\u00e9g miatt van sz\u00fcks\u00e9g, hanem kialak\u00edt\u00e1sa miatt is, hiszen m\u00e1sk\u00e9pp nem lehetne sz\u00e1m\u00edtani r\u00e1 a sziklaerd\u0151k, ledob\u00f3k \u00e9s hossz\u00fa ugrat\u00f3k v\u00e9gel\u00e1thatatlan sorozat\u00e1n. A felf\u00fcggeszt\u00e9sek hossza is \u00e1rulkod\u00f3, hiszen szint\u00e9n a p\u00e1lya tulajdons\u00e1gai miatt az els\u0151 \u2013 legt\u00f6bbsz\u00f6r duplav\u00e1llas \u2013 teleszk\u00f3p becs\u00fasz\u00f3sz\u00e1r\u00e1nak \u00e9s a h\u00e1ts\u00f3 rug\u00f3stagnak is egyar\u00e1nt legal\u00e1bb 20 cm az \u00fatja, de ink\u00e1bb t\u00f6bb. Az \u00fcl\u00e9spoz\u00edci\u00f3 be\u00e1ll\u00edt\u00e1sa sem mindegy, a DH ker\u00e9kp\u00e1rokon a t\u00f6bbihez k\u00e9pest magasabban, egyenesebben \u00fclnek, messzebb a h\u00e1ts\u00f3 ker\u00e9k f\u00f6l\u00f6tt, hogy jobban tudjanak egyens\u00falyozni a meredek szakaszokon. A sz\u00e1guld\u00e1st meg is kell zabol\u00e1zni valahogy, ez\u00e9rt ezeket a ker\u00e9kp\u00e1rokat nagyteljes\u00edtm\u00e9ny\u0171 hidraulikus t\u00e1rcsaf\u00e9kekkel \u00e9s m\u00e9lyebben bord\u00e1zott k\u00fcls\u0151 abroncsokkal szerelik fel.<\/p>\n<p>A downhill verseny l\u00e9nyeg\u00e9ben arr\u00f3l sz\u00f3l, hogy a r\u00e9sztvev\u0151k a lehet\u0151 legprec\u00edzebben megtanulj\u00e1k az adott p\u00e1lya legapr\u00f3bb r\u00e9szleteit, majd 3\u20135 perc alatt a legjobb tud\u00e1suk szerint lerongyolnak rajta.<\/p>\n<lite-youtube videoid=-Qw3ws4Rkqk params=\"enablejsapi=1\" style=\"background-image: url('https:\/\/i.ytimg.com\/vi_webp\/-Qw3ws4Rkqk\/maxresdefault.webp');\"><\/lite-youtube>\n<h2>Szabadon, ak\u00e1rhol<\/h2>\n<p>Fel\u00e9p\u00edt\u00e9sben a freeride bic\u00f3k hasonl\u00edtanak legjobban downhilles nagytestv\u00e9reikre, de a t\u00f6bbr\u00e9t\u0171 haszn\u00e1lhat\u00f3s\u00e1g \u00e9rdek\u00e9ben a kulcsfontoss\u00e1g\u00fa pontokon k\u00fcl\u00f6nb\u00f6znek. A freeride st\u00edlust sokszor nem \u00f6vezik k\u0151kem\u00e9ny versenyk\u00f6r\u00fclm\u00e9nyek, ez\u00e9rt sem a v\u00e1znak, sem az eg\u00e9sz \u00f6ssze\u00e1ll\u00edt\u00e1snak nem kell annyira ellen\u00e1ll\u00f3nak lennie, mint downhill eset\u00e9n, \u00edgy a 20 helyett ink\u00e1bb csak 12\u201315 kil\u00f3t nyomnak.<\/p>\n<h2>Mi is az Enduro pontosan?<\/h2>\n<p>El\u0151sz\u00f6r is ebben a szak\u00e1gban a ker\u00e9kp\u00e1rok m\u00e1r sokkal jobban hasonl\u00edtanak a f\u00f6ldi haland\u00f3k \u00e1ltal haszn\u00e1ltakra. A freeride-hoz hasonlatosan itt is megkapjuk ugyan a h\u00e1ts\u00f3 teleszk\u00f3p \u00e9lm\u00e9ny\u00e9t, de a front villa m\u00e1r nem sz\u00fcks\u00e9ges, hogy duplav\u00e1llas legyen. Ezzel egy\u00fctt az eg\u00e9sz geometria m\u00e1r ink\u00e1bb a dirt bike-ok formavil\u00e1g\u00e1t id\u00e9zi.<\/p>\n<p><a href=\"https:\/\/d2p6e6u75xmxt8.cloudfront.net\/12\/2019\/03\/yeti.jpg\"><img loading=\"lazy\" decoding=\"async\" class=\"aligncenter size-full wp-image-2921\" src=\"https:\/\/d2p6e6u75xmxt8.cloudfront.net\/12\/2019\/03\/yeti.jpg\" alt=\"\" width=\"2880\" height=\"1920\" srcset=\"https:\/\/d2p6e6u75xmxt8.cloudfront.net\/12\/2019\/03\/yeti.jpg 2880w, https:\/\/d2p6e6u75xmxt8.cloudfront.net\/12\/2019\/03\/yeti-300x200.jpg 300w, https:\/\/d2p6e6u75xmxt8.cloudfront.net\/12\/2019\/03\/yeti-768x512.jpg 768w, https:\/\/d2p6e6u75xmxt8.cloudfront.net\/12\/2019\/03\/yeti-1024x683.jpg 1024w, https:\/\/d2p6e6u75xmxt8.cloudfront.net\/12\/2019\/03\/yeti-1920x1280.jpg 1920w, https:\/\/d2p6e6u75xmxt8.cloudfront.net\/12\/2019\/03\/yeti-272x182.jpg 272w, https:\/\/d2p6e6u75xmxt8.cloudfront.net\/12\/2019\/03\/yeti-1920x1280.jpg 1920w\" sizes=\"auto, (max-width: 2880px) 100vw, 2880px\" \/><\/a>Sz\u00f3val felpattanva erre a verzatilis g\u00e9pezetre a rali aut\u00f3sporthoz hasonl\u00f3 strukt\u00far\u00e1ban kell teljes\u00edteni a verseny etapjait, amikb\u0151l ak\u00e1r hat is lehet. Az enduro versenyeken indul\u00f3k nem gyakorolhatnak naphosszat egy p\u00e1ly\u00e1t, mint a downhillesek, itt egy r\u00f6vid p\u00e1lyabej\u00e1r\u00f3 menetet k\u00f6vet\u0151en kell kihozniuk magukb\u00f3l a maximumot. S\u0151t, alkatr\u00e9szeket sem cser\u00e9lhetnek, ugyanazzal a bring\u00e1val kell v\u00e9gigcsin\u00e1lniuk az eg\u00e9sz esem\u00e9nyt. Az egyes r\u00e9szek k\u00f6r\u00fclbel\u00fcl t\u00edz percesek, \u00e9s az ezeken teljes\u00edtett id\u0151eredm\u00e9nyek \u00f6sszead\u00f3dnak. Kondi b\u0151ven kell hozz\u00e1, mert egy nagyobb l\u00e9legzetv\u00e9tel\u0171 enduro verseny eltarthat egy eg\u00e9sz h\u00e9tv\u00e9g\u00e9n \u00e1t.<\/p>\n<lite-youtube videoid=wWH_BSRiX0U params=\"enablejsapi=1\" style=\"background-image: url('https:\/\/i.ytimg.com\/vi_webp\/wWH_BSRiX0U\/maxresdefault.webp');\"><\/lite-youtube>\n<p>&nbsp;<\/p>\n","protected":false},"excerpt":{"rendered":"<p>Ahogyan a nap is \u00e9rz\u00e9kelhet\u0151en melegebben s\u00fct fel a hegyek m\u00f6g\u00f6tt, \u00fagy gy\u00fclekeznek egyre n\u00e9pesebb bic\u00f3shadak a v\u00f6lgyekben. A Libeg\u0151t\u0151l [&hellip;]<\/p>\n","protected":false},"author":71,"featured_media":2925,"comment_status":"open","ping_status":"open","sticky":false,"template":"","format":"standard","meta":{"footnotes":""},"categories":[7],"tags":[15,351,352],"global-categories":[],"class_list":["post-2924","post","type-post","status-publish","format-standard","has-post-thumbnail","hentry","category-trekking-mtb","tag-downhill","tag-enduro","tag-verseny"],"yoast_head":"<!-- This site is optimized with the Yoast SEO Premium plugin v25.3 (Yoast SEO v25.9) - https:\/\/yoast.com\/wordpress\/plugins\/seo\/ -->\n<title>Downhill, enduro, freeride \u2013 mi a k\u00fcl\u00f6nbs\u00e9g? - \u0160koda We Love Cycling - Magyarorsz\u00e1g<\/title>\n<meta name=\"robots\" content=\"index, follow, max-snippet:-1, max-image-preview:large, max-video-preview:-1\" \/>\n<link rel=\"canonical\" href=\"https:\/\/www.welovecycling.com\/hu\/trekking-mtb\/downhill-enduro-freeride-mi-a-kulonbseg\/\" \/>\n<meta property=\"og:locale\" content=\"hu_HU\" \/>\n<meta property=\"og:type\" content=\"article\" \/>\n<meta property=\"og:title\" content=\"Downhill, enduro, freeride \u2013 mi a k\u00fcl\u00f6nbs\u00e9g?\" \/>\n<meta property=\"og:description\" content=\"Ahogyan a nap is \u00e9rz\u00e9kelhet\u0151en melegebben s\u00fct fel a hegyek m\u00f6g\u00f6tt, \u00fagy gy\u00fclekeznek egyre n\u00e9pesebb bic\u00f3shadak a v\u00f6lgyekben. A Libeg\u0151t\u0151l [&hellip;]\" \/>\n<meta property=\"og:url\" content=\"https:\/\/www.welovecycling.com\/hu\/trekking-mtb\/downhill-enduro-freeride-mi-a-kulonbseg\/\" \/>\n<meta property=\"og:site_name\" content=\"\u0160koda We Love Cycling - Magyarorsz\u00e1g\" \/>\n<meta property=\"article:publisher\" content=\"https:\/\/www.facebook.com\/WeLoveCyclingHungary\/\" \/>\n<meta property=\"article:published_time\" content=\"2019-03-19T08:00:58+00:00\" \/>\n<meta property=\"og:image\" content=\"https:\/\/d2p6e6u75xmxt8.cloudfront.net\/12\/2019\/03\/eerik-sandstrom-567008-unsplash-1024x683.jpg\" \/>\n\t<meta property=\"og:image:width\" content=\"1024\" \/>\n\t<meta property=\"og:image:height\" content=\"683\" \/>\n\t<meta property=\"og:image:type\" content=\"image\/jpeg\" \/>\n<meta name=\"author\" content=\"hegyizs\" \/>\n<meta name=\"twitter:card\" content=\"summary_large_image\" \/>\n<meta name=\"twitter:label1\" content=\"Written by\" \/>\n\t<meta name=\"twitter:data1\" content=\"hegyizs\" \/>\n\t<meta name=\"twitter:label2\" content=\"Est. reading time\" \/>\n\t<meta name=\"twitter:data2\" content=\"4 minutes\" \/>\n<script type=\"application\/ld+json\" class=\"yoast-schema-graph\">{\"@context\":\"https:\/\/schema.org\",\"@graph\":[{\"@type\":\"WebPage\",\"@id\":\"https:\/\/www.welovecycling.com\/hu\/trekking-mtb\/downhill-enduro-freeride-mi-a-kulonbseg\/\",\"url\":\"https:\/\/www.welovecycling.com\/hu\/trekking-mtb\/downhill-enduro-freeride-mi-a-kulonbseg\/\",\"name\":\"Downhill, enduro, freeride \u2013 mi a k\u00fcl\u00f6nbs\u00e9g? - \u0160koda We Love Cycling - Magyarorsz\u00e1g\",\"isPartOf\":{\"@id\":\"https:\/\/www.welovecycling.com\/hu\/#website\"},\"primaryImageOfPage\":{\"@id\":\"https:\/\/www.welovecycling.com\/hu\/trekking-mtb\/downhill-enduro-freeride-mi-a-kulonbseg\/#primaryimage\"},\"image\":{\"@id\":\"https:\/\/www.welovecycling.com\/hu\/trekking-mtb\/downhill-enduro-freeride-mi-a-kulonbseg\/#primaryimage\"},\"thumbnailUrl\":\"https:\/\/d2p6e6u75xmxt8.cloudfront.net\/12\/2019\/03\/eerik-sandstrom-567008-unsplash.jpg\",\"datePublished\":\"2019-03-19T08:00:58+00:00\",\"author\":{\"@id\":\"https:\/\/www.welovecycling.com\/hu\/#\/schema\/person\/414a2aebf1801691a5320edb6468e194\"},\"breadcrumb\":{\"@id\":\"https:\/\/www.welovecycling.com\/hu\/trekking-mtb\/downhill-enduro-freeride-mi-a-kulonbseg\/#breadcrumb\"},\"inLanguage\":\"hu\",\"potentialAction\":[{\"@type\":\"ReadAction\",\"target\":[\"https:\/\/www.welovecycling.com\/hu\/trekking-mtb\/downhill-enduro-freeride-mi-a-kulonbseg\/\"]}]},{\"@type\":\"ImageObject\",\"inLanguage\":\"hu\",\"@id\":\"https:\/\/www.welovecycling.com\/hu\/trekking-mtb\/downhill-enduro-freeride-mi-a-kulonbseg\/#primaryimage\",\"url\":\"https:\/\/d2p6e6u75xmxt8.cloudfront.net\/12\/2019\/03\/eerik-sandstrom-567008-unsplash.jpg\",\"contentUrl\":\"https:\/\/d2p6e6u75xmxt8.cloudfront.net\/12\/2019\/03\/eerik-sandstrom-567008-unsplash.jpg\",\"width\":5495,\"height\":3665},{\"@type\":\"BreadcrumbList\",\"@id\":\"https:\/\/www.welovecycling.com\/hu\/trekking-mtb\/downhill-enduro-freeride-mi-a-kulonbseg\/#breadcrumb\",\"itemListElement\":[{\"@type\":\"ListItem\",\"position\":1,\"name\":\"Home\",\"item\":\"https:\/\/www.welovecycling.com\/hu\/\"},{\"@type\":\"ListItem\",\"position\":2,\"name\":\"Downhill, enduro, freeride \u2013 mi a k\u00fcl\u00f6nbs\u00e9g?\"}]},{\"@type\":\"WebSite\",\"@id\":\"https:\/\/www.welovecycling.com\/hu\/#website\",\"url\":\"https:\/\/www.welovecycling.com\/hu\/\",\"name\":\"\u0160koda We Love Cycling - Magyarorsz\u00e1g\",\"description\":\"\u0160koda WeLoveCycling\",\"potentialAction\":[{\"@type\":\"SearchAction\",\"target\":{\"@type\":\"EntryPoint\",\"urlTemplate\":\"https:\/\/www.welovecycling.com\/hu\/?s={search_term_string}\"},\"query-input\":{\"@type\":\"PropertyValueSpecification\",\"valueRequired\":true,\"valueName\":\"search_term_string\"}}],\"inLanguage\":\"hu\"},{\"@type\":\"Person\",\"@id\":\"https:\/\/www.welovecycling.com\/hu\/#\/schema\/person\/414a2aebf1801691a5320edb6468e194\",\"name\":\"hegyizs\",\"image\":{\"@type\":\"ImageObject\",\"inLanguage\":\"hu\",\"@id\":\"https:\/\/www.welovecycling.com\/hu\/#\/schema\/person\/image\/\",\"url\":\"https:\/\/secure.gravatar.com\/avatar\/02cf8a7906b8cf90cecb4679defac7cfd33a1c2e3b88e4903d947f3bb58eedd3?s=96&d=mm&r=g\",\"contentUrl\":\"https:\/\/secure.gravatar.com\/avatar\/02cf8a7906b8cf90cecb4679defac7cfd33a1c2e3b88e4903d947f3bb58eedd3?s=96&d=mm&r=g\",\"caption\":\"hegyizs\"},\"url\":\"https:\/\/www.welovecycling.com\/hu\/author\/hegyizs\/\"}]}<\/script>\n<!-- \/ Yoast SEO Premium plugin. -->","yoast_head_json":{"title":"Downhill, enduro, freeride \u2013 mi a k\u00fcl\u00f6nbs\u00e9g? - \u0160koda We Love Cycling - Magyarorsz\u00e1g","robots":{"index":"index","follow":"follow","max-snippet":"max-snippet:-1","max-image-preview":"max-image-preview:large","max-video-preview":"max-video-preview:-1"},"canonical":"https:\/\/www.welovecycling.com\/hu\/trekking-mtb\/downhill-enduro-freeride-mi-a-kulonbseg\/","og_locale":"hu_HU","og_type":"article","og_title":"Downhill, enduro, freeride \u2013 mi a k\u00fcl\u00f6nbs\u00e9g?","og_description":"Ahogyan a nap is \u00e9rz\u00e9kelhet\u0151en melegebben s\u00fct fel a hegyek m\u00f6g\u00f6tt, \u00fagy gy\u00fclekeznek egyre n\u00e9pesebb bic\u00f3shadak a v\u00f6lgyekben. A Libeg\u0151t\u0151l [&hellip;]","og_url":"https:\/\/www.welovecycling.com\/hu\/trekking-mtb\/downhill-enduro-freeride-mi-a-kulonbseg\/","og_site_name":"\u0160koda We Love Cycling - Magyarorsz\u00e1g","article_publisher":"https:\/\/www.facebook.com\/WeLoveCyclingHungary\/","article_published_time":"2019-03-19T08:00:58+00:00","og_image":[{"width":1024,"height":683,"url":"https:\/\/d2p6e6u75xmxt8.cloudfront.net\/12\/2019\/03\/eerik-sandstrom-567008-unsplash-1024x683.jpg","type":"image\/jpeg"}],"author":"hegyizs","twitter_card":"summary_large_image","twitter_misc":{"Written by":"hegyizs","Est. reading time":"4 minutes"},"schema":{"@context":"https:\/\/schema.org","@graph":[{"@type":"WebPage","@id":"https:\/\/www.welovecycling.com\/hu\/trekking-mtb\/downhill-enduro-freeride-mi-a-kulonbseg\/","url":"https:\/\/www.welovecycling.com\/hu\/trekking-mtb\/downhill-enduro-freeride-mi-a-kulonbseg\/","name":"Downhill, enduro, freeride \u2013 mi a k\u00fcl\u00f6nbs\u00e9g? - \u0160koda We Love Cycling - Magyarorsz\u00e1g","isPartOf":{"@id":"https:\/\/www.welovecycling.com\/hu\/#website"},"primaryImageOfPage":{"@id":"https:\/\/www.welovecycling.com\/hu\/trekking-mtb\/downhill-enduro-freeride-mi-a-kulonbseg\/#primaryimage"},"image":{"@id":"https:\/\/www.welovecycling.com\/hu\/trekking-mtb\/downhill-enduro-freeride-mi-a-kulonbseg\/#primaryimage"},"thumbnailUrl":"https:\/\/d2p6e6u75xmxt8.cloudfront.net\/12\/2019\/03\/eerik-sandstrom-567008-unsplash.jpg","datePublished":"2019-03-19T08:00:58+00:00","author":{"@id":"https:\/\/www.welovecycling.com\/hu\/#\/schema\/person\/414a2aebf1801691a5320edb6468e194"},"breadcrumb":{"@id":"https:\/\/www.welovecycling.com\/hu\/trekking-mtb\/downhill-enduro-freeride-mi-a-kulonbseg\/#breadcrumb"},"inLanguage":"hu","potentialAction":[{"@type":"ReadAction","target":["https:\/\/www.welovecycling.com\/hu\/trekking-mtb\/downhill-enduro-freeride-mi-a-kulonbseg\/"]}]},{"@type":"ImageObject","inLanguage":"hu","@id":"https:\/\/www.welovecycling.com\/hu\/trekking-mtb\/downhill-enduro-freeride-mi-a-kulonbseg\/#primaryimage","url":"https:\/\/d2p6e6u75xmxt8.cloudfront.net\/12\/2019\/03\/eerik-sandstrom-567008-unsplash.jpg","contentUrl":"https:\/\/d2p6e6u75xmxt8.cloudfront.net\/12\/2019\/03\/eerik-sandstrom-567008-unsplash.jpg","width":5495,"height":3665},{"@type":"BreadcrumbList","@id":"https:\/\/www.welovecycling.com\/hu\/trekking-mtb\/downhill-enduro-freeride-mi-a-kulonbseg\/#breadcrumb","itemListElement":[{"@type":"ListItem","position":1,"name":"Home","item":"https:\/\/www.welovecycling.com\/hu\/"},{"@type":"ListItem","position":2,"name":"Downhill, enduro, freeride \u2013 mi a k\u00fcl\u00f6nbs\u00e9g?"}]},{"@type":"WebSite","@id":"https:\/\/www.welovecycling.com\/hu\/#website","url":"https:\/\/www.welovecycling.com\/hu\/","name":"\u0160koda We Love Cycling - Magyarorsz\u00e1g","description":"\u0160koda WeLoveCycling","potentialAction":[{"@type":"SearchAction","target":{"@type":"EntryPoint","urlTemplate":"https:\/\/www.welovecycling.com\/hu\/?s={search_term_string}"},"query-input":{"@type":"PropertyValueSpecification","valueRequired":true,"valueName":"search_term_string"}}],"inLanguage":"hu"},{"@type":"Person","@id":"https:\/\/www.welovecycling.com\/hu\/#\/schema\/person\/414a2aebf1801691a5320edb6468e194","name":"hegyizs","image":{"@type":"ImageObject","inLanguage":"hu","@id":"https:\/\/www.welovecycling.com\/hu\/#\/schema\/person\/image\/","url":"https:\/\/secure.gravatar.com\/avatar\/02cf8a7906b8cf90cecb4679defac7cfd33a1c2e3b88e4903d947f3bb58eedd3?s=96&d=mm&r=g","contentUrl":"https:\/\/secure.gravatar.com\/avatar\/02cf8a7906b8cf90cecb4679defac7cfd33a1c2e3b88e4903d947f3bb58eedd3?s=96&d=mm&r=g","caption":"hegyizs"},"url":"https:\/\/www.welovecycling.com\/hu\/author\/hegyizs\/"}]}},"_links":{"self":[{"href":"https:\/\/www.welovecycling.com\/hu\/wp-json\/wp\/v2\/posts\/2924","targetHints":{"allow":["GET"]}}],"collection":[{"href":"https:\/\/www.welovecycling.com\/hu\/wp-json\/wp\/v2\/posts"}],"about":[{"href":"https:\/\/www.welovecycling.com\/hu\/wp-json\/wp\/v2\/types\/post"}],"author":[{"embeddable":true,"href":"https:\/\/www.welovecycling.com\/hu\/wp-json\/wp\/v2\/users\/71"}],"replies":[{"embeddable":true,"href":"https:\/\/www.welovecycling.com\/hu\/wp-json\/wp\/v2\/comments?post=2924"}],"version-history":[{"count":2,"href":"https:\/\/www.welovecycling.com\/hu\/wp-json\/wp\/v2\/posts\/2924\/revisions"}],"predecessor-version":[{"id":2928,"href":"https:\/\/www.welovecycling.com\/hu\/wp-json\/wp\/v2\/posts\/2924\/revisions\/2928"}],"wp:featuredmedia":[{"embeddable":true,"href":"https:\/\/www.welovecycling.com\/hu\/wp-json\/wp\/v2\/media\/2925"}],"wp:attachment":[{"href":"https:\/\/www.welovecycling.com\/hu\/wp-json\/wp\/v2\/media?parent=2924"}],"wp:term":[{"taxonomy":"category","embeddable":true,"href":"https:\/\/www.welovecycling.com\/hu\/wp-json\/wp\/v2\/categories?post=2924"},{"taxonomy":"post_tag","embeddable":true,"href":"https:\/\/www.welovecycling.com\/hu\/wp-json\/wp\/v2\/tags?post=2924"},{"taxonomy":"global-categories","embeddable":true,"href":"https:\/\/www.welovecycling.com\/hu\/wp-json\/wp\/v2\/global-categories?post=2924"}],"curies":[{"name":"wp","href":"https:\/\/api.w.org\/{rel}","templated":true}]}}