{"id":292,"date":"2018-03-08T11:42:04","date_gmt":"2018-03-08T11:42:04","guid":{"rendered":"https:\/\/www.welovecycling.com\/hu\/?p=292"},"modified":"2018-03-08T11:42:46","modified_gmt":"2018-03-08T11:42:46","slug":"szamit-hogy-mit-nem-eszel-meg","status":"publish","type":"post","link":"https:\/\/www.welovecycling.com\/hu\/edzes-es-eletmod\/szamit-hogy-mit-nem-eszel-meg\/","title":{"rendered":"Sz\u00e1m\u00edt, hogy mit nem eszel meg"},"content":{"rendered":"<p><strong>Milyen \u00e9lelmiszert nem kellene otthon tartanod? Ha megk\u00e9rdezel sz\u00e1z t\u00e1pl\u00e1lkoz\u00e1si szak\u00e9rt\u0151t, sz\u00e1z k\u00fcl\u00f6nb\u00f6z\u0151 v\u00e1laszt fogsz kapni. A sokf\u00e9le v\u00e9lem\u00e9ny ellen\u00e9re \u00fagy t\u0171nik, hogy van egy \u00e9lelmiszercsoport, amely tekintet\u00e9ben szinte mindenki egyet\u00e9rt. Egy olyan \u00e9lelmiszercsoport, amelynek l\u00e9t\u00e9t modern \u00e9lelmiszeriparunknak k\u00f6sz\u00f6nhetj\u00fck.<\/strong><br \/>\n<!--more--><\/p>\n<p><a href=\"https:\/\/www.instagram.com\/p\/BDgQsdoFU9m\/\">https:\/\/www.instagram.com\/p\/BDgQsdoFU9m\/<\/a><\/p>\n<p>Igen, eltal\u00e1ltad! A magasan feldolgozott \u00e9lelmiszerekr\u0151l van sz\u00f3. Az elm\u00falt p\u00e1r \u00e9vsz\u00e1zad \u00f3ta az ipari \u00e9lelmiszer-feldolgoz\u00e1s jelenti a legnagyobb vesz\u00e9lyt eg\u00e9szs\u00e9g\u00fcnkre. Nem v\u00e9letlen, hogy ha a Google-\u00f6n r\u00e1keresel a \u201efeldolgozott \u00e9lelmiszer\u201d kifejez\u00e9sre, a tal\u00e1latok k\u00f6z\u00f6tt felt\u0171nik az \u201e\u00e1rtalmas\u201d vagy a \u201eker\u00fclend\u0151\u201d kifejez\u00e9s. A leg\u00fajabb kutat\u00e1sok szinte naponta mutatnak r\u00e1 a feldolgozott \u00e9lelmiszerek r\u00e1nk n\u00e9zve \u00e1rtalmas hat\u00e1saira. Ezek k\u00f6z\u00f6tt vannak olyanok, amelyek egy\u00e9rtelm\u0171ek, mint p\u00e9ld\u00e1ul a t\u00fals\u00falyoss\u00e1g, de vannak olyanok is, amelyekr\u0151l els\u0151re nem is gondoln\u00e1nk, hogy k\u00f6z\u00fck van hozz\u00e1: a sz\u00edv- \u00e9s \u00e9rrendszeri betegs\u00e9gek, b\u00e9lrendszeri probl\u00e9m\u00e1k, az agyv\u00e9rz\u00e9s vagy a bels\u0151 szervek k\u00e1rosod\u00e1sa. Ezek azonban nagyon is val\u00f3s vesz\u00e9lyek, \u00e9s ha figyelembe vessz\u00fck, hogy az \u00e9rintett \u00e9lelmiszerek csak nemr\u00e9g jelentek meg, lehetnek olyan hossz\u00fa t\u00e1von jelentkez\u0151 hat\u00e1sok is, amelyekr\u0151l m\u00e9g nem is tudunk.<\/p>\n<p>Jogosan vet\u0151dik fel a k\u00e9rd\u00e9s, hogy akkor mi\u00e9rt is l\u00e9tezik \u00e9lelmiszerfeldolgoz\u00f3-ipar. Nos, seg\u00edt a t\u00f6megek \u00e9lelmez\u00e9s\u00e9ben, mivel meghosszabb\u00edtja az \u00e9lelmiszerek eltarthat\u00f3s\u00e1g\u00e1t, olcs\u00f3bb\u00e1 teszi az el\u0151\u00e1ll\u00edt\u00e1sukat \u00e9s nagy t\u00e1vols\u00e1gokra is k\u00f6nnyebb azokat sz\u00e1ll\u00edtani; \u00e9s mindezek mellett sz\u00e9p kis hasznot termel a gy\u00e1rt\u00f3knak. Mi viszont nem k\u00e9szp\u00e9nzzel, hanem saj\u00e1t eg\u00e9szs\u00e9g\u00fcnkkel fizet\u00fcnk ez\u00e9rt a luxuskiszolg\u00e1l\u00e1s\u00e9rt.<\/p>\n<h2>A vil\u00e1g h\u00e1rom legvesz\u00e9lyesebb \u00f6sszetev\u0151je<\/h2>\n<p>A finom\u00edtott \u00e9lelmiszerekben a legvesz\u00e9lyesebb \u00f6sszetev\u0151k k\u00f6z\u00fcl mindh\u00e1rom megtal\u00e1lhat\u00f3: finom\u00edtott liszt, cukor (vagy magas frukt\u00f3ztartalm\u00fa kukoricaszirup) \u00e9s ipari magolajok. Nem arr\u00f3l van sz\u00f3, hogy ezek a F\u00f6ld leger\u0151sebb m\u00e9rgei, a probl\u00e9m\u00e1t az jelenti, hogy ezekb\u0151l a nyugati vil\u00e1gban istentelen mennyis\u00e9get fogyasztunk minden nap.<\/p>\n<p>Pontosan mi\u00e9rt is rossz nek\u00fcnk, hogy ennyit fogyasztunk ezekb\u0151l? Mindenek el\u0151tt el\u0151mozd\u00edtj\u00e1k a t\u00falt\u00e1pl\u00e1lts\u00e1got: rendk\u00edv\u00fcl kev\u00e9s \u00e9lelmi rost \u00e9s mikrot\u00e1panyag (vitamin \u00e9s \u00e1sv\u00e1nyi anyag) tal\u00e1lhat\u00f3 benn\u00fck, ugyanakkor nagyon energiad\u00fas term\u00e9kek, k\u00fcl\u00f6n\u00f6sen azok az \u00e9lelmiszerek, amelyek az eml\u00edtett \u00f6sszetev\u0151k k\u00f6z\u00fcl egyszerre t\u00f6bbet is tartalmaznak (tudod: f\u00e1nk, s\u00fcti, muffin, keksz). Ezek az \u00e9lelmiszerek er\u0151s jeleket k\u00fcldenek agyunk jutalomk\u00f6zpontja fel\u00e9. Ez azt jelenti, hogy elfogyaszt\u00e1suk \u00f6r\u00f6met okoz, csak \u00e9ppen nem azokat a t\u00e1panyagokat biztos\u00edtj\u00e1k, amelyekre test\u00fcnknek sz\u00fcks\u00e9ge van. Vagyis kal\u00f3ri\u00e1t t\u00f6ltenek bel\u00e9nk, de az \u00e9hs\u00e9get nem mulasztj\u00e1k. Emiatt egyre jobban v\u00e1gyunk r\u00e1juk \u00e9s az \u00f6rd\u00f6gi k\u00f6rforg\u00e1s folytat\u00f3dik.<\/p>\n<p>Mindezeken fel\u00fcl komoly k\u00e9ts\u00e9gek mer\u00fclnek fel a tekintetben is, hogy mennyire biztons\u00e1gosak: a liszt, amely gyakran nem megfelel\u0151en erjesztett, olyan lektint \u00e9s proteint (glut\u00e9n) tartalmaz, amelyek el\u0151seg\u00edtik gyullad\u00e1sok kialakul\u00e1s\u00e1t, a cukor t\u00fal gyorsan ker\u00fcl v\u00e9rkering\u00e9s\u00fcnkbe \u00e9s eg\u00e9szs\u00e9gre vesz\u00e9lyes inzulinszint-ingadoz\u00e1st okoz, m\u00edg az ipari magolajok, a h\u0151kezel\u00e9s miatt, olyan zs\u00edrsavakat tartalmaznak, amelyek m\u00e9rgezik test\u00fcnket. A legt\u00f6bb ilyen \u00e9lelmiszernek emellett magas az omega-6 zs\u00edrsavtartalma, ami hozz\u00e1j\u00e1rul gyullad\u00e1sos \u00e1llapot kialakul\u00e1s\u00e1hoz test\u00fcnkben. Ez kr\u00f3nikus gyullad\u00e1sokhoz vezet, ami a legt\u00f6bb modern betegs\u00e9g gy\u00f6kere.<\/p>\n<h2>Vidd el<\/h2>\n<p>Hi\u00e1ba eg\u00e9sz\u00edted ki szuper\u00e9lelmiszerekkel az \u00e9trended, hi\u00e1ba eszed a legjobb multivitaminokat, gyakorlatilag semmi v\u00e1ltoz\u00e1st nem \u00e9rzel eg\u00e9szs\u00e9gi \u00e1llapotodban vagy teljes\u00edtm\u00e9nyedben. Csak amikor teljesen megszabad\u00edtod szervezeted az \u00f6sszes magasan feldolgozott \u00e9lelmiszert\u0151l, akkor fogod \u00e9rezni a jelent\u0151sebb \u00e9s pozit\u00edv v\u00e1ltoz\u00e1sokat. Ma m\u00e1r nem az a vesz\u00e9ly fenyeget, hogy valamib\u0151l t\u00fal kev\u00e9s van. \u00c9pp az a probl\u00e9ma, hogy t\u00fal sok.<\/p>\n","protected":false},"excerpt":{"rendered":"<p>Milyen \u00e9lelmiszert nem kellene otthon tartanod? Ha megk\u00e9rdezel sz\u00e1z t\u00e1pl\u00e1lkoz\u00e1si szak\u00e9rt\u0151t, sz\u00e1z k\u00fcl\u00f6nb\u00f6z\u0151 v\u00e1laszt fogsz kapni. A sokf\u00e9le v\u00e9lem\u00e9ny ellen\u00e9re [&hellip;]<\/p>\n","protected":false},"author":71,"featured_media":293,"comment_status":"open","ping_status":"open","sticky":false,"template":"","format":"standard","meta":{"footnotes":""},"categories":[6],"tags":[],"global-categories":[],"class_list":["post-292","post","type-post","status-publish","format-standard","has-post-thumbnail","hentry","category-edzes-es-eletmod"],"yoast_head":"<!-- This site is optimized with the Yoast SEO Premium plugin v25.3 (Yoast SEO v25.9) - https:\/\/yoast.com\/wordpress\/plugins\/seo\/ -->\n<title>Sz\u00e1m\u00edt, hogy mit nem eszel meg - \u0160koda We Love Cycling - Magyarorsz\u00e1g<\/title>\n<meta name=\"description\" content=\"Milyen \u00e9lelmiszert nem kellene otthon tartanod? Ha megk\u00e9rdezel sz\u00e1z t\u00e1pl\u00e1lkoz\u00e1si szak\u00e9rt\u0151t, sz\u00e1z k\u00fcl\u00f6nb\u00f6z\u0151 v\u00e1laszt fogsz kapni. A sokf\u00e9le..\" \/>\n<meta name=\"robots\" content=\"index, follow, max-snippet:-1, max-image-preview:large, max-video-preview:-1\" \/>\n<link rel=\"canonical\" href=\"https:\/\/www.welovecycling.com\/hu\/edzes-es-eletmod\/szamit-hogy-mit-nem-eszel-meg\/\" \/>\n<meta property=\"og:locale\" content=\"hu_HU\" \/>\n<meta property=\"og:type\" content=\"article\" \/>\n<meta property=\"og:title\" content=\"Sz\u00e1m\u00edt, hogy mit nem eszel meg\" \/>\n<meta property=\"og:description\" content=\"Milyen \u00e9lelmiszert nem kellene otthon tartanod? Ha megk\u00e9rdezel sz\u00e1z t\u00e1pl\u00e1lkoz\u00e1si szak\u00e9rt\u0151t, sz\u00e1z k\u00fcl\u00f6nb\u00f6z\u0151 v\u00e1laszt fogsz kapni. A sokf\u00e9le..\" \/>\n<meta property=\"og:url\" content=\"https:\/\/www.welovecycling.com\/hu\/edzes-es-eletmod\/szamit-hogy-mit-nem-eszel-meg\/\" \/>\n<meta property=\"og:site_name\" content=\"\u0160koda We Love Cycling - Magyarorsz\u00e1g\" \/>\n<meta property=\"article:publisher\" content=\"https:\/\/www.facebook.com\/WeLoveCyclingHungary\/\" \/>\n<meta property=\"article:published_time\" content=\"2018-03-08T11:42:04+00:00\" \/>\n<meta property=\"article:modified_time\" content=\"2018-03-08T11:42:46+00:00\" \/>\n<meta property=\"og:image\" content=\"https:\/\/d2p6e6u75xmxt8.cloudfront.net\/12\/2018\/03\/32323232_1323224.jpg\" \/>\n\t<meta property=\"og:image:width\" content=\"950\" \/>\n\t<meta property=\"og:image:height\" content=\"350\" \/>\n\t<meta property=\"og:image:type\" content=\"image\/jpeg\" \/>\n<meta name=\"author\" content=\"hegyizs\" \/>\n<meta name=\"twitter:card\" content=\"summary_large_image\" \/>\n<meta name=\"twitter:label1\" content=\"Written by\" \/>\n\t<meta name=\"twitter:data1\" content=\"&lt;a href=&quot;http:\/\/twitter.com\/jiri_kaloc&quot; target=&quot;_blank&quot;&gt;Jiri Kaloc&lt;\/a&gt;\" \/>\n\t<meta name=\"twitter:label2\" content=\"Est. reading time\" \/>\n\t<meta name=\"twitter:data2\" content=\"4 minutes\" \/>\n<script type=\"application\/ld+json\" class=\"yoast-schema-graph\">{\"@context\":\"https:\/\/schema.org\",\"@graph\":[{\"@type\":\"WebPage\",\"@id\":\"https:\/\/www.welovecycling.com\/hu\/edzes-es-eletmod\/szamit-hogy-mit-nem-eszel-meg\/\",\"url\":\"https:\/\/www.welovecycling.com\/hu\/edzes-es-eletmod\/szamit-hogy-mit-nem-eszel-meg\/\",\"name\":\"Sz\u00e1m\u00edt, hogy mit nem eszel meg - \u0160koda We Love Cycling - Magyarorsz\u00e1g\",\"isPartOf\":{\"@id\":\"https:\/\/www.welovecycling.com\/hu\/#website\"},\"primaryImageOfPage\":{\"@id\":\"https:\/\/www.welovecycling.com\/hu\/edzes-es-eletmod\/szamit-hogy-mit-nem-eszel-meg\/#primaryimage\"},\"image\":{\"@id\":\"https:\/\/www.welovecycling.com\/hu\/edzes-es-eletmod\/szamit-hogy-mit-nem-eszel-meg\/#primaryimage\"},\"thumbnailUrl\":\"https:\/\/d2p6e6u75xmxt8.cloudfront.net\/12\/2018\/03\/32323232_1323224.jpg\",\"datePublished\":\"2018-03-08T11:42:04+00:00\",\"dateModified\":\"2018-03-08T11:42:46+00:00\",\"author\":{\"@id\":\"https:\/\/www.welovecycling.com\/hu\/#\/schema\/person\/414a2aebf1801691a5320edb6468e194\"},\"description\":\"Milyen \u00e9lelmiszert nem kellene otthon tartanod? Ha megk\u00e9rdezel sz\u00e1z t\u00e1pl\u00e1lkoz\u00e1si szak\u00e9rt\u0151t, sz\u00e1z k\u00fcl\u00f6nb\u00f6z\u0151 v\u00e1laszt fogsz kapni. A sokf\u00e9le..\",\"breadcrumb\":{\"@id\":\"https:\/\/www.welovecycling.com\/hu\/edzes-es-eletmod\/szamit-hogy-mit-nem-eszel-meg\/#breadcrumb\"},\"inLanguage\":\"hu\",\"potentialAction\":[{\"@type\":\"ReadAction\",\"target\":[\"https:\/\/www.welovecycling.com\/hu\/edzes-es-eletmod\/szamit-hogy-mit-nem-eszel-meg\/\"]}]},{\"@type\":\"ImageObject\",\"inLanguage\":\"hu\",\"@id\":\"https:\/\/www.welovecycling.com\/hu\/edzes-es-eletmod\/szamit-hogy-mit-nem-eszel-meg\/#primaryimage\",\"url\":\"https:\/\/d2p6e6u75xmxt8.cloudfront.net\/12\/2018\/03\/32323232_1323224.jpg\",\"contentUrl\":\"https:\/\/d2p6e6u75xmxt8.cloudfront.net\/12\/2018\/03\/32323232_1323224.jpg\",\"width\":950,\"height\":350},{\"@type\":\"BreadcrumbList\",\"@id\":\"https:\/\/www.welovecycling.com\/hu\/edzes-es-eletmod\/szamit-hogy-mit-nem-eszel-meg\/#breadcrumb\",\"itemListElement\":[{\"@type\":\"ListItem\",\"position\":1,\"name\":\"Home\",\"item\":\"https:\/\/www.welovecycling.com\/hu\/\"},{\"@type\":\"ListItem\",\"position\":2,\"name\":\"Sz\u00e1m\u00edt, hogy mit nem eszel meg\"}]},{\"@type\":\"WebSite\",\"@id\":\"https:\/\/www.welovecycling.com\/hu\/#website\",\"url\":\"https:\/\/www.welovecycling.com\/hu\/\",\"name\":\"\u0160koda We Love Cycling - Magyarorsz\u00e1g\",\"description\":\"\u0160koda WeLoveCycling\",\"potentialAction\":[{\"@type\":\"SearchAction\",\"target\":{\"@type\":\"EntryPoint\",\"urlTemplate\":\"https:\/\/www.welovecycling.com\/hu\/?s={search_term_string}\"},\"query-input\":{\"@type\":\"PropertyValueSpecification\",\"valueRequired\":true,\"valueName\":\"search_term_string\"}}],\"inLanguage\":\"hu\"},{\"@type\":\"Person\",\"@id\":\"https:\/\/www.welovecycling.com\/hu\/#\/schema\/person\/414a2aebf1801691a5320edb6468e194\",\"name\":\"hegyizs\",\"image\":{\"@type\":\"ImageObject\",\"inLanguage\":\"hu\",\"@id\":\"https:\/\/www.welovecycling.com\/hu\/#\/schema\/person\/image\/\",\"url\":\"https:\/\/secure.gravatar.com\/avatar\/02cf8a7906b8cf90cecb4679defac7cfd33a1c2e3b88e4903d947f3bb58eedd3?s=96&d=mm&r=g\",\"contentUrl\":\"https:\/\/secure.gravatar.com\/avatar\/02cf8a7906b8cf90cecb4679defac7cfd33a1c2e3b88e4903d947f3bb58eedd3?s=96&d=mm&r=g\",\"caption\":\"hegyizs\"},\"url\":\"https:\/\/www.welovecycling.com\/hu\/author\/hegyizs\/\"}]}<\/script>\n<!-- \/ Yoast SEO Premium plugin. -->","yoast_head_json":{"title":"Sz\u00e1m\u00edt, hogy mit nem eszel meg - \u0160koda We Love Cycling - Magyarorsz\u00e1g","description":"Milyen \u00e9lelmiszert nem kellene otthon tartanod? Ha megk\u00e9rdezel sz\u00e1z t\u00e1pl\u00e1lkoz\u00e1si szak\u00e9rt\u0151t, sz\u00e1z k\u00fcl\u00f6nb\u00f6z\u0151 v\u00e1laszt fogsz kapni. A sokf\u00e9le..","robots":{"index":"index","follow":"follow","max-snippet":"max-snippet:-1","max-image-preview":"max-image-preview:large","max-video-preview":"max-video-preview:-1"},"canonical":"https:\/\/www.welovecycling.com\/hu\/edzes-es-eletmod\/szamit-hogy-mit-nem-eszel-meg\/","og_locale":"hu_HU","og_type":"article","og_title":"Sz\u00e1m\u00edt, hogy mit nem eszel meg","og_description":"Milyen \u00e9lelmiszert nem kellene otthon tartanod? Ha megk\u00e9rdezel sz\u00e1z t\u00e1pl\u00e1lkoz\u00e1si szak\u00e9rt\u0151t, sz\u00e1z k\u00fcl\u00f6nb\u00f6z\u0151 v\u00e1laszt fogsz kapni. A sokf\u00e9le..","og_url":"https:\/\/www.welovecycling.com\/hu\/edzes-es-eletmod\/szamit-hogy-mit-nem-eszel-meg\/","og_site_name":"\u0160koda We Love Cycling - Magyarorsz\u00e1g","article_publisher":"https:\/\/www.facebook.com\/WeLoveCyclingHungary\/","article_published_time":"2018-03-08T11:42:04+00:00","article_modified_time":"2018-03-08T11:42:46+00:00","og_image":[{"width":950,"height":350,"url":"https:\/\/d2p6e6u75xmxt8.cloudfront.net\/12\/2018\/03\/32323232_1323224.jpg","type":"image\/jpeg"}],"author":"hegyizs","twitter_card":"summary_large_image","twitter_misc":{"Written by":"<a href=\"http:\/\/twitter.com\/jiri_kaloc\" target=\"_blank\">Jiri Kaloc<\/a>","Est. reading time":"4 minutes"},"schema":{"@context":"https:\/\/schema.org","@graph":[{"@type":"WebPage","@id":"https:\/\/www.welovecycling.com\/hu\/edzes-es-eletmod\/szamit-hogy-mit-nem-eszel-meg\/","url":"https:\/\/www.welovecycling.com\/hu\/edzes-es-eletmod\/szamit-hogy-mit-nem-eszel-meg\/","name":"Sz\u00e1m\u00edt, hogy mit nem eszel meg - \u0160koda We Love Cycling - Magyarorsz\u00e1g","isPartOf":{"@id":"https:\/\/www.welovecycling.com\/hu\/#website"},"primaryImageOfPage":{"@id":"https:\/\/www.welovecycling.com\/hu\/edzes-es-eletmod\/szamit-hogy-mit-nem-eszel-meg\/#primaryimage"},"image":{"@id":"https:\/\/www.welovecycling.com\/hu\/edzes-es-eletmod\/szamit-hogy-mit-nem-eszel-meg\/#primaryimage"},"thumbnailUrl":"https:\/\/d2p6e6u75xmxt8.cloudfront.net\/12\/2018\/03\/32323232_1323224.jpg","datePublished":"2018-03-08T11:42:04+00:00","dateModified":"2018-03-08T11:42:46+00:00","author":{"@id":"https:\/\/www.welovecycling.com\/hu\/#\/schema\/person\/414a2aebf1801691a5320edb6468e194"},"description":"Milyen \u00e9lelmiszert nem kellene otthon tartanod? Ha megk\u00e9rdezel sz\u00e1z t\u00e1pl\u00e1lkoz\u00e1si szak\u00e9rt\u0151t, sz\u00e1z k\u00fcl\u00f6nb\u00f6z\u0151 v\u00e1laszt fogsz kapni. A sokf\u00e9le..","breadcrumb":{"@id":"https:\/\/www.welovecycling.com\/hu\/edzes-es-eletmod\/szamit-hogy-mit-nem-eszel-meg\/#breadcrumb"},"inLanguage":"hu","potentialAction":[{"@type":"ReadAction","target":["https:\/\/www.welovecycling.com\/hu\/edzes-es-eletmod\/szamit-hogy-mit-nem-eszel-meg\/"]}]},{"@type":"ImageObject","inLanguage":"hu","@id":"https:\/\/www.welovecycling.com\/hu\/edzes-es-eletmod\/szamit-hogy-mit-nem-eszel-meg\/#primaryimage","url":"https:\/\/d2p6e6u75xmxt8.cloudfront.net\/12\/2018\/03\/32323232_1323224.jpg","contentUrl":"https:\/\/d2p6e6u75xmxt8.cloudfront.net\/12\/2018\/03\/32323232_1323224.jpg","width":950,"height":350},{"@type":"BreadcrumbList","@id":"https:\/\/www.welovecycling.com\/hu\/edzes-es-eletmod\/szamit-hogy-mit-nem-eszel-meg\/#breadcrumb","itemListElement":[{"@type":"ListItem","position":1,"name":"Home","item":"https:\/\/www.welovecycling.com\/hu\/"},{"@type":"ListItem","position":2,"name":"Sz\u00e1m\u00edt, hogy mit nem eszel meg"}]},{"@type":"WebSite","@id":"https:\/\/www.welovecycling.com\/hu\/#website","url":"https:\/\/www.welovecycling.com\/hu\/","name":"\u0160koda We Love Cycling - Magyarorsz\u00e1g","description":"\u0160koda WeLoveCycling","potentialAction":[{"@type":"SearchAction","target":{"@type":"EntryPoint","urlTemplate":"https:\/\/www.welovecycling.com\/hu\/?s={search_term_string}"},"query-input":{"@type":"PropertyValueSpecification","valueRequired":true,"valueName":"search_term_string"}}],"inLanguage":"hu"},{"@type":"Person","@id":"https:\/\/www.welovecycling.com\/hu\/#\/schema\/person\/414a2aebf1801691a5320edb6468e194","name":"hegyizs","image":{"@type":"ImageObject","inLanguage":"hu","@id":"https:\/\/www.welovecycling.com\/hu\/#\/schema\/person\/image\/","url":"https:\/\/secure.gravatar.com\/avatar\/02cf8a7906b8cf90cecb4679defac7cfd33a1c2e3b88e4903d947f3bb58eedd3?s=96&d=mm&r=g","contentUrl":"https:\/\/secure.gravatar.com\/avatar\/02cf8a7906b8cf90cecb4679defac7cfd33a1c2e3b88e4903d947f3bb58eedd3?s=96&d=mm&r=g","caption":"hegyizs"},"url":"https:\/\/www.welovecycling.com\/hu\/author\/hegyizs\/"}]}},"_links":{"self":[{"href":"https:\/\/www.welovecycling.com\/hu\/wp-json\/wp\/v2\/posts\/292","targetHints":{"allow":["GET"]}}],"collection":[{"href":"https:\/\/www.welovecycling.com\/hu\/wp-json\/wp\/v2\/posts"}],"about":[{"href":"https:\/\/www.welovecycling.com\/hu\/wp-json\/wp\/v2\/types\/post"}],"author":[{"embeddable":true,"href":"https:\/\/www.welovecycling.com\/hu\/wp-json\/wp\/v2\/users\/71"}],"replies":[{"embeddable":true,"href":"https:\/\/www.welovecycling.com\/hu\/wp-json\/wp\/v2\/comments?post=292"}],"version-history":[{"count":1,"href":"https:\/\/www.welovecycling.com\/hu\/wp-json\/wp\/v2\/posts\/292\/revisions"}],"predecessor-version":[{"id":401,"href":"https:\/\/www.welovecycling.com\/hu\/wp-json\/wp\/v2\/posts\/292\/revisions\/401"}],"wp:featuredmedia":[{"embeddable":true,"href":"https:\/\/www.welovecycling.com\/hu\/wp-json\/wp\/v2\/media\/293"}],"wp:attachment":[{"href":"https:\/\/www.welovecycling.com\/hu\/wp-json\/wp\/v2\/media?parent=292"}],"wp:term":[{"taxonomy":"category","embeddable":true,"href":"https:\/\/www.welovecycling.com\/hu\/wp-json\/wp\/v2\/categories?post=292"},{"taxonomy":"post_tag","embeddable":true,"href":"https:\/\/www.welovecycling.com\/hu\/wp-json\/wp\/v2\/tags?post=292"},{"taxonomy":"global-categories","embeddable":true,"href":"https:\/\/www.welovecycling.com\/hu\/wp-json\/wp\/v2\/global-categories?post=292"}],"curies":[{"name":"wp","href":"https:\/\/api.w.org\/{rel}","templated":true}]}}