{"id":2912,"date":"2019-03-24T06:00:56","date_gmt":"2019-03-24T05:00:56","guid":{"rendered":"https:\/\/www.welovecycling.com\/hu\/?p=2912"},"modified":"2019-03-12T16:23:22","modified_gmt":"2019-03-12T15:23:22","slug":"bringazas-es-sznoberia-miert-nem-tekernek-tobben","status":"publish","type":"post","link":"https:\/\/www.welovecycling.com\/hu\/kozosseg-es-kultura\/bringazas-es-sznoberia-miert-nem-tekernek-tobben\/","title":{"rendered":"Bring\u00e1z\u00e1s \u00e9s sznob\u00e9ria: Mi\u00e9rt nem tekernek t\u00f6bben?"},"content":{"rendered":"<p><strong>Val\u00f3sz\u00edn\u0171leg az\u00e9rt olvasod ezt a bejegyz\u00e9st, mert \u00fagy gondolod, tekerni szuper dolog. \u00c1m, ha a d\u00e1n \u00e9s holland ut\u00f3pi\u00e1n k\u00edv\u00fcl \u00e9lsz, lehet hogy csak vakarod a fejed, mik\u00f6zben azon tanakodsz, hogy akkor mi\u00e9rt nem csatlakoznak t\u00f6bben? Ma az egyik ilyen visszatart\u00f3 er\u0151t j\u00e1rjuk k\u00f6rbe \u2013 a sznobizmust.<\/strong><\/p>\n<p><strong>Orsz\u00e1g\u00fati bring\u00e1s sznobok<\/strong><\/p>\n<p>Furcs\u00e1nak t\u0171nik, de a legr\u00f6hejesebb kin\u00e9zet\u0171 bring\u00e1sokat azonos\u00edtj\u00e1k a ker\u00e9kp\u00e1ros sznobs\u00e1ggal. Be kell vallanom, hogy \u00e9n t\u00f6k\u00e9letesen tiszt\u00e1ban vagyok a saj\u00e1t sznobs\u00e1gommal \u2013 im\u00e1dom a bring\u00e1s ruh\u00e1kat, im\u00e1dom a bring\u00e1kat, im\u00e1dom az eg\u00e9sz kult\u00far\u00e1t. A <a href=\"https:\/\/peopleforbikes.org\/\">People For Bikes<\/a> bring\u00e1s \u00e9rdekk\u00e9pviseleti csoport foglalja \u00f6ssze az ilyen orsz\u00e1g\u00fati bring\u00e1s \u00e9let abszurdumait.<\/p>\n<p><iframe loading=\"lazy\" src=\"https:\/\/www.youtube-nocookie.com\/embed\/GMCkuqL9IcM?feature=oembed&amp;feature=youtu.be\" width=\"500\" height=\"281\" frameborder=\"0\" allowfullscreen=\"allowfullscreen\"><\/iframe><\/p>\n<p>Az ir\u00f3nia az eg\u00e9szben, hogy ami nevets\u00e9gess\u00e9 teszi a bicajosok kin\u00e9zet\u00e9t, az teszi \u0151ket sznobb\u00e1 is. Ami egyben szomor\u00fa is, mert az orsz\u00e1g\u00fati teker\u00e9s, a bicikliz\u00e9s legegyszer\u0171bb form\u00e1ja kellene, hogy legyen a kezd\u0151k sz\u00e1m\u00e1ra. Az sem seg\u00edt, hogy az \u00fcbersznobokat, azaz a \u201eVelomin\u00e1tusokat\u201d n\u00e9ha komolyan is veszik.<\/p>\n<p><strong>Mountain bike sznobok<\/strong><\/p>\n<p>A csorda jelleg\u0171 csoportban teker\u00e9shez k\u00e9pest a montisok ak\u00e1r felvil\u00e1gosult szabadgondolkod\u00f3knak is t\u0171nhetnek, eg\u00e9szen addig, am\u00edg r\u00e1j\u00f6ssz, hogy a mountain bike t\u00f6bb, k\u00fcl\u00f6nf\u00e9le eszk\u00f6z gy\u0171jt\u0151neve. A montikhoz sz\u00e1mtalan k\u00fcl\u00f6nb\u00f6z\u0151 ker\u00e9km\u00e9ret, hajt\u00e1sl\u00e1nc \u00e9s f\u00e9krendszer tartozik, az \u00f6sszes elk\u00e9pzelhet\u0151 szitu\u00e1ci\u00f3ra tervezve. Az avatatlanok sz\u00e1m\u00e1ra a kifejez\u00e9sek sora zavarba ejt\u0151en hossz\u00fa. Vegy\u00fck csak szem\u00fcgyre a felf\u00fcggeszt\u00e9st.<\/p>\n<p><iframe loading=\"lazy\" src=\"https:\/\/www.youtube-nocookie.com\/embed\/FWce703mW6g?feature=oembed\" width=\"500\" height=\"281\" frameborder=\"0\" allowfullscreen=\"allowfullscreen\"><\/iframe><\/p>\n<p>H\u00e1ny montis kell egy ker\u00e9kcser\u00e9hez? H\u00e9t \u2013 egy, aki kicser\u00e9li \u00e9s hat, akik elmondj\u00e1k, szerint\u00fck hogy kellett volna csin\u00e1lni. Majdnem minden bring\u00e1val kapcsolatos d\u00f6nt\u00e9sed \u2013 l\u00e1tsz\u00f3lag seg\u00edt\u0151 sz\u00e1nd\u00e9k\u00fa \u2013 kritik\u00e1ra ad alapot. Hacsak nem mag\u00e1t\u00f3l <a href=\"https:\/\/www.youtube.com\/watch?v=r4htMo6VME8\">Nino Schurtert\u0151l kapsz bring\u00e1s tan\u00e1csot<\/a>, nyugodtan elengedheted a f\u00fcled mellett, mit mond egy monti sznob.<\/p>\n<p><strong>V\u00e1rosi sznobok<\/strong><\/p>\n<p>A s\u0171r\u0171n lakott ter\u00fcletek tele kellene, hogy legyenek r\u00f6vid t\u00e1vokon teker\u0151 bring\u00e1sokkal. Az \u00fagynevezett Koppenh\u00e1ga-k\u00eds\u00e9rlet tanuls\u00e1ga szerint az aut\u00f3sok \u00e9s a biciklisek sz\u00e1m\u00e1ra is kedvez\u0151 lenne, <a href=\"http:\/\/www.brake.org.uk\/2young2die\/15-facts-a-resources\/facts\/1246-cyclist-safety\">ha t\u00f6bben bring\u00e1zn\u00e1nak<\/a>. Amit\u0151l a v\u00e1rosi sznob bring\u00e1sok macs\u00f3s\u00e1ga m\u00e9g kellemetlenebb, hiszen ahelyett, hogy a ker\u00e9kp\u00e1roz\u00e1st egy kellemes dologk\u00e9nt t\u00fcntetn\u00e9k fel, azt akarj\u00e1k sugallni, hogy ez egy vesz\u00e9lyekkel teli, kock\u00e1zatos tev\u00e9kenys\u00e9g.<\/p>\n<p><iframe loading=\"lazy\" src=\"https:\/\/www.youtube-nocookie.com\/embed\/N294ROLXeKo?feature=oembed&amp;feature=youtu.be\" width=\"500\" height=\"281\" frameborder=\"0\" allowfullscreen=\"allowfullscreen\"><\/iframe><\/p>\n<p>A v\u00e1rosi bring\u00e1z\u00e1s is \u00e1ldozat\u00e1ul esik a k\u00fcl\u00f6nb\u00f6z\u0151 trendeknek \u00e9s divath\u00f3bortoknak. Nincs baj a fixikkel, de szent\u00fcl hiszem, hogy az\u00e9rt, mert olyan n\u00e9pszer\u0171ek, mint egy divatos kieg\u00e9sz\u00edt\u0151, r\u00e1ad\u00e1sul nem is t\u00fal praktikusak, sim\u00e1n elvehetik a kezd\u0151 bring\u00e1sok kedv\u00e9t, akik jobban j\u00e1rtak volna, ha vesznek egy sima sebess\u00e9gv\u00e1lt\u00f3s bicajt.<\/p>\n<p>Ha m\u00e1r itt tartunk, a fixik mondjuk el\u00e9g men\u0151k. A probl\u00e9ma pedig ebben rejlik \u2013 a bicikliz\u00e9s men\u0151. Ha biciklizel, akkor men\u0151 vagy. N\u00e9ha el\u00e9g neh\u00e9z nem sznobnak lenni.<\/p>\n<p><iframe loading=\"lazy\" src=\"https:\/\/www.youtube-nocookie.com\/embed\/o_ajdmsiOGI?start=1&amp;feature=oembed&amp;t=1s\" width=\"500\" height=\"281\" frameborder=\"0\" allowfullscreen=\"allowfullscreen\"><\/iframe><\/p>\n","protected":false},"excerpt":{"rendered":"<p>Val\u00f3sz\u00edn\u0171leg az\u00e9rt olvasod ezt a bejegyz\u00e9st, mert \u00fagy gondolod, tekerni szuper dolog. \u00c1m, ha a d\u00e1n \u00e9s holland ut\u00f3pi\u00e1n k\u00edv\u00fcl [&hellip;]<\/p>\n","protected":false},"author":71,"featured_media":2913,"comment_status":"open","ping_status":"open","sticky":false,"template":"","format":"standard","meta":{"footnotes":""},"categories":[12],"tags":[29,82,350,103],"global-categories":[],"class_list":["post-2912","post","type-post","status-publish","format-standard","has-post-thumbnail","hentry","category-kozosseg-es-kultura","tag-mountain-bike","tag-orszaguti-kerekpar","tag-sznoberia","tag-varosi-kerekpar"],"yoast_head":"<!-- This site is optimized with the Yoast SEO Premium plugin v25.3 (Yoast SEO v25.9) - https:\/\/yoast.com\/wordpress\/plugins\/seo\/ -->\n<title>Bring\u00e1z\u00e1s \u00e9s sznob\u00e9ria: Mi\u00e9rt nem tekernek t\u00f6bben? - \u0160koda We Love Cycling - Magyarorsz\u00e1g<\/title>\n<meta name=\"robots\" content=\"index, follow, max-snippet:-1, max-image-preview:large, max-video-preview:-1\" \/>\n<link rel=\"canonical\" href=\"https:\/\/www.welovecycling.com\/hu\/kozosseg-es-kultura\/bringazas-es-sznoberia-miert-nem-tekernek-tobben\/\" \/>\n<meta property=\"og:locale\" content=\"hu_HU\" \/>\n<meta property=\"og:type\" content=\"article\" \/>\n<meta property=\"og:title\" content=\"Bring\u00e1z\u00e1s \u00e9s sznob\u00e9ria: Mi\u00e9rt nem tekernek t\u00f6bben?\" \/>\n<meta property=\"og:description\" content=\"Val\u00f3sz\u00edn\u0171leg az\u00e9rt olvasod ezt a bejegyz\u00e9st, mert \u00fagy gondolod, tekerni szuper dolog. \u00c1m, ha a d\u00e1n \u00e9s holland ut\u00f3pi\u00e1n k\u00edv\u00fcl [&hellip;]\" \/>\n<meta property=\"og:url\" content=\"https:\/\/www.welovecycling.com\/hu\/kozosseg-es-kultura\/bringazas-es-sznoberia-miert-nem-tekernek-tobben\/\" \/>\n<meta property=\"og:site_name\" content=\"\u0160koda We Love Cycling - Magyarorsz\u00e1g\" \/>\n<meta property=\"article:publisher\" content=\"https:\/\/www.facebook.com\/WeLoveCyclingHungary\/\" \/>\n<meta property=\"article:published_time\" content=\"2019-03-24T05:00:56+00:00\" \/>\n<meta property=\"og:image\" content=\"https:\/\/d2p6e6u75xmxt8.cloudfront.net\/12\/2019\/03\/rapha1-768x335.jpg\" \/>\n\t<meta property=\"og:image:width\" content=\"768\" \/>\n\t<meta property=\"og:image:height\" content=\"335\" \/>\n\t<meta property=\"og:image:type\" content=\"image\/jpeg\" \/>\n<meta name=\"author\" content=\"hegyizs\" \/>\n<meta name=\"twitter:card\" content=\"summary_large_image\" \/>\n<meta name=\"twitter:label1\" content=\"Written by\" \/>\n\t<meta name=\"twitter:data1\" content=\"hegyizs\" \/>\n\t<meta name=\"twitter:label2\" content=\"Est. reading time\" \/>\n\t<meta name=\"twitter:data2\" content=\"3 minutes\" \/>\n<script type=\"application\/ld+json\" class=\"yoast-schema-graph\">{\"@context\":\"https:\/\/schema.org\",\"@graph\":[{\"@type\":\"WebPage\",\"@id\":\"https:\/\/www.welovecycling.com\/hu\/kozosseg-es-kultura\/bringazas-es-sznoberia-miert-nem-tekernek-tobben\/\",\"url\":\"https:\/\/www.welovecycling.com\/hu\/kozosseg-es-kultura\/bringazas-es-sznoberia-miert-nem-tekernek-tobben\/\",\"name\":\"Bring\u00e1z\u00e1s \u00e9s sznob\u00e9ria: Mi\u00e9rt nem tekernek t\u00f6bben? - \u0160koda We Love Cycling - Magyarorsz\u00e1g\",\"isPartOf\":{\"@id\":\"https:\/\/www.welovecycling.com\/hu\/#website\"},\"primaryImageOfPage\":{\"@id\":\"https:\/\/www.welovecycling.com\/hu\/kozosseg-es-kultura\/bringazas-es-sznoberia-miert-nem-tekernek-tobben\/#primaryimage\"},\"image\":{\"@id\":\"https:\/\/www.welovecycling.com\/hu\/kozosseg-es-kultura\/bringazas-es-sznoberia-miert-nem-tekernek-tobben\/#primaryimage\"},\"thumbnailUrl\":\"https:\/\/d2p6e6u75xmxt8.cloudfront.net\/12\/2019\/03\/rapha1-768x335.jpg\",\"datePublished\":\"2019-03-24T05:00:56+00:00\",\"author\":{\"@id\":\"https:\/\/www.welovecycling.com\/hu\/#\/schema\/person\/414a2aebf1801691a5320edb6468e194\"},\"breadcrumb\":{\"@id\":\"https:\/\/www.welovecycling.com\/hu\/kozosseg-es-kultura\/bringazas-es-sznoberia-miert-nem-tekernek-tobben\/#breadcrumb\"},\"inLanguage\":\"hu\",\"potentialAction\":[{\"@type\":\"ReadAction\",\"target\":[\"https:\/\/www.welovecycling.com\/hu\/kozosseg-es-kultura\/bringazas-es-sznoberia-miert-nem-tekernek-tobben\/\"]}]},{\"@type\":\"ImageObject\",\"inLanguage\":\"hu\",\"@id\":\"https:\/\/www.welovecycling.com\/hu\/kozosseg-es-kultura\/bringazas-es-sznoberia-miert-nem-tekernek-tobben\/#primaryimage\",\"url\":\"https:\/\/d2p6e6u75xmxt8.cloudfront.net\/12\/2019\/03\/rapha1-768x335.jpg\",\"contentUrl\":\"https:\/\/d2p6e6u75xmxt8.cloudfront.net\/12\/2019\/03\/rapha1-768x335.jpg\",\"width\":768,\"height\":335},{\"@type\":\"BreadcrumbList\",\"@id\":\"https:\/\/www.welovecycling.com\/hu\/kozosseg-es-kultura\/bringazas-es-sznoberia-miert-nem-tekernek-tobben\/#breadcrumb\",\"itemListElement\":[{\"@type\":\"ListItem\",\"position\":1,\"name\":\"Home\",\"item\":\"https:\/\/www.welovecycling.com\/hu\/\"},{\"@type\":\"ListItem\",\"position\":2,\"name\":\"Bring\u00e1z\u00e1s \u00e9s sznob\u00e9ria: Mi\u00e9rt nem tekernek t\u00f6bben?\"}]},{\"@type\":\"WebSite\",\"@id\":\"https:\/\/www.welovecycling.com\/hu\/#website\",\"url\":\"https:\/\/www.welovecycling.com\/hu\/\",\"name\":\"\u0160koda We Love Cycling - Magyarorsz\u00e1g\",\"description\":\"\u0160koda WeLoveCycling\",\"potentialAction\":[{\"@type\":\"SearchAction\",\"target\":{\"@type\":\"EntryPoint\",\"urlTemplate\":\"https:\/\/www.welovecycling.com\/hu\/?s={search_term_string}\"},\"query-input\":{\"@type\":\"PropertyValueSpecification\",\"valueRequired\":true,\"valueName\":\"search_term_string\"}}],\"inLanguage\":\"hu\"},{\"@type\":\"Person\",\"@id\":\"https:\/\/www.welovecycling.com\/hu\/#\/schema\/person\/414a2aebf1801691a5320edb6468e194\",\"name\":\"hegyizs\",\"image\":{\"@type\":\"ImageObject\",\"inLanguage\":\"hu\",\"@id\":\"https:\/\/www.welovecycling.com\/hu\/#\/schema\/person\/image\/\",\"url\":\"https:\/\/secure.gravatar.com\/avatar\/02cf8a7906b8cf90cecb4679defac7cfd33a1c2e3b88e4903d947f3bb58eedd3?s=96&d=mm&r=g\",\"contentUrl\":\"https:\/\/secure.gravatar.com\/avatar\/02cf8a7906b8cf90cecb4679defac7cfd33a1c2e3b88e4903d947f3bb58eedd3?s=96&d=mm&r=g\",\"caption\":\"hegyizs\"},\"url\":\"https:\/\/www.welovecycling.com\/hu\/author\/hegyizs\/\"}]}<\/script>\n<!-- \/ Yoast SEO Premium plugin. -->","yoast_head_json":{"title":"Bring\u00e1z\u00e1s \u00e9s sznob\u00e9ria: Mi\u00e9rt nem tekernek t\u00f6bben? - \u0160koda We Love Cycling - Magyarorsz\u00e1g","robots":{"index":"index","follow":"follow","max-snippet":"max-snippet:-1","max-image-preview":"max-image-preview:large","max-video-preview":"max-video-preview:-1"},"canonical":"https:\/\/www.welovecycling.com\/hu\/kozosseg-es-kultura\/bringazas-es-sznoberia-miert-nem-tekernek-tobben\/","og_locale":"hu_HU","og_type":"article","og_title":"Bring\u00e1z\u00e1s \u00e9s sznob\u00e9ria: Mi\u00e9rt nem tekernek t\u00f6bben?","og_description":"Val\u00f3sz\u00edn\u0171leg az\u00e9rt olvasod ezt a bejegyz\u00e9st, mert \u00fagy gondolod, tekerni szuper dolog. \u00c1m, ha a d\u00e1n \u00e9s holland ut\u00f3pi\u00e1n k\u00edv\u00fcl [&hellip;]","og_url":"https:\/\/www.welovecycling.com\/hu\/kozosseg-es-kultura\/bringazas-es-sznoberia-miert-nem-tekernek-tobben\/","og_site_name":"\u0160koda We Love Cycling - Magyarorsz\u00e1g","article_publisher":"https:\/\/www.facebook.com\/WeLoveCyclingHungary\/","article_published_time":"2019-03-24T05:00:56+00:00","og_image":[{"width":768,"height":335,"url":"https:\/\/d2p6e6u75xmxt8.cloudfront.net\/12\/2019\/03\/rapha1-768x335.jpg","type":"image\/jpeg"}],"author":"hegyizs","twitter_card":"summary_large_image","twitter_misc":{"Written by":"hegyizs","Est. reading time":"3 minutes"},"schema":{"@context":"https:\/\/schema.org","@graph":[{"@type":"WebPage","@id":"https:\/\/www.welovecycling.com\/hu\/kozosseg-es-kultura\/bringazas-es-sznoberia-miert-nem-tekernek-tobben\/","url":"https:\/\/www.welovecycling.com\/hu\/kozosseg-es-kultura\/bringazas-es-sznoberia-miert-nem-tekernek-tobben\/","name":"Bring\u00e1z\u00e1s \u00e9s sznob\u00e9ria: Mi\u00e9rt nem tekernek t\u00f6bben? - \u0160koda We Love Cycling - Magyarorsz\u00e1g","isPartOf":{"@id":"https:\/\/www.welovecycling.com\/hu\/#website"},"primaryImageOfPage":{"@id":"https:\/\/www.welovecycling.com\/hu\/kozosseg-es-kultura\/bringazas-es-sznoberia-miert-nem-tekernek-tobben\/#primaryimage"},"image":{"@id":"https:\/\/www.welovecycling.com\/hu\/kozosseg-es-kultura\/bringazas-es-sznoberia-miert-nem-tekernek-tobben\/#primaryimage"},"thumbnailUrl":"https:\/\/d2p6e6u75xmxt8.cloudfront.net\/12\/2019\/03\/rapha1-768x335.jpg","datePublished":"2019-03-24T05:00:56+00:00","author":{"@id":"https:\/\/www.welovecycling.com\/hu\/#\/schema\/person\/414a2aebf1801691a5320edb6468e194"},"breadcrumb":{"@id":"https:\/\/www.welovecycling.com\/hu\/kozosseg-es-kultura\/bringazas-es-sznoberia-miert-nem-tekernek-tobben\/#breadcrumb"},"inLanguage":"hu","potentialAction":[{"@type":"ReadAction","target":["https:\/\/www.welovecycling.com\/hu\/kozosseg-es-kultura\/bringazas-es-sznoberia-miert-nem-tekernek-tobben\/"]}]},{"@type":"ImageObject","inLanguage":"hu","@id":"https:\/\/www.welovecycling.com\/hu\/kozosseg-es-kultura\/bringazas-es-sznoberia-miert-nem-tekernek-tobben\/#primaryimage","url":"https:\/\/d2p6e6u75xmxt8.cloudfront.net\/12\/2019\/03\/rapha1-768x335.jpg","contentUrl":"https:\/\/d2p6e6u75xmxt8.cloudfront.net\/12\/2019\/03\/rapha1-768x335.jpg","width":768,"height":335},{"@type":"BreadcrumbList","@id":"https:\/\/www.welovecycling.com\/hu\/kozosseg-es-kultura\/bringazas-es-sznoberia-miert-nem-tekernek-tobben\/#breadcrumb","itemListElement":[{"@type":"ListItem","position":1,"name":"Home","item":"https:\/\/www.welovecycling.com\/hu\/"},{"@type":"ListItem","position":2,"name":"Bring\u00e1z\u00e1s \u00e9s sznob\u00e9ria: Mi\u00e9rt nem tekernek t\u00f6bben?"}]},{"@type":"WebSite","@id":"https:\/\/www.welovecycling.com\/hu\/#website","url":"https:\/\/www.welovecycling.com\/hu\/","name":"\u0160koda We Love Cycling - Magyarorsz\u00e1g","description":"\u0160koda WeLoveCycling","potentialAction":[{"@type":"SearchAction","target":{"@type":"EntryPoint","urlTemplate":"https:\/\/www.welovecycling.com\/hu\/?s={search_term_string}"},"query-input":{"@type":"PropertyValueSpecification","valueRequired":true,"valueName":"search_term_string"}}],"inLanguage":"hu"},{"@type":"Person","@id":"https:\/\/www.welovecycling.com\/hu\/#\/schema\/person\/414a2aebf1801691a5320edb6468e194","name":"hegyizs","image":{"@type":"ImageObject","inLanguage":"hu","@id":"https:\/\/www.welovecycling.com\/hu\/#\/schema\/person\/image\/","url":"https:\/\/secure.gravatar.com\/avatar\/02cf8a7906b8cf90cecb4679defac7cfd33a1c2e3b88e4903d947f3bb58eedd3?s=96&d=mm&r=g","contentUrl":"https:\/\/secure.gravatar.com\/avatar\/02cf8a7906b8cf90cecb4679defac7cfd33a1c2e3b88e4903d947f3bb58eedd3?s=96&d=mm&r=g","caption":"hegyizs"},"url":"https:\/\/www.welovecycling.com\/hu\/author\/hegyizs\/"}]}},"_links":{"self":[{"href":"https:\/\/www.welovecycling.com\/hu\/wp-json\/wp\/v2\/posts\/2912","targetHints":{"allow":["GET"]}}],"collection":[{"href":"https:\/\/www.welovecycling.com\/hu\/wp-json\/wp\/v2\/posts"}],"about":[{"href":"https:\/\/www.welovecycling.com\/hu\/wp-json\/wp\/v2\/types\/post"}],"author":[{"embeddable":true,"href":"https:\/\/www.welovecycling.com\/hu\/wp-json\/wp\/v2\/users\/71"}],"replies":[{"embeddable":true,"href":"https:\/\/www.welovecycling.com\/hu\/wp-json\/wp\/v2\/comments?post=2912"}],"version-history":[{"count":1,"href":"https:\/\/www.welovecycling.com\/hu\/wp-json\/wp\/v2\/posts\/2912\/revisions"}],"predecessor-version":[{"id":2914,"href":"https:\/\/www.welovecycling.com\/hu\/wp-json\/wp\/v2\/posts\/2912\/revisions\/2914"}],"wp:featuredmedia":[{"embeddable":true,"href":"https:\/\/www.welovecycling.com\/hu\/wp-json\/wp\/v2\/media\/2913"}],"wp:attachment":[{"href":"https:\/\/www.welovecycling.com\/hu\/wp-json\/wp\/v2\/media?parent=2912"}],"wp:term":[{"taxonomy":"category","embeddable":true,"href":"https:\/\/www.welovecycling.com\/hu\/wp-json\/wp\/v2\/categories?post=2912"},{"taxonomy":"post_tag","embeddable":true,"href":"https:\/\/www.welovecycling.com\/hu\/wp-json\/wp\/v2\/tags?post=2912"},{"taxonomy":"global-categories","embeddable":true,"href":"https:\/\/www.welovecycling.com\/hu\/wp-json\/wp\/v2\/global-categories?post=2912"}],"curies":[{"name":"wp","href":"https:\/\/api.w.org\/{rel}","templated":true}]}}