{"id":2905,"date":"2019-03-12T15:57:22","date_gmt":"2019-03-12T13:57:22","guid":{"rendered":"https:\/\/www.welovecycling.com\/hu\/?p=2905"},"modified":"2022-02-09T09:49:44","modified_gmt":"2022-02-09T07:49:44","slug":"a-skoda-2023-ig-meghosszabbitotta-a-szponzori-megallapodasat-a-tour-de-france-szervezojevel-az-a-s-o-val","status":"publish","type":"post","link":"https:\/\/www.welovecycling.com\/hu\/tour-de-france\/a-skoda-2023-ig-meghosszabbitotta-a-szponzori-megallapodasat-a-tour-de-france-szervezojevel-az-a-s-o-val\/","title":{"rendered":"A \u0160koda 2023-ig meghosszabb\u00edtotta a szponzori meg\u00e1llapod\u00e1s\u00e1t a Tour de France szervez\u0151j\u00e9vel, az A.S.O-val"},"content":{"rendered":"<p>\u203a <strong>A \u0160koda AUTO \u00e9s a Tour de France szervez\u0151je, az A.S.O. 2023-ig meghosszabb\u00edtj\u00e1k a partneri egy\u00fcttm\u0171k\u00f6d\u00e9s\u00fcket<\/strong><\/p>\n<p><strong>\u203a A cseh g\u00e9pj\u00e1rm\u0171gy\u00e1rt\u00f3 15 \u00e9ve a Tour de France t\u00e1mogat\u00f3ja<\/strong><\/p>\n<p><strong>\u203a A sz\u00e9les k\u00f6r\u0171 egy\u00fcttm\u0171k\u00f6d\u00e9s az A.S.O-val a ker\u00e9kp\u00e1roz\u00e1s vil\u00e1g\u00e1nak tov\u00e1bbi ter\u00fcleteire is kiterjed majd<\/strong><\/p>\n<p>Mlada Boleslav\/Genf, 2019. m\u00e1rcius 6. &#8211; A \u0160koda AUTO tov\u00e1bb b\u0151v\u00edti a Tour de France hivatalos kiemelt t\u00e1mogat\u00f3jak\u00e9nt \u00e9s g\u00e9pj\u00e1rm\u0171-partnerek\u00e9nt megl\u00e9v\u0151 eddigi k\u00f6telezetts\u00e9gv\u00e1llal\u00e1sait. Az aut\u00f3gy\u00e1rt\u00f3 \u00e9s a sportesem\u00e9ny-szervez\u0151je ezzel tov\u00e1bbi k\u00f6z\u00f6s sikereket alapoz meg, \u00e9p\u00edtve a 15 \u00e9ve m\u0171k\u00f6d\u0151 partners\u00e9gre. Bernhard Maier, a \u0160koda AUTO vez\u00e9rigazgat\u00f3ja \u00e9s Alain Favey, a \u0160koda AUTO \u00e9rt\u00e9kes\u00edt\u00e9s\u00e9rt \u00e9s marketing\u00e9rt felel\u0151s igazgat\u00f3s\u00e1gi tagja ma \u00edrt\u00e1k al\u00e1 a cseh aut\u00f3gy\u00e1rt\u00f3 nev\u00e9ben a szerz\u0151d\u00e9st Genfben. A Tour de France szervez\u0151je, az A.S.O. (Amaury Sport Organisation) nev\u00e9ben az eln\u00f6k, Jean-\u00c9tienne Amaury l\u00e1tta el k\u00e9zjegy\u00e9vel a dokumentumot. A Tour de France versenyt az igazgat\u00f3, Christian Prudhomme k\u00e9pviselte. A sz\u00e9les k\u00f6r\u0171 kooper\u00e1ci\u00f3 nem csak a Tour de France partners\u00e9get foglalja mag\u00e1ban, de m\u00e1s ker\u00e9kp\u00e1ros versenyeket is.<\/p>\n<p>Alain Favey, a \u0160koda AUTO \u00e9rt\u00e9kes\u00edt\u00e9s\u00e9rt \u00e9s marketing\u00e9rt felel\u0151s igazgat\u00f3s\u00e1gi tagja elmondta: \u201eA \u0160koda \u00e9s a ker\u00e9kp\u00e1roz\u00e1s k\u00e9z a k\u00e9zben j\u00e1rnak. A Tour de France szervez\u0151j\u00e9vel, az A.S.O-val hossz\u00fa ideje fenn\u00e1ll\u00f3 partners\u00e9g\u00fcnk meghosszabb\u00edt\u00e1sa kifejezi a \u0160koda m\u00e1rka elk\u00f6telezetts\u00e9g\u00e9t a ker\u00e9kp\u00e1roz\u00e1s ir\u00e1nt, a Tour de France \u00e9s m\u00e1s neves ker\u00e9kp\u00e1rversenyek t\u00e1mogat\u00e1sa pedig 124 \u00e9ves v\u00e1llalati trad\u00edci\u00f3nk r\u00e9sze. A m\u00e1rk\u00e1nk sikert\u00f6rt\u00e9nete eg\u00e9szen pontosan ker\u00e9kp\u00e1rok gy\u00e1rt\u00e1s\u00e1val kezd\u0151d\u00f6tt, 1895 december\u00e9ben.\u201d<\/p>\n<p><a href=\"https:\/\/d2p6e6u75xmxt8.cloudfront.net\/12\/2019\/03\/190306-SKODA-AUTO-extends-sponsorship-with-Tour-de-France-till-2023.jpg\"><img loading=\"lazy\" decoding=\"async\" class=\"aligncenter size-full wp-image-2906\" src=\"https:\/\/d2p6e6u75xmxt8.cloudfront.net\/12\/2019\/03\/190306-SKODA-AUTO-extends-sponsorship-with-Tour-de-France-till-2023.jpg\" alt=\"\" width=\"4942\" height=\"3055\" srcset=\"https:\/\/d2p6e6u75xmxt8.cloudfront.net\/12\/2019\/03\/190306-SKODA-AUTO-extends-sponsorship-with-Tour-de-France-till-2023.jpg 4942w, https:\/\/d2p6e6u75xmxt8.cloudfront.net\/12\/2019\/03\/190306-SKODA-AUTO-extends-sponsorship-with-Tour-de-France-till-2023-300x185.jpg 300w, https:\/\/d2p6e6u75xmxt8.cloudfront.net\/12\/2019\/03\/190306-SKODA-AUTO-extends-sponsorship-with-Tour-de-France-till-2023-768x475.jpg 768w, https:\/\/d2p6e6u75xmxt8.cloudfront.net\/12\/2019\/03\/190306-SKODA-AUTO-extends-sponsorship-with-Tour-de-France-till-2023-1024x633.jpg 1024w, https:\/\/d2p6e6u75xmxt8.cloudfront.net\/12\/2019\/03\/190306-SKODA-AUTO-extends-sponsorship-with-Tour-de-France-till-2023-1920x1187.jpg 1920w, https:\/\/d2p6e6u75xmxt8.cloudfront.net\/12\/2019\/03\/190306-SKODA-AUTO-extends-sponsorship-with-Tour-de-France-till-2023-1920x1187.jpg 1920w\" sizes=\"auto, (max-width: 4942px) 100vw, 4942px\" \/><\/a><\/p>\n<p>A Tour de France-on k\u00edv\u00fcl a sportszervez\u0151kkel fenntartott partners\u00e9g a La Vuelta, P\u00e1rizs-Nizza, Crit\u00e9rium du Dauphin\u00e9, P\u00e1rizs-Roubaix, La Fl\u00e8che Wallonne, Li\u00e8ge-Bastogne-Li\u00e8ge \u00e9s L&#8217;Etape du Tour versenyekre is kiterjed. A \u0160koda \u2013 sz\u00e9les\u00edtve t\u00e1mogat\u00e1sai k\u00f6r\u00e9t \u2013 a P\u00e1rizs-Tours \u00e9s a Volta Catalunya bicikliversenyekre is odafigyel. A Tour de France, a La Vuelta, a P\u00e1rizs-Nizza \u00e9s a Crit\u00e9rium du Dauphin\u00e9 legmagasabb pontsz\u00e1mmal rendelkez\u0151 versenyz\u0151inek j\u00e1r\u00f3 z\u00f6ld trik\u00f3j\u00e1t is a \u0160koda biztos\u00edtja.<\/p>\n<p>A 2018. \u00e9vi Tour de France alkalm\u00e1b\u00f3l kb. 12 milli\u00f3 rajong\u00f3 l\u00e1togatott el a helysz\u00ednekre, \u00e9s vil\u00e1gszerte t\u00f6bb mint 190 orsz\u00e1gban, kb. 1,4 milli\u00e1rd ember k\u00f6vette az esem\u00e9nyt a telev\u00edzi\u00f3ban. Ennek k\u00f6sz\u00f6nhet\u0151en a Tour de France a vil\u00e1g harmadik legnagyobb sportesem\u00e9ny\u00e9v\u00e9 v\u00e1lt. Az esem\u00e9ny a \u0160koda AUTO seg\u00edts\u00e9g\u00e9vel \u00fczemeltetett alkalmaz\u00e1s\u00e1t mintegy 1,5 milli\u00f3 eszk\u00f6zre t\u00f6lt\u00f6tt\u00e9k le 2018-ban.<\/p>\n<p>A \u0160koda partners\u00e9gi v\u00e1llal\u00e1sainak fontos r\u00e9sze, hogy a Tour de France hivatalos g\u00e9pj\u00e1rm\u0171-partnere is az aut\u00f3gy\u00e1rt\u00f3. A \u0160koda ebben is kezdett\u0151l fogva kiemelkedik, mert maxim\u00e1lis megb\u00edzhat\u00f3s\u00e1got tud ny\u00fajtani. A cseh gy\u00e1rt\u00f3 szint\u00e9n biztos\u00edt j\u00e1rm\u0171veket az egyes csapatok, valamint a verseny b\u00edr\u00f3i \u00e9s szervez\u0151i r\u00e9sz\u00e9re. P\u00e9ld\u00e1ul egy \u0160koda SUPERB a \u201epiros aut\u00f3\u201d, az ir\u00e1ny\u00edt\u00f3k\u00f6zpont, amelyb\u0151l egy h\u00e1trah\u00fazhat\u00f3 \u00fcvegtet\u0151n kiemelkedve, Christian Prudhomme versenyigazgat\u00f3 az egyes szakaszok el\u0151tt szervezheti a mez\u0151ny halad\u00e1s\u00e1t.<\/p>\n<p>A \u0160koda nagy m\u00e9ret\u0171 rekl\u00e1mt\u00e1bl\u00e1kkal is jelen van az esem\u00e9nyen, melynek sz\u00e1mos k\u00fcl\u00f6nb\u00f6z\u0151 csatorn\u00e1n viszi h\u00edr\u00e9t a vil\u00e1gban. A 2019. \u00e9vi Tour de France alkalm\u00e1b\u00f3l a \u0160koda AUTO \u00faj marketingkamp\u00e1nyt ind\u00edt, amit a telev\u00edzi\u00f3ban \u00e9s a k\u00f6z\u00f6ss\u00e9gi weboldalakon lehet majd k\u00f6vetni.<\/p>\n<p>Az alap\u00edt\u00f3 aty\u00e1k, Laurin \u00e9s Klement 1895-ben, Mlada Boleslavban rakt\u00e1k le a \u0160koda AUTO sikert\u00f6rt\u00e9net\u00e9nek alapk\u00f6v\u00e9t, amikor ker\u00e9kp\u00e1rgy\u00e1rt\u00f3 \u00fczemet alap\u00edtottak. A cseh aut\u00f3gy\u00e1rt\u00f3 ker\u00e9kp\u00e1roz\u00e1s (\u00e9s j\u00e9gkorong) ir\u00e1nti elk\u00f6telezetts\u00e9ge az\u00f3ta is a szponzor\u00e1ci\u00f3s strat\u00e9gia egyik sarokk\u00f6ve.<\/p>\n<p>A \u0160koda szoros egy\u00fcttm\u0171k\u00f6d\u00e9se a ker\u00e9kp\u00e1ros vil\u00e1ggal j\u00f3val t\u00f6bb, mint puszta szponzor\u00e1ci\u00f3: a \u0160koda saj\u00e1t ker\u00e9kp\u00e1ros weboldalt is \u00fczemeltet, ez a WeLoveCycling.com, ezenk\u00edv\u00fcl a ker\u00e9kp\u00e1rok \u00e9s ker\u00e9kp\u00e1ros kieg\u00e9sz\u00edt\u0151k m\u00e1r sok \u00e9ve r\u00e9sz\u00e9t k\u00e9pezik a \u0160koda kib\u0151v\u00edtett term\u00e9ksk\u00e1l\u00e1j\u00e1nak.<\/p>\n","protected":false},"excerpt":{"rendered":"<p>\u203a A \u0160koda AUTO \u00e9s a Tour de France szervez\u0151je, az A.S.O. 2023-ig meghosszabb\u00edtj\u00e1k a partneri egy\u00fcttm\u0171k\u00f6d\u00e9s\u00fcket \u203a A cseh [&hellip;]<\/p>\n","protected":false},"author":71,"featured_media":2904,"comment_status":"open","ping_status":"open","sticky":false,"template":"","format":"standard","meta":{"footnotes":""},"categories":[468,96],"tags":[346,94,79],"global-categories":[],"class_list":["post-2905","post","type-post","status-publish","format-standard","has-post-thumbnail","hentry","category-skoda","category-tour-de-france","tag-partnerseg","tag-skoda","tag-tour-de-france"],"yoast_head":"<!-- This site is optimized with the Yoast SEO Premium plugin v25.3 (Yoast SEO v25.9) - https:\/\/yoast.com\/wordpress\/plugins\/seo\/ -->\n<title>A \u0160koda 2023-ig meghosszabb\u00edtotta a szponzori meg\u00e1llapod\u00e1s\u00e1t a Tour de France szervez\u0151j\u00e9vel, az A.S.O-val - \u0160koda We Love Cycling - Magyarorsz\u00e1g<\/title>\n<meta name=\"robots\" content=\"index, follow, max-snippet:-1, max-image-preview:large, max-video-preview:-1\" \/>\n<link rel=\"canonical\" href=\"https:\/\/www.welovecycling.com\/hu\/tour-de-france\/a-skoda-2023-ig-meghosszabbitotta-a-szponzori-megallapodasat-a-tour-de-france-szervezojevel-az-a-s-o-val\/\" \/>\n<meta property=\"og:locale\" content=\"hu_HU\" \/>\n<meta property=\"og:type\" content=\"article\" \/>\n<meta property=\"og:title\" content=\"A \u0160koda 2023-ig meghosszabb\u00edtotta a szponzori meg\u00e1llapod\u00e1s\u00e1t a Tour de France szervez\u0151j\u00e9vel, az A.S.O-val\" \/>\n<meta property=\"og:description\" content=\"\u203a A \u0160koda AUTO \u00e9s a Tour de France szervez\u0151je, az A.S.O. 2023-ig meghosszabb\u00edtj\u00e1k a partneri egy\u00fcttm\u0171k\u00f6d\u00e9s\u00fcket \u203a A cseh [&hellip;]\" \/>\n<meta property=\"og:url\" content=\"https:\/\/www.welovecycling.com\/hu\/tour-de-france\/a-skoda-2023-ig-meghosszabbitotta-a-szponzori-megallapodasat-a-tour-de-france-szervezojevel-az-a-s-o-val\/\" \/>\n<meta property=\"og:site_name\" content=\"\u0160koda We Love Cycling - Magyarorsz\u00e1g\" \/>\n<meta property=\"article:publisher\" content=\"https:\/\/www.facebook.com\/WeLoveCyclingHungary\/\" \/>\n<meta property=\"article:published_time\" content=\"2019-03-12T13:57:22+00:00\" \/>\n<meta property=\"article:modified_time\" content=\"2022-02-09T07:49:44+00:00\" \/>\n<meta property=\"og:image\" content=\"https:\/\/d2p6e6u75xmxt8.cloudfront.net\/12\/2019\/03\/150623-new-skoda-superb-is-red-car-in-tour-de-france-2015-1.jpg\" \/>\n\t<meta property=\"og:image:width\" content=\"1235\" \/>\n\t<meta property=\"og:image:height\" content=\"289\" \/>\n\t<meta property=\"og:image:type\" content=\"image\/jpeg\" \/>\n<meta name=\"author\" content=\"hegyizs\" \/>\n<meta name=\"twitter:card\" content=\"summary_large_image\" \/>\n<meta name=\"twitter:label1\" content=\"Written by\" \/>\n\t<meta name=\"twitter:data1\" content=\"hegyizs\" \/>\n\t<meta name=\"twitter:label2\" content=\"Est. reading time\" \/>\n\t<meta name=\"twitter:data2\" content=\"4 minutes\" \/>\n<script type=\"application\/ld+json\" class=\"yoast-schema-graph\">{\"@context\":\"https:\/\/schema.org\",\"@graph\":[{\"@type\":\"WebPage\",\"@id\":\"https:\/\/www.welovecycling.com\/hu\/tour-de-france\/a-skoda-2023-ig-meghosszabbitotta-a-szponzori-megallapodasat-a-tour-de-france-szervezojevel-az-a-s-o-val\/\",\"url\":\"https:\/\/www.welovecycling.com\/hu\/tour-de-france\/a-skoda-2023-ig-meghosszabbitotta-a-szponzori-megallapodasat-a-tour-de-france-szervezojevel-az-a-s-o-val\/\",\"name\":\"A \u0160koda 2023-ig meghosszabb\u00edtotta a szponzori meg\u00e1llapod\u00e1s\u00e1t a Tour de France szervez\u0151j\u00e9vel, az A.S.O-val - \u0160koda We Love Cycling - Magyarorsz\u00e1g\",\"isPartOf\":{\"@id\":\"https:\/\/www.welovecycling.com\/hu\/#website\"},\"primaryImageOfPage\":{\"@id\":\"https:\/\/www.welovecycling.com\/hu\/tour-de-france\/a-skoda-2023-ig-meghosszabbitotta-a-szponzori-megallapodasat-a-tour-de-france-szervezojevel-az-a-s-o-val\/#primaryimage\"},\"image\":{\"@id\":\"https:\/\/www.welovecycling.com\/hu\/tour-de-france\/a-skoda-2023-ig-meghosszabbitotta-a-szponzori-megallapodasat-a-tour-de-france-szervezojevel-az-a-s-o-val\/#primaryimage\"},\"thumbnailUrl\":\"https:\/\/d2p6e6u75xmxt8.cloudfront.net\/12\/2019\/03\/150623-new-skoda-superb-is-red-car-in-tour-de-france-2015-1.jpg\",\"datePublished\":\"2019-03-12T13:57:22+00:00\",\"dateModified\":\"2022-02-09T07:49:44+00:00\",\"author\":{\"@id\":\"https:\/\/www.welovecycling.com\/hu\/#\/schema\/person\/414a2aebf1801691a5320edb6468e194\"},\"breadcrumb\":{\"@id\":\"https:\/\/www.welovecycling.com\/hu\/tour-de-france\/a-skoda-2023-ig-meghosszabbitotta-a-szponzori-megallapodasat-a-tour-de-france-szervezojevel-az-a-s-o-val\/#breadcrumb\"},\"inLanguage\":\"hu\",\"potentialAction\":[{\"@type\":\"ReadAction\",\"target\":[\"https:\/\/www.welovecycling.com\/hu\/tour-de-france\/a-skoda-2023-ig-meghosszabbitotta-a-szponzori-megallapodasat-a-tour-de-france-szervezojevel-az-a-s-o-val\/\"]}]},{\"@type\":\"ImageObject\",\"inLanguage\":\"hu\",\"@id\":\"https:\/\/www.welovecycling.com\/hu\/tour-de-france\/a-skoda-2023-ig-meghosszabbitotta-a-szponzori-megallapodasat-a-tour-de-france-szervezojevel-az-a-s-o-val\/#primaryimage\",\"url\":\"https:\/\/d2p6e6u75xmxt8.cloudfront.net\/12\/2019\/03\/150623-new-skoda-superb-is-red-car-in-tour-de-france-2015-1.jpg\",\"contentUrl\":\"https:\/\/d2p6e6u75xmxt8.cloudfront.net\/12\/2019\/03\/150623-new-skoda-superb-is-red-car-in-tour-de-france-2015-1.jpg\",\"width\":1235,\"height\":289},{\"@type\":\"BreadcrumbList\",\"@id\":\"https:\/\/www.welovecycling.com\/hu\/tour-de-france\/a-skoda-2023-ig-meghosszabbitotta-a-szponzori-megallapodasat-a-tour-de-france-szervezojevel-az-a-s-o-val\/#breadcrumb\",\"itemListElement\":[{\"@type\":\"ListItem\",\"position\":1,\"name\":\"Home\",\"item\":\"https:\/\/www.welovecycling.com\/hu\/\"},{\"@type\":\"ListItem\",\"position\":2,\"name\":\"A \u0160koda 2023-ig meghosszabb\u00edtotta a szponzori meg\u00e1llapod\u00e1s\u00e1t a Tour de France szervez\u0151j\u00e9vel, az A.S.O-val\"}]},{\"@type\":\"WebSite\",\"@id\":\"https:\/\/www.welovecycling.com\/hu\/#website\",\"url\":\"https:\/\/www.welovecycling.com\/hu\/\",\"name\":\"\u0160koda We Love Cycling - Magyarorsz\u00e1g\",\"description\":\"\u0160koda WeLoveCycling\",\"potentialAction\":[{\"@type\":\"SearchAction\",\"target\":{\"@type\":\"EntryPoint\",\"urlTemplate\":\"https:\/\/www.welovecycling.com\/hu\/?s={search_term_string}\"},\"query-input\":{\"@type\":\"PropertyValueSpecification\",\"valueRequired\":true,\"valueName\":\"search_term_string\"}}],\"inLanguage\":\"hu\"},{\"@type\":\"Person\",\"@id\":\"https:\/\/www.welovecycling.com\/hu\/#\/schema\/person\/414a2aebf1801691a5320edb6468e194\",\"name\":\"hegyizs\",\"image\":{\"@type\":\"ImageObject\",\"inLanguage\":\"hu\",\"@id\":\"https:\/\/www.welovecycling.com\/hu\/#\/schema\/person\/image\/\",\"url\":\"https:\/\/secure.gravatar.com\/avatar\/02cf8a7906b8cf90cecb4679defac7cfd33a1c2e3b88e4903d947f3bb58eedd3?s=96&d=mm&r=g\",\"contentUrl\":\"https:\/\/secure.gravatar.com\/avatar\/02cf8a7906b8cf90cecb4679defac7cfd33a1c2e3b88e4903d947f3bb58eedd3?s=96&d=mm&r=g\",\"caption\":\"hegyizs\"},\"url\":\"https:\/\/www.welovecycling.com\/hu\/author\/hegyizs\/\"}]}<\/script>\n<!-- \/ Yoast SEO Premium plugin. -->","yoast_head_json":{"title":"A \u0160koda 2023-ig meghosszabb\u00edtotta a szponzori meg\u00e1llapod\u00e1s\u00e1t a Tour de France szervez\u0151j\u00e9vel, az A.S.O-val - \u0160koda We Love Cycling - Magyarorsz\u00e1g","robots":{"index":"index","follow":"follow","max-snippet":"max-snippet:-1","max-image-preview":"max-image-preview:large","max-video-preview":"max-video-preview:-1"},"canonical":"https:\/\/www.welovecycling.com\/hu\/tour-de-france\/a-skoda-2023-ig-meghosszabbitotta-a-szponzori-megallapodasat-a-tour-de-france-szervezojevel-az-a-s-o-val\/","og_locale":"hu_HU","og_type":"article","og_title":"A \u0160koda 2023-ig meghosszabb\u00edtotta a szponzori meg\u00e1llapod\u00e1s\u00e1t a Tour de France szervez\u0151j\u00e9vel, az A.S.O-val","og_description":"\u203a A \u0160koda AUTO \u00e9s a Tour de France szervez\u0151je, az A.S.O. 2023-ig meghosszabb\u00edtj\u00e1k a partneri egy\u00fcttm\u0171k\u00f6d\u00e9s\u00fcket \u203a A cseh [&hellip;]","og_url":"https:\/\/www.welovecycling.com\/hu\/tour-de-france\/a-skoda-2023-ig-meghosszabbitotta-a-szponzori-megallapodasat-a-tour-de-france-szervezojevel-az-a-s-o-val\/","og_site_name":"\u0160koda We Love Cycling - Magyarorsz\u00e1g","article_publisher":"https:\/\/www.facebook.com\/WeLoveCyclingHungary\/","article_published_time":"2019-03-12T13:57:22+00:00","article_modified_time":"2022-02-09T07:49:44+00:00","og_image":[{"width":1235,"height":289,"url":"https:\/\/d2p6e6u75xmxt8.cloudfront.net\/12\/2019\/03\/150623-new-skoda-superb-is-red-car-in-tour-de-france-2015-1.jpg","type":"image\/jpeg"}],"author":"hegyizs","twitter_card":"summary_large_image","twitter_misc":{"Written by":"hegyizs","Est. reading time":"4 minutes"},"schema":{"@context":"https:\/\/schema.org","@graph":[{"@type":"WebPage","@id":"https:\/\/www.welovecycling.com\/hu\/tour-de-france\/a-skoda-2023-ig-meghosszabbitotta-a-szponzori-megallapodasat-a-tour-de-france-szervezojevel-az-a-s-o-val\/","url":"https:\/\/www.welovecycling.com\/hu\/tour-de-france\/a-skoda-2023-ig-meghosszabbitotta-a-szponzori-megallapodasat-a-tour-de-france-szervezojevel-az-a-s-o-val\/","name":"A \u0160koda 2023-ig meghosszabb\u00edtotta a szponzori meg\u00e1llapod\u00e1s\u00e1t a Tour de France szervez\u0151j\u00e9vel, az A.S.O-val - \u0160koda We Love Cycling - Magyarorsz\u00e1g","isPartOf":{"@id":"https:\/\/www.welovecycling.com\/hu\/#website"},"primaryImageOfPage":{"@id":"https:\/\/www.welovecycling.com\/hu\/tour-de-france\/a-skoda-2023-ig-meghosszabbitotta-a-szponzori-megallapodasat-a-tour-de-france-szervezojevel-az-a-s-o-val\/#primaryimage"},"image":{"@id":"https:\/\/www.welovecycling.com\/hu\/tour-de-france\/a-skoda-2023-ig-meghosszabbitotta-a-szponzori-megallapodasat-a-tour-de-france-szervezojevel-az-a-s-o-val\/#primaryimage"},"thumbnailUrl":"https:\/\/d2p6e6u75xmxt8.cloudfront.net\/12\/2019\/03\/150623-new-skoda-superb-is-red-car-in-tour-de-france-2015-1.jpg","datePublished":"2019-03-12T13:57:22+00:00","dateModified":"2022-02-09T07:49:44+00:00","author":{"@id":"https:\/\/www.welovecycling.com\/hu\/#\/schema\/person\/414a2aebf1801691a5320edb6468e194"},"breadcrumb":{"@id":"https:\/\/www.welovecycling.com\/hu\/tour-de-france\/a-skoda-2023-ig-meghosszabbitotta-a-szponzori-megallapodasat-a-tour-de-france-szervezojevel-az-a-s-o-val\/#breadcrumb"},"inLanguage":"hu","potentialAction":[{"@type":"ReadAction","target":["https:\/\/www.welovecycling.com\/hu\/tour-de-france\/a-skoda-2023-ig-meghosszabbitotta-a-szponzori-megallapodasat-a-tour-de-france-szervezojevel-az-a-s-o-val\/"]}]},{"@type":"ImageObject","inLanguage":"hu","@id":"https:\/\/www.welovecycling.com\/hu\/tour-de-france\/a-skoda-2023-ig-meghosszabbitotta-a-szponzori-megallapodasat-a-tour-de-france-szervezojevel-az-a-s-o-val\/#primaryimage","url":"https:\/\/d2p6e6u75xmxt8.cloudfront.net\/12\/2019\/03\/150623-new-skoda-superb-is-red-car-in-tour-de-france-2015-1.jpg","contentUrl":"https:\/\/d2p6e6u75xmxt8.cloudfront.net\/12\/2019\/03\/150623-new-skoda-superb-is-red-car-in-tour-de-france-2015-1.jpg","width":1235,"height":289},{"@type":"BreadcrumbList","@id":"https:\/\/www.welovecycling.com\/hu\/tour-de-france\/a-skoda-2023-ig-meghosszabbitotta-a-szponzori-megallapodasat-a-tour-de-france-szervezojevel-az-a-s-o-val\/#breadcrumb","itemListElement":[{"@type":"ListItem","position":1,"name":"Home","item":"https:\/\/www.welovecycling.com\/hu\/"},{"@type":"ListItem","position":2,"name":"A \u0160koda 2023-ig meghosszabb\u00edtotta a szponzori meg\u00e1llapod\u00e1s\u00e1t a Tour de France szervez\u0151j\u00e9vel, az A.S.O-val"}]},{"@type":"WebSite","@id":"https:\/\/www.welovecycling.com\/hu\/#website","url":"https:\/\/www.welovecycling.com\/hu\/","name":"\u0160koda We Love Cycling - Magyarorsz\u00e1g","description":"\u0160koda WeLoveCycling","potentialAction":[{"@type":"SearchAction","target":{"@type":"EntryPoint","urlTemplate":"https:\/\/www.welovecycling.com\/hu\/?s={search_term_string}"},"query-input":{"@type":"PropertyValueSpecification","valueRequired":true,"valueName":"search_term_string"}}],"inLanguage":"hu"},{"@type":"Person","@id":"https:\/\/www.welovecycling.com\/hu\/#\/schema\/person\/414a2aebf1801691a5320edb6468e194","name":"hegyizs","image":{"@type":"ImageObject","inLanguage":"hu","@id":"https:\/\/www.welovecycling.com\/hu\/#\/schema\/person\/image\/","url":"https:\/\/secure.gravatar.com\/avatar\/02cf8a7906b8cf90cecb4679defac7cfd33a1c2e3b88e4903d947f3bb58eedd3?s=96&d=mm&r=g","contentUrl":"https:\/\/secure.gravatar.com\/avatar\/02cf8a7906b8cf90cecb4679defac7cfd33a1c2e3b88e4903d947f3bb58eedd3?s=96&d=mm&r=g","caption":"hegyizs"},"url":"https:\/\/www.welovecycling.com\/hu\/author\/hegyizs\/"}]}},"_links":{"self":[{"href":"https:\/\/www.welovecycling.com\/hu\/wp-json\/wp\/v2\/posts\/2905","targetHints":{"allow":["GET"]}}],"collection":[{"href":"https:\/\/www.welovecycling.com\/hu\/wp-json\/wp\/v2\/posts"}],"about":[{"href":"https:\/\/www.welovecycling.com\/hu\/wp-json\/wp\/v2\/types\/post"}],"author":[{"embeddable":true,"href":"https:\/\/www.welovecycling.com\/hu\/wp-json\/wp\/v2\/users\/71"}],"replies":[{"embeddable":true,"href":"https:\/\/www.welovecycling.com\/hu\/wp-json\/wp\/v2\/comments?post=2905"}],"version-history":[{"count":1,"href":"https:\/\/www.welovecycling.com\/hu\/wp-json\/wp\/v2\/posts\/2905\/revisions"}],"predecessor-version":[{"id":2907,"href":"https:\/\/www.welovecycling.com\/hu\/wp-json\/wp\/v2\/posts\/2905\/revisions\/2907"}],"wp:featuredmedia":[{"embeddable":true,"href":"https:\/\/www.welovecycling.com\/hu\/wp-json\/wp\/v2\/media\/2904"}],"wp:attachment":[{"href":"https:\/\/www.welovecycling.com\/hu\/wp-json\/wp\/v2\/media?parent=2905"}],"wp:term":[{"taxonomy":"category","embeddable":true,"href":"https:\/\/www.welovecycling.com\/hu\/wp-json\/wp\/v2\/categories?post=2905"},{"taxonomy":"post_tag","embeddable":true,"href":"https:\/\/www.welovecycling.com\/hu\/wp-json\/wp\/v2\/tags?post=2905"},{"taxonomy":"global-categories","embeddable":true,"href":"https:\/\/www.welovecycling.com\/hu\/wp-json\/wp\/v2\/global-categories?post=2905"}],"curies":[{"name":"wp","href":"https:\/\/api.w.org\/{rel}","templated":true}]}}